{"id":22087,"date":"2023-09-29T10:11:05","date_gmt":"2023-09-29T08:11:05","guid":{"rendered":"https:\/\/news.save.ch\/?p=22087"},"modified":"2023-09-29T10:11:05","modified_gmt":"2023-09-29T08:11:05","slug":"zurueck-in-alter-groesse-inklusive-sicherheitsbranche","status":null,"type":"post","link":"https:\/\/news.save.ch\/de\/zurueck-in-alter-groesse-inklusive-sicherheitsbranche\/","title":{"rendered":"Zur\u00fcck in alter Gr\u00f6sse \u2013 inklusive Sicherheitsbranche"},"content":{"rendered":"<figure id=\"attachment_22088\" aria-describedby=\"caption-attachment-22088\" style=\"width: 680px\" class=\"wp-caption aligncenter\"><img loading=\"lazy\" decoding=\"async\" class=\"size-medium wp-image-22088\" src=\"https:\/\/news.save.ch\/wp-content\/uploads\/2023\/09\/IMG_1922-680x453.jpg\" alt=\"Messe\" width=\"680\" height=\"453\" srcset=\"https:\/\/news.save.ch\/wp-content\/uploads\/2023\/09\/IMG_1922-680x453.jpg 680w, https:\/\/news.save.ch\/wp-content\/uploads\/2023\/09\/IMG_1922-1024x683.jpg 1024w, https:\/\/news.save.ch\/wp-content\/uploads\/2023\/09\/IMG_1922-768x512.jpg 768w, https:\/\/news.save.ch\/wp-content\/uploads\/2023\/09\/IMG_1922-1536x1024.jpg 1536w, https:\/\/news.save.ch\/wp-content\/uploads\/2023\/09\/IMG_1922-2048x1365.jpg 2048w, https:\/\/news.save.ch\/wp-content\/uploads\/2023\/09\/IMG_1922-18x12.jpg 18w, https:\/\/news.save.ch\/wp-content\/uploads\/2023\/09\/IMG_1922-375x250.jpg 375w, https:\/\/news.save.ch\/wp-content\/uploads\/2023\/09\/IMG_1922-525x350.jpg 525w, https:\/\/news.save.ch\/wp-content\/uploads\/2023\/09\/IMG_1922-1000x667.jpg 1000w, https:\/\/news.save.ch\/wp-content\/uploads\/2023\/09\/IMG_1922-scaled.jpg 1200w\" sizes=\"auto, (max-width: 680px) 100vw, 680px\" \/><figcaption id=\"caption-attachment-22088\" class=\"wp-caption-text\">Foto: R. Str\u00e4ssle<\/figcaption><\/figure>\n<p>Die Swissbau soll wieder das werden, was sie vor der Pandemie war: ein Grossanlass, der die gesamte Wertsch\u00f6pfung der Baubranche und ihrer Zulieferer abbildet. Bei der Durchf\u00fchrung der Spezialausgabe Swissbau Compac im Mai 2022 wisse man nicht genau, ob dieses Kleinformat mehr geschadet als gen\u00fctzt habe, zog Kommunikationsleiterin Claudia Ries an der Medienkonferenz k\u00fcrzlich Bilanz. Sie versprach, dass an der viert\u00e4gigen Messe vom 16. bis 19. Januar 2024 ein Vollprogramm geboten werde \u2013 und rechnet mit rund 500 Ausstellern. Mit dabei ist auch die Sicherheitsbranche. Sie wird in der Halle 1 S\u00fcd im ersten Obergeschoss anzutreffen sein, zusammen mit Ausstellern der Branchen Elektrotechnik und Geb\u00e4udeautomation.<\/p>\n<h3>Interdisziplin\u00e4re Treffpunkte<\/h3>\n<p>Das Swissbau-Motto 2024 lautet: \u00abDen Wandel gemeinsam gestalten\u00bb. Die Schweizer Bau- und Immobilienwirtschaft sieht sich denn auch mit diversen Ver\u00e4nderungen konfrontiert. Digitalisierung, Energie, Nachhaltigkeit, Material und Zusammenarbeit heissen die Stichworte dazu. Er\u00f6ffnet wird die Messe von Bundesrat Albert R\u00f6sti sowie Bauenschweiz, dem Dachverband der Schweizer Bauwirtschaft.<\/p>\n<p>Nebst der klassischen Pr\u00e4sentation von Neuheiten und L\u00f6sungen bietet die Swissbau zwei interdisziplin\u00e4re Treffpunkte mit Swissbau Focus und Lab. Im Zentrum stehe die Wissensvermittlung, wobei \u00abDiskutieren\u00bb, sprich Focus, und \u00abAusprobieren\u00bb, sprich Lab, die Eckpfeiler darstellen w\u00fcrden, so Rudolf Pfander von der Swissbau. Die zwei Plattformen beleuchten Themen wie Klima, Energie, Kreislaufwirtschaft, Material, Kollaboration und Gesellschaft.<br \/>\nLeading Partner der Swissbau sind Bauen digital Schweiz\u2009\/\u2009building\u00acSMART Switzerland und der SIA, Schweizerischer Ingenieur- und Architektenverein.<\/p>\n<h3>Sicherheitskongress<\/h3>\n<p>Bereits seit ein paar Jahren findet der von der Tagungsfirma Save\u2009AG organisierte Sicherheitskongress parallel zur Messe statt. Im Congress Center Basel werden rund 30 Referenten in 5 Halbtagesmodulen ihr Wissen zu Sicherheit, Brandschutz und Arbeitssicherheit pr\u00e4sentieren. Die einzelnen Themenbl\u00f6cke der Halbtagesmodule lauten wie folgt:<\/p>\n<ul>\n<li>Geb\u00e4ude gut designt und sicher! (16.01.)<\/li>\n<li>Bedrohungen und neue Sicherheitstechnologien (17.01.)<\/li>\n<li>Neue Energietechnologien und Brandschutz! (17.01.)<\/li>\n<li>Trends in der Geb\u00e4udesicherheit (18.01.)<\/li>\n<li>Arbeitssicherheit im laufenden Betrieb (18.01.)<\/li>\n<\/ul>\n<p><em>Weitere Informationen zur <a href=\"http:\/\/www.swissbau.ch\" target=\"_blank\" rel=\"noopener\">Messe <\/a>und zum <a href=\"https:\/\/save.ch\/event\/sicherheitskongress-01-2024\/\" target=\"_blank\" rel=\"noopener\">Sicherheitskongress<\/a><\/em><\/p>\n<p>&nbsp;<\/p>\n","protected":false},"excerpt":{"rendered":"<p>Die Swissbau soll wieder das werden, was sie vor der Pandemie war: ein Grossanlass, der die gesamte Wertsch\u00f6pfung der Baubranche und ihrer Zulieferer abbildet. Bei der Durchf\u00fchrung der Spezialausgabe Swissbau Compac im Mai 2022 wisse man nicht genau, ob dieses Kleinformat mehr geschadet als gen\u00fctzt habe, zog Kommunikationsleiterin Claudia Ries an der Medienkonferenz k\u00fcrzlich Bilanz. [&hellip;]<\/p>\n","protected":false},"author":8,"featured_media":22088,"comment_status":"closed","ping_status":"closed","sticky":false,"template":"","format":"standard","meta":{"_acf_changed":false,"pgc_sgb_lightbox_settings":"","footnotes":""},"categories":[3312],"tags":[278],"class_list":["post-22087","post","type-post","status-publish","format-standard","has-post-thumbnail","hentry","category-sicherheit","tag-fachkongress-fachmesse"],"acf":[],"hkrextid":null,"publication":null,"issue":null,"workflow":null,"startPage":null,"spitzmarke":null,"_posts_by_tag_page_fields":null,"_at_widget":null,"_yoast_wpseo_primary_category":"3312","_yoast_wpseo_focuskw_text_input":null,"_yoast_wpseo_opengraph-image":null,"_yoast_wpseo_opengraph-description":null,"_yoast_wpseo_opengraph-title":null,"enclosure":null,"_yoast_wpseo_twitter-title":null,"_yoast_wpseo_twitter-description":null,"_yoast_wpseo_twitter-image":null,"_wp_old_slug":null,"_yoast_wpseo_title":null,"_yoast_wpseo_canonical":null,"yoast_head":"<!-- This site is optimized with the Yoast SEO plugin v27.5 - https:\/\/yoast.com\/product\/yoast-seo-wordpress\/ -->\n<title>Zur\u00fcck in alter Gr\u00f6sse \u2013 inklusive Sicherheitsbranche - Save<\/title>\n<meta name=\"description\" content=\"Die Swissbau findet vom 16. bis 19. Januar 2024 in Basel statt. Parallel dazu wird der Sicherheitskongress durchgef\u00fchrt.\" \/>\n<meta name=\"robots\" content=\"index, follow, max-snippet:-1, max-image-preview:large, max-video-preview:-1\" \/>\n<link rel=\"canonical\" href=\"https:\/\/news.save.ch\/de\/zurueck-in-alter-groesse-inklusive-sicherheitsbranche\/\" \/>\n<meta property=\"og:locale\" content=\"de_DE\" \/>\n<meta property=\"og:type\" content=\"article\" \/>\n<meta property=\"og:title\" content=\"Zur\u00fcck in alter Gr\u00f6sse \u2013 inklusive Sicherheitsbranche - Save\" \/>\n<meta property=\"og:description\" content=\"Die Swissbau findet vom 16. bis 19. Januar 2024 in Basel statt. Parallel dazu wird der Sicherheitskongress durchgef\u00fchrt.\" \/>\n<meta property=\"og:url\" content=\"https:\/\/news.save.ch\/de\/zurueck-in-alter-groesse-inklusive-sicherheitsbranche\/\" \/>\n<meta property=\"og:site_name\" content=\"Save\" \/>\n<meta property=\"article:published_time\" content=\"2023-09-29T08:11:05+00:00\" \/>\n<meta property=\"og:image\" content=\"https:\/\/news.save.ch\/wp-content\/uploads\/2023\/09\/IMG_1922-scaled.jpg\" \/>\n\t<meta property=\"og:image:width\" content=\"1200\" \/>\n\t<meta property=\"og:image:height\" content=\"800\" \/>\n\t<meta property=\"og:image:type\" content=\"image\/jpeg\" \/>\n<meta name=\"author\" content=\"Roger Str\u00e4ssle\" \/>\n<meta name=\"twitter:card\" content=\"summary_large_image\" \/>\n<meta name=\"twitter:label1\" content=\"Geschrieben von\" \/>\n\t<meta name=\"twitter:data1\" content=\"Roger Str\u00e4ssle\" \/>\n\t<meta name=\"twitter:label2\" content=\"Gesch\u00e4tzte Lesezeit\" \/>\n\t<meta name=\"twitter:data2\" content=\"2\u00a0Minuten\" \/>\n<script type=\"application\/ld+json\" class=\"yoast-schema-graph\">{\"@context\":\"https:\\\/\\\/schema.org\",\"@graph\":[{\"@type\":\"Article\",\"@id\":\"https:\\\/\\\/news.save.ch\\\/zurueck-in-alter-groesse-inklusive-sicherheitsbranche\\\/#article\",\"isPartOf\":{\"@id\":\"https:\\\/\\\/news.save.ch\\\/zurueck-in-alter-groesse-inklusive-sicherheitsbranche\\\/\"},\"author\":{\"name\":\"Roger Str\u00e4ssle\",\"@id\":\"https:\\\/\\\/news.save.ch\\\/de\\\/#\\\/schema\\\/person\\\/d5022db048e0e2b9785c50e5b24da5aa\"},\"headline\":\"Zur\u00fcck in alter Gr\u00f6sse \u2013 inklusive Sicherheitsbranche\",\"datePublished\":\"2023-09-29T08:11:05+00:00\",\"mainEntityOfPage\":{\"@id\":\"https:\\\/\\\/news.save.ch\\\/zurueck-in-alter-groesse-inklusive-sicherheitsbranche\\\/\"},\"wordCount\":329,\"publisher\":{\"@id\":\"https:\\\/\\\/news.save.ch\\\/de\\\/#organization\"},\"image\":{\"@id\":\"https:\\\/\\\/news.save.ch\\\/zurueck-in-alter-groesse-inklusive-sicherheitsbranche\\\/#primaryimage\"},\"thumbnailUrl\":\"https:\\\/\\\/news.save.ch\\\/wp-content\\\/uploads\\\/2023\\\/09\\\/IMG_1922-scaled.jpg\",\"keywords\":[\"Fachkongress \\\/ Fachmesse\"],\"articleSection\":[\"SICHERHEIT\"],\"inLanguage\":\"de\"},{\"@type\":\"WebPage\",\"@id\":\"https:\\\/\\\/news.save.ch\\\/zurueck-in-alter-groesse-inklusive-sicherheitsbranche\\\/\",\"url\":\"https:\\\/\\\/news.save.ch\\\/zurueck-in-alter-groesse-inklusive-sicherheitsbranche\\\/\",\"name\":\"Zur\u00fcck in alter Gr\u00f6sse \u2013 inklusive Sicherheitsbranche - Save\",\"isPartOf\":{\"@id\":\"https:\\\/\\\/news.save.ch\\\/de\\\/#website\"},\"primaryImageOfPage\":{\"@id\":\"https:\\\/\\\/news.save.ch\\\/zurueck-in-alter-groesse-inklusive-sicherheitsbranche\\\/#primaryimage\"},\"image\":{\"@id\":\"https:\\\/\\\/news.save.ch\\\/zurueck-in-alter-groesse-inklusive-sicherheitsbranche\\\/#primaryimage\"},\"thumbnailUrl\":\"https:\\\/\\\/news.save.ch\\\/wp-content\\\/uploads\\\/2023\\\/09\\\/IMG_1922-scaled.jpg\",\"datePublished\":\"2023-09-29T08:11:05+00:00\",\"description\":\"Die Swissbau findet vom 16. bis 19. Januar 2024 in Basel statt. Parallel dazu wird der Sicherheitskongress durchgef\u00fchrt.\",\"breadcrumb\":{\"@id\":\"https:\\\/\\\/news.save.ch\\\/zurueck-in-alter-groesse-inklusive-sicherheitsbranche\\\/#breadcrumb\"},\"inLanguage\":\"de\",\"potentialAction\":[{\"@type\":\"ReadAction\",\"target\":[\"https:\\\/\\\/news.save.ch\\\/zurueck-in-alter-groesse-inklusive-sicherheitsbranche\\\/\"]}]},{\"@type\":\"ImageObject\",\"inLanguage\":\"de\",\"@id\":\"https:\\\/\\\/news.save.ch\\\/zurueck-in-alter-groesse-inklusive-sicherheitsbranche\\\/#primaryimage\",\"url\":\"https:\\\/\\\/news.save.ch\\\/wp-content\\\/uploads\\\/2023\\\/09\\\/IMG_1922-scaled.jpg\",\"contentUrl\":\"https:\\\/\\\/news.save.ch\\\/wp-content\\\/uploads\\\/2023\\\/09\\\/IMG_1922-scaled.jpg\",\"width\":1200,\"height\":800,\"caption\":\"Foto: R. Str\u00e4ssle\"},{\"@type\":\"BreadcrumbList\",\"@id\":\"https:\\\/\\\/news.save.ch\\\/zurueck-in-alter-groesse-inklusive-sicherheitsbranche\\\/#breadcrumb\",\"itemListElement\":[{\"@type\":\"ListItem\",\"position\":1,\"name\":\"Home\",\"item\":\"https:\\\/\\\/news.save.ch\\\/de\\\/\"},{\"@type\":\"ListItem\",\"position\":2,\"name\":\"Zur\u00fcck in alter Gr\u00f6sse \u2013 inklusive Sicherheitsbranche\"}]},{\"@type\":\"WebSite\",\"@id\":\"https:\\\/\\\/news.save.ch\\\/de\\\/#website\",\"url\":\"https:\\\/\\\/news.save.ch\\\/de\\\/\",\"name\":\"Save\",\"description\":\"Schweizer Fachzeitschrift f\u00fcr Sicherheit\",\"publisher\":{\"@id\":\"https:\\\/\\\/news.save.ch\\\/de\\\/#organization\"},\"potentialAction\":[{\"@type\":\"SearchAction\",\"target\":{\"@type\":\"EntryPoint\",\"urlTemplate\":\"https:\\\/\\\/news.save.ch\\\/de\\\/?s={search_term_string}\"},\"query-input\":{\"@type\":\"PropertyValueSpecification\",\"valueRequired\":true,\"valueName\":\"search_term_string\"}}],\"inLanguage\":\"de\"},{\"@type\":\"Organization\",\"@id\":\"https:\\\/\\\/news.save.ch\\\/de\\\/#organization\",\"name\":\"Sicherheitsforum\",\"url\":\"https:\\\/\\\/news.save.ch\\\/de\\\/\",\"logo\":{\"@type\":\"ImageObject\",\"inLanguage\":\"de\",\"@id\":\"https:\\\/\\\/news.save.ch\\\/de\\\/#\\\/schema\\\/logo\\\/image\\\/\",\"url\":\"https:\\\/\\\/news.save.ch\\\/wp-content\\\/uploads\\\/2022\\\/06\\\/Logo_SF_2012.png\",\"contentUrl\":\"https:\\\/\\\/news.save.ch\\\/wp-content\\\/uploads\\\/2022\\\/06\\\/Logo_SF_2012.png\",\"width\":1100,\"height\":91,\"caption\":\"Sicherheitsforum\"},\"image\":{\"@id\":\"https:\\\/\\\/news.save.ch\\\/de\\\/#\\\/schema\\\/logo\\\/image\\\/\"}},{\"@type\":\"Person\",\"@id\":\"https:\\\/\\\/news.save.ch\\\/de\\\/#\\\/schema\\\/person\\\/d5022db048e0e2b9785c50e5b24da5aa\",\"name\":\"Roger Str\u00e4ssle\",\"image\":{\"@type\":\"ImageObject\",\"inLanguage\":\"de\",\"@id\":\"https:\\\/\\\/secure.gravatar.com\\\/avatar\\\/862a5569d087de48e5856e32f45d719a03804c891d6deb8d4f71a660e79e4a47?s=96&d=mm&r=g\",\"url\":\"https:\\\/\\\/secure.gravatar.com\\\/avatar\\\/862a5569d087de48e5856e32f45d719a03804c891d6deb8d4f71a660e79e4a47?s=96&d=mm&r=g\",\"contentUrl\":\"https:\\\/\\\/secure.gravatar.com\\\/avatar\\\/862a5569d087de48e5856e32f45d719a03804c891d6deb8d4f71a660e79e4a47?s=96&d=mm&r=g\",\"caption\":\"Roger Str\u00e4ssle\"},\"url\":\"https:\\\/\\\/news.save.ch\\\/de\\\/author\\\/roger-straessle\\\/\"}]}<\/script>\n<!-- \/ Yoast SEO plugin. -->","yoast_head_json":{"title":"Zur\u00fcck in alter Gr\u00f6sse \u2013 inklusive Sicherheitsbranche - Save","description":"Die Swissbau findet vom 16. bis 19. Januar 2024 in Basel statt. Parallel dazu wird der Sicherheitskongress durchgef\u00fchrt.","robots":{"index":"index","follow":"follow","max-snippet":"max-snippet:-1","max-image-preview":"max-image-preview:large","max-video-preview":"max-video-preview:-1"},"canonical":"https:\/\/news.save.ch\/de\/zurueck-in-alter-groesse-inklusive-sicherheitsbranche\/","og_locale":"de_DE","og_type":"article","og_title":"Zur\u00fcck in alter Gr\u00f6sse \u2013 inklusive Sicherheitsbranche - Save","og_description":"Die Swissbau findet vom 16. bis 19. Januar 2024 in Basel statt. Parallel dazu wird der Sicherheitskongress durchgef\u00fchrt.","og_url":"https:\/\/news.save.ch\/de\/zurueck-in-alter-groesse-inklusive-sicherheitsbranche\/","og_site_name":"Save","article_published_time":"2023-09-29T08:11:05+00:00","og_image":[{"width":1200,"height":800,"url":"https:\/\/news.save.ch\/wp-content\/uploads\/2023\/09\/IMG_1922-scaled.jpg","type":"image\/jpeg"}],"author":"Roger Str\u00e4ssle","twitter_card":"summary_large_image","twitter_misc":{"Geschrieben von":"Roger Str\u00e4ssle","Gesch\u00e4tzte Lesezeit":"2\u00a0Minuten"},"schema":{"@context":"https:\/\/schema.org","@graph":[{"@type":"Article","@id":"https:\/\/news.save.ch\/zurueck-in-alter-groesse-inklusive-sicherheitsbranche\/#article","isPartOf":{"@id":"https:\/\/news.save.ch\/zurueck-in-alter-groesse-inklusive-sicherheitsbranche\/"},"author":{"name":"Roger Str\u00e4ssle","@id":"https:\/\/news.save.ch\/de\/#\/schema\/person\/d5022db048e0e2b9785c50e5b24da5aa"},"headline":"Zur\u00fcck in alter Gr\u00f6sse \u2013 inklusive Sicherheitsbranche","datePublished":"2023-09-29T08:11:05+00:00","mainEntityOfPage":{"@id":"https:\/\/news.save.ch\/zurueck-in-alter-groesse-inklusive-sicherheitsbranche\/"},"wordCount":329,"publisher":{"@id":"https:\/\/news.save.ch\/de\/#organization"},"image":{"@id":"https:\/\/news.save.ch\/zurueck-in-alter-groesse-inklusive-sicherheitsbranche\/#primaryimage"},"thumbnailUrl":"https:\/\/news.save.ch\/wp-content\/uploads\/2023\/09\/IMG_1922-scaled.jpg","keywords":["Fachkongress \/ Fachmesse"],"articleSection":["SICHERHEIT"],"inLanguage":"de"},{"@type":"WebPage","@id":"https:\/\/news.save.ch\/zurueck-in-alter-groesse-inklusive-sicherheitsbranche\/","url":"https:\/\/news.save.ch\/zurueck-in-alter-groesse-inklusive-sicherheitsbranche\/","name":"Zur\u00fcck in alter Gr\u00f6sse \u2013 inklusive Sicherheitsbranche - Save","isPartOf":{"@id":"https:\/\/news.save.ch\/de\/#website"},"primaryImageOfPage":{"@id":"https:\/\/news.save.ch\/zurueck-in-alter-groesse-inklusive-sicherheitsbranche\/#primaryimage"},"image":{"@id":"https:\/\/news.save.ch\/zurueck-in-alter-groesse-inklusive-sicherheitsbranche\/#primaryimage"},"thumbnailUrl":"https:\/\/news.save.ch\/wp-content\/uploads\/2023\/09\/IMG_1922-scaled.jpg","datePublished":"2023-09-29T08:11:05+00:00","description":"Die Swissbau findet vom 16. bis 19. Januar 2024 in Basel statt. Parallel dazu wird der Sicherheitskongress durchgef\u00fchrt.","breadcrumb":{"@id":"https:\/\/news.save.ch\/zurueck-in-alter-groesse-inklusive-sicherheitsbranche\/#breadcrumb"},"inLanguage":"de","potentialAction":[{"@type":"ReadAction","target":["https:\/\/news.save.ch\/zurueck-in-alter-groesse-inklusive-sicherheitsbranche\/"]}]},{"@type":"ImageObject","inLanguage":"de","@id":"https:\/\/news.save.ch\/zurueck-in-alter-groesse-inklusive-sicherheitsbranche\/#primaryimage","url":"https:\/\/news.save.ch\/wp-content\/uploads\/2023\/09\/IMG_1922-scaled.jpg","contentUrl":"https:\/\/news.save.ch\/wp-content\/uploads\/2023\/09\/IMG_1922-scaled.jpg","width":1200,"height":800,"caption":"Foto: R. Str\u00e4ssle"},{"@type":"BreadcrumbList","@id":"https:\/\/news.save.ch\/zurueck-in-alter-groesse-inklusive-sicherheitsbranche\/#breadcrumb","itemListElement":[{"@type":"ListItem","position":1,"name":"Home","item":"https:\/\/news.save.ch\/de\/"},{"@type":"ListItem","position":2,"name":"Zur\u00fcck in alter Gr\u00f6sse \u2013 inklusive Sicherheitsbranche"}]},{"@type":"WebSite","@id":"https:\/\/news.save.ch\/de\/#website","url":"https:\/\/news.save.ch\/de\/","name":"Save","description":"Schweizer Fachzeitschrift f\u00fcr Sicherheit","publisher":{"@id":"https:\/\/news.save.ch\/de\/#organization"},"potentialAction":[{"@type":"SearchAction","target":{"@type":"EntryPoint","urlTemplate":"https:\/\/news.save.ch\/de\/?s={search_term_string}"},"query-input":{"@type":"PropertyValueSpecification","valueRequired":true,"valueName":"search_term_string"}}],"inLanguage":"de"},{"@type":"Organization","@id":"https:\/\/news.save.ch\/de\/#organization","name":"Sicherheitsforum","url":"https:\/\/news.save.ch\/de\/","logo":{"@type":"ImageObject","inLanguage":"de","@id":"https:\/\/news.save.ch\/de\/#\/schema\/logo\/image\/","url":"https:\/\/news.save.ch\/wp-content\/uploads\/2022\/06\/Logo_SF_2012.png","contentUrl":"https:\/\/news.save.ch\/wp-content\/uploads\/2022\/06\/Logo_SF_2012.png","width":1100,"height":91,"caption":"Sicherheitsforum"},"image":{"@id":"https:\/\/news.save.ch\/de\/#\/schema\/logo\/image\/"}},{"@type":"Person","@id":"https:\/\/news.save.ch\/de\/#\/schema\/person\/d5022db048e0e2b9785c50e5b24da5aa","name":"Roger Str\u00e4ssle","image":{"@type":"ImageObject","inLanguage":"de","@id":"https:\/\/secure.gravatar.com\/avatar\/862a5569d087de48e5856e32f45d719a03804c891d6deb8d4f71a660e79e4a47?s=96&d=mm&r=g","url":"https:\/\/secure.gravatar.com\/avatar\/862a5569d087de48e5856e32f45d719a03804c891d6deb8d4f71a660e79e4a47?s=96&d=mm&r=g","contentUrl":"https:\/\/secure.gravatar.com\/avatar\/862a5569d087de48e5856e32f45d719a03804c891d6deb8d4f71a660e79e4a47?s=96&d=mm&r=g","caption":"Roger Str\u00e4ssle"},"url":"https:\/\/news.save.ch\/de\/author\/roger-straessle\/"}]}},"_links":{"self":[{"href":"https:\/\/news.save.ch\/de\/wp-json\/wp\/v2\/posts\/22087","targetHints":{"allow":["GET"]}}],"collection":[{"href":"https:\/\/news.save.ch\/de\/wp-json\/wp\/v2\/posts"}],"about":[{"href":"https:\/\/news.save.ch\/de\/wp-json\/wp\/v2\/types\/post"}],"author":[{"embeddable":true,"href":"https:\/\/news.save.ch\/de\/wp-json\/wp\/v2\/users\/8"}],"replies":[{"embeddable":true,"href":"https:\/\/news.save.ch\/de\/wp-json\/wp\/v2\/comments?post=22087"}],"version-history":[{"count":2,"href":"https:\/\/news.save.ch\/de\/wp-json\/wp\/v2\/posts\/22087\/revisions"}],"predecessor-version":[{"id":22090,"href":"https:\/\/news.save.ch\/de\/wp-json\/wp\/v2\/posts\/22087\/revisions\/22090"}],"wp:featuredmedia":[{"embeddable":true,"href":"https:\/\/news.save.ch\/de\/wp-json\/wp\/v2\/media\/22088"}],"wp:attachment":[{"href":"https:\/\/news.save.ch\/de\/wp-json\/wp\/v2\/media?parent=22087"}],"wp:term":[{"taxonomy":"category","embeddable":true,"href":"https:\/\/news.save.ch\/de\/wp-json\/wp\/v2\/categories?post=22087"},{"taxonomy":"post_tag","embeddable":true,"href":"https:\/\/news.save.ch\/de\/wp-json\/wp\/v2\/tags?post=22087"}],"curies":[{"name":"wp","href":"https:\/\/api.w.org\/{rel}","templated":true}]}}