{"id":22172,"date":"2023-10-13T06:14:30","date_gmt":"2023-10-13T04:14:30","guid":{"rendered":"https:\/\/news.save.ch\/?p=22172"},"modified":"2023-10-31T15:29:10","modified_gmt":"2023-10-31T14:29:10","slug":"fuer-den-erdbebenfall-besser-gewappnet","status":null,"type":"post","link":"https:\/\/news.save.ch\/de\/fuer-den-erdbebenfall-besser-gewappnet\/","title":{"rendered":"F\u00fcr den Erdbebenfall besser gewappnet"},"content":{"rendered":"<figure id=\"attachment_22173\" aria-describedby=\"caption-attachment-22173\" style=\"width: 680px\" class=\"wp-caption aligncenter\"><img loading=\"lazy\" decoding=\"async\" class=\"size-medium wp-image-22173\" src=\"https:\/\/news.save.ch\/wp-content\/uploads\/2023\/10\/Depositphotos_42256059_S-680x453.jpg\" alt=\"\" width=\"680\" height=\"453\" srcset=\"https:\/\/news.save.ch\/wp-content\/uploads\/2023\/10\/Depositphotos_42256059_S-680x453.jpg 680w, https:\/\/news.save.ch\/wp-content\/uploads\/2023\/10\/Depositphotos_42256059_S-768x511.jpg 768w, https:\/\/news.save.ch\/wp-content\/uploads\/2023\/10\/Depositphotos_42256059_S-18x12.jpg 18w, https:\/\/news.save.ch\/wp-content\/uploads\/2023\/10\/Depositphotos_42256059_S-375x250.jpg 375w, https:\/\/news.save.ch\/wp-content\/uploads\/2023\/10\/Depositphotos_42256059_S-526x350.jpg 526w, https:\/\/news.save.ch\/wp-content\/uploads\/2023\/10\/Depositphotos_42256059_S.jpg 999w\" sizes=\"auto, (max-width: 680px) 100vw, 680px\" \/><figcaption id=\"caption-attachment-22173\" class=\"wp-caption-text\">Depositphotos, paolo74s<\/figcaption><\/figure>\n<p>Rechtzeitig zum internationalen Tag f\u00fcr Katastrophenvorsorge (International Day for Disaster Risk Reduction) am 13. Oktober ist die <a href=\"http:\/\/www.soe-ods.ch\" target=\"_blank\" rel=\"noopener\">Schadenorganisation Erdbeben<\/a> nach einer einj\u00e4hrigen Vorbereitungszeit einsatzbereit, wie Vereinigung Kantonaler Geb\u00e4udeversicherungen (<a href=\"http:\/\/www.vkg.ch\" target=\"_blank\" rel=\"noopener\">VKG<\/a>) in ihrer Medienmitteilung schreibt. Erdbeben gelten als eines der Toprisiken in der Schweiz, mit verheerenden Folgen, falls sich ein gr\u00f6sseres Erdbeben in der N\u00e4he von Ballungszentren ereignet.<\/p>\n<p>Deshalb habe man in den letzten zw\u00f6lf Monaten eine bei den Kantonen und in der Versicherungswirtschaft breit abgest\u00fctzte Public-Private-Partnership-Organisation aufgebaut. Das Projekt, das eine intensive Zusammenarbeit zwischen Bund, Kantonen, Versicherern sowie den Entwicklungspartnern Swiss Re und risktec AG erforderte, wurde mit der erwarteten Funktionalit\u00e4t und innerhalb des Zeit- und Budgetrahmens abgeschlossen, wie es heisst.<\/p>\n<h3>Einzigartige IT-Plattform<\/h3>\n<p>\u00abDie Schadenorganisation Erdbeben tr\u00e4gt mit der neuen Plattform und ihrem breit abgest\u00fctzten Netzwerk an Expertinnen und Experten dazu bei, dass sich Wirtschaft und Gesellschaft nach einem Erdbeben schnell wieder erholen k\u00f6nnen\u00bb, sagt Dr. Stephanie Eymann, Regierungsr\u00e4tin Basel-Stadt und Pr\u00e4sidentin des Vereins.<\/p>\n<p>Unmittelbar nach einem Erdbeben werde die F\u00fchrungs- und Einsatzorganisation aktiviert. Die Grundlage dazu bilde die neu entwickelte und weltweit einzigartige IT-Plattform. Das System erlaube es, auf Basis der Informationen aus dem Erdbebenrisikomodell des Schweizerischen Erdbebendienstes der ETH Z\u00fcrich innert kurzer Zeit die Menge der potenziell besch\u00e4digten Geb\u00e4ude und die Anzahl der f\u00fcr die Einsch\u00e4tzung des Ereignisses ben\u00f6tigten Schadenexpertinnen und -experten zu berechnen.<\/p>\n<p>In der Plattform w\u00fcrden alle Daten aus dem Eidgen\u00f6ssischen Geb\u00e4ude- und Wohnungsregister bereitgestellt, damit die Fachleute die n\u00f6tigen Informationen zur Verf\u00fcgung h\u00e4tten, um den Zustand der betroffenen Geb\u00e4ude zu beurteilen und eine Schadensch\u00e4tzung vorzunehmen. F\u00fcr diese Arbeit w\u00fcrden die eingesetzten Expertinnen und Experten zwei ebenfalls neu entwickelte mobile Applikationen nutzen. F\u00fcr eine rasche Abwicklung stelle man in der Plattform auch die Angaben der f\u00fcr die Ereignisbew\u00e4ltigung ben\u00f6tigten Experten wie Ingenieure, Architektinnen oder Baufachleute bereit. Damit k\u00f6nne die Schadenorganisation Erdbeben innert kurzer Zeit hunderte von Fachleuten per SMS und E-Mail um Unterst\u00fctzung anfragen.<\/p>\n<h3>Systematisches Vorgehen<\/h3>\n<p>F\u00fcr die Erfassung der Sch\u00e4den an allen Geb\u00e4uden sei ein systematisches und strukturiertes Vorgehen zentral. Deshalb habe man in einem aufw\u00e4ndigen technischen Verfahren alle Geb\u00e4ude in der Schweiz und im F\u00fcrstentum Liechtenstein in Sektoren von 10 bis 30 Geb\u00e4uden eingeteilt. Jeder Sektor habe eine eindeutige Identifikation, bestehend aus Informationen zum Kanton, der Gemeinde und einer Nummerierung. Diese Sektoren w\u00fcrden bei einem Ereignis den Schadenexpertinnen und -experten zur Bearbeitung zugewiesen.<\/p>\n<p>Die Schadenorganisation Erdbeben stelle zusammen mit den Partnern Touring Club der Schweiz (TCS) und risktec AG sicher, dass Organisation und Plattform jederzeit einsatzbereit seien. Der TCS als eine der f\u00fchrenden Notfallorganisationen der Schweiz biete dabei personelle und logistische Unterst\u00fctzung, insbesondere bei der Organisation und dem Einsatz des Expertennetzwerks. risktec AG stelle die Betriebsbereitschaft der Plattform und bei einem Einsatz die ben\u00f6tigte technische Unterst\u00fctzung sicher, heisst es abschliessend.<\/p>\n<p>&nbsp;<\/p>\n<blockquote>\n<h3>\u00dcber die Schadenorganisation Erdbeben<\/h3>\n<p>Die Schadenorganisation Erdbeben hat den Auftrag, nach einem Erdbeben umfassende Informationen bereitzustellen, um besch\u00e4digte Geb\u00e4ude beurteilen und eine Sch\u00e4tzung der zu erwartenden Wiederaufbau- und Reparaturkosten erstellen zu k\u00f6nnen. Die Organisation trage dadurch massgeblich dazu bei, dass Beh\u00f6rden, Wirtschaft und Gesellschaft resilienter w\u00fcrden.<\/p>\n<p>Die Schadenorganisation Erdbeben entstamme einem Public-Private-Partnership-Projekt. Sie werde getragen und finanziert durch die Kantone, das F\u00fcrstentum Liechtenstein, die Kantonalen Geb\u00e4udeversicherungen und die Privatversicherer. Fachstellen des Bundes wie der Schweizerische Erdbebendienst an der ETH Z\u00fcrich, das Bundesamt f\u00fcr Bev\u00f6lkerungsschutz und das Bundesamt f\u00fcr Umwelt unterst\u00fctzen die Schadenorganisation Erdbeben ebenfalls und stellten die Koordination mit den Massnahmen des Bundes zur Erdbebenvorsorge sicher.<\/p><\/blockquote>\n","protected":false},"excerpt":{"rendered":"<p>Rechtzeitig zum internationalen Tag f\u00fcr Katastrophenvorsorge (International Day for Disaster Risk Reduction) am 13. Oktober ist die Schadenorganisation Erdbeben nach einer einj\u00e4hrigen Vorbereitungszeit einsatzbereit, wie Vereinigung Kantonaler Geb\u00e4udeversicherungen (VKG) in ihrer Medienmitteilung schreibt. Erdbeben gelten als eines der Toprisiken in der Schweiz, mit verheerenden Folgen, falls sich ein gr\u00f6sseres Erdbeben in der N\u00e4he von Ballungszentren [&hellip;]<\/p>\n","protected":false},"author":8,"featured_media":22173,"comment_status":"closed","ping_status":"closed","sticky":false,"template":"","format":"standard","meta":{"_acf_changed":false,"pgc_sgb_lightbox_settings":"","footnotes":""},"categories":[3312],"tags":[6360],"class_list":["post-22172","post","type-post","status-publish","format-standard","has-post-thumbnail","hentry","category-sicherheit","tag-erdbeben"],"acf":[],"hkrextid":null,"publication":null,"issue":null,"workflow":null,"startPage":null,"spitzmarke":null,"_posts_by_tag_page_fields":null,"_at_widget":null,"_yoast_wpseo_primary_category":"3312","_yoast_wpseo_focuskw_text_input":null,"_yoast_wpseo_opengraph-image":null,"_yoast_wpseo_opengraph-description":null,"_yoast_wpseo_opengraph-title":null,"enclosure":null,"_yoast_wpseo_twitter-title":null,"_yoast_wpseo_twitter-description":null,"_yoast_wpseo_twitter-image":null,"_wp_old_slug":null,"_yoast_wpseo_title":null,"_yoast_wpseo_canonical":null,"yoast_head":"<!-- This site is optimized with the Yoast SEO plugin v27.4 - https:\/\/yoast.com\/product\/yoast-seo-wordpress\/ -->\n<title>F\u00fcr den Erdbebenfall besser gewappnet - Save<\/title>\n<meta name=\"description\" content=\"Die IT-Plattform der \u00abSchadenorganisation Erdbeben\u00bb ist fertig entwickelt und die Organisation ist einsatzbereit.\" \/>\n<meta name=\"robots\" content=\"index, follow, max-snippet:-1, max-image-preview:large, max-video-preview:-1\" \/>\n<link rel=\"canonical\" href=\"https:\/\/news.save.ch\/de\/fuer-den-erdbebenfall-besser-gewappnet\/\" \/>\n<meta property=\"og:locale\" content=\"de_DE\" \/>\n<meta property=\"og:type\" content=\"article\" \/>\n<meta property=\"og:title\" content=\"F\u00fcr den Erdbebenfall besser gewappnet - Save\" \/>\n<meta property=\"og:description\" content=\"Die IT-Plattform der \u00abSchadenorganisation Erdbeben\u00bb ist fertig entwickelt und die Organisation ist einsatzbereit.\" \/>\n<meta property=\"og:url\" content=\"https:\/\/news.save.ch\/de\/fuer-den-erdbebenfall-besser-gewappnet\/\" \/>\n<meta property=\"og:site_name\" content=\"Save\" \/>\n<meta property=\"article:published_time\" content=\"2023-10-13T04:14:30+00:00\" \/>\n<meta property=\"article:modified_time\" content=\"2023-10-31T14:29:10+00:00\" \/>\n<meta property=\"og:image\" content=\"https:\/\/news.save.ch\/wp-content\/uploads\/2023\/10\/Depositphotos_42256059_S.jpg\" \/>\n\t<meta property=\"og:image:width\" content=\"999\" \/>\n\t<meta property=\"og:image:height\" content=\"665\" \/>\n\t<meta property=\"og:image:type\" content=\"image\/jpeg\" \/>\n<meta name=\"author\" content=\"Roger Str\u00e4ssle\" \/>\n<meta name=\"twitter:card\" content=\"summary_large_image\" \/>\n<meta name=\"twitter:label1\" content=\"Geschrieben von\" \/>\n\t<meta name=\"twitter:data1\" content=\"Roger Str\u00e4ssle\" \/>\n\t<meta name=\"twitter:label2\" content=\"Gesch\u00e4tzte Lesezeit\" \/>\n\t<meta name=\"twitter:data2\" content=\"4\u00a0Minuten\" \/>\n<script type=\"application\/ld+json\" class=\"yoast-schema-graph\">{\"@context\":\"https:\\\/\\\/schema.org\",\"@graph\":[{\"@type\":\"Article\",\"@id\":\"https:\\\/\\\/news.save.ch\\\/fuer-den-erdbebenfall-besser-gewappnet\\\/#article\",\"isPartOf\":{\"@id\":\"https:\\\/\\\/news.save.ch\\\/fuer-den-erdbebenfall-besser-gewappnet\\\/\"},\"author\":{\"name\":\"Roger Str\u00e4ssle\",\"@id\":\"https:\\\/\\\/news.save.ch\\\/de\\\/#\\\/schema\\\/person\\\/d5022db048e0e2b9785c50e5b24da5aa\"},\"headline\":\"F\u00fcr den Erdbebenfall besser gewappnet\",\"datePublished\":\"2023-10-13T04:14:30+00:00\",\"dateModified\":\"2023-10-31T14:29:10+00:00\",\"mainEntityOfPage\":{\"@id\":\"https:\\\/\\\/news.save.ch\\\/fuer-den-erdbebenfall-besser-gewappnet\\\/\"},\"wordCount\":626,\"publisher\":{\"@id\":\"https:\\\/\\\/news.save.ch\\\/de\\\/#organization\"},\"image\":{\"@id\":\"https:\\\/\\\/news.save.ch\\\/fuer-den-erdbebenfall-besser-gewappnet\\\/#primaryimage\"},\"thumbnailUrl\":\"https:\\\/\\\/news.save.ch\\\/wp-content\\\/uploads\\\/2023\\\/10\\\/Depositphotos_42256059_S.jpg\",\"keywords\":[\"Erdbeben\"],\"articleSection\":[\"SICHERHEIT\"],\"inLanguage\":\"de\"},{\"@type\":\"WebPage\",\"@id\":\"https:\\\/\\\/news.save.ch\\\/fuer-den-erdbebenfall-besser-gewappnet\\\/\",\"url\":\"https:\\\/\\\/news.save.ch\\\/fuer-den-erdbebenfall-besser-gewappnet\\\/\",\"name\":\"F\u00fcr den Erdbebenfall besser gewappnet - Save\",\"isPartOf\":{\"@id\":\"https:\\\/\\\/news.save.ch\\\/de\\\/#website\"},\"primaryImageOfPage\":{\"@id\":\"https:\\\/\\\/news.save.ch\\\/fuer-den-erdbebenfall-besser-gewappnet\\\/#primaryimage\"},\"image\":{\"@id\":\"https:\\\/\\\/news.save.ch\\\/fuer-den-erdbebenfall-besser-gewappnet\\\/#primaryimage\"},\"thumbnailUrl\":\"https:\\\/\\\/news.save.ch\\\/wp-content\\\/uploads\\\/2023\\\/10\\\/Depositphotos_42256059_S.jpg\",\"datePublished\":\"2023-10-13T04:14:30+00:00\",\"dateModified\":\"2023-10-31T14:29:10+00:00\",\"description\":\"Die IT-Plattform der \u00abSchadenorganisation Erdbeben\u00bb ist fertig entwickelt und die Organisation ist einsatzbereit.\",\"breadcrumb\":{\"@id\":\"https:\\\/\\\/news.save.ch\\\/fuer-den-erdbebenfall-besser-gewappnet\\\/#breadcrumb\"},\"inLanguage\":\"de\",\"potentialAction\":[{\"@type\":\"ReadAction\",\"target\":[\"https:\\\/\\\/news.save.ch\\\/fuer-den-erdbebenfall-besser-gewappnet\\\/\"]}]},{\"@type\":\"ImageObject\",\"inLanguage\":\"de\",\"@id\":\"https:\\\/\\\/news.save.ch\\\/fuer-den-erdbebenfall-besser-gewappnet\\\/#primaryimage\",\"url\":\"https:\\\/\\\/news.save.ch\\\/wp-content\\\/uploads\\\/2023\\\/10\\\/Depositphotos_42256059_S.jpg\",\"contentUrl\":\"https:\\\/\\\/news.save.ch\\\/wp-content\\\/uploads\\\/2023\\\/10\\\/Depositphotos_42256059_S.jpg\",\"width\":999,\"height\":665,\"caption\":\"Depositphotos, paolo74s\"},{\"@type\":\"BreadcrumbList\",\"@id\":\"https:\\\/\\\/news.save.ch\\\/fuer-den-erdbebenfall-besser-gewappnet\\\/#breadcrumb\",\"itemListElement\":[{\"@type\":\"ListItem\",\"position\":1,\"name\":\"Home\",\"item\":\"https:\\\/\\\/news.save.ch\\\/de\\\/\"},{\"@type\":\"ListItem\",\"position\":2,\"name\":\"F\u00fcr den Erdbebenfall besser gewappnet\"}]},{\"@type\":\"WebSite\",\"@id\":\"https:\\\/\\\/news.save.ch\\\/de\\\/#website\",\"url\":\"https:\\\/\\\/news.save.ch\\\/de\\\/\",\"name\":\"Save\",\"description\":\"Schweizer Fachzeitschrift f\u00fcr Sicherheit\",\"publisher\":{\"@id\":\"https:\\\/\\\/news.save.ch\\\/de\\\/#organization\"},\"potentialAction\":[{\"@type\":\"SearchAction\",\"target\":{\"@type\":\"EntryPoint\",\"urlTemplate\":\"https:\\\/\\\/news.save.ch\\\/de\\\/?s={search_term_string}\"},\"query-input\":{\"@type\":\"PropertyValueSpecification\",\"valueRequired\":true,\"valueName\":\"search_term_string\"}}],\"inLanguage\":\"de\"},{\"@type\":\"Organization\",\"@id\":\"https:\\\/\\\/news.save.ch\\\/de\\\/#organization\",\"name\":\"Sicherheitsforum\",\"url\":\"https:\\\/\\\/news.save.ch\\\/de\\\/\",\"logo\":{\"@type\":\"ImageObject\",\"inLanguage\":\"de\",\"@id\":\"https:\\\/\\\/news.save.ch\\\/de\\\/#\\\/schema\\\/logo\\\/image\\\/\",\"url\":\"https:\\\/\\\/news.save.ch\\\/wp-content\\\/uploads\\\/2022\\\/06\\\/Logo_SF_2012.png\",\"contentUrl\":\"https:\\\/\\\/news.save.ch\\\/wp-content\\\/uploads\\\/2022\\\/06\\\/Logo_SF_2012.png\",\"width\":1100,\"height\":91,\"caption\":\"Sicherheitsforum\"},\"image\":{\"@id\":\"https:\\\/\\\/news.save.ch\\\/de\\\/#\\\/schema\\\/logo\\\/image\\\/\"}},{\"@type\":\"Person\",\"@id\":\"https:\\\/\\\/news.save.ch\\\/de\\\/#\\\/schema\\\/person\\\/d5022db048e0e2b9785c50e5b24da5aa\",\"name\":\"Roger Str\u00e4ssle\",\"image\":{\"@type\":\"ImageObject\",\"inLanguage\":\"de\",\"@id\":\"https:\\\/\\\/secure.gravatar.com\\\/avatar\\\/862a5569d087de48e5856e32f45d719a03804c891d6deb8d4f71a660e79e4a47?s=96&d=mm&r=g\",\"url\":\"https:\\\/\\\/secure.gravatar.com\\\/avatar\\\/862a5569d087de48e5856e32f45d719a03804c891d6deb8d4f71a660e79e4a47?s=96&d=mm&r=g\",\"contentUrl\":\"https:\\\/\\\/secure.gravatar.com\\\/avatar\\\/862a5569d087de48e5856e32f45d719a03804c891d6deb8d4f71a660e79e4a47?s=96&d=mm&r=g\",\"caption\":\"Roger Str\u00e4ssle\"},\"url\":\"https:\\\/\\\/news.save.ch\\\/de\\\/author\\\/roger-straessle\\\/\"}]}<\/script>\n<!-- \/ Yoast SEO plugin. -->","yoast_head_json":{"title":"F\u00fcr den Erdbebenfall besser gewappnet - Save","description":"Die IT-Plattform der \u00abSchadenorganisation Erdbeben\u00bb ist fertig entwickelt und die Organisation ist einsatzbereit.","robots":{"index":"index","follow":"follow","max-snippet":"max-snippet:-1","max-image-preview":"max-image-preview:large","max-video-preview":"max-video-preview:-1"},"canonical":"https:\/\/news.save.ch\/de\/fuer-den-erdbebenfall-besser-gewappnet\/","og_locale":"de_DE","og_type":"article","og_title":"F\u00fcr den Erdbebenfall besser gewappnet - Save","og_description":"Die IT-Plattform der \u00abSchadenorganisation Erdbeben\u00bb ist fertig entwickelt und die Organisation ist einsatzbereit.","og_url":"https:\/\/news.save.ch\/de\/fuer-den-erdbebenfall-besser-gewappnet\/","og_site_name":"Save","article_published_time":"2023-10-13T04:14:30+00:00","article_modified_time":"2023-10-31T14:29:10+00:00","og_image":[{"width":999,"height":665,"url":"https:\/\/news.save.ch\/wp-content\/uploads\/2023\/10\/Depositphotos_42256059_S.jpg","type":"image\/jpeg"}],"author":"Roger Str\u00e4ssle","twitter_card":"summary_large_image","twitter_misc":{"Geschrieben von":"Roger Str\u00e4ssle","Gesch\u00e4tzte Lesezeit":"4\u00a0Minuten"},"schema":{"@context":"https:\/\/schema.org","@graph":[{"@type":"Article","@id":"https:\/\/news.save.ch\/fuer-den-erdbebenfall-besser-gewappnet\/#article","isPartOf":{"@id":"https:\/\/news.save.ch\/fuer-den-erdbebenfall-besser-gewappnet\/"},"author":{"name":"Roger Str\u00e4ssle","@id":"https:\/\/news.save.ch\/de\/#\/schema\/person\/d5022db048e0e2b9785c50e5b24da5aa"},"headline":"F\u00fcr den Erdbebenfall besser gewappnet","datePublished":"2023-10-13T04:14:30+00:00","dateModified":"2023-10-31T14:29:10+00:00","mainEntityOfPage":{"@id":"https:\/\/news.save.ch\/fuer-den-erdbebenfall-besser-gewappnet\/"},"wordCount":626,"publisher":{"@id":"https:\/\/news.save.ch\/de\/#organization"},"image":{"@id":"https:\/\/news.save.ch\/fuer-den-erdbebenfall-besser-gewappnet\/#primaryimage"},"thumbnailUrl":"https:\/\/news.save.ch\/wp-content\/uploads\/2023\/10\/Depositphotos_42256059_S.jpg","keywords":["Erdbeben"],"articleSection":["SICHERHEIT"],"inLanguage":"de"},{"@type":"WebPage","@id":"https:\/\/news.save.ch\/fuer-den-erdbebenfall-besser-gewappnet\/","url":"https:\/\/news.save.ch\/fuer-den-erdbebenfall-besser-gewappnet\/","name":"F\u00fcr den Erdbebenfall besser gewappnet - Save","isPartOf":{"@id":"https:\/\/news.save.ch\/de\/#website"},"primaryImageOfPage":{"@id":"https:\/\/news.save.ch\/fuer-den-erdbebenfall-besser-gewappnet\/#primaryimage"},"image":{"@id":"https:\/\/news.save.ch\/fuer-den-erdbebenfall-besser-gewappnet\/#primaryimage"},"thumbnailUrl":"https:\/\/news.save.ch\/wp-content\/uploads\/2023\/10\/Depositphotos_42256059_S.jpg","datePublished":"2023-10-13T04:14:30+00:00","dateModified":"2023-10-31T14:29:10+00:00","description":"Die IT-Plattform der \u00abSchadenorganisation Erdbeben\u00bb ist fertig entwickelt und die Organisation ist einsatzbereit.","breadcrumb":{"@id":"https:\/\/news.save.ch\/fuer-den-erdbebenfall-besser-gewappnet\/#breadcrumb"},"inLanguage":"de","potentialAction":[{"@type":"ReadAction","target":["https:\/\/news.save.ch\/fuer-den-erdbebenfall-besser-gewappnet\/"]}]},{"@type":"ImageObject","inLanguage":"de","@id":"https:\/\/news.save.ch\/fuer-den-erdbebenfall-besser-gewappnet\/#primaryimage","url":"https:\/\/news.save.ch\/wp-content\/uploads\/2023\/10\/Depositphotos_42256059_S.jpg","contentUrl":"https:\/\/news.save.ch\/wp-content\/uploads\/2023\/10\/Depositphotos_42256059_S.jpg","width":999,"height":665,"caption":"Depositphotos, paolo74s"},{"@type":"BreadcrumbList","@id":"https:\/\/news.save.ch\/fuer-den-erdbebenfall-besser-gewappnet\/#breadcrumb","itemListElement":[{"@type":"ListItem","position":1,"name":"Home","item":"https:\/\/news.save.ch\/de\/"},{"@type":"ListItem","position":2,"name":"F\u00fcr den Erdbebenfall besser gewappnet"}]},{"@type":"WebSite","@id":"https:\/\/news.save.ch\/de\/#website","url":"https:\/\/news.save.ch\/de\/","name":"Save","description":"Schweizer Fachzeitschrift f\u00fcr Sicherheit","publisher":{"@id":"https:\/\/news.save.ch\/de\/#organization"},"potentialAction":[{"@type":"SearchAction","target":{"@type":"EntryPoint","urlTemplate":"https:\/\/news.save.ch\/de\/?s={search_term_string}"},"query-input":{"@type":"PropertyValueSpecification","valueRequired":true,"valueName":"search_term_string"}}],"inLanguage":"de"},{"@type":"Organization","@id":"https:\/\/news.save.ch\/de\/#organization","name":"Sicherheitsforum","url":"https:\/\/news.save.ch\/de\/","logo":{"@type":"ImageObject","inLanguage":"de","@id":"https:\/\/news.save.ch\/de\/#\/schema\/logo\/image\/","url":"https:\/\/news.save.ch\/wp-content\/uploads\/2022\/06\/Logo_SF_2012.png","contentUrl":"https:\/\/news.save.ch\/wp-content\/uploads\/2022\/06\/Logo_SF_2012.png","width":1100,"height":91,"caption":"Sicherheitsforum"},"image":{"@id":"https:\/\/news.save.ch\/de\/#\/schema\/logo\/image\/"}},{"@type":"Person","@id":"https:\/\/news.save.ch\/de\/#\/schema\/person\/d5022db048e0e2b9785c50e5b24da5aa","name":"Roger Str\u00e4ssle","image":{"@type":"ImageObject","inLanguage":"de","@id":"https:\/\/secure.gravatar.com\/avatar\/862a5569d087de48e5856e32f45d719a03804c891d6deb8d4f71a660e79e4a47?s=96&d=mm&r=g","url":"https:\/\/secure.gravatar.com\/avatar\/862a5569d087de48e5856e32f45d719a03804c891d6deb8d4f71a660e79e4a47?s=96&d=mm&r=g","contentUrl":"https:\/\/secure.gravatar.com\/avatar\/862a5569d087de48e5856e32f45d719a03804c891d6deb8d4f71a660e79e4a47?s=96&d=mm&r=g","caption":"Roger Str\u00e4ssle"},"url":"https:\/\/news.save.ch\/de\/author\/roger-straessle\/"}]}},"_links":{"self":[{"href":"https:\/\/news.save.ch\/de\/wp-json\/wp\/v2\/posts\/22172","targetHints":{"allow":["GET"]}}],"collection":[{"href":"https:\/\/news.save.ch\/de\/wp-json\/wp\/v2\/posts"}],"about":[{"href":"https:\/\/news.save.ch\/de\/wp-json\/wp\/v2\/types\/post"}],"author":[{"embeddable":true,"href":"https:\/\/news.save.ch\/de\/wp-json\/wp\/v2\/users\/8"}],"replies":[{"embeddable":true,"href":"https:\/\/news.save.ch\/de\/wp-json\/wp\/v2\/comments?post=22172"}],"version-history":[{"count":5,"href":"https:\/\/news.save.ch\/de\/wp-json\/wp\/v2\/posts\/22172\/revisions"}],"predecessor-version":[{"id":22283,"href":"https:\/\/news.save.ch\/de\/wp-json\/wp\/v2\/posts\/22172\/revisions\/22283"}],"wp:featuredmedia":[{"embeddable":true,"href":"https:\/\/news.save.ch\/de\/wp-json\/wp\/v2\/media\/22173"}],"wp:attachment":[{"href":"https:\/\/news.save.ch\/de\/wp-json\/wp\/v2\/media?parent=22172"}],"wp:term":[{"taxonomy":"category","embeddable":true,"href":"https:\/\/news.save.ch\/de\/wp-json\/wp\/v2\/categories?post=22172"},{"taxonomy":"post_tag","embeddable":true,"href":"https:\/\/news.save.ch\/de\/wp-json\/wp\/v2\/tags?post=22172"}],"curies":[{"name":"wp","href":"https:\/\/api.w.org\/{rel}","templated":true}]}}