{"id":22236,"date":"2023-10-27T10:15:04","date_gmt":"2023-10-27T08:15:04","guid":{"rendered":"https:\/\/news.save.ch\/?p=22236"},"modified":"2023-10-27T12:16:11","modified_gmt":"2023-10-27T10:16:11","slug":"die-haelfte-der-polycom-antennen-ist-angeschlossen","status":null,"type":"post","link":"https:\/\/news.save.ch\/de\/die-haelfte-der-polycom-antennen-ist-angeschlossen\/","title":{"rendered":"Funk-Sicherheitsnetz: Die H\u00e4lfte der Polycom-Antennen ist angeschlossen"},"content":{"rendered":"<figure id=\"attachment_15102\" aria-describedby=\"caption-attachment-15102\" style=\"width: 680px\" class=\"wp-caption aligncenter\"><img loading=\"lazy\" decoding=\"async\" class=\"size-full wp-image-15102\" src=\"https:\/\/news.save.ch\/wp-content\/uploads\/2022\/10\/Polycom.png\" alt=\"\" width=\"680\" height=\"451\" srcset=\"https:\/\/news.save.ch\/wp-content\/uploads\/2022\/10\/Polycom.png 680w, https:\/\/news.save.ch\/wp-content\/uploads\/2022\/10\/Polycom-375x249.png 375w\" sizes=\"auto, (max-width: 680px) 100vw, 680px\" \/><figcaption id=\"caption-attachment-15102\" class=\"wp-caption-text\">Polycom-Funkger\u00e4te \u00a9Kanton Uri\/Amt f\u00fcr Kantonspolizei<\/figcaption><\/figure>\n<p>Bundesr\u00e4tin Viola Amherd, Chefin VBS, hat im Rahmen des Projekts Werterhalt Polycom (WEP 2030) des BABS im Oktober den 391. erneuerten Sendestandort f\u00fcr das schweizweite Polycom-Netz in Betrieb genommen. Die Migration dieser Antenne, die sich in St. Gallen befindet, erfolgte per Fernsteuerung aus dem Verwaltungszentrum am Guisanplatz Bern. Nachdem die Migration auf das neue System bereits in den Kantonen Aargau, Bern, Uri, Tessin, Neuenburg, Waadt, Thurgau und Solothurn durchgef\u00fchrt wurde, ist laut BABS mit der Inbetriebnahme in St. Gallen ein weiterer Meilenstein erreicht worden. Nunmehr seien 50 Prozent der Standorte migriert.<\/p>\n<h3>Vollst\u00e4ndige Erneuerung bis Ende 2025<\/h3>\n<p>Die anf\u00e4nglichen Verz\u00f6gerungen habe man mit den Ende 2022 in den Kantonen gestarteten parallelen Erneuerungen wieder aufgeholt, heisst es. Damit sei die vollst\u00e4ndige Erneuerung der gesamten Polycom-Infrastruktur bis Ende 2025 auf gutem Weg.<\/p>\n<p>Gem\u00e4ss Mitteilung profitieren die 60&#8217;000 Nutzerinnen und Nutzer der Beh\u00f6rden und Organisationen f\u00fcr Rettung und Sicherheit (BORS) somit weiterhin von einem zuverl\u00e4ssigen Funksystem mit einer neuen, sicheren technischen und taktischen Systemverwaltungsumgebung. Mit der Systeml\u00f6sung k\u00f6nne zuk\u00fcnftig mehr Kommunikationsressourcen zur Verf\u00fcgung gestellt werden, um dem zunehmenden Bed\u00fcrfnis nach kantons\u00fcbergreifenden Eins\u00e4tzen gerecht zu werden.<\/p>\n<h3>Zum Funknetz der Beh\u00f6rden Polycom<\/h3>\n<p>Polycom ist das fl\u00e4chendeckende Funksicherheitsnetz der Beh\u00f6rden und Organisationen f\u00fcr Rettung und Sicherheit (BORS). Das Sicherheitsfunknetz wurde vom Bund und den Kantonen in den Jahren 2001 bis 2015 aufgebaut. Es werde t\u00e4glich intensiv genutzt und erm\u00f6glicht den Funkkontakt zwischen dem Bundesamt f\u00fcr Zoll und Grenzsicherheit (BAZG), Polizei, Feuerwehr, sanit\u00e4tsdienstlichem Rettungswesen, Zivilschutz, Nationalstrassenunterhalt, Betreibern kritischer Infrastrukturen und der Armee im subsidi\u00e4ren Einsatz.<\/p>\n<h3>Zum Projekt \u00abWerterhalt Polycom 2030\u00bb<\/h3>\n<p>Die Systeminfrastruktur besteht gem\u00e4ss Angaben aus 782 Antennen und einer stetig wachsenden Anzahl Nutzern. Das BABS ist zust\u00e4ndig f\u00fcr die Bereitstellung und den Betrieb der nationalen Komponenten, wie es heisst. Ziel von Werterhalt Polycom 2030 sei die Verl\u00e4ngerung der Nutzungsdauer des Sicherheitsfunknetzes bis mindestens 2035. Laut BABS k\u00f6nnen damit die angeschlossenen Funkger\u00e4te der Einsatzorganisationen, der technischen Dienste sowie von Betreibern kritischer Infrastrukturen das gesicherte digitale Kommunikationssystem Polycom bis in die 2030er-Jahre weiterhin nutzen. Ohne diese Kommunikationsm\u00f6glichkeit k\u00f6nnten sie ihre Aufgaben nicht oder nur eingeschr\u00e4nkt wahrnehmen, wie es abschliessend heisst.<\/p>\n","protected":false},"excerpt":{"rendered":"<p>Bundesr\u00e4tin Viola Amherd, Chefin VBS, hat im Rahmen des Projekts Werterhalt Polycom (WEP 2030) des BABS im Oktober den 391. erneuerten Sendestandort f\u00fcr das schweizweite Polycom-Netz in Betrieb genommen. Die Migration dieser Antenne, die sich in St. Gallen befindet, erfolgte per Fernsteuerung aus dem Verwaltungszentrum am Guisanplatz Bern. Nachdem die Migration auf das neue System [&hellip;]<\/p>\n","protected":false},"author":8,"featured_media":0,"comment_status":"closed","ping_status":"closed","sticky":false,"template":"","format":"standard","meta":{"_acf_changed":false,"pgc_sgb_lightbox_settings":"","footnotes":""},"categories":[3312],"tags":[3962],"class_list":["post-22236","post","type-post","status-publish","format-standard","hentry","category-sicherheit","tag-polycom-funknetz"],"acf":[],"hkrextid":null,"publication":null,"issue":null,"workflow":null,"startPage":null,"spitzmarke":null,"_posts_by_tag_page_fields":null,"_at_widget":null,"_yoast_wpseo_primary_category":"3312","_yoast_wpseo_focuskw_text_input":null,"_yoast_wpseo_opengraph-image":null,"_yoast_wpseo_opengraph-description":null,"_yoast_wpseo_opengraph-title":null,"enclosure":null,"_yoast_wpseo_twitter-title":null,"_yoast_wpseo_twitter-description":null,"_yoast_wpseo_twitter-image":null,"_wp_old_slug":null,"_yoast_wpseo_title":null,"_yoast_wpseo_canonical":null,"yoast_head":"<!-- This site is optimized with the Yoast SEO plugin v27.5 - https:\/\/yoast.com\/product\/yoast-seo-wordpress\/ -->\n<title>Funk-Sicherheitsnetz: Die H\u00e4lfte der Polycom-Antennen ist angeschlossen - Save<\/title>\n<meta name=\"description\" content=\"Das Bundesamt f\u00fcr Bev\u00f6lkerungsschutz hat k\u00fcrzlich die H\u00e4lfte des Funk-Sicherheitsnetzes Polycom in Betrieb genommen.\" \/>\n<meta name=\"robots\" content=\"index, follow, max-snippet:-1, max-image-preview:large, max-video-preview:-1\" \/>\n<link rel=\"canonical\" href=\"https:\/\/news.save.ch\/de\/die-haelfte-der-polycom-antennen-ist-angeschlossen\/\" \/>\n<meta property=\"og:locale\" content=\"de_DE\" \/>\n<meta property=\"og:type\" content=\"article\" \/>\n<meta property=\"og:title\" content=\"Funk-Sicherheitsnetz: Die H\u00e4lfte der Polycom-Antennen ist angeschlossen - Save\" \/>\n<meta property=\"og:description\" content=\"Das Bundesamt f\u00fcr Bev\u00f6lkerungsschutz hat k\u00fcrzlich die H\u00e4lfte des Funk-Sicherheitsnetzes Polycom in Betrieb genommen.\" \/>\n<meta property=\"og:url\" content=\"https:\/\/news.save.ch\/de\/die-haelfte-der-polycom-antennen-ist-angeschlossen\/\" \/>\n<meta property=\"og:site_name\" content=\"Save\" \/>\n<meta property=\"article:published_time\" content=\"2023-10-27T08:15:04+00:00\" \/>\n<meta property=\"article:modified_time\" content=\"2023-10-27T10:16:11+00:00\" \/>\n<meta property=\"og:image\" content=\"https:\/\/news.save.ch\/wp-content\/uploads\/2022\/10\/Polycom.png\" \/>\n<meta name=\"author\" content=\"Roger Str\u00e4ssle\" \/>\n<meta name=\"twitter:card\" content=\"summary_large_image\" \/>\n<meta name=\"twitter:label1\" content=\"Geschrieben von\" \/>\n\t<meta name=\"twitter:data1\" content=\"Roger Str\u00e4ssle\" \/>\n\t<meta name=\"twitter:label2\" content=\"Gesch\u00e4tzte Lesezeit\" \/>\n\t<meta name=\"twitter:data2\" content=\"3\u00a0Minuten\" \/>\n<script type=\"application\/ld+json\" class=\"yoast-schema-graph\">{\"@context\":\"https:\\\/\\\/schema.org\",\"@graph\":[{\"@type\":\"Article\",\"@id\":\"https:\\\/\\\/news.save.ch\\\/die-haelfte-der-polycom-antennen-ist-angeschlossen\\\/#article\",\"isPartOf\":{\"@id\":\"https:\\\/\\\/news.save.ch\\\/die-haelfte-der-polycom-antennen-ist-angeschlossen\\\/\"},\"author\":{\"name\":\"Roger Str\u00e4ssle\",\"@id\":\"https:\\\/\\\/news.save.ch\\\/de\\\/#\\\/schema\\\/person\\\/d5022db048e0e2b9785c50e5b24da5aa\"},\"headline\":\"Funk-Sicherheitsnetz: Die H\u00e4lfte der Polycom-Antennen ist angeschlossen\",\"datePublished\":\"2023-10-27T08:15:04+00:00\",\"dateModified\":\"2023-10-27T10:16:11+00:00\",\"mainEntityOfPage\":{\"@id\":\"https:\\\/\\\/news.save.ch\\\/die-haelfte-der-polycom-antennen-ist-angeschlossen\\\/\"},\"wordCount\":387,\"publisher\":{\"@id\":\"https:\\\/\\\/news.save.ch\\\/de\\\/#organization\"},\"image\":{\"@id\":\"https:\\\/\\\/news.save.ch\\\/die-haelfte-der-polycom-antennen-ist-angeschlossen\\\/#primaryimage\"},\"thumbnailUrl\":\"https:\\\/\\\/news.save.ch\\\/wp-content\\\/uploads\\\/2022\\\/10\\\/Polycom.png\",\"keywords\":[\"Polycom Funknetz\"],\"articleSection\":[\"SICHERHEIT\"],\"inLanguage\":\"de\"},{\"@type\":\"WebPage\",\"@id\":\"https:\\\/\\\/news.save.ch\\\/die-haelfte-der-polycom-antennen-ist-angeschlossen\\\/\",\"url\":\"https:\\\/\\\/news.save.ch\\\/die-haelfte-der-polycom-antennen-ist-angeschlossen\\\/\",\"name\":\"Funk-Sicherheitsnetz: Die H\u00e4lfte der Polycom-Antennen ist angeschlossen - Save\",\"isPartOf\":{\"@id\":\"https:\\\/\\\/news.save.ch\\\/de\\\/#website\"},\"primaryImageOfPage\":{\"@id\":\"https:\\\/\\\/news.save.ch\\\/die-haelfte-der-polycom-antennen-ist-angeschlossen\\\/#primaryimage\"},\"image\":{\"@id\":\"https:\\\/\\\/news.save.ch\\\/die-haelfte-der-polycom-antennen-ist-angeschlossen\\\/#primaryimage\"},\"thumbnailUrl\":\"https:\\\/\\\/news.save.ch\\\/wp-content\\\/uploads\\\/2022\\\/10\\\/Polycom.png\",\"datePublished\":\"2023-10-27T08:15:04+00:00\",\"dateModified\":\"2023-10-27T10:16:11+00:00\",\"description\":\"Das Bundesamt f\u00fcr Bev\u00f6lkerungsschutz hat k\u00fcrzlich die H\u00e4lfte des Funk-Sicherheitsnetzes Polycom in Betrieb genommen.\",\"breadcrumb\":{\"@id\":\"https:\\\/\\\/news.save.ch\\\/die-haelfte-der-polycom-antennen-ist-angeschlossen\\\/#breadcrumb\"},\"inLanguage\":\"de\",\"potentialAction\":[{\"@type\":\"ReadAction\",\"target\":[\"https:\\\/\\\/news.save.ch\\\/die-haelfte-der-polycom-antennen-ist-angeschlossen\\\/\"]}]},{\"@type\":\"ImageObject\",\"inLanguage\":\"de\",\"@id\":\"https:\\\/\\\/news.save.ch\\\/die-haelfte-der-polycom-antennen-ist-angeschlossen\\\/#primaryimage\",\"url\":\"https:\\\/\\\/news.save.ch\\\/wp-content\\\/uploads\\\/2022\\\/10\\\/Polycom.png\",\"contentUrl\":\"https:\\\/\\\/news.save.ch\\\/wp-content\\\/uploads\\\/2022\\\/10\\\/Polycom.png\"},{\"@type\":\"BreadcrumbList\",\"@id\":\"https:\\\/\\\/news.save.ch\\\/die-haelfte-der-polycom-antennen-ist-angeschlossen\\\/#breadcrumb\",\"itemListElement\":[{\"@type\":\"ListItem\",\"position\":1,\"name\":\"Home\",\"item\":\"https:\\\/\\\/news.save.ch\\\/de\\\/\"},{\"@type\":\"ListItem\",\"position\":2,\"name\":\"Funk-Sicherheitsnetz: Die H\u00e4lfte der Polycom-Antennen ist angeschlossen\"}]},{\"@type\":\"WebSite\",\"@id\":\"https:\\\/\\\/news.save.ch\\\/de\\\/#website\",\"url\":\"https:\\\/\\\/news.save.ch\\\/de\\\/\",\"name\":\"Save\",\"description\":\"Schweizer Fachzeitschrift f\u00fcr Sicherheit\",\"publisher\":{\"@id\":\"https:\\\/\\\/news.save.ch\\\/de\\\/#organization\"},\"potentialAction\":[{\"@type\":\"SearchAction\",\"target\":{\"@type\":\"EntryPoint\",\"urlTemplate\":\"https:\\\/\\\/news.save.ch\\\/de\\\/?s={search_term_string}\"},\"query-input\":{\"@type\":\"PropertyValueSpecification\",\"valueRequired\":true,\"valueName\":\"search_term_string\"}}],\"inLanguage\":\"de\"},{\"@type\":\"Organization\",\"@id\":\"https:\\\/\\\/news.save.ch\\\/de\\\/#organization\",\"name\":\"Sicherheitsforum\",\"url\":\"https:\\\/\\\/news.save.ch\\\/de\\\/\",\"logo\":{\"@type\":\"ImageObject\",\"inLanguage\":\"de\",\"@id\":\"https:\\\/\\\/news.save.ch\\\/de\\\/#\\\/schema\\\/logo\\\/image\\\/\",\"url\":\"https:\\\/\\\/news.save.ch\\\/wp-content\\\/uploads\\\/2022\\\/06\\\/Logo_SF_2012.png\",\"contentUrl\":\"https:\\\/\\\/news.save.ch\\\/wp-content\\\/uploads\\\/2022\\\/06\\\/Logo_SF_2012.png\",\"width\":1100,\"height\":91,\"caption\":\"Sicherheitsforum\"},\"image\":{\"@id\":\"https:\\\/\\\/news.save.ch\\\/de\\\/#\\\/schema\\\/logo\\\/image\\\/\"}},{\"@type\":\"Person\",\"@id\":\"https:\\\/\\\/news.save.ch\\\/de\\\/#\\\/schema\\\/person\\\/d5022db048e0e2b9785c50e5b24da5aa\",\"name\":\"Roger Str\u00e4ssle\",\"image\":{\"@type\":\"ImageObject\",\"inLanguage\":\"de\",\"@id\":\"https:\\\/\\\/secure.gravatar.com\\\/avatar\\\/862a5569d087de48e5856e32f45d719a03804c891d6deb8d4f71a660e79e4a47?s=96&d=mm&r=g\",\"url\":\"https:\\\/\\\/secure.gravatar.com\\\/avatar\\\/862a5569d087de48e5856e32f45d719a03804c891d6deb8d4f71a660e79e4a47?s=96&d=mm&r=g\",\"contentUrl\":\"https:\\\/\\\/secure.gravatar.com\\\/avatar\\\/862a5569d087de48e5856e32f45d719a03804c891d6deb8d4f71a660e79e4a47?s=96&d=mm&r=g\",\"caption\":\"Roger Str\u00e4ssle\"},\"url\":\"https:\\\/\\\/news.save.ch\\\/de\\\/author\\\/roger-straessle\\\/\"}]}<\/script>\n<!-- \/ Yoast SEO plugin. -->","yoast_head_json":{"title":"Funk-Sicherheitsnetz: Die H\u00e4lfte der Polycom-Antennen ist angeschlossen - Save","description":"Das Bundesamt f\u00fcr Bev\u00f6lkerungsschutz hat k\u00fcrzlich die H\u00e4lfte des Funk-Sicherheitsnetzes Polycom in Betrieb genommen.","robots":{"index":"index","follow":"follow","max-snippet":"max-snippet:-1","max-image-preview":"max-image-preview:large","max-video-preview":"max-video-preview:-1"},"canonical":"https:\/\/news.save.ch\/de\/die-haelfte-der-polycom-antennen-ist-angeschlossen\/","og_locale":"de_DE","og_type":"article","og_title":"Funk-Sicherheitsnetz: Die H\u00e4lfte der Polycom-Antennen ist angeschlossen - Save","og_description":"Das Bundesamt f\u00fcr Bev\u00f6lkerungsschutz hat k\u00fcrzlich die H\u00e4lfte des Funk-Sicherheitsnetzes Polycom in Betrieb genommen.","og_url":"https:\/\/news.save.ch\/de\/die-haelfte-der-polycom-antennen-ist-angeschlossen\/","og_site_name":"Save","article_published_time":"2023-10-27T08:15:04+00:00","article_modified_time":"2023-10-27T10:16:11+00:00","og_image":[{"url":"https:\/\/news.save.ch\/wp-content\/uploads\/2022\/10\/Polycom.png","type":"","width":"","height":""}],"author":"Roger Str\u00e4ssle","twitter_card":"summary_large_image","twitter_misc":{"Geschrieben von":"Roger Str\u00e4ssle","Gesch\u00e4tzte Lesezeit":"3\u00a0Minuten"},"schema":{"@context":"https:\/\/schema.org","@graph":[{"@type":"Article","@id":"https:\/\/news.save.ch\/die-haelfte-der-polycom-antennen-ist-angeschlossen\/#article","isPartOf":{"@id":"https:\/\/news.save.ch\/die-haelfte-der-polycom-antennen-ist-angeschlossen\/"},"author":{"name":"Roger Str\u00e4ssle","@id":"https:\/\/news.save.ch\/de\/#\/schema\/person\/d5022db048e0e2b9785c50e5b24da5aa"},"headline":"Funk-Sicherheitsnetz: Die H\u00e4lfte der Polycom-Antennen ist angeschlossen","datePublished":"2023-10-27T08:15:04+00:00","dateModified":"2023-10-27T10:16:11+00:00","mainEntityOfPage":{"@id":"https:\/\/news.save.ch\/die-haelfte-der-polycom-antennen-ist-angeschlossen\/"},"wordCount":387,"publisher":{"@id":"https:\/\/news.save.ch\/de\/#organization"},"image":{"@id":"https:\/\/news.save.ch\/die-haelfte-der-polycom-antennen-ist-angeschlossen\/#primaryimage"},"thumbnailUrl":"https:\/\/news.save.ch\/wp-content\/uploads\/2022\/10\/Polycom.png","keywords":["Polycom Funknetz"],"articleSection":["SICHERHEIT"],"inLanguage":"de"},{"@type":"WebPage","@id":"https:\/\/news.save.ch\/die-haelfte-der-polycom-antennen-ist-angeschlossen\/","url":"https:\/\/news.save.ch\/die-haelfte-der-polycom-antennen-ist-angeschlossen\/","name":"Funk-Sicherheitsnetz: Die H\u00e4lfte der Polycom-Antennen ist angeschlossen - Save","isPartOf":{"@id":"https:\/\/news.save.ch\/de\/#website"},"primaryImageOfPage":{"@id":"https:\/\/news.save.ch\/die-haelfte-der-polycom-antennen-ist-angeschlossen\/#primaryimage"},"image":{"@id":"https:\/\/news.save.ch\/die-haelfte-der-polycom-antennen-ist-angeschlossen\/#primaryimage"},"thumbnailUrl":"https:\/\/news.save.ch\/wp-content\/uploads\/2022\/10\/Polycom.png","datePublished":"2023-10-27T08:15:04+00:00","dateModified":"2023-10-27T10:16:11+00:00","description":"Das Bundesamt f\u00fcr Bev\u00f6lkerungsschutz hat k\u00fcrzlich die H\u00e4lfte des Funk-Sicherheitsnetzes Polycom in Betrieb genommen.","breadcrumb":{"@id":"https:\/\/news.save.ch\/die-haelfte-der-polycom-antennen-ist-angeschlossen\/#breadcrumb"},"inLanguage":"de","potentialAction":[{"@type":"ReadAction","target":["https:\/\/news.save.ch\/die-haelfte-der-polycom-antennen-ist-angeschlossen\/"]}]},{"@type":"ImageObject","inLanguage":"de","@id":"https:\/\/news.save.ch\/die-haelfte-der-polycom-antennen-ist-angeschlossen\/#primaryimage","url":"https:\/\/news.save.ch\/wp-content\/uploads\/2022\/10\/Polycom.png","contentUrl":"https:\/\/news.save.ch\/wp-content\/uploads\/2022\/10\/Polycom.png"},{"@type":"BreadcrumbList","@id":"https:\/\/news.save.ch\/die-haelfte-der-polycom-antennen-ist-angeschlossen\/#breadcrumb","itemListElement":[{"@type":"ListItem","position":1,"name":"Home","item":"https:\/\/news.save.ch\/de\/"},{"@type":"ListItem","position":2,"name":"Funk-Sicherheitsnetz: Die H\u00e4lfte der Polycom-Antennen ist angeschlossen"}]},{"@type":"WebSite","@id":"https:\/\/news.save.ch\/de\/#website","url":"https:\/\/news.save.ch\/de\/","name":"Save","description":"Schweizer Fachzeitschrift f\u00fcr Sicherheit","publisher":{"@id":"https:\/\/news.save.ch\/de\/#organization"},"potentialAction":[{"@type":"SearchAction","target":{"@type":"EntryPoint","urlTemplate":"https:\/\/news.save.ch\/de\/?s={search_term_string}"},"query-input":{"@type":"PropertyValueSpecification","valueRequired":true,"valueName":"search_term_string"}}],"inLanguage":"de"},{"@type":"Organization","@id":"https:\/\/news.save.ch\/de\/#organization","name":"Sicherheitsforum","url":"https:\/\/news.save.ch\/de\/","logo":{"@type":"ImageObject","inLanguage":"de","@id":"https:\/\/news.save.ch\/de\/#\/schema\/logo\/image\/","url":"https:\/\/news.save.ch\/wp-content\/uploads\/2022\/06\/Logo_SF_2012.png","contentUrl":"https:\/\/news.save.ch\/wp-content\/uploads\/2022\/06\/Logo_SF_2012.png","width":1100,"height":91,"caption":"Sicherheitsforum"},"image":{"@id":"https:\/\/news.save.ch\/de\/#\/schema\/logo\/image\/"}},{"@type":"Person","@id":"https:\/\/news.save.ch\/de\/#\/schema\/person\/d5022db048e0e2b9785c50e5b24da5aa","name":"Roger Str\u00e4ssle","image":{"@type":"ImageObject","inLanguage":"de","@id":"https:\/\/secure.gravatar.com\/avatar\/862a5569d087de48e5856e32f45d719a03804c891d6deb8d4f71a660e79e4a47?s=96&d=mm&r=g","url":"https:\/\/secure.gravatar.com\/avatar\/862a5569d087de48e5856e32f45d719a03804c891d6deb8d4f71a660e79e4a47?s=96&d=mm&r=g","contentUrl":"https:\/\/secure.gravatar.com\/avatar\/862a5569d087de48e5856e32f45d719a03804c891d6deb8d4f71a660e79e4a47?s=96&d=mm&r=g","caption":"Roger Str\u00e4ssle"},"url":"https:\/\/news.save.ch\/de\/author\/roger-straessle\/"}]}},"_links":{"self":[{"href":"https:\/\/news.save.ch\/de\/wp-json\/wp\/v2\/posts\/22236","targetHints":{"allow":["GET"]}}],"collection":[{"href":"https:\/\/news.save.ch\/de\/wp-json\/wp\/v2\/posts"}],"about":[{"href":"https:\/\/news.save.ch\/de\/wp-json\/wp\/v2\/types\/post"}],"author":[{"embeddable":true,"href":"https:\/\/news.save.ch\/de\/wp-json\/wp\/v2\/users\/8"}],"replies":[{"embeddable":true,"href":"https:\/\/news.save.ch\/de\/wp-json\/wp\/v2\/comments?post=22236"}],"version-history":[{"count":3,"href":"https:\/\/news.save.ch\/de\/wp-json\/wp\/v2\/posts\/22236\/revisions"}],"predecessor-version":[{"id":22252,"href":"https:\/\/news.save.ch\/de\/wp-json\/wp\/v2\/posts\/22236\/revisions\/22252"}],"wp:attachment":[{"href":"https:\/\/news.save.ch\/de\/wp-json\/wp\/v2\/media?parent=22236"}],"wp:term":[{"taxonomy":"category","embeddable":true,"href":"https:\/\/news.save.ch\/de\/wp-json\/wp\/v2\/categories?post=22236"},{"taxonomy":"post_tag","embeddable":true,"href":"https:\/\/news.save.ch\/de\/wp-json\/wp\/v2\/tags?post=22236"}],"curies":[{"name":"wp","href":"https:\/\/api.w.org\/{rel}","templated":true}]}}