{"id":22321,"date":"2023-11-03T06:09:52","date_gmt":"2023-11-03T05:09:52","guid":{"rendered":"https:\/\/news.save.ch\/?p=22321"},"modified":"2023-11-09T11:04:31","modified_gmt":"2023-11-09T10:04:31","slug":"minimax-uebernimmt-arb-brandschutz-gmbh","status":null,"type":"post","link":"https:\/\/news.save.ch\/de\/minimax-uebernimmt-arb-brandschutz-gmbh\/","title":{"rendered":"Minimax \u00fcbernimmt ARB Brandschutz GmbH"},"content":{"rendered":"<figure id=\"attachment_22322\" aria-describedby=\"caption-attachment-22322\" style=\"width: 654px\" class=\"wp-caption aligncenter\"><img loading=\"lazy\" decoding=\"async\" class=\"size-full wp-image-22322\" src=\"https:\/\/news.save.ch\/wp-content\/uploads\/2023\/11\/Minimax.jpg\" alt=\"Minimax\" width=\"654\" height=\"459\" srcset=\"https:\/\/news.save.ch\/wp-content\/uploads\/2023\/11\/Minimax.jpg 654w, https:\/\/news.save.ch\/wp-content\/uploads\/2023\/11\/Minimax-18x12.jpg 18w, https:\/\/news.save.ch\/wp-content\/uploads\/2023\/11\/Minimax-375x263.jpg 375w, https:\/\/news.save.ch\/wp-content\/uploads\/2023\/11\/Minimax-499x350.jpg 499w\" sizes=\"auto, (max-width: 654px) 100vw, 654px\" \/><figcaption id=\"caption-attachment-22322\" class=\"wp-caption-text\">Fredi Luzi (links), Leiter der Minimax-Agentur Graub\u00fcnden, und Arno Buschauer, Inhaber der ARB Brandschutz GmbH.<\/figcaption><\/figure>\n<p>Gem\u00e4ss Mitteilung von <a href=\"https:\/\/www.minimax.ch\/\" target=\"_blank\" rel=\"noopener\">Minimax AG<\/a> erfolgt die \u00dcbernahme der ARB Brandschutz GmbH als Folge der bevorstehenden Pensionierung des heutigen Inhabers, Arno Buschauer. Die ARB Brandschutz werde per 1. Januar umfirmiert und als Minimax Zweigniederlassung Graub\u00fcnden mit Sitz in Malans gef\u00fchrt. Gleichzeitig werde die Minimax-Agentur in K\u00fcblis im Laufe des Jahres 2024 in die genannte Zweigniederlassung integriert, heisst es.<\/p>\n<p>Laut Minimax, die schweizweit \u00fcber zw\u00f6lf Standorte verf\u00fcgt, wird Fredi Luzi die Leitung der neuen Zweigniederlassung Minimax Graub\u00fcnden \u00fcbernehmen. Arno Buschauer werde die Zweigniederlassung im Service und Verkauf zus\u00e4tzlich unterst\u00fctzen.<\/p>\n<p>Das ARB-Kundenportfolio besteht aus Feuerl\u00f6schern, Wandhydranten und RWA-Anlagen und das Unternehmen bedient damit die ganze Schweiz. Neu werden die ARB-Produkte ins bestehende Servicenetz von Minimax integriert, wie diese schreibt.<\/p>\n","protected":false},"excerpt":{"rendered":"<p>Gem\u00e4ss Mitteilung von Minimax AG erfolgt die \u00dcbernahme der ARB Brandschutz GmbH als Folge der bevorstehenden Pensionierung des heutigen Inhabers, Arno Buschauer. Die ARB Brandschutz werde per 1. Januar umfirmiert und als Minimax Zweigniederlassung Graub\u00fcnden mit Sitz in Malans gef\u00fchrt. Gleichzeitig werde die Minimax-Agentur in K\u00fcblis im Laufe des Jahres 2024 in die genannte Zweigniederlassung [&hellip;]<\/p>\n","protected":false},"author":8,"featured_media":22322,"comment_status":"closed","ping_status":"closed","sticky":false,"template":"","format":"standard","meta":{"_acf_changed":false,"pgc_sgb_lightbox_settings":"","footnotes":""},"categories":[67],"tags":[79],"class_list":["post-22321","post","type-post","status-publish","format-standard","has-post-thumbnail","hentry","category-brandschutz","tag-uebernahme"],"acf":[],"hkrextid":null,"publication":null,"issue":null,"workflow":null,"startPage":null,"spitzmarke":null,"_posts_by_tag_page_fields":null,"_at_widget":null,"_yoast_wpseo_primary_category":"67","_yoast_wpseo_focuskw_text_input":null,"_yoast_wpseo_opengraph-image":null,"_yoast_wpseo_opengraph-description":null,"_yoast_wpseo_opengraph-title":null,"enclosure":null,"_yoast_wpseo_twitter-title":null,"_yoast_wpseo_twitter-description":null,"_yoast_wpseo_twitter-image":null,"_wp_old_slug":null,"_yoast_wpseo_title":null,"_yoast_wpseo_canonical":null,"yoast_head":"<!-- This site is optimized with the Yoast SEO plugin v27.5 - https:\/\/yoast.com\/product\/yoast-seo-wordpress\/ -->\n<title>Minimax \u00fcbernimmt ARB Brandschutz GmbH - Save<\/title>\n<meta name=\"description\" content=\"Die Minimax AG mit Hauptsitz in D\u00fcbendorf \u00fcbernimmt per 1. Januar 2024 die ARB Brandschutz GmbH mit Sitz in Igis GR.\" \/>\n<meta name=\"robots\" content=\"index, follow, max-snippet:-1, max-image-preview:large, max-video-preview:-1\" \/>\n<link rel=\"canonical\" href=\"https:\/\/news.save.ch\/de\/minimax-uebernimmt-arb-brandschutz-gmbh\/\" \/>\n<meta property=\"og:locale\" content=\"de_DE\" \/>\n<meta property=\"og:type\" content=\"article\" \/>\n<meta property=\"og:title\" content=\"Minimax \u00fcbernimmt ARB Brandschutz GmbH - Save\" \/>\n<meta property=\"og:description\" content=\"Die Minimax AG mit Hauptsitz in D\u00fcbendorf \u00fcbernimmt per 1. Januar 2024 die ARB Brandschutz GmbH mit Sitz in Igis GR.\" \/>\n<meta property=\"og:url\" content=\"https:\/\/news.save.ch\/de\/minimax-uebernimmt-arb-brandschutz-gmbh\/\" \/>\n<meta property=\"og:site_name\" content=\"Save\" \/>\n<meta property=\"article:published_time\" content=\"2023-11-03T05:09:52+00:00\" \/>\n<meta property=\"article:modified_time\" content=\"2023-11-09T10:04:31+00:00\" \/>\n<meta property=\"og:image\" content=\"https:\/\/news.save.ch\/wp-content\/uploads\/2023\/11\/Minimax.jpg\" \/>\n\t<meta property=\"og:image:width\" content=\"654\" \/>\n\t<meta property=\"og:image:height\" content=\"459\" \/>\n\t<meta property=\"og:image:type\" content=\"image\/jpeg\" \/>\n<meta name=\"author\" content=\"Roger Str\u00e4ssle\" \/>\n<meta name=\"twitter:card\" content=\"summary_large_image\" \/>\n<meta name=\"twitter:label1\" content=\"Geschrieben von\" \/>\n\t<meta name=\"twitter:data1\" content=\"Roger Str\u00e4ssle\" \/>\n\t<meta name=\"twitter:label2\" content=\"Gesch\u00e4tzte Lesezeit\" \/>\n\t<meta name=\"twitter:data2\" content=\"1\u00a0Minute\" \/>\n<script type=\"application\/ld+json\" class=\"yoast-schema-graph\">{\"@context\":\"https:\\\/\\\/schema.org\",\"@graph\":[{\"@type\":\"Article\",\"@id\":\"https:\\\/\\\/news.save.ch\\\/minimax-uebernimmt-arb-brandschutz-gmbh\\\/#article\",\"isPartOf\":{\"@id\":\"https:\\\/\\\/news.save.ch\\\/minimax-uebernimmt-arb-brandschutz-gmbh\\\/\"},\"author\":{\"name\":\"Roger Str\u00e4ssle\",\"@id\":\"https:\\\/\\\/news.save.ch\\\/de\\\/#\\\/schema\\\/person\\\/d5022db048e0e2b9785c50e5b24da5aa\"},\"headline\":\"Minimax \u00fcbernimmt ARB Brandschutz GmbH\",\"datePublished\":\"2023-11-03T05:09:52+00:00\",\"dateModified\":\"2023-11-09T10:04:31+00:00\",\"mainEntityOfPage\":{\"@id\":\"https:\\\/\\\/news.save.ch\\\/minimax-uebernimmt-arb-brandschutz-gmbh\\\/\"},\"wordCount\":153,\"publisher\":{\"@id\":\"https:\\\/\\\/news.save.ch\\\/de\\\/#organization\"},\"image\":{\"@id\":\"https:\\\/\\\/news.save.ch\\\/minimax-uebernimmt-arb-brandschutz-gmbh\\\/#primaryimage\"},\"thumbnailUrl\":\"https:\\\/\\\/news.save.ch\\\/wp-content\\\/uploads\\\/2023\\\/11\\\/Minimax.jpg\",\"keywords\":[\"\u00dcbernahme\"],\"articleSection\":[\"BRANDSCHUTZ\"],\"inLanguage\":\"de\"},{\"@type\":\"WebPage\",\"@id\":\"https:\\\/\\\/news.save.ch\\\/minimax-uebernimmt-arb-brandschutz-gmbh\\\/\",\"url\":\"https:\\\/\\\/news.save.ch\\\/minimax-uebernimmt-arb-brandschutz-gmbh\\\/\",\"name\":\"Minimax \u00fcbernimmt ARB Brandschutz GmbH - Save\",\"isPartOf\":{\"@id\":\"https:\\\/\\\/news.save.ch\\\/de\\\/#website\"},\"primaryImageOfPage\":{\"@id\":\"https:\\\/\\\/news.save.ch\\\/minimax-uebernimmt-arb-brandschutz-gmbh\\\/#primaryimage\"},\"image\":{\"@id\":\"https:\\\/\\\/news.save.ch\\\/minimax-uebernimmt-arb-brandschutz-gmbh\\\/#primaryimage\"},\"thumbnailUrl\":\"https:\\\/\\\/news.save.ch\\\/wp-content\\\/uploads\\\/2023\\\/11\\\/Minimax.jpg\",\"datePublished\":\"2023-11-03T05:09:52+00:00\",\"dateModified\":\"2023-11-09T10:04:31+00:00\",\"description\":\"Die Minimax AG mit Hauptsitz in D\u00fcbendorf \u00fcbernimmt per 1. Januar 2024 die ARB Brandschutz GmbH mit Sitz in Igis GR.\",\"breadcrumb\":{\"@id\":\"https:\\\/\\\/news.save.ch\\\/minimax-uebernimmt-arb-brandschutz-gmbh\\\/#breadcrumb\"},\"inLanguage\":\"de\",\"potentialAction\":[{\"@type\":\"ReadAction\",\"target\":[\"https:\\\/\\\/news.save.ch\\\/minimax-uebernimmt-arb-brandschutz-gmbh\\\/\"]}]},{\"@type\":\"ImageObject\",\"inLanguage\":\"de\",\"@id\":\"https:\\\/\\\/news.save.ch\\\/minimax-uebernimmt-arb-brandschutz-gmbh\\\/#primaryimage\",\"url\":\"https:\\\/\\\/news.save.ch\\\/wp-content\\\/uploads\\\/2023\\\/11\\\/Minimax.jpg\",\"contentUrl\":\"https:\\\/\\\/news.save.ch\\\/wp-content\\\/uploads\\\/2023\\\/11\\\/Minimax.jpg\",\"width\":654,\"height\":459,\"caption\":\"Fredi Luzi (links), Leiter der Minimax-Agentur Graub\u00fcnden, und Arno Buschauer, Inhaber ARB Brandschutz GmbH.\"},{\"@type\":\"BreadcrumbList\",\"@id\":\"https:\\\/\\\/news.save.ch\\\/minimax-uebernimmt-arb-brandschutz-gmbh\\\/#breadcrumb\",\"itemListElement\":[{\"@type\":\"ListItem\",\"position\":1,\"name\":\"Home\",\"item\":\"https:\\\/\\\/news.save.ch\\\/de\\\/\"},{\"@type\":\"ListItem\",\"position\":2,\"name\":\"Minimax \u00fcbernimmt ARB Brandschutz GmbH\"}]},{\"@type\":\"WebSite\",\"@id\":\"https:\\\/\\\/news.save.ch\\\/de\\\/#website\",\"url\":\"https:\\\/\\\/news.save.ch\\\/de\\\/\",\"name\":\"Save\",\"description\":\"Schweizer Fachzeitschrift f\u00fcr Sicherheit\",\"publisher\":{\"@id\":\"https:\\\/\\\/news.save.ch\\\/de\\\/#organization\"},\"potentialAction\":[{\"@type\":\"SearchAction\",\"target\":{\"@type\":\"EntryPoint\",\"urlTemplate\":\"https:\\\/\\\/news.save.ch\\\/de\\\/?s={search_term_string}\"},\"query-input\":{\"@type\":\"PropertyValueSpecification\",\"valueRequired\":true,\"valueName\":\"search_term_string\"}}],\"inLanguage\":\"de\"},{\"@type\":\"Organization\",\"@id\":\"https:\\\/\\\/news.save.ch\\\/de\\\/#organization\",\"name\":\"Sicherheitsforum\",\"url\":\"https:\\\/\\\/news.save.ch\\\/de\\\/\",\"logo\":{\"@type\":\"ImageObject\",\"inLanguage\":\"de\",\"@id\":\"https:\\\/\\\/news.save.ch\\\/de\\\/#\\\/schema\\\/logo\\\/image\\\/\",\"url\":\"https:\\\/\\\/news.save.ch\\\/wp-content\\\/uploads\\\/2022\\\/06\\\/Logo_SF_2012.png\",\"contentUrl\":\"https:\\\/\\\/news.save.ch\\\/wp-content\\\/uploads\\\/2022\\\/06\\\/Logo_SF_2012.png\",\"width\":1100,\"height\":91,\"caption\":\"Sicherheitsforum\"},\"image\":{\"@id\":\"https:\\\/\\\/news.save.ch\\\/de\\\/#\\\/schema\\\/logo\\\/image\\\/\"}},{\"@type\":\"Person\",\"@id\":\"https:\\\/\\\/news.save.ch\\\/de\\\/#\\\/schema\\\/person\\\/d5022db048e0e2b9785c50e5b24da5aa\",\"name\":\"Roger Str\u00e4ssle\",\"image\":{\"@type\":\"ImageObject\",\"inLanguage\":\"de\",\"@id\":\"https:\\\/\\\/secure.gravatar.com\\\/avatar\\\/862a5569d087de48e5856e32f45d719a03804c891d6deb8d4f71a660e79e4a47?s=96&d=mm&r=g\",\"url\":\"https:\\\/\\\/secure.gravatar.com\\\/avatar\\\/862a5569d087de48e5856e32f45d719a03804c891d6deb8d4f71a660e79e4a47?s=96&d=mm&r=g\",\"contentUrl\":\"https:\\\/\\\/secure.gravatar.com\\\/avatar\\\/862a5569d087de48e5856e32f45d719a03804c891d6deb8d4f71a660e79e4a47?s=96&d=mm&r=g\",\"caption\":\"Roger Str\u00e4ssle\"},\"url\":\"https:\\\/\\\/news.save.ch\\\/de\\\/author\\\/roger-straessle\\\/\"}]}<\/script>\n<!-- \/ Yoast SEO plugin. -->","yoast_head_json":{"title":"Minimax \u00fcbernimmt ARB Brandschutz GmbH - Save","description":"Die Minimax AG mit Hauptsitz in D\u00fcbendorf \u00fcbernimmt per 1. Januar 2024 die ARB Brandschutz GmbH mit Sitz in Igis GR.","robots":{"index":"index","follow":"follow","max-snippet":"max-snippet:-1","max-image-preview":"max-image-preview:large","max-video-preview":"max-video-preview:-1"},"canonical":"https:\/\/news.save.ch\/de\/minimax-uebernimmt-arb-brandschutz-gmbh\/","og_locale":"de_DE","og_type":"article","og_title":"Minimax \u00fcbernimmt ARB Brandschutz GmbH - Save","og_description":"Die Minimax AG mit Hauptsitz in D\u00fcbendorf \u00fcbernimmt per 1. Januar 2024 die ARB Brandschutz GmbH mit Sitz in Igis GR.","og_url":"https:\/\/news.save.ch\/de\/minimax-uebernimmt-arb-brandschutz-gmbh\/","og_site_name":"Save","article_published_time":"2023-11-03T05:09:52+00:00","article_modified_time":"2023-11-09T10:04:31+00:00","og_image":[{"width":654,"height":459,"url":"https:\/\/news.save.ch\/wp-content\/uploads\/2023\/11\/Minimax.jpg","type":"image\/jpeg"}],"author":"Roger Str\u00e4ssle","twitter_card":"summary_large_image","twitter_misc":{"Geschrieben von":"Roger Str\u00e4ssle","Gesch\u00e4tzte Lesezeit":"1\u00a0Minute"},"schema":{"@context":"https:\/\/schema.org","@graph":[{"@type":"Article","@id":"https:\/\/news.save.ch\/minimax-uebernimmt-arb-brandschutz-gmbh\/#article","isPartOf":{"@id":"https:\/\/news.save.ch\/minimax-uebernimmt-arb-brandschutz-gmbh\/"},"author":{"name":"Roger Str\u00e4ssle","@id":"https:\/\/news.save.ch\/de\/#\/schema\/person\/d5022db048e0e2b9785c50e5b24da5aa"},"headline":"Minimax \u00fcbernimmt ARB Brandschutz GmbH","datePublished":"2023-11-03T05:09:52+00:00","dateModified":"2023-11-09T10:04:31+00:00","mainEntityOfPage":{"@id":"https:\/\/news.save.ch\/minimax-uebernimmt-arb-brandschutz-gmbh\/"},"wordCount":153,"publisher":{"@id":"https:\/\/news.save.ch\/de\/#organization"},"image":{"@id":"https:\/\/news.save.ch\/minimax-uebernimmt-arb-brandschutz-gmbh\/#primaryimage"},"thumbnailUrl":"https:\/\/news.save.ch\/wp-content\/uploads\/2023\/11\/Minimax.jpg","keywords":["\u00dcbernahme"],"articleSection":["BRANDSCHUTZ"],"inLanguage":"de"},{"@type":"WebPage","@id":"https:\/\/news.save.ch\/minimax-uebernimmt-arb-brandschutz-gmbh\/","url":"https:\/\/news.save.ch\/minimax-uebernimmt-arb-brandschutz-gmbh\/","name":"Minimax \u00fcbernimmt ARB Brandschutz GmbH - Save","isPartOf":{"@id":"https:\/\/news.save.ch\/de\/#website"},"primaryImageOfPage":{"@id":"https:\/\/news.save.ch\/minimax-uebernimmt-arb-brandschutz-gmbh\/#primaryimage"},"image":{"@id":"https:\/\/news.save.ch\/minimax-uebernimmt-arb-brandschutz-gmbh\/#primaryimage"},"thumbnailUrl":"https:\/\/news.save.ch\/wp-content\/uploads\/2023\/11\/Minimax.jpg","datePublished":"2023-11-03T05:09:52+00:00","dateModified":"2023-11-09T10:04:31+00:00","description":"Die Minimax AG mit Hauptsitz in D\u00fcbendorf \u00fcbernimmt per 1. Januar 2024 die ARB Brandschutz GmbH mit Sitz in Igis GR.","breadcrumb":{"@id":"https:\/\/news.save.ch\/minimax-uebernimmt-arb-brandschutz-gmbh\/#breadcrumb"},"inLanguage":"de","potentialAction":[{"@type":"ReadAction","target":["https:\/\/news.save.ch\/minimax-uebernimmt-arb-brandschutz-gmbh\/"]}]},{"@type":"ImageObject","inLanguage":"de","@id":"https:\/\/news.save.ch\/minimax-uebernimmt-arb-brandschutz-gmbh\/#primaryimage","url":"https:\/\/news.save.ch\/wp-content\/uploads\/2023\/11\/Minimax.jpg","contentUrl":"https:\/\/news.save.ch\/wp-content\/uploads\/2023\/11\/Minimax.jpg","width":654,"height":459,"caption":"Fredi Luzi (links), Leiter der Minimax-Agentur Graub\u00fcnden, und Arno Buschauer, Inhaber ARB Brandschutz GmbH."},{"@type":"BreadcrumbList","@id":"https:\/\/news.save.ch\/minimax-uebernimmt-arb-brandschutz-gmbh\/#breadcrumb","itemListElement":[{"@type":"ListItem","position":1,"name":"Home","item":"https:\/\/news.save.ch\/de\/"},{"@type":"ListItem","position":2,"name":"Minimax \u00fcbernimmt ARB Brandschutz GmbH"}]},{"@type":"WebSite","@id":"https:\/\/news.save.ch\/de\/#website","url":"https:\/\/news.save.ch\/de\/","name":"Save","description":"Schweizer Fachzeitschrift f\u00fcr Sicherheit","publisher":{"@id":"https:\/\/news.save.ch\/de\/#organization"},"potentialAction":[{"@type":"SearchAction","target":{"@type":"EntryPoint","urlTemplate":"https:\/\/news.save.ch\/de\/?s={search_term_string}"},"query-input":{"@type":"PropertyValueSpecification","valueRequired":true,"valueName":"search_term_string"}}],"inLanguage":"de"},{"@type":"Organization","@id":"https:\/\/news.save.ch\/de\/#organization","name":"Sicherheitsforum","url":"https:\/\/news.save.ch\/de\/","logo":{"@type":"ImageObject","inLanguage":"de","@id":"https:\/\/news.save.ch\/de\/#\/schema\/logo\/image\/","url":"https:\/\/news.save.ch\/wp-content\/uploads\/2022\/06\/Logo_SF_2012.png","contentUrl":"https:\/\/news.save.ch\/wp-content\/uploads\/2022\/06\/Logo_SF_2012.png","width":1100,"height":91,"caption":"Sicherheitsforum"},"image":{"@id":"https:\/\/news.save.ch\/de\/#\/schema\/logo\/image\/"}},{"@type":"Person","@id":"https:\/\/news.save.ch\/de\/#\/schema\/person\/d5022db048e0e2b9785c50e5b24da5aa","name":"Roger Str\u00e4ssle","image":{"@type":"ImageObject","inLanguage":"de","@id":"https:\/\/secure.gravatar.com\/avatar\/862a5569d087de48e5856e32f45d719a03804c891d6deb8d4f71a660e79e4a47?s=96&d=mm&r=g","url":"https:\/\/secure.gravatar.com\/avatar\/862a5569d087de48e5856e32f45d719a03804c891d6deb8d4f71a660e79e4a47?s=96&d=mm&r=g","contentUrl":"https:\/\/secure.gravatar.com\/avatar\/862a5569d087de48e5856e32f45d719a03804c891d6deb8d4f71a660e79e4a47?s=96&d=mm&r=g","caption":"Roger Str\u00e4ssle"},"url":"https:\/\/news.save.ch\/de\/author\/roger-straessle\/"}]}},"_links":{"self":[{"href":"https:\/\/news.save.ch\/de\/wp-json\/wp\/v2\/posts\/22321","targetHints":{"allow":["GET"]}}],"collection":[{"href":"https:\/\/news.save.ch\/de\/wp-json\/wp\/v2\/posts"}],"about":[{"href":"https:\/\/news.save.ch\/de\/wp-json\/wp\/v2\/types\/post"}],"author":[{"embeddable":true,"href":"https:\/\/news.save.ch\/de\/wp-json\/wp\/v2\/users\/8"}],"replies":[{"embeddable":true,"href":"https:\/\/news.save.ch\/de\/wp-json\/wp\/v2\/comments?post=22321"}],"version-history":[{"count":5,"href":"https:\/\/news.save.ch\/de\/wp-json\/wp\/v2\/posts\/22321\/revisions"}],"predecessor-version":[{"id":22349,"href":"https:\/\/news.save.ch\/de\/wp-json\/wp\/v2\/posts\/22321\/revisions\/22349"}],"wp:featuredmedia":[{"embeddable":true,"href":"https:\/\/news.save.ch\/de\/wp-json\/wp\/v2\/media\/22322"}],"wp:attachment":[{"href":"https:\/\/news.save.ch\/de\/wp-json\/wp\/v2\/media?parent=22321"}],"wp:term":[{"taxonomy":"category","embeddable":true,"href":"https:\/\/news.save.ch\/de\/wp-json\/wp\/v2\/categories?post=22321"},{"taxonomy":"post_tag","embeddable":true,"href":"https:\/\/news.save.ch\/de\/wp-json\/wp\/v2\/tags?post=22321"}],"curies":[{"name":"wp","href":"https:\/\/api.w.org\/{rel}","templated":true}]}}