{"id":2236,"date":"2016-03-02T16:33:48","date_gmt":"2016-03-02T15:33:48","guid":{"rendered":"https:\/\/dev.sicherheitsforum.ch\/?p=2236"},"modified":"2016-03-02T16:33:48","modified_gmt":"2016-03-02T15:33:48","slug":"ergebnisse-der-sicherheitsbefragung","status":null,"type":"post","link":"https:\/\/news.save.ch\/de\/ergebnisse-der-sicherheitsbefragung\/","title":{"rendered":"Ergebnisse der Sicherheitsbefragung"},"content":{"rendered":"<figure id=\"attachment_2237\" aria-describedby=\"caption-attachment-2237\" style=\"width: 680px\" class=\"wp-caption alignnone\"><img loading=\"lazy\" decoding=\"async\" class=\"size-medium wp-image-2237\" src=\"https:\/\/news.save.ch\/wp-content\/uploads\/2016\/12\/56d70a9f742e0_depositphotos_58588551_l_2015_Sicherheitsforum.jpg\" alt=\"\" width=\"680\" height=\"453\" \/><figcaption id=\"caption-attachment-2237\" class=\"wp-caption-text\">Die Bev\u00f6lkerung sieht jedoch vermehrt Probleme in den Bereichen Vandalismus sowie Einbruch, Diebstahl und Raub.<\/figcaption><\/figure>\n<p>Die Schweizerische Sicherheitsbefragung, welche seit mehr als 30 Jahren regelm\u00e4ssig durchgef\u00fchrt wird, gibt Aufschluss \u00fcber langfristige Entwicklungen in der Kriminalit\u00e4t: \u00abNach einem Aufw\u00e4rtstrend in den letzten Jahren kann nun ein R\u00fcckgang der Straftaten verzeichnet werden\u00bb, hebt der Studienleiter, Martin Killias, hervor. \u00abInsbesondere beim Diebstahl sowie bei T\u00e4tlichkeiten und Drohungen nahmen die Straftaten gegen\u00fcber der letzten Befragung im Jahr 2011 deutlich ab\u00bb, h\u00e4lt Killias fest. Die Ergebnisse der Sicherheitsbefragung decken sich mehrheitlich mit den Polizeilichen Kriminalstatistiken der vergangenen Jahre.<\/p>\n<p><strong>J\u00fcngere vermehrt von T\u00e4tlichkeiten und Drohungen betroffen<\/strong><\/p>\n<p>Von den 2000 Befragten gaben 7,9% an, in den letzten f\u00fcnf Jahren Opfer einer T\u00e4tlichkeit oder Drohung geworden zu sein. Dies sind 2,1% weniger als vor f\u00fcnf Jahren. Die unter 39\u2010J\u00e4hrigen waren dabei signifikant mehr betroffen als \u00e4ltere Befragte. \u00abDieses Ph\u00e4nomen l\u00e4sst sich schon l\u00e4nger beobachten\u00bb, erkl\u00e4rt Stefan Bl\u00e4ttler, Pr\u00e4sident der Konferenz der Kantonalen Polizeikommandanten der Schweiz (<a href=\"https:\/\/www.kkpks.ch\" target=\"_blank\" data-cke-saved-href=\"https:\/\/www.kkpks.ch\" rel=\"noopener\">KKPKS<\/a>). \u00abDie h\u00f6heren Opferraten bei j\u00fcngeren Personen k\u00f6nnten mit dem Ausgehverhalten zusammenh\u00e4ngen.\u00bb Im Unterschied zur Befragung im Jahr 2011 wurde dagegen kein statistisch signifikanter Unterschied nach Geschlecht mehr festgestellt.<\/p>\n<p>Gem\u00e4ss Killias deuten die Ergebnisse auf einen R\u00fcckgang k\u00f6rperlicher \u00dcbergriffe im Allgemeinen hin. Zudem zeigte sich, dass die Schwere abgenommen habe. Die Raubdelikte nahmen gegen\u00fcber der Befragung im Jahr 2011 dagegen leicht zu (+0,4%). \u00abSeit der ersten Durchf\u00fchrung stellen wir beim Raub eine kontinuierliche Zunahme fest\u00bb, best\u00e4tigt Killias. Fundierte Aussagen \u00fcber die Ursachen liessen sich jedoch nur mittels weiterer wissenschaftlicher Studien eruieren.<\/p>\n<p><strong>Vandalismus als dringendstes Problem<\/strong><\/p>\n<p>Obwohl 2015 mit 8,4% weniger Befragte angaben, dass es st\u00f6rende Dinge auf der Strasse gibt (2011: 11,6%), orten sie\u00a0mehr dringende Probleme in den Gemeinden. W\u00e4hrend 2011 jeweils ein knappes Drittel der Meinung war, dass es keine dringenden Probleme zu l\u00f6sen gibt, war es 2015 noch ein Viertel. Am meisten beschweren sich die Befragten \u00fcber Vandalismus sowie Einbr\u00fcche, Diebstahl und Raub. \u00abWir nehmen diese Anliegen ernst und werden uns weiterhin mit pr\u00e4ventiver Pr\u00e4senz, Pr\u00e4ventionskampagnen sowie der konsequenten Ermittlungsarbeit daf\u00fcr einsetzen, dass sich die Situation verbessert\u00bb, betont der KKPKS\u2010Pr\u00e4sident.<\/p>\n<p><strong>Mehrheit f\u00fchlt sich in der Schweiz sicher<\/strong><\/p>\n<p>85,3% aller Befragten f\u00fchlen sich auch nach Einbruch der Dunkelheit alleine auf der Strasse sicher. Dieser Wert nimmt seit seiner Erfassung im Jahr 2000 stetig zu. 11,3% gaben an, in den vergangenen 12 Monaten konkret Angst gehabt zu haben, Opfer eines Verbrechens zu werden. \u00abDieses Ergebnis ist zwar erfreulich tief, aber es ist unsere Aufgabe, dass sich alle Personen in der Schweiz sicher f\u00fchlen. Wir tun mit den vorhandenen Ressourcen alles nur M\u00f6gliche daf\u00fcr\u00bb, erkl\u00e4rt Bl\u00e4ttler.<\/p>\n<p><strong>Pr\u00e4ventionskampagnen in den K\u00f6pfen verankert<\/strong><\/p>\n<p>Trotz leicht gesunkener Einbruchszahlen halten es deutlich mehr Personen f\u00fcr wahrscheinlich, dass im n\u00e4chsten Jahr versucht wird, in ihre Wohnung einzubrechen (+7,7%). Die Sicherheitsbefragung zeigt hingegen auch, dass die Bev\u00f6lkerung sich vermehrt mit dem Thema Einbruchdiebstahl auseinandersetzt. So best\u00e4tigen fast 60% der Befragten, eine Kampagne gegen Einbruchdiebstahl zu kennen.<\/p>\n<p>Generell ist der Bekanntheitsgrad der Pr\u00e4ventionskampagnen gegen\u00fcber 2011 auf 61,3% gestiegen (+7,1%). Ausserdem hat sich der Anteil derjenigen, welche ihr Verhalten aufgrund einer Kampagne ge\u00e4ndert haben, erh\u00f6ht. Beispielsweise gibt ein Drittel der Befragten an, sich im Internet vorsichtiger zu verhalten (+9,3%). Zudem ist der Anteil der Personen, welche Massnahmen gegen Einbruchdiebstahl getroffen haben, um 8% gestiegen. \u00abDie Zahlen zeigen, dass unsere Botschaften in den K\u00f6pfen der Bev\u00f6lkerung verankert sind\u00bb, ist Martin Boess, Direktor der Schweizerischen Kriminalpr\u00e4vention, \u00fcberzeugt. \u00abDer Anteil muss aber weiter gesteigert werden.\u00bb<\/p>\n<p><strong>Grosses Vertrauen in die Polizei<\/strong><\/p>\n<p>Ebenfalls erfasst wurde die Einstellung der befragten Bev\u00f6lkerung zur Polizei. Fast neun von zehn Befragten (87,9%) gaben an, der Polizei zu vertrauen. Insbesondere der starke Vertrauensanstieg bei Personen unter 26 Jahren ist erfreulich, wobei die Werte in Folge anderer Frageart nur bedingt vergleichbar sind. Mehr als 70% beurteilen die Arbeit der Polizei mit einer Schulnote f\u00fcnf oder h\u00f6her, \u00fcber 90% der Befragten bezeichnen die Anstrengungen zur Bek\u00e4mpfung der Kriminalit\u00e4t als ziemlich bis sehr gut. Des Weiteren ist die Zufriedenheit mit der Arbeit der Polizei nach einer Anzeige auf hohem Niveau stabil. Die Polizeipr\u00e4senz wird von mehr als 60% als gen\u00fcgend eingesch\u00e4tzt. W\u00e4hrend \u00fcber 39\u2010J\u00e4hrige die Pr\u00e4senz mit 54,6% als ausreichend bezeichneten, waren es bei den unter 26\u2010J\u00e4hrigen \u00fcber 70%. Dies ist unter anderem auf vermehrte Patrouillen an Brennpunkten und neuralgischen Stellen zur\u00fcck zu f\u00fchren.<\/p>\n<p>Die Schweizerische Sicherheitsbefragung 2015 wurde im Auftrag der KKPKS durch die Firma Killias Research &amp; Consulting (KRC) durchgef\u00fchrt. Sie kn\u00fcpft an fr\u00fchere nationale Studien des International Crime Victimization Survey (ICVS) an und basiert auf einer Stichprobe von rund 2\u2018000 Personen. Die Befragung wurde vom Umfrageinstitut gfs\u2010z\u00fcrich zwischen Mai 2015 und September 2015 durchgef\u00fchrt. Die R\u00fccklaufquote betr\u00e4gt 66,5%.<\/p>\n<p><img loading=\"lazy\" decoding=\"async\" class=\"alignnone size-medium wp-image-2239\" src=\"https:\/\/news.save.ch\/wp-content\/uploads\/2016\/12\/56d70b7448197_gewalt_statistik_Sicherheitsforum.png\" alt=\"\" width=\"680\" height=\"475\" srcset=\"https:\/\/news.save.ch\/wp-content\/uploads\/2016\/12\/56d70b7448197_gewalt_statistik_Sicherheitsforum.png 858w, https:\/\/news.save.ch\/wp-content\/uploads\/2016\/12\/56d70b7448197_gewalt_statistik_Sicherheitsforum-375x262.png 375w\" sizes=\"auto, (max-width: 680px) 100vw, 680px\" \/><\/p>\n","protected":false},"excerpt":{"rendered":"<p>Die Schweizerische Sicherheitsbefragung, welche seit mehr als 30 Jahren regelm\u00e4ssig durchgef\u00fchrt wird, gibt Aufschluss \u00fcber langfristige Entwicklungen in der Kriminalit\u00e4t: \u00abNach einem Aufw\u00e4rtstrend in den letzten Jahren kann nun ein R\u00fcckgang der Straftaten verzeichnet werden\u00bb, hebt der Studienleiter, Martin Killias, hervor. \u00abInsbesondere beim Diebstahl sowie bei T\u00e4tlichkeiten und Drohungen nahmen die Straftaten gegen\u00fcber der letzten [&hellip;]<\/p>\n","protected":false},"author":1,"featured_media":2237,"comment_status":"open","ping_status":"open","sticky":false,"template":"","format":"standard","meta":{"_acf_changed":false,"pgc_sgb_lightbox_settings":"","footnotes":""},"categories":[1],"tags":[69,239,240,113,241],"class_list":["post-2236","post","type-post","status-publish","format-standard","has-post-thumbnail","hentry","category-allgemein","tag-justiz-polizei","tag-kkpks","tag-konferenz-der-kantonalen-polizeikommandanten-der-schweiz","tag-kriminalitaet","tag-schweizerische-sicherheitsbefragung-2015"],"acf":[],"hkrextid":null,"publication":null,"issue":null,"workflow":null,"startPage":null,"spitzmarke":null,"_posts_by_tag_page_fields":{"widget_title":"","widget_tags":""},"_at_widget":"1","_yoast_wpseo_primary_category":"","_yoast_wpseo_focuskw_text_input":"Sicherheitsbefragung","_yoast_wpseo_opengraph-image":"https:\/\/news.save.ch\/wp-content\/uploads\/2016\/12\/56d70a9f742e0_depositphotos_58588551_l_2015_Sicherheitsforum.jpg","_yoast_wpseo_opengraph-description":"Die k\u00fcrzlich ver\u00f6ffentlichte Schweizerische Sicherheitsbefragung 2015 zeigt erfreuliche Resultate: Fast in allen Deliktsarten sind die Zahlen im Vergleich zu 2011 gesunken. Die Befragung wurde von der Konferenz der Kantonalen Polizeikommandanten der Schweiz in Auftrag gegeben, um ein repr\u00e4sentatives Bild \u00fcber die Sicherheitsbed\u00fcrfnisse der Schweizer Bev\u00f6lkerung zu erhalten.","_yoast_wpseo_opengraph-title":"Ergebnisse der Sicherheitsbefragung","enclosure":null,"_yoast_wpseo_twitter-title":null,"_yoast_wpseo_twitter-description":null,"_yoast_wpseo_twitter-image":null,"_wp_old_slug":null,"_yoast_wpseo_title":null,"_yoast_wpseo_canonical":null,"yoast_head":"<!-- This site is optimized with the Yoast SEO plugin v27.4 - https:\/\/yoast.com\/product\/yoast-seo-wordpress\/ -->\n<title>Ergebnisse der Sicherheitsbefragung - Save<\/title>\n<meta name=\"description\" content=\"Die k\u00fcrzlich ver\u00f6ffentlichte Schweizerische Sicherheitsbefragung 2015 zeigt erfreuliche Resultate: Fast in allen Deliktsarten sind die Zahlen gesunken.\" \/>\n<meta name=\"robots\" content=\"index, follow, max-snippet:-1, max-image-preview:large, max-video-preview:-1\" \/>\n<link rel=\"canonical\" href=\"https:\/\/news.save.ch\/de\/ergebnisse-der-sicherheitsbefragung\/\" \/>\n<meta property=\"og:locale\" content=\"de_DE\" \/>\n<meta property=\"og:type\" content=\"article\" \/>\n<meta property=\"og:title\" content=\"Ergebnisse der Sicherheitsbefragung\" \/>\n<meta property=\"og:description\" content=\"Die k\u00fcrzlich ver\u00f6ffentlichte Schweizerische Sicherheitsbefragung 2015 zeigt erfreuliche Resultate: Fast in allen Deliktsarten sind die Zahlen im Vergleich zu 2011 gesunken. Die Befragung wurde von der Konferenz der Kantonalen Polizeikommandanten der Schweiz in Auftrag gegeben, um ein repr\u00e4sentatives Bild \u00fcber die Sicherheitsbed\u00fcrfnisse der Schweizer Bev\u00f6lkerung zu erhalten.\" \/>\n<meta property=\"og:url\" content=\"https:\/\/news.save.ch\/de\/ergebnisse-der-sicherheitsbefragung\/\" \/>\n<meta property=\"og:site_name\" content=\"Save\" \/>\n<meta property=\"article:published_time\" content=\"2016-03-02T15:33:48+00:00\" \/>\n<meta property=\"og:image\" content=\"https:\/\/news.save.ch\/wp-content\/uploads\/2016\/12\/56d70a9f742e0_depositphotos_58588551_l_2015_Sicherheitsforum.jpg\" \/>\n<meta name=\"author\" content=\"admin\" \/>\n<meta name=\"twitter:card\" content=\"summary_large_image\" \/>\n<meta name=\"twitter:label1\" content=\"Geschrieben von\" \/>\n\t<meta name=\"twitter:data1\" content=\"admin\" \/>\n\t<meta name=\"twitter:label2\" content=\"Gesch\u00e4tzte Lesezeit\" \/>\n\t<meta name=\"twitter:data2\" content=\"4\u00a0Minuten\" \/>\n<script type=\"application\/ld+json\" class=\"yoast-schema-graph\">{\"@context\":\"https:\\\/\\\/schema.org\",\"@graph\":[{\"@type\":\"Article\",\"@id\":\"https:\\\/\\\/news.save.ch\\\/ergebnisse-der-sicherheitsbefragung\\\/#article\",\"isPartOf\":{\"@id\":\"https:\\\/\\\/news.save.ch\\\/ergebnisse-der-sicherheitsbefragung\\\/\"},\"author\":{\"name\":\"admin\",\"@id\":\"https:\\\/\\\/news.save.ch\\\/de\\\/#\\\/schema\\\/person\\\/d49e199490bad7c70d64b9ab51142f2b\"},\"headline\":\"Ergebnisse der Sicherheitsbefragung\",\"datePublished\":\"2016-03-02T15:33:48+00:00\",\"mainEntityOfPage\":{\"@id\":\"https:\\\/\\\/news.save.ch\\\/ergebnisse-der-sicherheitsbefragung\\\/\"},\"wordCount\":813,\"commentCount\":0,\"publisher\":{\"@id\":\"https:\\\/\\\/news.save.ch\\\/de\\\/#organization\"},\"image\":{\"@id\":\"https:\\\/\\\/news.save.ch\\\/ergebnisse-der-sicherheitsbefragung\\\/#primaryimage\"},\"thumbnailUrl\":\"https:\\\/\\\/news.save.ch\\\/wp-content\\\/uploads\\\/2016\\\/12\\\/56d70a9f742e0_depositphotos_58588551_l_2015_Sicherheitsforum-scaled.jpg\",\"keywords\":[\"Justiz &amp; Polizei\",\"KKPKS\",\"Konferenz der Kantonalen Polizeikommandanten der Schweiz\",\"Kriminalit\u00e4t\",\"Schweizerische Sicherheitsbefragung 2015\"],\"articleSection\":[\"ALLGEMEIN\"],\"inLanguage\":\"de\"},{\"@type\":\"WebPage\",\"@id\":\"https:\\\/\\\/news.save.ch\\\/ergebnisse-der-sicherheitsbefragung\\\/\",\"url\":\"https:\\\/\\\/news.save.ch\\\/ergebnisse-der-sicherheitsbefragung\\\/\",\"name\":\"Ergebnisse der Sicherheitsbefragung - Save\",\"isPartOf\":{\"@id\":\"https:\\\/\\\/news.save.ch\\\/de\\\/#website\"},\"primaryImageOfPage\":{\"@id\":\"https:\\\/\\\/news.save.ch\\\/ergebnisse-der-sicherheitsbefragung\\\/#primaryimage\"},\"image\":{\"@id\":\"https:\\\/\\\/news.save.ch\\\/ergebnisse-der-sicherheitsbefragung\\\/#primaryimage\"},\"thumbnailUrl\":\"https:\\\/\\\/news.save.ch\\\/wp-content\\\/uploads\\\/2016\\\/12\\\/56d70a9f742e0_depositphotos_58588551_l_2015_Sicherheitsforum-scaled.jpg\",\"datePublished\":\"2016-03-02T15:33:48+00:00\",\"description\":\"Die k\u00fcrzlich ver\u00f6ffentlichte Schweizerische Sicherheitsbefragung 2015 zeigt erfreuliche Resultate: Fast in allen Deliktsarten sind die Zahlen gesunken.\",\"breadcrumb\":{\"@id\":\"https:\\\/\\\/news.save.ch\\\/ergebnisse-der-sicherheitsbefragung\\\/#breadcrumb\"},\"inLanguage\":\"de\",\"potentialAction\":[{\"@type\":\"ReadAction\",\"target\":[\"https:\\\/\\\/news.save.ch\\\/ergebnisse-der-sicherheitsbefragung\\\/\"]}]},{\"@type\":\"ImageObject\",\"inLanguage\":\"de\",\"@id\":\"https:\\\/\\\/news.save.ch\\\/ergebnisse-der-sicherheitsbefragung\\\/#primaryimage\",\"url\":\"https:\\\/\\\/news.save.ch\\\/wp-content\\\/uploads\\\/2016\\\/12\\\/56d70a9f742e0_depositphotos_58588551_l_2015_Sicherheitsforum-scaled.jpg\",\"contentUrl\":\"https:\\\/\\\/news.save.ch\\\/wp-content\\\/uploads\\\/2016\\\/12\\\/56d70a9f742e0_depositphotos_58588551_l_2015_Sicherheitsforum-scaled.jpg\",\"width\":1400,\"height\":932,\"caption\":\"Die Bev\u00f6lkerung sieht jedoch vermehrt Probleme in den Bereichen Vandalismus sowie Einbruch, Diebstahl und Raub.\"},{\"@type\":\"BreadcrumbList\",\"@id\":\"https:\\\/\\\/news.save.ch\\\/ergebnisse-der-sicherheitsbefragung\\\/#breadcrumb\",\"itemListElement\":[{\"@type\":\"ListItem\",\"position\":1,\"name\":\"Home\",\"item\":\"https:\\\/\\\/news.save.ch\\\/de\\\/\"},{\"@type\":\"ListItem\",\"position\":2,\"name\":\"Ergebnisse der Sicherheitsbefragung\"}]},{\"@type\":\"WebSite\",\"@id\":\"https:\\\/\\\/news.save.ch\\\/de\\\/#website\",\"url\":\"https:\\\/\\\/news.save.ch\\\/de\\\/\",\"name\":\"Save\",\"description\":\"Schweizer Fachzeitschrift f\u00fcr Sicherheit\",\"publisher\":{\"@id\":\"https:\\\/\\\/news.save.ch\\\/de\\\/#organization\"},\"potentialAction\":[{\"@type\":\"SearchAction\",\"target\":{\"@type\":\"EntryPoint\",\"urlTemplate\":\"https:\\\/\\\/news.save.ch\\\/de\\\/?s={search_term_string}\"},\"query-input\":{\"@type\":\"PropertyValueSpecification\",\"valueRequired\":true,\"valueName\":\"search_term_string\"}}],\"inLanguage\":\"de\"},{\"@type\":\"Organization\",\"@id\":\"https:\\\/\\\/news.save.ch\\\/de\\\/#organization\",\"name\":\"Sicherheitsforum\",\"url\":\"https:\\\/\\\/news.save.ch\\\/de\\\/\",\"logo\":{\"@type\":\"ImageObject\",\"inLanguage\":\"de\",\"@id\":\"https:\\\/\\\/news.save.ch\\\/de\\\/#\\\/schema\\\/logo\\\/image\\\/\",\"url\":\"https:\\\/\\\/news.save.ch\\\/wp-content\\\/uploads\\\/2022\\\/06\\\/Logo_SF_2012.png\",\"contentUrl\":\"https:\\\/\\\/news.save.ch\\\/wp-content\\\/uploads\\\/2022\\\/06\\\/Logo_SF_2012.png\",\"width\":1100,\"height\":91,\"caption\":\"Sicherheitsforum\"},\"image\":{\"@id\":\"https:\\\/\\\/news.save.ch\\\/de\\\/#\\\/schema\\\/logo\\\/image\\\/\"}},{\"@type\":\"Person\",\"@id\":\"https:\\\/\\\/news.save.ch\\\/de\\\/#\\\/schema\\\/person\\\/d49e199490bad7c70d64b9ab51142f2b\",\"name\":\"admin\",\"image\":{\"@type\":\"ImageObject\",\"inLanguage\":\"de\",\"@id\":\"https:\\\/\\\/secure.gravatar.com\\\/avatar\\\/ae2f4d718e6c49043e314ce431e7e645d646302a24a5ef5a8bc8e3f5a032e319?s=96&d=mm&r=g\",\"url\":\"https:\\\/\\\/secure.gravatar.com\\\/avatar\\\/ae2f4d718e6c49043e314ce431e7e645d646302a24a5ef5a8bc8e3f5a032e319?s=96&d=mm&r=g\",\"contentUrl\":\"https:\\\/\\\/secure.gravatar.com\\\/avatar\\\/ae2f4d718e6c49043e314ce431e7e645d646302a24a5ef5a8bc8e3f5a032e319?s=96&d=mm&r=g\",\"caption\":\"admin\"},\"sameAs\":[\"https:\\\/\\\/develop.organisator.galledia.ch\"],\"url\":\"https:\\\/\\\/news.save.ch\\\/de\\\/author\\\/admin\\\/\"}]}<\/script>\n<!-- \/ Yoast SEO plugin. -->","yoast_head_json":{"title":"Ergebnisse der Sicherheitsbefragung - Save","description":"Die k\u00fcrzlich ver\u00f6ffentlichte Schweizerische Sicherheitsbefragung 2015 zeigt erfreuliche Resultate: Fast in allen Deliktsarten sind die Zahlen gesunken.","robots":{"index":"index","follow":"follow","max-snippet":"max-snippet:-1","max-image-preview":"max-image-preview:large","max-video-preview":"max-video-preview:-1"},"canonical":"https:\/\/news.save.ch\/de\/ergebnisse-der-sicherheitsbefragung\/","og_locale":"de_DE","og_type":"article","og_title":"Ergebnisse der Sicherheitsbefragung","og_description":"Die k\u00fcrzlich ver\u00f6ffentlichte Schweizerische Sicherheitsbefragung 2015 zeigt erfreuliche Resultate: Fast in allen Deliktsarten sind die Zahlen im Vergleich zu 2011 gesunken. Die Befragung wurde von der Konferenz der Kantonalen Polizeikommandanten der Schweiz in Auftrag gegeben, um ein repr\u00e4sentatives Bild \u00fcber die Sicherheitsbed\u00fcrfnisse der Schweizer Bev\u00f6lkerung zu erhalten.","og_url":"https:\/\/news.save.ch\/de\/ergebnisse-der-sicherheitsbefragung\/","og_site_name":"Save","article_published_time":"2016-03-02T15:33:48+00:00","og_image":[{"url":"https:\/\/news.save.ch\/wp-content\/uploads\/2016\/12\/56d70a9f742e0_depositphotos_58588551_l_2015_Sicherheitsforum.jpg","type":"","width":"","height":""}],"author":"admin","twitter_card":"summary_large_image","twitter_misc":{"Geschrieben von":"admin","Gesch\u00e4tzte Lesezeit":"4\u00a0Minuten"},"schema":{"@context":"https:\/\/schema.org","@graph":[{"@type":"Article","@id":"https:\/\/news.save.ch\/ergebnisse-der-sicherheitsbefragung\/#article","isPartOf":{"@id":"https:\/\/news.save.ch\/ergebnisse-der-sicherheitsbefragung\/"},"author":{"name":"admin","@id":"https:\/\/news.save.ch\/de\/#\/schema\/person\/d49e199490bad7c70d64b9ab51142f2b"},"headline":"Ergebnisse der Sicherheitsbefragung","datePublished":"2016-03-02T15:33:48+00:00","mainEntityOfPage":{"@id":"https:\/\/news.save.ch\/ergebnisse-der-sicherheitsbefragung\/"},"wordCount":813,"commentCount":0,"publisher":{"@id":"https:\/\/news.save.ch\/de\/#organization"},"image":{"@id":"https:\/\/news.save.ch\/ergebnisse-der-sicherheitsbefragung\/#primaryimage"},"thumbnailUrl":"https:\/\/news.save.ch\/wp-content\/uploads\/2016\/12\/56d70a9f742e0_depositphotos_58588551_l_2015_Sicherheitsforum-scaled.jpg","keywords":["Justiz &amp; Polizei","KKPKS","Konferenz der Kantonalen Polizeikommandanten der Schweiz","Kriminalit\u00e4t","Schweizerische Sicherheitsbefragung 2015"],"articleSection":["ALLGEMEIN"],"inLanguage":"de"},{"@type":"WebPage","@id":"https:\/\/news.save.ch\/ergebnisse-der-sicherheitsbefragung\/","url":"https:\/\/news.save.ch\/ergebnisse-der-sicherheitsbefragung\/","name":"Ergebnisse der Sicherheitsbefragung - Save","isPartOf":{"@id":"https:\/\/news.save.ch\/de\/#website"},"primaryImageOfPage":{"@id":"https:\/\/news.save.ch\/ergebnisse-der-sicherheitsbefragung\/#primaryimage"},"image":{"@id":"https:\/\/news.save.ch\/ergebnisse-der-sicherheitsbefragung\/#primaryimage"},"thumbnailUrl":"https:\/\/news.save.ch\/wp-content\/uploads\/2016\/12\/56d70a9f742e0_depositphotos_58588551_l_2015_Sicherheitsforum-scaled.jpg","datePublished":"2016-03-02T15:33:48+00:00","description":"Die k\u00fcrzlich ver\u00f6ffentlichte Schweizerische Sicherheitsbefragung 2015 zeigt erfreuliche Resultate: Fast in allen Deliktsarten sind die Zahlen gesunken.","breadcrumb":{"@id":"https:\/\/news.save.ch\/ergebnisse-der-sicherheitsbefragung\/#breadcrumb"},"inLanguage":"de","potentialAction":[{"@type":"ReadAction","target":["https:\/\/news.save.ch\/ergebnisse-der-sicherheitsbefragung\/"]}]},{"@type":"ImageObject","inLanguage":"de","@id":"https:\/\/news.save.ch\/ergebnisse-der-sicherheitsbefragung\/#primaryimage","url":"https:\/\/news.save.ch\/wp-content\/uploads\/2016\/12\/56d70a9f742e0_depositphotos_58588551_l_2015_Sicherheitsforum-scaled.jpg","contentUrl":"https:\/\/news.save.ch\/wp-content\/uploads\/2016\/12\/56d70a9f742e0_depositphotos_58588551_l_2015_Sicherheitsforum-scaled.jpg","width":1400,"height":932,"caption":"Die Bev\u00f6lkerung sieht jedoch vermehrt Probleme in den Bereichen Vandalismus sowie Einbruch, Diebstahl und Raub."},{"@type":"BreadcrumbList","@id":"https:\/\/news.save.ch\/ergebnisse-der-sicherheitsbefragung\/#breadcrumb","itemListElement":[{"@type":"ListItem","position":1,"name":"Home","item":"https:\/\/news.save.ch\/de\/"},{"@type":"ListItem","position":2,"name":"Ergebnisse der Sicherheitsbefragung"}]},{"@type":"WebSite","@id":"https:\/\/news.save.ch\/de\/#website","url":"https:\/\/news.save.ch\/de\/","name":"Save","description":"Schweizer Fachzeitschrift f\u00fcr Sicherheit","publisher":{"@id":"https:\/\/news.save.ch\/de\/#organization"},"potentialAction":[{"@type":"SearchAction","target":{"@type":"EntryPoint","urlTemplate":"https:\/\/news.save.ch\/de\/?s={search_term_string}"},"query-input":{"@type":"PropertyValueSpecification","valueRequired":true,"valueName":"search_term_string"}}],"inLanguage":"de"},{"@type":"Organization","@id":"https:\/\/news.save.ch\/de\/#organization","name":"Sicherheitsforum","url":"https:\/\/news.save.ch\/de\/","logo":{"@type":"ImageObject","inLanguage":"de","@id":"https:\/\/news.save.ch\/de\/#\/schema\/logo\/image\/","url":"https:\/\/news.save.ch\/wp-content\/uploads\/2022\/06\/Logo_SF_2012.png","contentUrl":"https:\/\/news.save.ch\/wp-content\/uploads\/2022\/06\/Logo_SF_2012.png","width":1100,"height":91,"caption":"Sicherheitsforum"},"image":{"@id":"https:\/\/news.save.ch\/de\/#\/schema\/logo\/image\/"}},{"@type":"Person","@id":"https:\/\/news.save.ch\/de\/#\/schema\/person\/d49e199490bad7c70d64b9ab51142f2b","name":"admin","image":{"@type":"ImageObject","inLanguage":"de","@id":"https:\/\/secure.gravatar.com\/avatar\/ae2f4d718e6c49043e314ce431e7e645d646302a24a5ef5a8bc8e3f5a032e319?s=96&d=mm&r=g","url":"https:\/\/secure.gravatar.com\/avatar\/ae2f4d718e6c49043e314ce431e7e645d646302a24a5ef5a8bc8e3f5a032e319?s=96&d=mm&r=g","contentUrl":"https:\/\/secure.gravatar.com\/avatar\/ae2f4d718e6c49043e314ce431e7e645d646302a24a5ef5a8bc8e3f5a032e319?s=96&d=mm&r=g","caption":"admin"},"sameAs":["https:\/\/develop.organisator.galledia.ch"],"url":"https:\/\/news.save.ch\/de\/author\/admin\/"}]}},"_links":{"self":[{"href":"https:\/\/news.save.ch\/de\/wp-json\/wp\/v2\/posts\/2236","targetHints":{"allow":["GET"]}}],"collection":[{"href":"https:\/\/news.save.ch\/de\/wp-json\/wp\/v2\/posts"}],"about":[{"href":"https:\/\/news.save.ch\/de\/wp-json\/wp\/v2\/types\/post"}],"author":[{"embeddable":true,"href":"https:\/\/news.save.ch\/de\/wp-json\/wp\/v2\/users\/1"}],"replies":[{"embeddable":true,"href":"https:\/\/news.save.ch\/de\/wp-json\/wp\/v2\/comments?post=2236"}],"version-history":[{"count":0,"href":"https:\/\/news.save.ch\/de\/wp-json\/wp\/v2\/posts\/2236\/revisions"}],"wp:featuredmedia":[{"embeddable":true,"href":"https:\/\/news.save.ch\/de\/wp-json\/wp\/v2\/media\/2237"}],"wp:attachment":[{"href":"https:\/\/news.save.ch\/de\/wp-json\/wp\/v2\/media?parent=2236"}],"wp:term":[{"taxonomy":"category","embeddable":true,"href":"https:\/\/news.save.ch\/de\/wp-json\/wp\/v2\/categories?post=2236"},{"taxonomy":"post_tag","embeddable":true,"href":"https:\/\/news.save.ch\/de\/wp-json\/wp\/v2\/tags?post=2236"}],"curies":[{"name":"wp","href":"https:\/\/api.w.org\/{rel}","templated":true}]}}