{"id":22385,"date":"2023-11-21T06:00:34","date_gmt":"2023-11-21T05:00:34","guid":{"rendered":"https:\/\/news.save.ch\/?p=22385"},"modified":"2023-11-21T16:05:05","modified_gmt":"2023-11-21T15:05:05","slug":"sicherheitskongress-an-der-swissbau-in-basel","status":null,"type":"post","link":"https:\/\/news.save.ch\/de\/sicherheitskongress-an-der-swissbau-in-basel\/","title":{"rendered":"Was der Sicherheitskongress in Basel bietet"},"content":{"rendered":"<figure id=\"attachment_22386\" aria-describedby=\"caption-attachment-22386\" style=\"width: 680px\" class=\"wp-caption aligncenter\"><img loading=\"lazy\" decoding=\"async\" class=\"size-medium wp-image-22386\" src=\"https:\/\/news.save.ch\/wp-content\/uploads\/2023\/11\/Bild-1-Messe-Basel-680x510.jpg\" alt=\"Sicherheitskongress\" width=\"680\" height=\"510\" srcset=\"https:\/\/news.save.ch\/wp-content\/uploads\/2023\/11\/Bild-1-Messe-Basel-680x510.jpg 680w, https:\/\/news.save.ch\/wp-content\/uploads\/2023\/11\/Bild-1-Messe-Basel-768x576.jpg 768w, https:\/\/news.save.ch\/wp-content\/uploads\/2023\/11\/Bild-1-Messe-Basel-16x12.jpg 16w, https:\/\/news.save.ch\/wp-content\/uploads\/2023\/11\/Bild-1-Messe-Basel-375x281.jpg 375w, https:\/\/news.save.ch\/wp-content\/uploads\/2023\/11\/Bild-1-Messe-Basel-467x350.jpg 467w, https:\/\/news.save.ch\/wp-content\/uploads\/2023\/11\/Bild-1-Messe-Basel.jpg 800w\" sizes=\"auto, (max-width: 680px) 100vw, 680px\" \/><figcaption id=\"caption-attachment-22386\" class=\"wp-caption-text\">Der Sicherheitskongress findet im Kongresscenter bei der Messe in Basel statt. Foto: Congress Center Basel<\/figcaption><\/figure>\n<p>Der <a href=\"https:\/\/save.ch\/event\/sicherheitskongress-01-2024\/\" target=\"_blank\" rel=\"noopener\">Sicherheitskongress<\/a>, der von der Firma <a href=\"https:\/\/save.ch\/\" target=\"_blank\" rel=\"noopener\">Save AG<\/a> organisiert wird, bringt als B2B-Plattform die verantwortlichen Fachkr\u00e4fte, Experten und Beauftragten f\u00fcr Risikomanagement, Sicherheit und Brandschutz in Basel zusammen. Zentral sei der Erfahrungsaustausch, gepaart mit der M\u00f6glichkeit, Gleichgesinnte und neue K\u00f6pfe der \u00abSicherheitscommunity\u00bb zu treffen, betont die Organisatorin. F\u00fcr viele sei deshalb der Kongress zum unverzichtbaren Fixpunkt geworden.<\/p>\n<p>Das Themenspektrum reicht von Geb\u00e4udesicherheit \u00fcber Arbeitssicherheit, Brandschutz, technische Sicherheits\u00adl\u00f6sungen bis hin zu Unternehmenssicherheit. Die total f\u00fcnf Halbtage sind in sich geschlossen und k\u00f6nnen einzeln gebucht werden, wie die Veranstalterin schreibt. Eine Teilnahme sei kostenpflichtig und nur auf Anmeldung m\u00f6glich. Zudem werden die Referate der beiden Halbtagesmodule vom Mittwoch, 17. Januar, simultan ins Franz\u00f6sische \u00fcbersetzt.<\/p>\n<h3><strong>Start am 16. Januar nachmittags<\/strong><\/h3>\n<p>Die Anforderungen an Immobilien werden zunehmend umfangreicher und komplexer. Auch die Sicherheitsanspr\u00fcche wandeln sich angesichts des dynamischen Umfelds stetig. Wie gelingt es dennoch, Geb\u00e4ude nicht nur intelligent, wirtschaftlich und komfortabel, sondern auch sicherheitskonform zu betreiben, zu erhalten oder zu konzeptionieren? L\u00f6sungsans\u00e4tze sind gefragt. Am 16. Januar referieren Experten am Sicherheitskongress 2024 zu diesem Thema.<\/p>\n<h3><strong>\u00dcbersetzung ins Franz\u00f6sische<\/strong><\/h3>\n<p>F\u00fcr den Mittwochvormittag, 17. Januar, stehen im Halbtagesmodul zwei neue Bedrohungsformen und neuste Sicherheitstechnik auf der Agenda. Wo liegen die Chancen in der Anwendung von modernsten Sicherheitstechnologien, um schneller und pr\u00e4ziser auf Bedrohungen reagieren zu k\u00f6nnen? Die Teilnehmenden erhalten von ausgewiesenen Experten Antworten auf diese und weitere Fragen. Am Nachmittag geht es thematisch um neue Energietechnologien am sowie im Geb\u00e4ude. Wie spielt der Brandschutz in diesem Kontext mit? Ist beispielsweise Photovoltaik an der Hochhausfassade eher Fluch oder Segen? Sp\u00e4testens nach dem Besuch dieses Themenmoduls 3 wissen Interessierte mehr. Alle Referate am Sicherheitskongress vom 17. Januar werden simultan ins Franz\u00f6sische \u00fcbersetzt.<\/p>\n<h3>Das Finale am Donnerstag, 18. Januar<\/h3>\n<p>Was d\u00fcrfen die Teilnehmenden am Vormittagsmodul vom 18. Januar zum Thema \u00abTrends in der Geb\u00e4udesicherheit\u00bb erwarten? Digitalisierung, Retrofitting, Zukunftsl\u00f6sungen, Cloud, On-Premise und Smart Buildings sind kurz und b\u00fcndig die treffenden Schlagworte dazu. Und am Nachmittag \u2013 im f\u00fcnften und letzten Halbtagesmodul am Sicherheitskongress \u2013 zeigen die Referierenden auf, wie im laufenden Betrieb und trotz vieler Herausforderungen die Arbeitssicherheit auf einem hohen Niveau gew\u00e4hrleistet werden kann.<\/p>\n<h3>Weiterbildungspunkte sammeln<\/h3>\n<p>Am Sicherheitskongress erh\u00e4lt man auch Weiterbildungspunkte, und zwar in folgenden Modulen:<\/p>\n<p><em><strong>VKF-Anerkennung<\/strong><\/em>: \u00bd Tag Weiterbildung f\u00fcr die Verl\u00e4ngerung des VKF-Zertifikats bei Teilnahme am Modul \u00abNeue Energietechnologien und Brandschutz!\u00bb (17.1.2024).<\/p>\n<p><em><strong>SES-Anerkennung<\/strong><\/em>:\u00a0\u00bd Tag fachspezifische Weiterbildung zur Verl\u00e4ngerung des Kompetenzzertifikats \u00abSES-EMA-Fachperson\u00bb bei Teilnahme an den Modulen \u00abBedrohungen und neue Sicherheitstechnologien\u00bb (17.1.2024) und \u00abTrends in der Geb\u00e4udesicherheit\u00bb (18.1.2024); \u00bd Tag fachspezifische Weiterbildung zur Verl\u00e4ngerung des Kompetenzzertifikats \u00abSES-VS-Fachperson\u00bb bei Teilnahme an den Modulen \u00abBedrohungen und neue Sicherheitstechnologien\u00bb (17.1.2024) und \u00abTrends in der Geb\u00e4udesicherheit\u00bb (18.1.2024).<\/p>\n<p><strong><em>SGAS-Anerkennung<\/em><\/strong>: Alle f\u00fcnf Halbtagesmodule werden von der Schweizerischen Gesellschaft f\u00fcr Arbeits\u00adsicherheit (SGAS) je mit einer Fortbildungseinheit (FBE) angerechnet.<\/p>\n<p><em><strong>Swiss-Safety-Center-Anerkennung<\/strong><\/em>: \u00bd Tag Weiterbildung f\u00fcr die Rezertifizierung der \u00abBrandschutzfachleute\u00bb und \u00abSiBe Brandschutz\u00bb bei Teilnahme am Modul \u00abNeue Energietechnologien und Brandschutz!\u00bb (17.1.2024).<\/p>\n<p><em><img decoding=\"async\" class=\"editor-icon\" title=\"Tabulator f\u00fcr Einzug bis hierhin\" src=\"data:image\/gif;base64,R0lGODlhAQABAAAAACH5BAEKAAEALAAAAAABAAEAAAICTAEAOw==\" data-cke-saved-src=\"data:image\/gif;base64,R0lGODlhAQABAAAAACH5BAEKAAEALAAAAAABAAEAAAICTAEAOw==\" \/><a href=\"https:\/\/save.ch\/event\/sicherheitskongress-01-2024\">Mehr zum Sicherheitskongress hier<\/a>\u00a0<\/em><\/p>\n<p>&nbsp;<\/p>\n<blockquote>\n<h3>Mit Messebesuch verkn\u00fcpfen<\/h3>\n<p>In den Kongressgeb\u00fchren ist der kostenfreie Zutritt zur Messe Swissbau 2024 enthalten. Der Besuch von Messe sowie Kongress und umgekehrt kann somit verbunden werden. Als f\u00fchrende Plattform der Schweizer Bau- und Immo\u00adbilienbranche schafft die Swissbau die passende Gelegenheit f\u00fcr pers\u00f6nliche Vernetzung, Wissenstransfer und reale Produkterlebnisse.<\/p>\n<p><a href=\"http:\/\/www.swissbau.ch\" target=\"_blank\" rel=\"noopener\"><em>Mehr zur Messe Swissbau hier<\/em><\/a><\/p><\/blockquote>\n<p>&nbsp;<\/p>\n","protected":false},"excerpt":{"rendered":"<p>Der Sicherheitskongress, der von der Firma Save AG organisiert wird, bringt als B2B-Plattform die verantwortlichen Fachkr\u00e4fte, Experten und Beauftragten f\u00fcr Risikomanagement, Sicherheit und Brandschutz in Basel zusammen. Zentral sei der Erfahrungsaustausch, gepaart mit der M\u00f6glichkeit, Gleichgesinnte und neue K\u00f6pfe der \u00abSicherheitscommunity\u00bb zu treffen, betont die Organisatorin. F\u00fcr viele sei deshalb der Kongress zum unverzichtbaren Fixpunkt [&hellip;]<\/p>\n","protected":false},"author":8,"featured_media":22386,"comment_status":"closed","ping_status":"closed","sticky":false,"template":"","format":"standard","meta":{"_acf_changed":false,"pgc_sgb_lightbox_settings":"","footnotes":""},"categories":[3312],"tags":[278],"class_list":["post-22385","post","type-post","status-publish","format-standard","has-post-thumbnail","hentry","category-sicherheit","tag-fachkongress-fachmesse"],"acf":[],"hkrextid":null,"publication":null,"issue":null,"workflow":null,"startPage":null,"spitzmarke":null,"_posts_by_tag_page_fields":null,"_at_widget":null,"_yoast_wpseo_primary_category":"3312","_yoast_wpseo_focuskw_text_input":null,"_yoast_wpseo_opengraph-image":null,"_yoast_wpseo_opengraph-description":null,"_yoast_wpseo_opengraph-title":null,"enclosure":null,"_yoast_wpseo_twitter-title":null,"_yoast_wpseo_twitter-description":null,"_yoast_wpseo_twitter-image":null,"_wp_old_slug":null,"_yoast_wpseo_title":null,"_yoast_wpseo_canonical":null,"yoast_head":"<!-- This site is optimized with the Yoast SEO plugin v27.5 - https:\/\/yoast.com\/product\/yoast-seo-wordpress\/ -->\n<title>Was der Sicherheitskongress in Basel bietet - Save<\/title>\n<meta name=\"description\" content=\"Vom 16. bis 18. Januar wird am Sicherheitsfachkongress 2024 neustes Fachwissen zum Themenbereich Sicherheit und \u00adBrandschutz vermittelt.\" \/>\n<meta name=\"robots\" content=\"index, follow, max-snippet:-1, max-image-preview:large, max-video-preview:-1\" \/>\n<link rel=\"canonical\" href=\"https:\/\/news.save.ch\/de\/sicherheitskongress-an-der-swissbau-in-basel\/\" \/>\n<meta property=\"og:locale\" content=\"de_DE\" \/>\n<meta property=\"og:type\" content=\"article\" \/>\n<meta property=\"og:title\" content=\"Was der Sicherheitskongress in Basel bietet - Save\" \/>\n<meta property=\"og:description\" content=\"Vom 16. bis 18. Januar wird am Sicherheitsfachkongress 2024 neustes Fachwissen zum Themenbereich Sicherheit und \u00adBrandschutz vermittelt.\" \/>\n<meta property=\"og:url\" content=\"https:\/\/news.save.ch\/de\/sicherheitskongress-an-der-swissbau-in-basel\/\" \/>\n<meta property=\"og:site_name\" content=\"Save\" \/>\n<meta property=\"article:published_time\" content=\"2023-11-21T05:00:34+00:00\" \/>\n<meta property=\"article:modified_time\" content=\"2023-11-21T15:05:05+00:00\" \/>\n<meta property=\"og:image\" content=\"https:\/\/news.save.ch\/wp-content\/uploads\/2023\/11\/Bild-1-Messe-Basel.jpg\" \/>\n\t<meta property=\"og:image:width\" content=\"800\" \/>\n\t<meta property=\"og:image:height\" content=\"600\" \/>\n\t<meta property=\"og:image:type\" content=\"image\/jpeg\" \/>\n<meta name=\"author\" content=\"Roger Str\u00e4ssle\" \/>\n<meta name=\"twitter:card\" content=\"summary_large_image\" \/>\n<meta name=\"twitter:label1\" content=\"Geschrieben von\" \/>\n\t<meta name=\"twitter:data1\" content=\"Roger Str\u00e4ssle\" \/>\n\t<meta name=\"twitter:label2\" content=\"Gesch\u00e4tzte Lesezeit\" \/>\n\t<meta name=\"twitter:data2\" content=\"4\u00a0Minuten\" \/>\n<script type=\"application\/ld+json\" class=\"yoast-schema-graph\">{\"@context\":\"https:\\\/\\\/schema.org\",\"@graph\":[{\"@type\":\"Article\",\"@id\":\"https:\\\/\\\/news.save.ch\\\/sicherheitskongress-an-der-swissbau-in-basel\\\/#article\",\"isPartOf\":{\"@id\":\"https:\\\/\\\/news.save.ch\\\/sicherheitskongress-an-der-swissbau-in-basel\\\/\"},\"author\":{\"name\":\"Roger Str\u00e4ssle\",\"@id\":\"https:\\\/\\\/news.save.ch\\\/de\\\/#\\\/schema\\\/person\\\/d5022db048e0e2b9785c50e5b24da5aa\"},\"headline\":\"Was der Sicherheitskongress in Basel bietet\",\"datePublished\":\"2023-11-21T05:00:34+00:00\",\"dateModified\":\"2023-11-21T15:05:05+00:00\",\"mainEntityOfPage\":{\"@id\":\"https:\\\/\\\/news.save.ch\\\/sicherheitskongress-an-der-swissbau-in-basel\\\/\"},\"wordCount\":577,\"publisher\":{\"@id\":\"https:\\\/\\\/news.save.ch\\\/de\\\/#organization\"},\"image\":{\"@id\":\"https:\\\/\\\/news.save.ch\\\/sicherheitskongress-an-der-swissbau-in-basel\\\/#primaryimage\"},\"thumbnailUrl\":\"https:\\\/\\\/news.save.ch\\\/wp-content\\\/uploads\\\/2023\\\/11\\\/Bild-1-Messe-Basel.jpg\",\"keywords\":[\"Fachkongress \\\/ Fachmesse\"],\"articleSection\":[\"SICHERHEIT\"],\"inLanguage\":\"de\"},{\"@type\":\"WebPage\",\"@id\":\"https:\\\/\\\/news.save.ch\\\/sicherheitskongress-an-der-swissbau-in-basel\\\/\",\"url\":\"https:\\\/\\\/news.save.ch\\\/sicherheitskongress-an-der-swissbau-in-basel\\\/\",\"name\":\"Was der Sicherheitskongress in Basel bietet - Save\",\"isPartOf\":{\"@id\":\"https:\\\/\\\/news.save.ch\\\/de\\\/#website\"},\"primaryImageOfPage\":{\"@id\":\"https:\\\/\\\/news.save.ch\\\/sicherheitskongress-an-der-swissbau-in-basel\\\/#primaryimage\"},\"image\":{\"@id\":\"https:\\\/\\\/news.save.ch\\\/sicherheitskongress-an-der-swissbau-in-basel\\\/#primaryimage\"},\"thumbnailUrl\":\"https:\\\/\\\/news.save.ch\\\/wp-content\\\/uploads\\\/2023\\\/11\\\/Bild-1-Messe-Basel.jpg\",\"datePublished\":\"2023-11-21T05:00:34+00:00\",\"dateModified\":\"2023-11-21T15:05:05+00:00\",\"description\":\"Vom 16. bis 18. Januar wird am Sicherheitsfachkongress 2024 neustes Fachwissen zum Themenbereich Sicherheit und \u00adBrandschutz vermittelt.\",\"breadcrumb\":{\"@id\":\"https:\\\/\\\/news.save.ch\\\/sicherheitskongress-an-der-swissbau-in-basel\\\/#breadcrumb\"},\"inLanguage\":\"de\",\"potentialAction\":[{\"@type\":\"ReadAction\",\"target\":[\"https:\\\/\\\/news.save.ch\\\/sicherheitskongress-an-der-swissbau-in-basel\\\/\"]}]},{\"@type\":\"ImageObject\",\"inLanguage\":\"de\",\"@id\":\"https:\\\/\\\/news.save.ch\\\/sicherheitskongress-an-der-swissbau-in-basel\\\/#primaryimage\",\"url\":\"https:\\\/\\\/news.save.ch\\\/wp-content\\\/uploads\\\/2023\\\/11\\\/Bild-1-Messe-Basel.jpg\",\"contentUrl\":\"https:\\\/\\\/news.save.ch\\\/wp-content\\\/uploads\\\/2023\\\/11\\\/Bild-1-Messe-Basel.jpg\",\"width\":800,\"height\":600,\"caption\":\"Der Sicherheitskongress findet im Congress Center Basel statt. Foto: Congress Center Basel\"},{\"@type\":\"BreadcrumbList\",\"@id\":\"https:\\\/\\\/news.save.ch\\\/sicherheitskongress-an-der-swissbau-in-basel\\\/#breadcrumb\",\"itemListElement\":[{\"@type\":\"ListItem\",\"position\":1,\"name\":\"Home\",\"item\":\"https:\\\/\\\/news.save.ch\\\/de\\\/\"},{\"@type\":\"ListItem\",\"position\":2,\"name\":\"Was der Sicherheitskongress in Basel bietet\"}]},{\"@type\":\"WebSite\",\"@id\":\"https:\\\/\\\/news.save.ch\\\/de\\\/#website\",\"url\":\"https:\\\/\\\/news.save.ch\\\/de\\\/\",\"name\":\"Save\",\"description\":\"Schweizer Fachzeitschrift f\u00fcr Sicherheit\",\"publisher\":{\"@id\":\"https:\\\/\\\/news.save.ch\\\/de\\\/#organization\"},\"potentialAction\":[{\"@type\":\"SearchAction\",\"target\":{\"@type\":\"EntryPoint\",\"urlTemplate\":\"https:\\\/\\\/news.save.ch\\\/de\\\/?s={search_term_string}\"},\"query-input\":{\"@type\":\"PropertyValueSpecification\",\"valueRequired\":true,\"valueName\":\"search_term_string\"}}],\"inLanguage\":\"de\"},{\"@type\":\"Organization\",\"@id\":\"https:\\\/\\\/news.save.ch\\\/de\\\/#organization\",\"name\":\"Sicherheitsforum\",\"url\":\"https:\\\/\\\/news.save.ch\\\/de\\\/\",\"logo\":{\"@type\":\"ImageObject\",\"inLanguage\":\"de\",\"@id\":\"https:\\\/\\\/news.save.ch\\\/de\\\/#\\\/schema\\\/logo\\\/image\\\/\",\"url\":\"https:\\\/\\\/news.save.ch\\\/wp-content\\\/uploads\\\/2022\\\/06\\\/Logo_SF_2012.png\",\"contentUrl\":\"https:\\\/\\\/news.save.ch\\\/wp-content\\\/uploads\\\/2022\\\/06\\\/Logo_SF_2012.png\",\"width\":1100,\"height\":91,\"caption\":\"Sicherheitsforum\"},\"image\":{\"@id\":\"https:\\\/\\\/news.save.ch\\\/de\\\/#\\\/schema\\\/logo\\\/image\\\/\"}},{\"@type\":\"Person\",\"@id\":\"https:\\\/\\\/news.save.ch\\\/de\\\/#\\\/schema\\\/person\\\/d5022db048e0e2b9785c50e5b24da5aa\",\"name\":\"Roger Str\u00e4ssle\",\"image\":{\"@type\":\"ImageObject\",\"inLanguage\":\"de\",\"@id\":\"https:\\\/\\\/secure.gravatar.com\\\/avatar\\\/862a5569d087de48e5856e32f45d719a03804c891d6deb8d4f71a660e79e4a47?s=96&d=mm&r=g\",\"url\":\"https:\\\/\\\/secure.gravatar.com\\\/avatar\\\/862a5569d087de48e5856e32f45d719a03804c891d6deb8d4f71a660e79e4a47?s=96&d=mm&r=g\",\"contentUrl\":\"https:\\\/\\\/secure.gravatar.com\\\/avatar\\\/862a5569d087de48e5856e32f45d719a03804c891d6deb8d4f71a660e79e4a47?s=96&d=mm&r=g\",\"caption\":\"Roger Str\u00e4ssle\"},\"url\":\"https:\\\/\\\/news.save.ch\\\/de\\\/author\\\/roger-straessle\\\/\"}]}<\/script>\n<!-- \/ Yoast SEO plugin. -->","yoast_head_json":{"title":"Was der Sicherheitskongress in Basel bietet - Save","description":"Vom 16. bis 18. Januar wird am Sicherheitsfachkongress 2024 neustes Fachwissen zum Themenbereich Sicherheit und \u00adBrandschutz vermittelt.","robots":{"index":"index","follow":"follow","max-snippet":"max-snippet:-1","max-image-preview":"max-image-preview:large","max-video-preview":"max-video-preview:-1"},"canonical":"https:\/\/news.save.ch\/de\/sicherheitskongress-an-der-swissbau-in-basel\/","og_locale":"de_DE","og_type":"article","og_title":"Was der Sicherheitskongress in Basel bietet - Save","og_description":"Vom 16. bis 18. Januar wird am Sicherheitsfachkongress 2024 neustes Fachwissen zum Themenbereich Sicherheit und \u00adBrandschutz vermittelt.","og_url":"https:\/\/news.save.ch\/de\/sicherheitskongress-an-der-swissbau-in-basel\/","og_site_name":"Save","article_published_time":"2023-11-21T05:00:34+00:00","article_modified_time":"2023-11-21T15:05:05+00:00","og_image":[{"width":800,"height":600,"url":"https:\/\/news.save.ch\/wp-content\/uploads\/2023\/11\/Bild-1-Messe-Basel.jpg","type":"image\/jpeg"}],"author":"Roger Str\u00e4ssle","twitter_card":"summary_large_image","twitter_misc":{"Geschrieben von":"Roger Str\u00e4ssle","Gesch\u00e4tzte Lesezeit":"4\u00a0Minuten"},"schema":{"@context":"https:\/\/schema.org","@graph":[{"@type":"Article","@id":"https:\/\/news.save.ch\/sicherheitskongress-an-der-swissbau-in-basel\/#article","isPartOf":{"@id":"https:\/\/news.save.ch\/sicherheitskongress-an-der-swissbau-in-basel\/"},"author":{"name":"Roger Str\u00e4ssle","@id":"https:\/\/news.save.ch\/de\/#\/schema\/person\/d5022db048e0e2b9785c50e5b24da5aa"},"headline":"Was der Sicherheitskongress in Basel bietet","datePublished":"2023-11-21T05:00:34+00:00","dateModified":"2023-11-21T15:05:05+00:00","mainEntityOfPage":{"@id":"https:\/\/news.save.ch\/sicherheitskongress-an-der-swissbau-in-basel\/"},"wordCount":577,"publisher":{"@id":"https:\/\/news.save.ch\/de\/#organization"},"image":{"@id":"https:\/\/news.save.ch\/sicherheitskongress-an-der-swissbau-in-basel\/#primaryimage"},"thumbnailUrl":"https:\/\/news.save.ch\/wp-content\/uploads\/2023\/11\/Bild-1-Messe-Basel.jpg","keywords":["Fachkongress \/ Fachmesse"],"articleSection":["SICHERHEIT"],"inLanguage":"de"},{"@type":"WebPage","@id":"https:\/\/news.save.ch\/sicherheitskongress-an-der-swissbau-in-basel\/","url":"https:\/\/news.save.ch\/sicherheitskongress-an-der-swissbau-in-basel\/","name":"Was der Sicherheitskongress in Basel bietet - Save","isPartOf":{"@id":"https:\/\/news.save.ch\/de\/#website"},"primaryImageOfPage":{"@id":"https:\/\/news.save.ch\/sicherheitskongress-an-der-swissbau-in-basel\/#primaryimage"},"image":{"@id":"https:\/\/news.save.ch\/sicherheitskongress-an-der-swissbau-in-basel\/#primaryimage"},"thumbnailUrl":"https:\/\/news.save.ch\/wp-content\/uploads\/2023\/11\/Bild-1-Messe-Basel.jpg","datePublished":"2023-11-21T05:00:34+00:00","dateModified":"2023-11-21T15:05:05+00:00","description":"Vom 16. bis 18. Januar wird am Sicherheitsfachkongress 2024 neustes Fachwissen zum Themenbereich Sicherheit und \u00adBrandschutz vermittelt.","breadcrumb":{"@id":"https:\/\/news.save.ch\/sicherheitskongress-an-der-swissbau-in-basel\/#breadcrumb"},"inLanguage":"de","potentialAction":[{"@type":"ReadAction","target":["https:\/\/news.save.ch\/sicherheitskongress-an-der-swissbau-in-basel\/"]}]},{"@type":"ImageObject","inLanguage":"de","@id":"https:\/\/news.save.ch\/sicherheitskongress-an-der-swissbau-in-basel\/#primaryimage","url":"https:\/\/news.save.ch\/wp-content\/uploads\/2023\/11\/Bild-1-Messe-Basel.jpg","contentUrl":"https:\/\/news.save.ch\/wp-content\/uploads\/2023\/11\/Bild-1-Messe-Basel.jpg","width":800,"height":600,"caption":"Der Sicherheitskongress findet im Congress Center Basel statt. Foto: Congress Center Basel"},{"@type":"BreadcrumbList","@id":"https:\/\/news.save.ch\/sicherheitskongress-an-der-swissbau-in-basel\/#breadcrumb","itemListElement":[{"@type":"ListItem","position":1,"name":"Home","item":"https:\/\/news.save.ch\/de\/"},{"@type":"ListItem","position":2,"name":"Was der Sicherheitskongress in Basel bietet"}]},{"@type":"WebSite","@id":"https:\/\/news.save.ch\/de\/#website","url":"https:\/\/news.save.ch\/de\/","name":"Save","description":"Schweizer Fachzeitschrift f\u00fcr Sicherheit","publisher":{"@id":"https:\/\/news.save.ch\/de\/#organization"},"potentialAction":[{"@type":"SearchAction","target":{"@type":"EntryPoint","urlTemplate":"https:\/\/news.save.ch\/de\/?s={search_term_string}"},"query-input":{"@type":"PropertyValueSpecification","valueRequired":true,"valueName":"search_term_string"}}],"inLanguage":"de"},{"@type":"Organization","@id":"https:\/\/news.save.ch\/de\/#organization","name":"Sicherheitsforum","url":"https:\/\/news.save.ch\/de\/","logo":{"@type":"ImageObject","inLanguage":"de","@id":"https:\/\/news.save.ch\/de\/#\/schema\/logo\/image\/","url":"https:\/\/news.save.ch\/wp-content\/uploads\/2022\/06\/Logo_SF_2012.png","contentUrl":"https:\/\/news.save.ch\/wp-content\/uploads\/2022\/06\/Logo_SF_2012.png","width":1100,"height":91,"caption":"Sicherheitsforum"},"image":{"@id":"https:\/\/news.save.ch\/de\/#\/schema\/logo\/image\/"}},{"@type":"Person","@id":"https:\/\/news.save.ch\/de\/#\/schema\/person\/d5022db048e0e2b9785c50e5b24da5aa","name":"Roger Str\u00e4ssle","image":{"@type":"ImageObject","inLanguage":"de","@id":"https:\/\/secure.gravatar.com\/avatar\/862a5569d087de48e5856e32f45d719a03804c891d6deb8d4f71a660e79e4a47?s=96&d=mm&r=g","url":"https:\/\/secure.gravatar.com\/avatar\/862a5569d087de48e5856e32f45d719a03804c891d6deb8d4f71a660e79e4a47?s=96&d=mm&r=g","contentUrl":"https:\/\/secure.gravatar.com\/avatar\/862a5569d087de48e5856e32f45d719a03804c891d6deb8d4f71a660e79e4a47?s=96&d=mm&r=g","caption":"Roger Str\u00e4ssle"},"url":"https:\/\/news.save.ch\/de\/author\/roger-straessle\/"}]}},"_links":{"self":[{"href":"https:\/\/news.save.ch\/de\/wp-json\/wp\/v2\/posts\/22385","targetHints":{"allow":["GET"]}}],"collection":[{"href":"https:\/\/news.save.ch\/de\/wp-json\/wp\/v2\/posts"}],"about":[{"href":"https:\/\/news.save.ch\/de\/wp-json\/wp\/v2\/types\/post"}],"author":[{"embeddable":true,"href":"https:\/\/news.save.ch\/de\/wp-json\/wp\/v2\/users\/8"}],"replies":[{"embeddable":true,"href":"https:\/\/news.save.ch\/de\/wp-json\/wp\/v2\/comments?post=22385"}],"version-history":[{"count":9,"href":"https:\/\/news.save.ch\/de\/wp-json\/wp\/v2\/posts\/22385\/revisions"}],"predecessor-version":[{"id":22431,"href":"https:\/\/news.save.ch\/de\/wp-json\/wp\/v2\/posts\/22385\/revisions\/22431"}],"wp:featuredmedia":[{"embeddable":true,"href":"https:\/\/news.save.ch\/de\/wp-json\/wp\/v2\/media\/22386"}],"wp:attachment":[{"href":"https:\/\/news.save.ch\/de\/wp-json\/wp\/v2\/media?parent=22385"}],"wp:term":[{"taxonomy":"category","embeddable":true,"href":"https:\/\/news.save.ch\/de\/wp-json\/wp\/v2\/categories?post=22385"},{"taxonomy":"post_tag","embeddable":true,"href":"https:\/\/news.save.ch\/de\/wp-json\/wp\/v2\/tags?post=22385"}],"curies":[{"name":"wp","href":"https:\/\/api.w.org\/{rel}","templated":true}]}}