{"id":22436,"date":"2023-11-23T06:00:34","date_gmt":"2023-11-23T05:00:34","guid":{"rendered":"https:\/\/news.save.ch\/?p=22436"},"modified":"2023-11-22T16:25:48","modified_gmt":"2023-11-22T15:25:48","slug":"bund-will-ab-2026-e-id-herausgeben","status":null,"type":"post","link":"https:\/\/news.save.ch\/de\/bund-will-ab-2026-e-id-herausgeben\/","title":{"rendered":"Bund will ab 2026 E-ID herausgeben"},"content":{"rendered":"<figure id=\"attachment_22437\" aria-describedby=\"caption-attachment-22437\" style=\"width: 680px\" class=\"wp-caption aligncenter\"><img loading=\"lazy\" decoding=\"async\" class=\"size-medium wp-image-22437\" src=\"https:\/\/news.save.ch\/wp-content\/uploads\/2023\/11\/Depositphotos_2508294_m-2015-1-680x510.jpg\" alt=\"Identit\u00e4tsnachweis\" width=\"680\" height=\"510\" srcset=\"https:\/\/news.save.ch\/wp-content\/uploads\/2023\/11\/Depositphotos_2508294_m-2015-1-680x510.jpg 680w, https:\/\/news.save.ch\/wp-content\/uploads\/2023\/11\/Depositphotos_2508294_m-2015-1-768x576.jpg 768w, https:\/\/news.save.ch\/wp-content\/uploads\/2023\/11\/Depositphotos_2508294_m-2015-1-16x12.jpg 16w, https:\/\/news.save.ch\/wp-content\/uploads\/2023\/11\/Depositphotos_2508294_m-2015-1-375x281.jpg 375w, https:\/\/news.save.ch\/wp-content\/uploads\/2023\/11\/Depositphotos_2508294_m-2015-1-467x350.jpg 467w, https:\/\/news.save.ch\/wp-content\/uploads\/2023\/11\/Depositphotos_2508294_m-2015-1.jpg 1000w\" sizes=\"auto, (max-width: 680px) 100vw, 680px\" \/><figcaption id=\"caption-attachment-22437\" class=\"wp-caption-text\">\u00a9 Depositphotos<\/figcaption><\/figure>\n<p>Ein erstes E-ID-Gesetz war in der Volksabstimmung vom 7. M\u00e4rz 2021 gescheitert. Kritisiert wurde damals insbesondere, dass Privatunternehmen eine E-ID herausgeben k\u00f6nnen. Neu soll der Bund f\u00fcr die Herausgabe der E-ID verantwortlich sein und die f\u00fcr den Betrieb notwendige Infrastruktur anbieten, wie das Bundesamt f\u00fcr Justiz schreibt. So stelle der Bund die notwendige App bereit, damit die Nutzerinnen und Nutzer ihre E-ID auf ihrem Smartphone speichern k\u00f6nnten. Die App solle auch Menschen mit Behinderung ohne Einschr\u00e4nkung zug\u00e4nglich sein. Anders als in der Vernehmlassung vorgesehen, w\u00fcrden nicht die Kantone, sondern der Bund den Support f\u00fcr die Nutzerinnen und Nutzer erbringen.<\/p>\n<h3>Wer kann E-ID beantragen?<\/h3>\n<p>Eine E-ID soll beantragen k\u00f6nnen, wer \u00fcber eine Schweizer Identit\u00e4tskarte, einen Schweizer Pass oder einen von der Schweiz ausgestellten Ausl\u00e4nderausweis verf\u00fcgt. Aufgrund von R\u00fcckmeldungen aus der Vernehmlassung schl\u00e4gt der Bundesrat vor, die E-ID nicht nur online, sondern auch im Passb\u00fcro ausgestellt werden kann.\u00a0Die Nutzung der E-ID sei freiwillig und kostenlos. Diese k\u00f6nne sowohl im Internet &#8211; zum Beispiel bei der elektronischen Bestellung eines Strafregisterauszugs &#8211; als auch in der physischen Welt &#8211; beispielsweise im Laden zum Altersnachweis beim Kauf von Alkohol &#8211; zum Einsatz kommen. S\u00e4mtliche Dienstleistungen des Bundes, bei denen die E-ID zum Einsatz kommen k\u00f6nne, w\u00fcrden weiterhin analog angeboten. Gleichzeitig m\u00fcssten alle Schweizer Beh\u00f6rden die E-ID als einen g\u00fcltigen Identit\u00e4tsnachweis akzeptieren, sofern sie elektronische Identit\u00e4tsnachweise im Grundsatz zulassen w\u00fcrden.<\/p>\n<h3>E-ID garantiert den bestm\u00f6glichen Datenschutz<\/h3>\n<p>Die Nutzerinnen und Nutzer der k\u00fcnftigen staatlich anerkannten E\u2011ID sollen die gr\u00f6sstm\u00f6gliche Kontrolle \u00fcber ihre Daten haben (Self-Sovereign Identity), wie es in der bundesr\u00e4tlichen Mitteilung heisst. Der Datenschutz solle erstens durch das System selber (Privacy by Design), zweitens durch die Minimierung der n\u00f6tigen Datenfl\u00fcsse (Prinzip der Datensparsamkeit) und drittens durch die ausschliessliche Speicherung der E-ID auf dem Smartphone der Nutzerin oder des Nutzers (dezentrale Datenspeicherung) gew\u00e4hrleistet werden. Im Zusammenhang mit dem Datenschutz schlage der Bundesrat aufgrund der Vernehmlassungsergebnisse eine weitere Massnahme vor: Um dem Prinzip der Datensparsamkeit Nachdruck zu verleihen, solle \u00f6ffentlich gemacht werden, wenn jemand mehr E-ID-Daten verlange, als im konkreten Fall notwendig.<\/p>\n<p>Um auf technische und gesellschaftliche Entwicklungen reagieren zu k\u00f6nnen, sei das Gesetz technologieneutral formuliert, heisst es. Schliesslich solle das Schweizer E-ID-System internationale Standards einhalten. Damit solle sichergestellt werden, dass die E-ID k\u00fcnftig auch im Ausland anerkannt und eingesetzt werden k\u00f6nne.\u00a0 <em>(Medienmitteilung \/ rs)<\/em><\/p>\n<p>&nbsp;<\/p>\n","protected":false},"excerpt":{"rendered":"<p>Ein erstes E-ID-Gesetz war in der Volksabstimmung vom 7. M\u00e4rz 2021 gescheitert. Kritisiert wurde damals insbesondere, dass Privatunternehmen eine E-ID herausgeben k\u00f6nnen. Neu soll der Bund f\u00fcr die Herausgabe der E-ID verantwortlich sein und die f\u00fcr den Betrieb notwendige Infrastruktur anbieten, wie das Bundesamt f\u00fcr Justiz schreibt. So stelle der Bund die notwendige App bereit, [&hellip;]<\/p>\n","protected":false},"author":8,"featured_media":22437,"comment_status":"closed","ping_status":"closed","sticky":false,"template":"","format":"standard","meta":{"_acf_changed":false,"pgc_sgb_lightbox_settings":"","footnotes":""},"categories":[3313],"tags":[490],"class_list":["post-22436","post","type-post","status-publish","format-standard","has-post-thumbnail","hentry","category-digitalisierung","tag-e-id"],"acf":[],"hkrextid":null,"publication":null,"issue":null,"workflow":null,"startPage":null,"spitzmarke":null,"_posts_by_tag_page_fields":null,"_at_widget":null,"_yoast_wpseo_primary_category":"3313","_yoast_wpseo_focuskw_text_input":null,"_yoast_wpseo_opengraph-image":null,"_yoast_wpseo_opengraph-description":null,"_yoast_wpseo_opengraph-title":null,"enclosure":null,"_yoast_wpseo_twitter-title":null,"_yoast_wpseo_twitter-description":null,"_yoast_wpseo_twitter-image":null,"_wp_old_slug":null,"_yoast_wpseo_title":null,"_yoast_wpseo_canonical":null,"yoast_head":"<!-- This site is optimized with the Yoast SEO plugin v27.4 - https:\/\/yoast.com\/product\/yoast-seo-wordpress\/ -->\n<title>Bund will ab 2026 E-ID herausgeben - Save<\/title>\n<meta name=\"description\" content=\"Der Bundesrat plant, in der Schweiz einen elektronischen Identit\u00e4tsausweis (E-ID) ab dem Jahr 2026 herauszugeben.\" \/>\n<meta name=\"robots\" content=\"index, follow, max-snippet:-1, max-image-preview:large, max-video-preview:-1\" \/>\n<link rel=\"canonical\" href=\"https:\/\/news.save.ch\/de\/bund-will-ab-2026-e-id-herausgeben\/\" \/>\n<meta property=\"og:locale\" content=\"de_DE\" \/>\n<meta property=\"og:type\" content=\"article\" \/>\n<meta property=\"og:title\" content=\"Bund will ab 2026 E-ID herausgeben - Save\" \/>\n<meta property=\"og:description\" content=\"Der Bundesrat plant, in der Schweiz einen elektronischen Identit\u00e4tsausweis (E-ID) ab dem Jahr 2026 herauszugeben.\" \/>\n<meta property=\"og:url\" content=\"https:\/\/news.save.ch\/de\/bund-will-ab-2026-e-id-herausgeben\/\" \/>\n<meta property=\"og:site_name\" content=\"Save\" \/>\n<meta property=\"article:published_time\" content=\"2023-11-23T05:00:34+00:00\" \/>\n<meta property=\"og:image\" content=\"https:\/\/news.save.ch\/wp-content\/uploads\/2023\/11\/Depositphotos_2508294_m-2015-1.jpg\" \/>\n\t<meta property=\"og:image:width\" content=\"1000\" \/>\n\t<meta property=\"og:image:height\" content=\"750\" \/>\n\t<meta property=\"og:image:type\" content=\"image\/jpeg\" \/>\n<meta name=\"author\" content=\"Roger Str\u00e4ssle\" \/>\n<meta name=\"twitter:card\" content=\"summary_large_image\" \/>\n<meta name=\"twitter:label1\" content=\"Geschrieben von\" \/>\n\t<meta name=\"twitter:data1\" content=\"Roger Str\u00e4ssle\" \/>\n\t<meta name=\"twitter:label2\" content=\"Gesch\u00e4tzte Lesezeit\" \/>\n\t<meta name=\"twitter:data2\" content=\"3\u00a0Minuten\" \/>\n<script type=\"application\/ld+json\" class=\"yoast-schema-graph\">{\"@context\":\"https:\\\/\\\/schema.org\",\"@graph\":[{\"@type\":\"Article\",\"@id\":\"https:\\\/\\\/news.save.ch\\\/bund-will-ab-2026-e-id-herausgeben\\\/#article\",\"isPartOf\":{\"@id\":\"https:\\\/\\\/news.save.ch\\\/bund-will-ab-2026-e-id-herausgeben\\\/\"},\"author\":{\"name\":\"Roger Str\u00e4ssle\",\"@id\":\"https:\\\/\\\/news.save.ch\\\/de\\\/#\\\/schema\\\/person\\\/d5022db048e0e2b9785c50e5b24da5aa\"},\"headline\":\"Bund will ab 2026 E-ID herausgeben\",\"datePublished\":\"2023-11-23T05:00:34+00:00\",\"mainEntityOfPage\":{\"@id\":\"https:\\\/\\\/news.save.ch\\\/bund-will-ab-2026-e-id-herausgeben\\\/\"},\"wordCount\":427,\"publisher\":{\"@id\":\"https:\\\/\\\/news.save.ch\\\/de\\\/#organization\"},\"image\":{\"@id\":\"https:\\\/\\\/news.save.ch\\\/bund-will-ab-2026-e-id-herausgeben\\\/#primaryimage\"},\"thumbnailUrl\":\"https:\\\/\\\/news.save.ch\\\/wp-content\\\/uploads\\\/2023\\\/11\\\/Depositphotos_2508294_m-2015-1.jpg\",\"keywords\":[\"E-ID\"],\"articleSection\":[\"DIGITALISIERUNG\"],\"inLanguage\":\"de\"},{\"@type\":\"WebPage\",\"@id\":\"https:\\\/\\\/news.save.ch\\\/bund-will-ab-2026-e-id-herausgeben\\\/\",\"url\":\"https:\\\/\\\/news.save.ch\\\/bund-will-ab-2026-e-id-herausgeben\\\/\",\"name\":\"Bund will ab 2026 E-ID herausgeben - Save\",\"isPartOf\":{\"@id\":\"https:\\\/\\\/news.save.ch\\\/de\\\/#website\"},\"primaryImageOfPage\":{\"@id\":\"https:\\\/\\\/news.save.ch\\\/bund-will-ab-2026-e-id-herausgeben\\\/#primaryimage\"},\"image\":{\"@id\":\"https:\\\/\\\/news.save.ch\\\/bund-will-ab-2026-e-id-herausgeben\\\/#primaryimage\"},\"thumbnailUrl\":\"https:\\\/\\\/news.save.ch\\\/wp-content\\\/uploads\\\/2023\\\/11\\\/Depositphotos_2508294_m-2015-1.jpg\",\"datePublished\":\"2023-11-23T05:00:34+00:00\",\"description\":\"Der Bundesrat plant, in der Schweiz einen elektronischen Identit\u00e4tsausweis (E-ID) ab dem Jahr 2026 herauszugeben.\",\"breadcrumb\":{\"@id\":\"https:\\\/\\\/news.save.ch\\\/bund-will-ab-2026-e-id-herausgeben\\\/#breadcrumb\"},\"inLanguage\":\"de\",\"potentialAction\":[{\"@type\":\"ReadAction\",\"target\":[\"https:\\\/\\\/news.save.ch\\\/bund-will-ab-2026-e-id-herausgeben\\\/\"]}]},{\"@type\":\"ImageObject\",\"inLanguage\":\"de\",\"@id\":\"https:\\\/\\\/news.save.ch\\\/bund-will-ab-2026-e-id-herausgeben\\\/#primaryimage\",\"url\":\"https:\\\/\\\/news.save.ch\\\/wp-content\\\/uploads\\\/2023\\\/11\\\/Depositphotos_2508294_m-2015-1.jpg\",\"contentUrl\":\"https:\\\/\\\/news.save.ch\\\/wp-content\\\/uploads\\\/2023\\\/11\\\/Depositphotos_2508294_m-2015-1.jpg\",\"width\":1000,\"height\":750,\"caption\":\"\u00a9 Depositphotos\"},{\"@type\":\"BreadcrumbList\",\"@id\":\"https:\\\/\\\/news.save.ch\\\/bund-will-ab-2026-e-id-herausgeben\\\/#breadcrumb\",\"itemListElement\":[{\"@type\":\"ListItem\",\"position\":1,\"name\":\"Home\",\"item\":\"https:\\\/\\\/news.save.ch\\\/de\\\/\"},{\"@type\":\"ListItem\",\"position\":2,\"name\":\"Bund will ab 2026 E-ID herausgeben\"}]},{\"@type\":\"WebSite\",\"@id\":\"https:\\\/\\\/news.save.ch\\\/de\\\/#website\",\"url\":\"https:\\\/\\\/news.save.ch\\\/de\\\/\",\"name\":\"Save\",\"description\":\"Schweizer Fachzeitschrift f\u00fcr Sicherheit\",\"publisher\":{\"@id\":\"https:\\\/\\\/news.save.ch\\\/de\\\/#organization\"},\"potentialAction\":[{\"@type\":\"SearchAction\",\"target\":{\"@type\":\"EntryPoint\",\"urlTemplate\":\"https:\\\/\\\/news.save.ch\\\/de\\\/?s={search_term_string}\"},\"query-input\":{\"@type\":\"PropertyValueSpecification\",\"valueRequired\":true,\"valueName\":\"search_term_string\"}}],\"inLanguage\":\"de\"},{\"@type\":\"Organization\",\"@id\":\"https:\\\/\\\/news.save.ch\\\/de\\\/#organization\",\"name\":\"Sicherheitsforum\",\"url\":\"https:\\\/\\\/news.save.ch\\\/de\\\/\",\"logo\":{\"@type\":\"ImageObject\",\"inLanguage\":\"de\",\"@id\":\"https:\\\/\\\/news.save.ch\\\/de\\\/#\\\/schema\\\/logo\\\/image\\\/\",\"url\":\"https:\\\/\\\/news.save.ch\\\/wp-content\\\/uploads\\\/2022\\\/06\\\/Logo_SF_2012.png\",\"contentUrl\":\"https:\\\/\\\/news.save.ch\\\/wp-content\\\/uploads\\\/2022\\\/06\\\/Logo_SF_2012.png\",\"width\":1100,\"height\":91,\"caption\":\"Sicherheitsforum\"},\"image\":{\"@id\":\"https:\\\/\\\/news.save.ch\\\/de\\\/#\\\/schema\\\/logo\\\/image\\\/\"}},{\"@type\":\"Person\",\"@id\":\"https:\\\/\\\/news.save.ch\\\/de\\\/#\\\/schema\\\/person\\\/d5022db048e0e2b9785c50e5b24da5aa\",\"name\":\"Roger Str\u00e4ssle\",\"image\":{\"@type\":\"ImageObject\",\"inLanguage\":\"de\",\"@id\":\"https:\\\/\\\/secure.gravatar.com\\\/avatar\\\/862a5569d087de48e5856e32f45d719a03804c891d6deb8d4f71a660e79e4a47?s=96&d=mm&r=g\",\"url\":\"https:\\\/\\\/secure.gravatar.com\\\/avatar\\\/862a5569d087de48e5856e32f45d719a03804c891d6deb8d4f71a660e79e4a47?s=96&d=mm&r=g\",\"contentUrl\":\"https:\\\/\\\/secure.gravatar.com\\\/avatar\\\/862a5569d087de48e5856e32f45d719a03804c891d6deb8d4f71a660e79e4a47?s=96&d=mm&r=g\",\"caption\":\"Roger Str\u00e4ssle\"},\"url\":\"https:\\\/\\\/news.save.ch\\\/de\\\/author\\\/roger-straessle\\\/\"}]}<\/script>\n<!-- \/ Yoast SEO plugin. -->","yoast_head_json":{"title":"Bund will ab 2026 E-ID herausgeben - Save","description":"Der Bundesrat plant, in der Schweiz einen elektronischen Identit\u00e4tsausweis (E-ID) ab dem Jahr 2026 herauszugeben.","robots":{"index":"index","follow":"follow","max-snippet":"max-snippet:-1","max-image-preview":"max-image-preview:large","max-video-preview":"max-video-preview:-1"},"canonical":"https:\/\/news.save.ch\/de\/bund-will-ab-2026-e-id-herausgeben\/","og_locale":"de_DE","og_type":"article","og_title":"Bund will ab 2026 E-ID herausgeben - Save","og_description":"Der Bundesrat plant, in der Schweiz einen elektronischen Identit\u00e4tsausweis (E-ID) ab dem Jahr 2026 herauszugeben.","og_url":"https:\/\/news.save.ch\/de\/bund-will-ab-2026-e-id-herausgeben\/","og_site_name":"Save","article_published_time":"2023-11-23T05:00:34+00:00","og_image":[{"width":1000,"height":750,"url":"https:\/\/news.save.ch\/wp-content\/uploads\/2023\/11\/Depositphotos_2508294_m-2015-1.jpg","type":"image\/jpeg"}],"author":"Roger Str\u00e4ssle","twitter_card":"summary_large_image","twitter_misc":{"Geschrieben von":"Roger Str\u00e4ssle","Gesch\u00e4tzte Lesezeit":"3\u00a0Minuten"},"schema":{"@context":"https:\/\/schema.org","@graph":[{"@type":"Article","@id":"https:\/\/news.save.ch\/bund-will-ab-2026-e-id-herausgeben\/#article","isPartOf":{"@id":"https:\/\/news.save.ch\/bund-will-ab-2026-e-id-herausgeben\/"},"author":{"name":"Roger Str\u00e4ssle","@id":"https:\/\/news.save.ch\/de\/#\/schema\/person\/d5022db048e0e2b9785c50e5b24da5aa"},"headline":"Bund will ab 2026 E-ID herausgeben","datePublished":"2023-11-23T05:00:34+00:00","mainEntityOfPage":{"@id":"https:\/\/news.save.ch\/bund-will-ab-2026-e-id-herausgeben\/"},"wordCount":427,"publisher":{"@id":"https:\/\/news.save.ch\/de\/#organization"},"image":{"@id":"https:\/\/news.save.ch\/bund-will-ab-2026-e-id-herausgeben\/#primaryimage"},"thumbnailUrl":"https:\/\/news.save.ch\/wp-content\/uploads\/2023\/11\/Depositphotos_2508294_m-2015-1.jpg","keywords":["E-ID"],"articleSection":["DIGITALISIERUNG"],"inLanguage":"de"},{"@type":"WebPage","@id":"https:\/\/news.save.ch\/bund-will-ab-2026-e-id-herausgeben\/","url":"https:\/\/news.save.ch\/bund-will-ab-2026-e-id-herausgeben\/","name":"Bund will ab 2026 E-ID herausgeben - Save","isPartOf":{"@id":"https:\/\/news.save.ch\/de\/#website"},"primaryImageOfPage":{"@id":"https:\/\/news.save.ch\/bund-will-ab-2026-e-id-herausgeben\/#primaryimage"},"image":{"@id":"https:\/\/news.save.ch\/bund-will-ab-2026-e-id-herausgeben\/#primaryimage"},"thumbnailUrl":"https:\/\/news.save.ch\/wp-content\/uploads\/2023\/11\/Depositphotos_2508294_m-2015-1.jpg","datePublished":"2023-11-23T05:00:34+00:00","description":"Der Bundesrat plant, in der Schweiz einen elektronischen Identit\u00e4tsausweis (E-ID) ab dem Jahr 2026 herauszugeben.","breadcrumb":{"@id":"https:\/\/news.save.ch\/bund-will-ab-2026-e-id-herausgeben\/#breadcrumb"},"inLanguage":"de","potentialAction":[{"@type":"ReadAction","target":["https:\/\/news.save.ch\/bund-will-ab-2026-e-id-herausgeben\/"]}]},{"@type":"ImageObject","inLanguage":"de","@id":"https:\/\/news.save.ch\/bund-will-ab-2026-e-id-herausgeben\/#primaryimage","url":"https:\/\/news.save.ch\/wp-content\/uploads\/2023\/11\/Depositphotos_2508294_m-2015-1.jpg","contentUrl":"https:\/\/news.save.ch\/wp-content\/uploads\/2023\/11\/Depositphotos_2508294_m-2015-1.jpg","width":1000,"height":750,"caption":"\u00a9 Depositphotos"},{"@type":"BreadcrumbList","@id":"https:\/\/news.save.ch\/bund-will-ab-2026-e-id-herausgeben\/#breadcrumb","itemListElement":[{"@type":"ListItem","position":1,"name":"Home","item":"https:\/\/news.save.ch\/de\/"},{"@type":"ListItem","position":2,"name":"Bund will ab 2026 E-ID herausgeben"}]},{"@type":"WebSite","@id":"https:\/\/news.save.ch\/de\/#website","url":"https:\/\/news.save.ch\/de\/","name":"Save","description":"Schweizer Fachzeitschrift f\u00fcr Sicherheit","publisher":{"@id":"https:\/\/news.save.ch\/de\/#organization"},"potentialAction":[{"@type":"SearchAction","target":{"@type":"EntryPoint","urlTemplate":"https:\/\/news.save.ch\/de\/?s={search_term_string}"},"query-input":{"@type":"PropertyValueSpecification","valueRequired":true,"valueName":"search_term_string"}}],"inLanguage":"de"},{"@type":"Organization","@id":"https:\/\/news.save.ch\/de\/#organization","name":"Sicherheitsforum","url":"https:\/\/news.save.ch\/de\/","logo":{"@type":"ImageObject","inLanguage":"de","@id":"https:\/\/news.save.ch\/de\/#\/schema\/logo\/image\/","url":"https:\/\/news.save.ch\/wp-content\/uploads\/2022\/06\/Logo_SF_2012.png","contentUrl":"https:\/\/news.save.ch\/wp-content\/uploads\/2022\/06\/Logo_SF_2012.png","width":1100,"height":91,"caption":"Sicherheitsforum"},"image":{"@id":"https:\/\/news.save.ch\/de\/#\/schema\/logo\/image\/"}},{"@type":"Person","@id":"https:\/\/news.save.ch\/de\/#\/schema\/person\/d5022db048e0e2b9785c50e5b24da5aa","name":"Roger Str\u00e4ssle","image":{"@type":"ImageObject","inLanguage":"de","@id":"https:\/\/secure.gravatar.com\/avatar\/862a5569d087de48e5856e32f45d719a03804c891d6deb8d4f71a660e79e4a47?s=96&d=mm&r=g","url":"https:\/\/secure.gravatar.com\/avatar\/862a5569d087de48e5856e32f45d719a03804c891d6deb8d4f71a660e79e4a47?s=96&d=mm&r=g","contentUrl":"https:\/\/secure.gravatar.com\/avatar\/862a5569d087de48e5856e32f45d719a03804c891d6deb8d4f71a660e79e4a47?s=96&d=mm&r=g","caption":"Roger Str\u00e4ssle"},"url":"https:\/\/news.save.ch\/de\/author\/roger-straessle\/"}]}},"_links":{"self":[{"href":"https:\/\/news.save.ch\/de\/wp-json\/wp\/v2\/posts\/22436","targetHints":{"allow":["GET"]}}],"collection":[{"href":"https:\/\/news.save.ch\/de\/wp-json\/wp\/v2\/posts"}],"about":[{"href":"https:\/\/news.save.ch\/de\/wp-json\/wp\/v2\/types\/post"}],"author":[{"embeddable":true,"href":"https:\/\/news.save.ch\/de\/wp-json\/wp\/v2\/users\/8"}],"replies":[{"embeddable":true,"href":"https:\/\/news.save.ch\/de\/wp-json\/wp\/v2\/comments?post=22436"}],"version-history":[{"count":5,"href":"https:\/\/news.save.ch\/de\/wp-json\/wp\/v2\/posts\/22436\/revisions"}],"predecessor-version":[{"id":22442,"href":"https:\/\/news.save.ch\/de\/wp-json\/wp\/v2\/posts\/22436\/revisions\/22442"}],"wp:featuredmedia":[{"embeddable":true,"href":"https:\/\/news.save.ch\/de\/wp-json\/wp\/v2\/media\/22437"}],"wp:attachment":[{"href":"https:\/\/news.save.ch\/de\/wp-json\/wp\/v2\/media?parent=22436"}],"wp:term":[{"taxonomy":"category","embeddable":true,"href":"https:\/\/news.save.ch\/de\/wp-json\/wp\/v2\/categories?post=22436"},{"taxonomy":"post_tag","embeddable":true,"href":"https:\/\/news.save.ch\/de\/wp-json\/wp\/v2\/tags?post=22436"}],"curies":[{"name":"wp","href":"https:\/\/api.w.org\/{rel}","templated":true}]}}