{"id":22533,"date":"2023-12-15T06:24:29","date_gmt":"2023-12-15T05:24:29","guid":{"rendered":"https:\/\/news.save.ch\/?p=22533"},"modified":"2023-12-15T06:24:29","modified_gmt":"2023-12-15T05:24:29","slug":"erst-sieben-prozent-der-unternehmen-gegen-cyberangriffe-versichert","status":null,"type":"post","link":"https:\/\/news.save.ch\/de\/erst-sieben-prozent-der-unternehmen-gegen-cyberangriffe-versichert\/","title":{"rendered":"Erst sieben Prozent der Unternehmen gegen Cyberangriffe versichert"},"content":{"rendered":"<p><img loading=\"lazy\" decoding=\"async\" class=\"alignnone size-medium wp-image-22535\" src=\"https:\/\/news.save.ch\/wp-content\/uploads\/2023\/12\/Depositphotos_264081176_S-680x383.jpg\" alt=\"Cyberattacken k\u00f6nnen jedes Unternehmen treffen.\" width=\"680\" height=\"383\" srcset=\"https:\/\/news.save.ch\/wp-content\/uploads\/2023\/12\/Depositphotos_264081176_S-680x383.jpg 680w, https:\/\/news.save.ch\/wp-content\/uploads\/2023\/12\/Depositphotos_264081176_S-768x432.jpg 768w, https:\/\/news.save.ch\/wp-content\/uploads\/2023\/12\/Depositphotos_264081176_S-18x10.jpg 18w, https:\/\/news.save.ch\/wp-content\/uploads\/2023\/12\/Depositphotos_264081176_S-375x211.jpg 375w, https:\/\/news.save.ch\/wp-content\/uploads\/2023\/12\/Depositphotos_264081176_S-622x350.jpg 622w, https:\/\/news.save.ch\/wp-content\/uploads\/2023\/12\/Depositphotos_264081176_S.jpg 1000w\" sizes=\"auto, (max-width: 680px) 100vw, 680px\" \/><\/p>\n<p>Der Schweizerische Versicherungsverband SVV hat eine neue Risikomodellierung f\u00fcr Cyberrisiken vorgestellt. Sie wurde in Zusammenarbeit mit Moody&#8217;s RMS, einem der f\u00fchrenden Anbieter von Risikomodellen und -analysen, erstmals f\u00fcr die Schweiz erarbeitet. Berechnet wurden das Ausmass und die Wahrscheinlichkeit von \u00fcbergrossen Cyberereignissch\u00e4den. \u00abMit dem Risikomodell konnten wir einen wichtigen Schritt tun, um die Quantifizierbarkeit &#8211; und damit vor allem auch die Versicherbarkeit &#8211; von Cyberrisiken in der Schweiz weiter zu erh\u00f6hen\u00bb, kommentiert Urs Arbter, Direktor des SVV, die Zusammenarbeit mit dem Risikomodellspezialisten.<\/p>\n<p>Gem\u00e4ss dem vorgestellten Modell besteht zum Beispiel pro Jahr eine einprozentige Chance f\u00fcr ein Cyberereignis, das mit einem volkswirtschaftlichen Gesamtschaden von \u00fcber 2,5 Milliarden Franken einherginge. Mit einem solchen Ereignis ist also durchschnittlich einmal in hundert Jahren zu rechnen. Tats\u00e4chlich versichert w\u00e4ren nach dieser Sch\u00e4tzung unter heutigen Bedingungen aber nur Sch\u00e4den von knapp 155 Millionen Franken. Das vorgestellte Risikomodell weist damit auf eine Versicherungsl\u00fccke hin, die in der Schweiz auf \u00fcber 90 Prozent gesch\u00e4tzt wird.<\/p>\n<h3>Ein Versicherungsmarkt mit viel Potenzial<\/h3>\n<p>Angesichts der bisher relativ geringen Verbreitung von Cyberpolicen \u00fcberrascht diese Deckungsl\u00fccke nicht. So sind heute erst etwas mehr als 7 Prozent der Unternehmen in der Schweiz gegen Cyberangriffe versichert. Auch dies l\u00e4sst sich dank einer aktuellen Erhebung des SVV erstmals fundiert absch\u00e4tzen: F\u00fcr das Jahr 2022 hat der Branchenverband der Privatversicherer ein Pr\u00e4mienvolumen von rund 108 Millionen Franken erhoben, das sich auf 46&#8217;000 Unternehmenskunden und rund 292&#8217;000 Privatkunden verteilt.<\/p>\n<p>Gleichzeitig w\u00e4chst der Markt f\u00fcr Cyberversicherungsangebote auch in der Schweiz rasant. Im Schnitt wird alle zwei Jahre mit einer Verdoppelung des Pr\u00e4mienvolumens gerechnet. \u00abDas Potenzial f\u00fcr Cyberversicherungen ist in der Schweiz nach wie vor gross\u00bb, sch\u00e4tzt Arbter den hiesigen Markt ein. Gem\u00e4ss Martin Jara, CEO von Helvetia Schweiz und SVV-Vorstandsmitglied, ist es nun an der Branche, die bestehenden Versicherungsl\u00fccken zu schliessen. \u00abDabei stehen drei Massnahmen im Vordergrund: die Umsetzung spezifischer Pr\u00e4ventionsmassnahmen durch die zu versichernden Unternehmen, eine systematische Datenerhebung in Zusammenarbeit mit den entsprechenden staatlichen und wissenschaftlichen Institutionen sowie eine Steigerung der aktuellen Marktabdeckung\u00bb.<\/p>\n<p><em>Quelle: Schweizerischer Versicherungsverband SVV<\/em><\/p>\n","protected":false},"excerpt":{"rendered":"<p>Der Schweizerische Versicherungsverband SVV hat eine neue Risikomodellierung f\u00fcr Cyberrisiken vorgestellt. Sie wurde in Zusammenarbeit mit Moody&#8217;s RMS, einem der f\u00fchrenden Anbieter von Risikomodellen und -analysen, erstmals f\u00fcr die Schweiz erarbeitet. Berechnet wurden das Ausmass und die Wahrscheinlichkeit von \u00fcbergrossen Cyberereignissch\u00e4den. \u00abMit dem Risikomodell konnten wir einen wichtigen Schritt tun, um die Quantifizierbarkeit &#8211; und [&hellip;]<\/p>\n","protected":false},"author":31,"featured_media":22535,"comment_status":"closed","ping_status":"closed","sticky":false,"template":"","format":"standard","meta":{"_acf_changed":false,"pgc_sgb_lightbox_settings":"","footnotes":""},"categories":[3313],"tags":[5956,4763,657,5398],"class_list":["post-22533","post","type-post","status-publish","format-standard","has-post-thumbnail","hentry","category-digitalisierung","tag-cyber-angriff","tag-cyber-attacken","tag-cyber-security","tag-cyber-versicherung"],"acf":[],"hkrextid":null,"publication":null,"issue":null,"workflow":null,"startPage":null,"spitzmarke":null,"_posts_by_tag_page_fields":null,"_at_widget":null,"_yoast_wpseo_primary_category":"3313","_yoast_wpseo_focuskw_text_input":null,"_yoast_wpseo_opengraph-image":null,"_yoast_wpseo_opengraph-description":null,"_yoast_wpseo_opengraph-title":null,"enclosure":null,"_yoast_wpseo_twitter-title":null,"_yoast_wpseo_twitter-description":null,"_yoast_wpseo_twitter-image":null,"_wp_old_slug":null,"_yoast_wpseo_title":null,"_yoast_wpseo_canonical":null,"yoast_head":"<!-- This site is optimized with the Yoast SEO plugin v27.5 - https:\/\/yoast.com\/product\/yoast-seo-wordpress\/ -->\n<title>Erst sieben Prozent der Unternehmen gegen Cyberangriffe versichert - Save<\/title>\n<meta name=\"description\" content=\"In der Schweiz besteht ein grosses Potenzial f\u00fcr Cyberversicherungen.\" \/>\n<meta name=\"robots\" content=\"index, follow, max-snippet:-1, max-image-preview:large, max-video-preview:-1\" \/>\n<link rel=\"canonical\" href=\"https:\/\/news.save.ch\/de\/erst-sieben-prozent-der-unternehmen-gegen-cyberangriffe-versichert\/\" \/>\n<meta property=\"og:locale\" content=\"de_DE\" \/>\n<meta property=\"og:type\" content=\"article\" \/>\n<meta property=\"og:title\" content=\"Erst sieben Prozent der Unternehmen gegen Cyberangriffe versichert - Save\" \/>\n<meta property=\"og:description\" content=\"In der Schweiz besteht ein grosses Potenzial f\u00fcr Cyberversicherungen.\" \/>\n<meta property=\"og:url\" content=\"https:\/\/news.save.ch\/de\/erst-sieben-prozent-der-unternehmen-gegen-cyberangriffe-versichert\/\" \/>\n<meta property=\"og:site_name\" content=\"Save\" \/>\n<meta property=\"article:published_time\" content=\"2023-12-15T05:24:29+00:00\" \/>\n<meta property=\"og:image\" content=\"https:\/\/news.save.ch\/wp-content\/uploads\/2023\/12\/Depositphotos_264081176_S.jpg\" \/>\n\t<meta property=\"og:image:width\" content=\"1000\" \/>\n\t<meta property=\"og:image:height\" content=\"563\" \/>\n\t<meta property=\"og:image:type\" content=\"image\/jpeg\" \/>\n<meta name=\"author\" content=\"stefanie Zeng\" \/>\n<meta name=\"twitter:card\" content=\"summary_large_image\" \/>\n<meta name=\"twitter:label1\" content=\"Geschrieben von\" \/>\n\t<meta name=\"twitter:data1\" content=\"stefanie Zeng\" \/>\n\t<meta name=\"twitter:label2\" content=\"Gesch\u00e4tzte Lesezeit\" \/>\n\t<meta name=\"twitter:data2\" content=\"3\u00a0Minuten\" \/>\n<script type=\"application\/ld+json\" class=\"yoast-schema-graph\">{\"@context\":\"https:\\\/\\\/schema.org\",\"@graph\":[{\"@type\":\"Article\",\"@id\":\"https:\\\/\\\/news.save.ch\\\/erst-sieben-prozent-der-unternehmen-gegen-cyberangriffe-versichert\\\/#article\",\"isPartOf\":{\"@id\":\"https:\\\/\\\/news.save.ch\\\/erst-sieben-prozent-der-unternehmen-gegen-cyberangriffe-versichert\\\/\"},\"author\":{\"name\":\"stefanie Zeng\",\"@id\":\"https:\\\/\\\/news.save.ch\\\/de\\\/#\\\/schema\\\/person\\\/10917387362b3961e882740f6cf6f2a2\"},\"headline\":\"Erst sieben Prozent der Unternehmen gegen Cyberangriffe versichert\",\"datePublished\":\"2023-12-15T05:24:29+00:00\",\"mainEntityOfPage\":{\"@id\":\"https:\\\/\\\/news.save.ch\\\/erst-sieben-prozent-der-unternehmen-gegen-cyberangriffe-versichert\\\/\"},\"wordCount\":355,\"publisher\":{\"@id\":\"https:\\\/\\\/news.save.ch\\\/de\\\/#organization\"},\"image\":{\"@id\":\"https:\\\/\\\/news.save.ch\\\/erst-sieben-prozent-der-unternehmen-gegen-cyberangriffe-versichert\\\/#primaryimage\"},\"thumbnailUrl\":\"https:\\\/\\\/news.save.ch\\\/wp-content\\\/uploads\\\/2023\\\/12\\\/Depositphotos_264081176_S.jpg\",\"keywords\":[\"Cyber-Angriff\",\"Cyber-Attacken\",\"Cyber-Security\",\"Cyber-Versicherung\"],\"articleSection\":[\"DIGITALISIERUNG\"],\"inLanguage\":\"de\"},{\"@type\":\"WebPage\",\"@id\":\"https:\\\/\\\/news.save.ch\\\/erst-sieben-prozent-der-unternehmen-gegen-cyberangriffe-versichert\\\/\",\"url\":\"https:\\\/\\\/news.save.ch\\\/erst-sieben-prozent-der-unternehmen-gegen-cyberangriffe-versichert\\\/\",\"name\":\"Erst sieben Prozent der Unternehmen gegen Cyberangriffe versichert - Save\",\"isPartOf\":{\"@id\":\"https:\\\/\\\/news.save.ch\\\/de\\\/#website\"},\"primaryImageOfPage\":{\"@id\":\"https:\\\/\\\/news.save.ch\\\/erst-sieben-prozent-der-unternehmen-gegen-cyberangriffe-versichert\\\/#primaryimage\"},\"image\":{\"@id\":\"https:\\\/\\\/news.save.ch\\\/erst-sieben-prozent-der-unternehmen-gegen-cyberangriffe-versichert\\\/#primaryimage\"},\"thumbnailUrl\":\"https:\\\/\\\/news.save.ch\\\/wp-content\\\/uploads\\\/2023\\\/12\\\/Depositphotos_264081176_S.jpg\",\"datePublished\":\"2023-12-15T05:24:29+00:00\",\"description\":\"In der Schweiz besteht ein grosses Potenzial f\u00fcr Cyberversicherungen.\",\"breadcrumb\":{\"@id\":\"https:\\\/\\\/news.save.ch\\\/erst-sieben-prozent-der-unternehmen-gegen-cyberangriffe-versichert\\\/#breadcrumb\"},\"inLanguage\":\"de\",\"potentialAction\":[{\"@type\":\"ReadAction\",\"target\":[\"https:\\\/\\\/news.save.ch\\\/erst-sieben-prozent-der-unternehmen-gegen-cyberangriffe-versichert\\\/\"]}]},{\"@type\":\"ImageObject\",\"inLanguage\":\"de\",\"@id\":\"https:\\\/\\\/news.save.ch\\\/erst-sieben-prozent-der-unternehmen-gegen-cyberangriffe-versichert\\\/#primaryimage\",\"url\":\"https:\\\/\\\/news.save.ch\\\/wp-content\\\/uploads\\\/2023\\\/12\\\/Depositphotos_264081176_S.jpg\",\"contentUrl\":\"https:\\\/\\\/news.save.ch\\\/wp-content\\\/uploads\\\/2023\\\/12\\\/Depositphotos_264081176_S.jpg\",\"width\":1000,\"height\":563,\"caption\":\"Cyberattacken k\u00f6nnen jedes Unternehmen treffen.\"},{\"@type\":\"BreadcrumbList\",\"@id\":\"https:\\\/\\\/news.save.ch\\\/erst-sieben-prozent-der-unternehmen-gegen-cyberangriffe-versichert\\\/#breadcrumb\",\"itemListElement\":[{\"@type\":\"ListItem\",\"position\":1,\"name\":\"Home\",\"item\":\"https:\\\/\\\/news.save.ch\\\/de\\\/\"},{\"@type\":\"ListItem\",\"position\":2,\"name\":\"Erst sieben Prozent der Unternehmen gegen Cyberangriffe versichert\"}]},{\"@type\":\"WebSite\",\"@id\":\"https:\\\/\\\/news.save.ch\\\/de\\\/#website\",\"url\":\"https:\\\/\\\/news.save.ch\\\/de\\\/\",\"name\":\"Save\",\"description\":\"Schweizer Fachzeitschrift f\u00fcr Sicherheit\",\"publisher\":{\"@id\":\"https:\\\/\\\/news.save.ch\\\/de\\\/#organization\"},\"potentialAction\":[{\"@type\":\"SearchAction\",\"target\":{\"@type\":\"EntryPoint\",\"urlTemplate\":\"https:\\\/\\\/news.save.ch\\\/de\\\/?s={search_term_string}\"},\"query-input\":{\"@type\":\"PropertyValueSpecification\",\"valueRequired\":true,\"valueName\":\"search_term_string\"}}],\"inLanguage\":\"de\"},{\"@type\":\"Organization\",\"@id\":\"https:\\\/\\\/news.save.ch\\\/de\\\/#organization\",\"name\":\"Sicherheitsforum\",\"url\":\"https:\\\/\\\/news.save.ch\\\/de\\\/\",\"logo\":{\"@type\":\"ImageObject\",\"inLanguage\":\"de\",\"@id\":\"https:\\\/\\\/news.save.ch\\\/de\\\/#\\\/schema\\\/logo\\\/image\\\/\",\"url\":\"https:\\\/\\\/news.save.ch\\\/wp-content\\\/uploads\\\/2022\\\/06\\\/Logo_SF_2012.png\",\"contentUrl\":\"https:\\\/\\\/news.save.ch\\\/wp-content\\\/uploads\\\/2022\\\/06\\\/Logo_SF_2012.png\",\"width\":1100,\"height\":91,\"caption\":\"Sicherheitsforum\"},\"image\":{\"@id\":\"https:\\\/\\\/news.save.ch\\\/de\\\/#\\\/schema\\\/logo\\\/image\\\/\"}},{\"@type\":\"Person\",\"@id\":\"https:\\\/\\\/news.save.ch\\\/de\\\/#\\\/schema\\\/person\\\/10917387362b3961e882740f6cf6f2a2\",\"name\":\"stefanie Zeng\",\"image\":{\"@type\":\"ImageObject\",\"inLanguage\":\"de\",\"@id\":\"https:\\\/\\\/secure.gravatar.com\\\/avatar\\\/eac43faa6e40bb2c41068c95c9d78bbd94c476d5efdff7abaab80bb3ea681e06?s=96&d=mm&r=g\",\"url\":\"https:\\\/\\\/secure.gravatar.com\\\/avatar\\\/eac43faa6e40bb2c41068c95c9d78bbd94c476d5efdff7abaab80bb3ea681e06?s=96&d=mm&r=g\",\"contentUrl\":\"https:\\\/\\\/secure.gravatar.com\\\/avatar\\\/eac43faa6e40bb2c41068c95c9d78bbd94c476d5efdff7abaab80bb3ea681e06?s=96&d=mm&r=g\",\"caption\":\"stefanie Zeng\"},\"url\":\"https:\\\/\\\/news.save.ch\\\/de\\\/author\\\/stefanie-zeng\\\/\"}]}<\/script>\n<!-- \/ Yoast SEO plugin. -->","yoast_head_json":{"title":"Erst sieben Prozent der Unternehmen gegen Cyberangriffe versichert - Save","description":"In der Schweiz besteht ein grosses Potenzial f\u00fcr Cyberversicherungen.","robots":{"index":"index","follow":"follow","max-snippet":"max-snippet:-1","max-image-preview":"max-image-preview:large","max-video-preview":"max-video-preview:-1"},"canonical":"https:\/\/news.save.ch\/de\/erst-sieben-prozent-der-unternehmen-gegen-cyberangriffe-versichert\/","og_locale":"de_DE","og_type":"article","og_title":"Erst sieben Prozent der Unternehmen gegen Cyberangriffe versichert - Save","og_description":"In der Schweiz besteht ein grosses Potenzial f\u00fcr Cyberversicherungen.","og_url":"https:\/\/news.save.ch\/de\/erst-sieben-prozent-der-unternehmen-gegen-cyberangriffe-versichert\/","og_site_name":"Save","article_published_time":"2023-12-15T05:24:29+00:00","og_image":[{"width":1000,"height":563,"url":"https:\/\/news.save.ch\/wp-content\/uploads\/2023\/12\/Depositphotos_264081176_S.jpg","type":"image\/jpeg"}],"author":"stefanie Zeng","twitter_card":"summary_large_image","twitter_misc":{"Geschrieben von":"stefanie Zeng","Gesch\u00e4tzte Lesezeit":"3\u00a0Minuten"},"schema":{"@context":"https:\/\/schema.org","@graph":[{"@type":"Article","@id":"https:\/\/news.save.ch\/erst-sieben-prozent-der-unternehmen-gegen-cyberangriffe-versichert\/#article","isPartOf":{"@id":"https:\/\/news.save.ch\/erst-sieben-prozent-der-unternehmen-gegen-cyberangriffe-versichert\/"},"author":{"name":"stefanie Zeng","@id":"https:\/\/news.save.ch\/de\/#\/schema\/person\/10917387362b3961e882740f6cf6f2a2"},"headline":"Erst sieben Prozent der Unternehmen gegen Cyberangriffe versichert","datePublished":"2023-12-15T05:24:29+00:00","mainEntityOfPage":{"@id":"https:\/\/news.save.ch\/erst-sieben-prozent-der-unternehmen-gegen-cyberangriffe-versichert\/"},"wordCount":355,"publisher":{"@id":"https:\/\/news.save.ch\/de\/#organization"},"image":{"@id":"https:\/\/news.save.ch\/erst-sieben-prozent-der-unternehmen-gegen-cyberangriffe-versichert\/#primaryimage"},"thumbnailUrl":"https:\/\/news.save.ch\/wp-content\/uploads\/2023\/12\/Depositphotos_264081176_S.jpg","keywords":["Cyber-Angriff","Cyber-Attacken","Cyber-Security","Cyber-Versicherung"],"articleSection":["DIGITALISIERUNG"],"inLanguage":"de"},{"@type":"WebPage","@id":"https:\/\/news.save.ch\/erst-sieben-prozent-der-unternehmen-gegen-cyberangriffe-versichert\/","url":"https:\/\/news.save.ch\/erst-sieben-prozent-der-unternehmen-gegen-cyberangriffe-versichert\/","name":"Erst sieben Prozent der Unternehmen gegen Cyberangriffe versichert - Save","isPartOf":{"@id":"https:\/\/news.save.ch\/de\/#website"},"primaryImageOfPage":{"@id":"https:\/\/news.save.ch\/erst-sieben-prozent-der-unternehmen-gegen-cyberangriffe-versichert\/#primaryimage"},"image":{"@id":"https:\/\/news.save.ch\/erst-sieben-prozent-der-unternehmen-gegen-cyberangriffe-versichert\/#primaryimage"},"thumbnailUrl":"https:\/\/news.save.ch\/wp-content\/uploads\/2023\/12\/Depositphotos_264081176_S.jpg","datePublished":"2023-12-15T05:24:29+00:00","description":"In der Schweiz besteht ein grosses Potenzial f\u00fcr Cyberversicherungen.","breadcrumb":{"@id":"https:\/\/news.save.ch\/erst-sieben-prozent-der-unternehmen-gegen-cyberangriffe-versichert\/#breadcrumb"},"inLanguage":"de","potentialAction":[{"@type":"ReadAction","target":["https:\/\/news.save.ch\/erst-sieben-prozent-der-unternehmen-gegen-cyberangriffe-versichert\/"]}]},{"@type":"ImageObject","inLanguage":"de","@id":"https:\/\/news.save.ch\/erst-sieben-prozent-der-unternehmen-gegen-cyberangriffe-versichert\/#primaryimage","url":"https:\/\/news.save.ch\/wp-content\/uploads\/2023\/12\/Depositphotos_264081176_S.jpg","contentUrl":"https:\/\/news.save.ch\/wp-content\/uploads\/2023\/12\/Depositphotos_264081176_S.jpg","width":1000,"height":563,"caption":"Cyberattacken k\u00f6nnen jedes Unternehmen treffen."},{"@type":"BreadcrumbList","@id":"https:\/\/news.save.ch\/erst-sieben-prozent-der-unternehmen-gegen-cyberangriffe-versichert\/#breadcrumb","itemListElement":[{"@type":"ListItem","position":1,"name":"Home","item":"https:\/\/news.save.ch\/de\/"},{"@type":"ListItem","position":2,"name":"Erst sieben Prozent der Unternehmen gegen Cyberangriffe versichert"}]},{"@type":"WebSite","@id":"https:\/\/news.save.ch\/de\/#website","url":"https:\/\/news.save.ch\/de\/","name":"Save","description":"Schweizer Fachzeitschrift f\u00fcr Sicherheit","publisher":{"@id":"https:\/\/news.save.ch\/de\/#organization"},"potentialAction":[{"@type":"SearchAction","target":{"@type":"EntryPoint","urlTemplate":"https:\/\/news.save.ch\/de\/?s={search_term_string}"},"query-input":{"@type":"PropertyValueSpecification","valueRequired":true,"valueName":"search_term_string"}}],"inLanguage":"de"},{"@type":"Organization","@id":"https:\/\/news.save.ch\/de\/#organization","name":"Sicherheitsforum","url":"https:\/\/news.save.ch\/de\/","logo":{"@type":"ImageObject","inLanguage":"de","@id":"https:\/\/news.save.ch\/de\/#\/schema\/logo\/image\/","url":"https:\/\/news.save.ch\/wp-content\/uploads\/2022\/06\/Logo_SF_2012.png","contentUrl":"https:\/\/news.save.ch\/wp-content\/uploads\/2022\/06\/Logo_SF_2012.png","width":1100,"height":91,"caption":"Sicherheitsforum"},"image":{"@id":"https:\/\/news.save.ch\/de\/#\/schema\/logo\/image\/"}},{"@type":"Person","@id":"https:\/\/news.save.ch\/de\/#\/schema\/person\/10917387362b3961e882740f6cf6f2a2","name":"stefanie Zeng","image":{"@type":"ImageObject","inLanguage":"de","@id":"https:\/\/secure.gravatar.com\/avatar\/eac43faa6e40bb2c41068c95c9d78bbd94c476d5efdff7abaab80bb3ea681e06?s=96&d=mm&r=g","url":"https:\/\/secure.gravatar.com\/avatar\/eac43faa6e40bb2c41068c95c9d78bbd94c476d5efdff7abaab80bb3ea681e06?s=96&d=mm&r=g","contentUrl":"https:\/\/secure.gravatar.com\/avatar\/eac43faa6e40bb2c41068c95c9d78bbd94c476d5efdff7abaab80bb3ea681e06?s=96&d=mm&r=g","caption":"stefanie Zeng"},"url":"https:\/\/news.save.ch\/de\/author\/stefanie-zeng\/"}]}},"_links":{"self":[{"href":"https:\/\/news.save.ch\/de\/wp-json\/wp\/v2\/posts\/22533","targetHints":{"allow":["GET"]}}],"collection":[{"href":"https:\/\/news.save.ch\/de\/wp-json\/wp\/v2\/posts"}],"about":[{"href":"https:\/\/news.save.ch\/de\/wp-json\/wp\/v2\/types\/post"}],"author":[{"embeddable":true,"href":"https:\/\/news.save.ch\/de\/wp-json\/wp\/v2\/users\/31"}],"replies":[{"embeddable":true,"href":"https:\/\/news.save.ch\/de\/wp-json\/wp\/v2\/comments?post=22533"}],"version-history":[{"count":3,"href":"https:\/\/news.save.ch\/de\/wp-json\/wp\/v2\/posts\/22533\/revisions"}],"predecessor-version":[{"id":22537,"href":"https:\/\/news.save.ch\/de\/wp-json\/wp\/v2\/posts\/22533\/revisions\/22537"}],"wp:featuredmedia":[{"embeddable":true,"href":"https:\/\/news.save.ch\/de\/wp-json\/wp\/v2\/media\/22535"}],"wp:attachment":[{"href":"https:\/\/news.save.ch\/de\/wp-json\/wp\/v2\/media?parent=22533"}],"wp:term":[{"taxonomy":"category","embeddable":true,"href":"https:\/\/news.save.ch\/de\/wp-json\/wp\/v2\/categories?post=22533"},{"taxonomy":"post_tag","embeddable":true,"href":"https:\/\/news.save.ch\/de\/wp-json\/wp\/v2\/tags?post=22533"}],"curies":[{"name":"wp","href":"https:\/\/api.w.org\/{rel}","templated":true}]}}