{"id":2260,"date":"2016-09-15T08:11:54","date_gmt":"2016-09-15T06:11:54","guid":{"rendered":"https:\/\/dev.sicherheitsforum.ch\/?p=2260"},"modified":"2016-09-15T08:11:54","modified_gmt":"2016-09-15T06:11:54","slug":"armee-ueberprueft-prozesse","status":null,"type":"post","link":"https:\/\/news.save.ch\/de\/armee-ueberprueft-prozesse\/","title":{"rendered":"Armee \u00fcberpr\u00fcft Prozesse"},"content":{"rendered":"<figure id=\"attachment_2261\" aria-describedby=\"caption-attachment-2261\" style=\"width: 680px\" class=\"wp-caption alignnone\"><img loading=\"lazy\" decoding=\"async\" class=\"size-medium wp-image-2261\" src=\"https:\/\/news.save.ch\/wp-content\/uploads\/2016\/12\/Armee-ueberprueft-Prozesse_sicherheitsforum.png\" alt=\"\" width=\"680\" height=\"680\" srcset=\"https:\/\/news.save.ch\/wp-content\/uploads\/2016\/12\/Armee-ueberprueft-Prozesse_sicherheitsforum.png 2000w, https:\/\/news.save.ch\/wp-content\/uploads\/2016\/12\/Armee-ueberprueft-Prozesse_sicherheitsforum-300x300.png 300w\" sizes=\"auto, (max-width: 680px) 100vw, 680px\" \/><figcaption id=\"caption-attachment-2261\" class=\"wp-caption-text\">Der Armee sind gef\u00e4hrliche G\u00fcter abhandengekommen. Foto: Wikipedia<\/figcaption><\/figure>\n<p>Die Armee sei sich der Verantwortung bewusst, die sie im Umgang mit sensitivem Material und gef\u00e4hrlichen G\u00fctern habe, schreibt das VBS. In allen erkannten F\u00e4llen haben die verantwortlichen Kommandanten deshalb unverz\u00fcglich eine Untersuchung durch die Milit\u00e4rjustiz angeordnet, wie es heisst. Die \u00dcberpr\u00fcfung der Prozesse und Abl\u00e4ufe solle allf\u00e4llige Gemeinsamkeiten zwischen den Ereignissen aufdecken und eine allf\u00e4llige Systematik erkennen lassen.<\/p>\n<p>Bereits seit einiger Zeit\u00a0habe\u00a0die Armee &#8211; nach den terroristischen Anschl\u00e4gen im benachbarten Ausland &#8211; den Eigenschutz verst\u00e4rkt. Man habe\u00a0verschiedene Sicherheitsmassnahmen ergriffen: Depots, Lager und Transporte w\u00fcrden st\u00e4rker bewacht, und die Wachtdispositive der Truppe habe man \u00fcberpr\u00fcft und wo n\u00f6tig angepasst.\u00a0Nun werden zus\u00e4tzlich die verschiedenen Schnittstellen und die Einhaltung der Vorschriften kontrolliert und allenfalls angepasst, wie das VBS abschliessend schreibt.<\/p>\n","protected":false},"excerpt":{"rendered":"<p>Die Armee sei sich der Verantwortung bewusst, die sie im Umgang mit sensitivem Material und gef\u00e4hrlichen G\u00fctern habe, schreibt das VBS. In allen erkannten F\u00e4llen haben die verantwortlichen Kommandanten deshalb unverz\u00fcglich eine Untersuchung durch die Milit\u00e4rjustiz angeordnet, wie es heisst. Die \u00dcberpr\u00fcfung der Prozesse und Abl\u00e4ufe solle allf\u00e4llige Gemeinsamkeiten zwischen den Ereignissen aufdecken und eine [&hellip;]<\/p>\n","protected":false},"author":1,"featured_media":2261,"comment_status":"open","ping_status":"open","sticky":false,"template":"","format":"standard","meta":{"_acf_changed":false,"pgc_sgb_lightbox_settings":"","footnotes":""},"categories":[1],"tags":[43],"class_list":["post-2260","post","type-post","status-publish","format-standard","has-post-thumbnail","hentry","category-allgemein","tag-terrorismus"],"acf":[],"hkrextid":null,"publication":null,"issue":null,"workflow":null,"startPage":null,"spitzmarke":null,"_posts_by_tag_page_fields":{"widget_title":"","widget_tags":""},"_at_widget":"1","_yoast_wpseo_primary_category":"","_yoast_wpseo_focuskw_text_input":"Armee","_yoast_wpseo_opengraph-image":"https:\/\/news.save.ch\/wp-content\/uploads\/2016\/12\/Armee-\u00fcberpr\u00fcft-Prozesse_sicherheitsforum.png","_yoast_wpseo_opengraph-description":"In den vergangenen Tagen und Wochen hat es in der Schweizer Armee eine H\u00e4ufung von Zwischenf\u00e4llen und Ereignissen gegeben, wie das VBS schreibt. Erinnert sei an den k\u00fcrzlich entdeckten Sprengstoffdiebstahl oder die \"vermissten\" Handgranaten. In Absprache mit dem zust\u00e4ndigen Bundesrat habe der Armeechef jetzt eine armeeweite \u00dcberpr\u00fcfung von Prozessen und deren Abl\u00e4ufe angeordnet.","_yoast_wpseo_opengraph-title":"Armee \u00fcberpr\u00fcft Prozesse","enclosure":null,"_yoast_wpseo_twitter-title":null,"_yoast_wpseo_twitter-description":null,"_yoast_wpseo_twitter-image":null,"_wp_old_slug":null,"_yoast_wpseo_title":null,"_yoast_wpseo_canonical":null,"yoast_head":"<!-- This site is optimized with the Yoast SEO plugin v27.5 - https:\/\/yoast.com\/product\/yoast-seo-wordpress\/ -->\n<title>Armee \u00fcberpr\u00fcft Prozesse - Save<\/title>\n<meta name=\"description\" content=\"In den vergangenen Tagen und Wochen hat es in der Schweizer Armee eine H\u00e4ufung von Zwischenf\u00e4llen und Ereignissen gegeben, wie das VBS schreibt.\" \/>\n<meta name=\"robots\" content=\"index, follow, max-snippet:-1, max-image-preview:large, max-video-preview:-1\" \/>\n<link rel=\"canonical\" href=\"https:\/\/news.save.ch\/de\/armee-ueberprueft-prozesse\/\" \/>\n<meta property=\"og:locale\" content=\"de_DE\" \/>\n<meta property=\"og:type\" content=\"article\" \/>\n<meta property=\"og:title\" content=\"Armee \u00fcberpr\u00fcft Prozesse\" \/>\n<meta property=\"og:description\" content=\"In den vergangenen Tagen und Wochen hat es in der Schweizer Armee eine H\u00e4ufung von Zwischenf\u00e4llen und Ereignissen gegeben, wie das VBS schreibt. Erinnert sei an den k\u00fcrzlich entdeckten Sprengstoffdiebstahl oder die &quot;vermissten&quot; Handgranaten. In Absprache mit dem zust\u00e4ndigen Bundesrat habe der Armeechef jetzt eine armeeweite \u00dcberpr\u00fcfung von Prozessen und deren Abl\u00e4ufe angeordnet.\" \/>\n<meta property=\"og:url\" content=\"https:\/\/news.save.ch\/de\/armee-ueberprueft-prozesse\/\" \/>\n<meta property=\"og:site_name\" content=\"Save\" \/>\n<meta property=\"article:published_time\" content=\"2016-09-15T06:11:54+00:00\" \/>\n<meta property=\"og:image\" content=\"https:\/\/news.save.ch\/wp-content\/uploads\/2016\/12\/Armee-\u00fcberpr\u00fcft-Prozesse_sicherheitsforum.png\" \/>\n<meta name=\"author\" content=\"admin\" \/>\n<meta name=\"twitter:card\" content=\"summary_large_image\" \/>\n<meta name=\"twitter:label1\" content=\"Geschrieben von\" \/>\n\t<meta name=\"twitter:data1\" content=\"admin\" \/>\n\t<meta name=\"twitter:label2\" content=\"Gesch\u00e4tzte Lesezeit\" \/>\n\t<meta name=\"twitter:data2\" content=\"1\u00a0Minute\" \/>\n<script type=\"application\/ld+json\" class=\"yoast-schema-graph\">{\"@context\":\"https:\\\/\\\/schema.org\",\"@graph\":[{\"@type\":\"Article\",\"@id\":\"https:\\\/\\\/news.save.ch\\\/armee-ueberprueft-prozesse\\\/#article\",\"isPartOf\":{\"@id\":\"https:\\\/\\\/news.save.ch\\\/armee-ueberprueft-prozesse\\\/\"},\"author\":{\"name\":\"admin\",\"@id\":\"https:\\\/\\\/news.save.ch\\\/de\\\/#\\\/schema\\\/person\\\/d49e199490bad7c70d64b9ab51142f2b\"},\"headline\":\"Armee \u00fcberpr\u00fcft Prozesse\",\"datePublished\":\"2016-09-15T06:11:54+00:00\",\"mainEntityOfPage\":{\"@id\":\"https:\\\/\\\/news.save.ch\\\/armee-ueberprueft-prozesse\\\/\"},\"wordCount\":159,\"commentCount\":0,\"publisher\":{\"@id\":\"https:\\\/\\\/news.save.ch\\\/de\\\/#organization\"},\"image\":{\"@id\":\"https:\\\/\\\/news.save.ch\\\/armee-ueberprueft-prozesse\\\/#primaryimage\"},\"thumbnailUrl\":\"https:\\\/\\\/news.save.ch\\\/wp-content\\\/uploads\\\/2016\\\/12\\\/Armee-ueberprueft-Prozesse_sicherheitsforum.png\",\"keywords\":[\"Terrorismus\"],\"articleSection\":[\"ALLGEMEIN\"],\"inLanguage\":\"de\"},{\"@type\":\"WebPage\",\"@id\":\"https:\\\/\\\/news.save.ch\\\/armee-ueberprueft-prozesse\\\/\",\"url\":\"https:\\\/\\\/news.save.ch\\\/armee-ueberprueft-prozesse\\\/\",\"name\":\"Armee \u00fcberpr\u00fcft Prozesse - Save\",\"isPartOf\":{\"@id\":\"https:\\\/\\\/news.save.ch\\\/de\\\/#website\"},\"primaryImageOfPage\":{\"@id\":\"https:\\\/\\\/news.save.ch\\\/armee-ueberprueft-prozesse\\\/#primaryimage\"},\"image\":{\"@id\":\"https:\\\/\\\/news.save.ch\\\/armee-ueberprueft-prozesse\\\/#primaryimage\"},\"thumbnailUrl\":\"https:\\\/\\\/news.save.ch\\\/wp-content\\\/uploads\\\/2016\\\/12\\\/Armee-ueberprueft-Prozesse_sicherheitsforum.png\",\"datePublished\":\"2016-09-15T06:11:54+00:00\",\"description\":\"In den vergangenen Tagen und Wochen hat es in der Schweizer Armee eine H\u00e4ufung von Zwischenf\u00e4llen und Ereignissen gegeben, wie das VBS schreibt.\",\"breadcrumb\":{\"@id\":\"https:\\\/\\\/news.save.ch\\\/armee-ueberprueft-prozesse\\\/#breadcrumb\"},\"inLanguage\":\"de\",\"potentialAction\":[{\"@type\":\"ReadAction\",\"target\":[\"https:\\\/\\\/news.save.ch\\\/armee-ueberprueft-prozesse\\\/\"]}]},{\"@type\":\"ImageObject\",\"inLanguage\":\"de\",\"@id\":\"https:\\\/\\\/news.save.ch\\\/armee-ueberprueft-prozesse\\\/#primaryimage\",\"url\":\"https:\\\/\\\/news.save.ch\\\/wp-content\\\/uploads\\\/2016\\\/12\\\/Armee-ueberprueft-Prozesse_sicherheitsforum.png\",\"contentUrl\":\"https:\\\/\\\/news.save.ch\\\/wp-content\\\/uploads\\\/2016\\\/12\\\/Armee-ueberprueft-Prozesse_sicherheitsforum.png\",\"width\":2000,\"height\":2000,\"caption\":\"Der Armee sind gef\u00e4hrliche G\u00fcter abhandengekommen. Foto: Wikipedia\"},{\"@type\":\"BreadcrumbList\",\"@id\":\"https:\\\/\\\/news.save.ch\\\/armee-ueberprueft-prozesse\\\/#breadcrumb\",\"itemListElement\":[{\"@type\":\"ListItem\",\"position\":1,\"name\":\"Home\",\"item\":\"https:\\\/\\\/news.save.ch\\\/de\\\/\"},{\"@type\":\"ListItem\",\"position\":2,\"name\":\"Armee \u00fcberpr\u00fcft Prozesse\"}]},{\"@type\":\"WebSite\",\"@id\":\"https:\\\/\\\/news.save.ch\\\/de\\\/#website\",\"url\":\"https:\\\/\\\/news.save.ch\\\/de\\\/\",\"name\":\"Save\",\"description\":\"Schweizer Fachzeitschrift f\u00fcr Sicherheit\",\"publisher\":{\"@id\":\"https:\\\/\\\/news.save.ch\\\/de\\\/#organization\"},\"potentialAction\":[{\"@type\":\"SearchAction\",\"target\":{\"@type\":\"EntryPoint\",\"urlTemplate\":\"https:\\\/\\\/news.save.ch\\\/de\\\/?s={search_term_string}\"},\"query-input\":{\"@type\":\"PropertyValueSpecification\",\"valueRequired\":true,\"valueName\":\"search_term_string\"}}],\"inLanguage\":\"de\"},{\"@type\":\"Organization\",\"@id\":\"https:\\\/\\\/news.save.ch\\\/de\\\/#organization\",\"name\":\"Sicherheitsforum\",\"url\":\"https:\\\/\\\/news.save.ch\\\/de\\\/\",\"logo\":{\"@type\":\"ImageObject\",\"inLanguage\":\"de\",\"@id\":\"https:\\\/\\\/news.save.ch\\\/de\\\/#\\\/schema\\\/logo\\\/image\\\/\",\"url\":\"https:\\\/\\\/news.save.ch\\\/wp-content\\\/uploads\\\/2022\\\/06\\\/Logo_SF_2012.png\",\"contentUrl\":\"https:\\\/\\\/news.save.ch\\\/wp-content\\\/uploads\\\/2022\\\/06\\\/Logo_SF_2012.png\",\"width\":1100,\"height\":91,\"caption\":\"Sicherheitsforum\"},\"image\":{\"@id\":\"https:\\\/\\\/news.save.ch\\\/de\\\/#\\\/schema\\\/logo\\\/image\\\/\"}},{\"@type\":\"Person\",\"@id\":\"https:\\\/\\\/news.save.ch\\\/de\\\/#\\\/schema\\\/person\\\/d49e199490bad7c70d64b9ab51142f2b\",\"name\":\"admin\",\"image\":{\"@type\":\"ImageObject\",\"inLanguage\":\"de\",\"@id\":\"https:\\\/\\\/secure.gravatar.com\\\/avatar\\\/ae2f4d718e6c49043e314ce431e7e645d646302a24a5ef5a8bc8e3f5a032e319?s=96&d=mm&r=g\",\"url\":\"https:\\\/\\\/secure.gravatar.com\\\/avatar\\\/ae2f4d718e6c49043e314ce431e7e645d646302a24a5ef5a8bc8e3f5a032e319?s=96&d=mm&r=g\",\"contentUrl\":\"https:\\\/\\\/secure.gravatar.com\\\/avatar\\\/ae2f4d718e6c49043e314ce431e7e645d646302a24a5ef5a8bc8e3f5a032e319?s=96&d=mm&r=g\",\"caption\":\"admin\"},\"sameAs\":[\"https:\\\/\\\/develop.organisator.galledia.ch\"],\"url\":\"https:\\\/\\\/news.save.ch\\\/de\\\/author\\\/admin\\\/\"}]}<\/script>\n<!-- \/ Yoast SEO plugin. -->","yoast_head_json":{"title":"Armee \u00fcberpr\u00fcft Prozesse - Save","description":"In den vergangenen Tagen und Wochen hat es in der Schweizer Armee eine H\u00e4ufung von Zwischenf\u00e4llen und Ereignissen gegeben, wie das VBS schreibt.","robots":{"index":"index","follow":"follow","max-snippet":"max-snippet:-1","max-image-preview":"max-image-preview:large","max-video-preview":"max-video-preview:-1"},"canonical":"https:\/\/news.save.ch\/de\/armee-ueberprueft-prozesse\/","og_locale":"de_DE","og_type":"article","og_title":"Armee \u00fcberpr\u00fcft Prozesse","og_description":"In den vergangenen Tagen und Wochen hat es in der Schweizer Armee eine H\u00e4ufung von Zwischenf\u00e4llen und Ereignissen gegeben, wie das VBS schreibt. Erinnert sei an den k\u00fcrzlich entdeckten Sprengstoffdiebstahl oder die \"vermissten\" Handgranaten. In Absprache mit dem zust\u00e4ndigen Bundesrat habe der Armeechef jetzt eine armeeweite \u00dcberpr\u00fcfung von Prozessen und deren Abl\u00e4ufe angeordnet.","og_url":"https:\/\/news.save.ch\/de\/armee-ueberprueft-prozesse\/","og_site_name":"Save","article_published_time":"2016-09-15T06:11:54+00:00","og_image":[{"url":"https:\/\/news.save.ch\/wp-content\/uploads\/2016\/12\/Armee-\u00fcberpr\u00fcft-Prozesse_sicherheitsforum.png","type":"","width":"","height":""}],"author":"admin","twitter_card":"summary_large_image","twitter_misc":{"Geschrieben von":"admin","Gesch\u00e4tzte Lesezeit":"1\u00a0Minute"},"schema":{"@context":"https:\/\/schema.org","@graph":[{"@type":"Article","@id":"https:\/\/news.save.ch\/armee-ueberprueft-prozesse\/#article","isPartOf":{"@id":"https:\/\/news.save.ch\/armee-ueberprueft-prozesse\/"},"author":{"name":"admin","@id":"https:\/\/news.save.ch\/de\/#\/schema\/person\/d49e199490bad7c70d64b9ab51142f2b"},"headline":"Armee \u00fcberpr\u00fcft Prozesse","datePublished":"2016-09-15T06:11:54+00:00","mainEntityOfPage":{"@id":"https:\/\/news.save.ch\/armee-ueberprueft-prozesse\/"},"wordCount":159,"commentCount":0,"publisher":{"@id":"https:\/\/news.save.ch\/de\/#organization"},"image":{"@id":"https:\/\/news.save.ch\/armee-ueberprueft-prozesse\/#primaryimage"},"thumbnailUrl":"https:\/\/news.save.ch\/wp-content\/uploads\/2016\/12\/Armee-ueberprueft-Prozesse_sicherheitsforum.png","keywords":["Terrorismus"],"articleSection":["ALLGEMEIN"],"inLanguage":"de"},{"@type":"WebPage","@id":"https:\/\/news.save.ch\/armee-ueberprueft-prozesse\/","url":"https:\/\/news.save.ch\/armee-ueberprueft-prozesse\/","name":"Armee \u00fcberpr\u00fcft Prozesse - Save","isPartOf":{"@id":"https:\/\/news.save.ch\/de\/#website"},"primaryImageOfPage":{"@id":"https:\/\/news.save.ch\/armee-ueberprueft-prozesse\/#primaryimage"},"image":{"@id":"https:\/\/news.save.ch\/armee-ueberprueft-prozesse\/#primaryimage"},"thumbnailUrl":"https:\/\/news.save.ch\/wp-content\/uploads\/2016\/12\/Armee-ueberprueft-Prozesse_sicherheitsforum.png","datePublished":"2016-09-15T06:11:54+00:00","description":"In den vergangenen Tagen und Wochen hat es in der Schweizer Armee eine H\u00e4ufung von Zwischenf\u00e4llen und Ereignissen gegeben, wie das VBS schreibt.","breadcrumb":{"@id":"https:\/\/news.save.ch\/armee-ueberprueft-prozesse\/#breadcrumb"},"inLanguage":"de","potentialAction":[{"@type":"ReadAction","target":["https:\/\/news.save.ch\/armee-ueberprueft-prozesse\/"]}]},{"@type":"ImageObject","inLanguage":"de","@id":"https:\/\/news.save.ch\/armee-ueberprueft-prozesse\/#primaryimage","url":"https:\/\/news.save.ch\/wp-content\/uploads\/2016\/12\/Armee-ueberprueft-Prozesse_sicherheitsforum.png","contentUrl":"https:\/\/news.save.ch\/wp-content\/uploads\/2016\/12\/Armee-ueberprueft-Prozesse_sicherheitsforum.png","width":2000,"height":2000,"caption":"Der Armee sind gef\u00e4hrliche G\u00fcter abhandengekommen. Foto: Wikipedia"},{"@type":"BreadcrumbList","@id":"https:\/\/news.save.ch\/armee-ueberprueft-prozesse\/#breadcrumb","itemListElement":[{"@type":"ListItem","position":1,"name":"Home","item":"https:\/\/news.save.ch\/de\/"},{"@type":"ListItem","position":2,"name":"Armee \u00fcberpr\u00fcft Prozesse"}]},{"@type":"WebSite","@id":"https:\/\/news.save.ch\/de\/#website","url":"https:\/\/news.save.ch\/de\/","name":"Save","description":"Schweizer Fachzeitschrift f\u00fcr Sicherheit","publisher":{"@id":"https:\/\/news.save.ch\/de\/#organization"},"potentialAction":[{"@type":"SearchAction","target":{"@type":"EntryPoint","urlTemplate":"https:\/\/news.save.ch\/de\/?s={search_term_string}"},"query-input":{"@type":"PropertyValueSpecification","valueRequired":true,"valueName":"search_term_string"}}],"inLanguage":"de"},{"@type":"Organization","@id":"https:\/\/news.save.ch\/de\/#organization","name":"Sicherheitsforum","url":"https:\/\/news.save.ch\/de\/","logo":{"@type":"ImageObject","inLanguage":"de","@id":"https:\/\/news.save.ch\/de\/#\/schema\/logo\/image\/","url":"https:\/\/news.save.ch\/wp-content\/uploads\/2022\/06\/Logo_SF_2012.png","contentUrl":"https:\/\/news.save.ch\/wp-content\/uploads\/2022\/06\/Logo_SF_2012.png","width":1100,"height":91,"caption":"Sicherheitsforum"},"image":{"@id":"https:\/\/news.save.ch\/de\/#\/schema\/logo\/image\/"}},{"@type":"Person","@id":"https:\/\/news.save.ch\/de\/#\/schema\/person\/d49e199490bad7c70d64b9ab51142f2b","name":"admin","image":{"@type":"ImageObject","inLanguage":"de","@id":"https:\/\/secure.gravatar.com\/avatar\/ae2f4d718e6c49043e314ce431e7e645d646302a24a5ef5a8bc8e3f5a032e319?s=96&d=mm&r=g","url":"https:\/\/secure.gravatar.com\/avatar\/ae2f4d718e6c49043e314ce431e7e645d646302a24a5ef5a8bc8e3f5a032e319?s=96&d=mm&r=g","contentUrl":"https:\/\/secure.gravatar.com\/avatar\/ae2f4d718e6c49043e314ce431e7e645d646302a24a5ef5a8bc8e3f5a032e319?s=96&d=mm&r=g","caption":"admin"},"sameAs":["https:\/\/develop.organisator.galledia.ch"],"url":"https:\/\/news.save.ch\/de\/author\/admin\/"}]}},"_links":{"self":[{"href":"https:\/\/news.save.ch\/de\/wp-json\/wp\/v2\/posts\/2260","targetHints":{"allow":["GET"]}}],"collection":[{"href":"https:\/\/news.save.ch\/de\/wp-json\/wp\/v2\/posts"}],"about":[{"href":"https:\/\/news.save.ch\/de\/wp-json\/wp\/v2\/types\/post"}],"author":[{"embeddable":true,"href":"https:\/\/news.save.ch\/de\/wp-json\/wp\/v2\/users\/1"}],"replies":[{"embeddable":true,"href":"https:\/\/news.save.ch\/de\/wp-json\/wp\/v2\/comments?post=2260"}],"version-history":[{"count":0,"href":"https:\/\/news.save.ch\/de\/wp-json\/wp\/v2\/posts\/2260\/revisions"}],"wp:featuredmedia":[{"embeddable":true,"href":"https:\/\/news.save.ch\/de\/wp-json\/wp\/v2\/media\/2261"}],"wp:attachment":[{"href":"https:\/\/news.save.ch\/de\/wp-json\/wp\/v2\/media?parent=2260"}],"wp:term":[{"taxonomy":"category","embeddable":true,"href":"https:\/\/news.save.ch\/de\/wp-json\/wp\/v2\/categories?post=2260"},{"taxonomy":"post_tag","embeddable":true,"href":"https:\/\/news.save.ch\/de\/wp-json\/wp\/v2\/tags?post=2260"}],"curies":[{"name":"wp","href":"https:\/\/api.w.org\/{rel}","templated":true}]}}