{"id":22670,"date":"2024-01-22T11:20:13","date_gmt":"2024-01-22T10:20:13","guid":{"rendered":"https:\/\/news.save.ch\/?p=22670"},"modified":"2024-01-22T11:20:13","modified_gmt":"2024-01-22T10:20:13","slug":"gvz-provisorische-schadensbilanz-2023","status":null,"type":"post","link":"https:\/\/news.save.ch\/de\/gvz-provisorische-schadensbilanz-2023\/","title":{"rendered":"GVZ: Provisorische Schadensbilanz 2023"},"content":{"rendered":"<figure id=\"attachment_22671\" aria-describedby=\"caption-attachment-22671\" style=\"width: 680px\" class=\"wp-caption alignnone\"><img loading=\"lazy\" decoding=\"async\" class=\"size-medium wp-image-22671\" src=\"https:\/\/news.save.ch\/wp-content\/uploads\/2024\/01\/Depositphotos_105835286_S-680x454.jpg\" alt=\"\" width=\"680\" height=\"454\" srcset=\"https:\/\/news.save.ch\/wp-content\/uploads\/2024\/01\/Depositphotos_105835286_S-680x454.jpg 680w, https:\/\/news.save.ch\/wp-content\/uploads\/2024\/01\/Depositphotos_105835286_S-768x512.jpg 768w, https:\/\/news.save.ch\/wp-content\/uploads\/2024\/01\/Depositphotos_105835286_S-18x12.jpg 18w, https:\/\/news.save.ch\/wp-content\/uploads\/2024\/01\/Depositphotos_105835286_S-375x250.jpg 375w, https:\/\/news.save.ch\/wp-content\/uploads\/2024\/01\/Depositphotos_105835286_S-525x350.jpg 525w, https:\/\/news.save.ch\/wp-content\/uploads\/2024\/01\/Depositphotos_105835286_S.jpg 1000w\" sizes=\"auto, (max-width: 680px) 100vw, 680px\" \/><figcaption id=\"caption-attachment-22671\" class=\"wp-caption-text\">Luftaufnahme von Z\u00fcrich und der Limmat (Bild: Depositphotos\/pandionhiatus3)<\/figcaption><\/figure>\n<p>Die gesch\u00e4tzte Gesamtschadensumme betr\u00e4gt 48.4 Mio. (Vorjahr: 59.9 Mio. Franken).\u00a0Die GVZ bearbeitete im Jahr 2023 insgesamt 3599 Schadenf\u00e4lle (Vorjahr: 3325), davon 1080 Feuer- sowie 2519 Elementarsch\u00e4den.<\/p>\n<p>Die Summe der gesch\u00e4tzten Feuersch\u00e4den verringerte sich gegen\u00fcber Vorjahr um rund 8.0 Mio. Franken auf 40.2 Mio. Franken (Vorjahr: 48.6 Mio. Franken). Die Elementarsch\u00e4den liegen mit der gesch\u00e4tzten Schadensumme von 8.2 Mio. Franken (Vorjahr: 11.3 Mio. Franken) ebenfalls unter dem Vorjahreswert.<\/p>\n<p>Die provisorischen Schadenzahlen sind auf der <a href=\"https:\/\/www.gvz.ch\/topnavigation\/schadenzahlen\" target=\"_blank\" rel=\"noopener\">GVZ-Website<\/a> einsehbar. Die GVZ ver\u00f6ffentlicht die definitiven Gesch\u00e4ftszahlen 2023 nach dem 20. Mai 2024.<\/p>\n<p>Die GVZ Geb\u00e4udeversicherung Kanton Z\u00fcrich versichert die Geb\u00e4ude im Kanton Z\u00fcrich gegen Feuer- und Elementarsch\u00e4den und engagiert sich zum Schutz von Personen und Sachwerten in der Pr\u00e4vention. Im gesetzlichen Auftrag erf\u00fcllt sie in enger Zusammenarbeit mit den Gemeinden den Brandschutz und das Feuerwehrwesen. Die GVZ ist ein selbstst\u00e4ndiges \u00f6ffentliches Unternehmen und besch\u00e4ftigt rund 140 hauptberufliche und 250 nebenberufliche Mitarbeitende.<\/p>\n<p><em>Quelle: GVZ<\/em><\/p>\n","protected":false},"excerpt":{"rendered":"<p>Die gesch\u00e4tzte Gesamtschadensumme betr\u00e4gt 48.4 Mio. (Vorjahr: 59.9 Mio. Franken).\u00a0Die GVZ bearbeitete im Jahr 2023 insgesamt 3599 Schadenf\u00e4lle (Vorjahr: 3325), davon 1080 Feuer- sowie 2519 Elementarsch\u00e4den. Die Summe der gesch\u00e4tzten Feuersch\u00e4den verringerte sich gegen\u00fcber Vorjahr um rund 8.0 Mio. Franken auf 40.2 Mio. Franken (Vorjahr: 48.6 Mio. Franken). Die Elementarsch\u00e4den liegen mit der gesch\u00e4tzten Schadensumme [&hellip;]<\/p>\n","protected":false},"author":31,"featured_media":22671,"comment_status":"closed","ping_status":"closed","sticky":false,"template":"","format":"standard","meta":{"_acf_changed":false,"pgc_sgb_lightbox_settings":"","footnotes":""},"categories":[1],"tags":[476,1449],"class_list":["post-22670","post","type-post","status-publish","format-standard","has-post-thumbnail","hentry","category-allgemein","tag-gebaeudeversicherung","tag-stadt-zuerich"],"acf":[],"hkrextid":null,"publication":null,"issue":null,"workflow":null,"startPage":null,"spitzmarke":null,"_posts_by_tag_page_fields":null,"_at_widget":null,"_yoast_wpseo_primary_category":"","_yoast_wpseo_focuskw_text_input":null,"_yoast_wpseo_opengraph-image":null,"_yoast_wpseo_opengraph-description":null,"_yoast_wpseo_opengraph-title":null,"enclosure":null,"_yoast_wpseo_twitter-title":null,"_yoast_wpseo_twitter-description":null,"_yoast_wpseo_twitter-image":null,"_wp_old_slug":null,"_yoast_wpseo_title":null,"_yoast_wpseo_canonical":null,"yoast_head":"<!-- This site is optimized with the Yoast SEO plugin v27.5 - https:\/\/yoast.com\/product\/yoast-seo-wordpress\/ -->\n<title>GVZ: Provisorische Schadensbilanz 2023 - Save<\/title>\n<meta name=\"description\" content=\"Die GVZ Geb\u00e4udeversicherung Kanton Z\u00fcrich blickt auf ein moderates Schadenjahr zur\u00fcck. 2023 sind sowohl die Feuer- als auch die Elementarsch\u00e4den gegen\u00fcber dem Vorjahr leicht zur\u00fcckgegangen.\" \/>\n<meta name=\"robots\" content=\"index, follow, max-snippet:-1, max-image-preview:large, max-video-preview:-1\" \/>\n<link rel=\"canonical\" href=\"https:\/\/news.save.ch\/de\/gvz-provisorische-schadensbilanz-2023\/\" \/>\n<meta property=\"og:locale\" content=\"de_DE\" \/>\n<meta property=\"og:type\" content=\"article\" \/>\n<meta property=\"og:title\" content=\"GVZ: Provisorische Schadensbilanz 2023 - Save\" \/>\n<meta property=\"og:description\" content=\"Die GVZ Geb\u00e4udeversicherung Kanton Z\u00fcrich blickt auf ein moderates Schadenjahr zur\u00fcck. 2023 sind sowohl die Feuer- als auch die Elementarsch\u00e4den gegen\u00fcber dem Vorjahr leicht zur\u00fcckgegangen.\" \/>\n<meta property=\"og:url\" content=\"https:\/\/news.save.ch\/de\/gvz-provisorische-schadensbilanz-2023\/\" \/>\n<meta property=\"og:site_name\" content=\"Save\" \/>\n<meta property=\"article:published_time\" content=\"2024-01-22T10:20:13+00:00\" \/>\n<meta property=\"og:image\" content=\"https:\/\/news.save.ch\/wp-content\/uploads\/2024\/01\/Depositphotos_105835286_S.jpg\" \/>\n\t<meta property=\"og:image:width\" content=\"1000\" \/>\n\t<meta property=\"og:image:height\" content=\"667\" \/>\n\t<meta property=\"og:image:type\" content=\"image\/jpeg\" \/>\n<meta name=\"author\" content=\"stefanie Zeng\" \/>\n<meta name=\"twitter:card\" content=\"summary_large_image\" \/>\n<meta name=\"twitter:label1\" content=\"Geschrieben von\" \/>\n\t<meta name=\"twitter:data1\" content=\"stefanie Zeng\" \/>\n\t<meta name=\"twitter:label2\" content=\"Gesch\u00e4tzte Lesezeit\" \/>\n\t<meta name=\"twitter:data2\" content=\"2\u00a0Minuten\" \/>\n<script type=\"application\/ld+json\" class=\"yoast-schema-graph\">{\"@context\":\"https:\\\/\\\/schema.org\",\"@graph\":[{\"@type\":\"Article\",\"@id\":\"https:\\\/\\\/news.save.ch\\\/gvz-provisorische-schadensbilanz-2023\\\/#article\",\"isPartOf\":{\"@id\":\"https:\\\/\\\/news.save.ch\\\/gvz-provisorische-schadensbilanz-2023\\\/\"},\"author\":{\"name\":\"stefanie Zeng\",\"@id\":\"https:\\\/\\\/news.save.ch\\\/de\\\/#\\\/schema\\\/person\\\/10917387362b3961e882740f6cf6f2a2\"},\"headline\":\"GVZ: Provisorische Schadensbilanz 2023\",\"datePublished\":\"2024-01-22T10:20:13+00:00\",\"mainEntityOfPage\":{\"@id\":\"https:\\\/\\\/news.save.ch\\\/gvz-provisorische-schadensbilanz-2023\\\/\"},\"wordCount\":172,\"publisher\":{\"@id\":\"https:\\\/\\\/news.save.ch\\\/de\\\/#organization\"},\"image\":{\"@id\":\"https:\\\/\\\/news.save.ch\\\/gvz-provisorische-schadensbilanz-2023\\\/#primaryimage\"},\"thumbnailUrl\":\"https:\\\/\\\/news.save.ch\\\/wp-content\\\/uploads\\\/2024\\\/01\\\/Depositphotos_105835286_S.jpg\",\"keywords\":[\"Geb\u00e4udeversicherung\",\"Stadt Z\u00fcrich\"],\"articleSection\":[\"ALLGEMEIN\"],\"inLanguage\":\"de\"},{\"@type\":\"WebPage\",\"@id\":\"https:\\\/\\\/news.save.ch\\\/gvz-provisorische-schadensbilanz-2023\\\/\",\"url\":\"https:\\\/\\\/news.save.ch\\\/gvz-provisorische-schadensbilanz-2023\\\/\",\"name\":\"GVZ: Provisorische Schadensbilanz 2023 - Save\",\"isPartOf\":{\"@id\":\"https:\\\/\\\/news.save.ch\\\/de\\\/#website\"},\"primaryImageOfPage\":{\"@id\":\"https:\\\/\\\/news.save.ch\\\/gvz-provisorische-schadensbilanz-2023\\\/#primaryimage\"},\"image\":{\"@id\":\"https:\\\/\\\/news.save.ch\\\/gvz-provisorische-schadensbilanz-2023\\\/#primaryimage\"},\"thumbnailUrl\":\"https:\\\/\\\/news.save.ch\\\/wp-content\\\/uploads\\\/2024\\\/01\\\/Depositphotos_105835286_S.jpg\",\"datePublished\":\"2024-01-22T10:20:13+00:00\",\"description\":\"Die GVZ Geb\u00e4udeversicherung Kanton Z\u00fcrich blickt auf ein moderates Schadenjahr zur\u00fcck. 2023 sind sowohl die Feuer- als auch die Elementarsch\u00e4den gegen\u00fcber dem Vorjahr leicht zur\u00fcckgegangen.\",\"breadcrumb\":{\"@id\":\"https:\\\/\\\/news.save.ch\\\/gvz-provisorische-schadensbilanz-2023\\\/#breadcrumb\"},\"inLanguage\":\"de\",\"potentialAction\":[{\"@type\":\"ReadAction\",\"target\":[\"https:\\\/\\\/news.save.ch\\\/gvz-provisorische-schadensbilanz-2023\\\/\"]}]},{\"@type\":\"ImageObject\",\"inLanguage\":\"de\",\"@id\":\"https:\\\/\\\/news.save.ch\\\/gvz-provisorische-schadensbilanz-2023\\\/#primaryimage\",\"url\":\"https:\\\/\\\/news.save.ch\\\/wp-content\\\/uploads\\\/2024\\\/01\\\/Depositphotos_105835286_S.jpg\",\"contentUrl\":\"https:\\\/\\\/news.save.ch\\\/wp-content\\\/uploads\\\/2024\\\/01\\\/Depositphotos_105835286_S.jpg\",\"width\":1000,\"height\":667,\"caption\":\"Luftaufnahme von Z\u00fcrich und der Limmat (Bild: Depositphotos\\\/pandionhiatus3)\"},{\"@type\":\"BreadcrumbList\",\"@id\":\"https:\\\/\\\/news.save.ch\\\/gvz-provisorische-schadensbilanz-2023\\\/#breadcrumb\",\"itemListElement\":[{\"@type\":\"ListItem\",\"position\":1,\"name\":\"Home\",\"item\":\"https:\\\/\\\/news.save.ch\\\/de\\\/\"},{\"@type\":\"ListItem\",\"position\":2,\"name\":\"GVZ: Provisorische Schadensbilanz 2023\"}]},{\"@type\":\"WebSite\",\"@id\":\"https:\\\/\\\/news.save.ch\\\/de\\\/#website\",\"url\":\"https:\\\/\\\/news.save.ch\\\/de\\\/\",\"name\":\"Save\",\"description\":\"Schweizer Fachzeitschrift f\u00fcr Sicherheit\",\"publisher\":{\"@id\":\"https:\\\/\\\/news.save.ch\\\/de\\\/#organization\"},\"potentialAction\":[{\"@type\":\"SearchAction\",\"target\":{\"@type\":\"EntryPoint\",\"urlTemplate\":\"https:\\\/\\\/news.save.ch\\\/de\\\/?s={search_term_string}\"},\"query-input\":{\"@type\":\"PropertyValueSpecification\",\"valueRequired\":true,\"valueName\":\"search_term_string\"}}],\"inLanguage\":\"de\"},{\"@type\":\"Organization\",\"@id\":\"https:\\\/\\\/news.save.ch\\\/de\\\/#organization\",\"name\":\"Sicherheitsforum\",\"url\":\"https:\\\/\\\/news.save.ch\\\/de\\\/\",\"logo\":{\"@type\":\"ImageObject\",\"inLanguage\":\"de\",\"@id\":\"https:\\\/\\\/news.save.ch\\\/de\\\/#\\\/schema\\\/logo\\\/image\\\/\",\"url\":\"https:\\\/\\\/news.save.ch\\\/wp-content\\\/uploads\\\/2022\\\/06\\\/Logo_SF_2012.png\",\"contentUrl\":\"https:\\\/\\\/news.save.ch\\\/wp-content\\\/uploads\\\/2022\\\/06\\\/Logo_SF_2012.png\",\"width\":1100,\"height\":91,\"caption\":\"Sicherheitsforum\"},\"image\":{\"@id\":\"https:\\\/\\\/news.save.ch\\\/de\\\/#\\\/schema\\\/logo\\\/image\\\/\"}},{\"@type\":\"Person\",\"@id\":\"https:\\\/\\\/news.save.ch\\\/de\\\/#\\\/schema\\\/person\\\/10917387362b3961e882740f6cf6f2a2\",\"name\":\"stefanie Zeng\",\"image\":{\"@type\":\"ImageObject\",\"inLanguage\":\"de\",\"@id\":\"https:\\\/\\\/secure.gravatar.com\\\/avatar\\\/eac43faa6e40bb2c41068c95c9d78bbd94c476d5efdff7abaab80bb3ea681e06?s=96&d=mm&r=g\",\"url\":\"https:\\\/\\\/secure.gravatar.com\\\/avatar\\\/eac43faa6e40bb2c41068c95c9d78bbd94c476d5efdff7abaab80bb3ea681e06?s=96&d=mm&r=g\",\"contentUrl\":\"https:\\\/\\\/secure.gravatar.com\\\/avatar\\\/eac43faa6e40bb2c41068c95c9d78bbd94c476d5efdff7abaab80bb3ea681e06?s=96&d=mm&r=g\",\"caption\":\"stefanie Zeng\"},\"url\":\"https:\\\/\\\/news.save.ch\\\/de\\\/author\\\/stefanie-zeng\\\/\"}]}<\/script>\n<!-- \/ Yoast SEO plugin. -->","yoast_head_json":{"title":"GVZ: Provisorische Schadensbilanz 2023 - Save","description":"Die GVZ Geb\u00e4udeversicherung Kanton Z\u00fcrich blickt auf ein moderates Schadenjahr zur\u00fcck. 2023 sind sowohl die Feuer- als auch die Elementarsch\u00e4den gegen\u00fcber dem Vorjahr leicht zur\u00fcckgegangen.","robots":{"index":"index","follow":"follow","max-snippet":"max-snippet:-1","max-image-preview":"max-image-preview:large","max-video-preview":"max-video-preview:-1"},"canonical":"https:\/\/news.save.ch\/de\/gvz-provisorische-schadensbilanz-2023\/","og_locale":"de_DE","og_type":"article","og_title":"GVZ: Provisorische Schadensbilanz 2023 - Save","og_description":"Die GVZ Geb\u00e4udeversicherung Kanton Z\u00fcrich blickt auf ein moderates Schadenjahr zur\u00fcck. 2023 sind sowohl die Feuer- als auch die Elementarsch\u00e4den gegen\u00fcber dem Vorjahr leicht zur\u00fcckgegangen.","og_url":"https:\/\/news.save.ch\/de\/gvz-provisorische-schadensbilanz-2023\/","og_site_name":"Save","article_published_time":"2024-01-22T10:20:13+00:00","og_image":[{"width":1000,"height":667,"url":"https:\/\/news.save.ch\/wp-content\/uploads\/2024\/01\/Depositphotos_105835286_S.jpg","type":"image\/jpeg"}],"author":"stefanie Zeng","twitter_card":"summary_large_image","twitter_misc":{"Geschrieben von":"stefanie Zeng","Gesch\u00e4tzte Lesezeit":"2\u00a0Minuten"},"schema":{"@context":"https:\/\/schema.org","@graph":[{"@type":"Article","@id":"https:\/\/news.save.ch\/gvz-provisorische-schadensbilanz-2023\/#article","isPartOf":{"@id":"https:\/\/news.save.ch\/gvz-provisorische-schadensbilanz-2023\/"},"author":{"name":"stefanie Zeng","@id":"https:\/\/news.save.ch\/de\/#\/schema\/person\/10917387362b3961e882740f6cf6f2a2"},"headline":"GVZ: Provisorische Schadensbilanz 2023","datePublished":"2024-01-22T10:20:13+00:00","mainEntityOfPage":{"@id":"https:\/\/news.save.ch\/gvz-provisorische-schadensbilanz-2023\/"},"wordCount":172,"publisher":{"@id":"https:\/\/news.save.ch\/de\/#organization"},"image":{"@id":"https:\/\/news.save.ch\/gvz-provisorische-schadensbilanz-2023\/#primaryimage"},"thumbnailUrl":"https:\/\/news.save.ch\/wp-content\/uploads\/2024\/01\/Depositphotos_105835286_S.jpg","keywords":["Geb\u00e4udeversicherung","Stadt Z\u00fcrich"],"articleSection":["ALLGEMEIN"],"inLanguage":"de"},{"@type":"WebPage","@id":"https:\/\/news.save.ch\/gvz-provisorische-schadensbilanz-2023\/","url":"https:\/\/news.save.ch\/gvz-provisorische-schadensbilanz-2023\/","name":"GVZ: Provisorische Schadensbilanz 2023 - Save","isPartOf":{"@id":"https:\/\/news.save.ch\/de\/#website"},"primaryImageOfPage":{"@id":"https:\/\/news.save.ch\/gvz-provisorische-schadensbilanz-2023\/#primaryimage"},"image":{"@id":"https:\/\/news.save.ch\/gvz-provisorische-schadensbilanz-2023\/#primaryimage"},"thumbnailUrl":"https:\/\/news.save.ch\/wp-content\/uploads\/2024\/01\/Depositphotos_105835286_S.jpg","datePublished":"2024-01-22T10:20:13+00:00","description":"Die GVZ Geb\u00e4udeversicherung Kanton Z\u00fcrich blickt auf ein moderates Schadenjahr zur\u00fcck. 2023 sind sowohl die Feuer- als auch die Elementarsch\u00e4den gegen\u00fcber dem Vorjahr leicht zur\u00fcckgegangen.","breadcrumb":{"@id":"https:\/\/news.save.ch\/gvz-provisorische-schadensbilanz-2023\/#breadcrumb"},"inLanguage":"de","potentialAction":[{"@type":"ReadAction","target":["https:\/\/news.save.ch\/gvz-provisorische-schadensbilanz-2023\/"]}]},{"@type":"ImageObject","inLanguage":"de","@id":"https:\/\/news.save.ch\/gvz-provisorische-schadensbilanz-2023\/#primaryimage","url":"https:\/\/news.save.ch\/wp-content\/uploads\/2024\/01\/Depositphotos_105835286_S.jpg","contentUrl":"https:\/\/news.save.ch\/wp-content\/uploads\/2024\/01\/Depositphotos_105835286_S.jpg","width":1000,"height":667,"caption":"Luftaufnahme von Z\u00fcrich und der Limmat (Bild: Depositphotos\/pandionhiatus3)"},{"@type":"BreadcrumbList","@id":"https:\/\/news.save.ch\/gvz-provisorische-schadensbilanz-2023\/#breadcrumb","itemListElement":[{"@type":"ListItem","position":1,"name":"Home","item":"https:\/\/news.save.ch\/de\/"},{"@type":"ListItem","position":2,"name":"GVZ: Provisorische Schadensbilanz 2023"}]},{"@type":"WebSite","@id":"https:\/\/news.save.ch\/de\/#website","url":"https:\/\/news.save.ch\/de\/","name":"Save","description":"Schweizer Fachzeitschrift f\u00fcr Sicherheit","publisher":{"@id":"https:\/\/news.save.ch\/de\/#organization"},"potentialAction":[{"@type":"SearchAction","target":{"@type":"EntryPoint","urlTemplate":"https:\/\/news.save.ch\/de\/?s={search_term_string}"},"query-input":{"@type":"PropertyValueSpecification","valueRequired":true,"valueName":"search_term_string"}}],"inLanguage":"de"},{"@type":"Organization","@id":"https:\/\/news.save.ch\/de\/#organization","name":"Sicherheitsforum","url":"https:\/\/news.save.ch\/de\/","logo":{"@type":"ImageObject","inLanguage":"de","@id":"https:\/\/news.save.ch\/de\/#\/schema\/logo\/image\/","url":"https:\/\/news.save.ch\/wp-content\/uploads\/2022\/06\/Logo_SF_2012.png","contentUrl":"https:\/\/news.save.ch\/wp-content\/uploads\/2022\/06\/Logo_SF_2012.png","width":1100,"height":91,"caption":"Sicherheitsforum"},"image":{"@id":"https:\/\/news.save.ch\/de\/#\/schema\/logo\/image\/"}},{"@type":"Person","@id":"https:\/\/news.save.ch\/de\/#\/schema\/person\/10917387362b3961e882740f6cf6f2a2","name":"stefanie Zeng","image":{"@type":"ImageObject","inLanguage":"de","@id":"https:\/\/secure.gravatar.com\/avatar\/eac43faa6e40bb2c41068c95c9d78bbd94c476d5efdff7abaab80bb3ea681e06?s=96&d=mm&r=g","url":"https:\/\/secure.gravatar.com\/avatar\/eac43faa6e40bb2c41068c95c9d78bbd94c476d5efdff7abaab80bb3ea681e06?s=96&d=mm&r=g","contentUrl":"https:\/\/secure.gravatar.com\/avatar\/eac43faa6e40bb2c41068c95c9d78bbd94c476d5efdff7abaab80bb3ea681e06?s=96&d=mm&r=g","caption":"stefanie Zeng"},"url":"https:\/\/news.save.ch\/de\/author\/stefanie-zeng\/"}]}},"_links":{"self":[{"href":"https:\/\/news.save.ch\/de\/wp-json\/wp\/v2\/posts\/22670","targetHints":{"allow":["GET"]}}],"collection":[{"href":"https:\/\/news.save.ch\/de\/wp-json\/wp\/v2\/posts"}],"about":[{"href":"https:\/\/news.save.ch\/de\/wp-json\/wp\/v2\/types\/post"}],"author":[{"embeddable":true,"href":"https:\/\/news.save.ch\/de\/wp-json\/wp\/v2\/users\/31"}],"replies":[{"embeddable":true,"href":"https:\/\/news.save.ch\/de\/wp-json\/wp\/v2\/comments?post=22670"}],"version-history":[{"count":1,"href":"https:\/\/news.save.ch\/de\/wp-json\/wp\/v2\/posts\/22670\/revisions"}],"predecessor-version":[{"id":22672,"href":"https:\/\/news.save.ch\/de\/wp-json\/wp\/v2\/posts\/22670\/revisions\/22672"}],"wp:featuredmedia":[{"embeddable":true,"href":"https:\/\/news.save.ch\/de\/wp-json\/wp\/v2\/media\/22671"}],"wp:attachment":[{"href":"https:\/\/news.save.ch\/de\/wp-json\/wp\/v2\/media?parent=22670"}],"wp:term":[{"taxonomy":"category","embeddable":true,"href":"https:\/\/news.save.ch\/de\/wp-json\/wp\/v2\/categories?post=22670"},{"taxonomy":"post_tag","embeddable":true,"href":"https:\/\/news.save.ch\/de\/wp-json\/wp\/v2\/tags?post=22670"}],"curies":[{"name":"wp","href":"https:\/\/api.w.org\/{rel}","templated":true}]}}