{"id":22732,"date":"2024-01-30T06:14:33","date_gmt":"2024-01-30T05:14:33","guid":{"rendered":"https:\/\/news.save.ch\/?p=22732"},"modified":"2024-01-29T16:15:50","modified_gmt":"2024-01-29T15:15:50","slug":"medikamentenkonsum-in-der-schweiz-nimmt-zu","status":null,"type":"post","link":"https:\/\/news.save.ch\/de\/medikamentenkonsum-in-der-schweiz-nimmt-zu\/","title":{"rendered":"Medikamentenkonsum in der Schweiz nimmt zu"},"content":{"rendered":"<figure id=\"attachment_22735\" aria-describedby=\"caption-attachment-22735\" style=\"width: 680px\" class=\"wp-caption alignnone\"><img loading=\"lazy\" decoding=\"async\" class=\"size-medium wp-image-22735\" src=\"https:\/\/news.save.ch\/wp-content\/uploads\/2024\/01\/Depositphotos_566790692_S-680x211.jpg\" alt=\"\" width=\"680\" height=\"211\" srcset=\"https:\/\/news.save.ch\/wp-content\/uploads\/2024\/01\/Depositphotos_566790692_S-680x211.jpg 680w, https:\/\/news.save.ch\/wp-content\/uploads\/2024\/01\/Depositphotos_566790692_S-768x238.jpg 768w, https:\/\/news.save.ch\/wp-content\/uploads\/2024\/01\/Depositphotos_566790692_S-18x6.jpg 18w, https:\/\/news.save.ch\/wp-content\/uploads\/2024\/01\/Depositphotos_566790692_S-375x116.jpg 375w, https:\/\/news.save.ch\/wp-content\/uploads\/2024\/01\/Depositphotos_566790692_S-760x236.jpg 760w, https:\/\/news.save.ch\/wp-content\/uploads\/2024\/01\/Depositphotos_566790692_S.jpg 999w\" sizes=\"auto, (max-width: 680px) 100vw, 680px\" \/><figcaption id=\"caption-attachment-22735\" class=\"wp-caption-text\">Der Medikamentenkonsum in der Schweiz ist in den letzten 30 Jahren stark gestiegen (Foto: Depositphotos, HayDmitriy)<\/figcaption><\/figure>\n<p>2022 nahm mehr als die H\u00e4lfte der Bev\u00f6lkerung (55%) \u00fcber einen Zeitraum von sieben Tagen ein Medikament ein. Der Konsum steigt seit 30 Jahren kontinuierlich an. Insbesondere der Gebrauch von Schmerzmitteln ist von 12% im Jahr 1992 auf 26% im Jahr 2022 gestiegen. Ein Viertel der Bev\u00f6lkerung litt in den letzten vier Wochen vor der Erhebung an starken k\u00f6rperlichen Beschwerden, ein Drittel wies Schlafst\u00f6rungen auf. Dies sind Ergebnisse der neu publizierten Standardtabellen zur \u00abSchweizerischen Gesundheitsbefragung\u00bb des Bundesamts f\u00fcr Statistik (BFS).<\/p>\n<p>Die detaillierten Resultate der Schweizerischen Gesundheitsbefragung werden in Form von Standardtabellen zur Verf\u00fcgung gestellt. 110 Tabellen informieren zu Themen des Gesundheitsverhaltens, des Gesundheitszustands sowie zur Inanspruchnahme von Leistungen des Gesundheitssystems der Schweizer Wohnbev\u00f6lkerung ab 15 Jahren. In dieser Medienmitteilung werden verschiedene Beispiele der vielf\u00e4ltigen Ergebnisse, die aus der Gesundheitsbefragung stammen, vorgestellt.<\/p>\n<h3>Weiterhin steigender Medikamentenkonsum<\/h3>\n<p>55% der Bev\u00f6lkerung hat 2022 in den letzten sieben Tagen vor der Befragung ein Medikament genommen. Der Medikamentenkonsum ist \u00fcber den gesamten Beobachtungsraum kontinuierlich gestiegen; 1992 lag der Anteil noch bei 38% und 2017 bei 50%. Frauen (59%) nehmen h\u00e4ufiger Medikamente ein als M\u00e4nner (51%). Der Anteil steigt mit zunehmendem Alter an und erreicht bei Personen ab 75 Jahren 86%. 26% der Bev\u00f6lkerung nahmen ein Schmerzmittel ein und 9% ein Psychopharmakon wie Antidepressiva, Beruhigungs- oder Schlafmittel. Der Anteil bei den Psychopharmaka ist seit 2007 stabil geblieben, hingegen stieg er bei den Schmerzmitteln \u00fcber die Zeit an (1992: 12%; 2007: 20%).<\/p>\n<h3>Jede dritte Person leidet an Schlafst\u00f6rungen<\/h3>\n<p>Der Schlaf ist eine grundlegende biologische Funktion und f\u00fcr das Wohlbefinden eines Menschen notwendig. Schlafprobleme sind weit verbreitet. Ein Drittel der Bev\u00f6lkerung leidet unter Schlafst\u00f6rungen: 7% sind von pathologischen und 26% von mittleren St\u00f6rungen betroffen. Schlafst\u00f6rungen treten in der Bev\u00f6lkerung unterschiedlich auf: bei Frauen (37%) kommen sie h\u00e4ufiger vor als bei M\u00e4nnern (29%). Zudem nehmen Schlafst\u00f6rungen mit fortschreitendem Alter zu. Gegen\u00fcber 1997 (28%) aber auch 2017 (29%) ist die Pr\u00e4valenz von Schlafst\u00f6rungen 2022 (33%) angestiegen.<\/p>\n<h3>Allgemeine Schw\u00e4che und R\u00fcckenschmerzen weit verbreitet<\/h3>\n<p>Die grosse Mehrheit der Bev\u00f6lkerung sch\u00e4tzte 2022 ihre Gesundheit (85%) als gut oder sehr gut ein. Trotzdem litten 25% in den letzten vier Wochen vor der Erhebung an starken k\u00f6rperlichen Beschwerden. Diese Beschwerden sind teilweise durch psychosoziale Merkmale der Lebensbedingungen wie zum Beispiel Stress bedingt. Eine allgemeine Schw\u00e4che (46%) sowie R\u00fccken- oder Kreuzschmerzen (45%) sind die h\u00e4ufigsten k\u00f6rperlichen Beschwerden. Frauen berichten am h\u00e4ufigsten \u00fcber allgemeine Schw\u00e4che (54%), bei M\u00e4nnern stehen R\u00fcckenschmerzen an erster Stelle (40%). Diese k\u00f6rperlichen Beschwerden sind gegen\u00fcber 1992 angestiegen.<\/p>\n<h3>\u00dcber 40% sind kurzsichtig<\/h3>\n<p>Der Anteil der Personen, die eine Brille oder Kontaktlinsen tragen, ist von 59% im Jahr 1992 auf 68% im Jahr 2022 gestiegen. Diese Zunahme ist teilweise auf einen Anstieg der Kurzsichtigkeit in den letzten 30 Jahren zur\u00fcckzuf\u00fchren (von 32% auf 43%). Gleichzeitig nimmt mit zunehmendem Alter die Sehkraft ab und die Personen brauchen eine Sehhilfe zum Lesen. In den Altersgruppen ab 55 Jahren ben\u00fctzen \u00fcber 85% der Personen eine Sehhilfe, die Mehrheit davon zum Lesen.<\/p>\n<p><em>Quelle: BFS<\/em><\/p>\n","protected":false},"excerpt":{"rendered":"<p>2022 nahm mehr als die H\u00e4lfte der Bev\u00f6lkerung (55%) \u00fcber einen Zeitraum von sieben Tagen ein Medikament ein. Der Konsum steigt seit 30 Jahren kontinuierlich an. Insbesondere der Gebrauch von Schmerzmitteln ist von 12% im Jahr 1992 auf 26% im Jahr 2022 gestiegen. Ein Viertel der Bev\u00f6lkerung litt in den letzten vier Wochen vor der [&hellip;]<\/p>\n","protected":false},"author":31,"featured_media":22735,"comment_status":"closed","ping_status":"closed","sticky":false,"template":"","format":"standard","meta":{"_acf_changed":false,"pgc_sgb_lightbox_settings":"","footnotes":""},"categories":[3314],"tags":[146,3637,2849],"class_list":["post-22732","post","type-post","status-publish","format-standard","has-post-thumbnail","hentry","category-health-safety","tag-medikamente","tag-schlafstoerungen","tag-schmerzmittel"],"acf":[],"hkrextid":null,"publication":null,"issue":null,"workflow":null,"startPage":null,"spitzmarke":null,"_posts_by_tag_page_fields":null,"_at_widget":null,"_yoast_wpseo_primary_category":"3314","_yoast_wpseo_focuskw_text_input":null,"_yoast_wpseo_opengraph-image":null,"_yoast_wpseo_opengraph-description":null,"_yoast_wpseo_opengraph-title":null,"enclosure":null,"_yoast_wpseo_twitter-title":null,"_yoast_wpseo_twitter-description":null,"_yoast_wpseo_twitter-image":null,"_wp_old_slug":null,"_yoast_wpseo_title":null,"_yoast_wpseo_canonical":null,"yoast_head":"<!-- This site is optimized with the Yoast SEO plugin v27.5 - https:\/\/yoast.com\/product\/yoast-seo-wordpress\/ -->\n<title>Medikamentenkonsum in der Schweiz nimmt zu - Save<\/title>\n<meta name=\"description\" content=\"Herr und Frau Schweizer greifen immer \u00f6fter zu Medikamenten. Das ergab die Schweizerische Gesundheitsbefragung 2022.\" \/>\n<meta name=\"robots\" content=\"index, follow, max-snippet:-1, max-image-preview:large, max-video-preview:-1\" \/>\n<link rel=\"canonical\" href=\"https:\/\/news.save.ch\/de\/medikamentenkonsum-in-der-schweiz-nimmt-zu\/\" \/>\n<meta property=\"og:locale\" content=\"de_DE\" \/>\n<meta property=\"og:type\" content=\"article\" \/>\n<meta property=\"og:title\" content=\"Medikamentenkonsum in der Schweiz nimmt zu - Save\" \/>\n<meta property=\"og:description\" content=\"Herr und Frau Schweizer greifen immer \u00f6fter zu Medikamenten. Das ergab die Schweizerische Gesundheitsbefragung 2022.\" \/>\n<meta property=\"og:url\" content=\"https:\/\/news.save.ch\/de\/medikamentenkonsum-in-der-schweiz-nimmt-zu\/\" \/>\n<meta property=\"og:site_name\" content=\"Save\" \/>\n<meta property=\"article:published_time\" content=\"2024-01-30T05:14:33+00:00\" \/>\n<meta property=\"og:image\" content=\"https:\/\/news.save.ch\/wp-content\/uploads\/2024\/01\/Depositphotos_566790692_S.jpg\" \/>\n\t<meta property=\"og:image:width\" content=\"999\" \/>\n\t<meta property=\"og:image:height\" content=\"310\" \/>\n\t<meta property=\"og:image:type\" content=\"image\/jpeg\" \/>\n<meta name=\"author\" content=\"stefanie Zeng\" \/>\n<meta name=\"twitter:card\" content=\"summary_large_image\" \/>\n<meta name=\"twitter:label1\" content=\"Geschrieben von\" \/>\n\t<meta name=\"twitter:data1\" content=\"stefanie Zeng\" \/>\n\t<meta name=\"twitter:label2\" content=\"Gesch\u00e4tzte Lesezeit\" \/>\n\t<meta name=\"twitter:data2\" content=\"4\u00a0Minuten\" \/>\n<script type=\"application\/ld+json\" class=\"yoast-schema-graph\">{\"@context\":\"https:\\\/\\\/schema.org\",\"@graph\":[{\"@type\":\"Article\",\"@id\":\"https:\\\/\\\/news.save.ch\\\/medikamentenkonsum-in-der-schweiz-nimmt-zu\\\/#article\",\"isPartOf\":{\"@id\":\"https:\\\/\\\/news.save.ch\\\/medikamentenkonsum-in-der-schweiz-nimmt-zu\\\/\"},\"author\":{\"name\":\"stefanie Zeng\",\"@id\":\"https:\\\/\\\/news.save.ch\\\/de\\\/#\\\/schema\\\/person\\\/10917387362b3961e882740f6cf6f2a2\"},\"headline\":\"Medikamentenkonsum in der Schweiz nimmt zu\",\"datePublished\":\"2024-01-30T05:14:33+00:00\",\"mainEntityOfPage\":{\"@id\":\"https:\\\/\\\/news.save.ch\\\/medikamentenkonsum-in-der-schweiz-nimmt-zu\\\/\"},\"wordCount\":502,\"publisher\":{\"@id\":\"https:\\\/\\\/news.save.ch\\\/de\\\/#organization\"},\"image\":{\"@id\":\"https:\\\/\\\/news.save.ch\\\/medikamentenkonsum-in-der-schweiz-nimmt-zu\\\/#primaryimage\"},\"thumbnailUrl\":\"https:\\\/\\\/news.save.ch\\\/wp-content\\\/uploads\\\/2024\\\/01\\\/Depositphotos_566790692_S.jpg\",\"keywords\":[\"Medikamente\",\"Schlafst\u00f6rungen\",\"Schmerzmittel\"],\"articleSection\":[\"HEALTH &amp; SAFETY\"],\"inLanguage\":\"de\"},{\"@type\":\"WebPage\",\"@id\":\"https:\\\/\\\/news.save.ch\\\/medikamentenkonsum-in-der-schweiz-nimmt-zu\\\/\",\"url\":\"https:\\\/\\\/news.save.ch\\\/medikamentenkonsum-in-der-schweiz-nimmt-zu\\\/\",\"name\":\"Medikamentenkonsum in der Schweiz nimmt zu - Save\",\"isPartOf\":{\"@id\":\"https:\\\/\\\/news.save.ch\\\/de\\\/#website\"},\"primaryImageOfPage\":{\"@id\":\"https:\\\/\\\/news.save.ch\\\/medikamentenkonsum-in-der-schweiz-nimmt-zu\\\/#primaryimage\"},\"image\":{\"@id\":\"https:\\\/\\\/news.save.ch\\\/medikamentenkonsum-in-der-schweiz-nimmt-zu\\\/#primaryimage\"},\"thumbnailUrl\":\"https:\\\/\\\/news.save.ch\\\/wp-content\\\/uploads\\\/2024\\\/01\\\/Depositphotos_566790692_S.jpg\",\"datePublished\":\"2024-01-30T05:14:33+00:00\",\"description\":\"Herr und Frau Schweizer greifen immer \u00f6fter zu Medikamenten. Das ergab die Schweizerische Gesundheitsbefragung 2022.\",\"breadcrumb\":{\"@id\":\"https:\\\/\\\/news.save.ch\\\/medikamentenkonsum-in-der-schweiz-nimmt-zu\\\/#breadcrumb\"},\"inLanguage\":\"de\",\"potentialAction\":[{\"@type\":\"ReadAction\",\"target\":[\"https:\\\/\\\/news.save.ch\\\/medikamentenkonsum-in-der-schweiz-nimmt-zu\\\/\"]}]},{\"@type\":\"ImageObject\",\"inLanguage\":\"de\",\"@id\":\"https:\\\/\\\/news.save.ch\\\/medikamentenkonsum-in-der-schweiz-nimmt-zu\\\/#primaryimage\",\"url\":\"https:\\\/\\\/news.save.ch\\\/wp-content\\\/uploads\\\/2024\\\/01\\\/Depositphotos_566790692_S.jpg\",\"contentUrl\":\"https:\\\/\\\/news.save.ch\\\/wp-content\\\/uploads\\\/2024\\\/01\\\/Depositphotos_566790692_S.jpg\",\"width\":999,\"height\":310,\"caption\":\"Der Medikamentenkonsum in der Schweiz ist in den letzten 30 Jahren stark gestiegen (Foto: Depositphotos, HayDmitriy)\"},{\"@type\":\"BreadcrumbList\",\"@id\":\"https:\\\/\\\/news.save.ch\\\/medikamentenkonsum-in-der-schweiz-nimmt-zu\\\/#breadcrumb\",\"itemListElement\":[{\"@type\":\"ListItem\",\"position\":1,\"name\":\"Home\",\"item\":\"https:\\\/\\\/news.save.ch\\\/de\\\/\"},{\"@type\":\"ListItem\",\"position\":2,\"name\":\"Medikamentenkonsum in der Schweiz nimmt zu\"}]},{\"@type\":\"WebSite\",\"@id\":\"https:\\\/\\\/news.save.ch\\\/de\\\/#website\",\"url\":\"https:\\\/\\\/news.save.ch\\\/de\\\/\",\"name\":\"Save\",\"description\":\"Schweizer Fachzeitschrift f\u00fcr Sicherheit\",\"publisher\":{\"@id\":\"https:\\\/\\\/news.save.ch\\\/de\\\/#organization\"},\"potentialAction\":[{\"@type\":\"SearchAction\",\"target\":{\"@type\":\"EntryPoint\",\"urlTemplate\":\"https:\\\/\\\/news.save.ch\\\/de\\\/?s={search_term_string}\"},\"query-input\":{\"@type\":\"PropertyValueSpecification\",\"valueRequired\":true,\"valueName\":\"search_term_string\"}}],\"inLanguage\":\"de\"},{\"@type\":\"Organization\",\"@id\":\"https:\\\/\\\/news.save.ch\\\/de\\\/#organization\",\"name\":\"Sicherheitsforum\",\"url\":\"https:\\\/\\\/news.save.ch\\\/de\\\/\",\"logo\":{\"@type\":\"ImageObject\",\"inLanguage\":\"de\",\"@id\":\"https:\\\/\\\/news.save.ch\\\/de\\\/#\\\/schema\\\/logo\\\/image\\\/\",\"url\":\"https:\\\/\\\/news.save.ch\\\/wp-content\\\/uploads\\\/2022\\\/06\\\/Logo_SF_2012.png\",\"contentUrl\":\"https:\\\/\\\/news.save.ch\\\/wp-content\\\/uploads\\\/2022\\\/06\\\/Logo_SF_2012.png\",\"width\":1100,\"height\":91,\"caption\":\"Sicherheitsforum\"},\"image\":{\"@id\":\"https:\\\/\\\/news.save.ch\\\/de\\\/#\\\/schema\\\/logo\\\/image\\\/\"}},{\"@type\":\"Person\",\"@id\":\"https:\\\/\\\/news.save.ch\\\/de\\\/#\\\/schema\\\/person\\\/10917387362b3961e882740f6cf6f2a2\",\"name\":\"stefanie Zeng\",\"image\":{\"@type\":\"ImageObject\",\"inLanguage\":\"de\",\"@id\":\"https:\\\/\\\/secure.gravatar.com\\\/avatar\\\/eac43faa6e40bb2c41068c95c9d78bbd94c476d5efdff7abaab80bb3ea681e06?s=96&d=mm&r=g\",\"url\":\"https:\\\/\\\/secure.gravatar.com\\\/avatar\\\/eac43faa6e40bb2c41068c95c9d78bbd94c476d5efdff7abaab80bb3ea681e06?s=96&d=mm&r=g\",\"contentUrl\":\"https:\\\/\\\/secure.gravatar.com\\\/avatar\\\/eac43faa6e40bb2c41068c95c9d78bbd94c476d5efdff7abaab80bb3ea681e06?s=96&d=mm&r=g\",\"caption\":\"stefanie Zeng\"},\"url\":\"https:\\\/\\\/news.save.ch\\\/de\\\/author\\\/stefanie-zeng\\\/\"}]}<\/script>\n<!-- \/ Yoast SEO plugin. -->","yoast_head_json":{"title":"Medikamentenkonsum in der Schweiz nimmt zu - Save","description":"Herr und Frau Schweizer greifen immer \u00f6fter zu Medikamenten. Das ergab die Schweizerische Gesundheitsbefragung 2022.","robots":{"index":"index","follow":"follow","max-snippet":"max-snippet:-1","max-image-preview":"max-image-preview:large","max-video-preview":"max-video-preview:-1"},"canonical":"https:\/\/news.save.ch\/de\/medikamentenkonsum-in-der-schweiz-nimmt-zu\/","og_locale":"de_DE","og_type":"article","og_title":"Medikamentenkonsum in der Schweiz nimmt zu - Save","og_description":"Herr und Frau Schweizer greifen immer \u00f6fter zu Medikamenten. Das ergab die Schweizerische Gesundheitsbefragung 2022.","og_url":"https:\/\/news.save.ch\/de\/medikamentenkonsum-in-der-schweiz-nimmt-zu\/","og_site_name":"Save","article_published_time":"2024-01-30T05:14:33+00:00","og_image":[{"width":999,"height":310,"url":"https:\/\/news.save.ch\/wp-content\/uploads\/2024\/01\/Depositphotos_566790692_S.jpg","type":"image\/jpeg"}],"author":"stefanie Zeng","twitter_card":"summary_large_image","twitter_misc":{"Geschrieben von":"stefanie Zeng","Gesch\u00e4tzte Lesezeit":"4\u00a0Minuten"},"schema":{"@context":"https:\/\/schema.org","@graph":[{"@type":"Article","@id":"https:\/\/news.save.ch\/medikamentenkonsum-in-der-schweiz-nimmt-zu\/#article","isPartOf":{"@id":"https:\/\/news.save.ch\/medikamentenkonsum-in-der-schweiz-nimmt-zu\/"},"author":{"name":"stefanie Zeng","@id":"https:\/\/news.save.ch\/de\/#\/schema\/person\/10917387362b3961e882740f6cf6f2a2"},"headline":"Medikamentenkonsum in der Schweiz nimmt zu","datePublished":"2024-01-30T05:14:33+00:00","mainEntityOfPage":{"@id":"https:\/\/news.save.ch\/medikamentenkonsum-in-der-schweiz-nimmt-zu\/"},"wordCount":502,"publisher":{"@id":"https:\/\/news.save.ch\/de\/#organization"},"image":{"@id":"https:\/\/news.save.ch\/medikamentenkonsum-in-der-schweiz-nimmt-zu\/#primaryimage"},"thumbnailUrl":"https:\/\/news.save.ch\/wp-content\/uploads\/2024\/01\/Depositphotos_566790692_S.jpg","keywords":["Medikamente","Schlafst\u00f6rungen","Schmerzmittel"],"articleSection":["HEALTH &amp; SAFETY"],"inLanguage":"de"},{"@type":"WebPage","@id":"https:\/\/news.save.ch\/medikamentenkonsum-in-der-schweiz-nimmt-zu\/","url":"https:\/\/news.save.ch\/medikamentenkonsum-in-der-schweiz-nimmt-zu\/","name":"Medikamentenkonsum in der Schweiz nimmt zu - Save","isPartOf":{"@id":"https:\/\/news.save.ch\/de\/#website"},"primaryImageOfPage":{"@id":"https:\/\/news.save.ch\/medikamentenkonsum-in-der-schweiz-nimmt-zu\/#primaryimage"},"image":{"@id":"https:\/\/news.save.ch\/medikamentenkonsum-in-der-schweiz-nimmt-zu\/#primaryimage"},"thumbnailUrl":"https:\/\/news.save.ch\/wp-content\/uploads\/2024\/01\/Depositphotos_566790692_S.jpg","datePublished":"2024-01-30T05:14:33+00:00","description":"Herr und Frau Schweizer greifen immer \u00f6fter zu Medikamenten. Das ergab die Schweizerische Gesundheitsbefragung 2022.","breadcrumb":{"@id":"https:\/\/news.save.ch\/medikamentenkonsum-in-der-schweiz-nimmt-zu\/#breadcrumb"},"inLanguage":"de","potentialAction":[{"@type":"ReadAction","target":["https:\/\/news.save.ch\/medikamentenkonsum-in-der-schweiz-nimmt-zu\/"]}]},{"@type":"ImageObject","inLanguage":"de","@id":"https:\/\/news.save.ch\/medikamentenkonsum-in-der-schweiz-nimmt-zu\/#primaryimage","url":"https:\/\/news.save.ch\/wp-content\/uploads\/2024\/01\/Depositphotos_566790692_S.jpg","contentUrl":"https:\/\/news.save.ch\/wp-content\/uploads\/2024\/01\/Depositphotos_566790692_S.jpg","width":999,"height":310,"caption":"Der Medikamentenkonsum in der Schweiz ist in den letzten 30 Jahren stark gestiegen (Foto: Depositphotos, HayDmitriy)"},{"@type":"BreadcrumbList","@id":"https:\/\/news.save.ch\/medikamentenkonsum-in-der-schweiz-nimmt-zu\/#breadcrumb","itemListElement":[{"@type":"ListItem","position":1,"name":"Home","item":"https:\/\/news.save.ch\/de\/"},{"@type":"ListItem","position":2,"name":"Medikamentenkonsum in der Schweiz nimmt zu"}]},{"@type":"WebSite","@id":"https:\/\/news.save.ch\/de\/#website","url":"https:\/\/news.save.ch\/de\/","name":"Save","description":"Schweizer Fachzeitschrift f\u00fcr Sicherheit","publisher":{"@id":"https:\/\/news.save.ch\/de\/#organization"},"potentialAction":[{"@type":"SearchAction","target":{"@type":"EntryPoint","urlTemplate":"https:\/\/news.save.ch\/de\/?s={search_term_string}"},"query-input":{"@type":"PropertyValueSpecification","valueRequired":true,"valueName":"search_term_string"}}],"inLanguage":"de"},{"@type":"Organization","@id":"https:\/\/news.save.ch\/de\/#organization","name":"Sicherheitsforum","url":"https:\/\/news.save.ch\/de\/","logo":{"@type":"ImageObject","inLanguage":"de","@id":"https:\/\/news.save.ch\/de\/#\/schema\/logo\/image\/","url":"https:\/\/news.save.ch\/wp-content\/uploads\/2022\/06\/Logo_SF_2012.png","contentUrl":"https:\/\/news.save.ch\/wp-content\/uploads\/2022\/06\/Logo_SF_2012.png","width":1100,"height":91,"caption":"Sicherheitsforum"},"image":{"@id":"https:\/\/news.save.ch\/de\/#\/schema\/logo\/image\/"}},{"@type":"Person","@id":"https:\/\/news.save.ch\/de\/#\/schema\/person\/10917387362b3961e882740f6cf6f2a2","name":"stefanie Zeng","image":{"@type":"ImageObject","inLanguage":"de","@id":"https:\/\/secure.gravatar.com\/avatar\/eac43faa6e40bb2c41068c95c9d78bbd94c476d5efdff7abaab80bb3ea681e06?s=96&d=mm&r=g","url":"https:\/\/secure.gravatar.com\/avatar\/eac43faa6e40bb2c41068c95c9d78bbd94c476d5efdff7abaab80bb3ea681e06?s=96&d=mm&r=g","contentUrl":"https:\/\/secure.gravatar.com\/avatar\/eac43faa6e40bb2c41068c95c9d78bbd94c476d5efdff7abaab80bb3ea681e06?s=96&d=mm&r=g","caption":"stefanie Zeng"},"url":"https:\/\/news.save.ch\/de\/author\/stefanie-zeng\/"}]}},"_links":{"self":[{"href":"https:\/\/news.save.ch\/de\/wp-json\/wp\/v2\/posts\/22732","targetHints":{"allow":["GET"]}}],"collection":[{"href":"https:\/\/news.save.ch\/de\/wp-json\/wp\/v2\/posts"}],"about":[{"href":"https:\/\/news.save.ch\/de\/wp-json\/wp\/v2\/types\/post"}],"author":[{"embeddable":true,"href":"https:\/\/news.save.ch\/de\/wp-json\/wp\/v2\/users\/31"}],"replies":[{"embeddable":true,"href":"https:\/\/news.save.ch\/de\/wp-json\/wp\/v2\/comments?post=22732"}],"version-history":[{"count":5,"href":"https:\/\/news.save.ch\/de\/wp-json\/wp\/v2\/posts\/22732\/revisions"}],"predecessor-version":[{"id":22742,"href":"https:\/\/news.save.ch\/de\/wp-json\/wp\/v2\/posts\/22732\/revisions\/22742"}],"wp:featuredmedia":[{"embeddable":true,"href":"https:\/\/news.save.ch\/de\/wp-json\/wp\/v2\/media\/22735"}],"wp:attachment":[{"href":"https:\/\/news.save.ch\/de\/wp-json\/wp\/v2\/media?parent=22732"}],"wp:term":[{"taxonomy":"category","embeddable":true,"href":"https:\/\/news.save.ch\/de\/wp-json\/wp\/v2\/categories?post=22732"},{"taxonomy":"post_tag","embeddable":true,"href":"https:\/\/news.save.ch\/de\/wp-json\/wp\/v2\/tags?post=22732"}],"curies":[{"name":"wp","href":"https:\/\/api.w.org\/{rel}","templated":true}]}}