{"id":22777,"date":"2024-02-06T09:36:36","date_gmt":"2024-02-06T08:36:36","guid":{"rendered":"https:\/\/news.save.ch\/?p=22777"},"modified":"2024-02-27T11:26:43","modified_gmt":"2024-02-27T10:26:43","slug":"unfallzahlen-von-suva-versicherten-bleiben-stabil","status":null,"type":"post","link":"https:\/\/news.save.ch\/de\/unfallzahlen-von-suva-versicherten-bleiben-stabil\/","title":{"rendered":"Unfallzahlen von Suva-Versicherten bleiben stabil"},"content":{"rendered":"<figure id=\"attachment_22779\" aria-describedby=\"caption-attachment-22779\" style=\"width: 680px\" class=\"wp-caption alignnone\"><img loading=\"lazy\" decoding=\"async\" class=\"wp-image-22779 size-medium\" src=\"https:\/\/news.save.ch\/wp-content\/uploads\/2024\/02\/Depositphotos_127856538_S-680x454.jpg\" alt=\"\" width=\"680\" height=\"454\" srcset=\"https:\/\/news.save.ch\/wp-content\/uploads\/2024\/02\/Depositphotos_127856538_S-680x454.jpg 680w, https:\/\/news.save.ch\/wp-content\/uploads\/2024\/02\/Depositphotos_127856538_S-768x512.jpg 768w, https:\/\/news.save.ch\/wp-content\/uploads\/2024\/02\/Depositphotos_127856538_S-18x12.jpg 18w, https:\/\/news.save.ch\/wp-content\/uploads\/2024\/02\/Depositphotos_127856538_S-375x250.jpg 375w, https:\/\/news.save.ch\/wp-content\/uploads\/2024\/02\/Depositphotos_127856538_S-525x350.jpg 525w, https:\/\/news.save.ch\/wp-content\/uploads\/2024\/02\/Depositphotos_127856538_S.jpg 1000w\" sizes=\"auto, (max-width: 680px) 100vw, 680px\" \/><figcaption id=\"caption-attachment-22779\" class=\"wp-caption-text\">Depositphotos\/macor<\/figcaption><\/figure>\n<p>&nbsp;<\/p>\n<p>Im Jahr 2023 meldeten die versicherten Betriebe der Suva rund 494\u202f000 Unf\u00e4lle und Berufskrankheiten. Der Unterschied zu den Vorjahreszahlen ist mit einer gesamthaften Zunahme von 0,3 Prozent gering. Die Berufsunf\u00e4lle und Berufskrankheiten stiegen um 0,8 Prozent auf rund 186\u202f000 F\u00e4lle, die Freizeitunf\u00e4lle um 0,7 Prozent auf rund 292\u202f000 F\u00e4lle. Bei den als arbeitslos gemeldeten Personen sowie bei Personen in IV-Massnahmen sind die Unf\u00e4lle um 10,6 Prozent zur\u00fcckgegangen. Dies kann unter anderem auf die gute Arbeitsmarktlage mit weiter sinkenden Arbeitslosenzahlen zur\u00fcckgef\u00fchrt werden.<\/p>\n<p>Bei der Suva in der obligatorischen Unfallversicherung registrierte F\u00e4lle:<\/p>\n<figure id=\"attachment_22778\" aria-describedby=\"caption-attachment-22778\" style=\"width: 680px\" class=\"wp-caption alignnone\"><img loading=\"lazy\" decoding=\"async\" class=\"size-medium wp-image-22778\" src=\"https:\/\/news.save.ch\/wp-content\/uploads\/2024\/02\/Bildschirmfoto-2024-02-06-um-09.27.23-680x328.png\" alt=\"\" width=\"680\" height=\"328\" srcset=\"https:\/\/news.save.ch\/wp-content\/uploads\/2024\/02\/Bildschirmfoto-2024-02-06-um-09.27.23-680x328.png 680w, https:\/\/news.save.ch\/wp-content\/uploads\/2024\/02\/Bildschirmfoto-2024-02-06-um-09.27.23-1024x494.png 1024w, https:\/\/news.save.ch\/wp-content\/uploads\/2024\/02\/Bildschirmfoto-2024-02-06-um-09.27.23-768x370.png 768w, https:\/\/news.save.ch\/wp-content\/uploads\/2024\/02\/Bildschirmfoto-2024-02-06-um-09.27.23-18x9.png 18w, https:\/\/news.save.ch\/wp-content\/uploads\/2024\/02\/Bildschirmfoto-2024-02-06-um-09.27.23-375x181.png 375w, https:\/\/news.save.ch\/wp-content\/uploads\/2024\/02\/Bildschirmfoto-2024-02-06-um-09.27.23-726x350.png 726w, https:\/\/news.save.ch\/wp-content\/uploads\/2024\/02\/Bildschirmfoto-2024-02-06-um-09.27.23-1000x482.png 1000w, https:\/\/news.save.ch\/wp-content\/uploads\/2024\/02\/Bildschirmfoto-2024-02-06-um-09.27.23.png 1200w\" sizes=\"auto, (max-width: 680px) 100vw, 680px\" \/><figcaption id=\"caption-attachment-22778\" class=\"wp-caption-text\">Suva<\/figcaption><\/figure>\n<p>\u00abDass die Unfallzahlen bei der Arbeit und in der Freizeit gegen\u00fcber dem Vorjahr stabil geblieben sind, ist erfreulich\u00bb, sagt Alois F\u00e4ssler, Statistiker bei der Suva. \u00abWir vermuten, dass das Unfallrisiko, das heisst, die Anzahl Unf\u00e4lle pro 1000 Vollbesch\u00e4ftigte, leicht abgenommen hat. Dies, weil die Anzahl der Erwerbst\u00e4tigen gem\u00e4ss Bundesamt f\u00fcr Statistik (BFS) in den ersten drei Quartalen 2023 st\u00e4rker gestiegen ist als die Zahl der Unf\u00e4lle. Genauere Angaben dazu k\u00f6nnen wir im Fr\u00fchling machen, wenn die definitiven Zahlen vorliegen\u00bb.<\/p>\n<h3>Mehr Freizeit- als Berufsunf\u00e4lle<\/h3>\n<p>W\u00e4hrend in fr\u00fcheren Jahren die Berufsunf\u00e4lle deutlich im Vordergrund standen, registrierte die Suva im Jahr 1991 erstmals mehr Freizeit- als Berufsunf\u00e4lle. Seither \u00fcberwiegen die Freizeitunf\u00e4lle. Im Jahr 2023 ereigneten sich 61 Prozent der gemeldeten Unf\u00e4lle in der Freizeit und 39 Prozent bei der Arbeit. \u00abDie Menschen investieren heute mehr Zeit in ihre aktive Freizeit, weshalb die Unfallzahlen im Freizeitbereich h\u00f6her ausfallen als in der Berufswelt\u00bb so Alois F\u00e4ssler. \u00abWeitere Gr\u00fcnde sind die kontinuierliche Pr\u00e4ventionsarbeit in den Bereichen Arbeitssicherheit und Gesundheitsschutz sowie der R\u00fcckgang von Arbeitspl\u00e4tzen mit hohem Unfallrisiko, beispielsweise durch zunehmend automatisierte Abl\u00e4ufe\u00bb.<\/p>\n<p><em>Quelle: Suva<\/em><\/p>\n","protected":false},"excerpt":{"rendered":"<p>&nbsp; Im Jahr 2023 meldeten die versicherten Betriebe der Suva rund 494\u202f000 Unf\u00e4lle und Berufskrankheiten. Der Unterschied zu den Vorjahreszahlen ist mit einer gesamthaften Zunahme von 0,3 Prozent gering. Die Berufsunf\u00e4lle und Berufskrankheiten stiegen um 0,8 Prozent auf rund 186\u202f000 F\u00e4lle, die Freizeitunf\u00e4lle um 0,7 Prozent auf rund 292\u202f000 F\u00e4lle. Bei den als arbeitslos gemeldeten [&hellip;]<\/p>\n","protected":false},"author":31,"featured_media":22779,"comment_status":"closed","ping_status":"closed","sticky":false,"template":"","format":"standard","meta":{"_acf_changed":false,"pgc_sgb_lightbox_settings":"","footnotes":""},"categories":[3314],"tags":[1768,175,167],"class_list":["post-22777","post","type-post","status-publish","format-standard","has-post-thumbnail","hentry","category-health-safety","tag-berufsunfaelle","tag-nichtberufsunfaelle","tag-suva"],"acf":[],"hkrextid":null,"publication":null,"issue":null,"workflow":null,"startPage":null,"spitzmarke":null,"_posts_by_tag_page_fields":null,"_at_widget":null,"_yoast_wpseo_primary_category":"3314","_yoast_wpseo_focuskw_text_input":null,"_yoast_wpseo_opengraph-image":null,"_yoast_wpseo_opengraph-description":null,"_yoast_wpseo_opengraph-title":null,"enclosure":null,"_yoast_wpseo_twitter-title":null,"_yoast_wpseo_twitter-description":null,"_yoast_wpseo_twitter-image":null,"_wp_old_slug":null,"_yoast_wpseo_title":null,"_yoast_wpseo_canonical":null,"yoast_head":"<!-- This site is optimized with the Yoast SEO plugin v27.5 - https:\/\/yoast.com\/product\/yoast-seo-wordpress\/ -->\n<title>Unfallzahlen von Suva-Versicherten bleiben stabil - Save<\/title>\n<meta name=\"description\" content=\"Die Zahl der Berufsunf\u00e4lle in der Schweiz bleibt im Vergleich zum Vorjahr stabil.\" \/>\n<meta name=\"robots\" content=\"index, follow, max-snippet:-1, max-image-preview:large, max-video-preview:-1\" \/>\n<link rel=\"canonical\" href=\"https:\/\/news.save.ch\/de\/unfallzahlen-von-suva-versicherten-bleiben-stabil\/\" \/>\n<meta property=\"og:locale\" content=\"de_DE\" \/>\n<meta property=\"og:type\" content=\"article\" \/>\n<meta property=\"og:title\" content=\"Unfallzahlen von Suva-Versicherten bleiben stabil - Save\" \/>\n<meta property=\"og:description\" content=\"Die Zahl der Berufsunf\u00e4lle in der Schweiz bleibt im Vergleich zum Vorjahr stabil.\" \/>\n<meta property=\"og:url\" content=\"https:\/\/news.save.ch\/de\/unfallzahlen-von-suva-versicherten-bleiben-stabil\/\" \/>\n<meta property=\"og:site_name\" content=\"Save\" \/>\n<meta property=\"article:published_time\" content=\"2024-02-06T08:36:36+00:00\" \/>\n<meta property=\"article:modified_time\" content=\"2024-02-27T10:26:43+00:00\" \/>\n<meta property=\"og:image\" content=\"https:\/\/news.save.ch\/wp-content\/uploads\/2024\/02\/Depositphotos_127856538_S.jpg\" \/>\n\t<meta property=\"og:image:width\" content=\"1000\" \/>\n\t<meta property=\"og:image:height\" content=\"667\" \/>\n\t<meta property=\"og:image:type\" content=\"image\/jpeg\" \/>\n<meta name=\"author\" content=\"stefanie Zeng\" \/>\n<meta name=\"twitter:card\" content=\"summary_large_image\" \/>\n<meta name=\"twitter:label1\" content=\"Geschrieben von\" \/>\n\t<meta name=\"twitter:data1\" content=\"stefanie Zeng\" \/>\n\t<meta name=\"twitter:label2\" content=\"Gesch\u00e4tzte Lesezeit\" \/>\n\t<meta name=\"twitter:data2\" content=\"3\u00a0Minuten\" \/>\n<script type=\"application\/ld+json\" class=\"yoast-schema-graph\">{\"@context\":\"https:\\\/\\\/schema.org\",\"@graph\":[{\"@type\":\"Article\",\"@id\":\"https:\\\/\\\/news.save.ch\\\/unfallzahlen-von-suva-versicherten-bleiben-stabil\\\/#article\",\"isPartOf\":{\"@id\":\"https:\\\/\\\/news.save.ch\\\/unfallzahlen-von-suva-versicherten-bleiben-stabil\\\/\"},\"author\":{\"name\":\"stefanie Zeng\",\"@id\":\"https:\\\/\\\/news.save.ch\\\/de\\\/#\\\/schema\\\/person\\\/10917387362b3961e882740f6cf6f2a2\"},\"headline\":\"Unfallzahlen von Suva-Versicherten bleiben stabil\",\"datePublished\":\"2024-02-06T08:36:36+00:00\",\"dateModified\":\"2024-02-27T10:26:43+00:00\",\"mainEntityOfPage\":{\"@id\":\"https:\\\/\\\/news.save.ch\\\/unfallzahlen-von-suva-versicherten-bleiben-stabil\\\/\"},\"wordCount\":312,\"publisher\":{\"@id\":\"https:\\\/\\\/news.save.ch\\\/de\\\/#organization\"},\"image\":{\"@id\":\"https:\\\/\\\/news.save.ch\\\/unfallzahlen-von-suva-versicherten-bleiben-stabil\\\/#primaryimage\"},\"thumbnailUrl\":\"https:\\\/\\\/news.save.ch\\\/wp-content\\\/uploads\\\/2024\\\/02\\\/Depositphotos_127856538_S.jpg\",\"keywords\":[\"Berufsunf\u00e4lle\",\"Nichtberufsunf\u00e4lle\",\"SUVA\"],\"articleSection\":[\"HEALTH &amp; SAFETY\"],\"inLanguage\":\"de\"},{\"@type\":\"WebPage\",\"@id\":\"https:\\\/\\\/news.save.ch\\\/unfallzahlen-von-suva-versicherten-bleiben-stabil\\\/\",\"url\":\"https:\\\/\\\/news.save.ch\\\/unfallzahlen-von-suva-versicherten-bleiben-stabil\\\/\",\"name\":\"Unfallzahlen von Suva-Versicherten bleiben stabil - Save\",\"isPartOf\":{\"@id\":\"https:\\\/\\\/news.save.ch\\\/de\\\/#website\"},\"primaryImageOfPage\":{\"@id\":\"https:\\\/\\\/news.save.ch\\\/unfallzahlen-von-suva-versicherten-bleiben-stabil\\\/#primaryimage\"},\"image\":{\"@id\":\"https:\\\/\\\/news.save.ch\\\/unfallzahlen-von-suva-versicherten-bleiben-stabil\\\/#primaryimage\"},\"thumbnailUrl\":\"https:\\\/\\\/news.save.ch\\\/wp-content\\\/uploads\\\/2024\\\/02\\\/Depositphotos_127856538_S.jpg\",\"datePublished\":\"2024-02-06T08:36:36+00:00\",\"dateModified\":\"2024-02-27T10:26:43+00:00\",\"description\":\"Die Zahl der Berufsunf\u00e4lle in der Schweiz bleibt im Vergleich zum Vorjahr stabil.\",\"breadcrumb\":{\"@id\":\"https:\\\/\\\/news.save.ch\\\/unfallzahlen-von-suva-versicherten-bleiben-stabil\\\/#breadcrumb\"},\"inLanguage\":\"de\",\"potentialAction\":[{\"@type\":\"ReadAction\",\"target\":[\"https:\\\/\\\/news.save.ch\\\/unfallzahlen-von-suva-versicherten-bleiben-stabil\\\/\"]}]},{\"@type\":\"ImageObject\",\"inLanguage\":\"de\",\"@id\":\"https:\\\/\\\/news.save.ch\\\/unfallzahlen-von-suva-versicherten-bleiben-stabil\\\/#primaryimage\",\"url\":\"https:\\\/\\\/news.save.ch\\\/wp-content\\\/uploads\\\/2024\\\/02\\\/Depositphotos_127856538_S.jpg\",\"contentUrl\":\"https:\\\/\\\/news.save.ch\\\/wp-content\\\/uploads\\\/2024\\\/02\\\/Depositphotos_127856538_S.jpg\",\"width\":1000,\"height\":667,\"caption\":\"Depositphotos\\\/macor\"},{\"@type\":\"BreadcrumbList\",\"@id\":\"https:\\\/\\\/news.save.ch\\\/unfallzahlen-von-suva-versicherten-bleiben-stabil\\\/#breadcrumb\",\"itemListElement\":[{\"@type\":\"ListItem\",\"position\":1,\"name\":\"Home\",\"item\":\"https:\\\/\\\/news.save.ch\\\/de\\\/\"},{\"@type\":\"ListItem\",\"position\":2,\"name\":\"Unfallzahlen von Suva-Versicherten bleiben stabil\"}]},{\"@type\":\"WebSite\",\"@id\":\"https:\\\/\\\/news.save.ch\\\/de\\\/#website\",\"url\":\"https:\\\/\\\/news.save.ch\\\/de\\\/\",\"name\":\"Save\",\"description\":\"Schweizer Fachzeitschrift f\u00fcr Sicherheit\",\"publisher\":{\"@id\":\"https:\\\/\\\/news.save.ch\\\/de\\\/#organization\"},\"potentialAction\":[{\"@type\":\"SearchAction\",\"target\":{\"@type\":\"EntryPoint\",\"urlTemplate\":\"https:\\\/\\\/news.save.ch\\\/de\\\/?s={search_term_string}\"},\"query-input\":{\"@type\":\"PropertyValueSpecification\",\"valueRequired\":true,\"valueName\":\"search_term_string\"}}],\"inLanguage\":\"de\"},{\"@type\":\"Organization\",\"@id\":\"https:\\\/\\\/news.save.ch\\\/de\\\/#organization\",\"name\":\"Sicherheitsforum\",\"url\":\"https:\\\/\\\/news.save.ch\\\/de\\\/\",\"logo\":{\"@type\":\"ImageObject\",\"inLanguage\":\"de\",\"@id\":\"https:\\\/\\\/news.save.ch\\\/de\\\/#\\\/schema\\\/logo\\\/image\\\/\",\"url\":\"https:\\\/\\\/news.save.ch\\\/wp-content\\\/uploads\\\/2022\\\/06\\\/Logo_SF_2012.png\",\"contentUrl\":\"https:\\\/\\\/news.save.ch\\\/wp-content\\\/uploads\\\/2022\\\/06\\\/Logo_SF_2012.png\",\"width\":1100,\"height\":91,\"caption\":\"Sicherheitsforum\"},\"image\":{\"@id\":\"https:\\\/\\\/news.save.ch\\\/de\\\/#\\\/schema\\\/logo\\\/image\\\/\"}},{\"@type\":\"Person\",\"@id\":\"https:\\\/\\\/news.save.ch\\\/de\\\/#\\\/schema\\\/person\\\/10917387362b3961e882740f6cf6f2a2\",\"name\":\"stefanie Zeng\",\"image\":{\"@type\":\"ImageObject\",\"inLanguage\":\"de\",\"@id\":\"https:\\\/\\\/secure.gravatar.com\\\/avatar\\\/eac43faa6e40bb2c41068c95c9d78bbd94c476d5efdff7abaab80bb3ea681e06?s=96&d=mm&r=g\",\"url\":\"https:\\\/\\\/secure.gravatar.com\\\/avatar\\\/eac43faa6e40bb2c41068c95c9d78bbd94c476d5efdff7abaab80bb3ea681e06?s=96&d=mm&r=g\",\"contentUrl\":\"https:\\\/\\\/secure.gravatar.com\\\/avatar\\\/eac43faa6e40bb2c41068c95c9d78bbd94c476d5efdff7abaab80bb3ea681e06?s=96&d=mm&r=g\",\"caption\":\"stefanie Zeng\"},\"url\":\"https:\\\/\\\/news.save.ch\\\/de\\\/author\\\/stefanie-zeng\\\/\"}]}<\/script>\n<!-- \/ Yoast SEO plugin. -->","yoast_head_json":{"title":"Unfallzahlen von Suva-Versicherten bleiben stabil - Save","description":"Die Zahl der Berufsunf\u00e4lle in der Schweiz bleibt im Vergleich zum Vorjahr stabil.","robots":{"index":"index","follow":"follow","max-snippet":"max-snippet:-1","max-image-preview":"max-image-preview:large","max-video-preview":"max-video-preview:-1"},"canonical":"https:\/\/news.save.ch\/de\/unfallzahlen-von-suva-versicherten-bleiben-stabil\/","og_locale":"de_DE","og_type":"article","og_title":"Unfallzahlen von Suva-Versicherten bleiben stabil - Save","og_description":"Die Zahl der Berufsunf\u00e4lle in der Schweiz bleibt im Vergleich zum Vorjahr stabil.","og_url":"https:\/\/news.save.ch\/de\/unfallzahlen-von-suva-versicherten-bleiben-stabil\/","og_site_name":"Save","article_published_time":"2024-02-06T08:36:36+00:00","article_modified_time":"2024-02-27T10:26:43+00:00","og_image":[{"width":1000,"height":667,"url":"https:\/\/news.save.ch\/wp-content\/uploads\/2024\/02\/Depositphotos_127856538_S.jpg","type":"image\/jpeg"}],"author":"stefanie Zeng","twitter_card":"summary_large_image","twitter_misc":{"Geschrieben von":"stefanie Zeng","Gesch\u00e4tzte Lesezeit":"3\u00a0Minuten"},"schema":{"@context":"https:\/\/schema.org","@graph":[{"@type":"Article","@id":"https:\/\/news.save.ch\/unfallzahlen-von-suva-versicherten-bleiben-stabil\/#article","isPartOf":{"@id":"https:\/\/news.save.ch\/unfallzahlen-von-suva-versicherten-bleiben-stabil\/"},"author":{"name":"stefanie Zeng","@id":"https:\/\/news.save.ch\/de\/#\/schema\/person\/10917387362b3961e882740f6cf6f2a2"},"headline":"Unfallzahlen von Suva-Versicherten bleiben stabil","datePublished":"2024-02-06T08:36:36+00:00","dateModified":"2024-02-27T10:26:43+00:00","mainEntityOfPage":{"@id":"https:\/\/news.save.ch\/unfallzahlen-von-suva-versicherten-bleiben-stabil\/"},"wordCount":312,"publisher":{"@id":"https:\/\/news.save.ch\/de\/#organization"},"image":{"@id":"https:\/\/news.save.ch\/unfallzahlen-von-suva-versicherten-bleiben-stabil\/#primaryimage"},"thumbnailUrl":"https:\/\/news.save.ch\/wp-content\/uploads\/2024\/02\/Depositphotos_127856538_S.jpg","keywords":["Berufsunf\u00e4lle","Nichtberufsunf\u00e4lle","SUVA"],"articleSection":["HEALTH &amp; SAFETY"],"inLanguage":"de"},{"@type":"WebPage","@id":"https:\/\/news.save.ch\/unfallzahlen-von-suva-versicherten-bleiben-stabil\/","url":"https:\/\/news.save.ch\/unfallzahlen-von-suva-versicherten-bleiben-stabil\/","name":"Unfallzahlen von Suva-Versicherten bleiben stabil - Save","isPartOf":{"@id":"https:\/\/news.save.ch\/de\/#website"},"primaryImageOfPage":{"@id":"https:\/\/news.save.ch\/unfallzahlen-von-suva-versicherten-bleiben-stabil\/#primaryimage"},"image":{"@id":"https:\/\/news.save.ch\/unfallzahlen-von-suva-versicherten-bleiben-stabil\/#primaryimage"},"thumbnailUrl":"https:\/\/news.save.ch\/wp-content\/uploads\/2024\/02\/Depositphotos_127856538_S.jpg","datePublished":"2024-02-06T08:36:36+00:00","dateModified":"2024-02-27T10:26:43+00:00","description":"Die Zahl der Berufsunf\u00e4lle in der Schweiz bleibt im Vergleich zum Vorjahr stabil.","breadcrumb":{"@id":"https:\/\/news.save.ch\/unfallzahlen-von-suva-versicherten-bleiben-stabil\/#breadcrumb"},"inLanguage":"de","potentialAction":[{"@type":"ReadAction","target":["https:\/\/news.save.ch\/unfallzahlen-von-suva-versicherten-bleiben-stabil\/"]}]},{"@type":"ImageObject","inLanguage":"de","@id":"https:\/\/news.save.ch\/unfallzahlen-von-suva-versicherten-bleiben-stabil\/#primaryimage","url":"https:\/\/news.save.ch\/wp-content\/uploads\/2024\/02\/Depositphotos_127856538_S.jpg","contentUrl":"https:\/\/news.save.ch\/wp-content\/uploads\/2024\/02\/Depositphotos_127856538_S.jpg","width":1000,"height":667,"caption":"Depositphotos\/macor"},{"@type":"BreadcrumbList","@id":"https:\/\/news.save.ch\/unfallzahlen-von-suva-versicherten-bleiben-stabil\/#breadcrumb","itemListElement":[{"@type":"ListItem","position":1,"name":"Home","item":"https:\/\/news.save.ch\/de\/"},{"@type":"ListItem","position":2,"name":"Unfallzahlen von Suva-Versicherten bleiben stabil"}]},{"@type":"WebSite","@id":"https:\/\/news.save.ch\/de\/#website","url":"https:\/\/news.save.ch\/de\/","name":"Save","description":"Schweizer Fachzeitschrift f\u00fcr Sicherheit","publisher":{"@id":"https:\/\/news.save.ch\/de\/#organization"},"potentialAction":[{"@type":"SearchAction","target":{"@type":"EntryPoint","urlTemplate":"https:\/\/news.save.ch\/de\/?s={search_term_string}"},"query-input":{"@type":"PropertyValueSpecification","valueRequired":true,"valueName":"search_term_string"}}],"inLanguage":"de"},{"@type":"Organization","@id":"https:\/\/news.save.ch\/de\/#organization","name":"Sicherheitsforum","url":"https:\/\/news.save.ch\/de\/","logo":{"@type":"ImageObject","inLanguage":"de","@id":"https:\/\/news.save.ch\/de\/#\/schema\/logo\/image\/","url":"https:\/\/news.save.ch\/wp-content\/uploads\/2022\/06\/Logo_SF_2012.png","contentUrl":"https:\/\/news.save.ch\/wp-content\/uploads\/2022\/06\/Logo_SF_2012.png","width":1100,"height":91,"caption":"Sicherheitsforum"},"image":{"@id":"https:\/\/news.save.ch\/de\/#\/schema\/logo\/image\/"}},{"@type":"Person","@id":"https:\/\/news.save.ch\/de\/#\/schema\/person\/10917387362b3961e882740f6cf6f2a2","name":"stefanie Zeng","image":{"@type":"ImageObject","inLanguage":"de","@id":"https:\/\/secure.gravatar.com\/avatar\/eac43faa6e40bb2c41068c95c9d78bbd94c476d5efdff7abaab80bb3ea681e06?s=96&d=mm&r=g","url":"https:\/\/secure.gravatar.com\/avatar\/eac43faa6e40bb2c41068c95c9d78bbd94c476d5efdff7abaab80bb3ea681e06?s=96&d=mm&r=g","contentUrl":"https:\/\/secure.gravatar.com\/avatar\/eac43faa6e40bb2c41068c95c9d78bbd94c476d5efdff7abaab80bb3ea681e06?s=96&d=mm&r=g","caption":"stefanie Zeng"},"url":"https:\/\/news.save.ch\/de\/author\/stefanie-zeng\/"}]}},"_links":{"self":[{"href":"https:\/\/news.save.ch\/de\/wp-json\/wp\/v2\/posts\/22777","targetHints":{"allow":["GET"]}}],"collection":[{"href":"https:\/\/news.save.ch\/de\/wp-json\/wp\/v2\/posts"}],"about":[{"href":"https:\/\/news.save.ch\/de\/wp-json\/wp\/v2\/types\/post"}],"author":[{"embeddable":true,"href":"https:\/\/news.save.ch\/de\/wp-json\/wp\/v2\/users\/31"}],"replies":[{"embeddable":true,"href":"https:\/\/news.save.ch\/de\/wp-json\/wp\/v2\/comments?post=22777"}],"version-history":[{"count":5,"href":"https:\/\/news.save.ch\/de\/wp-json\/wp\/v2\/posts\/22777\/revisions"}],"predecessor-version":[{"id":22862,"href":"https:\/\/news.save.ch\/de\/wp-json\/wp\/v2\/posts\/22777\/revisions\/22862"}],"wp:featuredmedia":[{"embeddable":true,"href":"https:\/\/news.save.ch\/de\/wp-json\/wp\/v2\/media\/22779"}],"wp:attachment":[{"href":"https:\/\/news.save.ch\/de\/wp-json\/wp\/v2\/media?parent=22777"}],"wp:term":[{"taxonomy":"category","embeddable":true,"href":"https:\/\/news.save.ch\/de\/wp-json\/wp\/v2\/categories?post=22777"},{"taxonomy":"post_tag","embeddable":true,"href":"https:\/\/news.save.ch\/de\/wp-json\/wp\/v2\/tags?post=22777"}],"curies":[{"name":"wp","href":"https:\/\/api.w.org\/{rel}","templated":true}]}}