{"id":22915,"date":"2024-03-15T08:36:00","date_gmt":"2024-03-15T07:36:00","guid":{"rendered":"https:\/\/news.save.ch\/?p=22915"},"modified":"2024-03-15T08:36:00","modified_gmt":"2024-03-15T07:36:00","slug":"ausgeschlafene-mitarbeitende-ein-erfolgsfaktor","status":null,"type":"post","link":"https:\/\/news.save.ch\/de\/ausgeschlafene-mitarbeitende-ein-erfolgsfaktor\/","title":{"rendered":"Ausgeschlafene Mitarbeitende \u2013 ein Erfolgsfaktor"},"content":{"rendered":"<figure id=\"attachment_22916\" aria-describedby=\"caption-attachment-22916\" style=\"width: 1000px\" class=\"wp-caption alignnone\"><img loading=\"lazy\" decoding=\"async\" class=\"wp-image-22916 size-full\" src=\"https:\/\/news.save.ch\/wp-content\/uploads\/2024\/03\/Depositphotos_76982499_S.jpg\" alt=\"\" width=\"1000\" height=\"668\" srcset=\"https:\/\/news.save.ch\/wp-content\/uploads\/2024\/03\/Depositphotos_76982499_S.jpg 1000w, https:\/\/news.save.ch\/wp-content\/uploads\/2024\/03\/Depositphotos_76982499_S-680x454.jpg 680w, https:\/\/news.save.ch\/wp-content\/uploads\/2024\/03\/Depositphotos_76982499_S-768x513.jpg 768w, https:\/\/news.save.ch\/wp-content\/uploads\/2024\/03\/Depositphotos_76982499_S-18x12.jpg 18w, https:\/\/news.save.ch\/wp-content\/uploads\/2024\/03\/Depositphotos_76982499_S-375x251.jpg 375w, https:\/\/news.save.ch\/wp-content\/uploads\/2024\/03\/Depositphotos_76982499_S-524x350.jpg 524w\" sizes=\"auto, (max-width: 1000px) 100vw, 1000px\" \/><figcaption id=\"caption-attachment-22916\" class=\"wp-caption-text\">Depositphotos\/nesharm<\/figcaption><\/figure>\n<p class=\"p1\"><span class=\"s1\">F\u00fchrungskr\u00e4fte br\u00fcsten sich oft damit, dass sie mit wenig Schlaf auskommen. Doch Fakt ist: Chronischer Schlafmangel macht krank. Neben Ern\u00e4hrung, Sport und sozialen Kontakten geh\u00f6rt guter Schlaf zu den vier bedeutendsten Faktoren, um k\u00f6rperlich und psychisch gesund zu bleiben. <\/span><\/p>\n<h3 class=\"p1\"><span class=\"s1\">Jede dritte Person schl\u00e4ft schlecht <\/span><\/h3>\n<p class=\"p1\"><span class=\"s1\">Das Resultat der Schweizerischen Gesundheitsbefragung 2023 ist alarmierend: 33 Prozent der Bev\u00f6lkerung leiden an Schlafproblemen. Schlaflose N\u00e4chte sind nicht nur zerm\u00fcrbend f\u00fcr die betroffenen Menschen, sie wirken sich auch negativ auf die Wirtschaft aus. <\/span><\/p>\n<h3 class=\"p1\"><span class=\"s1\">Was ist guter Schlaf? <\/span><\/h3>\n<p class=\"p1\"><span class=\"s1\">Gesunder Schlaf h\u00e4ngt nicht nur von der Dauer ab, die Qualit\u00e4t ist massgebend. Nur ein Schlaf mit ausreichenden Tiefschlafphasen ist erholsam. Im Schlaf erneuern wir K\u00f6rper- und Hirnzellen und verarbeiten, was wir tags\u00fcber erlebt haben. Wenn wir nicht oder nur schlecht schlafen, entsteht im Gehirn ein Ungleichgewicht, welches sich negativ auf die psychische und die k\u00f6rperliche Verfassung auswirkt. <\/span><\/p>\n<h3 class=\"p1\"><span class=\"s1\">Wenn nachts der Atem aussetzt <\/span><\/h3>\n<p class=\"p1\"><span class=\"s1\">Manchmal steckt ein k\u00f6rperliches Problem hinter schlechtem Schlaf. Schlafapnoe z\u00e4hlt dabei zu den am weitesten verbreiteten St\u00f6rungen. Dabei verschliessen sich im Schlaf zeitweise die Atemwege. Die n\u00e4chtlichen Atemaussetzer verunm\u00f6glichen einen erholsamen Schlaf. Von Schlafapnoe betroffene Menschen sind daher tags\u00fcber oft sehr m\u00fcde und k\u00f6nnen sich nicht konzentrieren. Eine nicht therapierte Schlafapnoe erh\u00f6ht das Risiko f\u00fcr Unf\u00e4lle, \u00dcbergewicht, Diabetes und Herz-Kreislauf-Erkrankungen. Nicht alle Betroffenen leiden unter denselben Symptomen, wie zum Beispiel Schnarchen. Deshalb ist eine \u00e4rztliche Abkl\u00e4rung wichtig. <\/span><\/p>\n<p class=\"p1\"><span class=\"s1\">Schlafapnoe l\u00e4sst sich gut behandeln. Die Lungenliga ist bei der Betreuung schweizweit f\u00fchrend. Sie ber\u00e4t rund 90 000 Schlafapnoe-Betroffene. \u00abIch war total ersch\u00f6pft, weil ich so lange schlecht geschlafen hatte. Die Behandlung hat meine Lebensqualit\u00e4t enorm verbessert. Nach einer kurzen Eingew\u00f6hnungszeit konnte ich endlich wieder tief schlafen\u00bb, erz\u00e4hlt eine Patientin. <\/span><\/p>\n<h3 class=\"p1\"><span class=\"s1\">Tief schlafen und im Betrieb durchstarten <\/span><\/h3>\n<p class=\"p1\"><span class=\"s1\">Wenn kein k\u00f6rperliches oder psychisches Problem vorliegt, k\u00f6nnen wir guten Schlaf trainieren. Denn: Wer gut schl\u00e4ft, geht morgens motivierter zur Arbeit, ist produktiver, einf\u00fchlsamer und handelt risikobewusster. Ein erholsamer Schlaf unterst\u00fctzt Ged\u00e4chtnis und Lernfunktionen, st\u00e4rkt das Immunsystem und sorgt f\u00fcr Energie und Wachheit am Tag darauf. Deshalb tragen ausgeschlafene Mitarbeitende massgeblich zum Erfolg eines Unternehmens bei. <\/span><\/p>\n<p class=\"p1\"><span class=\"s1\">\u00abPulMotion\u00bb ist ein Programm, welches in Betrieben die Lungengesundheit der Mitarbeitenden f\u00f6rdert. Ein wissenschaftlich erprobtes Screening ermittelt schlafbezogene Atemst\u00f6rungen von Mitarbeitenden. Im Workshop \u00abEndlich schlafen\u00bb lernen die Teilnehmenden die Zusammenh\u00e4nge zwischen Atmung, Schlaf und Leistungsf\u00e4higkeit kennen. Einfache \u00dcbungen helfen, besser zu schlafen. <\/span><\/p>\n<p class=\"p1\"><span class=\"s1\">Am 15. M\u00e4rz ist der Welttag des Schlafes. An diesem Tag wird weltweit auf den wichtigen Gesundheitsfaktor Schlaf aufmerksam gemacht. <\/span><\/p>\n<p class=\"p1\"><a href=\"http:\/\/pulmotion.ch\" target=\"_blank\" rel=\"noopener\"><span class=\"s1\">pulmotion.ch <\/span><\/a><\/p>\n<p class=\"p1\"><a href=\"http:\/\/lungenliga.ch\/schlafapnoetest\" target=\"_blank\" rel=\"noopener\"><span class=\"s1\">lungenliga.ch\/schlafapnoetest <\/span><\/a><\/p>\n<p class=\"p1\"><em>Quelle: Lungenliga Schweiz<\/em><\/p>\n","protected":false},"excerpt":{"rendered":"<p>F\u00fchrungskr\u00e4fte br\u00fcsten sich oft damit, dass sie mit wenig Schlaf auskommen. Doch Fakt ist: Chronischer Schlafmangel macht krank. Neben Ern\u00e4hrung, Sport und sozialen Kontakten geh\u00f6rt guter Schlaf zu den vier bedeutendsten Faktoren, um k\u00f6rperlich und psychisch gesund zu bleiben. Jede dritte Person schl\u00e4ft schlecht Das Resultat der Schweizerischen Gesundheitsbefragung 2023 ist alarmierend: 33 Prozent der [&hellip;]<\/p>\n","protected":false},"author":31,"featured_media":22916,"comment_status":"closed","ping_status":"closed","sticky":false,"template":"","format":"standard","meta":{"_acf_changed":false,"pgc_sgb_lightbox_settings":"","footnotes":""},"categories":[3314],"tags":[2493,2838,2839,3243],"class_list":["post-22915","post","type-post","status-publish","format-standard","has-post-thumbnail","hentry","category-health-safety","tag-lungenliga-schweiz","tag-schlaf","tag-schlafapnoe","tag-welttag-des-schlafes"],"acf":[],"hkrextid":null,"publication":null,"issue":null,"workflow":null,"startPage":null,"spitzmarke":null,"_posts_by_tag_page_fields":null,"_at_widget":null,"_yoast_wpseo_primary_category":"3314","_yoast_wpseo_focuskw_text_input":null,"_yoast_wpseo_opengraph-image":null,"_yoast_wpseo_opengraph-description":null,"_yoast_wpseo_opengraph-title":null,"enclosure":null,"_yoast_wpseo_twitter-title":null,"_yoast_wpseo_twitter-description":null,"_yoast_wpseo_twitter-image":null,"_wp_old_slug":null,"_yoast_wpseo_title":null,"_yoast_wpseo_canonical":null,"yoast_head":"<!-- This site is optimized with the Yoast SEO plugin v27.5 - https:\/\/yoast.com\/product\/yoast-seo-wordpress\/ -->\n<title>Ausgeschlafene Mitarbeitende \u2013 ein Erfolgsfaktor - Save<\/title>\n<meta name=\"description\" content=\"Die Lungenliga betreut Menschen mit Atemst\u00f6rungen im Schlaf und zeigt Mitarbeitenden in Betrieben, wie sie ihren Schlaf verbessern\" \/>\n<meta name=\"robots\" content=\"index, follow, max-snippet:-1, max-image-preview:large, max-video-preview:-1\" \/>\n<link rel=\"canonical\" href=\"https:\/\/news.save.ch\/de\/ausgeschlafene-mitarbeitende-ein-erfolgsfaktor\/\" \/>\n<meta property=\"og:locale\" content=\"de_DE\" \/>\n<meta property=\"og:type\" content=\"article\" \/>\n<meta property=\"og:title\" content=\"Ausgeschlafene Mitarbeitende \u2013 ein Erfolgsfaktor - Save\" \/>\n<meta property=\"og:description\" content=\"Die Lungenliga betreut Menschen mit Atemst\u00f6rungen im Schlaf und zeigt Mitarbeitenden in Betrieben, wie sie ihren Schlaf verbessern\" \/>\n<meta property=\"og:url\" content=\"https:\/\/news.save.ch\/de\/ausgeschlafene-mitarbeitende-ein-erfolgsfaktor\/\" \/>\n<meta property=\"og:site_name\" content=\"Save\" \/>\n<meta property=\"article:published_time\" content=\"2024-03-15T07:36:00+00:00\" \/>\n<meta property=\"og:image\" content=\"https:\/\/news.save.ch\/wp-content\/uploads\/2024\/03\/Depositphotos_76982499_S.jpg\" \/>\n\t<meta property=\"og:image:width\" content=\"1000\" \/>\n\t<meta property=\"og:image:height\" content=\"668\" \/>\n\t<meta property=\"og:image:type\" content=\"image\/jpeg\" \/>\n<meta name=\"author\" content=\"stefanie Zeng\" \/>\n<meta name=\"twitter:card\" content=\"summary_large_image\" \/>\n<meta name=\"twitter:label1\" content=\"Geschrieben von\" \/>\n\t<meta name=\"twitter:data1\" content=\"stefanie Zeng\" \/>\n\t<meta name=\"twitter:label2\" content=\"Gesch\u00e4tzte Lesezeit\" \/>\n\t<meta name=\"twitter:data2\" content=\"3\u00a0Minuten\" \/>\n<script type=\"application\/ld+json\" class=\"yoast-schema-graph\">{\"@context\":\"https:\\\/\\\/schema.org\",\"@graph\":[{\"@type\":\"Article\",\"@id\":\"https:\\\/\\\/news.save.ch\\\/ausgeschlafene-mitarbeitende-ein-erfolgsfaktor\\\/#article\",\"isPartOf\":{\"@id\":\"https:\\\/\\\/news.save.ch\\\/ausgeschlafene-mitarbeitende-ein-erfolgsfaktor\\\/\"},\"author\":{\"name\":\"stefanie Zeng\",\"@id\":\"https:\\\/\\\/news.save.ch\\\/de\\\/#\\\/schema\\\/person\\\/10917387362b3961e882740f6cf6f2a2\"},\"headline\":\"Ausgeschlafene Mitarbeitende \u2013 ein Erfolgsfaktor\",\"datePublished\":\"2024-03-15T07:36:00+00:00\",\"mainEntityOfPage\":{\"@id\":\"https:\\\/\\\/news.save.ch\\\/ausgeschlafene-mitarbeitende-ein-erfolgsfaktor\\\/\"},\"wordCount\":460,\"publisher\":{\"@id\":\"https:\\\/\\\/news.save.ch\\\/de\\\/#organization\"},\"image\":{\"@id\":\"https:\\\/\\\/news.save.ch\\\/ausgeschlafene-mitarbeitende-ein-erfolgsfaktor\\\/#primaryimage\"},\"thumbnailUrl\":\"https:\\\/\\\/news.save.ch\\\/wp-content\\\/uploads\\\/2024\\\/03\\\/Depositphotos_76982499_S.jpg\",\"keywords\":[\"Lungenliga Schweiz\",\"Schlaf\",\"Schlafapnoe\",\"Welttag des Schlafes\"],\"articleSection\":[\"HEALTH &amp; SAFETY\"],\"inLanguage\":\"de\"},{\"@type\":\"WebPage\",\"@id\":\"https:\\\/\\\/news.save.ch\\\/ausgeschlafene-mitarbeitende-ein-erfolgsfaktor\\\/\",\"url\":\"https:\\\/\\\/news.save.ch\\\/ausgeschlafene-mitarbeitende-ein-erfolgsfaktor\\\/\",\"name\":\"Ausgeschlafene Mitarbeitende \u2013 ein Erfolgsfaktor - Save\",\"isPartOf\":{\"@id\":\"https:\\\/\\\/news.save.ch\\\/de\\\/#website\"},\"primaryImageOfPage\":{\"@id\":\"https:\\\/\\\/news.save.ch\\\/ausgeschlafene-mitarbeitende-ein-erfolgsfaktor\\\/#primaryimage\"},\"image\":{\"@id\":\"https:\\\/\\\/news.save.ch\\\/ausgeschlafene-mitarbeitende-ein-erfolgsfaktor\\\/#primaryimage\"},\"thumbnailUrl\":\"https:\\\/\\\/news.save.ch\\\/wp-content\\\/uploads\\\/2024\\\/03\\\/Depositphotos_76982499_S.jpg\",\"datePublished\":\"2024-03-15T07:36:00+00:00\",\"description\":\"Die Lungenliga betreut Menschen mit Atemst\u00f6rungen im Schlaf und zeigt Mitarbeitenden in Betrieben, wie sie ihren Schlaf verbessern\",\"breadcrumb\":{\"@id\":\"https:\\\/\\\/news.save.ch\\\/ausgeschlafene-mitarbeitende-ein-erfolgsfaktor\\\/#breadcrumb\"},\"inLanguage\":\"de\",\"potentialAction\":[{\"@type\":\"ReadAction\",\"target\":[\"https:\\\/\\\/news.save.ch\\\/ausgeschlafene-mitarbeitende-ein-erfolgsfaktor\\\/\"]}]},{\"@type\":\"ImageObject\",\"inLanguage\":\"de\",\"@id\":\"https:\\\/\\\/news.save.ch\\\/ausgeschlafene-mitarbeitende-ein-erfolgsfaktor\\\/#primaryimage\",\"url\":\"https:\\\/\\\/news.save.ch\\\/wp-content\\\/uploads\\\/2024\\\/03\\\/Depositphotos_76982499_S.jpg\",\"contentUrl\":\"https:\\\/\\\/news.save.ch\\\/wp-content\\\/uploads\\\/2024\\\/03\\\/Depositphotos_76982499_S.jpg\",\"width\":1000,\"height\":668},{\"@type\":\"BreadcrumbList\",\"@id\":\"https:\\\/\\\/news.save.ch\\\/ausgeschlafene-mitarbeitende-ein-erfolgsfaktor\\\/#breadcrumb\",\"itemListElement\":[{\"@type\":\"ListItem\",\"position\":1,\"name\":\"Home\",\"item\":\"https:\\\/\\\/news.save.ch\\\/de\\\/\"},{\"@type\":\"ListItem\",\"position\":2,\"name\":\"Ausgeschlafene Mitarbeitende \u2013 ein Erfolgsfaktor\"}]},{\"@type\":\"WebSite\",\"@id\":\"https:\\\/\\\/news.save.ch\\\/de\\\/#website\",\"url\":\"https:\\\/\\\/news.save.ch\\\/de\\\/\",\"name\":\"Save\",\"description\":\"Schweizer Fachzeitschrift f\u00fcr Sicherheit\",\"publisher\":{\"@id\":\"https:\\\/\\\/news.save.ch\\\/de\\\/#organization\"},\"potentialAction\":[{\"@type\":\"SearchAction\",\"target\":{\"@type\":\"EntryPoint\",\"urlTemplate\":\"https:\\\/\\\/news.save.ch\\\/de\\\/?s={search_term_string}\"},\"query-input\":{\"@type\":\"PropertyValueSpecification\",\"valueRequired\":true,\"valueName\":\"search_term_string\"}}],\"inLanguage\":\"de\"},{\"@type\":\"Organization\",\"@id\":\"https:\\\/\\\/news.save.ch\\\/de\\\/#organization\",\"name\":\"Sicherheitsforum\",\"url\":\"https:\\\/\\\/news.save.ch\\\/de\\\/\",\"logo\":{\"@type\":\"ImageObject\",\"inLanguage\":\"de\",\"@id\":\"https:\\\/\\\/news.save.ch\\\/de\\\/#\\\/schema\\\/logo\\\/image\\\/\",\"url\":\"https:\\\/\\\/news.save.ch\\\/wp-content\\\/uploads\\\/2022\\\/06\\\/Logo_SF_2012.png\",\"contentUrl\":\"https:\\\/\\\/news.save.ch\\\/wp-content\\\/uploads\\\/2022\\\/06\\\/Logo_SF_2012.png\",\"width\":1100,\"height\":91,\"caption\":\"Sicherheitsforum\"},\"image\":{\"@id\":\"https:\\\/\\\/news.save.ch\\\/de\\\/#\\\/schema\\\/logo\\\/image\\\/\"}},{\"@type\":\"Person\",\"@id\":\"https:\\\/\\\/news.save.ch\\\/de\\\/#\\\/schema\\\/person\\\/10917387362b3961e882740f6cf6f2a2\",\"name\":\"stefanie Zeng\",\"image\":{\"@type\":\"ImageObject\",\"inLanguage\":\"de\",\"@id\":\"https:\\\/\\\/secure.gravatar.com\\\/avatar\\\/eac43faa6e40bb2c41068c95c9d78bbd94c476d5efdff7abaab80bb3ea681e06?s=96&d=mm&r=g\",\"url\":\"https:\\\/\\\/secure.gravatar.com\\\/avatar\\\/eac43faa6e40bb2c41068c95c9d78bbd94c476d5efdff7abaab80bb3ea681e06?s=96&d=mm&r=g\",\"contentUrl\":\"https:\\\/\\\/secure.gravatar.com\\\/avatar\\\/eac43faa6e40bb2c41068c95c9d78bbd94c476d5efdff7abaab80bb3ea681e06?s=96&d=mm&r=g\",\"caption\":\"stefanie Zeng\"},\"url\":\"https:\\\/\\\/news.save.ch\\\/de\\\/author\\\/stefanie-zeng\\\/\"}]}<\/script>\n<!-- \/ Yoast SEO plugin. -->","yoast_head_json":{"title":"Ausgeschlafene Mitarbeitende \u2013 ein Erfolgsfaktor - Save","description":"Die Lungenliga betreut Menschen mit Atemst\u00f6rungen im Schlaf und zeigt Mitarbeitenden in Betrieben, wie sie ihren Schlaf verbessern","robots":{"index":"index","follow":"follow","max-snippet":"max-snippet:-1","max-image-preview":"max-image-preview:large","max-video-preview":"max-video-preview:-1"},"canonical":"https:\/\/news.save.ch\/de\/ausgeschlafene-mitarbeitende-ein-erfolgsfaktor\/","og_locale":"de_DE","og_type":"article","og_title":"Ausgeschlafene Mitarbeitende \u2013 ein Erfolgsfaktor - Save","og_description":"Die Lungenliga betreut Menschen mit Atemst\u00f6rungen im Schlaf und zeigt Mitarbeitenden in Betrieben, wie sie ihren Schlaf verbessern","og_url":"https:\/\/news.save.ch\/de\/ausgeschlafene-mitarbeitende-ein-erfolgsfaktor\/","og_site_name":"Save","article_published_time":"2024-03-15T07:36:00+00:00","og_image":[{"width":1000,"height":668,"url":"https:\/\/news.save.ch\/wp-content\/uploads\/2024\/03\/Depositphotos_76982499_S.jpg","type":"image\/jpeg"}],"author":"stefanie Zeng","twitter_card":"summary_large_image","twitter_misc":{"Geschrieben von":"stefanie Zeng","Gesch\u00e4tzte Lesezeit":"3\u00a0Minuten"},"schema":{"@context":"https:\/\/schema.org","@graph":[{"@type":"Article","@id":"https:\/\/news.save.ch\/ausgeschlafene-mitarbeitende-ein-erfolgsfaktor\/#article","isPartOf":{"@id":"https:\/\/news.save.ch\/ausgeschlafene-mitarbeitende-ein-erfolgsfaktor\/"},"author":{"name":"stefanie Zeng","@id":"https:\/\/news.save.ch\/de\/#\/schema\/person\/10917387362b3961e882740f6cf6f2a2"},"headline":"Ausgeschlafene Mitarbeitende \u2013 ein Erfolgsfaktor","datePublished":"2024-03-15T07:36:00+00:00","mainEntityOfPage":{"@id":"https:\/\/news.save.ch\/ausgeschlafene-mitarbeitende-ein-erfolgsfaktor\/"},"wordCount":460,"publisher":{"@id":"https:\/\/news.save.ch\/de\/#organization"},"image":{"@id":"https:\/\/news.save.ch\/ausgeschlafene-mitarbeitende-ein-erfolgsfaktor\/#primaryimage"},"thumbnailUrl":"https:\/\/news.save.ch\/wp-content\/uploads\/2024\/03\/Depositphotos_76982499_S.jpg","keywords":["Lungenliga Schweiz","Schlaf","Schlafapnoe","Welttag des Schlafes"],"articleSection":["HEALTH &amp; SAFETY"],"inLanguage":"de"},{"@type":"WebPage","@id":"https:\/\/news.save.ch\/ausgeschlafene-mitarbeitende-ein-erfolgsfaktor\/","url":"https:\/\/news.save.ch\/ausgeschlafene-mitarbeitende-ein-erfolgsfaktor\/","name":"Ausgeschlafene Mitarbeitende \u2013 ein Erfolgsfaktor - Save","isPartOf":{"@id":"https:\/\/news.save.ch\/de\/#website"},"primaryImageOfPage":{"@id":"https:\/\/news.save.ch\/ausgeschlafene-mitarbeitende-ein-erfolgsfaktor\/#primaryimage"},"image":{"@id":"https:\/\/news.save.ch\/ausgeschlafene-mitarbeitende-ein-erfolgsfaktor\/#primaryimage"},"thumbnailUrl":"https:\/\/news.save.ch\/wp-content\/uploads\/2024\/03\/Depositphotos_76982499_S.jpg","datePublished":"2024-03-15T07:36:00+00:00","description":"Die Lungenliga betreut Menschen mit Atemst\u00f6rungen im Schlaf und zeigt Mitarbeitenden in Betrieben, wie sie ihren Schlaf verbessern","breadcrumb":{"@id":"https:\/\/news.save.ch\/ausgeschlafene-mitarbeitende-ein-erfolgsfaktor\/#breadcrumb"},"inLanguage":"de","potentialAction":[{"@type":"ReadAction","target":["https:\/\/news.save.ch\/ausgeschlafene-mitarbeitende-ein-erfolgsfaktor\/"]}]},{"@type":"ImageObject","inLanguage":"de","@id":"https:\/\/news.save.ch\/ausgeschlafene-mitarbeitende-ein-erfolgsfaktor\/#primaryimage","url":"https:\/\/news.save.ch\/wp-content\/uploads\/2024\/03\/Depositphotos_76982499_S.jpg","contentUrl":"https:\/\/news.save.ch\/wp-content\/uploads\/2024\/03\/Depositphotos_76982499_S.jpg","width":1000,"height":668},{"@type":"BreadcrumbList","@id":"https:\/\/news.save.ch\/ausgeschlafene-mitarbeitende-ein-erfolgsfaktor\/#breadcrumb","itemListElement":[{"@type":"ListItem","position":1,"name":"Home","item":"https:\/\/news.save.ch\/de\/"},{"@type":"ListItem","position":2,"name":"Ausgeschlafene Mitarbeitende \u2013 ein Erfolgsfaktor"}]},{"@type":"WebSite","@id":"https:\/\/news.save.ch\/de\/#website","url":"https:\/\/news.save.ch\/de\/","name":"Save","description":"Schweizer Fachzeitschrift f\u00fcr Sicherheit","publisher":{"@id":"https:\/\/news.save.ch\/de\/#organization"},"potentialAction":[{"@type":"SearchAction","target":{"@type":"EntryPoint","urlTemplate":"https:\/\/news.save.ch\/de\/?s={search_term_string}"},"query-input":{"@type":"PropertyValueSpecification","valueRequired":true,"valueName":"search_term_string"}}],"inLanguage":"de"},{"@type":"Organization","@id":"https:\/\/news.save.ch\/de\/#organization","name":"Sicherheitsforum","url":"https:\/\/news.save.ch\/de\/","logo":{"@type":"ImageObject","inLanguage":"de","@id":"https:\/\/news.save.ch\/de\/#\/schema\/logo\/image\/","url":"https:\/\/news.save.ch\/wp-content\/uploads\/2022\/06\/Logo_SF_2012.png","contentUrl":"https:\/\/news.save.ch\/wp-content\/uploads\/2022\/06\/Logo_SF_2012.png","width":1100,"height":91,"caption":"Sicherheitsforum"},"image":{"@id":"https:\/\/news.save.ch\/de\/#\/schema\/logo\/image\/"}},{"@type":"Person","@id":"https:\/\/news.save.ch\/de\/#\/schema\/person\/10917387362b3961e882740f6cf6f2a2","name":"stefanie Zeng","image":{"@type":"ImageObject","inLanguage":"de","@id":"https:\/\/secure.gravatar.com\/avatar\/eac43faa6e40bb2c41068c95c9d78bbd94c476d5efdff7abaab80bb3ea681e06?s=96&d=mm&r=g","url":"https:\/\/secure.gravatar.com\/avatar\/eac43faa6e40bb2c41068c95c9d78bbd94c476d5efdff7abaab80bb3ea681e06?s=96&d=mm&r=g","contentUrl":"https:\/\/secure.gravatar.com\/avatar\/eac43faa6e40bb2c41068c95c9d78bbd94c476d5efdff7abaab80bb3ea681e06?s=96&d=mm&r=g","caption":"stefanie Zeng"},"url":"https:\/\/news.save.ch\/de\/author\/stefanie-zeng\/"}]}},"_links":{"self":[{"href":"https:\/\/news.save.ch\/de\/wp-json\/wp\/v2\/posts\/22915","targetHints":{"allow":["GET"]}}],"collection":[{"href":"https:\/\/news.save.ch\/de\/wp-json\/wp\/v2\/posts"}],"about":[{"href":"https:\/\/news.save.ch\/de\/wp-json\/wp\/v2\/types\/post"}],"author":[{"embeddable":true,"href":"https:\/\/news.save.ch\/de\/wp-json\/wp\/v2\/users\/31"}],"replies":[{"embeddable":true,"href":"https:\/\/news.save.ch\/de\/wp-json\/wp\/v2\/comments?post=22915"}],"version-history":[{"count":2,"href":"https:\/\/news.save.ch\/de\/wp-json\/wp\/v2\/posts\/22915\/revisions"}],"predecessor-version":[{"id":22918,"href":"https:\/\/news.save.ch\/de\/wp-json\/wp\/v2\/posts\/22915\/revisions\/22918"}],"wp:featuredmedia":[{"embeddable":true,"href":"https:\/\/news.save.ch\/de\/wp-json\/wp\/v2\/media\/22916"}],"wp:attachment":[{"href":"https:\/\/news.save.ch\/de\/wp-json\/wp\/v2\/media?parent=22915"}],"wp:term":[{"taxonomy":"category","embeddable":true,"href":"https:\/\/news.save.ch\/de\/wp-json\/wp\/v2\/categories?post=22915"},{"taxonomy":"post_tag","embeddable":true,"href":"https:\/\/news.save.ch\/de\/wp-json\/wp\/v2\/tags?post=22915"}],"curies":[{"name":"wp","href":"https:\/\/api.w.org\/{rel}","templated":true}]}}