{"id":22919,"date":"2024-03-18T16:35:10","date_gmt":"2024-03-18T15:35:10","guid":{"rendered":"https:\/\/news.save.ch\/?p=22919"},"modified":"2024-03-18T16:37:01","modified_gmt":"2024-03-18T15:37:01","slug":"besseres-licht-am-arbeitsplatz","status":null,"type":"post","link":"https:\/\/news.save.ch\/de\/besseres-licht-am-arbeitsplatz\/","title":{"rendered":"Besseres Licht am Arbeitsplatz"},"content":{"rendered":"<figure id=\"attachment_22920\" aria-describedby=\"caption-attachment-22920\" style=\"width: 1200px\" class=\"wp-caption alignnone\"><img loading=\"lazy\" decoding=\"async\" class=\"wp-image-22920 size-full\" src=\"https:\/\/news.save.ch\/wp-content\/uploads\/2024\/03\/24_lf60_06_SIT_Lagerhalle-scaled.jpg\" alt=\"\" width=\"1200\" height=\"800\" srcset=\"https:\/\/news.save.ch\/wp-content\/uploads\/2024\/03\/24_lf60_06_SIT_Lagerhalle-scaled.jpg 1200w, https:\/\/news.save.ch\/wp-content\/uploads\/2024\/03\/24_lf60_06_SIT_Lagerhalle-680x453.jpg 680w, https:\/\/news.save.ch\/wp-content\/uploads\/2024\/03\/24_lf60_06_SIT_Lagerhalle-1024x683.jpg 1024w, https:\/\/news.save.ch\/wp-content\/uploads\/2024\/03\/24_lf60_06_SIT_Lagerhalle-768x512.jpg 768w, https:\/\/news.save.ch\/wp-content\/uploads\/2024\/03\/24_lf60_06_SIT_Lagerhalle-1536x1024.jpg 1536w, https:\/\/news.save.ch\/wp-content\/uploads\/2024\/03\/24_lf60_06_SIT_Lagerhalle-2048x1365.jpg 2048w, https:\/\/news.save.ch\/wp-content\/uploads\/2024\/03\/24_lf60_06_SIT_Lagerhalle-18x12.jpg 18w, https:\/\/news.save.ch\/wp-content\/uploads\/2024\/03\/24_lf60_06_SIT_Lagerhalle-375x250.jpg 375w, https:\/\/news.save.ch\/wp-content\/uploads\/2024\/03\/24_lf60_06_SIT_Lagerhalle-525x350.jpg 525w, https:\/\/news.save.ch\/wp-content\/uploads\/2024\/03\/24_lf60_06_SIT_Lagerhalle-1000x667.jpg 1000w\" sizes=\"auto, (max-width: 1200px) 100vw, 1200px\" \/><figcaption id=\"caption-attachment-22920\" class=\"wp-caption-text\">Foto: licht.de<\/figcaption><\/figure>\n<p>Mit gutem Licht geht die Arbeit leicht von der Hand. Deswegen braucht jeder Arbeitsplatz eine angemessene Beleuchtung. Mehr Licht macht etwa die Produktion an schnelltaktenden Maschinen sicherer, w\u00e4hrend Verkehrswege in einem Geb\u00e4ude mit weit weniger auskommen. Diese und weitere Anforderungen an die Arbeitsst\u00e4ttenbeleuchtung nennt DIN EN 12464-1 <span style=\"font-size: 12pt;\">\u00ab<\/span><span style=\"font-size: 12pt;\">Beleuchtung von Arbeitsst\u00e4tten \u2013 Teil 1: Arbeitsst\u00e4tten in Innenr\u00e4umen<\/span><span style=\"font-size: 12pt;\">\u00bb<\/span>. Sie ist im November 2021 erschienen und eine der am meisten genutzten Normen in Europa.<\/p>\n<p>Unter anderem legt sie die n\u00f6tigen Mindestwerte f\u00fcr Helligkeit und Farbwiedergabe bei unterschiedlichen T\u00e4tigkeiten fest \u2013 von der Formwerkstatt im Automobilbau \u00fcber Verkaufsfl\u00e4chen bis zum B\u00fcroarbeitsplatz. Die Brancheninitiative licht.de hat in Zusammenarbeit mit der Deutschen Gesellschaft f\u00fcr LichtTechnik und LichtGestaltung (LiTG) einen Leitfaden herausgebracht, der erg\u00e4nzende Hinweise liefert, wie Architekten und Lichtplanende die Norm bei der Lichtplanung f\u00fcr Arbeitspl\u00e4tze praktisch anwenden k\u00f6nnen.<\/p>\n<h3>Hilfreiche Hinweise in der neuen Brosch\u00fcre licht.forum 60<\/h3>\n<p>Die Fachpublikation licht.forum 60 <span style=\"font-size: 12pt;\">\u00ab<\/span>Leitfaden DIN EN 12464-1:2021-11 Beleuchtung von Arbeitsst\u00e4tten in Innenr\u00e4umen<span style=\"font-size: 12pt;\">\u00bb<\/span> gibt Tipps, wie Norm und die zugeh\u00f6rigen Tabellen zu lesen sind. Auch der Umgang mit Kontextmodifikatoren wird erkl\u00e4rt: Das sind Stufen zur Erh\u00f6hung des Wartungswertes der Beleuchtungsst\u00e4rke, die immer dann angesetzt werden, wenn bestimmte Gr\u00fcnde vorliegen. Ein solcher Grund ist zum Beispiel, dass \u00e4ltere Mitarbeitende mehr Licht zur Erledigung ihrer T\u00e4tigkeiten brauchen.<\/p>\n<p>Ein Kapitel widmet sich dem wichtigen Thema Blendung. Es erl\u00e4utert, wie Direktblendung nach dem UGR-Verfahren bewertet wird, und beantwortet h\u00e4ufige Fragen aus der Praxis. Der Comic <span style=\"font-size: 12pt;\">\u00ab<\/span>So macht\u00b4s Planer Pit<span style=\"font-size: 12pt;\">\u00bb<\/span> lockert die Fachpublikation auf und beschreibt beispielhaft den Ablauf einer Lichtplanung. Zus\u00e4tzliche Informationen zu visuellen und nichtvisuellen Wirkungen des Lichts runden den neuen Leitfaden ab.<\/p>\n<p>Zudem wird kompakt dargestellt, was sich in DIN EN 12464-1 ge\u00e4ndert hat. Im Anhang des Leitfadens \u00fcbersichtlich in einer Tabelle zusammengefasst sind alle angepassten Werte hinsichtlich der Beleuchtungsst\u00e4rke. Eine weitere Tabelle zeigt neue Anwendungen. Abweichungen zwischen Norm und Technischen Regeln f\u00fcr Arbeitsst\u00e4tten ASR A3.4 thematisiert ein eigener Beitrag.<\/p>\n<p><img loading=\"lazy\" decoding=\"async\" class=\"alignleft wp-image-22921\" src=\"https:\/\/news.save.ch\/wp-content\/uploads\/2024\/03\/2403_lf60_Titel-680x963.jpg\" alt=\"\" width=\"300\" height=\"425\" srcset=\"https:\/\/news.save.ch\/wp-content\/uploads\/2024\/03\/2403_lf60_Titel-680x963.jpg 680w, https:\/\/news.save.ch\/wp-content\/uploads\/2024\/03\/2403_lf60_Titel-723x1024.jpg 723w, https:\/\/news.save.ch\/wp-content\/uploads\/2024\/03\/2403_lf60_Titel-768x1087.jpg 768w, https:\/\/news.save.ch\/wp-content\/uploads\/2024\/03\/2403_lf60_Titel-1085x1536.jpg 1085w, https:\/\/news.save.ch\/wp-content\/uploads\/2024\/03\/2403_lf60_Titel-1446x2048.jpg 1446w, https:\/\/news.save.ch\/wp-content\/uploads\/2024\/03\/2403_lf60_Titel-8x12.jpg 8w, https:\/\/news.save.ch\/wp-content\/uploads\/2024\/03\/2403_lf60_Titel-212x300.jpg 212w, https:\/\/news.save.ch\/wp-content\/uploads\/2024\/03\/2403_lf60_Titel-247x350.jpg 247w, https:\/\/news.save.ch\/wp-content\/uploads\/2024\/03\/2403_lf60_Titel-565x800.jpg 565w, https:\/\/news.save.ch\/wp-content\/uploads\/2024\/03\/2403_lf60_Titel-scaled.jpg 848w\" sizes=\"auto, (max-width: 300px) 100vw, 300px\" \/><\/p>\n<p>Das Heft licht.forum 60 kann unter folgendem Link kostenfrei als PDF heruntergeladen werden: <a href=\"http:\/\/www.licht.de\/lichtforum60\" target=\"_blank\" rel=\"noopener\">www.licht.de\/lichtforum60<\/a><\/p>\n<p>&nbsp;<\/p>\n<p>&nbsp;<\/p>\n<p>&nbsp;<\/p>\n<p>&nbsp;<\/p>\n<p>&nbsp;<\/p>\n<p>&nbsp;<\/p>\n<p>&nbsp;<\/p>\n<p>&nbsp;<\/p>\n<p>&nbsp;<\/p>\n<p>&nbsp;<\/p>\n<p>&nbsp;<\/p>\n<p><em>Quelle: licht.de<\/em><\/p>\n","protected":false},"excerpt":{"rendered":"<p>Mit gutem Licht geht die Arbeit leicht von der Hand. Deswegen braucht jeder Arbeitsplatz eine angemessene Beleuchtung. Mehr Licht macht etwa die Produktion an schnelltaktenden Maschinen sicherer, w\u00e4hrend Verkehrswege in einem Geb\u00e4ude mit weit weniger auskommen. Diese und weitere Anforderungen an die Arbeitsst\u00e4ttenbeleuchtung nennt DIN EN 12464-1 \u00abBeleuchtung von Arbeitsst\u00e4tten \u2013 Teil 1: Arbeitsst\u00e4tten in [&hellip;]<\/p>\n","protected":false},"author":31,"featured_media":0,"comment_status":"closed","ping_status":"closed","sticky":false,"template":"","format":"standard","meta":{"_acf_changed":false,"pgc_sgb_lightbox_settings":"","footnotes":""},"categories":[3314],"tags":[5237,4745,3654],"class_list":["post-22919","post","type-post","status-publish","format-standard","hentry","category-health-safety","tag-arbeitsplatzbeleuchtung","tag-din-en-12464-1","tag-lichtbedarf"],"acf":[],"hkrextid":null,"publication":null,"issue":null,"workflow":null,"startPage":null,"spitzmarke":null,"_posts_by_tag_page_fields":null,"_at_widget":null,"_yoast_wpseo_primary_category":"3314","_yoast_wpseo_focuskw_text_input":null,"_yoast_wpseo_opengraph-image":null,"_yoast_wpseo_opengraph-description":null,"_yoast_wpseo_opengraph-title":null,"enclosure":null,"_yoast_wpseo_twitter-title":null,"_yoast_wpseo_twitter-description":null,"_yoast_wpseo_twitter-image":null,"_wp_old_slug":null,"_yoast_wpseo_title":null,"_yoast_wpseo_canonical":null,"yoast_head":"<!-- This site is optimized with the Yoast SEO plugin v27.5 - https:\/\/yoast.com\/product\/yoast-seo-wordpress\/ -->\n<title>Besseres Licht am Arbeitsplatz - Save<\/title>\n<meta name=\"description\" content=\"Ein neuer Leitfaden soll die t\u00e4gliche Arbeit mit der Norm DIN EN 12464-1 zur Beleuchtung von Arbeitspl\u00e4tzen einfacher machen.\" \/>\n<meta name=\"robots\" content=\"index, follow, max-snippet:-1, max-image-preview:large, max-video-preview:-1\" \/>\n<link rel=\"canonical\" href=\"https:\/\/news.save.ch\/de\/besseres-licht-am-arbeitsplatz\/\" \/>\n<meta property=\"og:locale\" content=\"de_DE\" \/>\n<meta property=\"og:type\" content=\"article\" \/>\n<meta property=\"og:title\" content=\"Besseres Licht am Arbeitsplatz - Save\" \/>\n<meta property=\"og:description\" content=\"Ein neuer Leitfaden soll die t\u00e4gliche Arbeit mit der Norm DIN EN 12464-1 zur Beleuchtung von Arbeitspl\u00e4tzen einfacher machen.\" \/>\n<meta property=\"og:url\" content=\"https:\/\/news.save.ch\/de\/besseres-licht-am-arbeitsplatz\/\" \/>\n<meta property=\"og:site_name\" content=\"Save\" \/>\n<meta property=\"article:published_time\" content=\"2024-03-18T15:35:10+00:00\" \/>\n<meta property=\"article:modified_time\" content=\"2024-03-18T15:37:01+00:00\" \/>\n<meta property=\"og:image\" content=\"https:\/\/news.save.ch\/wp-content\/uploads\/2024\/03\/24_lf60_06_SIT_Lagerhalle-scaled.jpg\" \/>\n<meta name=\"author\" content=\"stefanie Zeng\" \/>\n<meta name=\"twitter:card\" content=\"summary_large_image\" \/>\n<meta name=\"twitter:label1\" content=\"Geschrieben von\" \/>\n\t<meta name=\"twitter:data1\" content=\"stefanie Zeng\" \/>\n\t<meta name=\"twitter:label2\" content=\"Gesch\u00e4tzte Lesezeit\" \/>\n\t<meta name=\"twitter:data2\" content=\"3\u00a0Minuten\" \/>\n<script type=\"application\/ld+json\" class=\"yoast-schema-graph\">{\"@context\":\"https:\\\/\\\/schema.org\",\"@graph\":[{\"@type\":\"Article\",\"@id\":\"https:\\\/\\\/news.save.ch\\\/besseres-licht-am-arbeitsplatz\\\/#article\",\"isPartOf\":{\"@id\":\"https:\\\/\\\/news.save.ch\\\/besseres-licht-am-arbeitsplatz\\\/\"},\"author\":{\"name\":\"stefanie Zeng\",\"@id\":\"https:\\\/\\\/news.save.ch\\\/de\\\/#\\\/schema\\\/person\\\/10917387362b3961e882740f6cf6f2a2\"},\"headline\":\"Besseres Licht am Arbeitsplatz\",\"datePublished\":\"2024-03-18T15:35:10+00:00\",\"dateModified\":\"2024-03-18T15:37:01+00:00\",\"mainEntityOfPage\":{\"@id\":\"https:\\\/\\\/news.save.ch\\\/besseres-licht-am-arbeitsplatz\\\/\"},\"wordCount\":385,\"publisher\":{\"@id\":\"https:\\\/\\\/news.save.ch\\\/de\\\/#organization\"},\"image\":{\"@id\":\"https:\\\/\\\/news.save.ch\\\/besseres-licht-am-arbeitsplatz\\\/#primaryimage\"},\"thumbnailUrl\":\"https:\\\/\\\/news.save.ch\\\/wp-content\\\/uploads\\\/2024\\\/03\\\/24_lf60_06_SIT_Lagerhalle-scaled.jpg\",\"keywords\":[\"Arbeitsplatzbeleuchtung\",\"DIN EN 12464-1\",\"Lichtbedarf\"],\"articleSection\":[\"HEALTH &amp; SAFETY\"],\"inLanguage\":\"de\"},{\"@type\":\"WebPage\",\"@id\":\"https:\\\/\\\/news.save.ch\\\/besseres-licht-am-arbeitsplatz\\\/\",\"url\":\"https:\\\/\\\/news.save.ch\\\/besseres-licht-am-arbeitsplatz\\\/\",\"name\":\"Besseres Licht am Arbeitsplatz - Save\",\"isPartOf\":{\"@id\":\"https:\\\/\\\/news.save.ch\\\/de\\\/#website\"},\"primaryImageOfPage\":{\"@id\":\"https:\\\/\\\/news.save.ch\\\/besseres-licht-am-arbeitsplatz\\\/#primaryimage\"},\"image\":{\"@id\":\"https:\\\/\\\/news.save.ch\\\/besseres-licht-am-arbeitsplatz\\\/#primaryimage\"},\"thumbnailUrl\":\"https:\\\/\\\/news.save.ch\\\/wp-content\\\/uploads\\\/2024\\\/03\\\/24_lf60_06_SIT_Lagerhalle-scaled.jpg\",\"datePublished\":\"2024-03-18T15:35:10+00:00\",\"dateModified\":\"2024-03-18T15:37:01+00:00\",\"description\":\"Ein neuer Leitfaden soll die t\u00e4gliche Arbeit mit der Norm DIN EN 12464-1 zur Beleuchtung von Arbeitspl\u00e4tzen einfacher machen.\",\"breadcrumb\":{\"@id\":\"https:\\\/\\\/news.save.ch\\\/besseres-licht-am-arbeitsplatz\\\/#breadcrumb\"},\"inLanguage\":\"de\",\"potentialAction\":[{\"@type\":\"ReadAction\",\"target\":[\"https:\\\/\\\/news.save.ch\\\/besseres-licht-am-arbeitsplatz\\\/\"]}]},{\"@type\":\"ImageObject\",\"inLanguage\":\"de\",\"@id\":\"https:\\\/\\\/news.save.ch\\\/besseres-licht-am-arbeitsplatz\\\/#primaryimage\",\"url\":\"https:\\\/\\\/news.save.ch\\\/wp-content\\\/uploads\\\/2024\\\/03\\\/24_lf60_06_SIT_Lagerhalle-scaled.jpg\",\"contentUrl\":\"https:\\\/\\\/news.save.ch\\\/wp-content\\\/uploads\\\/2024\\\/03\\\/24_lf60_06_SIT_Lagerhalle-scaled.jpg\"},{\"@type\":\"BreadcrumbList\",\"@id\":\"https:\\\/\\\/news.save.ch\\\/besseres-licht-am-arbeitsplatz\\\/#breadcrumb\",\"itemListElement\":[{\"@type\":\"ListItem\",\"position\":1,\"name\":\"Home\",\"item\":\"https:\\\/\\\/news.save.ch\\\/de\\\/\"},{\"@type\":\"ListItem\",\"position\":2,\"name\":\"Besseres Licht am Arbeitsplatz\"}]},{\"@type\":\"WebSite\",\"@id\":\"https:\\\/\\\/news.save.ch\\\/de\\\/#website\",\"url\":\"https:\\\/\\\/news.save.ch\\\/de\\\/\",\"name\":\"Save\",\"description\":\"Schweizer Fachzeitschrift f\u00fcr Sicherheit\",\"publisher\":{\"@id\":\"https:\\\/\\\/news.save.ch\\\/de\\\/#organization\"},\"potentialAction\":[{\"@type\":\"SearchAction\",\"target\":{\"@type\":\"EntryPoint\",\"urlTemplate\":\"https:\\\/\\\/news.save.ch\\\/de\\\/?s={search_term_string}\"},\"query-input\":{\"@type\":\"PropertyValueSpecification\",\"valueRequired\":true,\"valueName\":\"search_term_string\"}}],\"inLanguage\":\"de\"},{\"@type\":\"Organization\",\"@id\":\"https:\\\/\\\/news.save.ch\\\/de\\\/#organization\",\"name\":\"Sicherheitsforum\",\"url\":\"https:\\\/\\\/news.save.ch\\\/de\\\/\",\"logo\":{\"@type\":\"ImageObject\",\"inLanguage\":\"de\",\"@id\":\"https:\\\/\\\/news.save.ch\\\/de\\\/#\\\/schema\\\/logo\\\/image\\\/\",\"url\":\"https:\\\/\\\/news.save.ch\\\/wp-content\\\/uploads\\\/2022\\\/06\\\/Logo_SF_2012.png\",\"contentUrl\":\"https:\\\/\\\/news.save.ch\\\/wp-content\\\/uploads\\\/2022\\\/06\\\/Logo_SF_2012.png\",\"width\":1100,\"height\":91,\"caption\":\"Sicherheitsforum\"},\"image\":{\"@id\":\"https:\\\/\\\/news.save.ch\\\/de\\\/#\\\/schema\\\/logo\\\/image\\\/\"}},{\"@type\":\"Person\",\"@id\":\"https:\\\/\\\/news.save.ch\\\/de\\\/#\\\/schema\\\/person\\\/10917387362b3961e882740f6cf6f2a2\",\"name\":\"stefanie Zeng\",\"image\":{\"@type\":\"ImageObject\",\"inLanguage\":\"de\",\"@id\":\"https:\\\/\\\/secure.gravatar.com\\\/avatar\\\/eac43faa6e40bb2c41068c95c9d78bbd94c476d5efdff7abaab80bb3ea681e06?s=96&d=mm&r=g\",\"url\":\"https:\\\/\\\/secure.gravatar.com\\\/avatar\\\/eac43faa6e40bb2c41068c95c9d78bbd94c476d5efdff7abaab80bb3ea681e06?s=96&d=mm&r=g\",\"contentUrl\":\"https:\\\/\\\/secure.gravatar.com\\\/avatar\\\/eac43faa6e40bb2c41068c95c9d78bbd94c476d5efdff7abaab80bb3ea681e06?s=96&d=mm&r=g\",\"caption\":\"stefanie Zeng\"},\"url\":\"https:\\\/\\\/news.save.ch\\\/de\\\/author\\\/stefanie-zeng\\\/\"}]}<\/script>\n<!-- \/ Yoast SEO plugin. -->","yoast_head_json":{"title":"Besseres Licht am Arbeitsplatz - Save","description":"Ein neuer Leitfaden soll die t\u00e4gliche Arbeit mit der Norm DIN EN 12464-1 zur Beleuchtung von Arbeitspl\u00e4tzen einfacher machen.","robots":{"index":"index","follow":"follow","max-snippet":"max-snippet:-1","max-image-preview":"max-image-preview:large","max-video-preview":"max-video-preview:-1"},"canonical":"https:\/\/news.save.ch\/de\/besseres-licht-am-arbeitsplatz\/","og_locale":"de_DE","og_type":"article","og_title":"Besseres Licht am Arbeitsplatz - Save","og_description":"Ein neuer Leitfaden soll die t\u00e4gliche Arbeit mit der Norm DIN EN 12464-1 zur Beleuchtung von Arbeitspl\u00e4tzen einfacher machen.","og_url":"https:\/\/news.save.ch\/de\/besseres-licht-am-arbeitsplatz\/","og_site_name":"Save","article_published_time":"2024-03-18T15:35:10+00:00","article_modified_time":"2024-03-18T15:37:01+00:00","og_image":[{"url":"https:\/\/news.save.ch\/wp-content\/uploads\/2024\/03\/24_lf60_06_SIT_Lagerhalle-scaled.jpg","type":"","width":"","height":""}],"author":"stefanie Zeng","twitter_card":"summary_large_image","twitter_misc":{"Geschrieben von":"stefanie Zeng","Gesch\u00e4tzte Lesezeit":"3\u00a0Minuten"},"schema":{"@context":"https:\/\/schema.org","@graph":[{"@type":"Article","@id":"https:\/\/news.save.ch\/besseres-licht-am-arbeitsplatz\/#article","isPartOf":{"@id":"https:\/\/news.save.ch\/besseres-licht-am-arbeitsplatz\/"},"author":{"name":"stefanie Zeng","@id":"https:\/\/news.save.ch\/de\/#\/schema\/person\/10917387362b3961e882740f6cf6f2a2"},"headline":"Besseres Licht am Arbeitsplatz","datePublished":"2024-03-18T15:35:10+00:00","dateModified":"2024-03-18T15:37:01+00:00","mainEntityOfPage":{"@id":"https:\/\/news.save.ch\/besseres-licht-am-arbeitsplatz\/"},"wordCount":385,"publisher":{"@id":"https:\/\/news.save.ch\/de\/#organization"},"image":{"@id":"https:\/\/news.save.ch\/besseres-licht-am-arbeitsplatz\/#primaryimage"},"thumbnailUrl":"https:\/\/news.save.ch\/wp-content\/uploads\/2024\/03\/24_lf60_06_SIT_Lagerhalle-scaled.jpg","keywords":["Arbeitsplatzbeleuchtung","DIN EN 12464-1","Lichtbedarf"],"articleSection":["HEALTH &amp; SAFETY"],"inLanguage":"de"},{"@type":"WebPage","@id":"https:\/\/news.save.ch\/besseres-licht-am-arbeitsplatz\/","url":"https:\/\/news.save.ch\/besseres-licht-am-arbeitsplatz\/","name":"Besseres Licht am Arbeitsplatz - Save","isPartOf":{"@id":"https:\/\/news.save.ch\/de\/#website"},"primaryImageOfPage":{"@id":"https:\/\/news.save.ch\/besseres-licht-am-arbeitsplatz\/#primaryimage"},"image":{"@id":"https:\/\/news.save.ch\/besseres-licht-am-arbeitsplatz\/#primaryimage"},"thumbnailUrl":"https:\/\/news.save.ch\/wp-content\/uploads\/2024\/03\/24_lf60_06_SIT_Lagerhalle-scaled.jpg","datePublished":"2024-03-18T15:35:10+00:00","dateModified":"2024-03-18T15:37:01+00:00","description":"Ein neuer Leitfaden soll die t\u00e4gliche Arbeit mit der Norm DIN EN 12464-1 zur Beleuchtung von Arbeitspl\u00e4tzen einfacher machen.","breadcrumb":{"@id":"https:\/\/news.save.ch\/besseres-licht-am-arbeitsplatz\/#breadcrumb"},"inLanguage":"de","potentialAction":[{"@type":"ReadAction","target":["https:\/\/news.save.ch\/besseres-licht-am-arbeitsplatz\/"]}]},{"@type":"ImageObject","inLanguage":"de","@id":"https:\/\/news.save.ch\/besseres-licht-am-arbeitsplatz\/#primaryimage","url":"https:\/\/news.save.ch\/wp-content\/uploads\/2024\/03\/24_lf60_06_SIT_Lagerhalle-scaled.jpg","contentUrl":"https:\/\/news.save.ch\/wp-content\/uploads\/2024\/03\/24_lf60_06_SIT_Lagerhalle-scaled.jpg"},{"@type":"BreadcrumbList","@id":"https:\/\/news.save.ch\/besseres-licht-am-arbeitsplatz\/#breadcrumb","itemListElement":[{"@type":"ListItem","position":1,"name":"Home","item":"https:\/\/news.save.ch\/de\/"},{"@type":"ListItem","position":2,"name":"Besseres Licht am Arbeitsplatz"}]},{"@type":"WebSite","@id":"https:\/\/news.save.ch\/de\/#website","url":"https:\/\/news.save.ch\/de\/","name":"Save","description":"Schweizer Fachzeitschrift f\u00fcr Sicherheit","publisher":{"@id":"https:\/\/news.save.ch\/de\/#organization"},"potentialAction":[{"@type":"SearchAction","target":{"@type":"EntryPoint","urlTemplate":"https:\/\/news.save.ch\/de\/?s={search_term_string}"},"query-input":{"@type":"PropertyValueSpecification","valueRequired":true,"valueName":"search_term_string"}}],"inLanguage":"de"},{"@type":"Organization","@id":"https:\/\/news.save.ch\/de\/#organization","name":"Sicherheitsforum","url":"https:\/\/news.save.ch\/de\/","logo":{"@type":"ImageObject","inLanguage":"de","@id":"https:\/\/news.save.ch\/de\/#\/schema\/logo\/image\/","url":"https:\/\/news.save.ch\/wp-content\/uploads\/2022\/06\/Logo_SF_2012.png","contentUrl":"https:\/\/news.save.ch\/wp-content\/uploads\/2022\/06\/Logo_SF_2012.png","width":1100,"height":91,"caption":"Sicherheitsforum"},"image":{"@id":"https:\/\/news.save.ch\/de\/#\/schema\/logo\/image\/"}},{"@type":"Person","@id":"https:\/\/news.save.ch\/de\/#\/schema\/person\/10917387362b3961e882740f6cf6f2a2","name":"stefanie Zeng","image":{"@type":"ImageObject","inLanguage":"de","@id":"https:\/\/secure.gravatar.com\/avatar\/eac43faa6e40bb2c41068c95c9d78bbd94c476d5efdff7abaab80bb3ea681e06?s=96&d=mm&r=g","url":"https:\/\/secure.gravatar.com\/avatar\/eac43faa6e40bb2c41068c95c9d78bbd94c476d5efdff7abaab80bb3ea681e06?s=96&d=mm&r=g","contentUrl":"https:\/\/secure.gravatar.com\/avatar\/eac43faa6e40bb2c41068c95c9d78bbd94c476d5efdff7abaab80bb3ea681e06?s=96&d=mm&r=g","caption":"stefanie Zeng"},"url":"https:\/\/news.save.ch\/de\/author\/stefanie-zeng\/"}]}},"_links":{"self":[{"href":"https:\/\/news.save.ch\/de\/wp-json\/wp\/v2\/posts\/22919","targetHints":{"allow":["GET"]}}],"collection":[{"href":"https:\/\/news.save.ch\/de\/wp-json\/wp\/v2\/posts"}],"about":[{"href":"https:\/\/news.save.ch\/de\/wp-json\/wp\/v2\/types\/post"}],"author":[{"embeddable":true,"href":"https:\/\/news.save.ch\/de\/wp-json\/wp\/v2\/users\/31"}],"replies":[{"embeddable":true,"href":"https:\/\/news.save.ch\/de\/wp-json\/wp\/v2\/comments?post=22919"}],"version-history":[{"count":4,"href":"https:\/\/news.save.ch\/de\/wp-json\/wp\/v2\/posts\/22919\/revisions"}],"predecessor-version":[{"id":22925,"href":"https:\/\/news.save.ch\/de\/wp-json\/wp\/v2\/posts\/22919\/revisions\/22925"}],"wp:attachment":[{"href":"https:\/\/news.save.ch\/de\/wp-json\/wp\/v2\/media?parent=22919"}],"wp:term":[{"taxonomy":"category","embeddable":true,"href":"https:\/\/news.save.ch\/de\/wp-json\/wp\/v2\/categories?post=22919"},{"taxonomy":"post_tag","embeddable":true,"href":"https:\/\/news.save.ch\/de\/wp-json\/wp\/v2\/tags?post=22919"}],"curies":[{"name":"wp","href":"https:\/\/api.w.org\/{rel}","templated":true}]}}