{"id":230,"date":"2015-04-30T10:26:34","date_gmt":"2015-04-30T08:26:34","guid":{"rendered":"http:\/\/dev.safety-plus.ch\/?p=230"},"modified":"2023-03-14T09:03:07","modified_gmt":"2023-03-14T08:03:07","slug":"neues-epidemiengesetz-kein-impfzwang","status":null,"type":"post","link":"https:\/\/news.save.ch\/de\/neues-epidemiengesetz-kein-impfzwang\/","title":{"rendered":"Neues Epidemiengesetz: Kein Impfzwang"},"content":{"rendered":"<figure id=\"attachment_231\" aria-describedby=\"caption-attachment-231\" style=\"width: 680px\" class=\"wp-caption alignnone\"><img loading=\"lazy\" decoding=\"async\" class=\"wp-image-231 size-medium\" src=\"http:\/\/develop.safety-plus.ch\/wp-content\/uploads\/2016\/12\/Neues-Epidemiengesetz-Kein-Impfzwang_safety-plus.jpeg\" alt=\"Mit dem Epidemiengesetz k\u00f6nnen \u00fcbertragbare Krankheiten besser bek\u00e4mpft werden.\" width=\"680\" height=\"474\" \/><figcaption id=\"caption-attachment-231\" class=\"wp-caption-text\">Mit dem Epidemiengesetz k\u00f6nnen \u00fcbertragbare Krankheiten besser bek\u00e4mpft werden.<\/figcaption><\/figure>\n<p>Die Epidemienverordnung beschreibt die gesetzlichen Bestimmungen zur Bek\u00e4mpfung \u00fcbertragbarer Krankheiten des Menschen. Die Verordnung \u00fcber mikrobiologische Laboratorien legt die Voraussetzungen und das Verfahren fest, um eine Bewilligung f\u00fcr den Betrieb solcher Laboratorien zu erhalten. Die Anh\u00f6rung zu den Verordnungen dauerte von Juli bis Oktober 2014. Die Stellungnahmen sind in einem Anh\u00f6rungsbericht zusammengefasst.<\/p>\n<p>60 % der Stimmenden haben der Revision des Epidemiengesetzes im September 2013 zugestimmt. Die Zust\u00e4ndigkeiten von Bund und Kantonen sind k\u00fcnftig genauer geregelt. Der Bund erh\u00e4lt eine st\u00e4rkere Rolle bei der F\u00fchrung, der Zielfestlegung, der Aufsicht und der Koordination, w\u00e4hrend die Kantone f\u00fcr den Vollzug zust\u00e4ndig bleiben. Dadurch k\u00f6nnen Krisensituationen effizienter vorbereitet und besser bew\u00e4ltigt werden. Zudem lassen sich Epidemien wirksamer bek\u00e4mpfen.<\/p>\n<p>Das neue Gesetz schafft auch die Voraussetzungen, um schweizweit einheitliche, effiziente Massnahmen zur Verh\u00fctung, \u00dcberwachung und Bek\u00e4mpfung von Antibiotikaresistenzen sowie Infektionen in Spit\u00e4lern und Pflegeheimen zu ergreifen. Einen Impfzwang sieht es nicht vor.<\/p>\n","protected":false},"excerpt":{"rendered":"<p>Die Epidemienverordnung beschreibt die gesetzlichen Bestimmungen zur Bek\u00e4mpfung \u00fcbertragbarer Krankheiten des Menschen. Die Verordnung \u00fcber mikrobiologische Laboratorien legt die Voraussetzungen und das Verfahren fest, um eine Bewilligung f\u00fcr den Betrieb solcher Laboratorien zu erhalten. Die Anh\u00f6rung zu den Verordnungen dauerte von Juli bis Oktober 2014. Die Stellungnahmen sind in einem Anh\u00f6rungsbericht zusammengefasst. 60 % der [&hellip;]<\/p>\n","protected":false},"author":1,"featured_media":15987,"comment_status":"open","ping_status":"open","sticky":false,"template":"","format":"standard","meta":{"_acf_changed":false,"pgc_sgb_lightbox_settings":"","footnotes":""},"categories":[3314],"tags":[149,146],"class_list":["post-230","post","type-post","status-publish","format-standard","has-post-thumbnail","hentry","category-health-safety","tag-gesundheitsschutz","tag-medikamente"],"acf":[],"hkrextid":null,"publication":null,"issue":null,"workflow":null,"startPage":null,"spitzmarke":null,"_posts_by_tag_page_fields":{"widget_title":"","widget_tags":""},"_at_widget":"1","_yoast_wpseo_primary_category":"4","_yoast_wpseo_focuskw_text_input":"Epidemiengesetz","_yoast_wpseo_opengraph-image":null,"_yoast_wpseo_opengraph-description":null,"_yoast_wpseo_opengraph-title":null,"enclosure":null,"_yoast_wpseo_twitter-title":null,"_yoast_wpseo_twitter-description":null,"_yoast_wpseo_twitter-image":null,"_wp_old_slug":null,"_yoast_wpseo_title":null,"_yoast_wpseo_canonical":null,"yoast_head":"<!-- This site is optimized with the Yoast SEO plugin v27.4 - https:\/\/yoast.com\/product\/yoast-seo-wordpress\/ -->\n<title>Neues Epidemiengesetz: Kein Impfzwang - Save<\/title>\n<meta name=\"description\" content=\"Der Bundesrat beschliesst die Inkraftsetzung des Epidemiengesetzes per 1. Januar 2016. Einen Impfzwang sieht das Gesetz nicht vor.\" \/>\n<meta name=\"robots\" content=\"index, follow, max-snippet:-1, max-image-preview:large, max-video-preview:-1\" \/>\n<link rel=\"canonical\" href=\"https:\/\/news.save.ch\/de\/neues-epidemiengesetz-kein-impfzwang\/\" \/>\n<meta property=\"og:locale\" content=\"de_DE\" \/>\n<meta property=\"og:type\" content=\"article\" \/>\n<meta property=\"og:title\" content=\"Neues Epidemiengesetz: Kein Impfzwang - Save\" \/>\n<meta property=\"og:description\" content=\"Der Bundesrat beschliesst die Inkraftsetzung des Epidemiengesetzes per 1. Januar 2016. Einen Impfzwang sieht das Gesetz nicht vor.\" \/>\n<meta property=\"og:url\" content=\"https:\/\/news.save.ch\/de\/neues-epidemiengesetz-kein-impfzwang\/\" \/>\n<meta property=\"og:site_name\" content=\"Save\" \/>\n<meta property=\"article:published_time\" content=\"2015-04-30T08:26:34+00:00\" \/>\n<meta property=\"article:modified_time\" content=\"2023-03-14T08:03:07+00:00\" \/>\n<meta property=\"og:image\" content=\"https:\/\/news.save.ch\/wp-content\/uploads\/2016\/12\/Neues-Epidemiengesetz-Kein-Impfzwang_safety-plus-scaled-1.jpeg\" \/>\n\t<meta property=\"og:image:width\" content=\"1200\" \/>\n\t<meta property=\"og:image:height\" content=\"836\" \/>\n\t<meta property=\"og:image:type\" content=\"image\/jpeg\" \/>\n<meta name=\"author\" content=\"admin\" \/>\n<meta name=\"twitter:card\" content=\"summary_large_image\" \/>\n<meta name=\"twitter:label1\" content=\"Geschrieben von\" \/>\n\t<meta name=\"twitter:data1\" content=\"admin\" \/>\n\t<meta name=\"twitter:label2\" content=\"Gesch\u00e4tzte Lesezeit\" \/>\n\t<meta name=\"twitter:data2\" content=\"1\u00a0Minute\" \/>\n<script type=\"application\/ld+json\" class=\"yoast-schema-graph\">{\"@context\":\"https:\\\/\\\/schema.org\",\"@graph\":[{\"@type\":\"Article\",\"@id\":\"https:\\\/\\\/news.save.ch\\\/neues-epidemiengesetz-kein-impfzwang\\\/#article\",\"isPartOf\":{\"@id\":\"https:\\\/\\\/news.save.ch\\\/neues-epidemiengesetz-kein-impfzwang\\\/\"},\"author\":{\"name\":\"admin\",\"@id\":\"https:\\\/\\\/news.save.ch\\\/de\\\/#\\\/schema\\\/person\\\/d49e199490bad7c70d64b9ab51142f2b\"},\"headline\":\"Neues Epidemiengesetz: Kein Impfzwang\",\"datePublished\":\"2015-04-30T08:26:34+00:00\",\"dateModified\":\"2023-03-14T08:03:07+00:00\",\"mainEntityOfPage\":{\"@id\":\"https:\\\/\\\/news.save.ch\\\/neues-epidemiengesetz-kein-impfzwang\\\/\"},\"wordCount\":183,\"commentCount\":0,\"publisher\":{\"@id\":\"https:\\\/\\\/news.save.ch\\\/de\\\/#organization\"},\"image\":{\"@id\":\"https:\\\/\\\/news.save.ch\\\/neues-epidemiengesetz-kein-impfzwang\\\/#primaryimage\"},\"thumbnailUrl\":\"https:\\\/\\\/news.save.ch\\\/wp-content\\\/uploads\\\/2016\\\/12\\\/Neues-Epidemiengesetz-Kein-Impfzwang_safety-plus-scaled-1.jpeg\",\"keywords\":[\"Gesundheitsschutz\",\"Medikamente\"],\"articleSection\":[\"HEALTH &amp; SAFETY\"],\"inLanguage\":\"de\"},{\"@type\":\"WebPage\",\"@id\":\"https:\\\/\\\/news.save.ch\\\/neues-epidemiengesetz-kein-impfzwang\\\/\",\"url\":\"https:\\\/\\\/news.save.ch\\\/neues-epidemiengesetz-kein-impfzwang\\\/\",\"name\":\"Neues Epidemiengesetz: Kein Impfzwang - Save\",\"isPartOf\":{\"@id\":\"https:\\\/\\\/news.save.ch\\\/de\\\/#website\"},\"primaryImageOfPage\":{\"@id\":\"https:\\\/\\\/news.save.ch\\\/neues-epidemiengesetz-kein-impfzwang\\\/#primaryimage\"},\"image\":{\"@id\":\"https:\\\/\\\/news.save.ch\\\/neues-epidemiengesetz-kein-impfzwang\\\/#primaryimage\"},\"thumbnailUrl\":\"https:\\\/\\\/news.save.ch\\\/wp-content\\\/uploads\\\/2016\\\/12\\\/Neues-Epidemiengesetz-Kein-Impfzwang_safety-plus-scaled-1.jpeg\",\"datePublished\":\"2015-04-30T08:26:34+00:00\",\"dateModified\":\"2023-03-14T08:03:07+00:00\",\"description\":\"Der Bundesrat beschliesst die Inkraftsetzung des Epidemiengesetzes per 1. Januar 2016. Einen Impfzwang sieht das Gesetz nicht vor.\",\"breadcrumb\":{\"@id\":\"https:\\\/\\\/news.save.ch\\\/neues-epidemiengesetz-kein-impfzwang\\\/#breadcrumb\"},\"inLanguage\":\"de\",\"potentialAction\":[{\"@type\":\"ReadAction\",\"target\":[\"https:\\\/\\\/news.save.ch\\\/neues-epidemiengesetz-kein-impfzwang\\\/\"]}]},{\"@type\":\"ImageObject\",\"inLanguage\":\"de\",\"@id\":\"https:\\\/\\\/news.save.ch\\\/neues-epidemiengesetz-kein-impfzwang\\\/#primaryimage\",\"url\":\"https:\\\/\\\/news.save.ch\\\/wp-content\\\/uploads\\\/2016\\\/12\\\/Neues-Epidemiengesetz-Kein-Impfzwang_safety-plus-scaled-1.jpeg\",\"contentUrl\":\"https:\\\/\\\/news.save.ch\\\/wp-content\\\/uploads\\\/2016\\\/12\\\/Neues-Epidemiengesetz-Kein-Impfzwang_safety-plus-scaled-1.jpeg\",\"width\":1200,\"height\":836,\"caption\":\"Mit dem Epidemiengesetz k\u00f6nnen \u00fcbertragbare Krankheiten besser bek\u00e4mpft werden.\"},{\"@type\":\"BreadcrumbList\",\"@id\":\"https:\\\/\\\/news.save.ch\\\/neues-epidemiengesetz-kein-impfzwang\\\/#breadcrumb\",\"itemListElement\":[{\"@type\":\"ListItem\",\"position\":1,\"name\":\"Home\",\"item\":\"https:\\\/\\\/news.save.ch\\\/de\\\/\"},{\"@type\":\"ListItem\",\"position\":2,\"name\":\"Neues Epidemiengesetz: Kein Impfzwang\"}]},{\"@type\":\"WebSite\",\"@id\":\"https:\\\/\\\/news.save.ch\\\/de\\\/#website\",\"url\":\"https:\\\/\\\/news.save.ch\\\/de\\\/\",\"name\":\"Save\",\"description\":\"Schweizer Fachzeitschrift f\u00fcr Sicherheit\",\"publisher\":{\"@id\":\"https:\\\/\\\/news.save.ch\\\/de\\\/#organization\"},\"potentialAction\":[{\"@type\":\"SearchAction\",\"target\":{\"@type\":\"EntryPoint\",\"urlTemplate\":\"https:\\\/\\\/news.save.ch\\\/de\\\/?s={search_term_string}\"},\"query-input\":{\"@type\":\"PropertyValueSpecification\",\"valueRequired\":true,\"valueName\":\"search_term_string\"}}],\"inLanguage\":\"de\"},{\"@type\":\"Organization\",\"@id\":\"https:\\\/\\\/news.save.ch\\\/de\\\/#organization\",\"name\":\"Sicherheitsforum\",\"url\":\"https:\\\/\\\/news.save.ch\\\/de\\\/\",\"logo\":{\"@type\":\"ImageObject\",\"inLanguage\":\"de\",\"@id\":\"https:\\\/\\\/news.save.ch\\\/de\\\/#\\\/schema\\\/logo\\\/image\\\/\",\"url\":\"https:\\\/\\\/news.save.ch\\\/wp-content\\\/uploads\\\/2022\\\/06\\\/Logo_SF_2012.png\",\"contentUrl\":\"https:\\\/\\\/news.save.ch\\\/wp-content\\\/uploads\\\/2022\\\/06\\\/Logo_SF_2012.png\",\"width\":1100,\"height\":91,\"caption\":\"Sicherheitsforum\"},\"image\":{\"@id\":\"https:\\\/\\\/news.save.ch\\\/de\\\/#\\\/schema\\\/logo\\\/image\\\/\"}},{\"@type\":\"Person\",\"@id\":\"https:\\\/\\\/news.save.ch\\\/de\\\/#\\\/schema\\\/person\\\/d49e199490bad7c70d64b9ab51142f2b\",\"name\":\"admin\",\"image\":{\"@type\":\"ImageObject\",\"inLanguage\":\"de\",\"@id\":\"https:\\\/\\\/secure.gravatar.com\\\/avatar\\\/ae2f4d718e6c49043e314ce431e7e645d646302a24a5ef5a8bc8e3f5a032e319?s=96&d=mm&r=g\",\"url\":\"https:\\\/\\\/secure.gravatar.com\\\/avatar\\\/ae2f4d718e6c49043e314ce431e7e645d646302a24a5ef5a8bc8e3f5a032e319?s=96&d=mm&r=g\",\"contentUrl\":\"https:\\\/\\\/secure.gravatar.com\\\/avatar\\\/ae2f4d718e6c49043e314ce431e7e645d646302a24a5ef5a8bc8e3f5a032e319?s=96&d=mm&r=g\",\"caption\":\"admin\"},\"sameAs\":[\"https:\\\/\\\/develop.organisator.galledia.ch\"],\"url\":\"https:\\\/\\\/news.save.ch\\\/de\\\/author\\\/admin\\\/\"}]}<\/script>\n<!-- \/ Yoast SEO plugin. -->","yoast_head_json":{"title":"Neues Epidemiengesetz: Kein Impfzwang - Save","description":"Der Bundesrat beschliesst die Inkraftsetzung des Epidemiengesetzes per 1. Januar 2016. Einen Impfzwang sieht das Gesetz nicht vor.","robots":{"index":"index","follow":"follow","max-snippet":"max-snippet:-1","max-image-preview":"max-image-preview:large","max-video-preview":"max-video-preview:-1"},"canonical":"https:\/\/news.save.ch\/de\/neues-epidemiengesetz-kein-impfzwang\/","og_locale":"de_DE","og_type":"article","og_title":"Neues Epidemiengesetz: Kein Impfzwang - Save","og_description":"Der Bundesrat beschliesst die Inkraftsetzung des Epidemiengesetzes per 1. Januar 2016. Einen Impfzwang sieht das Gesetz nicht vor.","og_url":"https:\/\/news.save.ch\/de\/neues-epidemiengesetz-kein-impfzwang\/","og_site_name":"Save","article_published_time":"2015-04-30T08:26:34+00:00","article_modified_time":"2023-03-14T08:03:07+00:00","og_image":[{"width":1200,"height":836,"url":"https:\/\/news.save.ch\/wp-content\/uploads\/2016\/12\/Neues-Epidemiengesetz-Kein-Impfzwang_safety-plus-scaled-1.jpeg","type":"image\/jpeg"}],"author":"admin","twitter_card":"summary_large_image","twitter_misc":{"Geschrieben von":"admin","Gesch\u00e4tzte Lesezeit":"1\u00a0Minute"},"schema":{"@context":"https:\/\/schema.org","@graph":[{"@type":"Article","@id":"https:\/\/news.save.ch\/neues-epidemiengesetz-kein-impfzwang\/#article","isPartOf":{"@id":"https:\/\/news.save.ch\/neues-epidemiengesetz-kein-impfzwang\/"},"author":{"name":"admin","@id":"https:\/\/news.save.ch\/de\/#\/schema\/person\/d49e199490bad7c70d64b9ab51142f2b"},"headline":"Neues Epidemiengesetz: Kein Impfzwang","datePublished":"2015-04-30T08:26:34+00:00","dateModified":"2023-03-14T08:03:07+00:00","mainEntityOfPage":{"@id":"https:\/\/news.save.ch\/neues-epidemiengesetz-kein-impfzwang\/"},"wordCount":183,"commentCount":0,"publisher":{"@id":"https:\/\/news.save.ch\/de\/#organization"},"image":{"@id":"https:\/\/news.save.ch\/neues-epidemiengesetz-kein-impfzwang\/#primaryimage"},"thumbnailUrl":"https:\/\/news.save.ch\/wp-content\/uploads\/2016\/12\/Neues-Epidemiengesetz-Kein-Impfzwang_safety-plus-scaled-1.jpeg","keywords":["Gesundheitsschutz","Medikamente"],"articleSection":["HEALTH &amp; SAFETY"],"inLanguage":"de"},{"@type":"WebPage","@id":"https:\/\/news.save.ch\/neues-epidemiengesetz-kein-impfzwang\/","url":"https:\/\/news.save.ch\/neues-epidemiengesetz-kein-impfzwang\/","name":"Neues Epidemiengesetz: Kein Impfzwang - Save","isPartOf":{"@id":"https:\/\/news.save.ch\/de\/#website"},"primaryImageOfPage":{"@id":"https:\/\/news.save.ch\/neues-epidemiengesetz-kein-impfzwang\/#primaryimage"},"image":{"@id":"https:\/\/news.save.ch\/neues-epidemiengesetz-kein-impfzwang\/#primaryimage"},"thumbnailUrl":"https:\/\/news.save.ch\/wp-content\/uploads\/2016\/12\/Neues-Epidemiengesetz-Kein-Impfzwang_safety-plus-scaled-1.jpeg","datePublished":"2015-04-30T08:26:34+00:00","dateModified":"2023-03-14T08:03:07+00:00","description":"Der Bundesrat beschliesst die Inkraftsetzung des Epidemiengesetzes per 1. Januar 2016. Einen Impfzwang sieht das Gesetz nicht vor.","breadcrumb":{"@id":"https:\/\/news.save.ch\/neues-epidemiengesetz-kein-impfzwang\/#breadcrumb"},"inLanguage":"de","potentialAction":[{"@type":"ReadAction","target":["https:\/\/news.save.ch\/neues-epidemiengesetz-kein-impfzwang\/"]}]},{"@type":"ImageObject","inLanguage":"de","@id":"https:\/\/news.save.ch\/neues-epidemiengesetz-kein-impfzwang\/#primaryimage","url":"https:\/\/news.save.ch\/wp-content\/uploads\/2016\/12\/Neues-Epidemiengesetz-Kein-Impfzwang_safety-plus-scaled-1.jpeg","contentUrl":"https:\/\/news.save.ch\/wp-content\/uploads\/2016\/12\/Neues-Epidemiengesetz-Kein-Impfzwang_safety-plus-scaled-1.jpeg","width":1200,"height":836,"caption":"Mit dem Epidemiengesetz k\u00f6nnen \u00fcbertragbare Krankheiten besser bek\u00e4mpft werden."},{"@type":"BreadcrumbList","@id":"https:\/\/news.save.ch\/neues-epidemiengesetz-kein-impfzwang\/#breadcrumb","itemListElement":[{"@type":"ListItem","position":1,"name":"Home","item":"https:\/\/news.save.ch\/de\/"},{"@type":"ListItem","position":2,"name":"Neues Epidemiengesetz: Kein Impfzwang"}]},{"@type":"WebSite","@id":"https:\/\/news.save.ch\/de\/#website","url":"https:\/\/news.save.ch\/de\/","name":"Save","description":"Schweizer Fachzeitschrift f\u00fcr Sicherheit","publisher":{"@id":"https:\/\/news.save.ch\/de\/#organization"},"potentialAction":[{"@type":"SearchAction","target":{"@type":"EntryPoint","urlTemplate":"https:\/\/news.save.ch\/de\/?s={search_term_string}"},"query-input":{"@type":"PropertyValueSpecification","valueRequired":true,"valueName":"search_term_string"}}],"inLanguage":"de"},{"@type":"Organization","@id":"https:\/\/news.save.ch\/de\/#organization","name":"Sicherheitsforum","url":"https:\/\/news.save.ch\/de\/","logo":{"@type":"ImageObject","inLanguage":"de","@id":"https:\/\/news.save.ch\/de\/#\/schema\/logo\/image\/","url":"https:\/\/news.save.ch\/wp-content\/uploads\/2022\/06\/Logo_SF_2012.png","contentUrl":"https:\/\/news.save.ch\/wp-content\/uploads\/2022\/06\/Logo_SF_2012.png","width":1100,"height":91,"caption":"Sicherheitsforum"},"image":{"@id":"https:\/\/news.save.ch\/de\/#\/schema\/logo\/image\/"}},{"@type":"Person","@id":"https:\/\/news.save.ch\/de\/#\/schema\/person\/d49e199490bad7c70d64b9ab51142f2b","name":"admin","image":{"@type":"ImageObject","inLanguage":"de","@id":"https:\/\/secure.gravatar.com\/avatar\/ae2f4d718e6c49043e314ce431e7e645d646302a24a5ef5a8bc8e3f5a032e319?s=96&d=mm&r=g","url":"https:\/\/secure.gravatar.com\/avatar\/ae2f4d718e6c49043e314ce431e7e645d646302a24a5ef5a8bc8e3f5a032e319?s=96&d=mm&r=g","contentUrl":"https:\/\/secure.gravatar.com\/avatar\/ae2f4d718e6c49043e314ce431e7e645d646302a24a5ef5a8bc8e3f5a032e319?s=96&d=mm&r=g","caption":"admin"},"sameAs":["https:\/\/develop.organisator.galledia.ch"],"url":"https:\/\/news.save.ch\/de\/author\/admin\/"}]}},"_links":{"self":[{"href":"https:\/\/news.save.ch\/de\/wp-json\/wp\/v2\/posts\/230","targetHints":{"allow":["GET"]}}],"collection":[{"href":"https:\/\/news.save.ch\/de\/wp-json\/wp\/v2\/posts"}],"about":[{"href":"https:\/\/news.save.ch\/de\/wp-json\/wp\/v2\/types\/post"}],"author":[{"embeddable":true,"href":"https:\/\/news.save.ch\/de\/wp-json\/wp\/v2\/users\/1"}],"replies":[{"embeddable":true,"href":"https:\/\/news.save.ch\/de\/wp-json\/wp\/v2\/comments?post=230"}],"version-history":[{"count":1,"href":"https:\/\/news.save.ch\/de\/wp-json\/wp\/v2\/posts\/230\/revisions"}],"predecessor-version":[{"id":18862,"href":"https:\/\/news.save.ch\/de\/wp-json\/wp\/v2\/posts\/230\/revisions\/18862"}],"wp:featuredmedia":[{"embeddable":true,"href":"https:\/\/news.save.ch\/de\/wp-json\/wp\/v2\/media\/15987"}],"wp:attachment":[{"href":"https:\/\/news.save.ch\/de\/wp-json\/wp\/v2\/media?parent=230"}],"wp:term":[{"taxonomy":"category","embeddable":true,"href":"https:\/\/news.save.ch\/de\/wp-json\/wp\/v2\/categories?post=230"},{"taxonomy":"post_tag","embeddable":true,"href":"https:\/\/news.save.ch\/de\/wp-json\/wp\/v2\/tags?post=230"}],"curies":[{"name":"wp","href":"https:\/\/api.w.org\/{rel}","templated":true}]}}