{"id":23099,"date":"2024-05-16T17:19:26","date_gmt":"2024-05-16T15:19:26","guid":{"rendered":"https:\/\/news.save.ch\/?p=23099"},"modified":"2024-05-16T17:19:26","modified_gmt":"2024-05-16T15:19:26","slug":"deutschland-sicherheitsdienstleistungen-2023-weiter-sehr-stark-nachgefragt","status":null,"type":"post","link":"https:\/\/news.save.ch\/de\/deutschland-sicherheitsdienstleistungen-2023-weiter-sehr-stark-nachgefragt\/","title":{"rendered":"Deutschland: Sicherheitsdienstleistungen 2023 weiter sehr stark nachgefragt"},"content":{"rendered":"<figure id=\"attachment_23102\" aria-describedby=\"caption-attachment-23102\" style=\"width: 999px\" class=\"wp-caption alignnone\"><img loading=\"lazy\" decoding=\"async\" class=\"size-full wp-image-23102\" src=\"https:\/\/news.save.ch\/wp-content\/uploads\/2024\/05\/Depositphotos_51837893_S.jpg\" alt=\"\" width=\"999\" height=\"667\" srcset=\"https:\/\/news.save.ch\/wp-content\/uploads\/2024\/05\/Depositphotos_51837893_S.jpg 999w, https:\/\/news.save.ch\/wp-content\/uploads\/2024\/05\/Depositphotos_51837893_S-680x454.jpg 680w, https:\/\/news.save.ch\/wp-content\/uploads\/2024\/05\/Depositphotos_51837893_S-768x513.jpg 768w, https:\/\/news.save.ch\/wp-content\/uploads\/2024\/05\/Depositphotos_51837893_S-18x12.jpg 18w, https:\/\/news.save.ch\/wp-content\/uploads\/2024\/05\/Depositphotos_51837893_S-375x250.jpg 375w, https:\/\/news.save.ch\/wp-content\/uploads\/2024\/05\/Depositphotos_51837893_S-524x350.jpg 524w\" sizes=\"auto, (max-width: 999px) 100vw, 999px\" \/><figcaption id=\"caption-attachment-23102\" class=\"wp-caption-text\">Foto: Depositphotos\/kalinovsky<\/figcaption><\/figure>\n<p class=\"x_MsoNormal\">\u00abMit einem Umsatzplus von rund 12,6 Prozent im Vergleich zum Vorjahr w\u00e4chst die Sicherheitswirtschaft erneut deutlich \u00fcberproportional\u00bb, so der Pr\u00e4sident des Bundesverbands Sicherheitswirtschaft (BDSW) Gregor Lehnert heute im Rahmen der Jahresmitgliederversammlung des Verbandes in Freiburg.<\/p>\n<p class=\"x_MsoNormal\">\u00abDie Sicherheitswirtschaft w\u00e4chst entgegen den gesamtwirtschaftlichen Trends und schafft es trotz sp\u00fcrbarem Arbeitskr\u00e4ftemangel ihren Personalbestand weiter auszubauen\u00bb, so Lehnert zu den Zahlen. Die Besch\u00e4ftigung stieg (zum 30.9.2023) gegen\u00fcber dem Jahresende 2022 um rund 7.500, deutlich an. Damit seien nun fast 284.500 Mitarbeiterinnen und Mitarbeiter in der Branche besch\u00e4ftigt. Dies sei Spiegelbild dessen, dass es weiterhin einen wachsenden Bedarf f\u00fcr zus\u00e4tzliche Sicherheit im \u00f6ffentlichen und privaten Raum, insbesondere auch in der Wirtschaft gibt. Die Sicherheit von Veranstaltungen und kritischer Infrastruktur gegen Anschlagsgefahren bleibe zudem ein zentrales Thema.<\/p>\n<h3>Warnung vor Insourcing<\/h3>\n<p class=\"x_MsoNormal\">Die gewachsene Bedeutung der Sicherheitswirtschaft dokumentiert sich auch darin, dass die Bundesregierung im Jahr 2023 mit dem Referentenentwurf des Sicherheitsgewerbegesetzes (SiGG) in Umsetzung des Koalitionsvertrages einer seit langem vom BDSW erhobenen Forderung entsprochen hat, die Rechtsgrundlagen f\u00fcr die Sicherheitswirtschaft aus der Gewerbeordnung herauszul\u00f6sen und in einem eigenen \u00abStammgesetz\u00bb neu zu regeln. Ziel sei es mit Blick auf die Gew\u00e4hrleistung der inneren Sicherheit auf ein insgesamt h\u00f6heres Niveau zu kommen und u.a. die Qualit\u00e4tsanforderungen neu zu formulieren. \u00abRegelungsbedarf gibt es im SiGG nicht nur f\u00fcr die externen Erbringer von Sicherheitsdienstleistungen, sondern \u2013 z.B. beim Schutz kritischer Infrastrukturen \u2013 auch f\u00fcr die Inhouse-Kr\u00e4fte. Nicht zuletzt darf die steigende Qualit\u00e4tsanforderung an externe Dienstleister nicht zu verst\u00e4rktem Insourcing von Dienstleistungen bei Kunden f\u00fchren, um die Umsetzung neuer Standards, die naturgem\u00e4ss auch mehr kosten, zu umgehen\u00bb, so Lehnert weiter.<\/p>\n<h3>Vielf\u00e4ltige Bedrohungsszenarien<\/h3>\n<p class=\"x_MsoNormal\">Des Weiteren habe die Bundesregierung 2023 zu Recht den Wirtschaftsschutz zu einem strategischen Thema erkl\u00e4rt und Eckpunkte f\u00fcr eine nationale Wirtschaftsschutzstrategie vorgestellt. Denn die Bedrohungsszenarien werden vielf\u00e4ltiger. Zum Problembewusstsein trage auch der russische Angriffskrieg in der Ukraine bei, der zu einer grossen Dynamik etwa im Bereich der Drohnentechnologie f\u00fchre. \u201eNeue Risiken aus der Wirtschaftsspionage, M\u00f6glichkeiten zur Sabotage wie zum Beispiel bei Tesla und bei den unterseeischen Energie- und Datenleitungen in der Ostsee oder das weiterhin hohe Risiko von Cyberattacken belegen nicht nur die Verwundbarkeit kritischer Infrastrukturen, sondern auch diejenige der grossen wie kleinen Betriebe. Breit aufgestellte Sicherheitsdienstleister unterst\u00fctzen die Wirtschaft, insbesondere KMU, mit integrierten Sicherheitskonzepten.\u201c, schloss Lehnert.<\/p>\n<p><em>Quelle: BDSW<\/em><\/p>\n","protected":false},"excerpt":{"rendered":"<p>\u00abMit einem Umsatzplus von rund 12,6 Prozent im Vergleich zum Vorjahr w\u00e4chst die Sicherheitswirtschaft erneut deutlich \u00fcberproportional\u00bb, so der Pr\u00e4sident des Bundesverbands Sicherheitswirtschaft (BDSW) Gregor Lehnert heute im Rahmen der Jahresmitgliederversammlung des Verbandes in Freiburg. \u00abDie Sicherheitswirtschaft w\u00e4chst entgegen den gesamtwirtschaftlichen Trends und schafft es trotz sp\u00fcrbarem Arbeitskr\u00e4ftemangel ihren Personalbestand weiter auszubauen\u00bb, so Lehnert zu [&hellip;]<\/p>\n","protected":false},"author":31,"featured_media":0,"comment_status":"closed","ping_status":"closed","sticky":false,"template":"","format":"standard","meta":{"_acf_changed":false,"pgc_sgb_lightbox_settings":"","footnotes":""},"categories":[1],"tags":[892,6416,310,535],"class_list":["post-23099","post","type-post","status-publish","format-standard","hentry","category-allgemein","tag-bdsw","tag-deutschland","tag-sicherheit","tag-sicherheitswirtschaft"],"acf":[],"hkrextid":null,"publication":null,"issue":null,"workflow":null,"startPage":null,"spitzmarke":null,"_posts_by_tag_page_fields":null,"_at_widget":null,"_yoast_wpseo_primary_category":"","_yoast_wpseo_focuskw_text_input":null,"_yoast_wpseo_opengraph-image":null,"_yoast_wpseo_opengraph-description":null,"_yoast_wpseo_opengraph-title":null,"enclosure":null,"_yoast_wpseo_twitter-title":null,"_yoast_wpseo_twitter-description":null,"_yoast_wpseo_twitter-image":null,"_wp_old_slug":null,"_yoast_wpseo_title":null,"_yoast_wpseo_canonical":null,"yoast_head":"<!-- This site is optimized with the Yoast SEO plugin v27.5 - https:\/\/yoast.com\/product\/yoast-seo-wordpress\/ -->\n<title>Deutschland: Sicherheitsdienstleistungen 2023 weiter sehr stark nachgefragt - Save<\/title>\n<meta name=\"description\" content=\"Deutschland: Sicherheitsdienstleistungen 2023 weiter sehr stark nachgefragt. Branche rechnet mit Wachstum in 2023.\" \/>\n<meta name=\"robots\" content=\"index, follow, max-snippet:-1, max-image-preview:large, max-video-preview:-1\" \/>\n<link rel=\"canonical\" href=\"https:\/\/news.save.ch\/de\/deutschland-sicherheitsdienstleistungen-2023-weiter-sehr-stark-nachgefragt\/\" \/>\n<meta property=\"og:locale\" content=\"de_DE\" \/>\n<meta property=\"og:type\" content=\"article\" \/>\n<meta property=\"og:title\" content=\"Deutschland: Sicherheitsdienstleistungen 2023 weiter sehr stark nachgefragt - Save\" \/>\n<meta property=\"og:description\" content=\"Deutschland: Sicherheitsdienstleistungen 2023 weiter sehr stark nachgefragt. Branche rechnet mit Wachstum in 2023.\" \/>\n<meta property=\"og:url\" content=\"https:\/\/news.save.ch\/de\/deutschland-sicherheitsdienstleistungen-2023-weiter-sehr-stark-nachgefragt\/\" \/>\n<meta property=\"og:site_name\" content=\"Save\" \/>\n<meta property=\"article:published_time\" content=\"2024-05-16T15:19:26+00:00\" \/>\n<meta property=\"og:image\" content=\"https:\/\/news.save.ch\/wp-content\/uploads\/2024\/05\/Depositphotos_51837893_S.jpg\" \/>\n<meta name=\"author\" content=\"stefanie Zeng\" \/>\n<meta name=\"twitter:card\" content=\"summary_large_image\" \/>\n<meta name=\"twitter:label1\" content=\"Geschrieben von\" \/>\n\t<meta name=\"twitter:data1\" content=\"stefanie Zeng\" \/>\n\t<meta name=\"twitter:label2\" content=\"Gesch\u00e4tzte Lesezeit\" \/>\n\t<meta name=\"twitter:data2\" content=\"3\u00a0Minuten\" \/>\n<script type=\"application\/ld+json\" class=\"yoast-schema-graph\">{\"@context\":\"https:\\\/\\\/schema.org\",\"@graph\":[{\"@type\":\"Article\",\"@id\":\"https:\\\/\\\/news.save.ch\\\/deutschland-sicherheitsdienstleistungen-2023-weiter-sehr-stark-nachgefragt\\\/#article\",\"isPartOf\":{\"@id\":\"https:\\\/\\\/news.save.ch\\\/deutschland-sicherheitsdienstleistungen-2023-weiter-sehr-stark-nachgefragt\\\/\"},\"author\":{\"name\":\"stefanie Zeng\",\"@id\":\"https:\\\/\\\/news.save.ch\\\/de\\\/#\\\/schema\\\/person\\\/10917387362b3961e882740f6cf6f2a2\"},\"headline\":\"Deutschland: Sicherheitsdienstleistungen 2023 weiter sehr stark nachgefragt\",\"datePublished\":\"2024-05-16T15:19:26+00:00\",\"mainEntityOfPage\":{\"@id\":\"https:\\\/\\\/news.save.ch\\\/deutschland-sicherheitsdienstleistungen-2023-weiter-sehr-stark-nachgefragt\\\/\"},\"wordCount\":407,\"publisher\":{\"@id\":\"https:\\\/\\\/news.save.ch\\\/de\\\/#organization\"},\"image\":{\"@id\":\"https:\\\/\\\/news.save.ch\\\/deutschland-sicherheitsdienstleistungen-2023-weiter-sehr-stark-nachgefragt\\\/#primaryimage\"},\"thumbnailUrl\":\"https:\\\/\\\/news.save.ch\\\/wp-content\\\/uploads\\\/2024\\\/05\\\/Depositphotos_51837893_S.jpg\",\"keywords\":[\"BDSW\",\"Deutschland\",\"Sicherheit\",\"Sicherheitswirtschaft\"],\"articleSection\":[\"ALLGEMEIN\"],\"inLanguage\":\"de\"},{\"@type\":\"WebPage\",\"@id\":\"https:\\\/\\\/news.save.ch\\\/deutschland-sicherheitsdienstleistungen-2023-weiter-sehr-stark-nachgefragt\\\/\",\"url\":\"https:\\\/\\\/news.save.ch\\\/deutschland-sicherheitsdienstleistungen-2023-weiter-sehr-stark-nachgefragt\\\/\",\"name\":\"Deutschland: Sicherheitsdienstleistungen 2023 weiter sehr stark nachgefragt - Save\",\"isPartOf\":{\"@id\":\"https:\\\/\\\/news.save.ch\\\/de\\\/#website\"},\"primaryImageOfPage\":{\"@id\":\"https:\\\/\\\/news.save.ch\\\/deutschland-sicherheitsdienstleistungen-2023-weiter-sehr-stark-nachgefragt\\\/#primaryimage\"},\"image\":{\"@id\":\"https:\\\/\\\/news.save.ch\\\/deutschland-sicherheitsdienstleistungen-2023-weiter-sehr-stark-nachgefragt\\\/#primaryimage\"},\"thumbnailUrl\":\"https:\\\/\\\/news.save.ch\\\/wp-content\\\/uploads\\\/2024\\\/05\\\/Depositphotos_51837893_S.jpg\",\"datePublished\":\"2024-05-16T15:19:26+00:00\",\"description\":\"Deutschland: Sicherheitsdienstleistungen 2023 weiter sehr stark nachgefragt. Branche rechnet mit Wachstum in 2023.\",\"breadcrumb\":{\"@id\":\"https:\\\/\\\/news.save.ch\\\/deutschland-sicherheitsdienstleistungen-2023-weiter-sehr-stark-nachgefragt\\\/#breadcrumb\"},\"inLanguage\":\"de\",\"potentialAction\":[{\"@type\":\"ReadAction\",\"target\":[\"https:\\\/\\\/news.save.ch\\\/deutschland-sicherheitsdienstleistungen-2023-weiter-sehr-stark-nachgefragt\\\/\"]}]},{\"@type\":\"ImageObject\",\"inLanguage\":\"de\",\"@id\":\"https:\\\/\\\/news.save.ch\\\/deutschland-sicherheitsdienstleistungen-2023-weiter-sehr-stark-nachgefragt\\\/#primaryimage\",\"url\":\"https:\\\/\\\/news.save.ch\\\/wp-content\\\/uploads\\\/2024\\\/05\\\/Depositphotos_51837893_S.jpg\",\"contentUrl\":\"https:\\\/\\\/news.save.ch\\\/wp-content\\\/uploads\\\/2024\\\/05\\\/Depositphotos_51837893_S.jpg\"},{\"@type\":\"BreadcrumbList\",\"@id\":\"https:\\\/\\\/news.save.ch\\\/deutschland-sicherheitsdienstleistungen-2023-weiter-sehr-stark-nachgefragt\\\/#breadcrumb\",\"itemListElement\":[{\"@type\":\"ListItem\",\"position\":1,\"name\":\"Home\",\"item\":\"https:\\\/\\\/news.save.ch\\\/de\\\/\"},{\"@type\":\"ListItem\",\"position\":2,\"name\":\"Deutschland: Sicherheitsdienstleistungen 2023 weiter sehr stark nachgefragt\"}]},{\"@type\":\"WebSite\",\"@id\":\"https:\\\/\\\/news.save.ch\\\/de\\\/#website\",\"url\":\"https:\\\/\\\/news.save.ch\\\/de\\\/\",\"name\":\"Save\",\"description\":\"Schweizer Fachzeitschrift f\u00fcr Sicherheit\",\"publisher\":{\"@id\":\"https:\\\/\\\/news.save.ch\\\/de\\\/#organization\"},\"potentialAction\":[{\"@type\":\"SearchAction\",\"target\":{\"@type\":\"EntryPoint\",\"urlTemplate\":\"https:\\\/\\\/news.save.ch\\\/de\\\/?s={search_term_string}\"},\"query-input\":{\"@type\":\"PropertyValueSpecification\",\"valueRequired\":true,\"valueName\":\"search_term_string\"}}],\"inLanguage\":\"de\"},{\"@type\":\"Organization\",\"@id\":\"https:\\\/\\\/news.save.ch\\\/de\\\/#organization\",\"name\":\"Sicherheitsforum\",\"url\":\"https:\\\/\\\/news.save.ch\\\/de\\\/\",\"logo\":{\"@type\":\"ImageObject\",\"inLanguage\":\"de\",\"@id\":\"https:\\\/\\\/news.save.ch\\\/de\\\/#\\\/schema\\\/logo\\\/image\\\/\",\"url\":\"https:\\\/\\\/news.save.ch\\\/wp-content\\\/uploads\\\/2022\\\/06\\\/Logo_SF_2012.png\",\"contentUrl\":\"https:\\\/\\\/news.save.ch\\\/wp-content\\\/uploads\\\/2022\\\/06\\\/Logo_SF_2012.png\",\"width\":1100,\"height\":91,\"caption\":\"Sicherheitsforum\"},\"image\":{\"@id\":\"https:\\\/\\\/news.save.ch\\\/de\\\/#\\\/schema\\\/logo\\\/image\\\/\"}},{\"@type\":\"Person\",\"@id\":\"https:\\\/\\\/news.save.ch\\\/de\\\/#\\\/schema\\\/person\\\/10917387362b3961e882740f6cf6f2a2\",\"name\":\"stefanie Zeng\",\"image\":{\"@type\":\"ImageObject\",\"inLanguage\":\"de\",\"@id\":\"https:\\\/\\\/secure.gravatar.com\\\/avatar\\\/eac43faa6e40bb2c41068c95c9d78bbd94c476d5efdff7abaab80bb3ea681e06?s=96&d=mm&r=g\",\"url\":\"https:\\\/\\\/secure.gravatar.com\\\/avatar\\\/eac43faa6e40bb2c41068c95c9d78bbd94c476d5efdff7abaab80bb3ea681e06?s=96&d=mm&r=g\",\"contentUrl\":\"https:\\\/\\\/secure.gravatar.com\\\/avatar\\\/eac43faa6e40bb2c41068c95c9d78bbd94c476d5efdff7abaab80bb3ea681e06?s=96&d=mm&r=g\",\"caption\":\"stefanie Zeng\"},\"url\":\"https:\\\/\\\/news.save.ch\\\/de\\\/author\\\/stefanie-zeng\\\/\"}]}<\/script>\n<!-- \/ Yoast SEO plugin. -->","yoast_head_json":{"title":"Deutschland: Sicherheitsdienstleistungen 2023 weiter sehr stark nachgefragt - Save","description":"Deutschland: Sicherheitsdienstleistungen 2023 weiter sehr stark nachgefragt. Branche rechnet mit Wachstum in 2023.","robots":{"index":"index","follow":"follow","max-snippet":"max-snippet:-1","max-image-preview":"max-image-preview:large","max-video-preview":"max-video-preview:-1"},"canonical":"https:\/\/news.save.ch\/de\/deutschland-sicherheitsdienstleistungen-2023-weiter-sehr-stark-nachgefragt\/","og_locale":"de_DE","og_type":"article","og_title":"Deutschland: Sicherheitsdienstleistungen 2023 weiter sehr stark nachgefragt - Save","og_description":"Deutschland: Sicherheitsdienstleistungen 2023 weiter sehr stark nachgefragt. Branche rechnet mit Wachstum in 2023.","og_url":"https:\/\/news.save.ch\/de\/deutschland-sicherheitsdienstleistungen-2023-weiter-sehr-stark-nachgefragt\/","og_site_name":"Save","article_published_time":"2024-05-16T15:19:26+00:00","og_image":[{"url":"https:\/\/news.save.ch\/wp-content\/uploads\/2024\/05\/Depositphotos_51837893_S.jpg","type":"","width":"","height":""}],"author":"stefanie Zeng","twitter_card":"summary_large_image","twitter_misc":{"Geschrieben von":"stefanie Zeng","Gesch\u00e4tzte Lesezeit":"3\u00a0Minuten"},"schema":{"@context":"https:\/\/schema.org","@graph":[{"@type":"Article","@id":"https:\/\/news.save.ch\/deutschland-sicherheitsdienstleistungen-2023-weiter-sehr-stark-nachgefragt\/#article","isPartOf":{"@id":"https:\/\/news.save.ch\/deutschland-sicherheitsdienstleistungen-2023-weiter-sehr-stark-nachgefragt\/"},"author":{"name":"stefanie Zeng","@id":"https:\/\/news.save.ch\/de\/#\/schema\/person\/10917387362b3961e882740f6cf6f2a2"},"headline":"Deutschland: Sicherheitsdienstleistungen 2023 weiter sehr stark nachgefragt","datePublished":"2024-05-16T15:19:26+00:00","mainEntityOfPage":{"@id":"https:\/\/news.save.ch\/deutschland-sicherheitsdienstleistungen-2023-weiter-sehr-stark-nachgefragt\/"},"wordCount":407,"publisher":{"@id":"https:\/\/news.save.ch\/de\/#organization"},"image":{"@id":"https:\/\/news.save.ch\/deutschland-sicherheitsdienstleistungen-2023-weiter-sehr-stark-nachgefragt\/#primaryimage"},"thumbnailUrl":"https:\/\/news.save.ch\/wp-content\/uploads\/2024\/05\/Depositphotos_51837893_S.jpg","keywords":["BDSW","Deutschland","Sicherheit","Sicherheitswirtschaft"],"articleSection":["ALLGEMEIN"],"inLanguage":"de"},{"@type":"WebPage","@id":"https:\/\/news.save.ch\/deutschland-sicherheitsdienstleistungen-2023-weiter-sehr-stark-nachgefragt\/","url":"https:\/\/news.save.ch\/deutschland-sicherheitsdienstleistungen-2023-weiter-sehr-stark-nachgefragt\/","name":"Deutschland: Sicherheitsdienstleistungen 2023 weiter sehr stark nachgefragt - Save","isPartOf":{"@id":"https:\/\/news.save.ch\/de\/#website"},"primaryImageOfPage":{"@id":"https:\/\/news.save.ch\/deutschland-sicherheitsdienstleistungen-2023-weiter-sehr-stark-nachgefragt\/#primaryimage"},"image":{"@id":"https:\/\/news.save.ch\/deutschland-sicherheitsdienstleistungen-2023-weiter-sehr-stark-nachgefragt\/#primaryimage"},"thumbnailUrl":"https:\/\/news.save.ch\/wp-content\/uploads\/2024\/05\/Depositphotos_51837893_S.jpg","datePublished":"2024-05-16T15:19:26+00:00","description":"Deutschland: Sicherheitsdienstleistungen 2023 weiter sehr stark nachgefragt. Branche rechnet mit Wachstum in 2023.","breadcrumb":{"@id":"https:\/\/news.save.ch\/deutschland-sicherheitsdienstleistungen-2023-weiter-sehr-stark-nachgefragt\/#breadcrumb"},"inLanguage":"de","potentialAction":[{"@type":"ReadAction","target":["https:\/\/news.save.ch\/deutschland-sicherheitsdienstleistungen-2023-weiter-sehr-stark-nachgefragt\/"]}]},{"@type":"ImageObject","inLanguage":"de","@id":"https:\/\/news.save.ch\/deutschland-sicherheitsdienstleistungen-2023-weiter-sehr-stark-nachgefragt\/#primaryimage","url":"https:\/\/news.save.ch\/wp-content\/uploads\/2024\/05\/Depositphotos_51837893_S.jpg","contentUrl":"https:\/\/news.save.ch\/wp-content\/uploads\/2024\/05\/Depositphotos_51837893_S.jpg"},{"@type":"BreadcrumbList","@id":"https:\/\/news.save.ch\/deutschland-sicherheitsdienstleistungen-2023-weiter-sehr-stark-nachgefragt\/#breadcrumb","itemListElement":[{"@type":"ListItem","position":1,"name":"Home","item":"https:\/\/news.save.ch\/de\/"},{"@type":"ListItem","position":2,"name":"Deutschland: Sicherheitsdienstleistungen 2023 weiter sehr stark nachgefragt"}]},{"@type":"WebSite","@id":"https:\/\/news.save.ch\/de\/#website","url":"https:\/\/news.save.ch\/de\/","name":"Save","description":"Schweizer Fachzeitschrift f\u00fcr Sicherheit","publisher":{"@id":"https:\/\/news.save.ch\/de\/#organization"},"potentialAction":[{"@type":"SearchAction","target":{"@type":"EntryPoint","urlTemplate":"https:\/\/news.save.ch\/de\/?s={search_term_string}"},"query-input":{"@type":"PropertyValueSpecification","valueRequired":true,"valueName":"search_term_string"}}],"inLanguage":"de"},{"@type":"Organization","@id":"https:\/\/news.save.ch\/de\/#organization","name":"Sicherheitsforum","url":"https:\/\/news.save.ch\/de\/","logo":{"@type":"ImageObject","inLanguage":"de","@id":"https:\/\/news.save.ch\/de\/#\/schema\/logo\/image\/","url":"https:\/\/news.save.ch\/wp-content\/uploads\/2022\/06\/Logo_SF_2012.png","contentUrl":"https:\/\/news.save.ch\/wp-content\/uploads\/2022\/06\/Logo_SF_2012.png","width":1100,"height":91,"caption":"Sicherheitsforum"},"image":{"@id":"https:\/\/news.save.ch\/de\/#\/schema\/logo\/image\/"}},{"@type":"Person","@id":"https:\/\/news.save.ch\/de\/#\/schema\/person\/10917387362b3961e882740f6cf6f2a2","name":"stefanie Zeng","image":{"@type":"ImageObject","inLanguage":"de","@id":"https:\/\/secure.gravatar.com\/avatar\/eac43faa6e40bb2c41068c95c9d78bbd94c476d5efdff7abaab80bb3ea681e06?s=96&d=mm&r=g","url":"https:\/\/secure.gravatar.com\/avatar\/eac43faa6e40bb2c41068c95c9d78bbd94c476d5efdff7abaab80bb3ea681e06?s=96&d=mm&r=g","contentUrl":"https:\/\/secure.gravatar.com\/avatar\/eac43faa6e40bb2c41068c95c9d78bbd94c476d5efdff7abaab80bb3ea681e06?s=96&d=mm&r=g","caption":"stefanie Zeng"},"url":"https:\/\/news.save.ch\/de\/author\/stefanie-zeng\/"}]}},"_links":{"self":[{"href":"https:\/\/news.save.ch\/de\/wp-json\/wp\/v2\/posts\/23099","targetHints":{"allow":["GET"]}}],"collection":[{"href":"https:\/\/news.save.ch\/de\/wp-json\/wp\/v2\/posts"}],"about":[{"href":"https:\/\/news.save.ch\/de\/wp-json\/wp\/v2\/types\/post"}],"author":[{"embeddable":true,"href":"https:\/\/news.save.ch\/de\/wp-json\/wp\/v2\/users\/31"}],"replies":[{"embeddable":true,"href":"https:\/\/news.save.ch\/de\/wp-json\/wp\/v2\/comments?post=23099"}],"version-history":[{"count":3,"href":"https:\/\/news.save.ch\/de\/wp-json\/wp\/v2\/posts\/23099\/revisions"}],"predecessor-version":[{"id":23104,"href":"https:\/\/news.save.ch\/de\/wp-json\/wp\/v2\/posts\/23099\/revisions\/23104"}],"wp:attachment":[{"href":"https:\/\/news.save.ch\/de\/wp-json\/wp\/v2\/media?parent=23099"}],"wp:term":[{"taxonomy":"category","embeddable":true,"href":"https:\/\/news.save.ch\/de\/wp-json\/wp\/v2\/categories?post=23099"},{"taxonomy":"post_tag","embeddable":true,"href":"https:\/\/news.save.ch\/de\/wp-json\/wp\/v2\/tags?post=23099"}],"curies":[{"name":"wp","href":"https:\/\/api.w.org\/{rel}","templated":true}]}}