{"id":23114,"date":"2024-05-20T13:53:36","date_gmt":"2024-05-20T11:53:36","guid":{"rendered":"https:\/\/news.save.ch\/?p=23114"},"modified":"2024-05-22T11:11:25","modified_gmt":"2024-05-22T09:11:25","slug":"schweizer-data-literacy-charta-als-grundlage-fuer-datenkompetenz","status":null,"type":"post","link":"https:\/\/news.save.ch\/de\/schweizer-data-literacy-charta-als-grundlage-fuer-datenkompetenz\/","title":{"rendered":"Schweizer Data-Literacy-Charta als Grundlage f\u00fcr Datenkompetenz\u00a0"},"content":{"rendered":"<figure id=\"attachment_23115\" aria-describedby=\"caption-attachment-23115\" style=\"width: 1000px\" class=\"wp-caption alignnone\"><img loading=\"lazy\" decoding=\"async\" class=\"size-full wp-image-23115\" src=\"https:\/\/news.save.ch\/wp-content\/uploads\/2024\/05\/Depositphotos_43443031_S.jpg\" alt=\"\" width=\"1000\" height=\"667\" srcset=\"https:\/\/news.save.ch\/wp-content\/uploads\/2024\/05\/Depositphotos_43443031_S.jpg 1000w, https:\/\/news.save.ch\/wp-content\/uploads\/2024\/05\/Depositphotos_43443031_S-680x454.jpg 680w, https:\/\/news.save.ch\/wp-content\/uploads\/2024\/05\/Depositphotos_43443031_S-768x512.jpg 768w, https:\/\/news.save.ch\/wp-content\/uploads\/2024\/05\/Depositphotos_43443031_S-18x12.jpg 18w, https:\/\/news.save.ch\/wp-content\/uploads\/2024\/05\/Depositphotos_43443031_S-375x250.jpg 375w, https:\/\/news.save.ch\/wp-content\/uploads\/2024\/05\/Depositphotos_43443031_S-525x350.jpg 525w\" sizes=\"auto, (max-width: 1000px) 100vw, 1000px\" \/><figcaption id=\"caption-attachment-23115\" class=\"wp-caption-text\">Bild: Depositphotos\/beawolf<\/figcaption><\/figure>\n<p>In unserer vernetzten Welt muss eine Flut von Daten und Informationen angemessen eingesch\u00e4tzt und bewertet werden. Das bedingt eine solide Datenkompetenz (Data Literacy). Auch die Weiterentwicklung k\u00fcnstlicher Intelligenz (KI) macht es n\u00f6tig, dass jede und jeder \u00fcber ausreichendes Wissen \u00fcber Datennutzung in allen Bereichen des Lebens verf\u00fcgt. Die \u00abData-Literacy-Charta Schweiz\u00bb wurde erarbeitet, um eine Datenkultur zu schaffen, die einen selbstbestimmten Umgang mit Daten und eine sichere Bewertung von Daten und Aussagen beinhaltet.<\/p>\n<p><strong>Was ist Datenkompetenz?\u00a0<\/strong><\/p>\n<p>Datenkompetenz umfasst die F\u00e4higkeiten, Daten wohl\u00fcberlegt zu sammeln, zu verwalten, zu bewerten und zu verwenden. Datenschutz und datenethische Grunds\u00e4tze m\u00fcssen dabei Beachtung finden. Weil Rahmenbedingungen sich ver\u00e4ndern k\u00f6nnen, ist ein laufendes Zusammenspiel zwischen Datenproduzierenden, beispielsweise Webseiten-Betreibenden, und Datenkonsumierenden, beispielsweise Nutzenden von Webseiten, unerl\u00e4sslich. Aufgrund der Komplexit\u00e4t des Themas und der rasch voranschreitenden Entwicklungen in diesem Bereich braucht es einen lebenslangen Lernprozess. Auf diese Weise wird ein sinnvoller Umgang mit Daten, deren Austausch und deren Interpretation sichergestellt.<\/p>\n<p><strong>Wer sollte f\u00fcr Datenkompetenz sorgen?\u00a0<\/strong><\/p>\n<p>Ein koordiniertes Zusammenspiel aller involvierten Akteurinnen und Akteure ist dringlich: Nur wenn alle bef\u00e4higt werden, Daten in s\u00e4mtlichen Bereichen ethisch und datenschutzkonform vertrauensvoll auszutauschen und zu nutzen, k\u00f6nnen diese Daten zu einer partizipativen Gesellschaft beitragen. Medien, Bildungswesen und Politik spielen eine wichtige Rolle daf\u00fcr, dass die Datenkompetenz auf allen Ebenen und in allen Bereichen gef\u00f6rdert wird. Internationalen Entwicklungen soll dabei Rechnung getragen werden. Darum rufen die Akademien der Wissenschaften Schweiz und die Organisation \u00abData Literacy \u2013 Schweiz\u00bb die breite Bev\u00f6lkerung, alle betroffenen Fachgebiete, Medien und Politik dazu auf, sich mit Datenkompetenz auseinanderzusetzen und diese im jeweiligen Kontext anzuwenden. Die Charta soll dabei helfen, einen Kulturwandel gem\u00e4ss den Prinzipien der Data-Literacy-Charta Schweiz anzustossen, zu verankern, und umzusetzen.<\/p>\n<div><a href=\"https:\/\/akademien-schweiz.ch\/de\/themen\/wissenschaftskultur\/data-literacy-charta\/\" target=\"_blank\" rel=\"noopener noreferrer\">Die Data Literacy Charta Schweiz finden Sie hier<\/a><\/div>\n<div><\/div>\n<div>\n<p>Die\u00a0<strong>Akademien der Wissenschaften Schweiz (a+)<\/strong>\u00a0sind ein Verbund der vier wissenschaftlichen Akademien der Schweiz: der Akademie der Naturwissenschaften Schweiz SCNAT, der Schweizerischen Akademie der Geistes- und Sozialwissenschaften SAGW, der Schweizerischen Akademie der Medizinischen Wissenschaften SAMW und der Schweizerischen Akademie der Technischen Wissenschaften SATW. Sie umfassen nebst den vier Akademien die Kompetenzzentren TA-SWISS und Science et Cit\u00e9 sowie weitere wissenschaftliche Netzwerke. Der wissenschaftliche Nachwuchs vernetzt sich in der Jungen Akademie Schweiz. Die Akademien der Wissenschaften Schweiz vernetzen die Wissenschaften regional, national und international. Sie vertreten die Wissenschaftsgemeinschaften disziplin\u00e4r, interdisziplin\u00e4r und unabh\u00e4ngig von Institutionen und F\u00e4chern. Ihr Netzwerk ist langfristig orientiert und der wissenschaftlichen Exzellenz verpflichtet. Sie beraten Politik und Gesellschaft in wissensbasierten und gesellschaftsrelevanten Fragen.<\/p>\n<p><strong>\u00abData Literacy \u2013 Schweiz\u00bb<\/strong>\u00a0ist eine 2020 auf Initiative von Prof. Dr. \u00e8s sc. Diego Kuonen und Dr. med. Monique Lehky Hagen lancierte interprofessionelle, unabh\u00e4ngige Bewegung, die sich f\u00fcr eine regional, national und international vernetzte F\u00f6rderung und Implementierung der Grundlagen eines breit getragenen gesellschaftlichen Datenkompetenzwandels und dessen politische Verankerung einsetzt.\u00a0<a href=\"http:\/\/www.data-literacy.ch\/\" target=\"_blank\" rel=\"noopener noreferrer\">www.data-literacy.ch<br \/>\n<\/a><\/p>\n<\/div>\n","protected":false},"excerpt":{"rendered":"<p>In unserer vernetzten Welt muss eine Flut von Daten und Informationen angemessen eingesch\u00e4tzt und bewertet werden. Das bedingt eine solide Datenkompetenz (Data Literacy). Auch die Weiterentwicklung k\u00fcnstlicher Intelligenz (KI) macht es n\u00f6tig, dass jede und jeder \u00fcber ausreichendes Wissen \u00fcber Datennutzung in allen Bereichen des Lebens verf\u00fcgt. Die \u00abData-Literacy-Charta Schweiz\u00bb wurde erarbeitet, um eine Datenkultur [&hellip;]<\/p>\n","protected":false},"author":31,"featured_media":23115,"comment_status":"closed","ping_status":"closed","sticky":false,"template":"","format":"standard","meta":{"_acf_changed":false,"pgc_sgb_lightbox_settings":"","footnotes":""},"categories":[3313],"tags":[6417,6418,118],"class_list":["post-23114","post","type-post","status-publish","format-standard","has-post-thumbnail","hentry","category-digitalisierung","tag-data-literacy","tag-datenkompetenz","tag-datenschutz"],"acf":[],"hkrextid":null,"publication":null,"issue":null,"workflow":null,"startPage":null,"spitzmarke":null,"_posts_by_tag_page_fields":null,"_at_widget":null,"_yoast_wpseo_primary_category":"3313","_yoast_wpseo_focuskw_text_input":null,"_yoast_wpseo_opengraph-image":null,"_yoast_wpseo_opengraph-description":null,"_yoast_wpseo_opengraph-title":null,"enclosure":null,"_yoast_wpseo_twitter-title":null,"_yoast_wpseo_twitter-description":null,"_yoast_wpseo_twitter-image":null,"_wp_old_slug":null,"_yoast_wpseo_title":null,"_yoast_wpseo_canonical":null,"yoast_head":"<!-- This site is optimized with the Yoast SEO plugin v27.4 - https:\/\/yoast.com\/product\/yoast-seo-wordpress\/ -->\n<title>Schweizer Data-Literacy-Charta als Grundlage f\u00fcr Datenkompetenz\u00a0 - Save<\/title>\n<meta name=\"description\" content=\"Die Akademien der Wissenschaften Schweiz ver\u00f6ffentlichen eine Data-Literacy-Charta f\u00fcr die Schweiz.\" \/>\n<meta name=\"robots\" content=\"index, follow, max-snippet:-1, max-image-preview:large, max-video-preview:-1\" \/>\n<link rel=\"canonical\" href=\"https:\/\/news.save.ch\/de\/schweizer-data-literacy-charta-als-grundlage-fuer-datenkompetenz\/\" \/>\n<meta property=\"og:locale\" content=\"de_DE\" \/>\n<meta property=\"og:type\" content=\"article\" \/>\n<meta property=\"og:title\" content=\"Schweizer Data-Literacy-Charta als Grundlage f\u00fcr Datenkompetenz\u00a0 - Save\" \/>\n<meta property=\"og:description\" content=\"Die Akademien der Wissenschaften Schweiz ver\u00f6ffentlichen eine Data-Literacy-Charta f\u00fcr die Schweiz.\" \/>\n<meta property=\"og:url\" content=\"https:\/\/news.save.ch\/de\/schweizer-data-literacy-charta-als-grundlage-fuer-datenkompetenz\/\" \/>\n<meta property=\"og:site_name\" content=\"Save\" \/>\n<meta property=\"article:published_time\" content=\"2024-05-20T11:53:36+00:00\" \/>\n<meta property=\"article:modified_time\" content=\"2024-05-22T09:11:25+00:00\" \/>\n<meta property=\"og:image\" content=\"https:\/\/news.save.ch\/wp-content\/uploads\/2024\/05\/Depositphotos_43443031_S.jpg\" \/>\n\t<meta property=\"og:image:width\" content=\"1000\" \/>\n\t<meta property=\"og:image:height\" content=\"667\" \/>\n\t<meta property=\"og:image:type\" content=\"image\/jpeg\" \/>\n<meta name=\"author\" content=\"stefanie Zeng\" \/>\n<meta name=\"twitter:card\" content=\"summary_large_image\" \/>\n<meta name=\"twitter:label1\" content=\"Geschrieben von\" \/>\n\t<meta name=\"twitter:data1\" content=\"stefanie Zeng\" \/>\n\t<meta name=\"twitter:label2\" content=\"Gesch\u00e4tzte Lesezeit\" \/>\n\t<meta name=\"twitter:data2\" content=\"3\u00a0Minuten\" \/>\n<script type=\"application\/ld+json\" class=\"yoast-schema-graph\">{\"@context\":\"https:\\\/\\\/schema.org\",\"@graph\":[{\"@type\":\"Article\",\"@id\":\"https:\\\/\\\/news.save.ch\\\/schweizer-data-literacy-charta-als-grundlage-fuer-datenkompetenz\\\/#article\",\"isPartOf\":{\"@id\":\"https:\\\/\\\/news.save.ch\\\/schweizer-data-literacy-charta-als-grundlage-fuer-datenkompetenz\\\/\"},\"author\":{\"name\":\"stefanie Zeng\",\"@id\":\"https:\\\/\\\/news.save.ch\\\/de\\\/#\\\/schema\\\/person\\\/10917387362b3961e882740f6cf6f2a2\"},\"headline\":\"Schweizer Data-Literacy-Charta als Grundlage f\u00fcr Datenkompetenz\u00a0\",\"datePublished\":\"2024-05-20T11:53:36+00:00\",\"dateModified\":\"2024-05-22T09:11:25+00:00\",\"mainEntityOfPage\":{\"@id\":\"https:\\\/\\\/news.save.ch\\\/schweizer-data-literacy-charta-als-grundlage-fuer-datenkompetenz\\\/\"},\"wordCount\":489,\"publisher\":{\"@id\":\"https:\\\/\\\/news.save.ch\\\/de\\\/#organization\"},\"image\":{\"@id\":\"https:\\\/\\\/news.save.ch\\\/schweizer-data-literacy-charta-als-grundlage-fuer-datenkompetenz\\\/#primaryimage\"},\"thumbnailUrl\":\"https:\\\/\\\/news.save.ch\\\/wp-content\\\/uploads\\\/2024\\\/05\\\/Depositphotos_43443031_S.jpg\",\"keywords\":[\"Data Literacy\",\"Datenkompetenz\",\"Datenschutz\"],\"articleSection\":[\"DIGITALISIERUNG\"],\"inLanguage\":\"de\"},{\"@type\":\"WebPage\",\"@id\":\"https:\\\/\\\/news.save.ch\\\/schweizer-data-literacy-charta-als-grundlage-fuer-datenkompetenz\\\/\",\"url\":\"https:\\\/\\\/news.save.ch\\\/schweizer-data-literacy-charta-als-grundlage-fuer-datenkompetenz\\\/\",\"name\":\"Schweizer Data-Literacy-Charta als Grundlage f\u00fcr Datenkompetenz\u00a0 - Save\",\"isPartOf\":{\"@id\":\"https:\\\/\\\/news.save.ch\\\/de\\\/#website\"},\"primaryImageOfPage\":{\"@id\":\"https:\\\/\\\/news.save.ch\\\/schweizer-data-literacy-charta-als-grundlage-fuer-datenkompetenz\\\/#primaryimage\"},\"image\":{\"@id\":\"https:\\\/\\\/news.save.ch\\\/schweizer-data-literacy-charta-als-grundlage-fuer-datenkompetenz\\\/#primaryimage\"},\"thumbnailUrl\":\"https:\\\/\\\/news.save.ch\\\/wp-content\\\/uploads\\\/2024\\\/05\\\/Depositphotos_43443031_S.jpg\",\"datePublished\":\"2024-05-20T11:53:36+00:00\",\"dateModified\":\"2024-05-22T09:11:25+00:00\",\"description\":\"Die Akademien der Wissenschaften Schweiz ver\u00f6ffentlichen eine Data-Literacy-Charta f\u00fcr die Schweiz.\",\"breadcrumb\":{\"@id\":\"https:\\\/\\\/news.save.ch\\\/schweizer-data-literacy-charta-als-grundlage-fuer-datenkompetenz\\\/#breadcrumb\"},\"inLanguage\":\"de\",\"potentialAction\":[{\"@type\":\"ReadAction\",\"target\":[\"https:\\\/\\\/news.save.ch\\\/schweizer-data-literacy-charta-als-grundlage-fuer-datenkompetenz\\\/\"]}]},{\"@type\":\"ImageObject\",\"inLanguage\":\"de\",\"@id\":\"https:\\\/\\\/news.save.ch\\\/schweizer-data-literacy-charta-als-grundlage-fuer-datenkompetenz\\\/#primaryimage\",\"url\":\"https:\\\/\\\/news.save.ch\\\/wp-content\\\/uploads\\\/2024\\\/05\\\/Depositphotos_43443031_S.jpg\",\"contentUrl\":\"https:\\\/\\\/news.save.ch\\\/wp-content\\\/uploads\\\/2024\\\/05\\\/Depositphotos_43443031_S.jpg\",\"width\":1000,\"height\":667,\"caption\":\"Bild: Depositphotos\\\/beawolf\"},{\"@type\":\"BreadcrumbList\",\"@id\":\"https:\\\/\\\/news.save.ch\\\/schweizer-data-literacy-charta-als-grundlage-fuer-datenkompetenz\\\/#breadcrumb\",\"itemListElement\":[{\"@type\":\"ListItem\",\"position\":1,\"name\":\"Home\",\"item\":\"https:\\\/\\\/news.save.ch\\\/de\\\/\"},{\"@type\":\"ListItem\",\"position\":2,\"name\":\"Schweizer Data-Literacy-Charta als Grundlage f\u00fcr Datenkompetenz\u00a0\"}]},{\"@type\":\"WebSite\",\"@id\":\"https:\\\/\\\/news.save.ch\\\/de\\\/#website\",\"url\":\"https:\\\/\\\/news.save.ch\\\/de\\\/\",\"name\":\"Save\",\"description\":\"Schweizer Fachzeitschrift f\u00fcr Sicherheit\",\"publisher\":{\"@id\":\"https:\\\/\\\/news.save.ch\\\/de\\\/#organization\"},\"potentialAction\":[{\"@type\":\"SearchAction\",\"target\":{\"@type\":\"EntryPoint\",\"urlTemplate\":\"https:\\\/\\\/news.save.ch\\\/de\\\/?s={search_term_string}\"},\"query-input\":{\"@type\":\"PropertyValueSpecification\",\"valueRequired\":true,\"valueName\":\"search_term_string\"}}],\"inLanguage\":\"de\"},{\"@type\":\"Organization\",\"@id\":\"https:\\\/\\\/news.save.ch\\\/de\\\/#organization\",\"name\":\"Sicherheitsforum\",\"url\":\"https:\\\/\\\/news.save.ch\\\/de\\\/\",\"logo\":{\"@type\":\"ImageObject\",\"inLanguage\":\"de\",\"@id\":\"https:\\\/\\\/news.save.ch\\\/de\\\/#\\\/schema\\\/logo\\\/image\\\/\",\"url\":\"https:\\\/\\\/news.save.ch\\\/wp-content\\\/uploads\\\/2022\\\/06\\\/Logo_SF_2012.png\",\"contentUrl\":\"https:\\\/\\\/news.save.ch\\\/wp-content\\\/uploads\\\/2022\\\/06\\\/Logo_SF_2012.png\",\"width\":1100,\"height\":91,\"caption\":\"Sicherheitsforum\"},\"image\":{\"@id\":\"https:\\\/\\\/news.save.ch\\\/de\\\/#\\\/schema\\\/logo\\\/image\\\/\"}},{\"@type\":\"Person\",\"@id\":\"https:\\\/\\\/news.save.ch\\\/de\\\/#\\\/schema\\\/person\\\/10917387362b3961e882740f6cf6f2a2\",\"name\":\"stefanie Zeng\",\"image\":{\"@type\":\"ImageObject\",\"inLanguage\":\"de\",\"@id\":\"https:\\\/\\\/secure.gravatar.com\\\/avatar\\\/eac43faa6e40bb2c41068c95c9d78bbd94c476d5efdff7abaab80bb3ea681e06?s=96&d=mm&r=g\",\"url\":\"https:\\\/\\\/secure.gravatar.com\\\/avatar\\\/eac43faa6e40bb2c41068c95c9d78bbd94c476d5efdff7abaab80bb3ea681e06?s=96&d=mm&r=g\",\"contentUrl\":\"https:\\\/\\\/secure.gravatar.com\\\/avatar\\\/eac43faa6e40bb2c41068c95c9d78bbd94c476d5efdff7abaab80bb3ea681e06?s=96&d=mm&r=g\",\"caption\":\"stefanie Zeng\"},\"url\":\"https:\\\/\\\/news.save.ch\\\/de\\\/author\\\/stefanie-zeng\\\/\"}]}<\/script>\n<!-- \/ Yoast SEO plugin. -->","yoast_head_json":{"title":"Schweizer Data-Literacy-Charta als Grundlage f\u00fcr Datenkompetenz\u00a0 - Save","description":"Die Akademien der Wissenschaften Schweiz ver\u00f6ffentlichen eine Data-Literacy-Charta f\u00fcr die Schweiz.","robots":{"index":"index","follow":"follow","max-snippet":"max-snippet:-1","max-image-preview":"max-image-preview:large","max-video-preview":"max-video-preview:-1"},"canonical":"https:\/\/news.save.ch\/de\/schweizer-data-literacy-charta-als-grundlage-fuer-datenkompetenz\/","og_locale":"de_DE","og_type":"article","og_title":"Schweizer Data-Literacy-Charta als Grundlage f\u00fcr Datenkompetenz\u00a0 - Save","og_description":"Die Akademien der Wissenschaften Schweiz ver\u00f6ffentlichen eine Data-Literacy-Charta f\u00fcr die Schweiz.","og_url":"https:\/\/news.save.ch\/de\/schweizer-data-literacy-charta-als-grundlage-fuer-datenkompetenz\/","og_site_name":"Save","article_published_time":"2024-05-20T11:53:36+00:00","article_modified_time":"2024-05-22T09:11:25+00:00","og_image":[{"width":1000,"height":667,"url":"https:\/\/news.save.ch\/wp-content\/uploads\/2024\/05\/Depositphotos_43443031_S.jpg","type":"image\/jpeg"}],"author":"stefanie Zeng","twitter_card":"summary_large_image","twitter_misc":{"Geschrieben von":"stefanie Zeng","Gesch\u00e4tzte Lesezeit":"3\u00a0Minuten"},"schema":{"@context":"https:\/\/schema.org","@graph":[{"@type":"Article","@id":"https:\/\/news.save.ch\/schweizer-data-literacy-charta-als-grundlage-fuer-datenkompetenz\/#article","isPartOf":{"@id":"https:\/\/news.save.ch\/schweizer-data-literacy-charta-als-grundlage-fuer-datenkompetenz\/"},"author":{"name":"stefanie Zeng","@id":"https:\/\/news.save.ch\/de\/#\/schema\/person\/10917387362b3961e882740f6cf6f2a2"},"headline":"Schweizer Data-Literacy-Charta als Grundlage f\u00fcr Datenkompetenz\u00a0","datePublished":"2024-05-20T11:53:36+00:00","dateModified":"2024-05-22T09:11:25+00:00","mainEntityOfPage":{"@id":"https:\/\/news.save.ch\/schweizer-data-literacy-charta-als-grundlage-fuer-datenkompetenz\/"},"wordCount":489,"publisher":{"@id":"https:\/\/news.save.ch\/de\/#organization"},"image":{"@id":"https:\/\/news.save.ch\/schweizer-data-literacy-charta-als-grundlage-fuer-datenkompetenz\/#primaryimage"},"thumbnailUrl":"https:\/\/news.save.ch\/wp-content\/uploads\/2024\/05\/Depositphotos_43443031_S.jpg","keywords":["Data Literacy","Datenkompetenz","Datenschutz"],"articleSection":["DIGITALISIERUNG"],"inLanguage":"de"},{"@type":"WebPage","@id":"https:\/\/news.save.ch\/schweizer-data-literacy-charta-als-grundlage-fuer-datenkompetenz\/","url":"https:\/\/news.save.ch\/schweizer-data-literacy-charta-als-grundlage-fuer-datenkompetenz\/","name":"Schweizer Data-Literacy-Charta als Grundlage f\u00fcr Datenkompetenz\u00a0 - Save","isPartOf":{"@id":"https:\/\/news.save.ch\/de\/#website"},"primaryImageOfPage":{"@id":"https:\/\/news.save.ch\/schweizer-data-literacy-charta-als-grundlage-fuer-datenkompetenz\/#primaryimage"},"image":{"@id":"https:\/\/news.save.ch\/schweizer-data-literacy-charta-als-grundlage-fuer-datenkompetenz\/#primaryimage"},"thumbnailUrl":"https:\/\/news.save.ch\/wp-content\/uploads\/2024\/05\/Depositphotos_43443031_S.jpg","datePublished":"2024-05-20T11:53:36+00:00","dateModified":"2024-05-22T09:11:25+00:00","description":"Die Akademien der Wissenschaften Schweiz ver\u00f6ffentlichen eine Data-Literacy-Charta f\u00fcr die Schweiz.","breadcrumb":{"@id":"https:\/\/news.save.ch\/schweizer-data-literacy-charta-als-grundlage-fuer-datenkompetenz\/#breadcrumb"},"inLanguage":"de","potentialAction":[{"@type":"ReadAction","target":["https:\/\/news.save.ch\/schweizer-data-literacy-charta-als-grundlage-fuer-datenkompetenz\/"]}]},{"@type":"ImageObject","inLanguage":"de","@id":"https:\/\/news.save.ch\/schweizer-data-literacy-charta-als-grundlage-fuer-datenkompetenz\/#primaryimage","url":"https:\/\/news.save.ch\/wp-content\/uploads\/2024\/05\/Depositphotos_43443031_S.jpg","contentUrl":"https:\/\/news.save.ch\/wp-content\/uploads\/2024\/05\/Depositphotos_43443031_S.jpg","width":1000,"height":667,"caption":"Bild: Depositphotos\/beawolf"},{"@type":"BreadcrumbList","@id":"https:\/\/news.save.ch\/schweizer-data-literacy-charta-als-grundlage-fuer-datenkompetenz\/#breadcrumb","itemListElement":[{"@type":"ListItem","position":1,"name":"Home","item":"https:\/\/news.save.ch\/de\/"},{"@type":"ListItem","position":2,"name":"Schweizer Data-Literacy-Charta als Grundlage f\u00fcr Datenkompetenz\u00a0"}]},{"@type":"WebSite","@id":"https:\/\/news.save.ch\/de\/#website","url":"https:\/\/news.save.ch\/de\/","name":"Save","description":"Schweizer Fachzeitschrift f\u00fcr Sicherheit","publisher":{"@id":"https:\/\/news.save.ch\/de\/#organization"},"potentialAction":[{"@type":"SearchAction","target":{"@type":"EntryPoint","urlTemplate":"https:\/\/news.save.ch\/de\/?s={search_term_string}"},"query-input":{"@type":"PropertyValueSpecification","valueRequired":true,"valueName":"search_term_string"}}],"inLanguage":"de"},{"@type":"Organization","@id":"https:\/\/news.save.ch\/de\/#organization","name":"Sicherheitsforum","url":"https:\/\/news.save.ch\/de\/","logo":{"@type":"ImageObject","inLanguage":"de","@id":"https:\/\/news.save.ch\/de\/#\/schema\/logo\/image\/","url":"https:\/\/news.save.ch\/wp-content\/uploads\/2022\/06\/Logo_SF_2012.png","contentUrl":"https:\/\/news.save.ch\/wp-content\/uploads\/2022\/06\/Logo_SF_2012.png","width":1100,"height":91,"caption":"Sicherheitsforum"},"image":{"@id":"https:\/\/news.save.ch\/de\/#\/schema\/logo\/image\/"}},{"@type":"Person","@id":"https:\/\/news.save.ch\/de\/#\/schema\/person\/10917387362b3961e882740f6cf6f2a2","name":"stefanie Zeng","image":{"@type":"ImageObject","inLanguage":"de","@id":"https:\/\/secure.gravatar.com\/avatar\/eac43faa6e40bb2c41068c95c9d78bbd94c476d5efdff7abaab80bb3ea681e06?s=96&d=mm&r=g","url":"https:\/\/secure.gravatar.com\/avatar\/eac43faa6e40bb2c41068c95c9d78bbd94c476d5efdff7abaab80bb3ea681e06?s=96&d=mm&r=g","contentUrl":"https:\/\/secure.gravatar.com\/avatar\/eac43faa6e40bb2c41068c95c9d78bbd94c476d5efdff7abaab80bb3ea681e06?s=96&d=mm&r=g","caption":"stefanie Zeng"},"url":"https:\/\/news.save.ch\/de\/author\/stefanie-zeng\/"}]}},"_links":{"self":[{"href":"https:\/\/news.save.ch\/de\/wp-json\/wp\/v2\/posts\/23114","targetHints":{"allow":["GET"]}}],"collection":[{"href":"https:\/\/news.save.ch\/de\/wp-json\/wp\/v2\/posts"}],"about":[{"href":"https:\/\/news.save.ch\/de\/wp-json\/wp\/v2\/types\/post"}],"author":[{"embeddable":true,"href":"https:\/\/news.save.ch\/de\/wp-json\/wp\/v2\/users\/31"}],"replies":[{"embeddable":true,"href":"https:\/\/news.save.ch\/de\/wp-json\/wp\/v2\/comments?post=23114"}],"version-history":[{"count":2,"href":"https:\/\/news.save.ch\/de\/wp-json\/wp\/v2\/posts\/23114\/revisions"}],"predecessor-version":[{"id":23148,"href":"https:\/\/news.save.ch\/de\/wp-json\/wp\/v2\/posts\/23114\/revisions\/23148"}],"wp:featuredmedia":[{"embeddable":true,"href":"https:\/\/news.save.ch\/de\/wp-json\/wp\/v2\/media\/23115"}],"wp:attachment":[{"href":"https:\/\/news.save.ch\/de\/wp-json\/wp\/v2\/media?parent=23114"}],"wp:term":[{"taxonomy":"category","embeddable":true,"href":"https:\/\/news.save.ch\/de\/wp-json\/wp\/v2\/categories?post=23114"},{"taxonomy":"post_tag","embeddable":true,"href":"https:\/\/news.save.ch\/de\/wp-json\/wp\/v2\/tags?post=23114"}],"curies":[{"name":"wp","href":"https:\/\/api.w.org\/{rel}","templated":true}]}}