{"id":23118,"date":"2024-05-16T17:14:29","date_gmt":"2024-05-16T15:14:29","guid":{"rendered":"https:\/\/news.save.ch\/?p=23118"},"modified":"2024-05-21T17:14:41","modified_gmt":"2024-05-21T15:14:41","slug":"mehr-umsatz-bei-siemens-in-der-schweiz","status":null,"type":"post","link":"https:\/\/news.save.ch\/de\/mehr-umsatz-bei-siemens-in-der-schweiz\/","title":{"rendered":"Mehr Umsatz bei Siemens in der Schweiz"},"content":{"rendered":"<div>\n<figure id=\"attachment_23119\" aria-describedby=\"caption-attachment-23119\" style=\"width: 1036px\" class=\"wp-caption alignnone\"><img loading=\"lazy\" decoding=\"async\" class=\"wp-image-23119 size-full\" src=\"https:\/\/news.save.ch\/wp-content\/uploads\/2024\/05\/im2018120119bt_300dpi_small.jpeg\" alt=\"\" width=\"1036\" height=\"777\" srcset=\"https:\/\/news.save.ch\/wp-content\/uploads\/2024\/05\/im2018120119bt_300dpi_small.jpeg 1036w, https:\/\/news.save.ch\/wp-content\/uploads\/2024\/05\/im2018120119bt_300dpi_small-680x510.jpeg 680w, https:\/\/news.save.ch\/wp-content\/uploads\/2024\/05\/im2018120119bt_300dpi_small-1024x768.jpeg 1024w, https:\/\/news.save.ch\/wp-content\/uploads\/2024\/05\/im2018120119bt_300dpi_small-768x576.jpeg 768w, https:\/\/news.save.ch\/wp-content\/uploads\/2024\/05\/im2018120119bt_300dpi_small-16x12.jpeg 16w, https:\/\/news.save.ch\/wp-content\/uploads\/2024\/05\/im2018120119bt_300dpi_small-375x281.jpeg 375w, https:\/\/news.save.ch\/wp-content\/uploads\/2024\/05\/im2018120119bt_300dpi_small-467x350.jpeg 467w, https:\/\/news.save.ch\/wp-content\/uploads\/2024\/05\/im2018120119bt_300dpi_small-1000x750.jpeg 1000w\" sizes=\"auto, (max-width: 1036px) 100vw, 1036px\" \/><figcaption id=\"caption-attachment-23119\" class=\"wp-caption-text\">Foto: Siemens<\/figcaption><\/figure>\n<\/div>\n<div><\/div>\n<div>Als einer der gr\u00f6ssten Technologiearbeitgeber im Land besch\u00e4ftigt Siemens mehr als 5900 Mitarbeitende in der Schweiz. Die positive Gesch\u00e4ftsentwicklung von Siemens in der Schweiz wird massgeblich durch digitale Produkte und L\u00f6sungen aus dem Siemens Xcelerator-Portfolio getrieben, welche Kundinnen und Kunden bei der Erreichung ihrer Nachhaltigkeits- und Digitalisierungsziele unterst\u00fctzen.<\/div>\n<div><\/div>\n<div>\u00abUnsere Technologien verbinden die digitale Welt mit der realen Welt\u00bb, sagt Matthias Rebellius, der im weltweiten Siemens-Vorstand f\u00fcr die Schweiz verantwortlich ist. \u00abMit unseren L\u00f6sungen und Systemen erm\u00f6glichen wir es unseren Kunden, einen positiven Beitrag zur Nachhaltigkeit zu leisten, und ich bin stolz darauf, dass wir auf dem besten Weg sind, die Netto-Null-Ziele bis 2030 auch f\u00fcr unseren eigenen Betrieb zu erreichen\u00bb, erkl\u00e4rt Rebellius.<\/div>\n<div><\/div>\n<div class=\"f-text\">Im laufenden Gesch\u00e4ftsjahr konnte Siemens in der Schweiz eine Vielzahl von zukunftsweisenden Kundenprojekte umsetzen.\u00a0Der Switzerland Innovation Park Biel\/Bienne beispielsweise hat ein neuartiges Angebot f\u00fcr ein wirkungsvolles Emissions-Management bei Industrieunternehmen lanciert und setzt dabei auf Siemens-Technologie. Die eingesetzte Software-L\u00f6sung SiGREEN aus dem Siemens Xcelerator-Portfolio verwendet bei der Erfassung des CO2-Fussabdrucks\u00a0von Industrieg\u00fctern\u00a0detaillierte Realdaten. Damit werden die Emissionswerte von Produkten entlang der gesamten Lieferkette zu einem wirkungsvollen Mess- und Steuerungsinstrument. So kann ein Fertigungsbetrieb gezielt Optimierungsmassnahmen\u00a0im Produktionsprozess identifizieren und umsetzen.<\/div>\n<div><\/div>\n<div class=\"f-text\">Ein weiteres innovatives Projekt konnte Siemens mit der Matterhorn-Gotthard Bahn umsetzten. Das Bahnunternehmen implementiert nach einem erfolgreichen Pilotprojekt das RailXplore ATM-Tool von Siemens Mobility auf dem kompletten Streckennetz. Bis Ende 2024 werden 18 Stationen und knapp 170 Weichen mit einer digitalen L\u00f6sung zur Weichendiagnosis ausger\u00fcstet. Das System \u00fcberwacht kontinuierlich den Zustand der Weichen, um Probleme noch vor deren Auftreten zu identifizieren. Damit lassen sich Ausfallzeiten minimieren, die Zuverl\u00e4ssigkeit der Weichen erh\u00f6hen und die Effizienz der Wartungsprozesse steigern.<\/div>\n<div><\/div>\n<div class=\"f-text\">Auch Gerd Scheller, Country CEO von Siemens Schweiz ist mit dem Gesch\u00e4ftsverlauf zufrieden: \u00abDer technologische Fortschritt geht sehr dynamisch weiter und hilft dabei, unsere Welt nachhaltiger zu gestalten und uns als Unternehmen weiterzuentwickeln. Mit unseren digitalen L\u00f6sungen aus dem Siemens Xcelerator-Portfolio k\u00f6nnen wir in allen unseren Gesch\u00e4ften entscheidend zur nachhaltigen Entwicklung beitragen\u00bb, so Scheller.<\/div>\n<div><\/div>\n<div class=\"f-text\">In der Schweiz verf\u00fcgt Siemens \u00fcber eine starke Marktstellung in der Geb\u00e4udetechnik und Energieverteilung (Smart Infrastructure) sowie in der Industrie- und Antriebstechnik (Digital Industries und Siemens Industries Software). Eine f\u00fchrende Position h\u00e4lt das Unternehmen auch in der Bahntechnik (Siemens Mobility). Siemens ist zudem mehrheitlicher Eigent\u00fcmer von Siemens Healthineers, einem f\u00fchrenden Anbieter in der Medizintechnik mit starker Pr\u00e4senz in der Schweiz. Siemens Energy ist ein separat gef\u00fchrtes Unternehmen in der Energie\u00fcbertragung und -erzeugung, das auch in der Schweiz t\u00e4tig ist. Siemens h\u00e4lt eine Minderheitsbeteiligung an Siemens Energy.<\/div>\n<div>\n<div class=\"mceTemp\"><\/div>\n<\/div>\n<div class=\"f-text\">Die weltweiten Aktivit\u00e4ten von Siemens Smart Infrastructure (SI) werden vom Hauptsitz in Zug gesteuert. Matthias Rebellius leitet als CEO dieses globale Gesch\u00e4ft mit rund 75 000 Mitarbeitenden.<\/div>\n","protected":false},"excerpt":{"rendered":"<p>Als einer der gr\u00f6ssten Technologiearbeitgeber im Land besch\u00e4ftigt Siemens mehr als 5900 Mitarbeitende in der Schweiz. Die positive Gesch\u00e4ftsentwicklung von Siemens in der Schweiz wird massgeblich durch digitale Produkte und L\u00f6sungen aus dem Siemens Xcelerator-Portfolio getrieben, welche Kundinnen und Kunden bei der Erreichung ihrer Nachhaltigkeits- und Digitalisierungsziele unterst\u00fctzen. \u00abUnsere Technologien verbinden die digitale Welt mit [&hellip;]<\/p>\n","protected":false},"author":31,"featured_media":23119,"comment_status":"closed","ping_status":"closed","sticky":false,"template":"","format":"standard","meta":{"_acf_changed":false,"pgc_sgb_lightbox_settings":"","footnotes":""},"categories":[3317],"tags":[3368,518],"class_list":["post-23118","post","type-post","status-publish","format-standard","has-post-thumbnail","hentry","category-friends","tag-siemens-schweiz","tag-umsatzzahlen"],"acf":[],"hkrextid":null,"publication":null,"issue":null,"workflow":null,"startPage":null,"spitzmarke":null,"_posts_by_tag_page_fields":null,"_at_widget":null,"_yoast_wpseo_primary_category":"3317","_yoast_wpseo_focuskw_text_input":null,"_yoast_wpseo_opengraph-image":null,"_yoast_wpseo_opengraph-description":null,"_yoast_wpseo_opengraph-title":null,"enclosure":null,"_yoast_wpseo_twitter-title":null,"_yoast_wpseo_twitter-description":null,"_yoast_wpseo_twitter-image":null,"_wp_old_slug":null,"_yoast_wpseo_title":null,"_yoast_wpseo_canonical":null,"yoast_head":"<!-- This site is optimized with the Yoast SEO plugin v27.5 - https:\/\/yoast.com\/product\/yoast-seo-wordpress\/ -->\n<title>Mehr Umsatz bei Siemens in der Schweiz - Save<\/title>\n<meta name=\"description\" content=\"Siemens konnte in den ersten sechs Monaten des laufenden Gesch\u00e4ftsjahres 2024 den Umsatz in der Schweiz erneut steigern.\" \/>\n<meta name=\"robots\" content=\"index, follow, max-snippet:-1, max-image-preview:large, max-video-preview:-1\" \/>\n<link rel=\"canonical\" href=\"https:\/\/news.save.ch\/de\/mehr-umsatz-bei-siemens-in-der-schweiz\/\" \/>\n<meta property=\"og:locale\" content=\"de_DE\" \/>\n<meta property=\"og:type\" content=\"article\" \/>\n<meta property=\"og:title\" content=\"Mehr Umsatz bei Siemens in der Schweiz - Save\" \/>\n<meta property=\"og:description\" content=\"Siemens konnte in den ersten sechs Monaten des laufenden Gesch\u00e4ftsjahres 2024 den Umsatz in der Schweiz erneut steigern.\" \/>\n<meta property=\"og:url\" content=\"https:\/\/news.save.ch\/de\/mehr-umsatz-bei-siemens-in-der-schweiz\/\" \/>\n<meta property=\"og:site_name\" content=\"Save\" \/>\n<meta property=\"article:published_time\" content=\"2024-05-16T15:14:29+00:00\" \/>\n<meta property=\"article:modified_time\" content=\"2024-05-21T15:14:41+00:00\" \/>\n<meta property=\"og:image\" content=\"https:\/\/news.save.ch\/wp-content\/uploads\/2024\/05\/im2018120119bt_300dpi_small.jpeg\" \/>\n\t<meta property=\"og:image:width\" content=\"1036\" \/>\n\t<meta property=\"og:image:height\" content=\"777\" \/>\n\t<meta property=\"og:image:type\" content=\"image\/jpeg\" \/>\n<meta name=\"author\" content=\"stefanie Zeng\" \/>\n<meta name=\"twitter:card\" content=\"summary_large_image\" \/>\n<meta name=\"twitter:label1\" content=\"Geschrieben von\" \/>\n\t<meta name=\"twitter:data1\" content=\"stefanie Zeng\" \/>\n\t<meta name=\"twitter:label2\" content=\"Gesch\u00e4tzte Lesezeit\" \/>\n\t<meta name=\"twitter:data2\" content=\"3\u00a0Minuten\" \/>\n<script type=\"application\/ld+json\" class=\"yoast-schema-graph\">{\"@context\":\"https:\\\/\\\/schema.org\",\"@graph\":[{\"@type\":\"Article\",\"@id\":\"https:\\\/\\\/news.save.ch\\\/mehr-umsatz-bei-siemens-in-der-schweiz\\\/#article\",\"isPartOf\":{\"@id\":\"https:\\\/\\\/news.save.ch\\\/mehr-umsatz-bei-siemens-in-der-schweiz\\\/\"},\"author\":{\"name\":\"stefanie Zeng\",\"@id\":\"https:\\\/\\\/news.save.ch\\\/de\\\/#\\\/schema\\\/person\\\/10917387362b3961e882740f6cf6f2a2\"},\"headline\":\"Mehr Umsatz bei Siemens in der Schweiz\",\"datePublished\":\"2024-05-16T15:14:29+00:00\",\"dateModified\":\"2024-05-21T15:14:41+00:00\",\"mainEntityOfPage\":{\"@id\":\"https:\\\/\\\/news.save.ch\\\/mehr-umsatz-bei-siemens-in-der-schweiz\\\/\"},\"wordCount\":483,\"publisher\":{\"@id\":\"https:\\\/\\\/news.save.ch\\\/de\\\/#organization\"},\"image\":{\"@id\":\"https:\\\/\\\/news.save.ch\\\/mehr-umsatz-bei-siemens-in-der-schweiz\\\/#primaryimage\"},\"thumbnailUrl\":\"https:\\\/\\\/news.save.ch\\\/wp-content\\\/uploads\\\/2024\\\/05\\\/im2018120119bt_300dpi_small.jpeg\",\"keywords\":[\"Siemens Schweiz\",\"Umsatzzahlen\"],\"articleSection\":[\"FRIENDS\"],\"inLanguage\":\"de\"},{\"@type\":\"WebPage\",\"@id\":\"https:\\\/\\\/news.save.ch\\\/mehr-umsatz-bei-siemens-in-der-schweiz\\\/\",\"url\":\"https:\\\/\\\/news.save.ch\\\/mehr-umsatz-bei-siemens-in-der-schweiz\\\/\",\"name\":\"Mehr Umsatz bei Siemens in der Schweiz - Save\",\"isPartOf\":{\"@id\":\"https:\\\/\\\/news.save.ch\\\/de\\\/#website\"},\"primaryImageOfPage\":{\"@id\":\"https:\\\/\\\/news.save.ch\\\/mehr-umsatz-bei-siemens-in-der-schweiz\\\/#primaryimage\"},\"image\":{\"@id\":\"https:\\\/\\\/news.save.ch\\\/mehr-umsatz-bei-siemens-in-der-schweiz\\\/#primaryimage\"},\"thumbnailUrl\":\"https:\\\/\\\/news.save.ch\\\/wp-content\\\/uploads\\\/2024\\\/05\\\/im2018120119bt_300dpi_small.jpeg\",\"datePublished\":\"2024-05-16T15:14:29+00:00\",\"dateModified\":\"2024-05-21T15:14:41+00:00\",\"description\":\"Siemens konnte in den ersten sechs Monaten des laufenden Gesch\u00e4ftsjahres 2024 den Umsatz in der Schweiz erneut steigern.\",\"breadcrumb\":{\"@id\":\"https:\\\/\\\/news.save.ch\\\/mehr-umsatz-bei-siemens-in-der-schweiz\\\/#breadcrumb\"},\"inLanguage\":\"de\",\"potentialAction\":[{\"@type\":\"ReadAction\",\"target\":[\"https:\\\/\\\/news.save.ch\\\/mehr-umsatz-bei-siemens-in-der-schweiz\\\/\"]}]},{\"@type\":\"ImageObject\",\"inLanguage\":\"de\",\"@id\":\"https:\\\/\\\/news.save.ch\\\/mehr-umsatz-bei-siemens-in-der-schweiz\\\/#primaryimage\",\"url\":\"https:\\\/\\\/news.save.ch\\\/wp-content\\\/uploads\\\/2024\\\/05\\\/im2018120119bt_300dpi_small.jpeg\",\"contentUrl\":\"https:\\\/\\\/news.save.ch\\\/wp-content\\\/uploads\\\/2024\\\/05\\\/im2018120119bt_300dpi_small.jpeg\",\"width\":1036,\"height\":777,\"caption\":\"Foto: Siemens\"},{\"@type\":\"BreadcrumbList\",\"@id\":\"https:\\\/\\\/news.save.ch\\\/mehr-umsatz-bei-siemens-in-der-schweiz\\\/#breadcrumb\",\"itemListElement\":[{\"@type\":\"ListItem\",\"position\":1,\"name\":\"Home\",\"item\":\"https:\\\/\\\/news.save.ch\\\/de\\\/\"},{\"@type\":\"ListItem\",\"position\":2,\"name\":\"Mehr Umsatz bei Siemens in der Schweiz\"}]},{\"@type\":\"WebSite\",\"@id\":\"https:\\\/\\\/news.save.ch\\\/de\\\/#website\",\"url\":\"https:\\\/\\\/news.save.ch\\\/de\\\/\",\"name\":\"Save\",\"description\":\"Schweizer Fachzeitschrift f\u00fcr Sicherheit\",\"publisher\":{\"@id\":\"https:\\\/\\\/news.save.ch\\\/de\\\/#organization\"},\"potentialAction\":[{\"@type\":\"SearchAction\",\"target\":{\"@type\":\"EntryPoint\",\"urlTemplate\":\"https:\\\/\\\/news.save.ch\\\/de\\\/?s={search_term_string}\"},\"query-input\":{\"@type\":\"PropertyValueSpecification\",\"valueRequired\":true,\"valueName\":\"search_term_string\"}}],\"inLanguage\":\"de\"},{\"@type\":\"Organization\",\"@id\":\"https:\\\/\\\/news.save.ch\\\/de\\\/#organization\",\"name\":\"Sicherheitsforum\",\"url\":\"https:\\\/\\\/news.save.ch\\\/de\\\/\",\"logo\":{\"@type\":\"ImageObject\",\"inLanguage\":\"de\",\"@id\":\"https:\\\/\\\/news.save.ch\\\/de\\\/#\\\/schema\\\/logo\\\/image\\\/\",\"url\":\"https:\\\/\\\/news.save.ch\\\/wp-content\\\/uploads\\\/2022\\\/06\\\/Logo_SF_2012.png\",\"contentUrl\":\"https:\\\/\\\/news.save.ch\\\/wp-content\\\/uploads\\\/2022\\\/06\\\/Logo_SF_2012.png\",\"width\":1100,\"height\":91,\"caption\":\"Sicherheitsforum\"},\"image\":{\"@id\":\"https:\\\/\\\/news.save.ch\\\/de\\\/#\\\/schema\\\/logo\\\/image\\\/\"}},{\"@type\":\"Person\",\"@id\":\"https:\\\/\\\/news.save.ch\\\/de\\\/#\\\/schema\\\/person\\\/10917387362b3961e882740f6cf6f2a2\",\"name\":\"stefanie Zeng\",\"image\":{\"@type\":\"ImageObject\",\"inLanguage\":\"de\",\"@id\":\"https:\\\/\\\/secure.gravatar.com\\\/avatar\\\/eac43faa6e40bb2c41068c95c9d78bbd94c476d5efdff7abaab80bb3ea681e06?s=96&d=mm&r=g\",\"url\":\"https:\\\/\\\/secure.gravatar.com\\\/avatar\\\/eac43faa6e40bb2c41068c95c9d78bbd94c476d5efdff7abaab80bb3ea681e06?s=96&d=mm&r=g\",\"contentUrl\":\"https:\\\/\\\/secure.gravatar.com\\\/avatar\\\/eac43faa6e40bb2c41068c95c9d78bbd94c476d5efdff7abaab80bb3ea681e06?s=96&d=mm&r=g\",\"caption\":\"stefanie Zeng\"},\"url\":\"https:\\\/\\\/news.save.ch\\\/de\\\/author\\\/stefanie-zeng\\\/\"}]}<\/script>\n<!-- \/ Yoast SEO plugin. -->","yoast_head_json":{"title":"Mehr Umsatz bei Siemens in der Schweiz - Save","description":"Siemens konnte in den ersten sechs Monaten des laufenden Gesch\u00e4ftsjahres 2024 den Umsatz in der Schweiz erneut steigern.","robots":{"index":"index","follow":"follow","max-snippet":"max-snippet:-1","max-image-preview":"max-image-preview:large","max-video-preview":"max-video-preview:-1"},"canonical":"https:\/\/news.save.ch\/de\/mehr-umsatz-bei-siemens-in-der-schweiz\/","og_locale":"de_DE","og_type":"article","og_title":"Mehr Umsatz bei Siemens in der Schweiz - Save","og_description":"Siemens konnte in den ersten sechs Monaten des laufenden Gesch\u00e4ftsjahres 2024 den Umsatz in der Schweiz erneut steigern.","og_url":"https:\/\/news.save.ch\/de\/mehr-umsatz-bei-siemens-in-der-schweiz\/","og_site_name":"Save","article_published_time":"2024-05-16T15:14:29+00:00","article_modified_time":"2024-05-21T15:14:41+00:00","og_image":[{"width":1036,"height":777,"url":"https:\/\/news.save.ch\/wp-content\/uploads\/2024\/05\/im2018120119bt_300dpi_small.jpeg","type":"image\/jpeg"}],"author":"stefanie Zeng","twitter_card":"summary_large_image","twitter_misc":{"Geschrieben von":"stefanie Zeng","Gesch\u00e4tzte Lesezeit":"3\u00a0Minuten"},"schema":{"@context":"https:\/\/schema.org","@graph":[{"@type":"Article","@id":"https:\/\/news.save.ch\/mehr-umsatz-bei-siemens-in-der-schweiz\/#article","isPartOf":{"@id":"https:\/\/news.save.ch\/mehr-umsatz-bei-siemens-in-der-schweiz\/"},"author":{"name":"stefanie Zeng","@id":"https:\/\/news.save.ch\/de\/#\/schema\/person\/10917387362b3961e882740f6cf6f2a2"},"headline":"Mehr Umsatz bei Siemens in der Schweiz","datePublished":"2024-05-16T15:14:29+00:00","dateModified":"2024-05-21T15:14:41+00:00","mainEntityOfPage":{"@id":"https:\/\/news.save.ch\/mehr-umsatz-bei-siemens-in-der-schweiz\/"},"wordCount":483,"publisher":{"@id":"https:\/\/news.save.ch\/de\/#organization"},"image":{"@id":"https:\/\/news.save.ch\/mehr-umsatz-bei-siemens-in-der-schweiz\/#primaryimage"},"thumbnailUrl":"https:\/\/news.save.ch\/wp-content\/uploads\/2024\/05\/im2018120119bt_300dpi_small.jpeg","keywords":["Siemens Schweiz","Umsatzzahlen"],"articleSection":["FRIENDS"],"inLanguage":"de"},{"@type":"WebPage","@id":"https:\/\/news.save.ch\/mehr-umsatz-bei-siemens-in-der-schweiz\/","url":"https:\/\/news.save.ch\/mehr-umsatz-bei-siemens-in-der-schweiz\/","name":"Mehr Umsatz bei Siemens in der Schweiz - Save","isPartOf":{"@id":"https:\/\/news.save.ch\/de\/#website"},"primaryImageOfPage":{"@id":"https:\/\/news.save.ch\/mehr-umsatz-bei-siemens-in-der-schweiz\/#primaryimage"},"image":{"@id":"https:\/\/news.save.ch\/mehr-umsatz-bei-siemens-in-der-schweiz\/#primaryimage"},"thumbnailUrl":"https:\/\/news.save.ch\/wp-content\/uploads\/2024\/05\/im2018120119bt_300dpi_small.jpeg","datePublished":"2024-05-16T15:14:29+00:00","dateModified":"2024-05-21T15:14:41+00:00","description":"Siemens konnte in den ersten sechs Monaten des laufenden Gesch\u00e4ftsjahres 2024 den Umsatz in der Schweiz erneut steigern.","breadcrumb":{"@id":"https:\/\/news.save.ch\/mehr-umsatz-bei-siemens-in-der-schweiz\/#breadcrumb"},"inLanguage":"de","potentialAction":[{"@type":"ReadAction","target":["https:\/\/news.save.ch\/mehr-umsatz-bei-siemens-in-der-schweiz\/"]}]},{"@type":"ImageObject","inLanguage":"de","@id":"https:\/\/news.save.ch\/mehr-umsatz-bei-siemens-in-der-schweiz\/#primaryimage","url":"https:\/\/news.save.ch\/wp-content\/uploads\/2024\/05\/im2018120119bt_300dpi_small.jpeg","contentUrl":"https:\/\/news.save.ch\/wp-content\/uploads\/2024\/05\/im2018120119bt_300dpi_small.jpeg","width":1036,"height":777,"caption":"Foto: Siemens"},{"@type":"BreadcrumbList","@id":"https:\/\/news.save.ch\/mehr-umsatz-bei-siemens-in-der-schweiz\/#breadcrumb","itemListElement":[{"@type":"ListItem","position":1,"name":"Home","item":"https:\/\/news.save.ch\/de\/"},{"@type":"ListItem","position":2,"name":"Mehr Umsatz bei Siemens in der Schweiz"}]},{"@type":"WebSite","@id":"https:\/\/news.save.ch\/de\/#website","url":"https:\/\/news.save.ch\/de\/","name":"Save","description":"Schweizer Fachzeitschrift f\u00fcr Sicherheit","publisher":{"@id":"https:\/\/news.save.ch\/de\/#organization"},"potentialAction":[{"@type":"SearchAction","target":{"@type":"EntryPoint","urlTemplate":"https:\/\/news.save.ch\/de\/?s={search_term_string}"},"query-input":{"@type":"PropertyValueSpecification","valueRequired":true,"valueName":"search_term_string"}}],"inLanguage":"de"},{"@type":"Organization","@id":"https:\/\/news.save.ch\/de\/#organization","name":"Sicherheitsforum","url":"https:\/\/news.save.ch\/de\/","logo":{"@type":"ImageObject","inLanguage":"de","@id":"https:\/\/news.save.ch\/de\/#\/schema\/logo\/image\/","url":"https:\/\/news.save.ch\/wp-content\/uploads\/2022\/06\/Logo_SF_2012.png","contentUrl":"https:\/\/news.save.ch\/wp-content\/uploads\/2022\/06\/Logo_SF_2012.png","width":1100,"height":91,"caption":"Sicherheitsforum"},"image":{"@id":"https:\/\/news.save.ch\/de\/#\/schema\/logo\/image\/"}},{"@type":"Person","@id":"https:\/\/news.save.ch\/de\/#\/schema\/person\/10917387362b3961e882740f6cf6f2a2","name":"stefanie Zeng","image":{"@type":"ImageObject","inLanguage":"de","@id":"https:\/\/secure.gravatar.com\/avatar\/eac43faa6e40bb2c41068c95c9d78bbd94c476d5efdff7abaab80bb3ea681e06?s=96&d=mm&r=g","url":"https:\/\/secure.gravatar.com\/avatar\/eac43faa6e40bb2c41068c95c9d78bbd94c476d5efdff7abaab80bb3ea681e06?s=96&d=mm&r=g","contentUrl":"https:\/\/secure.gravatar.com\/avatar\/eac43faa6e40bb2c41068c95c9d78bbd94c476d5efdff7abaab80bb3ea681e06?s=96&d=mm&r=g","caption":"stefanie Zeng"},"url":"https:\/\/news.save.ch\/de\/author\/stefanie-zeng\/"}]}},"_links":{"self":[{"href":"https:\/\/news.save.ch\/de\/wp-json\/wp\/v2\/posts\/23118","targetHints":{"allow":["GET"]}}],"collection":[{"href":"https:\/\/news.save.ch\/de\/wp-json\/wp\/v2\/posts"}],"about":[{"href":"https:\/\/news.save.ch\/de\/wp-json\/wp\/v2\/types\/post"}],"author":[{"embeddable":true,"href":"https:\/\/news.save.ch\/de\/wp-json\/wp\/v2\/users\/31"}],"replies":[{"embeddable":true,"href":"https:\/\/news.save.ch\/de\/wp-json\/wp\/v2\/comments?post=23118"}],"version-history":[{"count":1,"href":"https:\/\/news.save.ch\/de\/wp-json\/wp\/v2\/posts\/23118\/revisions"}],"predecessor-version":[{"id":23120,"href":"https:\/\/news.save.ch\/de\/wp-json\/wp\/v2\/posts\/23118\/revisions\/23120"}],"wp:featuredmedia":[{"embeddable":true,"href":"https:\/\/news.save.ch\/de\/wp-json\/wp\/v2\/media\/23119"}],"wp:attachment":[{"href":"https:\/\/news.save.ch\/de\/wp-json\/wp\/v2\/media?parent=23118"}],"wp:term":[{"taxonomy":"category","embeddable":true,"href":"https:\/\/news.save.ch\/de\/wp-json\/wp\/v2\/categories?post=23118"},{"taxonomy":"post_tag","embeddable":true,"href":"https:\/\/news.save.ch\/de\/wp-json\/wp\/v2\/tags?post=23118"}],"curies":[{"name":"wp","href":"https:\/\/api.w.org\/{rel}","templated":true}]}}