{"id":23224,"date":"2024-06-04T14:40:01","date_gmt":"2024-06-04T12:40:01","guid":{"rendered":"https:\/\/news.save.ch\/?p=23224"},"modified":"2024-06-13T15:06:08","modified_gmt":"2024-06-13T13:06:08","slug":"sicherheit-als-wichtiges-thema-in-der-schule-lancierung-des-bildungsmediums-wie-sicher-sind-wir","status":null,"type":"post","link":"https:\/\/news.save.ch\/de\/sicherheit-als-wichtiges-thema-in-der-schule-lancierung-des-bildungsmediums-wie-sicher-sind-wir\/","title":{"rendered":"Sicherheit als wichtiges Thema in der Schule: Lancierung des Bildungsmediums \u00abWie sicher sind wir?\u00bb"},"content":{"rendered":"<figure id=\"attachment_23225\" aria-describedby=\"caption-attachment-23225\" style=\"width: 999px\" class=\"wp-caption alignnone\"><a href=\"https:\/\/news.save.ch\/sicherheit-als-wichtiges-thema-in-der-schule-lancierung-des-bildungsmediums-wie-sicher-sind-wir\/depositphotos_163715416_s\/\" rel=\"attachment wp-att-23225\"><img loading=\"lazy\" decoding=\"async\" class=\"size-full wp-image-23225\" src=\"https:\/\/news.save.ch\/wp-content\/uploads\/2024\/06\/Depositphotos_163715416_S.jpg\" alt=\"\" width=\"999\" height=\"667\" srcset=\"https:\/\/news.save.ch\/wp-content\/uploads\/2024\/06\/Depositphotos_163715416_S.jpg 999w, https:\/\/news.save.ch\/wp-content\/uploads\/2024\/06\/Depositphotos_163715416_S-680x454.jpg 680w, https:\/\/news.save.ch\/wp-content\/uploads\/2024\/06\/Depositphotos_163715416_S-768x513.jpg 768w, https:\/\/news.save.ch\/wp-content\/uploads\/2024\/06\/Depositphotos_163715416_S-18x12.jpg 18w, https:\/\/news.save.ch\/wp-content\/uploads\/2024\/06\/Depositphotos_163715416_S-375x250.jpg 375w, https:\/\/news.save.ch\/wp-content\/uploads\/2024\/06\/Depositphotos_163715416_S-524x350.jpg 524w\" sizes=\"auto, (max-width: 999px) 100vw, 999px\" \/><\/a><figcaption id=\"caption-attachment-23225\" class=\"wp-caption-text\">Foto: Depositphotos\/ArturVerkhovetskiy<\/figcaption><\/figure>\n<p>Das hybride Bildungsmedium, bestehend aus der 90-seitigen Brosch\u00fcre im Format A4 und der Website <a href=\"https:\/\/www.sicherheits-politik.ch\/\">sicherheits-politik.ch<\/a>, bringt den Lernenden von Maturit\u00e4ts- und Berufsfachschulen die facettenreichen Handlungsfelder der Schweizer Sicherheitspolitik n\u00e4her. Es erm\u00f6glicht ihnen die entdeckende Auseinandersetzung mit unterschiedlichen Bedrohungen und Gefahren sowie mit den entsprechenden sicherheitspolitischen Institutionen und Massnahmen.<\/p>\n<h3>Drei Module<\/h3>\n<p>\u00abWie sicher sind wir?\u00bb ist in drei Module gegliedert: Im interdisziplin\u00e4ren Grundmodul befassen sich die Lernenden mit den aktuellen Herausforderungen der Sicherheitspolitik der Schweiz. Im historischen Modul lernen die Jugendlichen verschiedene Personen kennen, die in sicherheitspolitisch relevante Ereignisse involviert waren, und erfahren so die Sicherheitspolitik im Wandel der Zeit. Das politische Modul erfordert die Auseinandersetzung mit Fragen der Schweizer Sicherheitspolitik, die in der Gesellschaft kontrovers diskutiert werden.<\/p>\n<h3>Drei Sprachen<\/h3>\n<p>Dass das Lehrmittel gleichzeitig auf Deutsch, Franz\u00f6sisch und Italienisch erscheint, ist aufgrund der unterschiedlichen Lehrpl\u00e4ne und Unterrichtskulturen auch in der Schweiz eine Seltenheit und war nur m\u00f6glich dank dem breit aufgestellten Entwicklungs- und Produktionsteam. Herausgegeben wird das Bildungsmedium von der P\u00e4dagogischen Hochschule Luzern und dem Kommando Ausbildung der Schweizer Armee in Zusammenarbeit mit der Scuola universitaria professionale della Svizzera italiana sowie dem hep Verlag und den \u00c9ditions Loisirs et P\u00e9dagogie. W\u00e4hrend der Entwicklung wurde das Bildungsmedium in mehreren Schulen erprobt.<\/p>\n<h3>Drei Statements<\/h3>\n<p>Dr. Armin Hartmann, Bildungs- und Kulturdirektor des Kantons Luzern, betonte in seinem Grusswort anl\u00e4sslich der Lancierung des neuen Lehrmittels in Luzern die Wichtigkeit der Institutions- und Sprachraum-\u00fcbergreifenden Zusammenarbeit in der schulischen Bildung. Gerade die Kooperation P\u00e4dagogischer Hochschulen mit verschiedenen staatlichen Institutionen biete grosse Chancen f\u00fcr die Vermittlung. Als besonders wichtig erachtet der Regierungsrat auch den interdisziplin\u00e4ren Zugang zum Thema und das breite Sicherheitsverst\u00e4ndnis, das darin zum Ausdruck kommt.<\/p>\n<p>Prof. Dr. Peter Gautschi, Leiter des Instituts f\u00fcr Geschichtsdidaktik und Erinnerungskulturen an der PH Luzern, f\u00fchrte aus, wie wichtig in der heutigen Zeit historisches Lernen sei. Schule biete die einmalige Gelegenheit, dass Jugendliche sich in gesch\u00fctztem Raum mit wichtigen Fragen des gesellschaftlichen Zusammenlebens besch\u00e4ftigen k\u00f6nnen. Neben der Lehrerinnen- und Lehrerbildung und der Lehrpl\u00e4ne seien es vor allem die Bildungsmedien, die den heutigen Unterrichtsalltag pr\u00e4gen. Und hier zeige sich, dass gerade hybride Angebote wirkungsvolle Impulse setzen k\u00f6nnen, gerade so wie Website und Brosch\u00fcre bei \u00abWie sicher sind wir?\u00bb.<\/p>\n<p>Frau Division\u00e4r Germaine J.F. Seewer erinnerte im Roundtable-Gespr\u00e4ch zum Abschluss der Vernissage in Luzern daran, welche Bedeutung politische und damit auch sicherheitspolitische Bildung in der Schweizer Demokratie haben sollte. Dabei stellt sie klar, dass Sicherheit nicht eine reine Armeeaufgabe ist, sondern eine Verbundsaufgabe mit Beteiligung der Armee. F\u00fcr Seewer ist aber auch wichtig, dass sich Jugendliche mit der Frage besch\u00e4ftigen, welchen pers\u00f6nlichen Beitrag sie ganz konkret f\u00fcr die eigene Sicherheit und f\u00fcr jene von anderen hier lebenden Menschen leisten k\u00f6nnen.<\/p>\n<p>Das Lehrmittel wurde durch Stiftungsgelder finanziert und kann deshalb \u00fcber die eingangs erw\u00e4hnte Website unentgeltlich bestellt werden, auf Deutsch beim hep Verlag, auf Franz\u00f6sisch bei den \u00c9ditions Loisirs et P\u00e9dagogie und auf Italienisch bei der Scuola universitaria professionale della Svizzera italiana.<\/p>\n<p><em>Quelle: vtg.admin.ch<\/em><\/p>\n","protected":false},"excerpt":{"rendered":"<p>Das hybride Bildungsmedium, bestehend aus der 90-seitigen Brosch\u00fcre im Format A4 und der Website sicherheits-politik.ch, bringt den Lernenden von Maturit\u00e4ts- und Berufsfachschulen die facettenreichen Handlungsfelder der Schweizer Sicherheitspolitik n\u00e4her. Es erm\u00f6glicht ihnen die entdeckende Auseinandersetzung mit unterschiedlichen Bedrohungen und Gefahren sowie mit den entsprechenden sicherheitspolitischen Institutionen und Massnahmen. Drei Module \u00abWie sicher sind wir?\u00bb ist [&hellip;]<\/p>\n","protected":false},"author":31,"featured_media":23225,"comment_status":"closed","ping_status":"closed","sticky":false,"template":"","format":"standard","meta":{"_acf_changed":false,"pgc_sgb_lightbox_settings":"","footnotes":""},"categories":[3312],"tags":[6431,2859,310],"class_list":["post-23224","post","type-post","status-publish","format-standard","has-post-thumbnail","hentry","category-sicherheit","tag-bildung","tag-schule","tag-sicherheit"],"acf":[],"hkrextid":null,"publication":null,"issue":null,"workflow":null,"startPage":null,"spitzmarke":null,"_posts_by_tag_page_fields":null,"_at_widget":null,"_yoast_wpseo_primary_category":"3312","_yoast_wpseo_focuskw_text_input":null,"_yoast_wpseo_opengraph-image":null,"_yoast_wpseo_opengraph-description":null,"_yoast_wpseo_opengraph-title":null,"enclosure":null,"_yoast_wpseo_twitter-title":null,"_yoast_wpseo_twitter-description":null,"_yoast_wpseo_twitter-image":null,"_wp_old_slug":null,"_yoast_wpseo_title":null,"_yoast_wpseo_canonical":null,"yoast_head":"<!-- This site is optimized with the Yoast SEO plugin v27.4 - https:\/\/yoast.com\/product\/yoast-seo-wordpress\/ -->\n<title>Sicherheit als wichtiges Thema in der Schule: Lancierung des Bildungsmediums \u00abWie sicher sind wir?\u00bb - Save<\/title>\n<meta name=\"description\" content=\"Sicherheit als wichtiges Thema in der Schule: Lancierung des Bildungsmediums \u00abWie sicher sind wir?\u00bb\" \/>\n<meta name=\"robots\" content=\"index, follow, max-snippet:-1, max-image-preview:large, max-video-preview:-1\" \/>\n<link rel=\"canonical\" href=\"https:\/\/news.save.ch\/de\/sicherheit-als-wichtiges-thema-in-der-schule-lancierung-des-bildungsmediums-wie-sicher-sind-wir\/\" \/>\n<meta property=\"og:locale\" content=\"de_DE\" \/>\n<meta property=\"og:type\" content=\"article\" \/>\n<meta property=\"og:title\" content=\"Sicherheit als wichtiges Thema in der Schule: Lancierung des Bildungsmediums \u00abWie sicher sind wir?\u00bb - Save\" \/>\n<meta property=\"og:description\" content=\"Sicherheit als wichtiges Thema in der Schule: Lancierung des Bildungsmediums \u00abWie sicher sind wir?\u00bb\" \/>\n<meta property=\"og:url\" content=\"https:\/\/news.save.ch\/de\/sicherheit-als-wichtiges-thema-in-der-schule-lancierung-des-bildungsmediums-wie-sicher-sind-wir\/\" \/>\n<meta property=\"og:site_name\" content=\"Save\" \/>\n<meta property=\"article:published_time\" content=\"2024-06-04T12:40:01+00:00\" \/>\n<meta property=\"article:modified_time\" content=\"2024-06-13T13:06:08+00:00\" \/>\n<meta property=\"og:image\" content=\"https:\/\/news.save.ch\/wp-content\/uploads\/2024\/06\/Depositphotos_163715416_S.jpg\" \/>\n\t<meta property=\"og:image:width\" content=\"999\" \/>\n\t<meta property=\"og:image:height\" content=\"667\" \/>\n\t<meta property=\"og:image:type\" content=\"image\/jpeg\" \/>\n<meta name=\"author\" content=\"stefanie Zeng\" \/>\n<meta name=\"twitter:card\" content=\"summary_large_image\" \/>\n<meta name=\"twitter:label1\" content=\"Geschrieben von\" \/>\n\t<meta name=\"twitter:data1\" content=\"stefanie Zeng\" \/>\n\t<meta name=\"twitter:label2\" content=\"Gesch\u00e4tzte Lesezeit\" \/>\n\t<meta name=\"twitter:data2\" content=\"4\u00a0Minuten\" \/>\n<script type=\"application\/ld+json\" class=\"yoast-schema-graph\">{\"@context\":\"https:\\\/\\\/schema.org\",\"@graph\":[{\"@type\":\"Article\",\"@id\":\"https:\\\/\\\/news.save.ch\\\/sicherheit-als-wichtiges-thema-in-der-schule-lancierung-des-bildungsmediums-wie-sicher-sind-wir\\\/#article\",\"isPartOf\":{\"@id\":\"https:\\\/\\\/news.save.ch\\\/sicherheit-als-wichtiges-thema-in-der-schule-lancierung-des-bildungsmediums-wie-sicher-sind-wir\\\/\"},\"author\":{\"name\":\"stefanie Zeng\",\"@id\":\"https:\\\/\\\/news.save.ch\\\/de\\\/#\\\/schema\\\/person\\\/10917387362b3961e882740f6cf6f2a2\"},\"headline\":\"Sicherheit als wichtiges Thema in der Schule: Lancierung des Bildungsmediums \u00abWie sicher sind wir?\u00bb\",\"datePublished\":\"2024-06-04T12:40:01+00:00\",\"dateModified\":\"2024-06-13T13:06:08+00:00\",\"mainEntityOfPage\":{\"@id\":\"https:\\\/\\\/news.save.ch\\\/sicherheit-als-wichtiges-thema-in-der-schule-lancierung-des-bildungsmediums-wie-sicher-sind-wir\\\/\"},\"wordCount\":544,\"publisher\":{\"@id\":\"https:\\\/\\\/news.save.ch\\\/de\\\/#organization\"},\"image\":{\"@id\":\"https:\\\/\\\/news.save.ch\\\/sicherheit-als-wichtiges-thema-in-der-schule-lancierung-des-bildungsmediums-wie-sicher-sind-wir\\\/#primaryimage\"},\"thumbnailUrl\":\"https:\\\/\\\/news.save.ch\\\/wp-content\\\/uploads\\\/2024\\\/06\\\/Depositphotos_163715416_S.jpg\",\"keywords\":[\"Bildung\",\"Schule\",\"Sicherheit\"],\"articleSection\":[\"SICHERHEIT\"],\"inLanguage\":\"de\"},{\"@type\":\"WebPage\",\"@id\":\"https:\\\/\\\/news.save.ch\\\/sicherheit-als-wichtiges-thema-in-der-schule-lancierung-des-bildungsmediums-wie-sicher-sind-wir\\\/\",\"url\":\"https:\\\/\\\/news.save.ch\\\/sicherheit-als-wichtiges-thema-in-der-schule-lancierung-des-bildungsmediums-wie-sicher-sind-wir\\\/\",\"name\":\"Sicherheit als wichtiges Thema in der Schule: Lancierung des Bildungsmediums \u00abWie sicher sind wir?\u00bb - Save\",\"isPartOf\":{\"@id\":\"https:\\\/\\\/news.save.ch\\\/de\\\/#website\"},\"primaryImageOfPage\":{\"@id\":\"https:\\\/\\\/news.save.ch\\\/sicherheit-als-wichtiges-thema-in-der-schule-lancierung-des-bildungsmediums-wie-sicher-sind-wir\\\/#primaryimage\"},\"image\":{\"@id\":\"https:\\\/\\\/news.save.ch\\\/sicherheit-als-wichtiges-thema-in-der-schule-lancierung-des-bildungsmediums-wie-sicher-sind-wir\\\/#primaryimage\"},\"thumbnailUrl\":\"https:\\\/\\\/news.save.ch\\\/wp-content\\\/uploads\\\/2024\\\/06\\\/Depositphotos_163715416_S.jpg\",\"datePublished\":\"2024-06-04T12:40:01+00:00\",\"dateModified\":\"2024-06-13T13:06:08+00:00\",\"description\":\"Sicherheit als wichtiges Thema in der Schule: Lancierung des Bildungsmediums \u00abWie sicher sind wir?\u00bb\",\"breadcrumb\":{\"@id\":\"https:\\\/\\\/news.save.ch\\\/sicherheit-als-wichtiges-thema-in-der-schule-lancierung-des-bildungsmediums-wie-sicher-sind-wir\\\/#breadcrumb\"},\"inLanguage\":\"de\",\"potentialAction\":[{\"@type\":\"ReadAction\",\"target\":[\"https:\\\/\\\/news.save.ch\\\/sicherheit-als-wichtiges-thema-in-der-schule-lancierung-des-bildungsmediums-wie-sicher-sind-wir\\\/\"]}]},{\"@type\":\"ImageObject\",\"inLanguage\":\"de\",\"@id\":\"https:\\\/\\\/news.save.ch\\\/sicherheit-als-wichtiges-thema-in-der-schule-lancierung-des-bildungsmediums-wie-sicher-sind-wir\\\/#primaryimage\",\"url\":\"https:\\\/\\\/news.save.ch\\\/wp-content\\\/uploads\\\/2024\\\/06\\\/Depositphotos_163715416_S.jpg\",\"contentUrl\":\"https:\\\/\\\/news.save.ch\\\/wp-content\\\/uploads\\\/2024\\\/06\\\/Depositphotos_163715416_S.jpg\",\"width\":999,\"height\":667,\"caption\":\"Foto: Depositphotos\\\/ArturVerkhovetskiy\"},{\"@type\":\"BreadcrumbList\",\"@id\":\"https:\\\/\\\/news.save.ch\\\/sicherheit-als-wichtiges-thema-in-der-schule-lancierung-des-bildungsmediums-wie-sicher-sind-wir\\\/#breadcrumb\",\"itemListElement\":[{\"@type\":\"ListItem\",\"position\":1,\"name\":\"Home\",\"item\":\"https:\\\/\\\/news.save.ch\\\/de\\\/\"},{\"@type\":\"ListItem\",\"position\":2,\"name\":\"Sicherheit als wichtiges Thema in der Schule: Lancierung des Bildungsmediums \u00abWie sicher sind wir?\u00bb\"}]},{\"@type\":\"WebSite\",\"@id\":\"https:\\\/\\\/news.save.ch\\\/de\\\/#website\",\"url\":\"https:\\\/\\\/news.save.ch\\\/de\\\/\",\"name\":\"Save\",\"description\":\"Schweizer Fachzeitschrift f\u00fcr Sicherheit\",\"publisher\":{\"@id\":\"https:\\\/\\\/news.save.ch\\\/de\\\/#organization\"},\"potentialAction\":[{\"@type\":\"SearchAction\",\"target\":{\"@type\":\"EntryPoint\",\"urlTemplate\":\"https:\\\/\\\/news.save.ch\\\/de\\\/?s={search_term_string}\"},\"query-input\":{\"@type\":\"PropertyValueSpecification\",\"valueRequired\":true,\"valueName\":\"search_term_string\"}}],\"inLanguage\":\"de\"},{\"@type\":\"Organization\",\"@id\":\"https:\\\/\\\/news.save.ch\\\/de\\\/#organization\",\"name\":\"Sicherheitsforum\",\"url\":\"https:\\\/\\\/news.save.ch\\\/de\\\/\",\"logo\":{\"@type\":\"ImageObject\",\"inLanguage\":\"de\",\"@id\":\"https:\\\/\\\/news.save.ch\\\/de\\\/#\\\/schema\\\/logo\\\/image\\\/\",\"url\":\"https:\\\/\\\/news.save.ch\\\/wp-content\\\/uploads\\\/2022\\\/06\\\/Logo_SF_2012.png\",\"contentUrl\":\"https:\\\/\\\/news.save.ch\\\/wp-content\\\/uploads\\\/2022\\\/06\\\/Logo_SF_2012.png\",\"width\":1100,\"height\":91,\"caption\":\"Sicherheitsforum\"},\"image\":{\"@id\":\"https:\\\/\\\/news.save.ch\\\/de\\\/#\\\/schema\\\/logo\\\/image\\\/\"}},{\"@type\":\"Person\",\"@id\":\"https:\\\/\\\/news.save.ch\\\/de\\\/#\\\/schema\\\/person\\\/10917387362b3961e882740f6cf6f2a2\",\"name\":\"stefanie Zeng\",\"image\":{\"@type\":\"ImageObject\",\"inLanguage\":\"de\",\"@id\":\"https:\\\/\\\/secure.gravatar.com\\\/avatar\\\/eac43faa6e40bb2c41068c95c9d78bbd94c476d5efdff7abaab80bb3ea681e06?s=96&d=mm&r=g\",\"url\":\"https:\\\/\\\/secure.gravatar.com\\\/avatar\\\/eac43faa6e40bb2c41068c95c9d78bbd94c476d5efdff7abaab80bb3ea681e06?s=96&d=mm&r=g\",\"contentUrl\":\"https:\\\/\\\/secure.gravatar.com\\\/avatar\\\/eac43faa6e40bb2c41068c95c9d78bbd94c476d5efdff7abaab80bb3ea681e06?s=96&d=mm&r=g\",\"caption\":\"stefanie Zeng\"},\"url\":\"https:\\\/\\\/news.save.ch\\\/de\\\/author\\\/stefanie-zeng\\\/\"}]}<\/script>\n<!-- \/ Yoast SEO plugin. -->","yoast_head_json":{"title":"Sicherheit als wichtiges Thema in der Schule: Lancierung des Bildungsmediums \u00abWie sicher sind wir?\u00bb - Save","description":"Sicherheit als wichtiges Thema in der Schule: Lancierung des Bildungsmediums \u00abWie sicher sind wir?\u00bb","robots":{"index":"index","follow":"follow","max-snippet":"max-snippet:-1","max-image-preview":"max-image-preview:large","max-video-preview":"max-video-preview:-1"},"canonical":"https:\/\/news.save.ch\/de\/sicherheit-als-wichtiges-thema-in-der-schule-lancierung-des-bildungsmediums-wie-sicher-sind-wir\/","og_locale":"de_DE","og_type":"article","og_title":"Sicherheit als wichtiges Thema in der Schule: Lancierung des Bildungsmediums \u00abWie sicher sind wir?\u00bb - Save","og_description":"Sicherheit als wichtiges Thema in der Schule: Lancierung des Bildungsmediums \u00abWie sicher sind wir?\u00bb","og_url":"https:\/\/news.save.ch\/de\/sicherheit-als-wichtiges-thema-in-der-schule-lancierung-des-bildungsmediums-wie-sicher-sind-wir\/","og_site_name":"Save","article_published_time":"2024-06-04T12:40:01+00:00","article_modified_time":"2024-06-13T13:06:08+00:00","og_image":[{"width":999,"height":667,"url":"https:\/\/news.save.ch\/wp-content\/uploads\/2024\/06\/Depositphotos_163715416_S.jpg","type":"image\/jpeg"}],"author":"stefanie Zeng","twitter_card":"summary_large_image","twitter_misc":{"Geschrieben von":"stefanie Zeng","Gesch\u00e4tzte Lesezeit":"4\u00a0Minuten"},"schema":{"@context":"https:\/\/schema.org","@graph":[{"@type":"Article","@id":"https:\/\/news.save.ch\/sicherheit-als-wichtiges-thema-in-der-schule-lancierung-des-bildungsmediums-wie-sicher-sind-wir\/#article","isPartOf":{"@id":"https:\/\/news.save.ch\/sicherheit-als-wichtiges-thema-in-der-schule-lancierung-des-bildungsmediums-wie-sicher-sind-wir\/"},"author":{"name":"stefanie Zeng","@id":"https:\/\/news.save.ch\/de\/#\/schema\/person\/10917387362b3961e882740f6cf6f2a2"},"headline":"Sicherheit als wichtiges Thema in der Schule: Lancierung des Bildungsmediums \u00abWie sicher sind wir?\u00bb","datePublished":"2024-06-04T12:40:01+00:00","dateModified":"2024-06-13T13:06:08+00:00","mainEntityOfPage":{"@id":"https:\/\/news.save.ch\/sicherheit-als-wichtiges-thema-in-der-schule-lancierung-des-bildungsmediums-wie-sicher-sind-wir\/"},"wordCount":544,"publisher":{"@id":"https:\/\/news.save.ch\/de\/#organization"},"image":{"@id":"https:\/\/news.save.ch\/sicherheit-als-wichtiges-thema-in-der-schule-lancierung-des-bildungsmediums-wie-sicher-sind-wir\/#primaryimage"},"thumbnailUrl":"https:\/\/news.save.ch\/wp-content\/uploads\/2024\/06\/Depositphotos_163715416_S.jpg","keywords":["Bildung","Schule","Sicherheit"],"articleSection":["SICHERHEIT"],"inLanguage":"de"},{"@type":"WebPage","@id":"https:\/\/news.save.ch\/sicherheit-als-wichtiges-thema-in-der-schule-lancierung-des-bildungsmediums-wie-sicher-sind-wir\/","url":"https:\/\/news.save.ch\/sicherheit-als-wichtiges-thema-in-der-schule-lancierung-des-bildungsmediums-wie-sicher-sind-wir\/","name":"Sicherheit als wichtiges Thema in der Schule: Lancierung des Bildungsmediums \u00abWie sicher sind wir?\u00bb - Save","isPartOf":{"@id":"https:\/\/news.save.ch\/de\/#website"},"primaryImageOfPage":{"@id":"https:\/\/news.save.ch\/sicherheit-als-wichtiges-thema-in-der-schule-lancierung-des-bildungsmediums-wie-sicher-sind-wir\/#primaryimage"},"image":{"@id":"https:\/\/news.save.ch\/sicherheit-als-wichtiges-thema-in-der-schule-lancierung-des-bildungsmediums-wie-sicher-sind-wir\/#primaryimage"},"thumbnailUrl":"https:\/\/news.save.ch\/wp-content\/uploads\/2024\/06\/Depositphotos_163715416_S.jpg","datePublished":"2024-06-04T12:40:01+00:00","dateModified":"2024-06-13T13:06:08+00:00","description":"Sicherheit als wichtiges Thema in der Schule: Lancierung des Bildungsmediums \u00abWie sicher sind wir?\u00bb","breadcrumb":{"@id":"https:\/\/news.save.ch\/sicherheit-als-wichtiges-thema-in-der-schule-lancierung-des-bildungsmediums-wie-sicher-sind-wir\/#breadcrumb"},"inLanguage":"de","potentialAction":[{"@type":"ReadAction","target":["https:\/\/news.save.ch\/sicherheit-als-wichtiges-thema-in-der-schule-lancierung-des-bildungsmediums-wie-sicher-sind-wir\/"]}]},{"@type":"ImageObject","inLanguage":"de","@id":"https:\/\/news.save.ch\/sicherheit-als-wichtiges-thema-in-der-schule-lancierung-des-bildungsmediums-wie-sicher-sind-wir\/#primaryimage","url":"https:\/\/news.save.ch\/wp-content\/uploads\/2024\/06\/Depositphotos_163715416_S.jpg","contentUrl":"https:\/\/news.save.ch\/wp-content\/uploads\/2024\/06\/Depositphotos_163715416_S.jpg","width":999,"height":667,"caption":"Foto: Depositphotos\/ArturVerkhovetskiy"},{"@type":"BreadcrumbList","@id":"https:\/\/news.save.ch\/sicherheit-als-wichtiges-thema-in-der-schule-lancierung-des-bildungsmediums-wie-sicher-sind-wir\/#breadcrumb","itemListElement":[{"@type":"ListItem","position":1,"name":"Home","item":"https:\/\/news.save.ch\/de\/"},{"@type":"ListItem","position":2,"name":"Sicherheit als wichtiges Thema in der Schule: Lancierung des Bildungsmediums \u00abWie sicher sind wir?\u00bb"}]},{"@type":"WebSite","@id":"https:\/\/news.save.ch\/de\/#website","url":"https:\/\/news.save.ch\/de\/","name":"Save","description":"Schweizer Fachzeitschrift f\u00fcr Sicherheit","publisher":{"@id":"https:\/\/news.save.ch\/de\/#organization"},"potentialAction":[{"@type":"SearchAction","target":{"@type":"EntryPoint","urlTemplate":"https:\/\/news.save.ch\/de\/?s={search_term_string}"},"query-input":{"@type":"PropertyValueSpecification","valueRequired":true,"valueName":"search_term_string"}}],"inLanguage":"de"},{"@type":"Organization","@id":"https:\/\/news.save.ch\/de\/#organization","name":"Sicherheitsforum","url":"https:\/\/news.save.ch\/de\/","logo":{"@type":"ImageObject","inLanguage":"de","@id":"https:\/\/news.save.ch\/de\/#\/schema\/logo\/image\/","url":"https:\/\/news.save.ch\/wp-content\/uploads\/2022\/06\/Logo_SF_2012.png","contentUrl":"https:\/\/news.save.ch\/wp-content\/uploads\/2022\/06\/Logo_SF_2012.png","width":1100,"height":91,"caption":"Sicherheitsforum"},"image":{"@id":"https:\/\/news.save.ch\/de\/#\/schema\/logo\/image\/"}},{"@type":"Person","@id":"https:\/\/news.save.ch\/de\/#\/schema\/person\/10917387362b3961e882740f6cf6f2a2","name":"stefanie Zeng","image":{"@type":"ImageObject","inLanguage":"de","@id":"https:\/\/secure.gravatar.com\/avatar\/eac43faa6e40bb2c41068c95c9d78bbd94c476d5efdff7abaab80bb3ea681e06?s=96&d=mm&r=g","url":"https:\/\/secure.gravatar.com\/avatar\/eac43faa6e40bb2c41068c95c9d78bbd94c476d5efdff7abaab80bb3ea681e06?s=96&d=mm&r=g","contentUrl":"https:\/\/secure.gravatar.com\/avatar\/eac43faa6e40bb2c41068c95c9d78bbd94c476d5efdff7abaab80bb3ea681e06?s=96&d=mm&r=g","caption":"stefanie Zeng"},"url":"https:\/\/news.save.ch\/de\/author\/stefanie-zeng\/"}]}},"_links":{"self":[{"href":"https:\/\/news.save.ch\/de\/wp-json\/wp\/v2\/posts\/23224","targetHints":{"allow":["GET"]}}],"collection":[{"href":"https:\/\/news.save.ch\/de\/wp-json\/wp\/v2\/posts"}],"about":[{"href":"https:\/\/news.save.ch\/de\/wp-json\/wp\/v2\/types\/post"}],"author":[{"embeddable":true,"href":"https:\/\/news.save.ch\/de\/wp-json\/wp\/v2\/users\/31"}],"replies":[{"embeddable":true,"href":"https:\/\/news.save.ch\/de\/wp-json\/wp\/v2\/comments?post=23224"}],"version-history":[{"count":4,"href":"https:\/\/news.save.ch\/de\/wp-json\/wp\/v2\/posts\/23224\/revisions"}],"predecessor-version":[{"id":23229,"href":"https:\/\/news.save.ch\/de\/wp-json\/wp\/v2\/posts\/23224\/revisions\/23229"}],"wp:featuredmedia":[{"embeddable":true,"href":"https:\/\/news.save.ch\/de\/wp-json\/wp\/v2\/media\/23225"}],"wp:attachment":[{"href":"https:\/\/news.save.ch\/de\/wp-json\/wp\/v2\/media?parent=23224"}],"wp:term":[{"taxonomy":"category","embeddable":true,"href":"https:\/\/news.save.ch\/de\/wp-json\/wp\/v2\/categories?post=23224"},{"taxonomy":"post_tag","embeddable":true,"href":"https:\/\/news.save.ch\/de\/wp-json\/wp\/v2\/tags?post=23224"}],"curies":[{"name":"wp","href":"https:\/\/api.w.org\/{rel}","templated":true}]}}