{"id":2326,"date":"2016-02-12T08:54:18","date_gmt":"2016-02-12T07:54:18","guid":{"rendered":"https:\/\/dev.sicherheitsforum.ch\/?p=2326"},"modified":"2016-02-12T08:54:18","modified_gmt":"2016-02-12T07:54:18","slug":"treffpunkt-der-westschweizer-sicherheitsbranche","status":null,"type":"post","link":"https:\/\/news.save.ch\/de\/treffpunkt-der-westschweizer-sicherheitsbranche\/","title":{"rendered":"Treffpunkt der Westschweizer Sicherheitsbranche"},"content":{"rendered":"<p><img loading=\"lazy\" decoding=\"async\" class=\"alignnone wp-image-2329 size-medium\" src=\"https:\/\/news.save.ch\/wp-content\/uploads\/2016\/12\/Treffpunkt-der-Westschweizer-Sicherheitsbranche1-sicherheitsforum.png\" width=\"680\" height=\"566\" srcset=\"https:\/\/news.save.ch\/wp-content\/uploads\/2016\/12\/Treffpunkt-der-Westschweizer-Sicherheitsbranche1-sicherheitsforum.png 801w, https:\/\/news.save.ch\/wp-content\/uploads\/2016\/12\/Treffpunkt-der-Westschweizer-Sicherheitsbranche1-sicherheitsforum-360x300.png 360w\" sizes=\"auto, (max-width: 680px) 100vw, 680px\" \/><\/p>\n<p><img loading=\"lazy\" decoding=\"async\" class=\"alignnone wp-image-2331 size-medium\" src=\"https:\/\/news.save.ch\/wp-content\/uploads\/2016\/12\/Treffpunkt-der-Westschweizer-Sicherheitsbranche2-sicherheitsforum.png\" width=\"680\" height=\"413\" srcset=\"https:\/\/news.save.ch\/wp-content\/uploads\/2016\/12\/Treffpunkt-der-Westschweizer-Sicherheitsbranche2-sicherheitsforum.png 2400w, https:\/\/news.save.ch\/wp-content\/uploads\/2016\/12\/Treffpunkt-der-Westschweizer-Sicherheitsbranche2-sicherheitsforum-375x228.png 375w\" sizes=\"auto, (max-width: 680px) 100vw, 680px\" \/><\/p>\n<p>Die Securite\u00a0Lausanne hat sich als Wissensplattform der Westschweizer Sicherheitsbranche etabliert. Gem\u00e4ss Angaben nahmen 75 Aussteller aus der Sicherheitsbranche sowie Verb\u00e4nde und Verlage bei der letzten Austragung im Jahr 2014 teil und lockten so \u00fcber 2000 Fachbesucher und Forum-Teilnehmer an.<\/p>\n<p><strong>Erfreulicher Anmeldestand<\/strong><\/p>\n<p>Aktuell laufen die Vorbereitungen zur Sicherheitsfachmesse in der Westschweiz (2. bis 4. November 2016), die wiederum in der Expo Beaulieu Lausanne stattfinden wird. Erneut kann die Messe auf die Unterst\u00fctzung der wichtigsten Branchenverb\u00e4nde z\u00e4hlen und die Nachfrage nach Standfl\u00e4chen ist bereits heute gross, wie die Exhibit &amp; More AG als Veranstalterin schreibt. Gem\u00e4ss Mitteilung haben sich bereits viele namhafte Unternehmen angemeldet. Momentan seien 25% davon Neuaussteller. Die S\u00e9curit\u00e9 Lausanne werde erneut alle Messethemen umfassend abdecken k\u00f6nnen, heisst es.<\/p>\n<p><strong>Fachwissen mit Fortbildungspunkten<\/strong><\/p>\n<p>Einen wichtigen Bestandteil der Fachmesse bildet das begleitende Forum Securite. Im Jahr 2014 registrierten sich laut Veranstalterin rund 900 Zuh\u00f6rer f\u00fcr die Vortr\u00e4ge. Es handelte sich um den gr\u00f6ssten je in der Romandie veranstalteten Fachkongress dieser Art. Auch dieses Jahr werde wieder viel Wert auf die hohe Qualit\u00e4t der Referate gelegt.<\/p>\n<p>Die wichtigsten Branchenverb\u00e4nde beteiligen sich an der Konzeption der Themenbl\u00f6cke und mehrere Verb\u00e4nde werden Fortbildungspunkte f\u00fcr die Teilnahme am Forum Securite\u00a02016 vergeben, wie abschliessend mitgeteilt wird.<\/p>\n<p>Die detaillierten Programme sind im Sommer 2016 als Printversion unter <a href=\"https:\/\/www.securite-expo.ch\" target=\"_blank\" data-cke-saved-href=\"https:\/\/www.securite-expo.ch\" rel=\"noopener\">www.securite-expo.ch\u200b<\/a> abrufbar. Die Teilnahme an den Referaten ist f\u00fcr Messebesucher kostenlos.<\/p>\n","protected":false},"excerpt":{"rendered":"<p>Die Securite\u00a0Lausanne hat sich als Wissensplattform der Westschweizer Sicherheitsbranche etabliert. Gem\u00e4ss Angaben nahmen 75 Aussteller aus der Sicherheitsbranche sowie Verb\u00e4nde und Verlage bei der letzten Austragung im Jahr 2014 teil und lockten so \u00fcber 2000 Fachbesucher und Forum-Teilnehmer an. Erfreulicher Anmeldestand Aktuell laufen die Vorbereitungen zur Sicherheitsfachmesse in der Westschweiz (2. bis 4. November 2016), [&hellip;]<\/p>\n","protected":false},"author":1,"featured_media":2329,"comment_status":"open","ping_status":"open","sticky":false,"template":"","format":"standard","meta":{"_acf_changed":false,"pgc_sgb_lightbox_settings":"","footnotes":""},"categories":[1],"tags":[109,84],"class_list":["post-2326","post","type-post","status-publish","format-standard","has-post-thumbnail","hentry","category-allgemein","tag-aus-und-weiterbildung","tag-fachkongressfachmesse"],"acf":[],"hkrextid":null,"publication":null,"issue":null,"workflow":null,"startPage":null,"spitzmarke":null,"_posts_by_tag_page_fields":{"widget_title":"","widget_tags":""},"_at_widget":"1","_yoast_wpseo_primary_category":"1","_yoast_wpseo_focuskw_text_input":"Westschweizer Sicherheitsbranche","_yoast_wpseo_opengraph-image":"https:\/\/news.save.ch\/wp-content\/uploads\/2016\/12\/Treffpunkt-der-Westschweizer-Sicherheitsbranche1-sicherheitsforum.png","_yoast_wpseo_opengraph-description":"Die Securite Lausanne und das begleitende Forum Securite haben nach drei Austragungen bereits einen hohen Stellenwert erreicht, wie die Exhibit & More AG als Veranstalterin schreibt. Jetzt laufen die Vorbereitungen f\u00fcr die vierte Veranstaltung, die vom 2. bis 4. November 2016 stattfindet, auf Hochtouren.","_yoast_wpseo_opengraph-title":"Treffpunkt der Westschweizer Sicherheitsbranche","enclosure":null,"_yoast_wpseo_twitter-title":null,"_yoast_wpseo_twitter-description":null,"_yoast_wpseo_twitter-image":null,"_wp_old_slug":null,"_yoast_wpseo_title":null,"_yoast_wpseo_canonical":null,"yoast_head":"<!-- This site is optimized with the Yoast SEO plugin v27.5 - https:\/\/yoast.com\/product\/yoast-seo-wordpress\/ -->\n<title>Treffpunkt der Westschweizer Sicherheitsbranche - Save<\/title>\n<meta name=\"description\" content=\"Westschweizer Sicherheitsbranche: Die Securite Lausanne und das Forum Securite haben nach drei Austragungen bereits einen hohen Stellenwert erreicht.\" \/>\n<meta name=\"robots\" content=\"index, follow, max-snippet:-1, max-image-preview:large, max-video-preview:-1\" \/>\n<link rel=\"canonical\" href=\"https:\/\/news.save.ch\/de\/treffpunkt-der-westschweizer-sicherheitsbranche\/\" \/>\n<meta property=\"og:locale\" content=\"de_DE\" \/>\n<meta property=\"og:type\" content=\"article\" \/>\n<meta property=\"og:title\" content=\"Treffpunkt der Westschweizer Sicherheitsbranche\" \/>\n<meta property=\"og:description\" content=\"Die Securite Lausanne und das begleitende Forum Securite haben nach drei Austragungen bereits einen hohen Stellenwert erreicht, wie die Exhibit &amp; More AG als Veranstalterin schreibt. Jetzt laufen die Vorbereitungen f\u00fcr die vierte Veranstaltung, die vom 2. bis 4. November 2016 stattfindet, auf Hochtouren.\" \/>\n<meta property=\"og:url\" content=\"https:\/\/news.save.ch\/de\/treffpunkt-der-westschweizer-sicherheitsbranche\/\" \/>\n<meta property=\"og:site_name\" content=\"Save\" \/>\n<meta property=\"article:published_time\" content=\"2016-02-12T07:54:18+00:00\" \/>\n<meta property=\"og:image\" content=\"https:\/\/news.save.ch\/wp-content\/uploads\/2016\/12\/Treffpunkt-der-Westschweizer-Sicherheitsbranche1-sicherheitsforum.png\" \/>\n<meta name=\"author\" content=\"admin\" \/>\n<meta name=\"twitter:card\" content=\"summary_large_image\" \/>\n<meta name=\"twitter:label1\" content=\"Geschrieben von\" \/>\n\t<meta name=\"twitter:data1\" content=\"admin\" \/>\n\t<meta name=\"twitter:label2\" content=\"Gesch\u00e4tzte Lesezeit\" \/>\n\t<meta name=\"twitter:data2\" content=\"1\u00a0Minute\" \/>\n<script type=\"application\/ld+json\" class=\"yoast-schema-graph\">{\"@context\":\"https:\\\/\\\/schema.org\",\"@graph\":[{\"@type\":\"Article\",\"@id\":\"https:\\\/\\\/news.save.ch\\\/treffpunkt-der-westschweizer-sicherheitsbranche\\\/#article\",\"isPartOf\":{\"@id\":\"https:\\\/\\\/news.save.ch\\\/treffpunkt-der-westschweizer-sicherheitsbranche\\\/\"},\"author\":{\"name\":\"admin\",\"@id\":\"https:\\\/\\\/news.save.ch\\\/de\\\/#\\\/schema\\\/person\\\/d49e199490bad7c70d64b9ab51142f2b\"},\"headline\":\"Treffpunkt der Westschweizer Sicherheitsbranche\",\"datePublished\":\"2016-02-12T07:54:18+00:00\",\"mainEntityOfPage\":{\"@id\":\"https:\\\/\\\/news.save.ch\\\/treffpunkt-der-westschweizer-sicherheitsbranche\\\/\"},\"wordCount\":236,\"commentCount\":0,\"publisher\":{\"@id\":\"https:\\\/\\\/news.save.ch\\\/de\\\/#organization\"},\"image\":{\"@id\":\"https:\\\/\\\/news.save.ch\\\/treffpunkt-der-westschweizer-sicherheitsbranche\\\/#primaryimage\"},\"thumbnailUrl\":\"https:\\\/\\\/news.save.ch\\\/wp-content\\\/uploads\\\/2016\\\/12\\\/Treffpunkt-der-Westschweizer-Sicherheitsbranche1-sicherheitsforum.png\",\"keywords\":[\"Aus- und Weiterbildung\",\"Fachkongress\\\/Fachmesse\"],\"articleSection\":[\"ALLGEMEIN\"],\"inLanguage\":\"de\"},{\"@type\":\"WebPage\",\"@id\":\"https:\\\/\\\/news.save.ch\\\/treffpunkt-der-westschweizer-sicherheitsbranche\\\/\",\"url\":\"https:\\\/\\\/news.save.ch\\\/treffpunkt-der-westschweizer-sicherheitsbranche\\\/\",\"name\":\"Treffpunkt der Westschweizer Sicherheitsbranche - Save\",\"isPartOf\":{\"@id\":\"https:\\\/\\\/news.save.ch\\\/de\\\/#website\"},\"primaryImageOfPage\":{\"@id\":\"https:\\\/\\\/news.save.ch\\\/treffpunkt-der-westschweizer-sicherheitsbranche\\\/#primaryimage\"},\"image\":{\"@id\":\"https:\\\/\\\/news.save.ch\\\/treffpunkt-der-westschweizer-sicherheitsbranche\\\/#primaryimage\"},\"thumbnailUrl\":\"https:\\\/\\\/news.save.ch\\\/wp-content\\\/uploads\\\/2016\\\/12\\\/Treffpunkt-der-Westschweizer-Sicherheitsbranche1-sicherheitsforum.png\",\"datePublished\":\"2016-02-12T07:54:18+00:00\",\"description\":\"Westschweizer Sicherheitsbranche: Die Securite Lausanne und das Forum Securite haben nach drei Austragungen bereits einen hohen Stellenwert erreicht.\",\"breadcrumb\":{\"@id\":\"https:\\\/\\\/news.save.ch\\\/treffpunkt-der-westschweizer-sicherheitsbranche\\\/#breadcrumb\"},\"inLanguage\":\"de\",\"potentialAction\":[{\"@type\":\"ReadAction\",\"target\":[\"https:\\\/\\\/news.save.ch\\\/treffpunkt-der-westschweizer-sicherheitsbranche\\\/\"]}]},{\"@type\":\"ImageObject\",\"inLanguage\":\"de\",\"@id\":\"https:\\\/\\\/news.save.ch\\\/treffpunkt-der-westschweizer-sicherheitsbranche\\\/#primaryimage\",\"url\":\"https:\\\/\\\/news.save.ch\\\/wp-content\\\/uploads\\\/2016\\\/12\\\/Treffpunkt-der-Westschweizer-Sicherheitsbranche1-sicherheitsforum.png\",\"contentUrl\":\"https:\\\/\\\/news.save.ch\\\/wp-content\\\/uploads\\\/2016\\\/12\\\/Treffpunkt-der-Westschweizer-Sicherheitsbranche1-sicherheitsforum.png\",\"width\":801,\"height\":667},{\"@type\":\"BreadcrumbList\",\"@id\":\"https:\\\/\\\/news.save.ch\\\/treffpunkt-der-westschweizer-sicherheitsbranche\\\/#breadcrumb\",\"itemListElement\":[{\"@type\":\"ListItem\",\"position\":1,\"name\":\"Home\",\"item\":\"https:\\\/\\\/news.save.ch\\\/de\\\/\"},{\"@type\":\"ListItem\",\"position\":2,\"name\":\"Treffpunkt der Westschweizer Sicherheitsbranche\"}]},{\"@type\":\"WebSite\",\"@id\":\"https:\\\/\\\/news.save.ch\\\/de\\\/#website\",\"url\":\"https:\\\/\\\/news.save.ch\\\/de\\\/\",\"name\":\"Save\",\"description\":\"Schweizer Fachzeitschrift f\u00fcr Sicherheit\",\"publisher\":{\"@id\":\"https:\\\/\\\/news.save.ch\\\/de\\\/#organization\"},\"potentialAction\":[{\"@type\":\"SearchAction\",\"target\":{\"@type\":\"EntryPoint\",\"urlTemplate\":\"https:\\\/\\\/news.save.ch\\\/de\\\/?s={search_term_string}\"},\"query-input\":{\"@type\":\"PropertyValueSpecification\",\"valueRequired\":true,\"valueName\":\"search_term_string\"}}],\"inLanguage\":\"de\"},{\"@type\":\"Organization\",\"@id\":\"https:\\\/\\\/news.save.ch\\\/de\\\/#organization\",\"name\":\"Sicherheitsforum\",\"url\":\"https:\\\/\\\/news.save.ch\\\/de\\\/\",\"logo\":{\"@type\":\"ImageObject\",\"inLanguage\":\"de\",\"@id\":\"https:\\\/\\\/news.save.ch\\\/de\\\/#\\\/schema\\\/logo\\\/image\\\/\",\"url\":\"https:\\\/\\\/news.save.ch\\\/wp-content\\\/uploads\\\/2022\\\/06\\\/Logo_SF_2012.png\",\"contentUrl\":\"https:\\\/\\\/news.save.ch\\\/wp-content\\\/uploads\\\/2022\\\/06\\\/Logo_SF_2012.png\",\"width\":1100,\"height\":91,\"caption\":\"Sicherheitsforum\"},\"image\":{\"@id\":\"https:\\\/\\\/news.save.ch\\\/de\\\/#\\\/schema\\\/logo\\\/image\\\/\"}},{\"@type\":\"Person\",\"@id\":\"https:\\\/\\\/news.save.ch\\\/de\\\/#\\\/schema\\\/person\\\/d49e199490bad7c70d64b9ab51142f2b\",\"name\":\"admin\",\"image\":{\"@type\":\"ImageObject\",\"inLanguage\":\"de\",\"@id\":\"https:\\\/\\\/secure.gravatar.com\\\/avatar\\\/ae2f4d718e6c49043e314ce431e7e645d646302a24a5ef5a8bc8e3f5a032e319?s=96&d=mm&r=g\",\"url\":\"https:\\\/\\\/secure.gravatar.com\\\/avatar\\\/ae2f4d718e6c49043e314ce431e7e645d646302a24a5ef5a8bc8e3f5a032e319?s=96&d=mm&r=g\",\"contentUrl\":\"https:\\\/\\\/secure.gravatar.com\\\/avatar\\\/ae2f4d718e6c49043e314ce431e7e645d646302a24a5ef5a8bc8e3f5a032e319?s=96&d=mm&r=g\",\"caption\":\"admin\"},\"sameAs\":[\"https:\\\/\\\/develop.organisator.galledia.ch\"],\"url\":\"https:\\\/\\\/news.save.ch\\\/de\\\/author\\\/admin\\\/\"}]}<\/script>\n<!-- \/ Yoast SEO plugin. -->","yoast_head_json":{"title":"Treffpunkt der Westschweizer Sicherheitsbranche - Save","description":"Westschweizer Sicherheitsbranche: Die Securite Lausanne und das Forum Securite haben nach drei Austragungen bereits einen hohen Stellenwert erreicht.","robots":{"index":"index","follow":"follow","max-snippet":"max-snippet:-1","max-image-preview":"max-image-preview:large","max-video-preview":"max-video-preview:-1"},"canonical":"https:\/\/news.save.ch\/de\/treffpunkt-der-westschweizer-sicherheitsbranche\/","og_locale":"de_DE","og_type":"article","og_title":"Treffpunkt der Westschweizer Sicherheitsbranche","og_description":"Die Securite Lausanne und das begleitende Forum Securite haben nach drei Austragungen bereits einen hohen Stellenwert erreicht, wie die Exhibit & More AG als Veranstalterin schreibt. Jetzt laufen die Vorbereitungen f\u00fcr die vierte Veranstaltung, die vom 2. bis 4. November 2016 stattfindet, auf Hochtouren.","og_url":"https:\/\/news.save.ch\/de\/treffpunkt-der-westschweizer-sicherheitsbranche\/","og_site_name":"Save","article_published_time":"2016-02-12T07:54:18+00:00","og_image":[{"url":"https:\/\/news.save.ch\/wp-content\/uploads\/2016\/12\/Treffpunkt-der-Westschweizer-Sicherheitsbranche1-sicherheitsforum.png","type":"","width":"","height":""}],"author":"admin","twitter_card":"summary_large_image","twitter_misc":{"Geschrieben von":"admin","Gesch\u00e4tzte Lesezeit":"1\u00a0Minute"},"schema":{"@context":"https:\/\/schema.org","@graph":[{"@type":"Article","@id":"https:\/\/news.save.ch\/treffpunkt-der-westschweizer-sicherheitsbranche\/#article","isPartOf":{"@id":"https:\/\/news.save.ch\/treffpunkt-der-westschweizer-sicherheitsbranche\/"},"author":{"name":"admin","@id":"https:\/\/news.save.ch\/de\/#\/schema\/person\/d49e199490bad7c70d64b9ab51142f2b"},"headline":"Treffpunkt der Westschweizer Sicherheitsbranche","datePublished":"2016-02-12T07:54:18+00:00","mainEntityOfPage":{"@id":"https:\/\/news.save.ch\/treffpunkt-der-westschweizer-sicherheitsbranche\/"},"wordCount":236,"commentCount":0,"publisher":{"@id":"https:\/\/news.save.ch\/de\/#organization"},"image":{"@id":"https:\/\/news.save.ch\/treffpunkt-der-westschweizer-sicherheitsbranche\/#primaryimage"},"thumbnailUrl":"https:\/\/news.save.ch\/wp-content\/uploads\/2016\/12\/Treffpunkt-der-Westschweizer-Sicherheitsbranche1-sicherheitsforum.png","keywords":["Aus- und Weiterbildung","Fachkongress\/Fachmesse"],"articleSection":["ALLGEMEIN"],"inLanguage":"de"},{"@type":"WebPage","@id":"https:\/\/news.save.ch\/treffpunkt-der-westschweizer-sicherheitsbranche\/","url":"https:\/\/news.save.ch\/treffpunkt-der-westschweizer-sicherheitsbranche\/","name":"Treffpunkt der Westschweizer Sicherheitsbranche - Save","isPartOf":{"@id":"https:\/\/news.save.ch\/de\/#website"},"primaryImageOfPage":{"@id":"https:\/\/news.save.ch\/treffpunkt-der-westschweizer-sicherheitsbranche\/#primaryimage"},"image":{"@id":"https:\/\/news.save.ch\/treffpunkt-der-westschweizer-sicherheitsbranche\/#primaryimage"},"thumbnailUrl":"https:\/\/news.save.ch\/wp-content\/uploads\/2016\/12\/Treffpunkt-der-Westschweizer-Sicherheitsbranche1-sicherheitsforum.png","datePublished":"2016-02-12T07:54:18+00:00","description":"Westschweizer Sicherheitsbranche: Die Securite Lausanne und das Forum Securite haben nach drei Austragungen bereits einen hohen Stellenwert erreicht.","breadcrumb":{"@id":"https:\/\/news.save.ch\/treffpunkt-der-westschweizer-sicherheitsbranche\/#breadcrumb"},"inLanguage":"de","potentialAction":[{"@type":"ReadAction","target":["https:\/\/news.save.ch\/treffpunkt-der-westschweizer-sicherheitsbranche\/"]}]},{"@type":"ImageObject","inLanguage":"de","@id":"https:\/\/news.save.ch\/treffpunkt-der-westschweizer-sicherheitsbranche\/#primaryimage","url":"https:\/\/news.save.ch\/wp-content\/uploads\/2016\/12\/Treffpunkt-der-Westschweizer-Sicherheitsbranche1-sicherheitsforum.png","contentUrl":"https:\/\/news.save.ch\/wp-content\/uploads\/2016\/12\/Treffpunkt-der-Westschweizer-Sicherheitsbranche1-sicherheitsforum.png","width":801,"height":667},{"@type":"BreadcrumbList","@id":"https:\/\/news.save.ch\/treffpunkt-der-westschweizer-sicherheitsbranche\/#breadcrumb","itemListElement":[{"@type":"ListItem","position":1,"name":"Home","item":"https:\/\/news.save.ch\/de\/"},{"@type":"ListItem","position":2,"name":"Treffpunkt der Westschweizer Sicherheitsbranche"}]},{"@type":"WebSite","@id":"https:\/\/news.save.ch\/de\/#website","url":"https:\/\/news.save.ch\/de\/","name":"Save","description":"Schweizer Fachzeitschrift f\u00fcr Sicherheit","publisher":{"@id":"https:\/\/news.save.ch\/de\/#organization"},"potentialAction":[{"@type":"SearchAction","target":{"@type":"EntryPoint","urlTemplate":"https:\/\/news.save.ch\/de\/?s={search_term_string}"},"query-input":{"@type":"PropertyValueSpecification","valueRequired":true,"valueName":"search_term_string"}}],"inLanguage":"de"},{"@type":"Organization","@id":"https:\/\/news.save.ch\/de\/#organization","name":"Sicherheitsforum","url":"https:\/\/news.save.ch\/de\/","logo":{"@type":"ImageObject","inLanguage":"de","@id":"https:\/\/news.save.ch\/de\/#\/schema\/logo\/image\/","url":"https:\/\/news.save.ch\/wp-content\/uploads\/2022\/06\/Logo_SF_2012.png","contentUrl":"https:\/\/news.save.ch\/wp-content\/uploads\/2022\/06\/Logo_SF_2012.png","width":1100,"height":91,"caption":"Sicherheitsforum"},"image":{"@id":"https:\/\/news.save.ch\/de\/#\/schema\/logo\/image\/"}},{"@type":"Person","@id":"https:\/\/news.save.ch\/de\/#\/schema\/person\/d49e199490bad7c70d64b9ab51142f2b","name":"admin","image":{"@type":"ImageObject","inLanguage":"de","@id":"https:\/\/secure.gravatar.com\/avatar\/ae2f4d718e6c49043e314ce431e7e645d646302a24a5ef5a8bc8e3f5a032e319?s=96&d=mm&r=g","url":"https:\/\/secure.gravatar.com\/avatar\/ae2f4d718e6c49043e314ce431e7e645d646302a24a5ef5a8bc8e3f5a032e319?s=96&d=mm&r=g","contentUrl":"https:\/\/secure.gravatar.com\/avatar\/ae2f4d718e6c49043e314ce431e7e645d646302a24a5ef5a8bc8e3f5a032e319?s=96&d=mm&r=g","caption":"admin"},"sameAs":["https:\/\/develop.organisator.galledia.ch"],"url":"https:\/\/news.save.ch\/de\/author\/admin\/"}]}},"_links":{"self":[{"href":"https:\/\/news.save.ch\/de\/wp-json\/wp\/v2\/posts\/2326","targetHints":{"allow":["GET"]}}],"collection":[{"href":"https:\/\/news.save.ch\/de\/wp-json\/wp\/v2\/posts"}],"about":[{"href":"https:\/\/news.save.ch\/de\/wp-json\/wp\/v2\/types\/post"}],"author":[{"embeddable":true,"href":"https:\/\/news.save.ch\/de\/wp-json\/wp\/v2\/users\/1"}],"replies":[{"embeddable":true,"href":"https:\/\/news.save.ch\/de\/wp-json\/wp\/v2\/comments?post=2326"}],"version-history":[{"count":0,"href":"https:\/\/news.save.ch\/de\/wp-json\/wp\/v2\/posts\/2326\/revisions"}],"wp:featuredmedia":[{"embeddable":true,"href":"https:\/\/news.save.ch\/de\/wp-json\/wp\/v2\/media\/2329"}],"wp:attachment":[{"href":"https:\/\/news.save.ch\/de\/wp-json\/wp\/v2\/media?parent=2326"}],"wp:term":[{"taxonomy":"category","embeddable":true,"href":"https:\/\/news.save.ch\/de\/wp-json\/wp\/v2\/categories?post=2326"},{"taxonomy":"post_tag","embeddable":true,"href":"https:\/\/news.save.ch\/de\/wp-json\/wp\/v2\/tags?post=2326"}],"curies":[{"name":"wp","href":"https:\/\/api.w.org\/{rel}","templated":true}]}}