{"id":23269,"date":"2024-06-20T10:30:04","date_gmt":"2024-06-20T08:30:04","guid":{"rendered":"https:\/\/news.save.ch\/?p=23269"},"modified":"2024-06-20T10:30:06","modified_gmt":"2024-06-20T08:30:06","slug":"bundesrat-veroeffentlicht-bericht-zur-bekaempfung-der-cyberkriminalitaet-in-der-schweiz","status":null,"type":"post","link":"https:\/\/news.save.ch\/de\/bundesrat-veroeffentlicht-bericht-zur-bekaempfung-der-cyberkriminalitaet-in-der-schweiz\/","title":{"rendered":"Bundesrat ver\u00f6ffentlicht Bericht zur Bek\u00e4mpfung der Cyberkriminalit\u00e4t in der Schweiz"},"content":{"rendered":"<figure id=\"attachment_23270\" aria-describedby=\"caption-attachment-23270\" style=\"width: 999px\" class=\"wp-caption alignnone\"><a href=\"https:\/\/news.save.ch\/bundesrat-veroeffentlicht-bericht-zur-bekaempfung-der-cyberkriminalitaet-in-der-schweiz\/hooded-computer-hacker-hacking-network\/\" rel=\"attachment wp-att-23270\"><img loading=\"lazy\" decoding=\"async\" class=\"size-full wp-image-23270\" src=\"https:\/\/news.save.ch\/wp-content\/uploads\/2024\/06\/Depositphotos_169153604_S.jpg\" alt=\"\" width=\"999\" height=\"396\" srcset=\"https:\/\/news.save.ch\/wp-content\/uploads\/2024\/06\/Depositphotos_169153604_S.jpg 999w, https:\/\/news.save.ch\/wp-content\/uploads\/2024\/06\/Depositphotos_169153604_S-680x270.jpg 680w, https:\/\/news.save.ch\/wp-content\/uploads\/2024\/06\/Depositphotos_169153604_S-768x304.jpg 768w, https:\/\/news.save.ch\/wp-content\/uploads\/2024\/06\/Depositphotos_169153604_S-18x7.jpg 18w, https:\/\/news.save.ch\/wp-content\/uploads\/2024\/06\/Depositphotos_169153604_S-375x149.jpg 375w, https:\/\/news.save.ch\/wp-content\/uploads\/2024\/06\/Depositphotos_169153604_S-760x301.jpg 760w\" sizes=\"auto, (max-width: 999px) 100vw, 999px\" \/><\/a><figcaption id=\"caption-attachment-23270\" class=\"wp-caption-text\">Bild: Depositphotos\/stevanovicigor<\/figcaption><\/figure>\n<p>Der Bericht erf\u00fcllt die Postulate 22.3145 Silberschmidt und 22.3017 der Sicherheitspolitischen Kommission des Nationalrats und setzt sich detailliert mit den Entwicklungen und L\u00fccken in der nationalen Cyber-Strafverfolgung auseinander. Beide Postulate beziehen sich prim\u00e4r auf Zust\u00e4ndigkeiten und Aktivit\u00e4ten der Kantone. Deshalb hat das federf\u00fchrende Bundesamt f\u00fcr Polizei (fedpol) zur Erarbeitung des Berichts mit dem Sicherheitsverbund Schweiz (SVS) zusammengearbeitet, der sich parit\u00e4tisch aus Vertretern des Bundes und der Kantone zusammensetzt. Zudem begleiteten eine strategische Begleitgruppe und eine Fachgruppe die Erarbeitung des Berichts. Zur Erhebung der Situation in den Kantonen wurden Umfragen bei den betroffenen Beh\u00f6rden durchgef\u00fchrt.<\/p>\n<p>Der Bericht zeigt, dass die Cyberkriminalit\u00e4t sowohl in Bezug auf die Menge der Straftaten als auch auf deren Schweregrad und Schadensausmass stetig zunimmt. Die Kantone und die Bundesanwaltschaft haben deswegen spezialisierte Netzwerke und Arbeitsgruppen geschaffen, um die Koordination und die Zusammenarbeit in diesem Bereich zu f\u00f6rdern. Die \u00fcberwiegende Mehrheit der Kantone hat zudem organisatorische und personelle Anpassungen vorgenommen, um die Cyberkriminalit\u00e4t effektiver zu bek\u00e4mpfen. Sie haben ihre Kapazit\u00e4ten ausgebaut, indem sie spezialisierte Einheiten etablierten und neue Stellen f\u00fcr IT-Forensiker und Analysten schufen. Die Mehrheit der kantonalen Staatsanwaltschaften und die Bundesanwaltschaft verf\u00fcgen ausserdem \u00fcber Staatsanw\u00e4ltinnen und Staatsanw\u00e4lte, die auf die Bek\u00e4mpfung von Cyberkriminalit\u00e4t spezialisiert sind.<\/p>\n<p>Trotz dieser Anstrengungen zeigt der Bericht Herausforderungen auf:<\/p>\n<ul>\n<li>der Mangel an personellen und technischen Mitteln;<\/li>\n<li>das Fehlen gesetzlicher Grundlagen, die den automatischen Austausch von Polizeiinformationen zwischen den Kantonen zulassen w\u00fcrde;<\/li>\n<li>das Fehlen einer nationalen Datenbank, die einen \u00dcberblick \u00fcber die laufenden F\u00e4lle von Cyberkriminalit\u00e4t erm\u00f6glichen w\u00fcrde;<\/li>\n<li>die Schwierigkeiten bei der internationalen Rechtshilfe in Strafsachen, die relativ langsam und nicht auf elektronische Beweismittel zugeschnitten ist;<\/li>\n<li>die rasch fortschreitenden technologischen Entwicklungen (k\u00fcnstliche Intelligenz, Kryptow\u00e4hrungen, Metaverse, Anonymisierungstechniken), die von Kriminellen genutzt werden;<\/li>\n<li>die wenigen Anzeigen, die dazu f\u00fchren, dass viele Straftaten nicht verfolgt und Serien von Straftaten nicht aufgedeckt werden;<\/li>\n<li>die noch ungen\u00fcgenden Pr\u00e4ventionsbem\u00fchungen in der Schweiz.<\/li>\n<\/ul>\n<p>Der Bericht unterstreicht die Notwendigkeit der Koordination von Pr\u00e4vention und Repression sowohl auf nationaler als auch auf internationaler Ebene. Er betont, dass eine noch st\u00e4rkere Zusammenarbeit und noch intensivere Pr\u00e4ventionsarbeit wichtig sind f\u00fcr den Schutz der Bev\u00f6lkerung und der Unternehmen.<\/p>\n<p>Eine f\u00fcr den Bericht durchgef\u00fchrte Expertenumfrage zeigt: Obwohl organisatorische Fortschritte gemacht wurden, werden die verf\u00fcgbaren personellen und technischen Ressourcen noch immer als unzureichend erachtet, um den steigenden Anforderungen und der raschen Entwicklung der Cyberkriminalit\u00e4t gerecht zu werden. Der Bericht schl\u00e4gt vor, dass jeder Kanton eine Selbstevaluation durchf\u00fchrt, damit die vorhandenen Ressourcen den Herausforderungen angemessen sind.<\/p>\n<p>Verschiedene Optimierungsmassnahmen sind bereits in der im April 2023 vom Bundesrat verabschiedeten und von den kantonalen Justiz- und Polizeidirektoren gutgeheissenen Nationalen Cyberstrategie NCS enthalten. Der Bundesrat bekr\u00e4ftigt sein Engagement, die Massnahmen zur Bek\u00e4mpfung der Cyberkriminalit\u00e4t kontinuierlich zu intensivieren. Dies umfasst insbesondere die Unterst\u00fctzung von Projekten wie der Nationalen polizeilichen Abfrageplattform (POLAP), die den Informationsaustausch zwischen den Polizeibeh\u00f6rden erheblich erleichtert und die Effizienz der polizeilichen Arbeit steigert. Die Kantone und der Bund arbeiten zudem an einer gesamtschweizerischen Informationsplattform, die unter anderem einen \u00dcberblick \u00fcber Cyberkriminalit\u00e4t erm\u00f6glichen soll. Diese bestehenden Kooperationsmassnahmen sollen verst\u00e4rkt und die Pr\u00e4ventionsanstrengungen erh\u00f6ht werden, um die gesamte Bev\u00f6lkerung und alle Unternehmen zu erreichen. Fedpol intensiviert zudem die Zusammenarbeit mit Europol, Interpol und Eurojust.<\/p>\n<p><em>Quelle: Eidgen\u00f6ssisches Justiz- und Polizeidepartement<\/em><\/p>\n","protected":false},"excerpt":{"rendered":"<p>Der Bericht erf\u00fcllt die Postulate 22.3145 Silberschmidt und 22.3017 der Sicherheitspolitischen Kommission des Nationalrats und setzt sich detailliert mit den Entwicklungen und L\u00fccken in der nationalen Cyber-Strafverfolgung auseinander. Beide Postulate beziehen sich prim\u00e4r auf Zust\u00e4ndigkeiten und Aktivit\u00e4ten der Kantone. Deshalb hat das federf\u00fchrende Bundesamt f\u00fcr Polizei (fedpol) zur Erarbeitung des Berichts mit dem Sicherheitsverbund Schweiz [&hellip;]<\/p>\n","protected":false},"author":31,"featured_media":23270,"comment_status":"closed","ping_status":"closed","sticky":false,"template":"","format":"standard","meta":{"_acf_changed":false,"pgc_sgb_lightbox_settings":"","footnotes":""},"categories":[3313],"tags":[625,640],"class_list":["post-23269","post","type-post","status-publish","format-standard","has-post-thumbnail","hentry","category-digitalisierung","tag-cyberkriminalitaet","tag-ejpd"],"acf":[],"hkrextid":null,"publication":null,"issue":null,"workflow":null,"startPage":null,"spitzmarke":null,"_posts_by_tag_page_fields":null,"_at_widget":null,"_yoast_wpseo_primary_category":"3313","_yoast_wpseo_focuskw_text_input":null,"_yoast_wpseo_opengraph-image":null,"_yoast_wpseo_opengraph-description":null,"_yoast_wpseo_opengraph-title":null,"enclosure":null,"_yoast_wpseo_twitter-title":null,"_yoast_wpseo_twitter-description":null,"_yoast_wpseo_twitter-image":null,"_wp_old_slug":null,"_yoast_wpseo_title":null,"_yoast_wpseo_canonical":null,"yoast_head":"<!-- This site is optimized with the Yoast SEO plugin v27.5 - https:\/\/yoast.com\/product\/yoast-seo-wordpress\/ -->\n<title>Bundesrat ver\u00f6ffentlicht Bericht zur Bek\u00e4mpfung der Cyberkriminalit\u00e4t in der Schweiz - Save<\/title>\n<meta name=\"description\" content=\"Bundesrat ver\u00f6ffentlicht Bericht zur Bek\u00e4mpfung der Cyberkriminalit\u00e4t in der Schweiz.\" \/>\n<meta name=\"robots\" content=\"index, follow, max-snippet:-1, max-image-preview:large, max-video-preview:-1\" \/>\n<link rel=\"canonical\" href=\"https:\/\/news.save.ch\/de\/bundesrat-veroeffentlicht-bericht-zur-bekaempfung-der-cyberkriminalitaet-in-der-schweiz\/\" \/>\n<meta property=\"og:locale\" content=\"de_DE\" \/>\n<meta property=\"og:type\" content=\"article\" \/>\n<meta property=\"og:title\" content=\"Bundesrat ver\u00f6ffentlicht Bericht zur Bek\u00e4mpfung der Cyberkriminalit\u00e4t in der Schweiz - Save\" \/>\n<meta property=\"og:description\" content=\"Bundesrat ver\u00f6ffentlicht Bericht zur Bek\u00e4mpfung der Cyberkriminalit\u00e4t in der Schweiz.\" \/>\n<meta property=\"og:url\" content=\"https:\/\/news.save.ch\/de\/bundesrat-veroeffentlicht-bericht-zur-bekaempfung-der-cyberkriminalitaet-in-der-schweiz\/\" \/>\n<meta property=\"og:site_name\" content=\"Save\" \/>\n<meta property=\"article:published_time\" content=\"2024-06-20T08:30:04+00:00\" \/>\n<meta property=\"article:modified_time\" content=\"2024-06-20T08:30:06+00:00\" \/>\n<meta property=\"og:image\" content=\"https:\/\/news.save.ch\/wp-content\/uploads\/2024\/06\/Depositphotos_169153604_S.jpg\" \/>\n\t<meta property=\"og:image:width\" content=\"999\" \/>\n\t<meta property=\"og:image:height\" content=\"396\" \/>\n\t<meta property=\"og:image:type\" content=\"image\/jpeg\" \/>\n<meta name=\"author\" content=\"stefanie Zeng\" \/>\n<meta name=\"twitter:card\" content=\"summary_large_image\" \/>\n<meta name=\"twitter:label1\" content=\"Geschrieben von\" \/>\n\t<meta name=\"twitter:data1\" content=\"stefanie Zeng\" \/>\n\t<meta name=\"twitter:label2\" content=\"Gesch\u00e4tzte Lesezeit\" \/>\n\t<meta name=\"twitter:data2\" content=\"4\u00a0Minuten\" \/>\n<script type=\"application\/ld+json\" class=\"yoast-schema-graph\">{\"@context\":\"https:\\\/\\\/schema.org\",\"@graph\":[{\"@type\":\"Article\",\"@id\":\"https:\\\/\\\/news.save.ch\\\/bundesrat-veroeffentlicht-bericht-zur-bekaempfung-der-cyberkriminalitaet-in-der-schweiz\\\/#article\",\"isPartOf\":{\"@id\":\"https:\\\/\\\/news.save.ch\\\/bundesrat-veroeffentlicht-bericht-zur-bekaempfung-der-cyberkriminalitaet-in-der-schweiz\\\/\"},\"author\":{\"name\":\"stefanie Zeng\",\"@id\":\"https:\\\/\\\/news.save.ch\\\/de\\\/#\\\/schema\\\/person\\\/10917387362b3961e882740f6cf6f2a2\"},\"headline\":\"Bundesrat ver\u00f6ffentlicht Bericht zur Bek\u00e4mpfung der Cyberkriminalit\u00e4t in der Schweiz\",\"datePublished\":\"2024-06-20T08:30:04+00:00\",\"dateModified\":\"2024-06-20T08:30:06+00:00\",\"mainEntityOfPage\":{\"@id\":\"https:\\\/\\\/news.save.ch\\\/bundesrat-veroeffentlicht-bericht-zur-bekaempfung-der-cyberkriminalitaet-in-der-schweiz\\\/\"},\"wordCount\":592,\"publisher\":{\"@id\":\"https:\\\/\\\/news.save.ch\\\/de\\\/#organization\"},\"image\":{\"@id\":\"https:\\\/\\\/news.save.ch\\\/bundesrat-veroeffentlicht-bericht-zur-bekaempfung-der-cyberkriminalitaet-in-der-schweiz\\\/#primaryimage\"},\"thumbnailUrl\":\"https:\\\/\\\/news.save.ch\\\/wp-content\\\/uploads\\\/2024\\\/06\\\/Depositphotos_169153604_S.jpg\",\"keywords\":[\"Cyberkriminalit\u00e4t\",\"EJPD\"],\"articleSection\":[\"DIGITALISIERUNG\"],\"inLanguage\":\"de\"},{\"@type\":\"WebPage\",\"@id\":\"https:\\\/\\\/news.save.ch\\\/bundesrat-veroeffentlicht-bericht-zur-bekaempfung-der-cyberkriminalitaet-in-der-schweiz\\\/\",\"url\":\"https:\\\/\\\/news.save.ch\\\/bundesrat-veroeffentlicht-bericht-zur-bekaempfung-der-cyberkriminalitaet-in-der-schweiz\\\/\",\"name\":\"Bundesrat ver\u00f6ffentlicht Bericht zur Bek\u00e4mpfung der Cyberkriminalit\u00e4t in der Schweiz - Save\",\"isPartOf\":{\"@id\":\"https:\\\/\\\/news.save.ch\\\/de\\\/#website\"},\"primaryImageOfPage\":{\"@id\":\"https:\\\/\\\/news.save.ch\\\/bundesrat-veroeffentlicht-bericht-zur-bekaempfung-der-cyberkriminalitaet-in-der-schweiz\\\/#primaryimage\"},\"image\":{\"@id\":\"https:\\\/\\\/news.save.ch\\\/bundesrat-veroeffentlicht-bericht-zur-bekaempfung-der-cyberkriminalitaet-in-der-schweiz\\\/#primaryimage\"},\"thumbnailUrl\":\"https:\\\/\\\/news.save.ch\\\/wp-content\\\/uploads\\\/2024\\\/06\\\/Depositphotos_169153604_S.jpg\",\"datePublished\":\"2024-06-20T08:30:04+00:00\",\"dateModified\":\"2024-06-20T08:30:06+00:00\",\"description\":\"Bundesrat ver\u00f6ffentlicht Bericht zur Bek\u00e4mpfung der Cyberkriminalit\u00e4t in der Schweiz.\",\"breadcrumb\":{\"@id\":\"https:\\\/\\\/news.save.ch\\\/bundesrat-veroeffentlicht-bericht-zur-bekaempfung-der-cyberkriminalitaet-in-der-schweiz\\\/#breadcrumb\"},\"inLanguage\":\"de\",\"potentialAction\":[{\"@type\":\"ReadAction\",\"target\":[\"https:\\\/\\\/news.save.ch\\\/bundesrat-veroeffentlicht-bericht-zur-bekaempfung-der-cyberkriminalitaet-in-der-schweiz\\\/\"]}]},{\"@type\":\"ImageObject\",\"inLanguage\":\"de\",\"@id\":\"https:\\\/\\\/news.save.ch\\\/bundesrat-veroeffentlicht-bericht-zur-bekaempfung-der-cyberkriminalitaet-in-der-schweiz\\\/#primaryimage\",\"url\":\"https:\\\/\\\/news.save.ch\\\/wp-content\\\/uploads\\\/2024\\\/06\\\/Depositphotos_169153604_S.jpg\",\"contentUrl\":\"https:\\\/\\\/news.save.ch\\\/wp-content\\\/uploads\\\/2024\\\/06\\\/Depositphotos_169153604_S.jpg\",\"width\":999,\"height\":396,\"caption\":\"Bild: Depositphotos\\\/stevanovicigor\"},{\"@type\":\"BreadcrumbList\",\"@id\":\"https:\\\/\\\/news.save.ch\\\/bundesrat-veroeffentlicht-bericht-zur-bekaempfung-der-cyberkriminalitaet-in-der-schweiz\\\/#breadcrumb\",\"itemListElement\":[{\"@type\":\"ListItem\",\"position\":1,\"name\":\"Home\",\"item\":\"https:\\\/\\\/news.save.ch\\\/de\\\/\"},{\"@type\":\"ListItem\",\"position\":2,\"name\":\"Bundesrat ver\u00f6ffentlicht Bericht zur Bek\u00e4mpfung der Cyberkriminalit\u00e4t in der Schweiz\"}]},{\"@type\":\"WebSite\",\"@id\":\"https:\\\/\\\/news.save.ch\\\/de\\\/#website\",\"url\":\"https:\\\/\\\/news.save.ch\\\/de\\\/\",\"name\":\"Save\",\"description\":\"Schweizer Fachzeitschrift f\u00fcr Sicherheit\",\"publisher\":{\"@id\":\"https:\\\/\\\/news.save.ch\\\/de\\\/#organization\"},\"potentialAction\":[{\"@type\":\"SearchAction\",\"target\":{\"@type\":\"EntryPoint\",\"urlTemplate\":\"https:\\\/\\\/news.save.ch\\\/de\\\/?s={search_term_string}\"},\"query-input\":{\"@type\":\"PropertyValueSpecification\",\"valueRequired\":true,\"valueName\":\"search_term_string\"}}],\"inLanguage\":\"de\"},{\"@type\":\"Organization\",\"@id\":\"https:\\\/\\\/news.save.ch\\\/de\\\/#organization\",\"name\":\"Sicherheitsforum\",\"url\":\"https:\\\/\\\/news.save.ch\\\/de\\\/\",\"logo\":{\"@type\":\"ImageObject\",\"inLanguage\":\"de\",\"@id\":\"https:\\\/\\\/news.save.ch\\\/de\\\/#\\\/schema\\\/logo\\\/image\\\/\",\"url\":\"https:\\\/\\\/news.save.ch\\\/wp-content\\\/uploads\\\/2022\\\/06\\\/Logo_SF_2012.png\",\"contentUrl\":\"https:\\\/\\\/news.save.ch\\\/wp-content\\\/uploads\\\/2022\\\/06\\\/Logo_SF_2012.png\",\"width\":1100,\"height\":91,\"caption\":\"Sicherheitsforum\"},\"image\":{\"@id\":\"https:\\\/\\\/news.save.ch\\\/de\\\/#\\\/schema\\\/logo\\\/image\\\/\"}},{\"@type\":\"Person\",\"@id\":\"https:\\\/\\\/news.save.ch\\\/de\\\/#\\\/schema\\\/person\\\/10917387362b3961e882740f6cf6f2a2\",\"name\":\"stefanie Zeng\",\"image\":{\"@type\":\"ImageObject\",\"inLanguage\":\"de\",\"@id\":\"https:\\\/\\\/secure.gravatar.com\\\/avatar\\\/eac43faa6e40bb2c41068c95c9d78bbd94c476d5efdff7abaab80bb3ea681e06?s=96&d=mm&r=g\",\"url\":\"https:\\\/\\\/secure.gravatar.com\\\/avatar\\\/eac43faa6e40bb2c41068c95c9d78bbd94c476d5efdff7abaab80bb3ea681e06?s=96&d=mm&r=g\",\"contentUrl\":\"https:\\\/\\\/secure.gravatar.com\\\/avatar\\\/eac43faa6e40bb2c41068c95c9d78bbd94c476d5efdff7abaab80bb3ea681e06?s=96&d=mm&r=g\",\"caption\":\"stefanie Zeng\"},\"url\":\"https:\\\/\\\/news.save.ch\\\/de\\\/author\\\/stefanie-zeng\\\/\"}]}<\/script>\n<!-- \/ Yoast SEO plugin. -->","yoast_head_json":{"title":"Bundesrat ver\u00f6ffentlicht Bericht zur Bek\u00e4mpfung der Cyberkriminalit\u00e4t in der Schweiz - Save","description":"Bundesrat ver\u00f6ffentlicht Bericht zur Bek\u00e4mpfung der Cyberkriminalit\u00e4t in der Schweiz.","robots":{"index":"index","follow":"follow","max-snippet":"max-snippet:-1","max-image-preview":"max-image-preview:large","max-video-preview":"max-video-preview:-1"},"canonical":"https:\/\/news.save.ch\/de\/bundesrat-veroeffentlicht-bericht-zur-bekaempfung-der-cyberkriminalitaet-in-der-schweiz\/","og_locale":"de_DE","og_type":"article","og_title":"Bundesrat ver\u00f6ffentlicht Bericht zur Bek\u00e4mpfung der Cyberkriminalit\u00e4t in der Schweiz - Save","og_description":"Bundesrat ver\u00f6ffentlicht Bericht zur Bek\u00e4mpfung der Cyberkriminalit\u00e4t in der Schweiz.","og_url":"https:\/\/news.save.ch\/de\/bundesrat-veroeffentlicht-bericht-zur-bekaempfung-der-cyberkriminalitaet-in-der-schweiz\/","og_site_name":"Save","article_published_time":"2024-06-20T08:30:04+00:00","article_modified_time":"2024-06-20T08:30:06+00:00","og_image":[{"width":999,"height":396,"url":"https:\/\/news.save.ch\/wp-content\/uploads\/2024\/06\/Depositphotos_169153604_S.jpg","type":"image\/jpeg"}],"author":"stefanie Zeng","twitter_card":"summary_large_image","twitter_misc":{"Geschrieben von":"stefanie Zeng","Gesch\u00e4tzte Lesezeit":"4\u00a0Minuten"},"schema":{"@context":"https:\/\/schema.org","@graph":[{"@type":"Article","@id":"https:\/\/news.save.ch\/bundesrat-veroeffentlicht-bericht-zur-bekaempfung-der-cyberkriminalitaet-in-der-schweiz\/#article","isPartOf":{"@id":"https:\/\/news.save.ch\/bundesrat-veroeffentlicht-bericht-zur-bekaempfung-der-cyberkriminalitaet-in-der-schweiz\/"},"author":{"name":"stefanie Zeng","@id":"https:\/\/news.save.ch\/de\/#\/schema\/person\/10917387362b3961e882740f6cf6f2a2"},"headline":"Bundesrat ver\u00f6ffentlicht Bericht zur Bek\u00e4mpfung der Cyberkriminalit\u00e4t in der Schweiz","datePublished":"2024-06-20T08:30:04+00:00","dateModified":"2024-06-20T08:30:06+00:00","mainEntityOfPage":{"@id":"https:\/\/news.save.ch\/bundesrat-veroeffentlicht-bericht-zur-bekaempfung-der-cyberkriminalitaet-in-der-schweiz\/"},"wordCount":592,"publisher":{"@id":"https:\/\/news.save.ch\/de\/#organization"},"image":{"@id":"https:\/\/news.save.ch\/bundesrat-veroeffentlicht-bericht-zur-bekaempfung-der-cyberkriminalitaet-in-der-schweiz\/#primaryimage"},"thumbnailUrl":"https:\/\/news.save.ch\/wp-content\/uploads\/2024\/06\/Depositphotos_169153604_S.jpg","keywords":["Cyberkriminalit\u00e4t","EJPD"],"articleSection":["DIGITALISIERUNG"],"inLanguage":"de"},{"@type":"WebPage","@id":"https:\/\/news.save.ch\/bundesrat-veroeffentlicht-bericht-zur-bekaempfung-der-cyberkriminalitaet-in-der-schweiz\/","url":"https:\/\/news.save.ch\/bundesrat-veroeffentlicht-bericht-zur-bekaempfung-der-cyberkriminalitaet-in-der-schweiz\/","name":"Bundesrat ver\u00f6ffentlicht Bericht zur Bek\u00e4mpfung der Cyberkriminalit\u00e4t in der Schweiz - Save","isPartOf":{"@id":"https:\/\/news.save.ch\/de\/#website"},"primaryImageOfPage":{"@id":"https:\/\/news.save.ch\/bundesrat-veroeffentlicht-bericht-zur-bekaempfung-der-cyberkriminalitaet-in-der-schweiz\/#primaryimage"},"image":{"@id":"https:\/\/news.save.ch\/bundesrat-veroeffentlicht-bericht-zur-bekaempfung-der-cyberkriminalitaet-in-der-schweiz\/#primaryimage"},"thumbnailUrl":"https:\/\/news.save.ch\/wp-content\/uploads\/2024\/06\/Depositphotos_169153604_S.jpg","datePublished":"2024-06-20T08:30:04+00:00","dateModified":"2024-06-20T08:30:06+00:00","description":"Bundesrat ver\u00f6ffentlicht Bericht zur Bek\u00e4mpfung der Cyberkriminalit\u00e4t in der Schweiz.","breadcrumb":{"@id":"https:\/\/news.save.ch\/bundesrat-veroeffentlicht-bericht-zur-bekaempfung-der-cyberkriminalitaet-in-der-schweiz\/#breadcrumb"},"inLanguage":"de","potentialAction":[{"@type":"ReadAction","target":["https:\/\/news.save.ch\/bundesrat-veroeffentlicht-bericht-zur-bekaempfung-der-cyberkriminalitaet-in-der-schweiz\/"]}]},{"@type":"ImageObject","inLanguage":"de","@id":"https:\/\/news.save.ch\/bundesrat-veroeffentlicht-bericht-zur-bekaempfung-der-cyberkriminalitaet-in-der-schweiz\/#primaryimage","url":"https:\/\/news.save.ch\/wp-content\/uploads\/2024\/06\/Depositphotos_169153604_S.jpg","contentUrl":"https:\/\/news.save.ch\/wp-content\/uploads\/2024\/06\/Depositphotos_169153604_S.jpg","width":999,"height":396,"caption":"Bild: Depositphotos\/stevanovicigor"},{"@type":"BreadcrumbList","@id":"https:\/\/news.save.ch\/bundesrat-veroeffentlicht-bericht-zur-bekaempfung-der-cyberkriminalitaet-in-der-schweiz\/#breadcrumb","itemListElement":[{"@type":"ListItem","position":1,"name":"Home","item":"https:\/\/news.save.ch\/de\/"},{"@type":"ListItem","position":2,"name":"Bundesrat ver\u00f6ffentlicht Bericht zur Bek\u00e4mpfung der Cyberkriminalit\u00e4t in der Schweiz"}]},{"@type":"WebSite","@id":"https:\/\/news.save.ch\/de\/#website","url":"https:\/\/news.save.ch\/de\/","name":"Save","description":"Schweizer Fachzeitschrift f\u00fcr Sicherheit","publisher":{"@id":"https:\/\/news.save.ch\/de\/#organization"},"potentialAction":[{"@type":"SearchAction","target":{"@type":"EntryPoint","urlTemplate":"https:\/\/news.save.ch\/de\/?s={search_term_string}"},"query-input":{"@type":"PropertyValueSpecification","valueRequired":true,"valueName":"search_term_string"}}],"inLanguage":"de"},{"@type":"Organization","@id":"https:\/\/news.save.ch\/de\/#organization","name":"Sicherheitsforum","url":"https:\/\/news.save.ch\/de\/","logo":{"@type":"ImageObject","inLanguage":"de","@id":"https:\/\/news.save.ch\/de\/#\/schema\/logo\/image\/","url":"https:\/\/news.save.ch\/wp-content\/uploads\/2022\/06\/Logo_SF_2012.png","contentUrl":"https:\/\/news.save.ch\/wp-content\/uploads\/2022\/06\/Logo_SF_2012.png","width":1100,"height":91,"caption":"Sicherheitsforum"},"image":{"@id":"https:\/\/news.save.ch\/de\/#\/schema\/logo\/image\/"}},{"@type":"Person","@id":"https:\/\/news.save.ch\/de\/#\/schema\/person\/10917387362b3961e882740f6cf6f2a2","name":"stefanie Zeng","image":{"@type":"ImageObject","inLanguage":"de","@id":"https:\/\/secure.gravatar.com\/avatar\/eac43faa6e40bb2c41068c95c9d78bbd94c476d5efdff7abaab80bb3ea681e06?s=96&d=mm&r=g","url":"https:\/\/secure.gravatar.com\/avatar\/eac43faa6e40bb2c41068c95c9d78bbd94c476d5efdff7abaab80bb3ea681e06?s=96&d=mm&r=g","contentUrl":"https:\/\/secure.gravatar.com\/avatar\/eac43faa6e40bb2c41068c95c9d78bbd94c476d5efdff7abaab80bb3ea681e06?s=96&d=mm&r=g","caption":"stefanie Zeng"},"url":"https:\/\/news.save.ch\/de\/author\/stefanie-zeng\/"}]}},"_links":{"self":[{"href":"https:\/\/news.save.ch\/de\/wp-json\/wp\/v2\/posts\/23269","targetHints":{"allow":["GET"]}}],"collection":[{"href":"https:\/\/news.save.ch\/de\/wp-json\/wp\/v2\/posts"}],"about":[{"href":"https:\/\/news.save.ch\/de\/wp-json\/wp\/v2\/types\/post"}],"author":[{"embeddable":true,"href":"https:\/\/news.save.ch\/de\/wp-json\/wp\/v2\/users\/31"}],"replies":[{"embeddable":true,"href":"https:\/\/news.save.ch\/de\/wp-json\/wp\/v2\/comments?post=23269"}],"version-history":[{"count":2,"href":"https:\/\/news.save.ch\/de\/wp-json\/wp\/v2\/posts\/23269\/revisions"}],"predecessor-version":[{"id":23272,"href":"https:\/\/news.save.ch\/de\/wp-json\/wp\/v2\/posts\/23269\/revisions\/23272"}],"wp:featuredmedia":[{"embeddable":true,"href":"https:\/\/news.save.ch\/de\/wp-json\/wp\/v2\/media\/23270"}],"wp:attachment":[{"href":"https:\/\/news.save.ch\/de\/wp-json\/wp\/v2\/media?parent=23269"}],"wp:term":[{"taxonomy":"category","embeddable":true,"href":"https:\/\/news.save.ch\/de\/wp-json\/wp\/v2\/categories?post=23269"},{"taxonomy":"post_tag","embeddable":true,"href":"https:\/\/news.save.ch\/de\/wp-json\/wp\/v2\/tags?post=23269"}],"curies":[{"name":"wp","href":"https:\/\/api.w.org\/{rel}","templated":true}]}}