{"id":23290,"date":"2024-06-26T10:46:18","date_gmt":"2024-06-26T08:46:18","guid":{"rendered":"https:\/\/news.save.ch\/?p=23290"},"modified":"2024-06-26T10:46:20","modified_gmt":"2024-06-26T08:46:20","slug":"bundesrat-rechnet-mit-wachsendem-druck-auf-die-schweiz","status":null,"type":"post","link":"https:\/\/news.save.ch\/de\/bundesrat-rechnet-mit-wachsendem-druck-auf-die-schweiz\/","title":{"rendered":"Bundesrat rechnet mit wachsendem Druck auf die Schweiz"},"content":{"rendered":"<figure id=\"attachment_23292\" aria-describedby=\"caption-attachment-23292\" style=\"width: 1000px\" class=\"wp-caption alignnone\"><a href=\"https:\/\/news.save.ch\/bundesrat-rechnet-mit-wachsendem-druck-auf-die-schweiz\/depositphotos_44624677_s\/\" rel=\"attachment wp-att-23292\"><img loading=\"lazy\" decoding=\"async\" class=\"wp-image-23292 size-full\" src=\"https:\/\/news.save.ch\/wp-content\/uploads\/2024\/06\/Depositphotos_44624677_S.jpg\" alt=\"\" width=\"1000\" height=\"633\" srcset=\"https:\/\/news.save.ch\/wp-content\/uploads\/2024\/06\/Depositphotos_44624677_S.jpg 1000w, https:\/\/news.save.ch\/wp-content\/uploads\/2024\/06\/Depositphotos_44624677_S-680x430.jpg 680w, https:\/\/news.save.ch\/wp-content\/uploads\/2024\/06\/Depositphotos_44624677_S-768x486.jpg 768w, https:\/\/news.save.ch\/wp-content\/uploads\/2024\/06\/Depositphotos_44624677_S-18x12.jpg 18w, https:\/\/news.save.ch\/wp-content\/uploads\/2024\/06\/Depositphotos_44624677_S-375x237.jpg 375w, https:\/\/news.save.ch\/wp-content\/uploads\/2024\/06\/Depositphotos_44624677_S-553x350.jpg 553w\" sizes=\"auto, (max-width: 1000px) 100vw, 1000px\" \/><\/a><figcaption id=\"caption-attachment-23292\" class=\"wp-caption-text\">Bild: Depositphotos\/Ruletkka<\/figcaption><\/figure>\n<p>&nbsp;<\/p>\n<p>In dem Bericht h\u00e4lt der Bundesrat insbesondere fest, dass in Bezug auf die strategische Lage angesichts des stark polarisierten Umfelds mit wachsendem politischem und wirtschaftlichem Druck auf die Schweiz zu rechnen ist. Im Bereich Terrorismus haben die Anfang 2024 vom \u00abIslamischen Staat\u00bb international lancierte Propagandakampagne und mehrere medienwirksame Anschl\u00e4ge eine neue Dynamik in der dschihadistischen Bewegung entfaltet. Diese Propaganda hat die Entstehung von Netzwerken von Sympathisantinnen und Sympathisanten in der Schweiz beg\u00fcnstigt, verst\u00e4rkt bei jungen Erwachsenen oder sogar Minderj\u00e4hrigen.<\/p>\n<p>Der j\u00e4hrliche Bericht des Bundesrates zur Beurteilung der Bedrohungslage bezieht sich zum einen auf die sicherheitspolitisch bedeutsamen Vorg\u00e4nge im Ausland und zum anderen auf die im Nachrichtendienstgesetz (NDG) genannten Bedrohungen.<\/p>\n<p>Der Bundesrat stellt fest, dass die Schweiz zwar immer noch relativ sicher ist, aber angesichts des stark polarisierten Umfelds mit Multikrisen und mit Waffengewalt ausgetragenen Konflikten in Europa und an Europas Peripherie deutlich weniger als vor 2022. So ist mit der russischen Aggression gegen die Ukraine der konventionelle Krieg nach Europa zur\u00fcckgekehrt. Russland wird auf lange Zeit der bestimmende Unsicherheitsfaktor in Europa bleiben und dies in einem Umfeld, in dem die Vision einer von den USA und der Nato unabh\u00e4ngigen und strategisch autonomen EU auf absehbare Zeit unerreichbar bleibt. Der Kriegsschauplatz im Nahen Osten umfasst neben Gaza auch die Seewege um Jemen. Die Wahrscheinlichkeit einer milit\u00e4rischen Eskalation zwischen Israel und der libanesischen Hisbollah steigt. Zudem kam es erstmals zu einem direkten milit\u00e4rischen Schlagabtausch zwischen Israel und dem Iran.<\/p>\n<p>Wir leben in einer gef\u00e4hrlichen und volatilen \u00dcbergangszeit. Allgemein verbindliche globale Ordnungsprinzipien erodieren. Auch angesichts des Trends zur bipolaren Sph\u00e4renbildung ist mit wachsendem politischem und wirtschaftlichem Druck auf die Schweiz zu rechnen. Gem\u00e4ss dem Bundesrat d\u00fcrften in der Konsequenz vermehrt Solidarit\u00e4tsbeitr\u00e4ge und politische Positionierungen von der Schweiz gefordert werden.<\/p>\n<h3>Die Bedrohungen im Einzelnen<\/h3>\n<p>Was die im NDG genannten Bedrohungen betrifft, ist die Terrorbedrohung in der Schweiz nach wie vor erh\u00f6ht. Allerdings haben der terroristische Grossangriff der Hamas auf Israel Anfang Oktober 2023 und die folgenden Kampfhandlungen diese akzentuiert. Insbesondere die Propaganda des \u00abIslamischen Staats\u00bb hat die Entstehung von Netzwerken von Sympathisantinnen und Sympathisanten in der Schweiz beg\u00fcnstigt, verst\u00e4rkt bei jungen Erwachsenen oder sogar Minderj\u00e4hrigen. Spontane Gewaltakte mit einfachen Mitteln, ver\u00fcbt von dschihadistisch inspirierten Einzelt\u00e4terinnen und -t\u00e4tern oder Kleingruppen, bleiben das wahrscheinlichste Bedrohungsszenario in der Schweiz. Allerdings sind auch Grossveranstaltungen beziehungsweise publikumswirksame Anl\u00e4sse f\u00fcr Dschihadisten attraktive Gelegenheiten, um Anschlagsabsichten umzusetzen. Dies gilt auch f\u00fcr die Schweiz.<\/p>\n<p>Im Bereich des gewaltt\u00e4tigen Extremismus erh\u00f6ht sich in Europa und in der Schweiz das Risiko, dass gewaltt\u00e4tige linksextremistische Kreise gezielte Gewalt gegen Personen einsetzen oder sogar Terroranschl\u00e4ge ver\u00fcben. Die Bedrohung durch rechtsextremistisch motivierten Terror in Europa nimmt weiter zu. So gab es auch in der Schweiz mehrere F\u00e4lle sehr junger Personen, die bereit waren, einen Terrorakt zu begehen.<\/p>\n<p>Die Bedrohung der Schweiz durch Spionage ist nach wie vor hoch. Ein erheblicher Teil der Aktivit\u00e4ten ausl\u00e4ndischer Nachrichtendienste auf Schweizer Boden richtet sich in erster Linie gegen die jeweils eigenen Rivalen. Aber auch schweizerische Entit\u00e4ten sind direkt von Spionageversuchen betroffen. Zu den st\u00e4ndigen Zielen geh\u00f6rt die Ausforschung von Bundesbeh\u00f6rden. Inhaltlich sind aktuell wahrscheinlich die Beschaffung von R\u00fcstungstechnologien und die Beziehungen der Schweiz zur EU und zur Nato von Interesse. Nachrichtendienstliche Netzwerke werden weltweit nicht nur f\u00fcr Spionage gebraucht. Teile davon dienen auch der illegalen Beschaffung kritischer beziehungsweise sanktionierter G\u00fcter, der Verbreitung von Desinformation und Propaganda, der verdeckten Einflussnahme sowie der Vorbereitung und Durchf\u00fchrung von Entf\u00fchrungen, Sabotage und Attentaten.<\/p>\n<p><em>Quelle: Nachrichtendienst des Bundes<\/em><\/p>\n","protected":false},"excerpt":{"rendered":"<p>&nbsp; In dem Bericht h\u00e4lt der Bundesrat insbesondere fest, dass in Bezug auf die strategische Lage angesichts des stark polarisierten Umfelds mit wachsendem politischem und wirtschaftlichem Druck auf die Schweiz zu rechnen ist. Im Bereich Terrorismus haben die Anfang 2024 vom \u00abIslamischen Staat\u00bb international lancierte Propagandakampagne und mehrere medienwirksame Anschl\u00e4ge eine neue Dynamik in der [&hellip;]<\/p>\n","protected":false},"author":31,"featured_media":23292,"comment_status":"closed","ping_status":"closed","sticky":false,"template":"","format":"standard","meta":{"_acf_changed":false,"pgc_sgb_lightbox_settings":"","footnotes":""},"categories":[1,3312],"tags":[165,1054,310,385],"class_list":["post-23290","post","type-post","status-publish","format-standard","has-post-thumbnail","hentry","category-allgemein","category-sicherheit","tag-nachrichtendienst","tag-nachrichtendienst-des-bundes","tag-sicherheit","tag-terror"],"acf":[],"hkrextid":null,"publication":null,"issue":null,"workflow":null,"startPage":null,"spitzmarke":null,"_posts_by_tag_page_fields":null,"_at_widget":null,"_yoast_wpseo_primary_category":"1","_yoast_wpseo_focuskw_text_input":null,"_yoast_wpseo_opengraph-image":null,"_yoast_wpseo_opengraph-description":null,"_yoast_wpseo_opengraph-title":null,"enclosure":null,"_yoast_wpseo_twitter-title":null,"_yoast_wpseo_twitter-description":null,"_yoast_wpseo_twitter-image":null,"_wp_old_slug":null,"_yoast_wpseo_title":null,"_yoast_wpseo_canonical":null,"yoast_head":"<!-- This site is optimized with the Yoast SEO plugin v27.4 - https:\/\/yoast.com\/product\/yoast-seo-wordpress\/ -->\n<title>Bundesrat rechnet mit wachsendem Druck auf die Schweiz - Save<\/title>\n<meta name=\"description\" content=\"Der Bundesrat hat den j\u00e4hrlichen Bericht zur Beurteilung der Bedrohungslage gem\u00e4ss Artikel 70 Nachrichtendienstgesetz (NDG) gutgeheissen.\" \/>\n<meta name=\"robots\" content=\"index, follow, max-snippet:-1, max-image-preview:large, max-video-preview:-1\" \/>\n<link rel=\"canonical\" href=\"https:\/\/news.save.ch\/de\/bundesrat-rechnet-mit-wachsendem-druck-auf-die-schweiz\/\" \/>\n<meta property=\"og:locale\" content=\"de_DE\" \/>\n<meta property=\"og:type\" content=\"article\" \/>\n<meta property=\"og:title\" content=\"Bundesrat rechnet mit wachsendem Druck auf die Schweiz - Save\" \/>\n<meta property=\"og:description\" content=\"Der Bundesrat hat den j\u00e4hrlichen Bericht zur Beurteilung der Bedrohungslage gem\u00e4ss Artikel 70 Nachrichtendienstgesetz (NDG) gutgeheissen.\" \/>\n<meta property=\"og:url\" content=\"https:\/\/news.save.ch\/de\/bundesrat-rechnet-mit-wachsendem-druck-auf-die-schweiz\/\" \/>\n<meta property=\"og:site_name\" content=\"Save\" \/>\n<meta property=\"article:published_time\" content=\"2024-06-26T08:46:18+00:00\" \/>\n<meta property=\"article:modified_time\" content=\"2024-06-26T08:46:20+00:00\" \/>\n<meta property=\"og:image\" content=\"https:\/\/news.save.ch\/wp-content\/uploads\/2024\/06\/Depositphotos_44624677_S.jpg\" \/>\n\t<meta property=\"og:image:width\" content=\"1000\" \/>\n\t<meta property=\"og:image:height\" content=\"633\" \/>\n\t<meta property=\"og:image:type\" content=\"image\/jpeg\" \/>\n<meta name=\"author\" content=\"stefanie Zeng\" \/>\n<meta name=\"twitter:card\" content=\"summary_large_image\" \/>\n<meta name=\"twitter:label1\" content=\"Geschrieben von\" \/>\n\t<meta name=\"twitter:data1\" content=\"stefanie Zeng\" \/>\n\t<meta name=\"twitter:label2\" content=\"Gesch\u00e4tzte Lesezeit\" \/>\n\t<meta name=\"twitter:data2\" content=\"4\u00a0Minuten\" \/>\n<script type=\"application\/ld+json\" class=\"yoast-schema-graph\">{\"@context\":\"https:\\\/\\\/schema.org\",\"@graph\":[{\"@type\":\"Article\",\"@id\":\"https:\\\/\\\/news.save.ch\\\/bundesrat-rechnet-mit-wachsendem-druck-auf-die-schweiz\\\/#article\",\"isPartOf\":{\"@id\":\"https:\\\/\\\/news.save.ch\\\/bundesrat-rechnet-mit-wachsendem-druck-auf-die-schweiz\\\/\"},\"author\":{\"name\":\"stefanie Zeng\",\"@id\":\"https:\\\/\\\/news.save.ch\\\/de\\\/#\\\/schema\\\/person\\\/10917387362b3961e882740f6cf6f2a2\"},\"headline\":\"Bundesrat rechnet mit wachsendem Druck auf die Schweiz\",\"datePublished\":\"2024-06-26T08:46:18+00:00\",\"dateModified\":\"2024-06-26T08:46:20+00:00\",\"mainEntityOfPage\":{\"@id\":\"https:\\\/\\\/news.save.ch\\\/bundesrat-rechnet-mit-wachsendem-druck-auf-die-schweiz\\\/\"},\"wordCount\":622,\"publisher\":{\"@id\":\"https:\\\/\\\/news.save.ch\\\/de\\\/#organization\"},\"image\":{\"@id\":\"https:\\\/\\\/news.save.ch\\\/bundesrat-rechnet-mit-wachsendem-druck-auf-die-schweiz\\\/#primaryimage\"},\"thumbnailUrl\":\"https:\\\/\\\/news.save.ch\\\/wp-content\\\/uploads\\\/2024\\\/06\\\/Depositphotos_44624677_S.jpg\",\"keywords\":[\"Nachrichtendienst\",\"Nachrichtendienst des Bundes\",\"Sicherheit\",\"Terror\"],\"articleSection\":[\"ALLGEMEIN\",\"SICHERHEIT\"],\"inLanguage\":\"de\"},{\"@type\":\"WebPage\",\"@id\":\"https:\\\/\\\/news.save.ch\\\/bundesrat-rechnet-mit-wachsendem-druck-auf-die-schweiz\\\/\",\"url\":\"https:\\\/\\\/news.save.ch\\\/bundesrat-rechnet-mit-wachsendem-druck-auf-die-schweiz\\\/\",\"name\":\"Bundesrat rechnet mit wachsendem Druck auf die Schweiz - Save\",\"isPartOf\":{\"@id\":\"https:\\\/\\\/news.save.ch\\\/de\\\/#website\"},\"primaryImageOfPage\":{\"@id\":\"https:\\\/\\\/news.save.ch\\\/bundesrat-rechnet-mit-wachsendem-druck-auf-die-schweiz\\\/#primaryimage\"},\"image\":{\"@id\":\"https:\\\/\\\/news.save.ch\\\/bundesrat-rechnet-mit-wachsendem-druck-auf-die-schweiz\\\/#primaryimage\"},\"thumbnailUrl\":\"https:\\\/\\\/news.save.ch\\\/wp-content\\\/uploads\\\/2024\\\/06\\\/Depositphotos_44624677_S.jpg\",\"datePublished\":\"2024-06-26T08:46:18+00:00\",\"dateModified\":\"2024-06-26T08:46:20+00:00\",\"description\":\"Der Bundesrat hat den j\u00e4hrlichen Bericht zur Beurteilung der Bedrohungslage gem\u00e4ss Artikel 70 Nachrichtendienstgesetz (NDG) gutgeheissen.\",\"breadcrumb\":{\"@id\":\"https:\\\/\\\/news.save.ch\\\/bundesrat-rechnet-mit-wachsendem-druck-auf-die-schweiz\\\/#breadcrumb\"},\"inLanguage\":\"de\",\"potentialAction\":[{\"@type\":\"ReadAction\",\"target\":[\"https:\\\/\\\/news.save.ch\\\/bundesrat-rechnet-mit-wachsendem-druck-auf-die-schweiz\\\/\"]}]},{\"@type\":\"ImageObject\",\"inLanguage\":\"de\",\"@id\":\"https:\\\/\\\/news.save.ch\\\/bundesrat-rechnet-mit-wachsendem-druck-auf-die-schweiz\\\/#primaryimage\",\"url\":\"https:\\\/\\\/news.save.ch\\\/wp-content\\\/uploads\\\/2024\\\/06\\\/Depositphotos_44624677_S.jpg\",\"contentUrl\":\"https:\\\/\\\/news.save.ch\\\/wp-content\\\/uploads\\\/2024\\\/06\\\/Depositphotos_44624677_S.jpg\",\"width\":1000,\"height\":633,\"caption\":\"Bild: Depositphotos\\\/Ruletkka\"},{\"@type\":\"BreadcrumbList\",\"@id\":\"https:\\\/\\\/news.save.ch\\\/bundesrat-rechnet-mit-wachsendem-druck-auf-die-schweiz\\\/#breadcrumb\",\"itemListElement\":[{\"@type\":\"ListItem\",\"position\":1,\"name\":\"Home\",\"item\":\"https:\\\/\\\/news.save.ch\\\/de\\\/\"},{\"@type\":\"ListItem\",\"position\":2,\"name\":\"Bundesrat rechnet mit wachsendem Druck auf die Schweiz\"}]},{\"@type\":\"WebSite\",\"@id\":\"https:\\\/\\\/news.save.ch\\\/de\\\/#website\",\"url\":\"https:\\\/\\\/news.save.ch\\\/de\\\/\",\"name\":\"Save\",\"description\":\"Schweizer Fachzeitschrift f\u00fcr Sicherheit\",\"publisher\":{\"@id\":\"https:\\\/\\\/news.save.ch\\\/de\\\/#organization\"},\"potentialAction\":[{\"@type\":\"SearchAction\",\"target\":{\"@type\":\"EntryPoint\",\"urlTemplate\":\"https:\\\/\\\/news.save.ch\\\/de\\\/?s={search_term_string}\"},\"query-input\":{\"@type\":\"PropertyValueSpecification\",\"valueRequired\":true,\"valueName\":\"search_term_string\"}}],\"inLanguage\":\"de\"},{\"@type\":\"Organization\",\"@id\":\"https:\\\/\\\/news.save.ch\\\/de\\\/#organization\",\"name\":\"Sicherheitsforum\",\"url\":\"https:\\\/\\\/news.save.ch\\\/de\\\/\",\"logo\":{\"@type\":\"ImageObject\",\"inLanguage\":\"de\",\"@id\":\"https:\\\/\\\/news.save.ch\\\/de\\\/#\\\/schema\\\/logo\\\/image\\\/\",\"url\":\"https:\\\/\\\/news.save.ch\\\/wp-content\\\/uploads\\\/2022\\\/06\\\/Logo_SF_2012.png\",\"contentUrl\":\"https:\\\/\\\/news.save.ch\\\/wp-content\\\/uploads\\\/2022\\\/06\\\/Logo_SF_2012.png\",\"width\":1100,\"height\":91,\"caption\":\"Sicherheitsforum\"},\"image\":{\"@id\":\"https:\\\/\\\/news.save.ch\\\/de\\\/#\\\/schema\\\/logo\\\/image\\\/\"}},{\"@type\":\"Person\",\"@id\":\"https:\\\/\\\/news.save.ch\\\/de\\\/#\\\/schema\\\/person\\\/10917387362b3961e882740f6cf6f2a2\",\"name\":\"stefanie Zeng\",\"image\":{\"@type\":\"ImageObject\",\"inLanguage\":\"de\",\"@id\":\"https:\\\/\\\/secure.gravatar.com\\\/avatar\\\/eac43faa6e40bb2c41068c95c9d78bbd94c476d5efdff7abaab80bb3ea681e06?s=96&d=mm&r=g\",\"url\":\"https:\\\/\\\/secure.gravatar.com\\\/avatar\\\/eac43faa6e40bb2c41068c95c9d78bbd94c476d5efdff7abaab80bb3ea681e06?s=96&d=mm&r=g\",\"contentUrl\":\"https:\\\/\\\/secure.gravatar.com\\\/avatar\\\/eac43faa6e40bb2c41068c95c9d78bbd94c476d5efdff7abaab80bb3ea681e06?s=96&d=mm&r=g\",\"caption\":\"stefanie Zeng\"},\"url\":\"https:\\\/\\\/news.save.ch\\\/de\\\/author\\\/stefanie-zeng\\\/\"}]}<\/script>\n<!-- \/ Yoast SEO plugin. -->","yoast_head_json":{"title":"Bundesrat rechnet mit wachsendem Druck auf die Schweiz - Save","description":"Der Bundesrat hat den j\u00e4hrlichen Bericht zur Beurteilung der Bedrohungslage gem\u00e4ss Artikel 70 Nachrichtendienstgesetz (NDG) gutgeheissen.","robots":{"index":"index","follow":"follow","max-snippet":"max-snippet:-1","max-image-preview":"max-image-preview:large","max-video-preview":"max-video-preview:-1"},"canonical":"https:\/\/news.save.ch\/de\/bundesrat-rechnet-mit-wachsendem-druck-auf-die-schweiz\/","og_locale":"de_DE","og_type":"article","og_title":"Bundesrat rechnet mit wachsendem Druck auf die Schweiz - Save","og_description":"Der Bundesrat hat den j\u00e4hrlichen Bericht zur Beurteilung der Bedrohungslage gem\u00e4ss Artikel 70 Nachrichtendienstgesetz (NDG) gutgeheissen.","og_url":"https:\/\/news.save.ch\/de\/bundesrat-rechnet-mit-wachsendem-druck-auf-die-schweiz\/","og_site_name":"Save","article_published_time":"2024-06-26T08:46:18+00:00","article_modified_time":"2024-06-26T08:46:20+00:00","og_image":[{"width":1000,"height":633,"url":"https:\/\/news.save.ch\/wp-content\/uploads\/2024\/06\/Depositphotos_44624677_S.jpg","type":"image\/jpeg"}],"author":"stefanie Zeng","twitter_card":"summary_large_image","twitter_misc":{"Geschrieben von":"stefanie Zeng","Gesch\u00e4tzte Lesezeit":"4\u00a0Minuten"},"schema":{"@context":"https:\/\/schema.org","@graph":[{"@type":"Article","@id":"https:\/\/news.save.ch\/bundesrat-rechnet-mit-wachsendem-druck-auf-die-schweiz\/#article","isPartOf":{"@id":"https:\/\/news.save.ch\/bundesrat-rechnet-mit-wachsendem-druck-auf-die-schweiz\/"},"author":{"name":"stefanie Zeng","@id":"https:\/\/news.save.ch\/de\/#\/schema\/person\/10917387362b3961e882740f6cf6f2a2"},"headline":"Bundesrat rechnet mit wachsendem Druck auf die Schweiz","datePublished":"2024-06-26T08:46:18+00:00","dateModified":"2024-06-26T08:46:20+00:00","mainEntityOfPage":{"@id":"https:\/\/news.save.ch\/bundesrat-rechnet-mit-wachsendem-druck-auf-die-schweiz\/"},"wordCount":622,"publisher":{"@id":"https:\/\/news.save.ch\/de\/#organization"},"image":{"@id":"https:\/\/news.save.ch\/bundesrat-rechnet-mit-wachsendem-druck-auf-die-schweiz\/#primaryimage"},"thumbnailUrl":"https:\/\/news.save.ch\/wp-content\/uploads\/2024\/06\/Depositphotos_44624677_S.jpg","keywords":["Nachrichtendienst","Nachrichtendienst des Bundes","Sicherheit","Terror"],"articleSection":["ALLGEMEIN","SICHERHEIT"],"inLanguage":"de"},{"@type":"WebPage","@id":"https:\/\/news.save.ch\/bundesrat-rechnet-mit-wachsendem-druck-auf-die-schweiz\/","url":"https:\/\/news.save.ch\/bundesrat-rechnet-mit-wachsendem-druck-auf-die-schweiz\/","name":"Bundesrat rechnet mit wachsendem Druck auf die Schweiz - Save","isPartOf":{"@id":"https:\/\/news.save.ch\/de\/#website"},"primaryImageOfPage":{"@id":"https:\/\/news.save.ch\/bundesrat-rechnet-mit-wachsendem-druck-auf-die-schweiz\/#primaryimage"},"image":{"@id":"https:\/\/news.save.ch\/bundesrat-rechnet-mit-wachsendem-druck-auf-die-schweiz\/#primaryimage"},"thumbnailUrl":"https:\/\/news.save.ch\/wp-content\/uploads\/2024\/06\/Depositphotos_44624677_S.jpg","datePublished":"2024-06-26T08:46:18+00:00","dateModified":"2024-06-26T08:46:20+00:00","description":"Der Bundesrat hat den j\u00e4hrlichen Bericht zur Beurteilung der Bedrohungslage gem\u00e4ss Artikel 70 Nachrichtendienstgesetz (NDG) gutgeheissen.","breadcrumb":{"@id":"https:\/\/news.save.ch\/bundesrat-rechnet-mit-wachsendem-druck-auf-die-schweiz\/#breadcrumb"},"inLanguage":"de","potentialAction":[{"@type":"ReadAction","target":["https:\/\/news.save.ch\/bundesrat-rechnet-mit-wachsendem-druck-auf-die-schweiz\/"]}]},{"@type":"ImageObject","inLanguage":"de","@id":"https:\/\/news.save.ch\/bundesrat-rechnet-mit-wachsendem-druck-auf-die-schweiz\/#primaryimage","url":"https:\/\/news.save.ch\/wp-content\/uploads\/2024\/06\/Depositphotos_44624677_S.jpg","contentUrl":"https:\/\/news.save.ch\/wp-content\/uploads\/2024\/06\/Depositphotos_44624677_S.jpg","width":1000,"height":633,"caption":"Bild: Depositphotos\/Ruletkka"},{"@type":"BreadcrumbList","@id":"https:\/\/news.save.ch\/bundesrat-rechnet-mit-wachsendem-druck-auf-die-schweiz\/#breadcrumb","itemListElement":[{"@type":"ListItem","position":1,"name":"Home","item":"https:\/\/news.save.ch\/de\/"},{"@type":"ListItem","position":2,"name":"Bundesrat rechnet mit wachsendem Druck auf die Schweiz"}]},{"@type":"WebSite","@id":"https:\/\/news.save.ch\/de\/#website","url":"https:\/\/news.save.ch\/de\/","name":"Save","description":"Schweizer Fachzeitschrift f\u00fcr Sicherheit","publisher":{"@id":"https:\/\/news.save.ch\/de\/#organization"},"potentialAction":[{"@type":"SearchAction","target":{"@type":"EntryPoint","urlTemplate":"https:\/\/news.save.ch\/de\/?s={search_term_string}"},"query-input":{"@type":"PropertyValueSpecification","valueRequired":true,"valueName":"search_term_string"}}],"inLanguage":"de"},{"@type":"Organization","@id":"https:\/\/news.save.ch\/de\/#organization","name":"Sicherheitsforum","url":"https:\/\/news.save.ch\/de\/","logo":{"@type":"ImageObject","inLanguage":"de","@id":"https:\/\/news.save.ch\/de\/#\/schema\/logo\/image\/","url":"https:\/\/news.save.ch\/wp-content\/uploads\/2022\/06\/Logo_SF_2012.png","contentUrl":"https:\/\/news.save.ch\/wp-content\/uploads\/2022\/06\/Logo_SF_2012.png","width":1100,"height":91,"caption":"Sicherheitsforum"},"image":{"@id":"https:\/\/news.save.ch\/de\/#\/schema\/logo\/image\/"}},{"@type":"Person","@id":"https:\/\/news.save.ch\/de\/#\/schema\/person\/10917387362b3961e882740f6cf6f2a2","name":"stefanie Zeng","image":{"@type":"ImageObject","inLanguage":"de","@id":"https:\/\/secure.gravatar.com\/avatar\/eac43faa6e40bb2c41068c95c9d78bbd94c476d5efdff7abaab80bb3ea681e06?s=96&d=mm&r=g","url":"https:\/\/secure.gravatar.com\/avatar\/eac43faa6e40bb2c41068c95c9d78bbd94c476d5efdff7abaab80bb3ea681e06?s=96&d=mm&r=g","contentUrl":"https:\/\/secure.gravatar.com\/avatar\/eac43faa6e40bb2c41068c95c9d78bbd94c476d5efdff7abaab80bb3ea681e06?s=96&d=mm&r=g","caption":"stefanie Zeng"},"url":"https:\/\/news.save.ch\/de\/author\/stefanie-zeng\/"}]}},"_links":{"self":[{"href":"https:\/\/news.save.ch\/de\/wp-json\/wp\/v2\/posts\/23290","targetHints":{"allow":["GET"]}}],"collection":[{"href":"https:\/\/news.save.ch\/de\/wp-json\/wp\/v2\/posts"}],"about":[{"href":"https:\/\/news.save.ch\/de\/wp-json\/wp\/v2\/types\/post"}],"author":[{"embeddable":true,"href":"https:\/\/news.save.ch\/de\/wp-json\/wp\/v2\/users\/31"}],"replies":[{"embeddable":true,"href":"https:\/\/news.save.ch\/de\/wp-json\/wp\/v2\/comments?post=23290"}],"version-history":[{"count":3,"href":"https:\/\/news.save.ch\/de\/wp-json\/wp\/v2\/posts\/23290\/revisions"}],"predecessor-version":[{"id":23294,"href":"https:\/\/news.save.ch\/de\/wp-json\/wp\/v2\/posts\/23290\/revisions\/23294"}],"wp:featuredmedia":[{"embeddable":true,"href":"https:\/\/news.save.ch\/de\/wp-json\/wp\/v2\/media\/23292"}],"wp:attachment":[{"href":"https:\/\/news.save.ch\/de\/wp-json\/wp\/v2\/media?parent=23290"}],"wp:term":[{"taxonomy":"category","embeddable":true,"href":"https:\/\/news.save.ch\/de\/wp-json\/wp\/v2\/categories?post=23290"},{"taxonomy":"post_tag","embeddable":true,"href":"https:\/\/news.save.ch\/de\/wp-json\/wp\/v2\/tags?post=23290"}],"curies":[{"name":"wp","href":"https:\/\/api.w.org\/{rel}","templated":true}]}}