{"id":23363,"date":"2024-07-17T07:21:11","date_gmt":"2024-07-17T05:21:11","guid":{"rendered":"https:\/\/news.save.ch\/?p=23363"},"modified":"2024-07-25T16:38:09","modified_gmt":"2024-07-25T14:38:09","slug":"dormakaba-konsolidiert-standorte-und-eroeffnet-neuen-hub-und-produktionszentrum-in-montreal","status":null,"type":"post","link":"https:\/\/news.save.ch\/de\/dormakaba-konsolidiert-standorte-und-eroeffnet-neuen-hub-und-produktionszentrum-in-montreal\/","title":{"rendered":"dormakaba konsolidiert Standorte und er\u00f6ffnet neuen Hub und Produktionszentrum in Montreal"},"content":{"rendered":"<figure id=\"attachment_23366\" aria-describedby=\"caption-attachment-23366\" style=\"width: 1400px\" class=\"wp-caption alignnone\"><a href=\"https:\/\/news.save.ch\/dormakaba-konsolidiert-standorte-und-eroeffnet-neuen-hub-und-produktionszentrum-in-montreal\/dk-building-0853\/\" rel=\"attachment wp-att-23366\"><img loading=\"lazy\" decoding=\"async\" class=\"size-full wp-image-23366\" src=\"https:\/\/news.save.ch\/wp-content\/uploads\/2024\/07\/dk-Building-0853-scaled.jpg\" alt=\"\" width=\"1400\" height=\"909\" srcset=\"https:\/\/news.save.ch\/wp-content\/uploads\/2024\/07\/dk-Building-0853-scaled.jpg 1200w, https:\/\/news.save.ch\/wp-content\/uploads\/2024\/07\/dk-Building-0853-680x441.jpg 680w, https:\/\/news.save.ch\/wp-content\/uploads\/2024\/07\/dk-Building-0853-1024x665.jpg 1024w, https:\/\/news.save.ch\/wp-content\/uploads\/2024\/07\/dk-Building-0853-768x499.jpg 768w, https:\/\/news.save.ch\/wp-content\/uploads\/2024\/07\/dk-Building-0853-1536x997.jpg 1536w, https:\/\/news.save.ch\/wp-content\/uploads\/2024\/07\/dk-Building-0853-18x12.jpg 18w, https:\/\/news.save.ch\/wp-content\/uploads\/2024\/07\/dk-Building-0853-375x243.jpg 375w, https:\/\/news.save.ch\/wp-content\/uploads\/2024\/07\/dk-Building-0853-539x350.jpg 539w, https:\/\/news.save.ch\/wp-content\/uploads\/2024\/07\/dk-Building-0853-1000x649.jpg 1000w\" sizes=\"auto, (max-width: 1400px) 100vw, 1400px\" \/><\/a><figcaption id=\"caption-attachment-23366\" class=\"wp-caption-text\">Foto: zVg<\/figcaption><\/figure>\n<p>Till Reuter, CEO von dormakaba, weihte den neuen Standort ein und sagt: \u00abDie Er\u00f6ffnung der neuen Anlage in Kanada ist Teil unserer Wachstumsstrategie und der Optimierung unseres globales Produktionsnetzwerks. Damit wollen wir Abl\u00e4ufe und Logistik vereinfachen, was unseren Kunden einen noch besseren Lieferservice bietet. Das Zentrum in Montreal wird uns dabei helfen, die weltweit steigende Nachfrage nach Zutrittskontrollsystemen f\u00fcr Hotels und Wohnanlagen zu bedienen.\u00bb<\/p>\n<p>Die Betriebsst\u00e4tte in Montreal mit rund 600 Mitarbeitenden produziert j\u00e4hrlich Hunderttausende von Schlosskomponenten f\u00fcr Hotels, Ferienh\u00e4user sowie weitere Wohnanlagen. Dazu geh\u00f6ren auch die Leiterplatten-Baugruppen (Printed Circuit Board Assemblies, PCBA), die f\u00fcr die Fertigstellung elektronischer Schl\u00f6sser und anderer elektronischer Produkte weltweit verwendet werden.<\/p>\n<p>In der neuen Anlage werden ausserdem drei bisherige Standorte konsolidiert und Teams wie Beschaffung, Forschung &amp; Entwicklung und Kundenservice unter einem Dach zusammengefasst, um so die Effizienz und Skalierbarkeit des Gesch\u00e4ftsbetriebs weiter zu verbessern.<\/p>\n<p><em>Quelle: dormakaba<\/em><\/p>\n","protected":false},"excerpt":{"rendered":"<p>Till Reuter, CEO von dormakaba, weihte den neuen Standort ein und sagt: \u00abDie Er\u00f6ffnung der neuen Anlage in Kanada ist Teil unserer Wachstumsstrategie und der Optimierung unseres globales Produktionsnetzwerks. Damit wollen wir Abl\u00e4ufe und Logistik vereinfachen, was unseren Kunden einen noch besseren Lieferservice bietet. Das Zentrum in Montreal wird uns dabei helfen, die weltweit steigende [&hellip;]<\/p>\n","protected":false},"author":31,"featured_media":23366,"comment_status":"closed","ping_status":"closed","sticky":false,"template":"","format":"standard","meta":{"_acf_changed":false,"pgc_sgb_lightbox_settings":"","footnotes":""},"categories":[1],"tags":[712,65],"class_list":["post-23363","post","type-post","status-publish","format-standard","has-post-thumbnail","hentry","category-allgemein","tag-dormakaba","tag-unternehmen"],"acf":[],"hkrextid":null,"publication":null,"issue":null,"workflow":null,"startPage":null,"spitzmarke":null,"_posts_by_tag_page_fields":null,"_at_widget":null,"_yoast_wpseo_primary_category":"","_yoast_wpseo_focuskw_text_input":null,"_yoast_wpseo_opengraph-image":null,"_yoast_wpseo_opengraph-description":null,"_yoast_wpseo_opengraph-title":null,"enclosure":null,"_yoast_wpseo_twitter-title":null,"_yoast_wpseo_twitter-description":null,"_yoast_wpseo_twitter-image":null,"_wp_old_slug":null,"_yoast_wpseo_title":null,"_yoast_wpseo_canonical":null,"yoast_head":"<!-- This site is optimized with the Yoast SEO plugin v27.5 - https:\/\/yoast.com\/product\/yoast-seo-wordpress\/ -->\n<title>dormakaba konsolidiert Standorte und er\u00f6ffnet neuen Hub und Produktionszentrum in Montreal - Save<\/title>\n<meta name=\"description\" content=\"dormakaba konsolidiert Standorte und er\u00f6ffnet neuen Hub und Produktionszentrum in Montreal.\" \/>\n<meta name=\"robots\" content=\"index, follow, max-snippet:-1, max-image-preview:large, max-video-preview:-1\" \/>\n<link rel=\"canonical\" href=\"https:\/\/news.save.ch\/de\/dormakaba-konsolidiert-standorte-und-eroeffnet-neuen-hub-und-produktionszentrum-in-montreal\/\" \/>\n<meta property=\"og:locale\" content=\"de_DE\" \/>\n<meta property=\"og:type\" content=\"article\" \/>\n<meta property=\"og:title\" content=\"dormakaba konsolidiert Standorte und er\u00f6ffnet neuen Hub und Produktionszentrum in Montreal - Save\" \/>\n<meta property=\"og:description\" content=\"dormakaba konsolidiert Standorte und er\u00f6ffnet neuen Hub und Produktionszentrum in Montreal.\" \/>\n<meta property=\"og:url\" content=\"https:\/\/news.save.ch\/de\/dormakaba-konsolidiert-standorte-und-eroeffnet-neuen-hub-und-produktionszentrum-in-montreal\/\" \/>\n<meta property=\"og:site_name\" content=\"Save\" \/>\n<meta property=\"article:published_time\" content=\"2024-07-17T05:21:11+00:00\" \/>\n<meta property=\"article:modified_time\" content=\"2024-07-25T14:38:09+00:00\" \/>\n<meta property=\"og:image\" content=\"https:\/\/news.save.ch\/wp-content\/uploads\/2024\/07\/dk-Building-0853-scaled.jpg\" \/>\n\t<meta property=\"og:image:width\" content=\"1200\" \/>\n\t<meta property=\"og:image:height\" content=\"779\" \/>\n\t<meta property=\"og:image:type\" content=\"image\/jpeg\" \/>\n<meta name=\"author\" content=\"stefanie Zeng\" \/>\n<meta name=\"twitter:card\" content=\"summary_large_image\" \/>\n<meta name=\"twitter:label1\" content=\"Geschrieben von\" \/>\n\t<meta name=\"twitter:data1\" content=\"stefanie Zeng\" \/>\n\t<meta name=\"twitter:label2\" content=\"Gesch\u00e4tzte Lesezeit\" \/>\n\t<meta name=\"twitter:data2\" content=\"2\u00a0Minuten\" \/>\n<script type=\"application\/ld+json\" class=\"yoast-schema-graph\">{\"@context\":\"https:\\\/\\\/schema.org\",\"@graph\":[{\"@type\":\"Article\",\"@id\":\"https:\\\/\\\/news.save.ch\\\/dormakaba-konsolidiert-standorte-und-eroeffnet-neuen-hub-und-produktionszentrum-in-montreal\\\/#article\",\"isPartOf\":{\"@id\":\"https:\\\/\\\/news.save.ch\\\/dormakaba-konsolidiert-standorte-und-eroeffnet-neuen-hub-und-produktionszentrum-in-montreal\\\/\"},\"author\":{\"name\":\"stefanie Zeng\",\"@id\":\"https:\\\/\\\/news.save.ch\\\/de\\\/#\\\/schema\\\/person\\\/10917387362b3961e882740f6cf6f2a2\"},\"headline\":\"dormakaba konsolidiert Standorte und er\u00f6ffnet neuen Hub und Produktionszentrum in Montreal\",\"datePublished\":\"2024-07-17T05:21:11+00:00\",\"dateModified\":\"2024-07-25T14:38:09+00:00\",\"mainEntityOfPage\":{\"@id\":\"https:\\\/\\\/news.save.ch\\\/dormakaba-konsolidiert-standorte-und-eroeffnet-neuen-hub-und-produktionszentrum-in-montreal\\\/\"},\"wordCount\":173,\"publisher\":{\"@id\":\"https:\\\/\\\/news.save.ch\\\/de\\\/#organization\"},\"image\":{\"@id\":\"https:\\\/\\\/news.save.ch\\\/dormakaba-konsolidiert-standorte-und-eroeffnet-neuen-hub-und-produktionszentrum-in-montreal\\\/#primaryimage\"},\"thumbnailUrl\":\"https:\\\/\\\/news.save.ch\\\/wp-content\\\/uploads\\\/2024\\\/07\\\/dk-Building-0853-scaled.jpg\",\"keywords\":[\"Dormakaba\",\"Unternehmen\"],\"articleSection\":[\"ALLGEMEIN\"],\"inLanguage\":\"de\"},{\"@type\":\"WebPage\",\"@id\":\"https:\\\/\\\/news.save.ch\\\/dormakaba-konsolidiert-standorte-und-eroeffnet-neuen-hub-und-produktionszentrum-in-montreal\\\/\",\"url\":\"https:\\\/\\\/news.save.ch\\\/dormakaba-konsolidiert-standorte-und-eroeffnet-neuen-hub-und-produktionszentrum-in-montreal\\\/\",\"name\":\"dormakaba konsolidiert Standorte und er\u00f6ffnet neuen Hub und Produktionszentrum in Montreal - Save\",\"isPartOf\":{\"@id\":\"https:\\\/\\\/news.save.ch\\\/de\\\/#website\"},\"primaryImageOfPage\":{\"@id\":\"https:\\\/\\\/news.save.ch\\\/dormakaba-konsolidiert-standorte-und-eroeffnet-neuen-hub-und-produktionszentrum-in-montreal\\\/#primaryimage\"},\"image\":{\"@id\":\"https:\\\/\\\/news.save.ch\\\/dormakaba-konsolidiert-standorte-und-eroeffnet-neuen-hub-und-produktionszentrum-in-montreal\\\/#primaryimage\"},\"thumbnailUrl\":\"https:\\\/\\\/news.save.ch\\\/wp-content\\\/uploads\\\/2024\\\/07\\\/dk-Building-0853-scaled.jpg\",\"datePublished\":\"2024-07-17T05:21:11+00:00\",\"dateModified\":\"2024-07-25T14:38:09+00:00\",\"description\":\"dormakaba konsolidiert Standorte und er\u00f6ffnet neuen Hub und Produktionszentrum in Montreal.\",\"breadcrumb\":{\"@id\":\"https:\\\/\\\/news.save.ch\\\/dormakaba-konsolidiert-standorte-und-eroeffnet-neuen-hub-und-produktionszentrum-in-montreal\\\/#breadcrumb\"},\"inLanguage\":\"de\",\"potentialAction\":[{\"@type\":\"ReadAction\",\"target\":[\"https:\\\/\\\/news.save.ch\\\/dormakaba-konsolidiert-standorte-und-eroeffnet-neuen-hub-und-produktionszentrum-in-montreal\\\/\"]}]},{\"@type\":\"ImageObject\",\"inLanguage\":\"de\",\"@id\":\"https:\\\/\\\/news.save.ch\\\/dormakaba-konsolidiert-standorte-und-eroeffnet-neuen-hub-und-produktionszentrum-in-montreal\\\/#primaryimage\",\"url\":\"https:\\\/\\\/news.save.ch\\\/wp-content\\\/uploads\\\/2024\\\/07\\\/dk-Building-0853-scaled.jpg\",\"contentUrl\":\"https:\\\/\\\/news.save.ch\\\/wp-content\\\/uploads\\\/2024\\\/07\\\/dk-Building-0853-scaled.jpg\",\"width\":1200,\"height\":779,\"caption\":\"Foto: zVg\"},{\"@type\":\"BreadcrumbList\",\"@id\":\"https:\\\/\\\/news.save.ch\\\/dormakaba-konsolidiert-standorte-und-eroeffnet-neuen-hub-und-produktionszentrum-in-montreal\\\/#breadcrumb\",\"itemListElement\":[{\"@type\":\"ListItem\",\"position\":1,\"name\":\"Home\",\"item\":\"https:\\\/\\\/news.save.ch\\\/de\\\/\"},{\"@type\":\"ListItem\",\"position\":2,\"name\":\"dormakaba konsolidiert Standorte und er\u00f6ffnet neuen Hub und Produktionszentrum in Montreal\"}]},{\"@type\":\"WebSite\",\"@id\":\"https:\\\/\\\/news.save.ch\\\/de\\\/#website\",\"url\":\"https:\\\/\\\/news.save.ch\\\/de\\\/\",\"name\":\"Save\",\"description\":\"Schweizer Fachzeitschrift f\u00fcr Sicherheit\",\"publisher\":{\"@id\":\"https:\\\/\\\/news.save.ch\\\/de\\\/#organization\"},\"potentialAction\":[{\"@type\":\"SearchAction\",\"target\":{\"@type\":\"EntryPoint\",\"urlTemplate\":\"https:\\\/\\\/news.save.ch\\\/de\\\/?s={search_term_string}\"},\"query-input\":{\"@type\":\"PropertyValueSpecification\",\"valueRequired\":true,\"valueName\":\"search_term_string\"}}],\"inLanguage\":\"de\"},{\"@type\":\"Organization\",\"@id\":\"https:\\\/\\\/news.save.ch\\\/de\\\/#organization\",\"name\":\"Sicherheitsforum\",\"url\":\"https:\\\/\\\/news.save.ch\\\/de\\\/\",\"logo\":{\"@type\":\"ImageObject\",\"inLanguage\":\"de\",\"@id\":\"https:\\\/\\\/news.save.ch\\\/de\\\/#\\\/schema\\\/logo\\\/image\\\/\",\"url\":\"https:\\\/\\\/news.save.ch\\\/wp-content\\\/uploads\\\/2022\\\/06\\\/Logo_SF_2012.png\",\"contentUrl\":\"https:\\\/\\\/news.save.ch\\\/wp-content\\\/uploads\\\/2022\\\/06\\\/Logo_SF_2012.png\",\"width\":1100,\"height\":91,\"caption\":\"Sicherheitsforum\"},\"image\":{\"@id\":\"https:\\\/\\\/news.save.ch\\\/de\\\/#\\\/schema\\\/logo\\\/image\\\/\"}},{\"@type\":\"Person\",\"@id\":\"https:\\\/\\\/news.save.ch\\\/de\\\/#\\\/schema\\\/person\\\/10917387362b3961e882740f6cf6f2a2\",\"name\":\"stefanie Zeng\",\"image\":{\"@type\":\"ImageObject\",\"inLanguage\":\"de\",\"@id\":\"https:\\\/\\\/secure.gravatar.com\\\/avatar\\\/eac43faa6e40bb2c41068c95c9d78bbd94c476d5efdff7abaab80bb3ea681e06?s=96&d=mm&r=g\",\"url\":\"https:\\\/\\\/secure.gravatar.com\\\/avatar\\\/eac43faa6e40bb2c41068c95c9d78bbd94c476d5efdff7abaab80bb3ea681e06?s=96&d=mm&r=g\",\"contentUrl\":\"https:\\\/\\\/secure.gravatar.com\\\/avatar\\\/eac43faa6e40bb2c41068c95c9d78bbd94c476d5efdff7abaab80bb3ea681e06?s=96&d=mm&r=g\",\"caption\":\"stefanie Zeng\"},\"url\":\"https:\\\/\\\/news.save.ch\\\/de\\\/author\\\/stefanie-zeng\\\/\"}]}<\/script>\n<!-- \/ Yoast SEO plugin. -->","yoast_head_json":{"title":"dormakaba konsolidiert Standorte und er\u00f6ffnet neuen Hub und Produktionszentrum in Montreal - Save","description":"dormakaba konsolidiert Standorte und er\u00f6ffnet neuen Hub und Produktionszentrum in Montreal.","robots":{"index":"index","follow":"follow","max-snippet":"max-snippet:-1","max-image-preview":"max-image-preview:large","max-video-preview":"max-video-preview:-1"},"canonical":"https:\/\/news.save.ch\/de\/dormakaba-konsolidiert-standorte-und-eroeffnet-neuen-hub-und-produktionszentrum-in-montreal\/","og_locale":"de_DE","og_type":"article","og_title":"dormakaba konsolidiert Standorte und er\u00f6ffnet neuen Hub und Produktionszentrum in Montreal - Save","og_description":"dormakaba konsolidiert Standorte und er\u00f6ffnet neuen Hub und Produktionszentrum in Montreal.","og_url":"https:\/\/news.save.ch\/de\/dormakaba-konsolidiert-standorte-und-eroeffnet-neuen-hub-und-produktionszentrum-in-montreal\/","og_site_name":"Save","article_published_time":"2024-07-17T05:21:11+00:00","article_modified_time":"2024-07-25T14:38:09+00:00","og_image":[{"width":1200,"height":779,"url":"https:\/\/news.save.ch\/wp-content\/uploads\/2024\/07\/dk-Building-0853-scaled.jpg","type":"image\/jpeg"}],"author":"stefanie Zeng","twitter_card":"summary_large_image","twitter_misc":{"Geschrieben von":"stefanie Zeng","Gesch\u00e4tzte Lesezeit":"2\u00a0Minuten"},"schema":{"@context":"https:\/\/schema.org","@graph":[{"@type":"Article","@id":"https:\/\/news.save.ch\/dormakaba-konsolidiert-standorte-und-eroeffnet-neuen-hub-und-produktionszentrum-in-montreal\/#article","isPartOf":{"@id":"https:\/\/news.save.ch\/dormakaba-konsolidiert-standorte-und-eroeffnet-neuen-hub-und-produktionszentrum-in-montreal\/"},"author":{"name":"stefanie Zeng","@id":"https:\/\/news.save.ch\/de\/#\/schema\/person\/10917387362b3961e882740f6cf6f2a2"},"headline":"dormakaba konsolidiert Standorte und er\u00f6ffnet neuen Hub und Produktionszentrum in Montreal","datePublished":"2024-07-17T05:21:11+00:00","dateModified":"2024-07-25T14:38:09+00:00","mainEntityOfPage":{"@id":"https:\/\/news.save.ch\/dormakaba-konsolidiert-standorte-und-eroeffnet-neuen-hub-und-produktionszentrum-in-montreal\/"},"wordCount":173,"publisher":{"@id":"https:\/\/news.save.ch\/de\/#organization"},"image":{"@id":"https:\/\/news.save.ch\/dormakaba-konsolidiert-standorte-und-eroeffnet-neuen-hub-und-produktionszentrum-in-montreal\/#primaryimage"},"thumbnailUrl":"https:\/\/news.save.ch\/wp-content\/uploads\/2024\/07\/dk-Building-0853-scaled.jpg","keywords":["Dormakaba","Unternehmen"],"articleSection":["ALLGEMEIN"],"inLanguage":"de"},{"@type":"WebPage","@id":"https:\/\/news.save.ch\/dormakaba-konsolidiert-standorte-und-eroeffnet-neuen-hub-und-produktionszentrum-in-montreal\/","url":"https:\/\/news.save.ch\/dormakaba-konsolidiert-standorte-und-eroeffnet-neuen-hub-und-produktionszentrum-in-montreal\/","name":"dormakaba konsolidiert Standorte und er\u00f6ffnet neuen Hub und Produktionszentrum in Montreal - Save","isPartOf":{"@id":"https:\/\/news.save.ch\/de\/#website"},"primaryImageOfPage":{"@id":"https:\/\/news.save.ch\/dormakaba-konsolidiert-standorte-und-eroeffnet-neuen-hub-und-produktionszentrum-in-montreal\/#primaryimage"},"image":{"@id":"https:\/\/news.save.ch\/dormakaba-konsolidiert-standorte-und-eroeffnet-neuen-hub-und-produktionszentrum-in-montreal\/#primaryimage"},"thumbnailUrl":"https:\/\/news.save.ch\/wp-content\/uploads\/2024\/07\/dk-Building-0853-scaled.jpg","datePublished":"2024-07-17T05:21:11+00:00","dateModified":"2024-07-25T14:38:09+00:00","description":"dormakaba konsolidiert Standorte und er\u00f6ffnet neuen Hub und Produktionszentrum in Montreal.","breadcrumb":{"@id":"https:\/\/news.save.ch\/dormakaba-konsolidiert-standorte-und-eroeffnet-neuen-hub-und-produktionszentrum-in-montreal\/#breadcrumb"},"inLanguage":"de","potentialAction":[{"@type":"ReadAction","target":["https:\/\/news.save.ch\/dormakaba-konsolidiert-standorte-und-eroeffnet-neuen-hub-und-produktionszentrum-in-montreal\/"]}]},{"@type":"ImageObject","inLanguage":"de","@id":"https:\/\/news.save.ch\/dormakaba-konsolidiert-standorte-und-eroeffnet-neuen-hub-und-produktionszentrum-in-montreal\/#primaryimage","url":"https:\/\/news.save.ch\/wp-content\/uploads\/2024\/07\/dk-Building-0853-scaled.jpg","contentUrl":"https:\/\/news.save.ch\/wp-content\/uploads\/2024\/07\/dk-Building-0853-scaled.jpg","width":1200,"height":779,"caption":"Foto: zVg"},{"@type":"BreadcrumbList","@id":"https:\/\/news.save.ch\/dormakaba-konsolidiert-standorte-und-eroeffnet-neuen-hub-und-produktionszentrum-in-montreal\/#breadcrumb","itemListElement":[{"@type":"ListItem","position":1,"name":"Home","item":"https:\/\/news.save.ch\/de\/"},{"@type":"ListItem","position":2,"name":"dormakaba konsolidiert Standorte und er\u00f6ffnet neuen Hub und Produktionszentrum in Montreal"}]},{"@type":"WebSite","@id":"https:\/\/news.save.ch\/de\/#website","url":"https:\/\/news.save.ch\/de\/","name":"Save","description":"Schweizer Fachzeitschrift f\u00fcr Sicherheit","publisher":{"@id":"https:\/\/news.save.ch\/de\/#organization"},"potentialAction":[{"@type":"SearchAction","target":{"@type":"EntryPoint","urlTemplate":"https:\/\/news.save.ch\/de\/?s={search_term_string}"},"query-input":{"@type":"PropertyValueSpecification","valueRequired":true,"valueName":"search_term_string"}}],"inLanguage":"de"},{"@type":"Organization","@id":"https:\/\/news.save.ch\/de\/#organization","name":"Sicherheitsforum","url":"https:\/\/news.save.ch\/de\/","logo":{"@type":"ImageObject","inLanguage":"de","@id":"https:\/\/news.save.ch\/de\/#\/schema\/logo\/image\/","url":"https:\/\/news.save.ch\/wp-content\/uploads\/2022\/06\/Logo_SF_2012.png","contentUrl":"https:\/\/news.save.ch\/wp-content\/uploads\/2022\/06\/Logo_SF_2012.png","width":1100,"height":91,"caption":"Sicherheitsforum"},"image":{"@id":"https:\/\/news.save.ch\/de\/#\/schema\/logo\/image\/"}},{"@type":"Person","@id":"https:\/\/news.save.ch\/de\/#\/schema\/person\/10917387362b3961e882740f6cf6f2a2","name":"stefanie Zeng","image":{"@type":"ImageObject","inLanguage":"de","@id":"https:\/\/secure.gravatar.com\/avatar\/eac43faa6e40bb2c41068c95c9d78bbd94c476d5efdff7abaab80bb3ea681e06?s=96&d=mm&r=g","url":"https:\/\/secure.gravatar.com\/avatar\/eac43faa6e40bb2c41068c95c9d78bbd94c476d5efdff7abaab80bb3ea681e06?s=96&d=mm&r=g","contentUrl":"https:\/\/secure.gravatar.com\/avatar\/eac43faa6e40bb2c41068c95c9d78bbd94c476d5efdff7abaab80bb3ea681e06?s=96&d=mm&r=g","caption":"stefanie Zeng"},"url":"https:\/\/news.save.ch\/de\/author\/stefanie-zeng\/"}]}},"_links":{"self":[{"href":"https:\/\/news.save.ch\/de\/wp-json\/wp\/v2\/posts\/23363","targetHints":{"allow":["GET"]}}],"collection":[{"href":"https:\/\/news.save.ch\/de\/wp-json\/wp\/v2\/posts"}],"about":[{"href":"https:\/\/news.save.ch\/de\/wp-json\/wp\/v2\/types\/post"}],"author":[{"embeddable":true,"href":"https:\/\/news.save.ch\/de\/wp-json\/wp\/v2\/users\/31"}],"replies":[{"embeddable":true,"href":"https:\/\/news.save.ch\/de\/wp-json\/wp\/v2\/comments?post=23363"}],"version-history":[{"count":3,"href":"https:\/\/news.save.ch\/de\/wp-json\/wp\/v2\/posts\/23363\/revisions"}],"predecessor-version":[{"id":23368,"href":"https:\/\/news.save.ch\/de\/wp-json\/wp\/v2\/posts\/23363\/revisions\/23368"}],"wp:featuredmedia":[{"embeddable":true,"href":"https:\/\/news.save.ch\/de\/wp-json\/wp\/v2\/media\/23366"}],"wp:attachment":[{"href":"https:\/\/news.save.ch\/de\/wp-json\/wp\/v2\/media?parent=23363"}],"wp:term":[{"taxonomy":"category","embeddable":true,"href":"https:\/\/news.save.ch\/de\/wp-json\/wp\/v2\/categories?post=23363"},{"taxonomy":"post_tag","embeddable":true,"href":"https:\/\/news.save.ch\/de\/wp-json\/wp\/v2\/tags?post=23363"}],"curies":[{"name":"wp","href":"https:\/\/api.w.org\/{rel}","templated":true}]}}