{"id":23369,"date":"2024-07-17T07:29:06","date_gmt":"2024-07-17T05:29:06","guid":{"rendered":"https:\/\/news.save.ch\/?p=23369"},"modified":"2024-11-11T16:52:15","modified_gmt":"2024-11-11T15:52:15","slug":"perimeter-protection-2025-vorbereitungen-sind-in-vollem-gange","status":null,"type":"post","link":"https:\/\/news.save.ch\/de\/perimeter-protection-2025-vorbereitungen-sind-in-vollem-gange\/","title":{"rendered":"Perimeter Protection 2025: Vorbereitungen sind in vollem Gange"},"content":{"rendered":"<figure id=\"attachment_23370\" aria-describedby=\"caption-attachment-23370\" style=\"width: 1400px\" class=\"wp-caption alignnone\"><a href=\"https:\/\/news.save.ch\/perimeter-protection-2025-vorbereitungen-sind-in-vollem-gange\/perimeter-protection-2023-2\/\" rel=\"attachment wp-att-23370\"><img loading=\"lazy\" decoding=\"async\" class=\"size-full wp-image-23370\" src=\"https:\/\/news.save.ch\/wp-content\/uploads\/2024\/07\/perprot0xfjg5ktb3-scaled.jpg\" alt=\"\" width=\"1400\" height=\"933\" srcset=\"https:\/\/news.save.ch\/wp-content\/uploads\/2024\/07\/perprot0xfjg5ktb3-scaled.jpg 1200w, https:\/\/news.save.ch\/wp-content\/uploads\/2024\/07\/perprot0xfjg5ktb3-680x453.jpg 680w, https:\/\/news.save.ch\/wp-content\/uploads\/2024\/07\/perprot0xfjg5ktb3-1024x683.jpg 1024w, https:\/\/news.save.ch\/wp-content\/uploads\/2024\/07\/perprot0xfjg5ktb3-768x512.jpg 768w, https:\/\/news.save.ch\/wp-content\/uploads\/2024\/07\/perprot0xfjg5ktb3-1536x1024.jpg 1536w, https:\/\/news.save.ch\/wp-content\/uploads\/2024\/07\/perprot0xfjg5ktb3-2048x1365.jpg 2048w, https:\/\/news.save.ch\/wp-content\/uploads\/2024\/07\/perprot0xfjg5ktb3-18x12.jpg 18w, https:\/\/news.save.ch\/wp-content\/uploads\/2024\/07\/perprot0xfjg5ktb3-375x250.jpg 375w, https:\/\/news.save.ch\/wp-content\/uploads\/2024\/07\/perprot0xfjg5ktb3-525x350.jpg 525w, https:\/\/news.save.ch\/wp-content\/uploads\/2024\/07\/perprot0xfjg5ktb3-1000x667.jpg 1000w\" sizes=\"auto, (max-width: 1400px) 100vw, 1400px\" \/><\/a><figcaption id=\"caption-attachment-23370\" class=\"wp-caption-text\">Foto: NuernbergMesse \/ Frank Boxler<\/figcaption><\/figure>\n<p>\u00abWir freuen uns darauf, die Aussteller und Besucher im Januar in den Hallen 1 und 2 zur achten Perimeter Protection begr\u00fcssen zu k\u00f6nnen\u00bb, freut sich Julia Urban aus dem Veranstaltungsteam. \u00abDie Vorbereitungen laufen schon auf Hochtouren und wir haben bereits mehr als 100 Aussteller f\u00fcr die Perimeter Protection gewinnen k\u00f6nnen.\u00bb<\/p>\n<p>Die Messe hat sich als internationaler Treffpunkt der Sicherheitsbranche etabliert und gibt einen umfassenden \u00dcberblick \u00fcber aktuelle Entwicklungen und Trends. Die Besucher k\u00f6nnen sich auf mechanische, elektrische und elektronische Sicherheitsl\u00f6sungen freuen. Der Fokus der Perimeter Protection liegt auf Zaun- und Torsystemen, Zutritts- und Zufahrtskontrolle, \u00dcberwachung, Alarmsysteme und Schutzmassnahmen f\u00fcr das Freigel\u00e4nde und den Geb\u00e4udeschutz.<\/p>\n<p>Abgerundet wird der Messebesuch durch die Sonderfl\u00e4che U.T.SEC@Perimeter Protection und die\u00a0 Expertenvortr\u00e4ge im Fachforum.<\/p>\n<h3>Drohnen mit eigener Sonderfl\u00e4che<\/h3>\n<p>Drohnen und unbemannte Technologien erhalten eine eigene Sonderfl\u00e4che in Halle 2. \u00abDie Integration der U.T.SEC-Area in die Perimeter Protection ist ein logischer Schritt, denn Drohnen sind zuk\u00fcnftig ein wichtiger Bestandteil des Perimeterschutzes\u00bberkl\u00e4rt Urban. \u00abDurch eine eigene Sonderfl\u00e4che verleihen wir dem Themengebiet nicht nur ein besonderes Gewicht, sondern lenken auch gezielt die Aufmerksamkeit der Fachbesucher, die nach L\u00f6sungen zum Einsatz und zur Abwehr unbemannter Systeme suchen, auf den Bereich.\u00bb<\/p>\n<h3>Fachforum<\/h3>\n<p>Das hochkar\u00e4tige Vortragsprogramm befasst sich mit wichtigen und aktuellen Branchenthemen \u2013 in diesem Jahr wird dementsprechend ein besonderes Augenmerk auf dem KRITIS-Dachgesetz und den damit einhergehenden Neuerungen und Auswirkungen f\u00fcr die Sicherheitsbranche, liegen. Das Fachforum ist in Halle 2 zu finden und wird in Zusammenarbeit mit dem Verband f\u00fcr Sicherheitstechnik e. V. und dem UAV DACH e. V. ausgerichtet.<\/p>\n<p><em>Quelle: www.perimeter-protection.de<\/em><\/p>\n","protected":false},"excerpt":{"rendered":"<p>\u00abWir freuen uns darauf, die Aussteller und Besucher im Januar in den Hallen 1 und 2 zur achten Perimeter Protection begr\u00fcssen zu k\u00f6nnen\u00bb, freut sich Julia Urban aus dem Veranstaltungsteam. \u00abDie Vorbereitungen laufen schon auf Hochtouren und wir haben bereits mehr als 100 Aussteller f\u00fcr die Perimeter Protection gewinnen k\u00f6nnen.\u00bb Die Messe hat sich als [&hellip;]<\/p>\n","protected":false},"author":31,"featured_media":0,"comment_status":"closed","ping_status":"closed","sticky":false,"template":"","format":"standard","meta":{"_acf_changed":false,"pgc_sgb_lightbox_settings":"","footnotes":""},"categories":[3312],"tags":[162,6499,1353,270,191,158],"class_list":["post-23369","post","type-post","status-publish","format-standard","hentry","category-sicherheit","tag-drohnen","tag-kritis-dachgesetz","tag-perimeter-protection","tag-perimeterschutz","tag-sicherheitsmesse","tag-zutrittskontrolle"],"acf":[],"hkrextid":null,"publication":null,"issue":null,"workflow":null,"startPage":null,"spitzmarke":null,"_posts_by_tag_page_fields":null,"_at_widget":null,"_yoast_wpseo_primary_category":"3312","_yoast_wpseo_focuskw_text_input":null,"_yoast_wpseo_opengraph-image":null,"_yoast_wpseo_opengraph-description":null,"_yoast_wpseo_opengraph-title":null,"enclosure":null,"_yoast_wpseo_twitter-title":null,"_yoast_wpseo_twitter-description":null,"_yoast_wpseo_twitter-image":null,"_wp_old_slug":null,"_yoast_wpseo_title":null,"_yoast_wpseo_canonical":null,"yoast_head":"<!-- This site is optimized with the Yoast SEO plugin v27.4 - https:\/\/yoast.com\/product\/yoast-seo-wordpress\/ -->\n<title>Perimeter Protection 2025: Vorbereitungen sind in vollem Gange - Save<\/title>\n<meta name=\"description\" content=\"Perimeter Protection 2024: Internationale Sicherheitsmesse mit \u00fcber 100 Ausstellern, Fokus auf Zaun- und Torsysteme, Drohnen und KRITIS-Dachgesetz.\" \/>\n<meta name=\"robots\" content=\"index, follow, max-snippet:-1, max-image-preview:large, max-video-preview:-1\" \/>\n<link rel=\"canonical\" href=\"https:\/\/news.save.ch\/de\/perimeter-protection-2025-vorbereitungen-sind-in-vollem-gange\/\" \/>\n<meta property=\"og:locale\" content=\"de_DE\" \/>\n<meta property=\"og:type\" content=\"article\" \/>\n<meta property=\"og:title\" content=\"Perimeter Protection 2025: Vorbereitungen sind in vollem Gange - Save\" \/>\n<meta property=\"og:description\" content=\"Perimeter Protection 2024: Internationale Sicherheitsmesse mit \u00fcber 100 Ausstellern, Fokus auf Zaun- und Torsysteme, Drohnen und KRITIS-Dachgesetz.\" \/>\n<meta property=\"og:url\" content=\"https:\/\/news.save.ch\/de\/perimeter-protection-2025-vorbereitungen-sind-in-vollem-gange\/\" \/>\n<meta property=\"og:site_name\" content=\"Save\" \/>\n<meta property=\"article:published_time\" content=\"2024-07-17T05:29:06+00:00\" \/>\n<meta property=\"article:modified_time\" content=\"2024-11-11T15:52:15+00:00\" \/>\n<meta property=\"og:image\" content=\"https:\/\/news.save.ch\/wp-content\/uploads\/2024\/07\/perprot0xfjg5ktb3-scaled.jpg\" \/>\n\t<meta property=\"og:image:width\" content=\"1200\" \/>\n\t<meta property=\"og:image:height\" content=\"800\" \/>\n\t<meta property=\"og:image:type\" content=\"image\/jpeg\" \/>\n<meta name=\"author\" content=\"stefanie Zeng\" \/>\n<meta name=\"twitter:card\" content=\"summary_large_image\" \/>\n<meta name=\"twitter:label1\" content=\"Geschrieben von\" \/>\n\t<meta name=\"twitter:data1\" content=\"stefanie Zeng\" \/>\n\t<meta name=\"twitter:label2\" content=\"Gesch\u00e4tzte Lesezeit\" \/>\n\t<meta name=\"twitter:data2\" content=\"2\u00a0Minuten\" \/>\n<script type=\"application\/ld+json\" class=\"yoast-schema-graph\">{\"@context\":\"https:\\\/\\\/schema.org\",\"@graph\":[{\"@type\":\"Article\",\"@id\":\"https:\\\/\\\/news.save.ch\\\/perimeter-protection-2025-vorbereitungen-sind-in-vollem-gange\\\/#article\",\"isPartOf\":{\"@id\":\"https:\\\/\\\/news.save.ch\\\/perimeter-protection-2025-vorbereitungen-sind-in-vollem-gange\\\/\"},\"author\":{\"name\":\"stefanie Zeng\",\"@id\":\"https:\\\/\\\/news.save.ch\\\/de\\\/#\\\/schema\\\/person\\\/10917387362b3961e882740f6cf6f2a2\"},\"headline\":\"Perimeter Protection 2025: Vorbereitungen sind in vollem Gange\",\"datePublished\":\"2024-07-17T05:29:06+00:00\",\"dateModified\":\"2024-11-11T15:52:15+00:00\",\"mainEntityOfPage\":{\"@id\":\"https:\\\/\\\/news.save.ch\\\/perimeter-protection-2025-vorbereitungen-sind-in-vollem-gange\\\/\"},\"wordCount\":292,\"publisher\":{\"@id\":\"https:\\\/\\\/news.save.ch\\\/de\\\/#organization\"},\"image\":{\"@id\":\"https:\\\/\\\/news.save.ch\\\/perimeter-protection-2025-vorbereitungen-sind-in-vollem-gange\\\/#primaryimage\"},\"thumbnailUrl\":\"https:\\\/\\\/news.save.ch\\\/wp-content\\\/uploads\\\/2024\\\/07\\\/perprot0xfjg5ktb3-scaled.jpg\",\"keywords\":[\"Drohnen\",\"KRITIS-Dachgesetz\",\"Perimeter Protection\",\"Perimeterschutz\",\"Sicherheitsmesse\",\"Zutrittskontrolle\"],\"articleSection\":[\"SICHERHEIT\"],\"inLanguage\":\"de\"},{\"@type\":\"WebPage\",\"@id\":\"https:\\\/\\\/news.save.ch\\\/perimeter-protection-2025-vorbereitungen-sind-in-vollem-gange\\\/\",\"url\":\"https:\\\/\\\/news.save.ch\\\/perimeter-protection-2025-vorbereitungen-sind-in-vollem-gange\\\/\",\"name\":\"Perimeter Protection 2025: Vorbereitungen sind in vollem Gange - Save\",\"isPartOf\":{\"@id\":\"https:\\\/\\\/news.save.ch\\\/de\\\/#website\"},\"primaryImageOfPage\":{\"@id\":\"https:\\\/\\\/news.save.ch\\\/perimeter-protection-2025-vorbereitungen-sind-in-vollem-gange\\\/#primaryimage\"},\"image\":{\"@id\":\"https:\\\/\\\/news.save.ch\\\/perimeter-protection-2025-vorbereitungen-sind-in-vollem-gange\\\/#primaryimage\"},\"thumbnailUrl\":\"https:\\\/\\\/news.save.ch\\\/wp-content\\\/uploads\\\/2024\\\/07\\\/perprot0xfjg5ktb3-scaled.jpg\",\"datePublished\":\"2024-07-17T05:29:06+00:00\",\"dateModified\":\"2024-11-11T15:52:15+00:00\",\"description\":\"Perimeter Protection 2024: Internationale Sicherheitsmesse mit \u00fcber 100 Ausstellern, Fokus auf Zaun- und Torsysteme, Drohnen und KRITIS-Dachgesetz.\",\"breadcrumb\":{\"@id\":\"https:\\\/\\\/news.save.ch\\\/perimeter-protection-2025-vorbereitungen-sind-in-vollem-gange\\\/#breadcrumb\"},\"inLanguage\":\"de\",\"potentialAction\":[{\"@type\":\"ReadAction\",\"target\":[\"https:\\\/\\\/news.save.ch\\\/perimeter-protection-2025-vorbereitungen-sind-in-vollem-gange\\\/\"]}]},{\"@type\":\"ImageObject\",\"inLanguage\":\"de\",\"@id\":\"https:\\\/\\\/news.save.ch\\\/perimeter-protection-2025-vorbereitungen-sind-in-vollem-gange\\\/#primaryimage\",\"url\":\"https:\\\/\\\/news.save.ch\\\/wp-content\\\/uploads\\\/2024\\\/07\\\/perprot0xfjg5ktb3-scaled.jpg\",\"contentUrl\":\"https:\\\/\\\/news.save.ch\\\/wp-content\\\/uploads\\\/2024\\\/07\\\/perprot0xfjg5ktb3-scaled.jpg\"},{\"@type\":\"BreadcrumbList\",\"@id\":\"https:\\\/\\\/news.save.ch\\\/perimeter-protection-2025-vorbereitungen-sind-in-vollem-gange\\\/#breadcrumb\",\"itemListElement\":[{\"@type\":\"ListItem\",\"position\":1,\"name\":\"Home\",\"item\":\"https:\\\/\\\/news.save.ch\\\/de\\\/\"},{\"@type\":\"ListItem\",\"position\":2,\"name\":\"Perimeter Protection 2025: Vorbereitungen sind in vollem Gange\"}]},{\"@type\":\"WebSite\",\"@id\":\"https:\\\/\\\/news.save.ch\\\/de\\\/#website\",\"url\":\"https:\\\/\\\/news.save.ch\\\/de\\\/\",\"name\":\"Save\",\"description\":\"Schweizer Fachzeitschrift f\u00fcr Sicherheit\",\"publisher\":{\"@id\":\"https:\\\/\\\/news.save.ch\\\/de\\\/#organization\"},\"potentialAction\":[{\"@type\":\"SearchAction\",\"target\":{\"@type\":\"EntryPoint\",\"urlTemplate\":\"https:\\\/\\\/news.save.ch\\\/de\\\/?s={search_term_string}\"},\"query-input\":{\"@type\":\"PropertyValueSpecification\",\"valueRequired\":true,\"valueName\":\"search_term_string\"}}],\"inLanguage\":\"de\"},{\"@type\":\"Organization\",\"@id\":\"https:\\\/\\\/news.save.ch\\\/de\\\/#organization\",\"name\":\"Sicherheitsforum\",\"url\":\"https:\\\/\\\/news.save.ch\\\/de\\\/\",\"logo\":{\"@type\":\"ImageObject\",\"inLanguage\":\"de\",\"@id\":\"https:\\\/\\\/news.save.ch\\\/de\\\/#\\\/schema\\\/logo\\\/image\\\/\",\"url\":\"https:\\\/\\\/news.save.ch\\\/wp-content\\\/uploads\\\/2022\\\/06\\\/Logo_SF_2012.png\",\"contentUrl\":\"https:\\\/\\\/news.save.ch\\\/wp-content\\\/uploads\\\/2022\\\/06\\\/Logo_SF_2012.png\",\"width\":1100,\"height\":91,\"caption\":\"Sicherheitsforum\"},\"image\":{\"@id\":\"https:\\\/\\\/news.save.ch\\\/de\\\/#\\\/schema\\\/logo\\\/image\\\/\"}},{\"@type\":\"Person\",\"@id\":\"https:\\\/\\\/news.save.ch\\\/de\\\/#\\\/schema\\\/person\\\/10917387362b3961e882740f6cf6f2a2\",\"name\":\"stefanie Zeng\",\"image\":{\"@type\":\"ImageObject\",\"inLanguage\":\"de\",\"@id\":\"https:\\\/\\\/secure.gravatar.com\\\/avatar\\\/eac43faa6e40bb2c41068c95c9d78bbd94c476d5efdff7abaab80bb3ea681e06?s=96&d=mm&r=g\",\"url\":\"https:\\\/\\\/secure.gravatar.com\\\/avatar\\\/eac43faa6e40bb2c41068c95c9d78bbd94c476d5efdff7abaab80bb3ea681e06?s=96&d=mm&r=g\",\"contentUrl\":\"https:\\\/\\\/secure.gravatar.com\\\/avatar\\\/eac43faa6e40bb2c41068c95c9d78bbd94c476d5efdff7abaab80bb3ea681e06?s=96&d=mm&r=g\",\"caption\":\"stefanie Zeng\"},\"url\":\"https:\\\/\\\/news.save.ch\\\/de\\\/author\\\/stefanie-zeng\\\/\"}]}<\/script>\n<!-- \/ Yoast SEO plugin. -->","yoast_head_json":{"title":"Perimeter Protection 2025: Vorbereitungen sind in vollem Gange - Save","description":"Perimeter Protection 2024: Internationale Sicherheitsmesse mit \u00fcber 100 Ausstellern, Fokus auf Zaun- und Torsysteme, Drohnen und KRITIS-Dachgesetz.","robots":{"index":"index","follow":"follow","max-snippet":"max-snippet:-1","max-image-preview":"max-image-preview:large","max-video-preview":"max-video-preview:-1"},"canonical":"https:\/\/news.save.ch\/de\/perimeter-protection-2025-vorbereitungen-sind-in-vollem-gange\/","og_locale":"de_DE","og_type":"article","og_title":"Perimeter Protection 2025: Vorbereitungen sind in vollem Gange - Save","og_description":"Perimeter Protection 2024: Internationale Sicherheitsmesse mit \u00fcber 100 Ausstellern, Fokus auf Zaun- und Torsysteme, Drohnen und KRITIS-Dachgesetz.","og_url":"https:\/\/news.save.ch\/de\/perimeter-protection-2025-vorbereitungen-sind-in-vollem-gange\/","og_site_name":"Save","article_published_time":"2024-07-17T05:29:06+00:00","article_modified_time":"2024-11-11T15:52:15+00:00","og_image":[{"width":1200,"height":800,"url":"https:\/\/news.save.ch\/wp-content\/uploads\/2024\/07\/perprot0xfjg5ktb3-scaled.jpg","type":"image\/jpeg"}],"author":"stefanie Zeng","twitter_card":"summary_large_image","twitter_misc":{"Geschrieben von":"stefanie Zeng","Gesch\u00e4tzte Lesezeit":"2\u00a0Minuten"},"schema":{"@context":"https:\/\/schema.org","@graph":[{"@type":"Article","@id":"https:\/\/news.save.ch\/perimeter-protection-2025-vorbereitungen-sind-in-vollem-gange\/#article","isPartOf":{"@id":"https:\/\/news.save.ch\/perimeter-protection-2025-vorbereitungen-sind-in-vollem-gange\/"},"author":{"name":"stefanie Zeng","@id":"https:\/\/news.save.ch\/de\/#\/schema\/person\/10917387362b3961e882740f6cf6f2a2"},"headline":"Perimeter Protection 2025: Vorbereitungen sind in vollem Gange","datePublished":"2024-07-17T05:29:06+00:00","dateModified":"2024-11-11T15:52:15+00:00","mainEntityOfPage":{"@id":"https:\/\/news.save.ch\/perimeter-protection-2025-vorbereitungen-sind-in-vollem-gange\/"},"wordCount":292,"publisher":{"@id":"https:\/\/news.save.ch\/de\/#organization"},"image":{"@id":"https:\/\/news.save.ch\/perimeter-protection-2025-vorbereitungen-sind-in-vollem-gange\/#primaryimage"},"thumbnailUrl":"https:\/\/news.save.ch\/wp-content\/uploads\/2024\/07\/perprot0xfjg5ktb3-scaled.jpg","keywords":["Drohnen","KRITIS-Dachgesetz","Perimeter Protection","Perimeterschutz","Sicherheitsmesse","Zutrittskontrolle"],"articleSection":["SICHERHEIT"],"inLanguage":"de"},{"@type":"WebPage","@id":"https:\/\/news.save.ch\/perimeter-protection-2025-vorbereitungen-sind-in-vollem-gange\/","url":"https:\/\/news.save.ch\/perimeter-protection-2025-vorbereitungen-sind-in-vollem-gange\/","name":"Perimeter Protection 2025: Vorbereitungen sind in vollem Gange - Save","isPartOf":{"@id":"https:\/\/news.save.ch\/de\/#website"},"primaryImageOfPage":{"@id":"https:\/\/news.save.ch\/perimeter-protection-2025-vorbereitungen-sind-in-vollem-gange\/#primaryimage"},"image":{"@id":"https:\/\/news.save.ch\/perimeter-protection-2025-vorbereitungen-sind-in-vollem-gange\/#primaryimage"},"thumbnailUrl":"https:\/\/news.save.ch\/wp-content\/uploads\/2024\/07\/perprot0xfjg5ktb3-scaled.jpg","datePublished":"2024-07-17T05:29:06+00:00","dateModified":"2024-11-11T15:52:15+00:00","description":"Perimeter Protection 2024: Internationale Sicherheitsmesse mit \u00fcber 100 Ausstellern, Fokus auf Zaun- und Torsysteme, Drohnen und KRITIS-Dachgesetz.","breadcrumb":{"@id":"https:\/\/news.save.ch\/perimeter-protection-2025-vorbereitungen-sind-in-vollem-gange\/#breadcrumb"},"inLanguage":"de","potentialAction":[{"@type":"ReadAction","target":["https:\/\/news.save.ch\/perimeter-protection-2025-vorbereitungen-sind-in-vollem-gange\/"]}]},{"@type":"ImageObject","inLanguage":"de","@id":"https:\/\/news.save.ch\/perimeter-protection-2025-vorbereitungen-sind-in-vollem-gange\/#primaryimage","url":"https:\/\/news.save.ch\/wp-content\/uploads\/2024\/07\/perprot0xfjg5ktb3-scaled.jpg","contentUrl":"https:\/\/news.save.ch\/wp-content\/uploads\/2024\/07\/perprot0xfjg5ktb3-scaled.jpg"},{"@type":"BreadcrumbList","@id":"https:\/\/news.save.ch\/perimeter-protection-2025-vorbereitungen-sind-in-vollem-gange\/#breadcrumb","itemListElement":[{"@type":"ListItem","position":1,"name":"Home","item":"https:\/\/news.save.ch\/de\/"},{"@type":"ListItem","position":2,"name":"Perimeter Protection 2025: Vorbereitungen sind in vollem Gange"}]},{"@type":"WebSite","@id":"https:\/\/news.save.ch\/de\/#website","url":"https:\/\/news.save.ch\/de\/","name":"Save","description":"Schweizer Fachzeitschrift f\u00fcr Sicherheit","publisher":{"@id":"https:\/\/news.save.ch\/de\/#organization"},"potentialAction":[{"@type":"SearchAction","target":{"@type":"EntryPoint","urlTemplate":"https:\/\/news.save.ch\/de\/?s={search_term_string}"},"query-input":{"@type":"PropertyValueSpecification","valueRequired":true,"valueName":"search_term_string"}}],"inLanguage":"de"},{"@type":"Organization","@id":"https:\/\/news.save.ch\/de\/#organization","name":"Sicherheitsforum","url":"https:\/\/news.save.ch\/de\/","logo":{"@type":"ImageObject","inLanguage":"de","@id":"https:\/\/news.save.ch\/de\/#\/schema\/logo\/image\/","url":"https:\/\/news.save.ch\/wp-content\/uploads\/2022\/06\/Logo_SF_2012.png","contentUrl":"https:\/\/news.save.ch\/wp-content\/uploads\/2022\/06\/Logo_SF_2012.png","width":1100,"height":91,"caption":"Sicherheitsforum"},"image":{"@id":"https:\/\/news.save.ch\/de\/#\/schema\/logo\/image\/"}},{"@type":"Person","@id":"https:\/\/news.save.ch\/de\/#\/schema\/person\/10917387362b3961e882740f6cf6f2a2","name":"stefanie Zeng","image":{"@type":"ImageObject","inLanguage":"de","@id":"https:\/\/secure.gravatar.com\/avatar\/eac43faa6e40bb2c41068c95c9d78bbd94c476d5efdff7abaab80bb3ea681e06?s=96&d=mm&r=g","url":"https:\/\/secure.gravatar.com\/avatar\/eac43faa6e40bb2c41068c95c9d78bbd94c476d5efdff7abaab80bb3ea681e06?s=96&d=mm&r=g","contentUrl":"https:\/\/secure.gravatar.com\/avatar\/eac43faa6e40bb2c41068c95c9d78bbd94c476d5efdff7abaab80bb3ea681e06?s=96&d=mm&r=g","caption":"stefanie Zeng"},"url":"https:\/\/news.save.ch\/de\/author\/stefanie-zeng\/"}]}},"_links":{"self":[{"href":"https:\/\/news.save.ch\/de\/wp-json\/wp\/v2\/posts\/23369","targetHints":{"allow":["GET"]}}],"collection":[{"href":"https:\/\/news.save.ch\/de\/wp-json\/wp\/v2\/posts"}],"about":[{"href":"https:\/\/news.save.ch\/de\/wp-json\/wp\/v2\/types\/post"}],"author":[{"embeddable":true,"href":"https:\/\/news.save.ch\/de\/wp-json\/wp\/v2\/users\/31"}],"replies":[{"embeddable":true,"href":"https:\/\/news.save.ch\/de\/wp-json\/wp\/v2\/comments?post=23369"}],"version-history":[{"count":2,"href":"https:\/\/news.save.ch\/de\/wp-json\/wp\/v2\/posts\/23369\/revisions"}],"predecessor-version":[{"id":23372,"href":"https:\/\/news.save.ch\/de\/wp-json\/wp\/v2\/posts\/23369\/revisions\/23372"}],"wp:attachment":[{"href":"https:\/\/news.save.ch\/de\/wp-json\/wp\/v2\/media?parent=23369"}],"wp:term":[{"taxonomy":"category","embeddable":true,"href":"https:\/\/news.save.ch\/de\/wp-json\/wp\/v2\/categories?post=23369"},{"taxonomy":"post_tag","embeddable":true,"href":"https:\/\/news.save.ch\/de\/wp-json\/wp\/v2\/tags?post=23369"}],"curies":[{"name":"wp","href":"https:\/\/api.w.org\/{rel}","templated":true}]}}