{"id":23474,"date":"2024-08-28T12:20:26","date_gmt":"2024-08-28T10:20:26","guid":{"rendered":"https:\/\/news.save.ch\/?p=23474"},"modified":"2024-08-28T12:20:26","modified_gmt":"2024-08-28T10:20:26","slug":"hvac-kommt-ins-schwitzen","status":null,"type":"post","link":"https:\/\/news.save.ch\/de\/hvac-kommt-ins-schwitzen\/","title":{"rendered":"\u00abHVAC\u00bb kommt ins Schwitzen"},"content":{"rendered":"<div class=\"std-paragraph-block\">\n<div class=\"std-art-paragraph \">\n<figure id=\"attachment_23475\" aria-describedby=\"caption-attachment-23475\" style=\"width: 870px\" class=\"wp-caption alignnone\"><a href=\"https:\/\/news.save.ch\/hvac-kommt-ins-schwitzen\/smarte-dummys-stopper\/\" rel=\"attachment wp-att-23475\"><img loading=\"lazy\" decoding=\"async\" class=\"size-full wp-image-23475\" src=\"https:\/\/news.save.ch\/wp-content\/uploads\/2024\/08\/smarte-dummys-stopper.jpg\" alt=\"\" width=\"870\" height=\"489\" srcset=\"https:\/\/news.save.ch\/wp-content\/uploads\/2024\/08\/smarte-dummys-stopper.jpg 870w, https:\/\/news.save.ch\/wp-content\/uploads\/2024\/08\/smarte-dummys-stopper-680x382.jpg 680w, https:\/\/news.save.ch\/wp-content\/uploads\/2024\/08\/smarte-dummys-stopper-768x432.jpg 768w, https:\/\/news.save.ch\/wp-content\/uploads\/2024\/08\/smarte-dummys-stopper-18x10.jpg 18w, https:\/\/news.save.ch\/wp-content\/uploads\/2024\/08\/smarte-dummys-stopper-375x211.jpg 375w, https:\/\/news.save.ch\/wp-content\/uploads\/2024\/08\/smarte-dummys-stopper-623x350.jpg 623w\" sizes=\"auto, (max-width: 870px) 100vw, 870px\" \/><\/a><figcaption id=\"caption-attachment-23475\" class=\"wp-caption-text\">Foto: Empa-Forscherin Agnes Psikuta positioniert Manikin \u00abHVAC\u00bb f\u00fcr die Datenmessung in der Klimakammer. (Empa)<\/figcaption><\/figure>\n<p>Wenn die Sonne im Hochsommer erbarmungslos auf die Fassaden brennt, heizen sich Innenr\u00e4ume von Geb\u00e4uden mit unbeschatteten Fenstern oder schlechter Isolation gnadenlos auf. Bringt selbst das offene Fenster keinen k\u00fchlenden Luftzug, beginnt es ab 26 Grad Raumtemperatur unangenehm zu werden. Steigt die Raumtemperatur noch weiter, werden sogar k\u00f6rperlich wenig anstrengende T\u00e4tigkeiten wie B\u00fcroarbeiten zur Belastung. Ventilatoren und Klimaanlagen laufen heiss. Die Schweiz schwitzt.<\/p>\n<p>Der Energieverbrauch f\u00fcr Klimager\u00e4te und Klimaanlagen liegt in der Schweiz mittlerweile j\u00e4hrlich im Terawatt-Bereich, sprich in der Gr\u00f6ssenordnung von Milliarden Kilowattstunden. Ob damit \u00fcberhaupt die ersehnte K\u00fchlung im Raum erzielt werden kann, ist ungewiss. Empa-Forscherin Agnes Psikuta hat sich deshalb vorgenommen, belastbare Daten zum Raumklima am Arbeitsplatz zu generieren. Ihr Ziel: Geb\u00e4ude deutlich nachhaltiger klimatisieren \u2013 und dabei gleichzeitig die Gesundheit und Leistungsf\u00e4higkeit der Menschen erhalten. Ihre Arbeitskollegen: \u00abANDI\u00bb und \u00abHVAC\u00bb, smarte Dummys, die das Raumklima vermessen. Sie erkennen dank Sensortechnologie und mathematischer Modellierung wie Arbeitspl\u00e4tze nachhaltig auf Wohlf\u00fchltemperatur gebracht werden k\u00f6nnen.<\/p>\n<h3>Schwitzen im virtuellen B\u00fcro<\/h3>\n<p>Der futuristisch anmutende \u00abHVAC\u00bb, kurz f\u00fcr \u00abHeating, Ventilation, Air Conditioning\u00bb, ist gut ausger\u00fcstet: Mit Sensoren f\u00fcr Lufttemperatur, Feuchtigkeit und Luftbewegung allein ist es indes nicht getan. Insgesamt 46 Messfelder durchbrechen die Kunststoffschale des Manikins, mit denen er die W\u00e4rmestrahlung aus der Umgebung quantifiziert und beispielsweise Sonnenw\u00e4rme von Heizungsluft unterscheiden kann.<\/p>\n<p>Sein Partner mit dem schlichten Namen \u00abANDI\u00bb erg\u00e4nzt \u00abHVACs\u00bb Daten optimal: \u00ab\u2039ANDI\u203a ist der Typ f\u00fcr das grosse Ganze, er nimmt die W\u00e4rmebilanz auf, die ein Mensch unter den gegebenen Bedingungen hat\u00bb, erkl\u00e4rt Agnes Psikuta vom \u00abBiomimetic Membranes and Textiles\u00bb-Labor der Empa in St. Gallen. Hierzu h\u00e4lt \u00abANDI\u00bb seine Betriebstemperatur konstant auf 34 Grad, was der Hauttemperatur eines Menschen in der Komfortzone entspricht. Komfortzone bedeutet hierbei, dass der K\u00f6rper eines gesunden Erwachsenen seine Kerntemperatur von 36.5-37.5 mit minimalstem Aufwand konstant halten kann. \u00abIn der Komfortzone schwitzt der Mensch nicht ,er zittert nicht vor K\u00e4lte und friert nicht an H\u00e4nden und F\u00fcssen, weil er seine thermische Balance mit Leichtigkeit aufrechterhalten kann\u00bb, sagt die Forscherin.<\/p>\n<p>Die mathematische Modellierung dieser kombinierten Daten ergibt schliesslich ein virtuelles thermisches Modell eines Menschen am Arbeitsplatz. In einem vom Schweizerischen Nationalfonds (SNF) gef\u00f6rderten Projekt untersucht Agnes Psikuta nun gemeinsam mit Partnerinstituten an der EPFL und der polnischen \u00abSilesian University of Technology\u00bb wie \u00abHVAC\u00bb und \u00abANDI\u00bb mit den Parametern von realen B\u00fcrobedingungen im Jahreszeitverlauf zurechtkommen.<\/p>\n<p>Am Ende soll es m\u00f6glich sein, aufgrund dieser Arbeiten den Energiebedarf von Geb\u00e4uden zu optimieren. \u00abIm Hochsommer laufen Klimaanlagen auf Hochtouren, um beispielsweise Grossraumb\u00fcros komplett zu k\u00fchlen. Wie effektiv die Situation f\u00fcr den jeweiligen Arbeitsplatz ist, ist aber unklar\u00bb, so die Empa-Forscherin. Bauliche Elemente direkt am Arbeitsplatz wie k\u00fchlende Wandpaneele oder ventilierte B\u00fcrost\u00fchle k\u00f6nnten f\u00fcr energiesparendere und effizientere L\u00f6sungen sorgen. Gleiches k\u00f6nnte sich f\u00fcr die winterliche Heizperiode ergeben: \u00abHVAC\u00bb und \u00abANDI\u00bb k\u00f6nnten ermitteln, ob etwa eine Raumtemperatur von 17 Grad ausreicht, wenn der Arbeitsplatz lokal auf 22 Grad beheizt ist.<\/p>\n<h3>Gef\u00e4hrliche Unterk\u00fchlung<\/h3>\n<p>Die beiden Manikins sind jedoch auch in ganz anderen Situationen im Einsatz \u2013 und zwar auf dem OP-Tisch. W\u00e4hrend eines mehrst\u00fcndigen chirurgischen Eingriffs ist es wichtig, dass der K\u00f6rper des Patienten nicht zu stark ausk\u00fchlt, w\u00e4hrend die Chirurgin nicht ins Schwitzen kommen darf. Verliert der Patient zu viel W\u00e4rme, steigt das Risiko f\u00fcr Komplikationen und die Heilungschancen verschlechtern sich. \u00abBisherige M\u00f6glichkeiten, den Patienten warm genug zu halten, bestehen allerdings aus wenig nachhaltigen Einwegl\u00f6sungen oder umst\u00e4ndlichen, schwer desinfizierbaren Aufbauten\u00bb, sagt Agnes Psikuta.<\/p>\n<p>In einem Projekt mit der Technischen Universit\u00e4t Warschau ermitteln \u00abHVAC\u00bb und \u00abANDI\u00bb daher, wie leicht zu desinfizierende Infrarotlampen im OP-Saal positioniert werden m\u00fcssten, ohne die komplexen r\u00e4umlichen Gegebenheiten w\u00e4hrend des Eingriffs zu behindern. Ausserdem darf die W\u00e4rmestrahlung nicht das Gesundheitspersonal aufheizen oder gar Hautverbrennungen beim Patienten hervorrufen. W\u00e4hrend \u00abHVAC\u00bb mit seiner dichten Matrix an Sensoren den W\u00e4rmefluss von der Lampe zum K\u00f6rper misst, berechnet \u00abANDI\u00bb die gesamte W\u00e4rmebilanz eines Patienten inklusive der aktuellen Raumtemperatur. \u00abMit den modellierten Daten soll die Position und Leistung der W\u00e4rmelampen f\u00fcr verschiedenste Situationen ermittelt werden\u00bb, sagt die Empa-Forscherin. \u00abSo hoffen wir, ideale Operationsbedingungen ohne Risiko einer Unterk\u00fchlung schaffen zu k\u00f6nnen.\u00bb<\/p>\n<p><em>Quelle: Empa<\/em><\/p>\n<\/div>\n<\/div>\n","protected":false},"excerpt":{"rendered":"<p>Wenn die Sonne im Hochsommer erbarmungslos auf die Fassaden brennt, heizen sich Innenr\u00e4ume von Geb\u00e4uden mit unbeschatteten Fenstern oder schlechter Isolation gnadenlos auf. Bringt selbst das offene Fenster keinen k\u00fchlenden Luftzug, beginnt es ab 26 Grad Raumtemperatur unangenehm zu werden. Steigt die Raumtemperatur noch weiter, werden sogar k\u00f6rperlich wenig anstrengende T\u00e4tigkeiten wie B\u00fcroarbeiten zur Belastung. [&hellip;]<\/p>\n","protected":false},"author":31,"featured_media":0,"comment_status":"closed","ping_status":"closed","sticky":false,"template":"","format":"standard","meta":{"_acf_changed":false,"pgc_sgb_lightbox_settings":"","footnotes":""},"categories":[3314],"tags":[3581,6455,6454],"class_list":["post-23474","post","type-post","status-publish","format-standard","hentry","category-health-safety","tag-energieverbrauch","tag-gebaeudeklima","tag-klimatisierung"],"acf":[],"hkrextid":null,"publication":null,"issue":null,"workflow":null,"startPage":null,"spitzmarke":null,"_posts_by_tag_page_fields":null,"_at_widget":null,"_yoast_wpseo_primary_category":"3314","_yoast_wpseo_focuskw_text_input":null,"_yoast_wpseo_opengraph-image":null,"_yoast_wpseo_opengraph-description":null,"_yoast_wpseo_opengraph-title":null,"enclosure":null,"_yoast_wpseo_twitter-title":null,"_yoast_wpseo_twitter-description":null,"_yoast_wpseo_twitter-image":null,"_wp_old_slug":null,"_yoast_wpseo_title":null,"_yoast_wpseo_canonical":null,"yoast_head":"<!-- This site is optimized with the Yoast SEO plugin v27.5 - https:\/\/yoast.com\/product\/yoast-seo-wordpress\/ -->\n<title>\u00abHVAC\u00bb kommt ins Schwitzen - Save<\/title>\n<meta name=\"description\" content=\"Smarte Dummys erkennen dank Sensortechnologie, wie Arbeitspl\u00e4tze energiesparend auf Wohlf\u00fchltemperatur gebracht werden k\u00f6nnen.\" \/>\n<meta name=\"robots\" content=\"index, follow, max-snippet:-1, max-image-preview:large, max-video-preview:-1\" \/>\n<link rel=\"canonical\" href=\"https:\/\/news.save.ch\/de\/hvac-kommt-ins-schwitzen\/\" \/>\n<meta property=\"og:locale\" content=\"de_DE\" \/>\n<meta property=\"og:type\" content=\"article\" \/>\n<meta property=\"og:title\" content=\"\u00abHVAC\u00bb kommt ins Schwitzen - Save\" \/>\n<meta property=\"og:description\" content=\"Smarte Dummys erkennen dank Sensortechnologie, wie Arbeitspl\u00e4tze energiesparend auf Wohlf\u00fchltemperatur gebracht werden k\u00f6nnen.\" \/>\n<meta property=\"og:url\" content=\"https:\/\/news.save.ch\/de\/hvac-kommt-ins-schwitzen\/\" \/>\n<meta property=\"og:site_name\" content=\"Save\" \/>\n<meta property=\"article:published_time\" content=\"2024-08-28T10:20:26+00:00\" \/>\n<meta property=\"og:image\" content=\"https:\/\/news.save.ch\/wp-content\/uploads\/2024\/08\/smarte-dummys-stopper.jpg\" \/>\n<meta name=\"author\" content=\"stefanie Zeng\" \/>\n<meta name=\"twitter:card\" content=\"summary_large_image\" \/>\n<meta name=\"twitter:label1\" content=\"Geschrieben von\" \/>\n\t<meta name=\"twitter:data1\" content=\"stefanie Zeng\" \/>\n\t<meta name=\"twitter:label2\" content=\"Gesch\u00e4tzte Lesezeit\" \/>\n\t<meta name=\"twitter:data2\" content=\"4\u00a0Minuten\" \/>\n<script type=\"application\/ld+json\" class=\"yoast-schema-graph\">{\"@context\":\"https:\\\/\\\/schema.org\",\"@graph\":[{\"@type\":\"Article\",\"@id\":\"https:\\\/\\\/news.save.ch\\\/hvac-kommt-ins-schwitzen\\\/#article\",\"isPartOf\":{\"@id\":\"https:\\\/\\\/news.save.ch\\\/hvac-kommt-ins-schwitzen\\\/\"},\"author\":{\"name\":\"stefanie Zeng\",\"@id\":\"https:\\\/\\\/news.save.ch\\\/de\\\/#\\\/schema\\\/person\\\/10917387362b3961e882740f6cf6f2a2\"},\"headline\":\"\u00abHVAC\u00bb kommt ins Schwitzen\",\"datePublished\":\"2024-08-28T10:20:26+00:00\",\"mainEntityOfPage\":{\"@id\":\"https:\\\/\\\/news.save.ch\\\/hvac-kommt-ins-schwitzen\\\/\"},\"wordCount\":748,\"publisher\":{\"@id\":\"https:\\\/\\\/news.save.ch\\\/de\\\/#organization\"},\"image\":{\"@id\":\"https:\\\/\\\/news.save.ch\\\/hvac-kommt-ins-schwitzen\\\/#primaryimage\"},\"thumbnailUrl\":\"https:\\\/\\\/news.save.ch\\\/wp-content\\\/uploads\\\/2024\\\/08\\\/smarte-dummys-stopper.jpg\",\"keywords\":[\"Energieverbrauch\",\"Geb\u00e4udeklima\",\"Klimatisierung\"],\"articleSection\":[\"HEALTH &amp; SAFETY\"],\"inLanguage\":\"de\"},{\"@type\":\"WebPage\",\"@id\":\"https:\\\/\\\/news.save.ch\\\/hvac-kommt-ins-schwitzen\\\/\",\"url\":\"https:\\\/\\\/news.save.ch\\\/hvac-kommt-ins-schwitzen\\\/\",\"name\":\"\u00abHVAC\u00bb kommt ins Schwitzen - Save\",\"isPartOf\":{\"@id\":\"https:\\\/\\\/news.save.ch\\\/de\\\/#website\"},\"primaryImageOfPage\":{\"@id\":\"https:\\\/\\\/news.save.ch\\\/hvac-kommt-ins-schwitzen\\\/#primaryimage\"},\"image\":{\"@id\":\"https:\\\/\\\/news.save.ch\\\/hvac-kommt-ins-schwitzen\\\/#primaryimage\"},\"thumbnailUrl\":\"https:\\\/\\\/news.save.ch\\\/wp-content\\\/uploads\\\/2024\\\/08\\\/smarte-dummys-stopper.jpg\",\"datePublished\":\"2024-08-28T10:20:26+00:00\",\"description\":\"Smarte Dummys erkennen dank Sensortechnologie, wie Arbeitspl\u00e4tze energiesparend auf Wohlf\u00fchltemperatur gebracht werden k\u00f6nnen.\",\"breadcrumb\":{\"@id\":\"https:\\\/\\\/news.save.ch\\\/hvac-kommt-ins-schwitzen\\\/#breadcrumb\"},\"inLanguage\":\"de\",\"potentialAction\":[{\"@type\":\"ReadAction\",\"target\":[\"https:\\\/\\\/news.save.ch\\\/hvac-kommt-ins-schwitzen\\\/\"]}]},{\"@type\":\"ImageObject\",\"inLanguage\":\"de\",\"@id\":\"https:\\\/\\\/news.save.ch\\\/hvac-kommt-ins-schwitzen\\\/#primaryimage\",\"url\":\"https:\\\/\\\/news.save.ch\\\/wp-content\\\/uploads\\\/2024\\\/08\\\/smarte-dummys-stopper.jpg\",\"contentUrl\":\"https:\\\/\\\/news.save.ch\\\/wp-content\\\/uploads\\\/2024\\\/08\\\/smarte-dummys-stopper.jpg\"},{\"@type\":\"BreadcrumbList\",\"@id\":\"https:\\\/\\\/news.save.ch\\\/hvac-kommt-ins-schwitzen\\\/#breadcrumb\",\"itemListElement\":[{\"@type\":\"ListItem\",\"position\":1,\"name\":\"Home\",\"item\":\"https:\\\/\\\/news.save.ch\\\/de\\\/\"},{\"@type\":\"ListItem\",\"position\":2,\"name\":\"\u00abHVAC\u00bb kommt ins Schwitzen\"}]},{\"@type\":\"WebSite\",\"@id\":\"https:\\\/\\\/news.save.ch\\\/de\\\/#website\",\"url\":\"https:\\\/\\\/news.save.ch\\\/de\\\/\",\"name\":\"Save\",\"description\":\"Schweizer Fachzeitschrift f\u00fcr Sicherheit\",\"publisher\":{\"@id\":\"https:\\\/\\\/news.save.ch\\\/de\\\/#organization\"},\"potentialAction\":[{\"@type\":\"SearchAction\",\"target\":{\"@type\":\"EntryPoint\",\"urlTemplate\":\"https:\\\/\\\/news.save.ch\\\/de\\\/?s={search_term_string}\"},\"query-input\":{\"@type\":\"PropertyValueSpecification\",\"valueRequired\":true,\"valueName\":\"search_term_string\"}}],\"inLanguage\":\"de\"},{\"@type\":\"Organization\",\"@id\":\"https:\\\/\\\/news.save.ch\\\/de\\\/#organization\",\"name\":\"Sicherheitsforum\",\"url\":\"https:\\\/\\\/news.save.ch\\\/de\\\/\",\"logo\":{\"@type\":\"ImageObject\",\"inLanguage\":\"de\",\"@id\":\"https:\\\/\\\/news.save.ch\\\/de\\\/#\\\/schema\\\/logo\\\/image\\\/\",\"url\":\"https:\\\/\\\/news.save.ch\\\/wp-content\\\/uploads\\\/2022\\\/06\\\/Logo_SF_2012.png\",\"contentUrl\":\"https:\\\/\\\/news.save.ch\\\/wp-content\\\/uploads\\\/2022\\\/06\\\/Logo_SF_2012.png\",\"width\":1100,\"height\":91,\"caption\":\"Sicherheitsforum\"},\"image\":{\"@id\":\"https:\\\/\\\/news.save.ch\\\/de\\\/#\\\/schema\\\/logo\\\/image\\\/\"}},{\"@type\":\"Person\",\"@id\":\"https:\\\/\\\/news.save.ch\\\/de\\\/#\\\/schema\\\/person\\\/10917387362b3961e882740f6cf6f2a2\",\"name\":\"stefanie Zeng\",\"image\":{\"@type\":\"ImageObject\",\"inLanguage\":\"de\",\"@id\":\"https:\\\/\\\/secure.gravatar.com\\\/avatar\\\/eac43faa6e40bb2c41068c95c9d78bbd94c476d5efdff7abaab80bb3ea681e06?s=96&d=mm&r=g\",\"url\":\"https:\\\/\\\/secure.gravatar.com\\\/avatar\\\/eac43faa6e40bb2c41068c95c9d78bbd94c476d5efdff7abaab80bb3ea681e06?s=96&d=mm&r=g\",\"contentUrl\":\"https:\\\/\\\/secure.gravatar.com\\\/avatar\\\/eac43faa6e40bb2c41068c95c9d78bbd94c476d5efdff7abaab80bb3ea681e06?s=96&d=mm&r=g\",\"caption\":\"stefanie Zeng\"},\"url\":\"https:\\\/\\\/news.save.ch\\\/de\\\/author\\\/stefanie-zeng\\\/\"}]}<\/script>\n<!-- \/ Yoast SEO plugin. -->","yoast_head_json":{"title":"\u00abHVAC\u00bb kommt ins Schwitzen - Save","description":"Smarte Dummys erkennen dank Sensortechnologie, wie Arbeitspl\u00e4tze energiesparend auf Wohlf\u00fchltemperatur gebracht werden k\u00f6nnen.","robots":{"index":"index","follow":"follow","max-snippet":"max-snippet:-1","max-image-preview":"max-image-preview:large","max-video-preview":"max-video-preview:-1"},"canonical":"https:\/\/news.save.ch\/de\/hvac-kommt-ins-schwitzen\/","og_locale":"de_DE","og_type":"article","og_title":"\u00abHVAC\u00bb kommt ins Schwitzen - Save","og_description":"Smarte Dummys erkennen dank Sensortechnologie, wie Arbeitspl\u00e4tze energiesparend auf Wohlf\u00fchltemperatur gebracht werden k\u00f6nnen.","og_url":"https:\/\/news.save.ch\/de\/hvac-kommt-ins-schwitzen\/","og_site_name":"Save","article_published_time":"2024-08-28T10:20:26+00:00","og_image":[{"url":"https:\/\/news.save.ch\/wp-content\/uploads\/2024\/08\/smarte-dummys-stopper.jpg","type":"","width":"","height":""}],"author":"stefanie Zeng","twitter_card":"summary_large_image","twitter_misc":{"Geschrieben von":"stefanie Zeng","Gesch\u00e4tzte Lesezeit":"4\u00a0Minuten"},"schema":{"@context":"https:\/\/schema.org","@graph":[{"@type":"Article","@id":"https:\/\/news.save.ch\/hvac-kommt-ins-schwitzen\/#article","isPartOf":{"@id":"https:\/\/news.save.ch\/hvac-kommt-ins-schwitzen\/"},"author":{"name":"stefanie Zeng","@id":"https:\/\/news.save.ch\/de\/#\/schema\/person\/10917387362b3961e882740f6cf6f2a2"},"headline":"\u00abHVAC\u00bb kommt ins Schwitzen","datePublished":"2024-08-28T10:20:26+00:00","mainEntityOfPage":{"@id":"https:\/\/news.save.ch\/hvac-kommt-ins-schwitzen\/"},"wordCount":748,"publisher":{"@id":"https:\/\/news.save.ch\/de\/#organization"},"image":{"@id":"https:\/\/news.save.ch\/hvac-kommt-ins-schwitzen\/#primaryimage"},"thumbnailUrl":"https:\/\/news.save.ch\/wp-content\/uploads\/2024\/08\/smarte-dummys-stopper.jpg","keywords":["Energieverbrauch","Geb\u00e4udeklima","Klimatisierung"],"articleSection":["HEALTH &amp; SAFETY"],"inLanguage":"de"},{"@type":"WebPage","@id":"https:\/\/news.save.ch\/hvac-kommt-ins-schwitzen\/","url":"https:\/\/news.save.ch\/hvac-kommt-ins-schwitzen\/","name":"\u00abHVAC\u00bb kommt ins Schwitzen - Save","isPartOf":{"@id":"https:\/\/news.save.ch\/de\/#website"},"primaryImageOfPage":{"@id":"https:\/\/news.save.ch\/hvac-kommt-ins-schwitzen\/#primaryimage"},"image":{"@id":"https:\/\/news.save.ch\/hvac-kommt-ins-schwitzen\/#primaryimage"},"thumbnailUrl":"https:\/\/news.save.ch\/wp-content\/uploads\/2024\/08\/smarte-dummys-stopper.jpg","datePublished":"2024-08-28T10:20:26+00:00","description":"Smarte Dummys erkennen dank Sensortechnologie, wie Arbeitspl\u00e4tze energiesparend auf Wohlf\u00fchltemperatur gebracht werden k\u00f6nnen.","breadcrumb":{"@id":"https:\/\/news.save.ch\/hvac-kommt-ins-schwitzen\/#breadcrumb"},"inLanguage":"de","potentialAction":[{"@type":"ReadAction","target":["https:\/\/news.save.ch\/hvac-kommt-ins-schwitzen\/"]}]},{"@type":"ImageObject","inLanguage":"de","@id":"https:\/\/news.save.ch\/hvac-kommt-ins-schwitzen\/#primaryimage","url":"https:\/\/news.save.ch\/wp-content\/uploads\/2024\/08\/smarte-dummys-stopper.jpg","contentUrl":"https:\/\/news.save.ch\/wp-content\/uploads\/2024\/08\/smarte-dummys-stopper.jpg"},{"@type":"BreadcrumbList","@id":"https:\/\/news.save.ch\/hvac-kommt-ins-schwitzen\/#breadcrumb","itemListElement":[{"@type":"ListItem","position":1,"name":"Home","item":"https:\/\/news.save.ch\/de\/"},{"@type":"ListItem","position":2,"name":"\u00abHVAC\u00bb kommt ins Schwitzen"}]},{"@type":"WebSite","@id":"https:\/\/news.save.ch\/de\/#website","url":"https:\/\/news.save.ch\/de\/","name":"Save","description":"Schweizer Fachzeitschrift f\u00fcr Sicherheit","publisher":{"@id":"https:\/\/news.save.ch\/de\/#organization"},"potentialAction":[{"@type":"SearchAction","target":{"@type":"EntryPoint","urlTemplate":"https:\/\/news.save.ch\/de\/?s={search_term_string}"},"query-input":{"@type":"PropertyValueSpecification","valueRequired":true,"valueName":"search_term_string"}}],"inLanguage":"de"},{"@type":"Organization","@id":"https:\/\/news.save.ch\/de\/#organization","name":"Sicherheitsforum","url":"https:\/\/news.save.ch\/de\/","logo":{"@type":"ImageObject","inLanguage":"de","@id":"https:\/\/news.save.ch\/de\/#\/schema\/logo\/image\/","url":"https:\/\/news.save.ch\/wp-content\/uploads\/2022\/06\/Logo_SF_2012.png","contentUrl":"https:\/\/news.save.ch\/wp-content\/uploads\/2022\/06\/Logo_SF_2012.png","width":1100,"height":91,"caption":"Sicherheitsforum"},"image":{"@id":"https:\/\/news.save.ch\/de\/#\/schema\/logo\/image\/"}},{"@type":"Person","@id":"https:\/\/news.save.ch\/de\/#\/schema\/person\/10917387362b3961e882740f6cf6f2a2","name":"stefanie Zeng","image":{"@type":"ImageObject","inLanguage":"de","@id":"https:\/\/secure.gravatar.com\/avatar\/eac43faa6e40bb2c41068c95c9d78bbd94c476d5efdff7abaab80bb3ea681e06?s=96&d=mm&r=g","url":"https:\/\/secure.gravatar.com\/avatar\/eac43faa6e40bb2c41068c95c9d78bbd94c476d5efdff7abaab80bb3ea681e06?s=96&d=mm&r=g","contentUrl":"https:\/\/secure.gravatar.com\/avatar\/eac43faa6e40bb2c41068c95c9d78bbd94c476d5efdff7abaab80bb3ea681e06?s=96&d=mm&r=g","caption":"stefanie Zeng"},"url":"https:\/\/news.save.ch\/de\/author\/stefanie-zeng\/"}]}},"_links":{"self":[{"href":"https:\/\/news.save.ch\/de\/wp-json\/wp\/v2\/posts\/23474","targetHints":{"allow":["GET"]}}],"collection":[{"href":"https:\/\/news.save.ch\/de\/wp-json\/wp\/v2\/posts"}],"about":[{"href":"https:\/\/news.save.ch\/de\/wp-json\/wp\/v2\/types\/post"}],"author":[{"embeddable":true,"href":"https:\/\/news.save.ch\/de\/wp-json\/wp\/v2\/users\/31"}],"replies":[{"embeddable":true,"href":"https:\/\/news.save.ch\/de\/wp-json\/wp\/v2\/comments?post=23474"}],"version-history":[{"count":2,"href":"https:\/\/news.save.ch\/de\/wp-json\/wp\/v2\/posts\/23474\/revisions"}],"predecessor-version":[{"id":23477,"href":"https:\/\/news.save.ch\/de\/wp-json\/wp\/v2\/posts\/23474\/revisions\/23477"}],"wp:attachment":[{"href":"https:\/\/news.save.ch\/de\/wp-json\/wp\/v2\/media?parent=23474"}],"wp:term":[{"taxonomy":"category","embeddable":true,"href":"https:\/\/news.save.ch\/de\/wp-json\/wp\/v2\/categories?post=23474"},{"taxonomy":"post_tag","embeddable":true,"href":"https:\/\/news.save.ch\/de\/wp-json\/wp\/v2\/tags?post=23474"}],"curies":[{"name":"wp","href":"https:\/\/api.w.org\/{rel}","templated":true}]}}