{"id":23478,"date":"2024-08-30T14:51:44","date_gmt":"2024-08-30T12:51:44","guid":{"rendered":"https:\/\/news.save.ch\/?p=23478"},"modified":"2024-08-30T14:51:51","modified_gmt":"2024-08-30T12:51:51","slug":"empfehlungen-fuer-eine-zukunftsgerichtete-sicherheitspolitik-studienkommission-legt-ihren-bericht-vor","status":null,"type":"post","link":"https:\/\/news.save.ch\/de\/empfehlungen-fuer-eine-zukunftsgerichtete-sicherheitspolitik-studienkommission-legt-ihren-bericht-vor\/","title":{"rendered":"Empfehlungen f\u00fcr eine zukunftsgerichtete Sicherheitspolitik: Studienkommission legt ihren Bericht vor"},"content":{"rendered":"<figure id=\"attachment_23479\" aria-describedby=\"caption-attachment-23479\" style=\"width: 1000px\" class=\"wp-caption alignnone\"><a href=\"https:\/\/news.save.ch\/empfehlungen-fuer-eine-zukunftsgerichtete-sicherheitspolitik-studienkommission-legt-ihren-bericht-vor\/depositphotos_243967718_s\/\" rel=\"attachment wp-att-23479\"><img loading=\"lazy\" decoding=\"async\" class=\"size-full wp-image-23479\" src=\"https:\/\/news.save.ch\/wp-content\/uploads\/2024\/08\/Depositphotos_243967718_S.jpg\" alt=\"\" width=\"1000\" height=\"667\" srcset=\"https:\/\/news.save.ch\/wp-content\/uploads\/2024\/08\/Depositphotos_243967718_S.jpg 1000w, https:\/\/news.save.ch\/wp-content\/uploads\/2024\/08\/Depositphotos_243967718_S-680x454.jpg 680w, https:\/\/news.save.ch\/wp-content\/uploads\/2024\/08\/Depositphotos_243967718_S-768x512.jpg 768w, https:\/\/news.save.ch\/wp-content\/uploads\/2024\/08\/Depositphotos_243967718_S-18x12.jpg 18w, https:\/\/news.save.ch\/wp-content\/uploads\/2024\/08\/Depositphotos_243967718_S-375x250.jpg 375w, https:\/\/news.save.ch\/wp-content\/uploads\/2024\/08\/Depositphotos_243967718_S-525x350.jpg 525w\" sizes=\"auto, (max-width: 1000px) 100vw, 1000px\" \/><\/a><figcaption id=\"caption-attachment-23479\" class=\"wp-caption-text\">Foto: Depositphotos\/Bareta<\/figcaption><\/figure>\n<p>Im Juli 2023 hat das VBS die Studienkommission Sicherheitspolitik eingesetzt. Unter dem Vorsitz von Valentin Vogt, dem ehemaligen Arbeitgeberpr\u00e4sidenten, sollte die Kommission darlegen, wie eine zukunftsf\u00e4hige und breit abgest\u00fctzte Sicherheitspolitik der Schweiz ausgestaltet werden kann.\u00a0 Darunter ist eine Sicherheitspolitik zu verstehen, die den Bedrohungen und Gefahren angemessen, den Ressourcen entsprechend, im Inland breit abgest\u00fctzt und im Ausland geachtet ist.<\/p>\n<p>Die Kommission war breit zusammengesetzt mit Vertreterinnen und Vertretern aus Politik, Wirtschaft, Wissenschaft, Verwaltung, Kantonen, verschiedenen Generationen und Landesteilen. Die Vielfalt dieser Meinungen ist im Bericht abgebildet, indem bei den \u00fcber 100 Empfehlungen zu sieben Bereichen jeweils die Mehrheits- und Minderheitsverh\u00e4ltnisse innerhalb der Kommission ausgewiesen werden.<\/p>\n<h3>Die wichtigsten Empfehlungen der Studienkommission<\/h3>\n<p>Die Kommission nimmt eine massive Lageverschlechterung in Europa wahr, die gepr\u00e4gt ist von Machtpolitik, zunehmend destabilisierten Krisenregionen und nicht zuletzt vom russischen Angriffskrieg gegen die Ukraine. Mit Blick auf diese versch\u00e4rfte Sicherheitslage hat die Kommission Empfehlungen unter anderem zur Neutralit\u00e4t, zur internationalen Kooperation, zur Ausrichtung der sicherheitspolitischen Instrumente und der R\u00fcstungspolitik abgegeben.<\/p>\n<ul>\n<li>Ausrichtung der sicherheitspolitischen Instrumente: F\u00fcr die Koordination der sicherheitspolitischen Instrumente braucht es eine umfassende Verteidigungskonzeption, die Aufgaben und Zusammenspiel milit\u00e4rischer und ziviler Verteidigung kl\u00e4rt, die Resilienz von Wirtschaft und Verwaltung f\u00f6rdert und die Bev\u00f6lkerung f\u00fcr die verschlechterte Sicherheitslage sensibilisiert. Dazu geh\u00f6rt auch die Bek\u00e4mpfung von Desinformation und Beeinflussung. Die Armee soll auf ihre Verteidigungsf\u00e4higkeit ausgerichtet werden. Mit einer grossen Mehrheit empfiehlt die Kommission, bis 2030 das Verteidigungsbudget auf 1 % des BIP zu erh\u00f6hen. Die Aussenwirtschafts- und die Wirtschaftspolitik sei als Teil der wirtschaftlichen Landesversorgung zu betrachten. Eine Mehrheit empfiehlt ausserdem die Zusammenlegung von Zivildienst und Zivilschutz, die als Option im Rahmen der Vertiefungsarbeiten zum Dienstpflichtsystem gegenw\u00e4rtig ausgearbeitet wird. Zudem wird die Ausrichtung des Bev\u00f6lkerungsschutzes auf die versch\u00e4rfte Sicherheitslage und seine Aufgabe im Kriegsfall empfohlen.<\/li>\n<li>R\u00fcstungspolitik: Die R\u00fcstungsindustrie der Schweiz soll gest\u00e4rkt und st\u00e4rker auf die Bedrohungslage ausgerichtet werden. Dazu soll die Innovation gef\u00f6rdert und der Zugang zu EU- und Nato-Zusammenarbeitsprojekten sichergestellt werden. Eine Mehrheit m\u00f6chte das Wiederausfuhrverbot f\u00fcr L\u00e4nder gem\u00e4ss Anhang 2 der Verordnung \u00fcber das Kriegsmaterial aufheben. Die Kommission sieht einstimmig Energie als Teil der wirtschaftlichen Landesversorgung, mit \u00fcberwiegender Mehrheit auch die bilateralen Vertr\u00e4ge mit der EU.<\/li>\n<li>Internationale Kooperation: Die Kooperation mit der Nato und der EU soll mit dem Ziel einer gemeinsamen Verteidigungsf\u00e4higkeit weiter vertieft und zu einer eigentlichen Verteidigungskooperation ausgestaltet werden. Dazu sollen die Erwartungen an die eigene Verteidigungsf\u00e4higkeit wie auch die Gegenleistungen definiert werden, die die Schweiz einem Kooperationspartner entgegenbringen k\u00f6nnte. In diesem Kontext soll auch die milit\u00e4rische Friedensf\u00f6rderung ausgebaut werden. Ausserdem soll die Kooperation nicht nur auf milit\u00e4rischer, sondern auch auf diplomatischer Ebene ausgebaut werden, etwa bei den Anstrengungen in der internationalen R\u00fcstungskontrolle und der Regulierung von neuen Technologien.<\/li>\n<li>Neutralit\u00e4t: Die Neutralit\u00e4tspolitik soll revidiert, st\u00e4rker auf ihre sicherheitspolitische Funktion ausgerichtet und flexibler gehandhabt werden. Eine Mehrheit der Kommission empfiehlt zudem die Neutralit\u00e4tspolitik st\u00e4rker auf die UN-Charta auszurichten sowie die Unterscheidung von Aggressor und Opfer st\u00e4rker ber\u00fccksichtigen. Eine grosse Mehrheit spricht sich ausserdem f\u00fcr eine grunds\u00e4tzliche Revision des Kriegsmaterialgesetzes aus, um dieser Weiterentwicklung der Neutralit\u00e4tspolitik folgen zu k\u00f6nnen.<\/li>\n<li>Empfehlungen fliessen in Arbeiten zur Sicherheitspolitischen Strategie 2025 ein<\/li>\n<\/ul>\n<p>Der Bericht und die Empfehlungen der Kommission sind \u00f6ffentlich zug\u00e4nglich und sollen Beitr\u00e4ge zur \u00f6ffentlichen und parlamentarischen Diskussion liefern. Die Empfehlungen werden unter der Leitung des Staatssekretariats f\u00fcr Sicherheitspolitik SEPOS in die Arbeiten zur sicherheitspolitischen Strategie 2025 einfliessen, die eben begonnen haben.<\/p>\n<p>Das VBS dankt dem Vorsitzenden Valentin Vogt, der Berichtsverfasserin Katja Gentinetta und den Kommissionsmitgliedern f\u00fcr die wertvolle Arbeit und den vorliegenden Bericht.<\/p>\n<p>Quelle: vbs.admin.ch<\/p>\n","protected":false},"excerpt":{"rendered":"<p>Im Juli 2023 hat das VBS die Studienkommission Sicherheitspolitik eingesetzt. Unter dem Vorsitz von Valentin Vogt, dem ehemaligen Arbeitgeberpr\u00e4sidenten, sollte die Kommission darlegen, wie eine zukunftsf\u00e4hige und breit abgest\u00fctzte Sicherheitspolitik der Schweiz ausgestaltet werden kann.\u00a0 Darunter ist eine Sicherheitspolitik zu verstehen, die den Bedrohungen und Gefahren angemessen, den Ressourcen entsprechend, im Inland breit abgest\u00fctzt und [&hellip;]<\/p>\n","protected":false},"author":31,"featured_media":23479,"comment_status":"closed","ping_status":"closed","sticky":false,"template":"","format":"standard","meta":{"_acf_changed":false,"pgc_sgb_lightbox_settings":"","footnotes":""},"categories":[3312],"tags":[1494],"class_list":["post-23478","post","type-post","status-publish","format-standard","has-post-thumbnail","hentry","category-sicherheit","tag-sicherheitspolitik"],"acf":[],"hkrextid":null,"publication":null,"issue":null,"workflow":null,"startPage":null,"spitzmarke":null,"_posts_by_tag_page_fields":null,"_at_widget":null,"_yoast_wpseo_primary_category":"3312","_yoast_wpseo_focuskw_text_input":null,"_yoast_wpseo_opengraph-image":null,"_yoast_wpseo_opengraph-description":null,"_yoast_wpseo_opengraph-title":null,"enclosure":null,"_yoast_wpseo_twitter-title":null,"_yoast_wpseo_twitter-description":null,"_yoast_wpseo_twitter-image":null,"_wp_old_slug":null,"_yoast_wpseo_title":null,"_yoast_wpseo_canonical":null,"yoast_head":"<!-- This site is optimized with the Yoast SEO plugin v27.4 - https:\/\/yoast.com\/product\/yoast-seo-wordpress\/ -->\n<title>Empfehlungen f\u00fcr eine zukunftsgerichtete Sicherheitspolitik: Studienkommission legt ihren Bericht vor - Save<\/title>\n<meta name=\"description\" content=\"Studienkommission Sicherheitspolitik spricht Empfehlungen zu zukunftsgerichteter Sicherheitspolitik aus.\" \/>\n<meta name=\"robots\" content=\"index, follow, max-snippet:-1, max-image-preview:large, max-video-preview:-1\" \/>\n<link rel=\"canonical\" href=\"https:\/\/news.save.ch\/de\/empfehlungen-fuer-eine-zukunftsgerichtete-sicherheitspolitik-studienkommission-legt-ihren-bericht-vor\/\" \/>\n<meta property=\"og:locale\" content=\"de_DE\" \/>\n<meta property=\"og:type\" content=\"article\" \/>\n<meta property=\"og:title\" content=\"Empfehlungen f\u00fcr eine zukunftsgerichtete Sicherheitspolitik: Studienkommission legt ihren Bericht vor - Save\" \/>\n<meta property=\"og:description\" content=\"Studienkommission Sicherheitspolitik spricht Empfehlungen zu zukunftsgerichteter Sicherheitspolitik aus.\" \/>\n<meta property=\"og:url\" content=\"https:\/\/news.save.ch\/de\/empfehlungen-fuer-eine-zukunftsgerichtete-sicherheitspolitik-studienkommission-legt-ihren-bericht-vor\/\" \/>\n<meta property=\"og:site_name\" content=\"Save\" \/>\n<meta property=\"article:published_time\" content=\"2024-08-30T12:51:44+00:00\" \/>\n<meta property=\"article:modified_time\" content=\"2024-08-30T12:51:51+00:00\" \/>\n<meta property=\"og:image\" content=\"https:\/\/news.save.ch\/wp-content\/uploads\/2024\/08\/Depositphotos_243967718_S.jpg\" \/>\n\t<meta property=\"og:image:width\" content=\"1000\" \/>\n\t<meta property=\"og:image:height\" content=\"667\" \/>\n\t<meta property=\"og:image:type\" content=\"image\/jpeg\" \/>\n<meta name=\"author\" content=\"stefanie Zeng\" \/>\n<meta name=\"twitter:card\" content=\"summary_large_image\" \/>\n<meta name=\"twitter:label1\" content=\"Geschrieben von\" \/>\n\t<meta name=\"twitter:data1\" content=\"stefanie Zeng\" \/>\n\t<meta name=\"twitter:label2\" content=\"Gesch\u00e4tzte Lesezeit\" \/>\n\t<meta name=\"twitter:data2\" content=\"4\u00a0Minuten\" \/>\n<script type=\"application\/ld+json\" class=\"yoast-schema-graph\">{\"@context\":\"https:\\\/\\\/schema.org\",\"@graph\":[{\"@type\":\"Article\",\"@id\":\"https:\\\/\\\/news.save.ch\\\/empfehlungen-fuer-eine-zukunftsgerichtete-sicherheitspolitik-studienkommission-legt-ihren-bericht-vor\\\/#article\",\"isPartOf\":{\"@id\":\"https:\\\/\\\/news.save.ch\\\/empfehlungen-fuer-eine-zukunftsgerichtete-sicherheitspolitik-studienkommission-legt-ihren-bericht-vor\\\/\"},\"author\":{\"name\":\"stefanie Zeng\",\"@id\":\"https:\\\/\\\/news.save.ch\\\/de\\\/#\\\/schema\\\/person\\\/10917387362b3961e882740f6cf6f2a2\"},\"headline\":\"Empfehlungen f\u00fcr eine zukunftsgerichtete Sicherheitspolitik: Studienkommission legt ihren Bericht vor\",\"datePublished\":\"2024-08-30T12:51:44+00:00\",\"dateModified\":\"2024-08-30T12:51:51+00:00\",\"mainEntityOfPage\":{\"@id\":\"https:\\\/\\\/news.save.ch\\\/empfehlungen-fuer-eine-zukunftsgerichtete-sicherheitspolitik-studienkommission-legt-ihren-bericht-vor\\\/\"},\"wordCount\":639,\"publisher\":{\"@id\":\"https:\\\/\\\/news.save.ch\\\/de\\\/#organization\"},\"image\":{\"@id\":\"https:\\\/\\\/news.save.ch\\\/empfehlungen-fuer-eine-zukunftsgerichtete-sicherheitspolitik-studienkommission-legt-ihren-bericht-vor\\\/#primaryimage\"},\"thumbnailUrl\":\"https:\\\/\\\/news.save.ch\\\/wp-content\\\/uploads\\\/2024\\\/08\\\/Depositphotos_243967718_S.jpg\",\"keywords\":[\"Sicherheitspolitik\"],\"articleSection\":[\"SICHERHEIT\"],\"inLanguage\":\"de\"},{\"@type\":\"WebPage\",\"@id\":\"https:\\\/\\\/news.save.ch\\\/empfehlungen-fuer-eine-zukunftsgerichtete-sicherheitspolitik-studienkommission-legt-ihren-bericht-vor\\\/\",\"url\":\"https:\\\/\\\/news.save.ch\\\/empfehlungen-fuer-eine-zukunftsgerichtete-sicherheitspolitik-studienkommission-legt-ihren-bericht-vor\\\/\",\"name\":\"Empfehlungen f\u00fcr eine zukunftsgerichtete Sicherheitspolitik: Studienkommission legt ihren Bericht vor - Save\",\"isPartOf\":{\"@id\":\"https:\\\/\\\/news.save.ch\\\/de\\\/#website\"},\"primaryImageOfPage\":{\"@id\":\"https:\\\/\\\/news.save.ch\\\/empfehlungen-fuer-eine-zukunftsgerichtete-sicherheitspolitik-studienkommission-legt-ihren-bericht-vor\\\/#primaryimage\"},\"image\":{\"@id\":\"https:\\\/\\\/news.save.ch\\\/empfehlungen-fuer-eine-zukunftsgerichtete-sicherheitspolitik-studienkommission-legt-ihren-bericht-vor\\\/#primaryimage\"},\"thumbnailUrl\":\"https:\\\/\\\/news.save.ch\\\/wp-content\\\/uploads\\\/2024\\\/08\\\/Depositphotos_243967718_S.jpg\",\"datePublished\":\"2024-08-30T12:51:44+00:00\",\"dateModified\":\"2024-08-30T12:51:51+00:00\",\"description\":\"Studienkommission Sicherheitspolitik spricht Empfehlungen zu zukunftsgerichteter Sicherheitspolitik aus.\",\"breadcrumb\":{\"@id\":\"https:\\\/\\\/news.save.ch\\\/empfehlungen-fuer-eine-zukunftsgerichtete-sicherheitspolitik-studienkommission-legt-ihren-bericht-vor\\\/#breadcrumb\"},\"inLanguage\":\"de\",\"potentialAction\":[{\"@type\":\"ReadAction\",\"target\":[\"https:\\\/\\\/news.save.ch\\\/empfehlungen-fuer-eine-zukunftsgerichtete-sicherheitspolitik-studienkommission-legt-ihren-bericht-vor\\\/\"]}]},{\"@type\":\"ImageObject\",\"inLanguage\":\"de\",\"@id\":\"https:\\\/\\\/news.save.ch\\\/empfehlungen-fuer-eine-zukunftsgerichtete-sicherheitspolitik-studienkommission-legt-ihren-bericht-vor\\\/#primaryimage\",\"url\":\"https:\\\/\\\/news.save.ch\\\/wp-content\\\/uploads\\\/2024\\\/08\\\/Depositphotos_243967718_S.jpg\",\"contentUrl\":\"https:\\\/\\\/news.save.ch\\\/wp-content\\\/uploads\\\/2024\\\/08\\\/Depositphotos_243967718_S.jpg\",\"width\":1000,\"height\":667,\"caption\":\"Foto: Depositphotos\\\/Bareta\"},{\"@type\":\"BreadcrumbList\",\"@id\":\"https:\\\/\\\/news.save.ch\\\/empfehlungen-fuer-eine-zukunftsgerichtete-sicherheitspolitik-studienkommission-legt-ihren-bericht-vor\\\/#breadcrumb\",\"itemListElement\":[{\"@type\":\"ListItem\",\"position\":1,\"name\":\"Home\",\"item\":\"https:\\\/\\\/news.save.ch\\\/de\\\/\"},{\"@type\":\"ListItem\",\"position\":2,\"name\":\"Empfehlungen f\u00fcr eine zukunftsgerichtete Sicherheitspolitik: Studienkommission legt ihren Bericht vor\"}]},{\"@type\":\"WebSite\",\"@id\":\"https:\\\/\\\/news.save.ch\\\/de\\\/#website\",\"url\":\"https:\\\/\\\/news.save.ch\\\/de\\\/\",\"name\":\"Save\",\"description\":\"Schweizer Fachzeitschrift f\u00fcr Sicherheit\",\"publisher\":{\"@id\":\"https:\\\/\\\/news.save.ch\\\/de\\\/#organization\"},\"potentialAction\":[{\"@type\":\"SearchAction\",\"target\":{\"@type\":\"EntryPoint\",\"urlTemplate\":\"https:\\\/\\\/news.save.ch\\\/de\\\/?s={search_term_string}\"},\"query-input\":{\"@type\":\"PropertyValueSpecification\",\"valueRequired\":true,\"valueName\":\"search_term_string\"}}],\"inLanguage\":\"de\"},{\"@type\":\"Organization\",\"@id\":\"https:\\\/\\\/news.save.ch\\\/de\\\/#organization\",\"name\":\"Sicherheitsforum\",\"url\":\"https:\\\/\\\/news.save.ch\\\/de\\\/\",\"logo\":{\"@type\":\"ImageObject\",\"inLanguage\":\"de\",\"@id\":\"https:\\\/\\\/news.save.ch\\\/de\\\/#\\\/schema\\\/logo\\\/image\\\/\",\"url\":\"https:\\\/\\\/news.save.ch\\\/wp-content\\\/uploads\\\/2022\\\/06\\\/Logo_SF_2012.png\",\"contentUrl\":\"https:\\\/\\\/news.save.ch\\\/wp-content\\\/uploads\\\/2022\\\/06\\\/Logo_SF_2012.png\",\"width\":1100,\"height\":91,\"caption\":\"Sicherheitsforum\"},\"image\":{\"@id\":\"https:\\\/\\\/news.save.ch\\\/de\\\/#\\\/schema\\\/logo\\\/image\\\/\"}},{\"@type\":\"Person\",\"@id\":\"https:\\\/\\\/news.save.ch\\\/de\\\/#\\\/schema\\\/person\\\/10917387362b3961e882740f6cf6f2a2\",\"name\":\"stefanie Zeng\",\"image\":{\"@type\":\"ImageObject\",\"inLanguage\":\"de\",\"@id\":\"https:\\\/\\\/secure.gravatar.com\\\/avatar\\\/eac43faa6e40bb2c41068c95c9d78bbd94c476d5efdff7abaab80bb3ea681e06?s=96&d=mm&r=g\",\"url\":\"https:\\\/\\\/secure.gravatar.com\\\/avatar\\\/eac43faa6e40bb2c41068c95c9d78bbd94c476d5efdff7abaab80bb3ea681e06?s=96&d=mm&r=g\",\"contentUrl\":\"https:\\\/\\\/secure.gravatar.com\\\/avatar\\\/eac43faa6e40bb2c41068c95c9d78bbd94c476d5efdff7abaab80bb3ea681e06?s=96&d=mm&r=g\",\"caption\":\"stefanie Zeng\"},\"url\":\"https:\\\/\\\/news.save.ch\\\/de\\\/author\\\/stefanie-zeng\\\/\"}]}<\/script>\n<!-- \/ Yoast SEO plugin. -->","yoast_head_json":{"title":"Empfehlungen f\u00fcr eine zukunftsgerichtete Sicherheitspolitik: Studienkommission legt ihren Bericht vor - Save","description":"Studienkommission Sicherheitspolitik spricht Empfehlungen zu zukunftsgerichteter Sicherheitspolitik aus.","robots":{"index":"index","follow":"follow","max-snippet":"max-snippet:-1","max-image-preview":"max-image-preview:large","max-video-preview":"max-video-preview:-1"},"canonical":"https:\/\/news.save.ch\/de\/empfehlungen-fuer-eine-zukunftsgerichtete-sicherheitspolitik-studienkommission-legt-ihren-bericht-vor\/","og_locale":"de_DE","og_type":"article","og_title":"Empfehlungen f\u00fcr eine zukunftsgerichtete Sicherheitspolitik: Studienkommission legt ihren Bericht vor - Save","og_description":"Studienkommission Sicherheitspolitik spricht Empfehlungen zu zukunftsgerichteter Sicherheitspolitik aus.","og_url":"https:\/\/news.save.ch\/de\/empfehlungen-fuer-eine-zukunftsgerichtete-sicherheitspolitik-studienkommission-legt-ihren-bericht-vor\/","og_site_name":"Save","article_published_time":"2024-08-30T12:51:44+00:00","article_modified_time":"2024-08-30T12:51:51+00:00","og_image":[{"width":1000,"height":667,"url":"https:\/\/news.save.ch\/wp-content\/uploads\/2024\/08\/Depositphotos_243967718_S.jpg","type":"image\/jpeg"}],"author":"stefanie Zeng","twitter_card":"summary_large_image","twitter_misc":{"Geschrieben von":"stefanie Zeng","Gesch\u00e4tzte Lesezeit":"4\u00a0Minuten"},"schema":{"@context":"https:\/\/schema.org","@graph":[{"@type":"Article","@id":"https:\/\/news.save.ch\/empfehlungen-fuer-eine-zukunftsgerichtete-sicherheitspolitik-studienkommission-legt-ihren-bericht-vor\/#article","isPartOf":{"@id":"https:\/\/news.save.ch\/empfehlungen-fuer-eine-zukunftsgerichtete-sicherheitspolitik-studienkommission-legt-ihren-bericht-vor\/"},"author":{"name":"stefanie Zeng","@id":"https:\/\/news.save.ch\/de\/#\/schema\/person\/10917387362b3961e882740f6cf6f2a2"},"headline":"Empfehlungen f\u00fcr eine zukunftsgerichtete Sicherheitspolitik: Studienkommission legt ihren Bericht vor","datePublished":"2024-08-30T12:51:44+00:00","dateModified":"2024-08-30T12:51:51+00:00","mainEntityOfPage":{"@id":"https:\/\/news.save.ch\/empfehlungen-fuer-eine-zukunftsgerichtete-sicherheitspolitik-studienkommission-legt-ihren-bericht-vor\/"},"wordCount":639,"publisher":{"@id":"https:\/\/news.save.ch\/de\/#organization"},"image":{"@id":"https:\/\/news.save.ch\/empfehlungen-fuer-eine-zukunftsgerichtete-sicherheitspolitik-studienkommission-legt-ihren-bericht-vor\/#primaryimage"},"thumbnailUrl":"https:\/\/news.save.ch\/wp-content\/uploads\/2024\/08\/Depositphotos_243967718_S.jpg","keywords":["Sicherheitspolitik"],"articleSection":["SICHERHEIT"],"inLanguage":"de"},{"@type":"WebPage","@id":"https:\/\/news.save.ch\/empfehlungen-fuer-eine-zukunftsgerichtete-sicherheitspolitik-studienkommission-legt-ihren-bericht-vor\/","url":"https:\/\/news.save.ch\/empfehlungen-fuer-eine-zukunftsgerichtete-sicherheitspolitik-studienkommission-legt-ihren-bericht-vor\/","name":"Empfehlungen f\u00fcr eine zukunftsgerichtete Sicherheitspolitik: Studienkommission legt ihren Bericht vor - Save","isPartOf":{"@id":"https:\/\/news.save.ch\/de\/#website"},"primaryImageOfPage":{"@id":"https:\/\/news.save.ch\/empfehlungen-fuer-eine-zukunftsgerichtete-sicherheitspolitik-studienkommission-legt-ihren-bericht-vor\/#primaryimage"},"image":{"@id":"https:\/\/news.save.ch\/empfehlungen-fuer-eine-zukunftsgerichtete-sicherheitspolitik-studienkommission-legt-ihren-bericht-vor\/#primaryimage"},"thumbnailUrl":"https:\/\/news.save.ch\/wp-content\/uploads\/2024\/08\/Depositphotos_243967718_S.jpg","datePublished":"2024-08-30T12:51:44+00:00","dateModified":"2024-08-30T12:51:51+00:00","description":"Studienkommission Sicherheitspolitik spricht Empfehlungen zu zukunftsgerichteter Sicherheitspolitik aus.","breadcrumb":{"@id":"https:\/\/news.save.ch\/empfehlungen-fuer-eine-zukunftsgerichtete-sicherheitspolitik-studienkommission-legt-ihren-bericht-vor\/#breadcrumb"},"inLanguage":"de","potentialAction":[{"@type":"ReadAction","target":["https:\/\/news.save.ch\/empfehlungen-fuer-eine-zukunftsgerichtete-sicherheitspolitik-studienkommission-legt-ihren-bericht-vor\/"]}]},{"@type":"ImageObject","inLanguage":"de","@id":"https:\/\/news.save.ch\/empfehlungen-fuer-eine-zukunftsgerichtete-sicherheitspolitik-studienkommission-legt-ihren-bericht-vor\/#primaryimage","url":"https:\/\/news.save.ch\/wp-content\/uploads\/2024\/08\/Depositphotos_243967718_S.jpg","contentUrl":"https:\/\/news.save.ch\/wp-content\/uploads\/2024\/08\/Depositphotos_243967718_S.jpg","width":1000,"height":667,"caption":"Foto: Depositphotos\/Bareta"},{"@type":"BreadcrumbList","@id":"https:\/\/news.save.ch\/empfehlungen-fuer-eine-zukunftsgerichtete-sicherheitspolitik-studienkommission-legt-ihren-bericht-vor\/#breadcrumb","itemListElement":[{"@type":"ListItem","position":1,"name":"Home","item":"https:\/\/news.save.ch\/de\/"},{"@type":"ListItem","position":2,"name":"Empfehlungen f\u00fcr eine zukunftsgerichtete Sicherheitspolitik: Studienkommission legt ihren Bericht vor"}]},{"@type":"WebSite","@id":"https:\/\/news.save.ch\/de\/#website","url":"https:\/\/news.save.ch\/de\/","name":"Save","description":"Schweizer Fachzeitschrift f\u00fcr Sicherheit","publisher":{"@id":"https:\/\/news.save.ch\/de\/#organization"},"potentialAction":[{"@type":"SearchAction","target":{"@type":"EntryPoint","urlTemplate":"https:\/\/news.save.ch\/de\/?s={search_term_string}"},"query-input":{"@type":"PropertyValueSpecification","valueRequired":true,"valueName":"search_term_string"}}],"inLanguage":"de"},{"@type":"Organization","@id":"https:\/\/news.save.ch\/de\/#organization","name":"Sicherheitsforum","url":"https:\/\/news.save.ch\/de\/","logo":{"@type":"ImageObject","inLanguage":"de","@id":"https:\/\/news.save.ch\/de\/#\/schema\/logo\/image\/","url":"https:\/\/news.save.ch\/wp-content\/uploads\/2022\/06\/Logo_SF_2012.png","contentUrl":"https:\/\/news.save.ch\/wp-content\/uploads\/2022\/06\/Logo_SF_2012.png","width":1100,"height":91,"caption":"Sicherheitsforum"},"image":{"@id":"https:\/\/news.save.ch\/de\/#\/schema\/logo\/image\/"}},{"@type":"Person","@id":"https:\/\/news.save.ch\/de\/#\/schema\/person\/10917387362b3961e882740f6cf6f2a2","name":"stefanie Zeng","image":{"@type":"ImageObject","inLanguage":"de","@id":"https:\/\/secure.gravatar.com\/avatar\/eac43faa6e40bb2c41068c95c9d78bbd94c476d5efdff7abaab80bb3ea681e06?s=96&d=mm&r=g","url":"https:\/\/secure.gravatar.com\/avatar\/eac43faa6e40bb2c41068c95c9d78bbd94c476d5efdff7abaab80bb3ea681e06?s=96&d=mm&r=g","contentUrl":"https:\/\/secure.gravatar.com\/avatar\/eac43faa6e40bb2c41068c95c9d78bbd94c476d5efdff7abaab80bb3ea681e06?s=96&d=mm&r=g","caption":"stefanie Zeng"},"url":"https:\/\/news.save.ch\/de\/author\/stefanie-zeng\/"}]}},"_links":{"self":[{"href":"https:\/\/news.save.ch\/de\/wp-json\/wp\/v2\/posts\/23478","targetHints":{"allow":["GET"]}}],"collection":[{"href":"https:\/\/news.save.ch\/de\/wp-json\/wp\/v2\/posts"}],"about":[{"href":"https:\/\/news.save.ch\/de\/wp-json\/wp\/v2\/types\/post"}],"author":[{"embeddable":true,"href":"https:\/\/news.save.ch\/de\/wp-json\/wp\/v2\/users\/31"}],"replies":[{"embeddable":true,"href":"https:\/\/news.save.ch\/de\/wp-json\/wp\/v2\/comments?post=23478"}],"version-history":[{"count":2,"href":"https:\/\/news.save.ch\/de\/wp-json\/wp\/v2\/posts\/23478\/revisions"}],"predecessor-version":[{"id":23481,"href":"https:\/\/news.save.ch\/de\/wp-json\/wp\/v2\/posts\/23478\/revisions\/23481"}],"wp:featuredmedia":[{"embeddable":true,"href":"https:\/\/news.save.ch\/de\/wp-json\/wp\/v2\/media\/23479"}],"wp:attachment":[{"href":"https:\/\/news.save.ch\/de\/wp-json\/wp\/v2\/media?parent=23478"}],"wp:term":[{"taxonomy":"category","embeddable":true,"href":"https:\/\/news.save.ch\/de\/wp-json\/wp\/v2\/categories?post=23478"},{"taxonomy":"post_tag","embeddable":true,"href":"https:\/\/news.save.ch\/de\/wp-json\/wp\/v2\/tags?post=23478"}],"curies":[{"name":"wp","href":"https:\/\/api.w.org\/{rel}","templated":true}]}}