{"id":23496,"date":"2024-09-05T10:43:43","date_gmt":"2024-09-05T08:43:43","guid":{"rendered":"https:\/\/news.save.ch\/?p=23496"},"modified":"2024-09-05T10:43:44","modified_gmt":"2024-09-05T08:43:44","slug":"gefahrstoffe-und-gefahrgueter-unter-der-lupe","status":null,"type":"post","link":"https:\/\/news.save.ch\/de\/gefahrstoffe-und-gefahrgueter-unter-der-lupe\/","title":{"rendered":"Gefahrstoffe und Gefahrg\u00fcter unter der Lupe"},"content":{"rendered":"<figure id=\"attachment_23497\" aria-describedby=\"caption-attachment-23497\" style=\"width: 1400px\" class=\"wp-caption alignnone\"><a href=\"https:\/\/news.save.ch\/gefahrstoffe-und-gefahrgueter-unter-der-lupe\/dsc06521\/\" rel=\"attachment wp-att-23497\"><img loading=\"lazy\" decoding=\"async\" class=\"wp-image-23497 size-full\" src=\"https:\/\/news.save.ch\/wp-content\/uploads\/2024\/09\/DSC06521-scaled.jpg\" alt=\"\" width=\"1400\" height=\"933\" srcset=\"https:\/\/news.save.ch\/wp-content\/uploads\/2024\/09\/DSC06521-scaled.jpg 1200w, https:\/\/news.save.ch\/wp-content\/uploads\/2024\/09\/DSC06521-680x453.jpg 680w, https:\/\/news.save.ch\/wp-content\/uploads\/2024\/09\/DSC06521-1024x683.jpg 1024w, https:\/\/news.save.ch\/wp-content\/uploads\/2024\/09\/DSC06521-768x512.jpg 768w, https:\/\/news.save.ch\/wp-content\/uploads\/2024\/09\/DSC06521-1536x1024.jpg 1536w, https:\/\/news.save.ch\/wp-content\/uploads\/2024\/09\/DSC06521-2048x1365.jpg 2048w, https:\/\/news.save.ch\/wp-content\/uploads\/2024\/09\/DSC06521-18x12.jpg 18w, https:\/\/news.save.ch\/wp-content\/uploads\/2024\/09\/DSC06521-375x250.jpg 375w, https:\/\/news.save.ch\/wp-content\/uploads\/2024\/09\/DSC06521-525x350.jpg 525w, https:\/\/news.save.ch\/wp-content\/uploads\/2024\/09\/DSC06521-1000x667.jpg 1000w\" sizes=\"auto, (max-width: 1400px) 100vw, 1400px\" \/><\/a><figcaption id=\"caption-attachment-23497\" class=\"wp-caption-text\">Melanie Dussy und Laura Dorman demonstieren an der Fachtagung Gefahrgut und Gefahrstoff wie man einen Schutzanzug richtig anlegt. Foto: zVg<\/figcaption><\/figure>\n<p><span style=\"font-weight: 400;\">Die j\u00e4hrliche Tagung nahm in diesem Jahr zum ersten Mal beide Bereich in den Fokus: Gefahrgut und Gefahrstoffe.\u00a0<\/span><\/p>\n<p><span style=\"font-weight: 400;\">Den Auftakt zur Tagung bildete der Vortrag von Ronald Eng vom Pharmaunternehmen Idorsia in Allschwil. Rund 200 Labore betreibt sein Unternehmen, alle handhaben Gefahrstoffe. Rund 60000 verschiedene Substanzen muss der Betrieb lagern und bereitstellen. Da f\u00fcr diese ganz unterschiedliche Voraussetzungen und Vorschriften gelten, gestaltet sich das Substanzenmanagement komplex. Eng gab dem interessierten Publikum zahlreiche Beispiele, wie die verschiedenen Chemikaliengruppen gelagert werden, wer darauf Zugriff hat und wie sie intern transportiert werden d\u00fcrfen.\u00a0<\/span><\/p>\n<h3><strong>Neuerungen beim SDR\/ADR<\/strong><\/h3>\n<p><span style=\"font-weight: 400;\">Im Anschluss gab Beat Schmied vom Astra Einblicke in die aktuellen Entwicklungen beim Gefahrguttransport. So gibt es beim SDR\/ADR 2025 einige Neuerungen zu beachten. Einen \u00dcberblick \u00fcber diese \u00c4nderungen finden Sie hier: <\/span><a href=\"https:\/\/www.astra.admin.ch\/astra\/de\/home\/fachleute\/fahrzeuge\/gefaehrliche-gueter\/revision.html\"><span style=\"font-weight: 400;\">https:\/\/www.astra.admin.ch\/astra\/de\/home\/fachleute\/fahrzeuge\/gefaehrliche-gueter\/revision.html<\/span><\/a><span style=\"font-weight: 400;\">.\u00a0<\/span><\/p>\n<p><span style=\"font-weight: 400;\">Wie man einen Schutzanzug und eine Schutzmaske korrekt anlegt, zeigten die beiden Referentinnen Melanie Dussy und Laura Dorman am lebenden Objekt und lockerten damit den Vormittag unterhaltsam auf. In ihrem Vortrag \u00fcber PSA der Kategorie 3 gab es so jede Menge wichtige Hinweise, wie sich Kontaminationen vermeiden lassen, was letztlich entscheidend f\u00fcr die Gesundheit von Mitarbeitenden ist: \u00abDie PSA ist die letzte Verteidigungslinie gegen irreversible Sch\u00e4den\u00bb, so Dorman. \u00abDie Gefahrstoffe sind oft so klein, dass sie durch jede L\u00fccke dringen.\u00bb Unterweisungen per Video oder Powerpoint reichen demnach nicht aus, um Mitarbeitende zu schulen, sie sollten das Anlegen regelm\u00e4ssig selbst durchf\u00fchren.\u00a0<\/span><\/p>\n<h3>Einblick in die Polizeiarbeit<\/h3>\n<p><span style=\"font-weight: 400;\">Am Nachmittag hatten die Teilnehmer die M\u00f6glichkeit, sich aus sechs verschiedenen Vortr\u00e4gen ein Programm nach den eigenen W\u00fcnschen zusammenzustellen. Matthias Braun von der Kantonspolizei Z\u00fcrich gew\u00e4hrte dabei einen unterhaltsamen Einblick in seinen Alltag und zeigte, anschaulich, zu welchen Verst\u00f6ssen es beim Gefahrguttransport auf Schweizer Strassen kommt und worauf bei den Bef\u00f6rderungspapieren Wert gelegt wird.\u00a0<\/span><\/p>\n<p><span style=\"font-weight: 400;\">Weitere Vortr\u00e4ge widmeten sich den Themen Explosionsschutz f\u00fcr KMU, der Regulierung von PFAS und den Inspektionst\u00e4tigkeiten nach Gefahrgutrecht im Kanton Basel-Stadt. Der Tag ging mit einem kollegialen Austausch beim Ap\u00e8ro zu Ende.\u00a0<\/span><\/p>\n<p><span style=\"font-weight: 400;\">Save-the-Date: Die Fachtagung Gefahrgut Gefahrstoff 2025 findet am 9. September 2025 wiederum in Wallisellen an der Swiss Safety Center Akademie statt.<\/span><\/p>\n","protected":false},"excerpt":{"rendered":"<p>Die j\u00e4hrliche Tagung nahm in diesem Jahr zum ersten Mal beide Bereich in den Fokus: Gefahrgut und Gefahrstoffe.\u00a0 Den Auftakt zur Tagung bildete der Vortrag von Ronald Eng vom Pharmaunternehmen Idorsia in Allschwil. Rund 200 Labore betreibt sein Unternehmen, alle handhaben Gefahrstoffe. Rund 60000 verschiedene Substanzen muss der Betrieb lagern und bereitstellen. Da f\u00fcr diese [&hellip;]<\/p>\n","protected":false},"author":31,"featured_media":23497,"comment_status":"closed","ping_status":"closed","sticky":false,"template":"","format":"standard","meta":{"_acf_changed":false,"pgc_sgb_lightbox_settings":"","footnotes":""},"categories":[3314],"tags":[2029,361,1540,466],"class_list":["post-23496","post","type-post","status-publish","format-standard","has-post-thumbnail","hentry","category-health-safety","tag-fachtagung","tag-gefahrgut","tag-gefahrstoffe","tag-swiss-safety-center"],"acf":[],"hkrextid":null,"publication":null,"issue":null,"workflow":null,"startPage":null,"spitzmarke":null,"_posts_by_tag_page_fields":null,"_at_widget":null,"_yoast_wpseo_primary_category":"3314","_yoast_wpseo_focuskw_text_input":null,"_yoast_wpseo_opengraph-image":null,"_yoast_wpseo_opengraph-description":null,"_yoast_wpseo_opengraph-title":null,"enclosure":null,"_yoast_wpseo_twitter-title":null,"_yoast_wpseo_twitter-description":null,"_yoast_wpseo_twitter-image":null,"_wp_old_slug":null,"_yoast_wpseo_title":null,"_yoast_wpseo_canonical":null,"yoast_head":"<!-- This site is optimized with the Yoast SEO plugin v27.5 - https:\/\/yoast.com\/product\/yoast-seo-wordpress\/ -->\n<title>Gefahrstoffe und Gefahrg\u00fcter unter der Lupe - Save<\/title>\n<meta name=\"description\" content=\"Am 3. September drehte sich beim Swiss Safety Center alles um die Themen Gefahrgut und Gefahrstoff.\" \/>\n<meta name=\"robots\" content=\"index, follow, max-snippet:-1, max-image-preview:large, max-video-preview:-1\" \/>\n<link rel=\"canonical\" href=\"https:\/\/news.save.ch\/de\/gefahrstoffe-und-gefahrgueter-unter-der-lupe\/\" \/>\n<meta property=\"og:locale\" content=\"de_DE\" \/>\n<meta property=\"og:type\" content=\"article\" \/>\n<meta property=\"og:title\" content=\"Gefahrstoffe und Gefahrg\u00fcter unter der Lupe - Save\" \/>\n<meta property=\"og:description\" content=\"Am 3. September drehte sich beim Swiss Safety Center alles um die Themen Gefahrgut und Gefahrstoff.\" \/>\n<meta property=\"og:url\" content=\"https:\/\/news.save.ch\/de\/gefahrstoffe-und-gefahrgueter-unter-der-lupe\/\" \/>\n<meta property=\"og:site_name\" content=\"Save\" \/>\n<meta property=\"article:published_time\" content=\"2024-09-05T08:43:43+00:00\" \/>\n<meta property=\"article:modified_time\" content=\"2024-09-05T08:43:44+00:00\" \/>\n<meta property=\"og:image\" content=\"https:\/\/news.save.ch\/wp-content\/uploads\/2024\/09\/DSC06521-scaled.jpg\" \/>\n\t<meta property=\"og:image:width\" content=\"1200\" \/>\n\t<meta property=\"og:image:height\" content=\"800\" \/>\n\t<meta property=\"og:image:type\" content=\"image\/jpeg\" \/>\n<meta name=\"author\" content=\"stefanie Zeng\" \/>\n<meta name=\"twitter:card\" content=\"summary_large_image\" \/>\n<meta name=\"twitter:label1\" content=\"Geschrieben von\" \/>\n\t<meta name=\"twitter:data1\" content=\"stefanie Zeng\" \/>\n\t<meta name=\"twitter:label2\" content=\"Gesch\u00e4tzte Lesezeit\" \/>\n\t<meta name=\"twitter:data2\" content=\"3\u00a0Minuten\" \/>\n<script type=\"application\/ld+json\" class=\"yoast-schema-graph\">{\"@context\":\"https:\\\/\\\/schema.org\",\"@graph\":[{\"@type\":\"Article\",\"@id\":\"https:\\\/\\\/news.save.ch\\\/gefahrstoffe-und-gefahrgueter-unter-der-lupe\\\/#article\",\"isPartOf\":{\"@id\":\"https:\\\/\\\/news.save.ch\\\/gefahrstoffe-und-gefahrgueter-unter-der-lupe\\\/\"},\"author\":{\"name\":\"stefanie Zeng\",\"@id\":\"https:\\\/\\\/news.save.ch\\\/de\\\/#\\\/schema\\\/person\\\/10917387362b3961e882740f6cf6f2a2\"},\"headline\":\"Gefahrstoffe und Gefahrg\u00fcter unter der Lupe\",\"datePublished\":\"2024-09-05T08:43:43+00:00\",\"dateModified\":\"2024-09-05T08:43:44+00:00\",\"mainEntityOfPage\":{\"@id\":\"https:\\\/\\\/news.save.ch\\\/gefahrstoffe-und-gefahrgueter-unter-der-lupe\\\/\"},\"wordCount\":397,\"publisher\":{\"@id\":\"https:\\\/\\\/news.save.ch\\\/de\\\/#organization\"},\"image\":{\"@id\":\"https:\\\/\\\/news.save.ch\\\/gefahrstoffe-und-gefahrgueter-unter-der-lupe\\\/#primaryimage\"},\"thumbnailUrl\":\"https:\\\/\\\/news.save.ch\\\/wp-content\\\/uploads\\\/2024\\\/09\\\/DSC06521-scaled.jpg\",\"keywords\":[\"Fachtagung\",\"Gefahrgut\",\"Gefahrstoffe\",\"Swiss Safety Center\"],\"articleSection\":[\"HEALTH &amp; SAFETY\"],\"inLanguage\":\"de\"},{\"@type\":\"WebPage\",\"@id\":\"https:\\\/\\\/news.save.ch\\\/gefahrstoffe-und-gefahrgueter-unter-der-lupe\\\/\",\"url\":\"https:\\\/\\\/news.save.ch\\\/gefahrstoffe-und-gefahrgueter-unter-der-lupe\\\/\",\"name\":\"Gefahrstoffe und Gefahrg\u00fcter unter der Lupe - Save\",\"isPartOf\":{\"@id\":\"https:\\\/\\\/news.save.ch\\\/de\\\/#website\"},\"primaryImageOfPage\":{\"@id\":\"https:\\\/\\\/news.save.ch\\\/gefahrstoffe-und-gefahrgueter-unter-der-lupe\\\/#primaryimage\"},\"image\":{\"@id\":\"https:\\\/\\\/news.save.ch\\\/gefahrstoffe-und-gefahrgueter-unter-der-lupe\\\/#primaryimage\"},\"thumbnailUrl\":\"https:\\\/\\\/news.save.ch\\\/wp-content\\\/uploads\\\/2024\\\/09\\\/DSC06521-scaled.jpg\",\"datePublished\":\"2024-09-05T08:43:43+00:00\",\"dateModified\":\"2024-09-05T08:43:44+00:00\",\"description\":\"Am 3. September drehte sich beim Swiss Safety Center alles um die Themen Gefahrgut und Gefahrstoff.\",\"breadcrumb\":{\"@id\":\"https:\\\/\\\/news.save.ch\\\/gefahrstoffe-und-gefahrgueter-unter-der-lupe\\\/#breadcrumb\"},\"inLanguage\":\"de\",\"potentialAction\":[{\"@type\":\"ReadAction\",\"target\":[\"https:\\\/\\\/news.save.ch\\\/gefahrstoffe-und-gefahrgueter-unter-der-lupe\\\/\"]}]},{\"@type\":\"ImageObject\",\"inLanguage\":\"de\",\"@id\":\"https:\\\/\\\/news.save.ch\\\/gefahrstoffe-und-gefahrgueter-unter-der-lupe\\\/#primaryimage\",\"url\":\"https:\\\/\\\/news.save.ch\\\/wp-content\\\/uploads\\\/2024\\\/09\\\/DSC06521-scaled.jpg\",\"contentUrl\":\"https:\\\/\\\/news.save.ch\\\/wp-content\\\/uploads\\\/2024\\\/09\\\/DSC06521-scaled.jpg\",\"width\":1200,\"height\":800,\"caption\":\"Foto: zVg\"},{\"@type\":\"BreadcrumbList\",\"@id\":\"https:\\\/\\\/news.save.ch\\\/gefahrstoffe-und-gefahrgueter-unter-der-lupe\\\/#breadcrumb\",\"itemListElement\":[{\"@type\":\"ListItem\",\"position\":1,\"name\":\"Home\",\"item\":\"https:\\\/\\\/news.save.ch\\\/de\\\/\"},{\"@type\":\"ListItem\",\"position\":2,\"name\":\"Gefahrstoffe und Gefahrg\u00fcter unter der Lupe\"}]},{\"@type\":\"WebSite\",\"@id\":\"https:\\\/\\\/news.save.ch\\\/de\\\/#website\",\"url\":\"https:\\\/\\\/news.save.ch\\\/de\\\/\",\"name\":\"Save\",\"description\":\"Schweizer Fachzeitschrift f\u00fcr Sicherheit\",\"publisher\":{\"@id\":\"https:\\\/\\\/news.save.ch\\\/de\\\/#organization\"},\"potentialAction\":[{\"@type\":\"SearchAction\",\"target\":{\"@type\":\"EntryPoint\",\"urlTemplate\":\"https:\\\/\\\/news.save.ch\\\/de\\\/?s={search_term_string}\"},\"query-input\":{\"@type\":\"PropertyValueSpecification\",\"valueRequired\":true,\"valueName\":\"search_term_string\"}}],\"inLanguage\":\"de\"},{\"@type\":\"Organization\",\"@id\":\"https:\\\/\\\/news.save.ch\\\/de\\\/#organization\",\"name\":\"Sicherheitsforum\",\"url\":\"https:\\\/\\\/news.save.ch\\\/de\\\/\",\"logo\":{\"@type\":\"ImageObject\",\"inLanguage\":\"de\",\"@id\":\"https:\\\/\\\/news.save.ch\\\/de\\\/#\\\/schema\\\/logo\\\/image\\\/\",\"url\":\"https:\\\/\\\/news.save.ch\\\/wp-content\\\/uploads\\\/2022\\\/06\\\/Logo_SF_2012.png\",\"contentUrl\":\"https:\\\/\\\/news.save.ch\\\/wp-content\\\/uploads\\\/2022\\\/06\\\/Logo_SF_2012.png\",\"width\":1100,\"height\":91,\"caption\":\"Sicherheitsforum\"},\"image\":{\"@id\":\"https:\\\/\\\/news.save.ch\\\/de\\\/#\\\/schema\\\/logo\\\/image\\\/\"}},{\"@type\":\"Person\",\"@id\":\"https:\\\/\\\/news.save.ch\\\/de\\\/#\\\/schema\\\/person\\\/10917387362b3961e882740f6cf6f2a2\",\"name\":\"stefanie Zeng\",\"image\":{\"@type\":\"ImageObject\",\"inLanguage\":\"de\",\"@id\":\"https:\\\/\\\/secure.gravatar.com\\\/avatar\\\/eac43faa6e40bb2c41068c95c9d78bbd94c476d5efdff7abaab80bb3ea681e06?s=96&d=mm&r=g\",\"url\":\"https:\\\/\\\/secure.gravatar.com\\\/avatar\\\/eac43faa6e40bb2c41068c95c9d78bbd94c476d5efdff7abaab80bb3ea681e06?s=96&d=mm&r=g\",\"contentUrl\":\"https:\\\/\\\/secure.gravatar.com\\\/avatar\\\/eac43faa6e40bb2c41068c95c9d78bbd94c476d5efdff7abaab80bb3ea681e06?s=96&d=mm&r=g\",\"caption\":\"stefanie Zeng\"},\"url\":\"https:\\\/\\\/news.save.ch\\\/de\\\/author\\\/stefanie-zeng\\\/\"}]}<\/script>\n<!-- \/ Yoast SEO plugin. -->","yoast_head_json":{"title":"Gefahrstoffe und Gefahrg\u00fcter unter der Lupe - Save","description":"Am 3. September drehte sich beim Swiss Safety Center alles um die Themen Gefahrgut und Gefahrstoff.","robots":{"index":"index","follow":"follow","max-snippet":"max-snippet:-1","max-image-preview":"max-image-preview:large","max-video-preview":"max-video-preview:-1"},"canonical":"https:\/\/news.save.ch\/de\/gefahrstoffe-und-gefahrgueter-unter-der-lupe\/","og_locale":"de_DE","og_type":"article","og_title":"Gefahrstoffe und Gefahrg\u00fcter unter der Lupe - Save","og_description":"Am 3. September drehte sich beim Swiss Safety Center alles um die Themen Gefahrgut und Gefahrstoff.","og_url":"https:\/\/news.save.ch\/de\/gefahrstoffe-und-gefahrgueter-unter-der-lupe\/","og_site_name":"Save","article_published_time":"2024-09-05T08:43:43+00:00","article_modified_time":"2024-09-05T08:43:44+00:00","og_image":[{"width":1200,"height":800,"url":"https:\/\/news.save.ch\/wp-content\/uploads\/2024\/09\/DSC06521-scaled.jpg","type":"image\/jpeg"}],"author":"stefanie Zeng","twitter_card":"summary_large_image","twitter_misc":{"Geschrieben von":"stefanie Zeng","Gesch\u00e4tzte Lesezeit":"3\u00a0Minuten"},"schema":{"@context":"https:\/\/schema.org","@graph":[{"@type":"Article","@id":"https:\/\/news.save.ch\/gefahrstoffe-und-gefahrgueter-unter-der-lupe\/#article","isPartOf":{"@id":"https:\/\/news.save.ch\/gefahrstoffe-und-gefahrgueter-unter-der-lupe\/"},"author":{"name":"stefanie Zeng","@id":"https:\/\/news.save.ch\/de\/#\/schema\/person\/10917387362b3961e882740f6cf6f2a2"},"headline":"Gefahrstoffe und Gefahrg\u00fcter unter der Lupe","datePublished":"2024-09-05T08:43:43+00:00","dateModified":"2024-09-05T08:43:44+00:00","mainEntityOfPage":{"@id":"https:\/\/news.save.ch\/gefahrstoffe-und-gefahrgueter-unter-der-lupe\/"},"wordCount":397,"publisher":{"@id":"https:\/\/news.save.ch\/de\/#organization"},"image":{"@id":"https:\/\/news.save.ch\/gefahrstoffe-und-gefahrgueter-unter-der-lupe\/#primaryimage"},"thumbnailUrl":"https:\/\/news.save.ch\/wp-content\/uploads\/2024\/09\/DSC06521-scaled.jpg","keywords":["Fachtagung","Gefahrgut","Gefahrstoffe","Swiss Safety Center"],"articleSection":["HEALTH &amp; SAFETY"],"inLanguage":"de"},{"@type":"WebPage","@id":"https:\/\/news.save.ch\/gefahrstoffe-und-gefahrgueter-unter-der-lupe\/","url":"https:\/\/news.save.ch\/gefahrstoffe-und-gefahrgueter-unter-der-lupe\/","name":"Gefahrstoffe und Gefahrg\u00fcter unter der Lupe - Save","isPartOf":{"@id":"https:\/\/news.save.ch\/de\/#website"},"primaryImageOfPage":{"@id":"https:\/\/news.save.ch\/gefahrstoffe-und-gefahrgueter-unter-der-lupe\/#primaryimage"},"image":{"@id":"https:\/\/news.save.ch\/gefahrstoffe-und-gefahrgueter-unter-der-lupe\/#primaryimage"},"thumbnailUrl":"https:\/\/news.save.ch\/wp-content\/uploads\/2024\/09\/DSC06521-scaled.jpg","datePublished":"2024-09-05T08:43:43+00:00","dateModified":"2024-09-05T08:43:44+00:00","description":"Am 3. September drehte sich beim Swiss Safety Center alles um die Themen Gefahrgut und Gefahrstoff.","breadcrumb":{"@id":"https:\/\/news.save.ch\/gefahrstoffe-und-gefahrgueter-unter-der-lupe\/#breadcrumb"},"inLanguage":"de","potentialAction":[{"@type":"ReadAction","target":["https:\/\/news.save.ch\/gefahrstoffe-und-gefahrgueter-unter-der-lupe\/"]}]},{"@type":"ImageObject","inLanguage":"de","@id":"https:\/\/news.save.ch\/gefahrstoffe-und-gefahrgueter-unter-der-lupe\/#primaryimage","url":"https:\/\/news.save.ch\/wp-content\/uploads\/2024\/09\/DSC06521-scaled.jpg","contentUrl":"https:\/\/news.save.ch\/wp-content\/uploads\/2024\/09\/DSC06521-scaled.jpg","width":1200,"height":800,"caption":"Foto: zVg"},{"@type":"BreadcrumbList","@id":"https:\/\/news.save.ch\/gefahrstoffe-und-gefahrgueter-unter-der-lupe\/#breadcrumb","itemListElement":[{"@type":"ListItem","position":1,"name":"Home","item":"https:\/\/news.save.ch\/de\/"},{"@type":"ListItem","position":2,"name":"Gefahrstoffe und Gefahrg\u00fcter unter der Lupe"}]},{"@type":"WebSite","@id":"https:\/\/news.save.ch\/de\/#website","url":"https:\/\/news.save.ch\/de\/","name":"Save","description":"Schweizer Fachzeitschrift f\u00fcr Sicherheit","publisher":{"@id":"https:\/\/news.save.ch\/de\/#organization"},"potentialAction":[{"@type":"SearchAction","target":{"@type":"EntryPoint","urlTemplate":"https:\/\/news.save.ch\/de\/?s={search_term_string}"},"query-input":{"@type":"PropertyValueSpecification","valueRequired":true,"valueName":"search_term_string"}}],"inLanguage":"de"},{"@type":"Organization","@id":"https:\/\/news.save.ch\/de\/#organization","name":"Sicherheitsforum","url":"https:\/\/news.save.ch\/de\/","logo":{"@type":"ImageObject","inLanguage":"de","@id":"https:\/\/news.save.ch\/de\/#\/schema\/logo\/image\/","url":"https:\/\/news.save.ch\/wp-content\/uploads\/2022\/06\/Logo_SF_2012.png","contentUrl":"https:\/\/news.save.ch\/wp-content\/uploads\/2022\/06\/Logo_SF_2012.png","width":1100,"height":91,"caption":"Sicherheitsforum"},"image":{"@id":"https:\/\/news.save.ch\/de\/#\/schema\/logo\/image\/"}},{"@type":"Person","@id":"https:\/\/news.save.ch\/de\/#\/schema\/person\/10917387362b3961e882740f6cf6f2a2","name":"stefanie Zeng","image":{"@type":"ImageObject","inLanguage":"de","@id":"https:\/\/secure.gravatar.com\/avatar\/eac43faa6e40bb2c41068c95c9d78bbd94c476d5efdff7abaab80bb3ea681e06?s=96&d=mm&r=g","url":"https:\/\/secure.gravatar.com\/avatar\/eac43faa6e40bb2c41068c95c9d78bbd94c476d5efdff7abaab80bb3ea681e06?s=96&d=mm&r=g","contentUrl":"https:\/\/secure.gravatar.com\/avatar\/eac43faa6e40bb2c41068c95c9d78bbd94c476d5efdff7abaab80bb3ea681e06?s=96&d=mm&r=g","caption":"stefanie Zeng"},"url":"https:\/\/news.save.ch\/de\/author\/stefanie-zeng\/"}]}},"_links":{"self":[{"href":"https:\/\/news.save.ch\/de\/wp-json\/wp\/v2\/posts\/23496","targetHints":{"allow":["GET"]}}],"collection":[{"href":"https:\/\/news.save.ch\/de\/wp-json\/wp\/v2\/posts"}],"about":[{"href":"https:\/\/news.save.ch\/de\/wp-json\/wp\/v2\/types\/post"}],"author":[{"embeddable":true,"href":"https:\/\/news.save.ch\/de\/wp-json\/wp\/v2\/users\/31"}],"replies":[{"embeddable":true,"href":"https:\/\/news.save.ch\/de\/wp-json\/wp\/v2\/comments?post=23496"}],"version-history":[{"count":2,"href":"https:\/\/news.save.ch\/de\/wp-json\/wp\/v2\/posts\/23496\/revisions"}],"predecessor-version":[{"id":23499,"href":"https:\/\/news.save.ch\/de\/wp-json\/wp\/v2\/posts\/23496\/revisions\/23499"}],"wp:featuredmedia":[{"embeddable":true,"href":"https:\/\/news.save.ch\/de\/wp-json\/wp\/v2\/media\/23497"}],"wp:attachment":[{"href":"https:\/\/news.save.ch\/de\/wp-json\/wp\/v2\/media?parent=23496"}],"wp:term":[{"taxonomy":"category","embeddable":true,"href":"https:\/\/news.save.ch\/de\/wp-json\/wp\/v2\/categories?post=23496"},{"taxonomy":"post_tag","embeddable":true,"href":"https:\/\/news.save.ch\/de\/wp-json\/wp\/v2\/tags?post=23496"}],"curies":[{"name":"wp","href":"https:\/\/api.w.org\/{rel}","templated":true}]}}