{"id":23543,"date":"2024-09-16T13:45:26","date_gmt":"2024-09-16T11:45:26","guid":{"rendered":"https:\/\/news.save.ch\/?p=23543"},"modified":"2024-11-11T17:10:07","modified_gmt":"2024-11-11T16:10:07","slug":"beirat-digitale-schweiz-austausch-zur-regulierung-von-kuenstlicher-intelligenz","status":null,"type":"post","link":"https:\/\/news.save.ch\/de\/beirat-digitale-schweiz-austausch-zur-regulierung-von-kuenstlicher-intelligenz\/","title":{"rendered":"Beirat Digitale Schweiz: Austausch zur Regulierung von k\u00fcnstlicher Intelligenz"},"content":{"rendered":"<figure id=\"attachment_23544\" aria-describedby=\"caption-attachment-23544\" style=\"width: 1000px\" class=\"wp-caption alignnone\"><a href=\"https:\/\/news.save.ch\/beirat-digitale-schweiz-austausch-zur-regulierung-von-kuenstlicher-intelligenz\/depositphotos_10563529_s-2\/\" rel=\"attachment wp-att-23544\"><img loading=\"lazy\" decoding=\"async\" class=\"size-full wp-image-23544\" src=\"https:\/\/news.save.ch\/wp-content\/uploads\/2024\/09\/Depositphotos_10563529_S.jpg\" alt=\"\" width=\"1000\" height=\"750\" srcset=\"https:\/\/news.save.ch\/wp-content\/uploads\/2024\/09\/Depositphotos_10563529_S.jpg 1000w, https:\/\/news.save.ch\/wp-content\/uploads\/2024\/09\/Depositphotos_10563529_S-680x510.jpg 680w, https:\/\/news.save.ch\/wp-content\/uploads\/2024\/09\/Depositphotos_10563529_S-768x576.jpg 768w, https:\/\/news.save.ch\/wp-content\/uploads\/2024\/09\/Depositphotos_10563529_S-16x12.jpg 16w, https:\/\/news.save.ch\/wp-content\/uploads\/2024\/09\/Depositphotos_10563529_S-375x281.jpg 375w, https:\/\/news.save.ch\/wp-content\/uploads\/2024\/09\/Depositphotos_10563529_S-467x350.jpg 467w\" sizes=\"auto, (max-width: 1000px) 100vw, 1000px\" \/><\/a><figcaption id=\"caption-attachment-23544\" class=\"wp-caption-text\">Bild: Depositphotos\/agsandrew<\/figcaption><\/figure>\n<p>K\u00fcnstliche Intelligenz durchdringt mittlerweile viele Lebensbereiche und er\u00f6ffnet dabei laufend neue M\u00f6glichkeiten. Gleichzeitig fordert sie die Gesellschaft heraus, beispielsweise wenn der Einsatz von KI-Technologien intransparent erfolgt oder Desinformation beg\u00fcnstigt. F\u00fcr die Politik stellt sich dabei die Frage, wie die rechtlichen Rahmenbedingungen f\u00fcr KI zu gestalten sind: Die Schweiz soll die vielf\u00e4ltigen Chancen nutzen und zugleich m\u00fcssen die Grundrechte ihrer B\u00fcrgerinnen und B\u00fcrger gewahrt bleiben.<\/p>\n<p>Vor diesem Hintergrund hat der Bundesrat das UVEK (BAKOM) und das EDA (Abteilung Europa) am 22. November 2023 damit beauftragt, eine Auslegeordnung zu m\u00f6glichen Regulierungsans\u00e4tzen f\u00fcr KI zu erarbeiten. Der Bundesrat hat die Entwicklung eines schweizerischen Ansatzes zur Regulierung von KI als Fokusthema der Strategie Digitale Schweiz 2024 definiert. Am Beiratstreffen erl\u00e4uterte Bundesrat Albert R\u00f6sti, dass ein Regulierungsansatz gefunden werden solle, der die Demokratie und Rechtsstaatlichkeit hochhalte und gleichzeitig die Innovations- und Wachstumsf\u00e4higkeit der Schweiz f\u00f6rdere. Dabei sei es wichtig, den Dialog mit allen relevanten Anspruchsgruppen zu f\u00fchren.<\/p>\n<p>Die Teilnehmenden aus Politik, Wirtschaft, Wissenschaft und Gesellschaft betonten die Wichtigkeit von Transparenz und Rechtssicherheit sowie den Schutz der Grundrechte und der Wirtschaftsfreiheit beim Einsatz von KI.<\/p>\n<p>Die Auslegeordnung zu einer m\u00f6glichen Regulierung von KI soll bis Ende 2024 vorliegen. Sie beinhaltet rechtliche, wirtschafts- und europapolitische Abkl\u00e4rungen. Ber\u00fccksichtigt werden auch die Entwicklungen in der EU und im Europarat. In die Arbeiten werden alle betroffenen Bundesstellen einbezogen. Die Auslegeordnung soll die Entscheidbasis f\u00fcr den Bundesrat schaffen, um allf\u00e4llige Auftr\u00e4ge f\u00fcr die Erarbeitung einer konkreten Regulierungsvorlage zu KI ab 2025 zu erteilen und die Zust\u00e4ndigkeiten zu regeln.<\/p>\n<h3><em><b>Beirat Digitale Schweiz: Austausch zu Schwerpunkten im Bereich der Digitalisierung<\/b><\/em><\/h3>\n<p><em>An den Beiratstreffen Digitale Schweiz tauschen sich Mitglieder des Bundesrates und der Bundeskanzler mit Vertreterinnen und Vertreter von Wissenschaft, Wirtschaft, Politik, Beh\u00f6rden und Zivilgesellschaft zu Themen der digitalen Transformation aus. Die Treffen finden mehrmals j\u00e4hrlich in wechselnder Zusammensetzung statt, jeweils unter dem Vorsitz eines Mitglieds des Bundesrates oder des Bundeskanzlers. Der Bundesrat bestimmt j\u00e4hrlich Fokusthemen der Strategie Digitale Schweiz. Zu jedem Fokusthema findet ein Beiratstreffen statt. Organisiert werden die Treffen durch die Bundeskanzlei.<\/em><\/p>\n<p><em>Quelle: Bundesamt f\u00fcr Kommunikation BAKOM<\/em><\/p>\n","protected":false},"excerpt":{"rendered":"<p>K\u00fcnstliche Intelligenz durchdringt mittlerweile viele Lebensbereiche und er\u00f6ffnet dabei laufend neue M\u00f6glichkeiten. Gleichzeitig fordert sie die Gesellschaft heraus, beispielsweise wenn der Einsatz von KI-Technologien intransparent erfolgt oder Desinformation beg\u00fcnstigt. F\u00fcr die Politik stellt sich dabei die Frage, wie die rechtlichen Rahmenbedingungen f\u00fcr KI zu gestalten sind: Die Schweiz soll die vielf\u00e4ltigen Chancen nutzen und zugleich [&hellip;]<\/p>\n","protected":false},"author":31,"featured_media":0,"comment_status":"closed","ping_status":"closed","sticky":false,"template":"","format":"standard","meta":{"_acf_changed":false,"pgc_sgb_lightbox_settings":"","footnotes":""},"categories":[3313],"tags":[808,464,1481],"class_list":["post-23543","post","type-post","status-publish","format-standard","hentry","category-digitalisierung","tag-ki","tag-kuenstliche-intelligenz","tag-uvek"],"acf":[],"hkrextid":null,"publication":null,"issue":null,"workflow":null,"startPage":null,"spitzmarke":null,"_posts_by_tag_page_fields":null,"_at_widget":null,"_yoast_wpseo_primary_category":"","_yoast_wpseo_focuskw_text_input":null,"_yoast_wpseo_opengraph-image":null,"_yoast_wpseo_opengraph-description":null,"_yoast_wpseo_opengraph-title":null,"enclosure":null,"_yoast_wpseo_twitter-title":null,"_yoast_wpseo_twitter-description":null,"_yoast_wpseo_twitter-image":null,"_wp_old_slug":null,"_yoast_wpseo_title":null,"_yoast_wpseo_canonical":null,"yoast_head":"<!-- This site is optimized with the Yoast SEO plugin v27.4 - https:\/\/yoast.com\/product\/yoast-seo-wordpress\/ -->\n<title>Beirat Digitale Schweiz: Austausch zur Regulierung von k\u00fcnstlicher Intelligenz - Save<\/title>\n<meta name=\"description\" content=\"Der Beirat Digitale Schweiz hat sich \u00fcber m\u00f6gliche Ans\u00e4tze zur Regulierung von k\u00fcnstlicher Intelligenz (KI) ausgetauscht.\" \/>\n<meta name=\"robots\" content=\"index, follow, max-snippet:-1, max-image-preview:large, max-video-preview:-1\" \/>\n<link rel=\"canonical\" href=\"https:\/\/news.save.ch\/de\/beirat-digitale-schweiz-austausch-zur-regulierung-von-kuenstlicher-intelligenz\/\" \/>\n<meta property=\"og:locale\" content=\"de_DE\" \/>\n<meta property=\"og:type\" content=\"article\" \/>\n<meta property=\"og:title\" content=\"Beirat Digitale Schweiz: Austausch zur Regulierung von k\u00fcnstlicher Intelligenz - Save\" \/>\n<meta property=\"og:description\" content=\"Der Beirat Digitale Schweiz hat sich \u00fcber m\u00f6gliche Ans\u00e4tze zur Regulierung von k\u00fcnstlicher Intelligenz (KI) ausgetauscht.\" \/>\n<meta property=\"og:url\" content=\"https:\/\/news.save.ch\/de\/beirat-digitale-schweiz-austausch-zur-regulierung-von-kuenstlicher-intelligenz\/\" \/>\n<meta property=\"og:site_name\" content=\"Save\" \/>\n<meta property=\"article:published_time\" content=\"2024-09-16T11:45:26+00:00\" \/>\n<meta property=\"article:modified_time\" content=\"2024-11-11T16:10:07+00:00\" \/>\n<meta property=\"og:image\" content=\"https:\/\/news.save.ch\/wp-content\/uploads\/2024\/09\/Depositphotos_10563529_S.jpg\" \/>\n\t<meta property=\"og:image:width\" content=\"1000\" \/>\n\t<meta property=\"og:image:height\" content=\"750\" \/>\n\t<meta property=\"og:image:type\" content=\"image\/jpeg\" \/>\n<meta name=\"author\" content=\"stefanie Zeng\" \/>\n<meta name=\"twitter:card\" content=\"summary_large_image\" \/>\n<meta name=\"twitter:label1\" content=\"Geschrieben von\" \/>\n\t<meta name=\"twitter:data1\" content=\"stefanie Zeng\" \/>\n\t<meta name=\"twitter:label2\" content=\"Gesch\u00e4tzte Lesezeit\" \/>\n\t<meta name=\"twitter:data2\" content=\"3\u00a0Minuten\" \/>\n<script type=\"application\/ld+json\" class=\"yoast-schema-graph\">{\"@context\":\"https:\\\/\\\/schema.org\",\"@graph\":[{\"@type\":\"Article\",\"@id\":\"https:\\\/\\\/news.save.ch\\\/beirat-digitale-schweiz-austausch-zur-regulierung-von-kuenstlicher-intelligenz\\\/#article\",\"isPartOf\":{\"@id\":\"https:\\\/\\\/news.save.ch\\\/beirat-digitale-schweiz-austausch-zur-regulierung-von-kuenstlicher-intelligenz\\\/\"},\"author\":{\"name\":\"stefanie Zeng\",\"@id\":\"https:\\\/\\\/news.save.ch\\\/de\\\/#\\\/schema\\\/person\\\/10917387362b3961e882740f6cf6f2a2\"},\"headline\":\"Beirat Digitale Schweiz: Austausch zur Regulierung von k\u00fcnstlicher Intelligenz\",\"datePublished\":\"2024-09-16T11:45:26+00:00\",\"dateModified\":\"2024-11-11T16:10:07+00:00\",\"mainEntityOfPage\":{\"@id\":\"https:\\\/\\\/news.save.ch\\\/beirat-digitale-schweiz-austausch-zur-regulierung-von-kuenstlicher-intelligenz\\\/\"},\"wordCount\":380,\"publisher\":{\"@id\":\"https:\\\/\\\/news.save.ch\\\/de\\\/#organization\"},\"image\":{\"@id\":\"https:\\\/\\\/news.save.ch\\\/beirat-digitale-schweiz-austausch-zur-regulierung-von-kuenstlicher-intelligenz\\\/#primaryimage\"},\"thumbnailUrl\":\"https:\\\/\\\/news.save.ch\\\/wp-content\\\/uploads\\\/2024\\\/09\\\/Depositphotos_10563529_S.jpg\",\"keywords\":[\"KI\",\"K\u00fcnstliche Intelligenz\",\"Uvek\"],\"articleSection\":[\"DIGITALISIERUNG\"],\"inLanguage\":\"de\"},{\"@type\":\"WebPage\",\"@id\":\"https:\\\/\\\/news.save.ch\\\/beirat-digitale-schweiz-austausch-zur-regulierung-von-kuenstlicher-intelligenz\\\/\",\"url\":\"https:\\\/\\\/news.save.ch\\\/beirat-digitale-schweiz-austausch-zur-regulierung-von-kuenstlicher-intelligenz\\\/\",\"name\":\"Beirat Digitale Schweiz: Austausch zur Regulierung von k\u00fcnstlicher Intelligenz - Save\",\"isPartOf\":{\"@id\":\"https:\\\/\\\/news.save.ch\\\/de\\\/#website\"},\"primaryImageOfPage\":{\"@id\":\"https:\\\/\\\/news.save.ch\\\/beirat-digitale-schweiz-austausch-zur-regulierung-von-kuenstlicher-intelligenz\\\/#primaryimage\"},\"image\":{\"@id\":\"https:\\\/\\\/news.save.ch\\\/beirat-digitale-schweiz-austausch-zur-regulierung-von-kuenstlicher-intelligenz\\\/#primaryimage\"},\"thumbnailUrl\":\"https:\\\/\\\/news.save.ch\\\/wp-content\\\/uploads\\\/2024\\\/09\\\/Depositphotos_10563529_S.jpg\",\"datePublished\":\"2024-09-16T11:45:26+00:00\",\"dateModified\":\"2024-11-11T16:10:07+00:00\",\"description\":\"Der Beirat Digitale Schweiz hat sich \u00fcber m\u00f6gliche Ans\u00e4tze zur Regulierung von k\u00fcnstlicher Intelligenz (KI) ausgetauscht.\",\"breadcrumb\":{\"@id\":\"https:\\\/\\\/news.save.ch\\\/beirat-digitale-schweiz-austausch-zur-regulierung-von-kuenstlicher-intelligenz\\\/#breadcrumb\"},\"inLanguage\":\"de\",\"potentialAction\":[{\"@type\":\"ReadAction\",\"target\":[\"https:\\\/\\\/news.save.ch\\\/beirat-digitale-schweiz-austausch-zur-regulierung-von-kuenstlicher-intelligenz\\\/\"]}]},{\"@type\":\"ImageObject\",\"inLanguage\":\"de\",\"@id\":\"https:\\\/\\\/news.save.ch\\\/beirat-digitale-schweiz-austausch-zur-regulierung-von-kuenstlicher-intelligenz\\\/#primaryimage\",\"url\":\"https:\\\/\\\/news.save.ch\\\/wp-content\\\/uploads\\\/2024\\\/09\\\/Depositphotos_10563529_S.jpg\",\"contentUrl\":\"https:\\\/\\\/news.save.ch\\\/wp-content\\\/uploads\\\/2024\\\/09\\\/Depositphotos_10563529_S.jpg\"},{\"@type\":\"BreadcrumbList\",\"@id\":\"https:\\\/\\\/news.save.ch\\\/beirat-digitale-schweiz-austausch-zur-regulierung-von-kuenstlicher-intelligenz\\\/#breadcrumb\",\"itemListElement\":[{\"@type\":\"ListItem\",\"position\":1,\"name\":\"Home\",\"item\":\"https:\\\/\\\/news.save.ch\\\/de\\\/\"},{\"@type\":\"ListItem\",\"position\":2,\"name\":\"Beirat Digitale Schweiz: Austausch zur Regulierung von k\u00fcnstlicher Intelligenz\"}]},{\"@type\":\"WebSite\",\"@id\":\"https:\\\/\\\/news.save.ch\\\/de\\\/#website\",\"url\":\"https:\\\/\\\/news.save.ch\\\/de\\\/\",\"name\":\"Save\",\"description\":\"Schweizer Fachzeitschrift f\u00fcr Sicherheit\",\"publisher\":{\"@id\":\"https:\\\/\\\/news.save.ch\\\/de\\\/#organization\"},\"potentialAction\":[{\"@type\":\"SearchAction\",\"target\":{\"@type\":\"EntryPoint\",\"urlTemplate\":\"https:\\\/\\\/news.save.ch\\\/de\\\/?s={search_term_string}\"},\"query-input\":{\"@type\":\"PropertyValueSpecification\",\"valueRequired\":true,\"valueName\":\"search_term_string\"}}],\"inLanguage\":\"de\"},{\"@type\":\"Organization\",\"@id\":\"https:\\\/\\\/news.save.ch\\\/de\\\/#organization\",\"name\":\"Sicherheitsforum\",\"url\":\"https:\\\/\\\/news.save.ch\\\/de\\\/\",\"logo\":{\"@type\":\"ImageObject\",\"inLanguage\":\"de\",\"@id\":\"https:\\\/\\\/news.save.ch\\\/de\\\/#\\\/schema\\\/logo\\\/image\\\/\",\"url\":\"https:\\\/\\\/news.save.ch\\\/wp-content\\\/uploads\\\/2022\\\/06\\\/Logo_SF_2012.png\",\"contentUrl\":\"https:\\\/\\\/news.save.ch\\\/wp-content\\\/uploads\\\/2022\\\/06\\\/Logo_SF_2012.png\",\"width\":1100,\"height\":91,\"caption\":\"Sicherheitsforum\"},\"image\":{\"@id\":\"https:\\\/\\\/news.save.ch\\\/de\\\/#\\\/schema\\\/logo\\\/image\\\/\"}},{\"@type\":\"Person\",\"@id\":\"https:\\\/\\\/news.save.ch\\\/de\\\/#\\\/schema\\\/person\\\/10917387362b3961e882740f6cf6f2a2\",\"name\":\"stefanie Zeng\",\"image\":{\"@type\":\"ImageObject\",\"inLanguage\":\"de\",\"@id\":\"https:\\\/\\\/secure.gravatar.com\\\/avatar\\\/eac43faa6e40bb2c41068c95c9d78bbd94c476d5efdff7abaab80bb3ea681e06?s=96&d=mm&r=g\",\"url\":\"https:\\\/\\\/secure.gravatar.com\\\/avatar\\\/eac43faa6e40bb2c41068c95c9d78bbd94c476d5efdff7abaab80bb3ea681e06?s=96&d=mm&r=g\",\"contentUrl\":\"https:\\\/\\\/secure.gravatar.com\\\/avatar\\\/eac43faa6e40bb2c41068c95c9d78bbd94c476d5efdff7abaab80bb3ea681e06?s=96&d=mm&r=g\",\"caption\":\"stefanie Zeng\"},\"url\":\"https:\\\/\\\/news.save.ch\\\/de\\\/author\\\/stefanie-zeng\\\/\"}]}<\/script>\n<!-- \/ Yoast SEO plugin. -->","yoast_head_json":{"title":"Beirat Digitale Schweiz: Austausch zur Regulierung von k\u00fcnstlicher Intelligenz - Save","description":"Der Beirat Digitale Schweiz hat sich \u00fcber m\u00f6gliche Ans\u00e4tze zur Regulierung von k\u00fcnstlicher Intelligenz (KI) ausgetauscht.","robots":{"index":"index","follow":"follow","max-snippet":"max-snippet:-1","max-image-preview":"max-image-preview:large","max-video-preview":"max-video-preview:-1"},"canonical":"https:\/\/news.save.ch\/de\/beirat-digitale-schweiz-austausch-zur-regulierung-von-kuenstlicher-intelligenz\/","og_locale":"de_DE","og_type":"article","og_title":"Beirat Digitale Schweiz: Austausch zur Regulierung von k\u00fcnstlicher Intelligenz - Save","og_description":"Der Beirat Digitale Schweiz hat sich \u00fcber m\u00f6gliche Ans\u00e4tze zur Regulierung von k\u00fcnstlicher Intelligenz (KI) ausgetauscht.","og_url":"https:\/\/news.save.ch\/de\/beirat-digitale-schweiz-austausch-zur-regulierung-von-kuenstlicher-intelligenz\/","og_site_name":"Save","article_published_time":"2024-09-16T11:45:26+00:00","article_modified_time":"2024-11-11T16:10:07+00:00","og_image":[{"width":1000,"height":750,"url":"https:\/\/news.save.ch\/wp-content\/uploads\/2024\/09\/Depositphotos_10563529_S.jpg","type":"image\/jpeg"}],"author":"stefanie Zeng","twitter_card":"summary_large_image","twitter_misc":{"Geschrieben von":"stefanie Zeng","Gesch\u00e4tzte Lesezeit":"3\u00a0Minuten"},"schema":{"@context":"https:\/\/schema.org","@graph":[{"@type":"Article","@id":"https:\/\/news.save.ch\/beirat-digitale-schweiz-austausch-zur-regulierung-von-kuenstlicher-intelligenz\/#article","isPartOf":{"@id":"https:\/\/news.save.ch\/beirat-digitale-schweiz-austausch-zur-regulierung-von-kuenstlicher-intelligenz\/"},"author":{"name":"stefanie Zeng","@id":"https:\/\/news.save.ch\/de\/#\/schema\/person\/10917387362b3961e882740f6cf6f2a2"},"headline":"Beirat Digitale Schweiz: Austausch zur Regulierung von k\u00fcnstlicher Intelligenz","datePublished":"2024-09-16T11:45:26+00:00","dateModified":"2024-11-11T16:10:07+00:00","mainEntityOfPage":{"@id":"https:\/\/news.save.ch\/beirat-digitale-schweiz-austausch-zur-regulierung-von-kuenstlicher-intelligenz\/"},"wordCount":380,"publisher":{"@id":"https:\/\/news.save.ch\/de\/#organization"},"image":{"@id":"https:\/\/news.save.ch\/beirat-digitale-schweiz-austausch-zur-regulierung-von-kuenstlicher-intelligenz\/#primaryimage"},"thumbnailUrl":"https:\/\/news.save.ch\/wp-content\/uploads\/2024\/09\/Depositphotos_10563529_S.jpg","keywords":["KI","K\u00fcnstliche Intelligenz","Uvek"],"articleSection":["DIGITALISIERUNG"],"inLanguage":"de"},{"@type":"WebPage","@id":"https:\/\/news.save.ch\/beirat-digitale-schweiz-austausch-zur-regulierung-von-kuenstlicher-intelligenz\/","url":"https:\/\/news.save.ch\/beirat-digitale-schweiz-austausch-zur-regulierung-von-kuenstlicher-intelligenz\/","name":"Beirat Digitale Schweiz: Austausch zur Regulierung von k\u00fcnstlicher Intelligenz - Save","isPartOf":{"@id":"https:\/\/news.save.ch\/de\/#website"},"primaryImageOfPage":{"@id":"https:\/\/news.save.ch\/beirat-digitale-schweiz-austausch-zur-regulierung-von-kuenstlicher-intelligenz\/#primaryimage"},"image":{"@id":"https:\/\/news.save.ch\/beirat-digitale-schweiz-austausch-zur-regulierung-von-kuenstlicher-intelligenz\/#primaryimage"},"thumbnailUrl":"https:\/\/news.save.ch\/wp-content\/uploads\/2024\/09\/Depositphotos_10563529_S.jpg","datePublished":"2024-09-16T11:45:26+00:00","dateModified":"2024-11-11T16:10:07+00:00","description":"Der Beirat Digitale Schweiz hat sich \u00fcber m\u00f6gliche Ans\u00e4tze zur Regulierung von k\u00fcnstlicher Intelligenz (KI) ausgetauscht.","breadcrumb":{"@id":"https:\/\/news.save.ch\/beirat-digitale-schweiz-austausch-zur-regulierung-von-kuenstlicher-intelligenz\/#breadcrumb"},"inLanguage":"de","potentialAction":[{"@type":"ReadAction","target":["https:\/\/news.save.ch\/beirat-digitale-schweiz-austausch-zur-regulierung-von-kuenstlicher-intelligenz\/"]}]},{"@type":"ImageObject","inLanguage":"de","@id":"https:\/\/news.save.ch\/beirat-digitale-schweiz-austausch-zur-regulierung-von-kuenstlicher-intelligenz\/#primaryimage","url":"https:\/\/news.save.ch\/wp-content\/uploads\/2024\/09\/Depositphotos_10563529_S.jpg","contentUrl":"https:\/\/news.save.ch\/wp-content\/uploads\/2024\/09\/Depositphotos_10563529_S.jpg"},{"@type":"BreadcrumbList","@id":"https:\/\/news.save.ch\/beirat-digitale-schweiz-austausch-zur-regulierung-von-kuenstlicher-intelligenz\/#breadcrumb","itemListElement":[{"@type":"ListItem","position":1,"name":"Home","item":"https:\/\/news.save.ch\/de\/"},{"@type":"ListItem","position":2,"name":"Beirat Digitale Schweiz: Austausch zur Regulierung von k\u00fcnstlicher Intelligenz"}]},{"@type":"WebSite","@id":"https:\/\/news.save.ch\/de\/#website","url":"https:\/\/news.save.ch\/de\/","name":"Save","description":"Schweizer Fachzeitschrift f\u00fcr Sicherheit","publisher":{"@id":"https:\/\/news.save.ch\/de\/#organization"},"potentialAction":[{"@type":"SearchAction","target":{"@type":"EntryPoint","urlTemplate":"https:\/\/news.save.ch\/de\/?s={search_term_string}"},"query-input":{"@type":"PropertyValueSpecification","valueRequired":true,"valueName":"search_term_string"}}],"inLanguage":"de"},{"@type":"Organization","@id":"https:\/\/news.save.ch\/de\/#organization","name":"Sicherheitsforum","url":"https:\/\/news.save.ch\/de\/","logo":{"@type":"ImageObject","inLanguage":"de","@id":"https:\/\/news.save.ch\/de\/#\/schema\/logo\/image\/","url":"https:\/\/news.save.ch\/wp-content\/uploads\/2022\/06\/Logo_SF_2012.png","contentUrl":"https:\/\/news.save.ch\/wp-content\/uploads\/2022\/06\/Logo_SF_2012.png","width":1100,"height":91,"caption":"Sicherheitsforum"},"image":{"@id":"https:\/\/news.save.ch\/de\/#\/schema\/logo\/image\/"}},{"@type":"Person","@id":"https:\/\/news.save.ch\/de\/#\/schema\/person\/10917387362b3961e882740f6cf6f2a2","name":"stefanie Zeng","image":{"@type":"ImageObject","inLanguage":"de","@id":"https:\/\/secure.gravatar.com\/avatar\/eac43faa6e40bb2c41068c95c9d78bbd94c476d5efdff7abaab80bb3ea681e06?s=96&d=mm&r=g","url":"https:\/\/secure.gravatar.com\/avatar\/eac43faa6e40bb2c41068c95c9d78bbd94c476d5efdff7abaab80bb3ea681e06?s=96&d=mm&r=g","contentUrl":"https:\/\/secure.gravatar.com\/avatar\/eac43faa6e40bb2c41068c95c9d78bbd94c476d5efdff7abaab80bb3ea681e06?s=96&d=mm&r=g","caption":"stefanie Zeng"},"url":"https:\/\/news.save.ch\/de\/author\/stefanie-zeng\/"}]}},"_links":{"self":[{"href":"https:\/\/news.save.ch\/de\/wp-json\/wp\/v2\/posts\/23543","targetHints":{"allow":["GET"]}}],"collection":[{"href":"https:\/\/news.save.ch\/de\/wp-json\/wp\/v2\/posts"}],"about":[{"href":"https:\/\/news.save.ch\/de\/wp-json\/wp\/v2\/types\/post"}],"author":[{"embeddable":true,"href":"https:\/\/news.save.ch\/de\/wp-json\/wp\/v2\/users\/31"}],"replies":[{"embeddable":true,"href":"https:\/\/news.save.ch\/de\/wp-json\/wp\/v2\/comments?post=23543"}],"version-history":[{"count":3,"href":"https:\/\/news.save.ch\/de\/wp-json\/wp\/v2\/posts\/23543\/revisions"}],"predecessor-version":[{"id":23702,"href":"https:\/\/news.save.ch\/de\/wp-json\/wp\/v2\/posts\/23543\/revisions\/23702"}],"wp:attachment":[{"href":"https:\/\/news.save.ch\/de\/wp-json\/wp\/v2\/media?parent=23543"}],"wp:term":[{"taxonomy":"category","embeddable":true,"href":"https:\/\/news.save.ch\/de\/wp-json\/wp\/v2\/categories?post=23543"},{"taxonomy":"post_tag","embeddable":true,"href":"https:\/\/news.save.ch\/de\/wp-json\/wp\/v2\/tags?post=23543"}],"curies":[{"name":"wp","href":"https:\/\/api.w.org\/{rel}","templated":true}]}}