{"id":2355,"date":"2016-08-30T09:02:51","date_gmt":"2016-08-30T07:02:51","guid":{"rendered":"https:\/\/dev.sicherheitsforum.ch\/?p=2355"},"modified":"2016-08-30T09:02:51","modified_gmt":"2016-08-30T07:02:51","slug":"asylzentrum-bericht-entlastet-sicherheitsfirma","status":null,"type":"post","link":"https:\/\/news.save.ch\/de\/asylzentrum-bericht-entlastet-sicherheitsfirma\/","title":{"rendered":"Asylzentrum: Bericht entlastet Sicherheitsfirma"},"content":{"rendered":"<figure id=\"attachment_2359\" aria-describedby=\"caption-attachment-2359\" style=\"width: 680px\" class=\"wp-caption alignnone\"><img loading=\"lazy\" decoding=\"async\" class=\"size-medium wp-image-2359\" src=\"https:\/\/news.save.ch\/wp-content\/uploads\/2016\/12\/Asylzentrum-Bericht-entlastet-Sicherheitsfirma_sicherheitsforum.jpg\" alt=\"\" width=\"680\" height=\"453\" srcset=\"https:\/\/news.save.ch\/wp-content\/uploads\/2016\/12\/Asylzentrum-Bericht-entlastet-Sicherheitsfirma_sicherheitsforum.jpg 1000w, https:\/\/news.save.ch\/wp-content\/uploads\/2016\/12\/Asylzentrum-Bericht-entlastet-Sicherheitsfirma_sicherheitsforum-375x250.jpg 375w\" sizes=\"auto, (max-width: 680px) 100vw, 680px\" \/><figcaption id=\"caption-attachment-2359\" class=\"wp-caption-text\">Wurden Fl\u00fcchtlinge schlecht behandelt? \u00a9depositphotos<\/figcaption><\/figure>\n<p>Die \u201eSonntagsZeitung\u201c aus dem Hause TA-Media publizierte am 17. Januar 2016 eine Undercover-Reportage aus dem Empfangs- und Verfahrenszentrum Kreuzlingen, die gravierende Anschuldigungen insbesondere gegen\u00fcber dem Sicherheitspersonal im Zentrum enthielt. Staatssekret\u00e4r Mario Gattiker liess deshalb die Vorw\u00fcrfe extern untersuchen. Alt-Bundesrichter Michel F\u00e9raud wurde mit dieser Aufgabe betraut und hat nun seinen <a href=\"https:\/\/www.sem.admin.ch\/dam\/data\/sem\/publiservice\/berichte\/ber-feraud-evzk-d.pdf\" target=\"_blank\" rel=\"noreferrer noopener\" data-cke-saved-href=\"https:\/\/www.sem.admin.ch\/dam\/data\/sem\/publiservice\/berichte\/ber-feraud-evzk-d.pdf\">Bericht <\/a>vorgelegt.<\/p>\n<p><strong>Keine Hinweise auf systematische Gewalt<\/strong><\/p>\n<p>Laut F\u00e9raud gibt es keine konkreten Hinweise darauf, dass Asylsuchende im Empfangs- und Verfahrenszentrum (EVZ) Kreuzlingen \u00a0geschlagen oder anderweitig k\u00f6rperlich misshandelt worden sind, wie das SEM schreibt. Ein Raum, in dem Asylsuchende zusammengeschlagen w\u00fcrden, so wie in der Reportage kolportiert, existiere nicht.<\/p>\n<p>Der Verfasser des Zeitungsartikels behauptet, in den Asylzentren des Bundes w\u00fcrden sich Terroristen, Schlepper und Drogenh\u00e4ndler unentdeckt einschleichen. Diese Vorw\u00fcrfe haben sich allesamt als unbegr\u00fcndet und haltlos erwiesen, wie es in der Mitteilung ferner heisst.<\/p>\n<p>Alt-Bundesrichter F\u00e9raud habe acht konkrete Vorf\u00e4lle untersucht. Sie betreffen Vorw\u00fcrfe, wonach Sicherheitspersonal angeblich unzul\u00e4ssig k\u00f6rperliche Gewalt angewendet habe. In drei F\u00e4llen habe wegen aggressiven Verhaltens von Asylsuchenden eine Gef\u00e4hrdungssituation vorgelegen, weshalb das Personal physisch eingreifen musste \u2013 auch um sich selbst und Dritte zu sch\u00fctzen. In einem dieser F\u00e4lle sei noch ein Verfahren h\u00e4ngig. In f\u00fcnf F\u00e4llen habe sich der Verdacht von Gewaltanwendung nicht erh\u00e4rtet. Dagegen dokumentiere der Bericht in einem Fall eine verbale Entgleisung, in einem anderen Fall eine unverh\u00e4ltnism\u00e4ssige Massnahme. Dabei gehe es um einen Asylsuchenden, der w\u00e4hrend 20 Minuten bei tiefen Temperaturen draussen stehen musste. Diese Kritikpunkte nehme das SEM ernst. Staatssekret\u00e4r Mario Gattiker habe bei der Leitung des Sicherheitsdienstleisters insistiert, dass die Behandlung von Asylsuchenden in jedem Fall fair, respektvoll und verh\u00e4ltnism\u00e4ssig sein m\u00fcsse.<\/p>\n<p><strong>Empfehlungen in Bezug auf Weiterbildung<\/strong><\/p>\n<p>Im Zusammenhang mit dem im EVZ Kreuzlingen eingesetzten Sicherheitspersonal gebe es nach Auffassung von Alt-Bundesrichter F\u00e9raud keinerlei Hinweise, dass die Sicherheitsfirma die Rahmenvereinbarung nicht einhalte oder nicht in der Lage gewesen sei, dem \u00fcbernommenen Mandat nachzukommen. Die vom Journalisten in diesem Zusammenhang erhobenen Vorw\u00fcrfe, wonach Mitarbeitende der Securitas Defizite im Umgang mit Muslimen vorweisen w\u00fcrden, seien unbegr\u00fcndet, so die SEM-Medienmitteilung.<\/p>\n<p>Alt-Bundesrichter F\u00e9raud gebe in seinem Bericht aber auch Empfehlungen ab. In Bezug auf den Umgang mit stark traumatisierten oder mit renitenten Asylsuchenden und hinsichtlich der Bew\u00e4ltigung von Auseinandersetzungen zwischen Asylsuchenden sei ein besonderes Augenmerk auf die Weiterbildung zu legen, so wie es die Rahmenvereinbarung zwischen SEM und der Securitas AG verlange.<\/p>\n<p>Das Qualit\u00e4tssicherungs- und Controllingkonzept des SEM sieht vor, dass Sicherheitsdienstleister einmal pro Jahr \u00fcber durchgef\u00fchrte Aus- und Weiterbildungen Bericht erstatten. Michel F\u00e9raud empfehle, den entsprechenden Berichterstattungen \u00fcber die Weiterbildungen besondere Beachtung zu schenken und dar\u00fcber hinaus eine hohe Qualit\u00e4t der Weiterbildungsmassnahmen sicherzustellen. Diese Empfehlungen sind bereits in die Prozesse eingeflossen, wie es heisst. Zudem sollte in einem 2015 geplanten Pilotprojekt das Betreuungspersonal zur Unterst\u00fctzung des Sicherheitsdienstes auch w\u00e4hrend der Nachtstunden im Zentrum anwesend sein. Dieses Projekt wurde sistiert, solange Alt-Bundesrichter F\u00e9raud die Vorw\u00fcrfe untersuchte. Jetzt wird es in Kreuzlingen neu lanciert, wie das SEM abschliessend schreibt.<\/p>\n","protected":false},"excerpt":{"rendered":"<p>Die \u201eSonntagsZeitung\u201c aus dem Hause TA-Media publizierte am 17. Januar 2016 eine Undercover-Reportage aus dem Empfangs- und Verfahrenszentrum Kreuzlingen, die gravierende Anschuldigungen insbesondere gegen\u00fcber dem Sicherheitspersonal im Zentrum enthielt. Staatssekret\u00e4r Mario Gattiker liess deshalb die Vorw\u00fcrfe extern untersuchen. Alt-Bundesrichter Michel F\u00e9raud wurde mit dieser Aufgabe betraut und hat nun seinen Bericht vorgelegt. Keine Hinweise auf [&hellip;]<\/p>\n","protected":false},"author":1,"featured_media":2359,"comment_status":"open","ping_status":"open","sticky":false,"template":"","format":"standard","meta":{"_acf_changed":false,"pgc_sgb_lightbox_settings":"","footnotes":""},"categories":[1],"tags":[69,65],"class_list":["post-2355","post","type-post","status-publish","format-standard","has-post-thumbnail","hentry","category-allgemein","tag-justiz-polizei","tag-unternehmen"],"acf":[],"hkrextid":null,"publication":null,"issue":null,"workflow":null,"startPage":null,"spitzmarke":null,"_posts_by_tag_page_fields":{"widget_title":"","widget_tags":""},"_at_widget":"1","_yoast_wpseo_primary_category":"","_yoast_wpseo_focuskw_text_input":"Asylzentrum","_yoast_wpseo_opengraph-image":"https:\/\/news.save.ch\/wp-content\/uploads\/2016\/12\/Asylzentrum-Bericht-entlastet-Sicherheitsfirma_sicherheitsforum.jpg","_yoast_wpseo_opengraph-description":"Im Januar 2016 erhob ein Journalist in der \u201eSonntagsZeitung\u201c schwerwiegende Vorw\u00fcrfe gegen das Sicherheitspersonal im Empfangs- und Verfahrenszentrum Kreuzlingen. Das Staatssekretariat f\u00fcr Migration, kurz SEM, liess diese Vorw\u00fcrfe von Alt-Bundesrichter Michel F\u00e9raud untersuchen. Der nun vorliegende Bericht entlaste die Sicherheitsfirma sowie das SEM, enth\u00e4lt aber Empfehlungen, wie gewisse interne Abl\u00e4ufe optimiert werden k\u00f6nnen, schreibt das SEM.","_yoast_wpseo_opengraph-title":"Asylzentrum: Bericht entlastet Sicherheitsfirma","enclosure":null,"_yoast_wpseo_twitter-title":null,"_yoast_wpseo_twitter-description":null,"_yoast_wpseo_twitter-image":null,"_wp_old_slug":null,"_yoast_wpseo_title":null,"_yoast_wpseo_canonical":null,"yoast_head":"<!-- This site is optimized with the Yoast SEO plugin v27.5 - https:\/\/yoast.com\/product\/yoast-seo-wordpress\/ -->\n<title>Asylzentrum: Bericht entlastet Sicherheitsfirma - Save<\/title>\n<meta name=\"description\" content=\"Im Januar 2016 erhob ein Journalist in der \u201eSonntagsZeitung\u201c schwerwiegende Vorw\u00fcrfe gegen das Sicherheitspersonal im Asylzentrum Kreuzlingen.\" \/>\n<meta name=\"robots\" content=\"index, follow, max-snippet:-1, max-image-preview:large, max-video-preview:-1\" \/>\n<link rel=\"canonical\" href=\"https:\/\/news.save.ch\/de\/asylzentrum-bericht-entlastet-sicherheitsfirma\/\" \/>\n<meta property=\"og:locale\" content=\"de_DE\" \/>\n<meta property=\"og:type\" content=\"article\" \/>\n<meta property=\"og:title\" content=\"Asylzentrum: Bericht entlastet Sicherheitsfirma\" \/>\n<meta property=\"og:description\" content=\"Im Januar 2016 erhob ein Journalist in der \u201eSonntagsZeitung\u201c schwerwiegende Vorw\u00fcrfe gegen das Sicherheitspersonal im Empfangs- und Verfahrenszentrum Kreuzlingen. Das Staatssekretariat f\u00fcr Migration, kurz SEM, liess diese Vorw\u00fcrfe von Alt-Bundesrichter Michel F\u00e9raud untersuchen. Der nun vorliegende Bericht entlaste die Sicherheitsfirma sowie das SEM, enth\u00e4lt aber Empfehlungen, wie gewisse interne Abl\u00e4ufe optimiert werden k\u00f6nnen, schreibt das SEM.\" \/>\n<meta property=\"og:url\" content=\"https:\/\/news.save.ch\/de\/asylzentrum-bericht-entlastet-sicherheitsfirma\/\" \/>\n<meta property=\"og:site_name\" content=\"Save\" \/>\n<meta property=\"article:published_time\" content=\"2016-08-30T07:02:51+00:00\" \/>\n<meta property=\"og:image\" content=\"https:\/\/news.save.ch\/wp-content\/uploads\/2016\/12\/Asylzentrum-Bericht-entlastet-Sicherheitsfirma_sicherheitsforum.jpg\" \/>\n<meta name=\"author\" content=\"admin\" \/>\n<meta name=\"twitter:card\" content=\"summary_large_image\" \/>\n<meta name=\"twitter:label1\" content=\"Geschrieben von\" \/>\n\t<meta name=\"twitter:data1\" content=\"admin\" \/>\n\t<meta name=\"twitter:label2\" content=\"Gesch\u00e4tzte Lesezeit\" \/>\n\t<meta name=\"twitter:data2\" content=\"3\u00a0Minuten\" \/>\n<script type=\"application\/ld+json\" class=\"yoast-schema-graph\">{\"@context\":\"https:\\\/\\\/schema.org\",\"@graph\":[{\"@type\":\"Article\",\"@id\":\"https:\\\/\\\/news.save.ch\\\/asylzentrum-bericht-entlastet-sicherheitsfirma\\\/#article\",\"isPartOf\":{\"@id\":\"https:\\\/\\\/news.save.ch\\\/asylzentrum-bericht-entlastet-sicherheitsfirma\\\/\"},\"author\":{\"name\":\"admin\",\"@id\":\"https:\\\/\\\/news.save.ch\\\/de\\\/#\\\/schema\\\/person\\\/d49e199490bad7c70d64b9ab51142f2b\"},\"headline\":\"Asylzentrum: Bericht entlastet Sicherheitsfirma\",\"datePublished\":\"2016-08-30T07:02:51+00:00\",\"mainEntityOfPage\":{\"@id\":\"https:\\\/\\\/news.save.ch\\\/asylzentrum-bericht-entlastet-sicherheitsfirma\\\/\"},\"wordCount\":532,\"commentCount\":0,\"publisher\":{\"@id\":\"https:\\\/\\\/news.save.ch\\\/de\\\/#organization\"},\"image\":{\"@id\":\"https:\\\/\\\/news.save.ch\\\/asylzentrum-bericht-entlastet-sicherheitsfirma\\\/#primaryimage\"},\"thumbnailUrl\":\"https:\\\/\\\/news.save.ch\\\/wp-content\\\/uploads\\\/2016\\\/12\\\/Asylzentrum-Bericht-entlastet-Sicherheitsfirma_sicherheitsforum.jpg\",\"keywords\":[\"Justiz &amp; Polizei\",\"Unternehmen\"],\"articleSection\":[\"ALLGEMEIN\"],\"inLanguage\":\"de\"},{\"@type\":\"WebPage\",\"@id\":\"https:\\\/\\\/news.save.ch\\\/asylzentrum-bericht-entlastet-sicherheitsfirma\\\/\",\"url\":\"https:\\\/\\\/news.save.ch\\\/asylzentrum-bericht-entlastet-sicherheitsfirma\\\/\",\"name\":\"Asylzentrum: Bericht entlastet Sicherheitsfirma - Save\",\"isPartOf\":{\"@id\":\"https:\\\/\\\/news.save.ch\\\/de\\\/#website\"},\"primaryImageOfPage\":{\"@id\":\"https:\\\/\\\/news.save.ch\\\/asylzentrum-bericht-entlastet-sicherheitsfirma\\\/#primaryimage\"},\"image\":{\"@id\":\"https:\\\/\\\/news.save.ch\\\/asylzentrum-bericht-entlastet-sicherheitsfirma\\\/#primaryimage\"},\"thumbnailUrl\":\"https:\\\/\\\/news.save.ch\\\/wp-content\\\/uploads\\\/2016\\\/12\\\/Asylzentrum-Bericht-entlastet-Sicherheitsfirma_sicherheitsforum.jpg\",\"datePublished\":\"2016-08-30T07:02:51+00:00\",\"description\":\"Im Januar 2016 erhob ein Journalist in der \u201eSonntagsZeitung\u201c schwerwiegende Vorw\u00fcrfe gegen das Sicherheitspersonal im Asylzentrum Kreuzlingen.\",\"breadcrumb\":{\"@id\":\"https:\\\/\\\/news.save.ch\\\/asylzentrum-bericht-entlastet-sicherheitsfirma\\\/#breadcrumb\"},\"inLanguage\":\"de\",\"potentialAction\":[{\"@type\":\"ReadAction\",\"target\":[\"https:\\\/\\\/news.save.ch\\\/asylzentrum-bericht-entlastet-sicherheitsfirma\\\/\"]}]},{\"@type\":\"ImageObject\",\"inLanguage\":\"de\",\"@id\":\"https:\\\/\\\/news.save.ch\\\/asylzentrum-bericht-entlastet-sicherheitsfirma\\\/#primaryimage\",\"url\":\"https:\\\/\\\/news.save.ch\\\/wp-content\\\/uploads\\\/2016\\\/12\\\/Asylzentrum-Bericht-entlastet-Sicherheitsfirma_sicherheitsforum.jpg\",\"contentUrl\":\"https:\\\/\\\/news.save.ch\\\/wp-content\\\/uploads\\\/2016\\\/12\\\/Asylzentrum-Bericht-entlastet-Sicherheitsfirma_sicherheitsforum.jpg\",\"width\":1000,\"height\":666,\"caption\":\"Wurden Fl\u00fcchtlinge schlecht behandelt? \u00a9depositphotos\"},{\"@type\":\"BreadcrumbList\",\"@id\":\"https:\\\/\\\/news.save.ch\\\/asylzentrum-bericht-entlastet-sicherheitsfirma\\\/#breadcrumb\",\"itemListElement\":[{\"@type\":\"ListItem\",\"position\":1,\"name\":\"Home\",\"item\":\"https:\\\/\\\/news.save.ch\\\/de\\\/\"},{\"@type\":\"ListItem\",\"position\":2,\"name\":\"Asylzentrum: Bericht entlastet Sicherheitsfirma\"}]},{\"@type\":\"WebSite\",\"@id\":\"https:\\\/\\\/news.save.ch\\\/de\\\/#website\",\"url\":\"https:\\\/\\\/news.save.ch\\\/de\\\/\",\"name\":\"Save\",\"description\":\"Schweizer Fachzeitschrift f\u00fcr Sicherheit\",\"publisher\":{\"@id\":\"https:\\\/\\\/news.save.ch\\\/de\\\/#organization\"},\"potentialAction\":[{\"@type\":\"SearchAction\",\"target\":{\"@type\":\"EntryPoint\",\"urlTemplate\":\"https:\\\/\\\/news.save.ch\\\/de\\\/?s={search_term_string}\"},\"query-input\":{\"@type\":\"PropertyValueSpecification\",\"valueRequired\":true,\"valueName\":\"search_term_string\"}}],\"inLanguage\":\"de\"},{\"@type\":\"Organization\",\"@id\":\"https:\\\/\\\/news.save.ch\\\/de\\\/#organization\",\"name\":\"Sicherheitsforum\",\"url\":\"https:\\\/\\\/news.save.ch\\\/de\\\/\",\"logo\":{\"@type\":\"ImageObject\",\"inLanguage\":\"de\",\"@id\":\"https:\\\/\\\/news.save.ch\\\/de\\\/#\\\/schema\\\/logo\\\/image\\\/\",\"url\":\"https:\\\/\\\/news.save.ch\\\/wp-content\\\/uploads\\\/2022\\\/06\\\/Logo_SF_2012.png\",\"contentUrl\":\"https:\\\/\\\/news.save.ch\\\/wp-content\\\/uploads\\\/2022\\\/06\\\/Logo_SF_2012.png\",\"width\":1100,\"height\":91,\"caption\":\"Sicherheitsforum\"},\"image\":{\"@id\":\"https:\\\/\\\/news.save.ch\\\/de\\\/#\\\/schema\\\/logo\\\/image\\\/\"}},{\"@type\":\"Person\",\"@id\":\"https:\\\/\\\/news.save.ch\\\/de\\\/#\\\/schema\\\/person\\\/d49e199490bad7c70d64b9ab51142f2b\",\"name\":\"admin\",\"image\":{\"@type\":\"ImageObject\",\"inLanguage\":\"de\",\"@id\":\"https:\\\/\\\/secure.gravatar.com\\\/avatar\\\/ae2f4d718e6c49043e314ce431e7e645d646302a24a5ef5a8bc8e3f5a032e319?s=96&d=mm&r=g\",\"url\":\"https:\\\/\\\/secure.gravatar.com\\\/avatar\\\/ae2f4d718e6c49043e314ce431e7e645d646302a24a5ef5a8bc8e3f5a032e319?s=96&d=mm&r=g\",\"contentUrl\":\"https:\\\/\\\/secure.gravatar.com\\\/avatar\\\/ae2f4d718e6c49043e314ce431e7e645d646302a24a5ef5a8bc8e3f5a032e319?s=96&d=mm&r=g\",\"caption\":\"admin\"},\"sameAs\":[\"https:\\\/\\\/develop.organisator.galledia.ch\"],\"url\":\"https:\\\/\\\/news.save.ch\\\/de\\\/author\\\/admin\\\/\"}]}<\/script>\n<!-- \/ Yoast SEO plugin. -->","yoast_head_json":{"title":"Asylzentrum: Bericht entlastet Sicherheitsfirma - Save","description":"Im Januar 2016 erhob ein Journalist in der \u201eSonntagsZeitung\u201c schwerwiegende Vorw\u00fcrfe gegen das Sicherheitspersonal im Asylzentrum Kreuzlingen.","robots":{"index":"index","follow":"follow","max-snippet":"max-snippet:-1","max-image-preview":"max-image-preview:large","max-video-preview":"max-video-preview:-1"},"canonical":"https:\/\/news.save.ch\/de\/asylzentrum-bericht-entlastet-sicherheitsfirma\/","og_locale":"de_DE","og_type":"article","og_title":"Asylzentrum: Bericht entlastet Sicherheitsfirma","og_description":"Im Januar 2016 erhob ein Journalist in der \u201eSonntagsZeitung\u201c schwerwiegende Vorw\u00fcrfe gegen das Sicherheitspersonal im Empfangs- und Verfahrenszentrum Kreuzlingen. Das Staatssekretariat f\u00fcr Migration, kurz SEM, liess diese Vorw\u00fcrfe von Alt-Bundesrichter Michel F\u00e9raud untersuchen. Der nun vorliegende Bericht entlaste die Sicherheitsfirma sowie das SEM, enth\u00e4lt aber Empfehlungen, wie gewisse interne Abl\u00e4ufe optimiert werden k\u00f6nnen, schreibt das SEM.","og_url":"https:\/\/news.save.ch\/de\/asylzentrum-bericht-entlastet-sicherheitsfirma\/","og_site_name":"Save","article_published_time":"2016-08-30T07:02:51+00:00","og_image":[{"url":"https:\/\/news.save.ch\/wp-content\/uploads\/2016\/12\/Asylzentrum-Bericht-entlastet-Sicherheitsfirma_sicherheitsforum.jpg","type":"","width":"","height":""}],"author":"admin","twitter_card":"summary_large_image","twitter_misc":{"Geschrieben von":"admin","Gesch\u00e4tzte Lesezeit":"3\u00a0Minuten"},"schema":{"@context":"https:\/\/schema.org","@graph":[{"@type":"Article","@id":"https:\/\/news.save.ch\/asylzentrum-bericht-entlastet-sicherheitsfirma\/#article","isPartOf":{"@id":"https:\/\/news.save.ch\/asylzentrum-bericht-entlastet-sicherheitsfirma\/"},"author":{"name":"admin","@id":"https:\/\/news.save.ch\/de\/#\/schema\/person\/d49e199490bad7c70d64b9ab51142f2b"},"headline":"Asylzentrum: Bericht entlastet Sicherheitsfirma","datePublished":"2016-08-30T07:02:51+00:00","mainEntityOfPage":{"@id":"https:\/\/news.save.ch\/asylzentrum-bericht-entlastet-sicherheitsfirma\/"},"wordCount":532,"commentCount":0,"publisher":{"@id":"https:\/\/news.save.ch\/de\/#organization"},"image":{"@id":"https:\/\/news.save.ch\/asylzentrum-bericht-entlastet-sicherheitsfirma\/#primaryimage"},"thumbnailUrl":"https:\/\/news.save.ch\/wp-content\/uploads\/2016\/12\/Asylzentrum-Bericht-entlastet-Sicherheitsfirma_sicherheitsforum.jpg","keywords":["Justiz &amp; Polizei","Unternehmen"],"articleSection":["ALLGEMEIN"],"inLanguage":"de"},{"@type":"WebPage","@id":"https:\/\/news.save.ch\/asylzentrum-bericht-entlastet-sicherheitsfirma\/","url":"https:\/\/news.save.ch\/asylzentrum-bericht-entlastet-sicherheitsfirma\/","name":"Asylzentrum: Bericht entlastet Sicherheitsfirma - Save","isPartOf":{"@id":"https:\/\/news.save.ch\/de\/#website"},"primaryImageOfPage":{"@id":"https:\/\/news.save.ch\/asylzentrum-bericht-entlastet-sicherheitsfirma\/#primaryimage"},"image":{"@id":"https:\/\/news.save.ch\/asylzentrum-bericht-entlastet-sicherheitsfirma\/#primaryimage"},"thumbnailUrl":"https:\/\/news.save.ch\/wp-content\/uploads\/2016\/12\/Asylzentrum-Bericht-entlastet-Sicherheitsfirma_sicherheitsforum.jpg","datePublished":"2016-08-30T07:02:51+00:00","description":"Im Januar 2016 erhob ein Journalist in der \u201eSonntagsZeitung\u201c schwerwiegende Vorw\u00fcrfe gegen das Sicherheitspersonal im Asylzentrum Kreuzlingen.","breadcrumb":{"@id":"https:\/\/news.save.ch\/asylzentrum-bericht-entlastet-sicherheitsfirma\/#breadcrumb"},"inLanguage":"de","potentialAction":[{"@type":"ReadAction","target":["https:\/\/news.save.ch\/asylzentrum-bericht-entlastet-sicherheitsfirma\/"]}]},{"@type":"ImageObject","inLanguage":"de","@id":"https:\/\/news.save.ch\/asylzentrum-bericht-entlastet-sicherheitsfirma\/#primaryimage","url":"https:\/\/news.save.ch\/wp-content\/uploads\/2016\/12\/Asylzentrum-Bericht-entlastet-Sicherheitsfirma_sicherheitsforum.jpg","contentUrl":"https:\/\/news.save.ch\/wp-content\/uploads\/2016\/12\/Asylzentrum-Bericht-entlastet-Sicherheitsfirma_sicherheitsforum.jpg","width":1000,"height":666,"caption":"Wurden Fl\u00fcchtlinge schlecht behandelt? \u00a9depositphotos"},{"@type":"BreadcrumbList","@id":"https:\/\/news.save.ch\/asylzentrum-bericht-entlastet-sicherheitsfirma\/#breadcrumb","itemListElement":[{"@type":"ListItem","position":1,"name":"Home","item":"https:\/\/news.save.ch\/de\/"},{"@type":"ListItem","position":2,"name":"Asylzentrum: Bericht entlastet Sicherheitsfirma"}]},{"@type":"WebSite","@id":"https:\/\/news.save.ch\/de\/#website","url":"https:\/\/news.save.ch\/de\/","name":"Save","description":"Schweizer Fachzeitschrift f\u00fcr Sicherheit","publisher":{"@id":"https:\/\/news.save.ch\/de\/#organization"},"potentialAction":[{"@type":"SearchAction","target":{"@type":"EntryPoint","urlTemplate":"https:\/\/news.save.ch\/de\/?s={search_term_string}"},"query-input":{"@type":"PropertyValueSpecification","valueRequired":true,"valueName":"search_term_string"}}],"inLanguage":"de"},{"@type":"Organization","@id":"https:\/\/news.save.ch\/de\/#organization","name":"Sicherheitsforum","url":"https:\/\/news.save.ch\/de\/","logo":{"@type":"ImageObject","inLanguage":"de","@id":"https:\/\/news.save.ch\/de\/#\/schema\/logo\/image\/","url":"https:\/\/news.save.ch\/wp-content\/uploads\/2022\/06\/Logo_SF_2012.png","contentUrl":"https:\/\/news.save.ch\/wp-content\/uploads\/2022\/06\/Logo_SF_2012.png","width":1100,"height":91,"caption":"Sicherheitsforum"},"image":{"@id":"https:\/\/news.save.ch\/de\/#\/schema\/logo\/image\/"}},{"@type":"Person","@id":"https:\/\/news.save.ch\/de\/#\/schema\/person\/d49e199490bad7c70d64b9ab51142f2b","name":"admin","image":{"@type":"ImageObject","inLanguage":"de","@id":"https:\/\/secure.gravatar.com\/avatar\/ae2f4d718e6c49043e314ce431e7e645d646302a24a5ef5a8bc8e3f5a032e319?s=96&d=mm&r=g","url":"https:\/\/secure.gravatar.com\/avatar\/ae2f4d718e6c49043e314ce431e7e645d646302a24a5ef5a8bc8e3f5a032e319?s=96&d=mm&r=g","contentUrl":"https:\/\/secure.gravatar.com\/avatar\/ae2f4d718e6c49043e314ce431e7e645d646302a24a5ef5a8bc8e3f5a032e319?s=96&d=mm&r=g","caption":"admin"},"sameAs":["https:\/\/develop.organisator.galledia.ch"],"url":"https:\/\/news.save.ch\/de\/author\/admin\/"}]}},"_links":{"self":[{"href":"https:\/\/news.save.ch\/de\/wp-json\/wp\/v2\/posts\/2355","targetHints":{"allow":["GET"]}}],"collection":[{"href":"https:\/\/news.save.ch\/de\/wp-json\/wp\/v2\/posts"}],"about":[{"href":"https:\/\/news.save.ch\/de\/wp-json\/wp\/v2\/types\/post"}],"author":[{"embeddable":true,"href":"https:\/\/news.save.ch\/de\/wp-json\/wp\/v2\/users\/1"}],"replies":[{"embeddable":true,"href":"https:\/\/news.save.ch\/de\/wp-json\/wp\/v2\/comments?post=2355"}],"version-history":[{"count":0,"href":"https:\/\/news.save.ch\/de\/wp-json\/wp\/v2\/posts\/2355\/revisions"}],"wp:featuredmedia":[{"embeddable":true,"href":"https:\/\/news.save.ch\/de\/wp-json\/wp\/v2\/media\/2359"}],"wp:attachment":[{"href":"https:\/\/news.save.ch\/de\/wp-json\/wp\/v2\/media?parent=2355"}],"wp:term":[{"taxonomy":"category","embeddable":true,"href":"https:\/\/news.save.ch\/de\/wp-json\/wp\/v2\/categories?post=2355"},{"taxonomy":"post_tag","embeddable":true,"href":"https:\/\/news.save.ch\/de\/wp-json\/wp\/v2\/tags?post=2355"}],"curies":[{"name":"wp","href":"https:\/\/api.w.org\/{rel}","templated":true}]}}