{"id":23551,"date":"2024-09-20T08:38:06","date_gmt":"2024-09-20T06:38:06","guid":{"rendered":"https:\/\/news.save.ch\/?p=23551"},"modified":"2024-09-20T08:38:11","modified_gmt":"2024-09-20T06:38:11","slug":"sicheres-datenverbundnetz-plus-sdvn-neuplanung-der-erschliessung-der-kantonsstandorte-lanciert","status":null,"type":"post","link":"https:\/\/news.save.ch\/de\/sicheres-datenverbundnetz-plus-sdvn-neuplanung-der-erschliessung-der-kantonsstandorte-lanciert\/","title":{"rendered":"Sicheres Datenverbundnetz Plus (SDVN+): Neuplanung der Erschliessung der Kantonsstandorte lanciert"},"content":{"rendered":"<figure id=\"attachment_23552\" aria-describedby=\"caption-attachment-23552\" style=\"width: 1000px\" class=\"wp-caption alignnone\"><a href=\"https:\/\/news.save.ch\/sicheres-datenverbundnetz-plus-sdvn-neuplanung-der-erschliessung-der-kantonsstandorte-lanciert\/depositphotos_40874051_s\/\" rel=\"attachment wp-att-23552\"><img loading=\"lazy\" decoding=\"async\" class=\"size-full wp-image-23552\" src=\"https:\/\/news.save.ch\/wp-content\/uploads\/2024\/09\/Depositphotos_40874051_S.jpg\" alt=\"\" width=\"1000\" height=\"622\" srcset=\"https:\/\/news.save.ch\/wp-content\/uploads\/2024\/09\/Depositphotos_40874051_S.jpg 1000w, https:\/\/news.save.ch\/wp-content\/uploads\/2024\/09\/Depositphotos_40874051_S-680x423.jpg 680w, https:\/\/news.save.ch\/wp-content\/uploads\/2024\/09\/Depositphotos_40874051_S-768x478.jpg 768w, https:\/\/news.save.ch\/wp-content\/uploads\/2024\/09\/Depositphotos_40874051_S-18x12.jpg 18w, https:\/\/news.save.ch\/wp-content\/uploads\/2024\/09\/Depositphotos_40874051_S-375x233.jpg 375w, https:\/\/news.save.ch\/wp-content\/uploads\/2024\/09\/Depositphotos_40874051_S-563x350.jpg 563w\" sizes=\"auto, (max-width: 1000px) 100vw, 1000px\" \/><\/a><figcaption id=\"caption-attachment-23552\" class=\"wp-caption-text\">Bild: Depositphotos\/nevarpp<\/figcaption><\/figure>\n<p>Der Bev\u00f6lkerungsschutz der Schweiz ist im Rahmen seiner Aufgaben auf einen raschen und gesicherten Datenaustausch angewiesen. Das Parlament hat deshalb am 9. September 2019 einen Verpflichtungskredit f\u00fcr die Realisierung (Entwicklung und Beschaffung) des nationalen sicheren Datenverbundsystems (SDVS) in H\u00f6he von 150 Millionen Franken bewilligt. Die Wichtigkeit eines gesicherten Datenaustausches wird durch die derzeitige sicherheitspolitische Lage verdeutlicht.<\/p>\n<p>Das sichere Datenverbundnetz Plus (SDVN+) ist Bestandteil des SDVS und stellt das Fundament f\u00fcr dieses Vorhaben dar. SDVN+ soll als breitbandiges Layer-2-Transportnetz f\u00fcr grosse Datenmengen die Grundlage f\u00fcr alle sicherheitspolitisch relevanten Telematik-Systeme des Bev\u00f6lkerungsschutzes bilden. Es basiert auf dem F\u00fchrungsnetz Schweiz (CH). Zum SDVS geh\u00f6ren auch ein Datenzugangssystem (DZS), ein Lageverbundsystem (LVS) sowie die funktionelle Abl\u00f6sung des Meldevermittlungssystems VULPUS (FEV).<\/p>\n<p>Gem\u00e4ss bisheriger Planung sollten in einem ersten Schritt die Kantone bis Ende 2024 an das SDVN+ angeschlossen sein. Anschliessend soll die Erschliessung der Bundesstandorte und zuletzt die Betreiberinnen der kritischen Infrastrukturen erfolgen.<\/p>\n<p>Aktuell gibt es im SDVN+ bei den Erschliessungen der Kantonsstandorte einen Verzug von circa 8 Monaten. Die umfangreiche Erarbeitung und Freigabe der Planungs-Grundlagen zum Bau der Glasfaserinfrastruktur ben\u00f6tigten im komplexen Umfeld zwischen Bund, Kantonen und Dritten mehr Zeit als geplant. Zudem gab es Herausforderungen bei der Beschaffung der notwendigen Informatik-Komponenten. Diese Umst\u00e4nde konnten trotz beschleunigender Massnahmen im Projekt nicht vollst\u00e4ndig kompensiert werden.<\/p>\n<p>Aufgrund dieser Situation hat das BABS in Zusammenarbeit mit dem Kommando Cyber der Armee und armasuisse Immobilien eine \u00dcberarbeitung der Erschliessungsplanung der Standorte initialisiert. Die Partner werden anschliessend \u00fcber ihre konkrete Erschliessung informiert.<\/p>\n<p><em>Quelle: babs.admin.ch<\/em><\/p>\n","protected":false},"excerpt":{"rendered":"<p>Der Bev\u00f6lkerungsschutz der Schweiz ist im Rahmen seiner Aufgaben auf einen raschen und gesicherten Datenaustausch angewiesen. Das Parlament hat deshalb am 9. September 2019 einen Verpflichtungskredit f\u00fcr die Realisierung (Entwicklung und Beschaffung) des nationalen sicheren Datenverbundsystems (SDVS) in H\u00f6he von 150 Millionen Franken bewilligt. Die Wichtigkeit eines gesicherten Datenaustausches wird durch die derzeitige sicherheitspolitische Lage [&hellip;]<\/p>\n","protected":false},"author":31,"featured_media":0,"comment_status":"closed","ping_status":"closed","sticky":false,"template":"","format":"standard","meta":{"_acf_changed":false,"pgc_sgb_lightbox_settings":"","footnotes":""},"categories":[3313],"tags":[1557,230],"class_list":["post-23551","post","type-post","status-publish","format-standard","hentry","category-digitalisierung","tag-babs-bundesamt-fuer-bevoelkerungsschutz","tag-datenverbundnetz"],"acf":[],"hkrextid":null,"publication":null,"issue":null,"workflow":null,"startPage":null,"spitzmarke":null,"_posts_by_tag_page_fields":null,"_at_widget":null,"_yoast_wpseo_primary_category":"3313","_yoast_wpseo_focuskw_text_input":null,"_yoast_wpseo_opengraph-image":null,"_yoast_wpseo_opengraph-description":null,"_yoast_wpseo_opengraph-title":null,"enclosure":null,"_yoast_wpseo_twitter-title":null,"_yoast_wpseo_twitter-description":null,"_yoast_wpseo_twitter-image":null,"_wp_old_slug":null,"_yoast_wpseo_title":null,"_yoast_wpseo_canonical":null,"yoast_head":"<!-- This site is optimized with the Yoast SEO plugin v27.5 - https:\/\/yoast.com\/product\/yoast-seo-wordpress\/ -->\n<title>Sicheres Datenverbundnetz Plus (SDVN+): Neuplanung der Erschliessung der Kantonsstandorte lanciert - Save<\/title>\n<meta name=\"description\" content=\"Der Zeitplan des Infrastrukturprojekts f\u00fcr den Transport von grossen digitalen Datenmengen verz\u00f6gert sich.\" \/>\n<meta name=\"robots\" content=\"index, follow, max-snippet:-1, max-image-preview:large, max-video-preview:-1\" \/>\n<link rel=\"canonical\" href=\"https:\/\/news.save.ch\/de\/sicheres-datenverbundnetz-plus-sdvn-neuplanung-der-erschliessung-der-kantonsstandorte-lanciert\/\" \/>\n<meta property=\"og:locale\" content=\"de_DE\" \/>\n<meta property=\"og:type\" content=\"article\" \/>\n<meta property=\"og:title\" content=\"Sicheres Datenverbundnetz Plus (SDVN+): Neuplanung der Erschliessung der Kantonsstandorte lanciert - Save\" \/>\n<meta property=\"og:description\" content=\"Der Zeitplan des Infrastrukturprojekts f\u00fcr den Transport von grossen digitalen Datenmengen verz\u00f6gert sich.\" \/>\n<meta property=\"og:url\" content=\"https:\/\/news.save.ch\/de\/sicheres-datenverbundnetz-plus-sdvn-neuplanung-der-erschliessung-der-kantonsstandorte-lanciert\/\" \/>\n<meta property=\"og:site_name\" content=\"Save\" \/>\n<meta property=\"article:published_time\" content=\"2024-09-20T06:38:06+00:00\" \/>\n<meta property=\"article:modified_time\" content=\"2024-09-20T06:38:11+00:00\" \/>\n<meta property=\"og:image\" content=\"https:\/\/news.save.ch\/wp-content\/uploads\/2024\/09\/Depositphotos_40874051_S.jpg\" \/>\n<meta name=\"author\" content=\"stefanie Zeng\" \/>\n<meta name=\"twitter:card\" content=\"summary_large_image\" \/>\n<meta name=\"twitter:label1\" content=\"Geschrieben von\" \/>\n\t<meta name=\"twitter:data1\" content=\"stefanie Zeng\" \/>\n\t<meta name=\"twitter:label2\" content=\"Gesch\u00e4tzte Lesezeit\" \/>\n\t<meta name=\"twitter:data2\" content=\"2\u00a0Minuten\" \/>\n<script type=\"application\/ld+json\" class=\"yoast-schema-graph\">{\"@context\":\"https:\\\/\\\/schema.org\",\"@graph\":[{\"@type\":\"Article\",\"@id\":\"https:\\\/\\\/news.save.ch\\\/sicheres-datenverbundnetz-plus-sdvn-neuplanung-der-erschliessung-der-kantonsstandorte-lanciert\\\/#article\",\"isPartOf\":{\"@id\":\"https:\\\/\\\/news.save.ch\\\/sicheres-datenverbundnetz-plus-sdvn-neuplanung-der-erschliessung-der-kantonsstandorte-lanciert\\\/\"},\"author\":{\"name\":\"stefanie Zeng\",\"@id\":\"https:\\\/\\\/news.save.ch\\\/de\\\/#\\\/schema\\\/person\\\/10917387362b3961e882740f6cf6f2a2\"},\"headline\":\"Sicheres Datenverbundnetz Plus (SDVN+): Neuplanung der Erschliessung der Kantonsstandorte lanciert\",\"datePublished\":\"2024-09-20T06:38:06+00:00\",\"dateModified\":\"2024-09-20T06:38:11+00:00\",\"mainEntityOfPage\":{\"@id\":\"https:\\\/\\\/news.save.ch\\\/sicheres-datenverbundnetz-plus-sdvn-neuplanung-der-erschliessung-der-kantonsstandorte-lanciert\\\/\"},\"wordCount\":277,\"publisher\":{\"@id\":\"https:\\\/\\\/news.save.ch\\\/de\\\/#organization\"},\"image\":{\"@id\":\"https:\\\/\\\/news.save.ch\\\/sicheres-datenverbundnetz-plus-sdvn-neuplanung-der-erschliessung-der-kantonsstandorte-lanciert\\\/#primaryimage\"},\"thumbnailUrl\":\"https:\\\/\\\/news.save.ch\\\/wp-content\\\/uploads\\\/2024\\\/09\\\/Depositphotos_40874051_S.jpg\",\"keywords\":[\"BABS - Bundesamt f\u00fcr Bev\u00f6lkerungsschutz\",\"Datenverbundnetz\"],\"articleSection\":[\"DIGITALISIERUNG\"],\"inLanguage\":\"de\"},{\"@type\":\"WebPage\",\"@id\":\"https:\\\/\\\/news.save.ch\\\/sicheres-datenverbundnetz-plus-sdvn-neuplanung-der-erschliessung-der-kantonsstandorte-lanciert\\\/\",\"url\":\"https:\\\/\\\/news.save.ch\\\/sicheres-datenverbundnetz-plus-sdvn-neuplanung-der-erschliessung-der-kantonsstandorte-lanciert\\\/\",\"name\":\"Sicheres Datenverbundnetz Plus (SDVN+): Neuplanung der Erschliessung der Kantonsstandorte lanciert - Save\",\"isPartOf\":{\"@id\":\"https:\\\/\\\/news.save.ch\\\/de\\\/#website\"},\"primaryImageOfPage\":{\"@id\":\"https:\\\/\\\/news.save.ch\\\/sicheres-datenverbundnetz-plus-sdvn-neuplanung-der-erschliessung-der-kantonsstandorte-lanciert\\\/#primaryimage\"},\"image\":{\"@id\":\"https:\\\/\\\/news.save.ch\\\/sicheres-datenverbundnetz-plus-sdvn-neuplanung-der-erschliessung-der-kantonsstandorte-lanciert\\\/#primaryimage\"},\"thumbnailUrl\":\"https:\\\/\\\/news.save.ch\\\/wp-content\\\/uploads\\\/2024\\\/09\\\/Depositphotos_40874051_S.jpg\",\"datePublished\":\"2024-09-20T06:38:06+00:00\",\"dateModified\":\"2024-09-20T06:38:11+00:00\",\"description\":\"Der Zeitplan des Infrastrukturprojekts f\u00fcr den Transport von grossen digitalen Datenmengen verz\u00f6gert sich.\",\"breadcrumb\":{\"@id\":\"https:\\\/\\\/news.save.ch\\\/sicheres-datenverbundnetz-plus-sdvn-neuplanung-der-erschliessung-der-kantonsstandorte-lanciert\\\/#breadcrumb\"},\"inLanguage\":\"de\",\"potentialAction\":[{\"@type\":\"ReadAction\",\"target\":[\"https:\\\/\\\/news.save.ch\\\/sicheres-datenverbundnetz-plus-sdvn-neuplanung-der-erschliessung-der-kantonsstandorte-lanciert\\\/\"]}]},{\"@type\":\"ImageObject\",\"inLanguage\":\"de\",\"@id\":\"https:\\\/\\\/news.save.ch\\\/sicheres-datenverbundnetz-plus-sdvn-neuplanung-der-erschliessung-der-kantonsstandorte-lanciert\\\/#primaryimage\",\"url\":\"https:\\\/\\\/news.save.ch\\\/wp-content\\\/uploads\\\/2024\\\/09\\\/Depositphotos_40874051_S.jpg\",\"contentUrl\":\"https:\\\/\\\/news.save.ch\\\/wp-content\\\/uploads\\\/2024\\\/09\\\/Depositphotos_40874051_S.jpg\"},{\"@type\":\"BreadcrumbList\",\"@id\":\"https:\\\/\\\/news.save.ch\\\/sicheres-datenverbundnetz-plus-sdvn-neuplanung-der-erschliessung-der-kantonsstandorte-lanciert\\\/#breadcrumb\",\"itemListElement\":[{\"@type\":\"ListItem\",\"position\":1,\"name\":\"Home\",\"item\":\"https:\\\/\\\/news.save.ch\\\/de\\\/\"},{\"@type\":\"ListItem\",\"position\":2,\"name\":\"Sicheres Datenverbundnetz Plus (SDVN+): Neuplanung der Erschliessung der Kantonsstandorte lanciert\"}]},{\"@type\":\"WebSite\",\"@id\":\"https:\\\/\\\/news.save.ch\\\/de\\\/#website\",\"url\":\"https:\\\/\\\/news.save.ch\\\/de\\\/\",\"name\":\"Save\",\"description\":\"Schweizer Fachzeitschrift f\u00fcr Sicherheit\",\"publisher\":{\"@id\":\"https:\\\/\\\/news.save.ch\\\/de\\\/#organization\"},\"potentialAction\":[{\"@type\":\"SearchAction\",\"target\":{\"@type\":\"EntryPoint\",\"urlTemplate\":\"https:\\\/\\\/news.save.ch\\\/de\\\/?s={search_term_string}\"},\"query-input\":{\"@type\":\"PropertyValueSpecification\",\"valueRequired\":true,\"valueName\":\"search_term_string\"}}],\"inLanguage\":\"de\"},{\"@type\":\"Organization\",\"@id\":\"https:\\\/\\\/news.save.ch\\\/de\\\/#organization\",\"name\":\"Sicherheitsforum\",\"url\":\"https:\\\/\\\/news.save.ch\\\/de\\\/\",\"logo\":{\"@type\":\"ImageObject\",\"inLanguage\":\"de\",\"@id\":\"https:\\\/\\\/news.save.ch\\\/de\\\/#\\\/schema\\\/logo\\\/image\\\/\",\"url\":\"https:\\\/\\\/news.save.ch\\\/wp-content\\\/uploads\\\/2022\\\/06\\\/Logo_SF_2012.png\",\"contentUrl\":\"https:\\\/\\\/news.save.ch\\\/wp-content\\\/uploads\\\/2022\\\/06\\\/Logo_SF_2012.png\",\"width\":1100,\"height\":91,\"caption\":\"Sicherheitsforum\"},\"image\":{\"@id\":\"https:\\\/\\\/news.save.ch\\\/de\\\/#\\\/schema\\\/logo\\\/image\\\/\"}},{\"@type\":\"Person\",\"@id\":\"https:\\\/\\\/news.save.ch\\\/de\\\/#\\\/schema\\\/person\\\/10917387362b3961e882740f6cf6f2a2\",\"name\":\"stefanie Zeng\",\"image\":{\"@type\":\"ImageObject\",\"inLanguage\":\"de\",\"@id\":\"https:\\\/\\\/secure.gravatar.com\\\/avatar\\\/eac43faa6e40bb2c41068c95c9d78bbd94c476d5efdff7abaab80bb3ea681e06?s=96&d=mm&r=g\",\"url\":\"https:\\\/\\\/secure.gravatar.com\\\/avatar\\\/eac43faa6e40bb2c41068c95c9d78bbd94c476d5efdff7abaab80bb3ea681e06?s=96&d=mm&r=g\",\"contentUrl\":\"https:\\\/\\\/secure.gravatar.com\\\/avatar\\\/eac43faa6e40bb2c41068c95c9d78bbd94c476d5efdff7abaab80bb3ea681e06?s=96&d=mm&r=g\",\"caption\":\"stefanie Zeng\"},\"url\":\"https:\\\/\\\/news.save.ch\\\/de\\\/author\\\/stefanie-zeng\\\/\"}]}<\/script>\n<!-- \/ Yoast SEO plugin. -->","yoast_head_json":{"title":"Sicheres Datenverbundnetz Plus (SDVN+): Neuplanung der Erschliessung der Kantonsstandorte lanciert - Save","description":"Der Zeitplan des Infrastrukturprojekts f\u00fcr den Transport von grossen digitalen Datenmengen verz\u00f6gert sich.","robots":{"index":"index","follow":"follow","max-snippet":"max-snippet:-1","max-image-preview":"max-image-preview:large","max-video-preview":"max-video-preview:-1"},"canonical":"https:\/\/news.save.ch\/de\/sicheres-datenverbundnetz-plus-sdvn-neuplanung-der-erschliessung-der-kantonsstandorte-lanciert\/","og_locale":"de_DE","og_type":"article","og_title":"Sicheres Datenverbundnetz Plus (SDVN+): Neuplanung der Erschliessung der Kantonsstandorte lanciert - Save","og_description":"Der Zeitplan des Infrastrukturprojekts f\u00fcr den Transport von grossen digitalen Datenmengen verz\u00f6gert sich.","og_url":"https:\/\/news.save.ch\/de\/sicheres-datenverbundnetz-plus-sdvn-neuplanung-der-erschliessung-der-kantonsstandorte-lanciert\/","og_site_name":"Save","article_published_time":"2024-09-20T06:38:06+00:00","article_modified_time":"2024-09-20T06:38:11+00:00","og_image":[{"url":"https:\/\/news.save.ch\/wp-content\/uploads\/2024\/09\/Depositphotos_40874051_S.jpg","type":"","width":"","height":""}],"author":"stefanie Zeng","twitter_card":"summary_large_image","twitter_misc":{"Geschrieben von":"stefanie Zeng","Gesch\u00e4tzte Lesezeit":"2\u00a0Minuten"},"schema":{"@context":"https:\/\/schema.org","@graph":[{"@type":"Article","@id":"https:\/\/news.save.ch\/sicheres-datenverbundnetz-plus-sdvn-neuplanung-der-erschliessung-der-kantonsstandorte-lanciert\/#article","isPartOf":{"@id":"https:\/\/news.save.ch\/sicheres-datenverbundnetz-plus-sdvn-neuplanung-der-erschliessung-der-kantonsstandorte-lanciert\/"},"author":{"name":"stefanie Zeng","@id":"https:\/\/news.save.ch\/de\/#\/schema\/person\/10917387362b3961e882740f6cf6f2a2"},"headline":"Sicheres Datenverbundnetz Plus (SDVN+): Neuplanung der Erschliessung der Kantonsstandorte lanciert","datePublished":"2024-09-20T06:38:06+00:00","dateModified":"2024-09-20T06:38:11+00:00","mainEntityOfPage":{"@id":"https:\/\/news.save.ch\/sicheres-datenverbundnetz-plus-sdvn-neuplanung-der-erschliessung-der-kantonsstandorte-lanciert\/"},"wordCount":277,"publisher":{"@id":"https:\/\/news.save.ch\/de\/#organization"},"image":{"@id":"https:\/\/news.save.ch\/sicheres-datenverbundnetz-plus-sdvn-neuplanung-der-erschliessung-der-kantonsstandorte-lanciert\/#primaryimage"},"thumbnailUrl":"https:\/\/news.save.ch\/wp-content\/uploads\/2024\/09\/Depositphotos_40874051_S.jpg","keywords":["BABS - Bundesamt f\u00fcr Bev\u00f6lkerungsschutz","Datenverbundnetz"],"articleSection":["DIGITALISIERUNG"],"inLanguage":"de"},{"@type":"WebPage","@id":"https:\/\/news.save.ch\/sicheres-datenverbundnetz-plus-sdvn-neuplanung-der-erschliessung-der-kantonsstandorte-lanciert\/","url":"https:\/\/news.save.ch\/sicheres-datenverbundnetz-plus-sdvn-neuplanung-der-erschliessung-der-kantonsstandorte-lanciert\/","name":"Sicheres Datenverbundnetz Plus (SDVN+): Neuplanung der Erschliessung der Kantonsstandorte lanciert - Save","isPartOf":{"@id":"https:\/\/news.save.ch\/de\/#website"},"primaryImageOfPage":{"@id":"https:\/\/news.save.ch\/sicheres-datenverbundnetz-plus-sdvn-neuplanung-der-erschliessung-der-kantonsstandorte-lanciert\/#primaryimage"},"image":{"@id":"https:\/\/news.save.ch\/sicheres-datenverbundnetz-plus-sdvn-neuplanung-der-erschliessung-der-kantonsstandorte-lanciert\/#primaryimage"},"thumbnailUrl":"https:\/\/news.save.ch\/wp-content\/uploads\/2024\/09\/Depositphotos_40874051_S.jpg","datePublished":"2024-09-20T06:38:06+00:00","dateModified":"2024-09-20T06:38:11+00:00","description":"Der Zeitplan des Infrastrukturprojekts f\u00fcr den Transport von grossen digitalen Datenmengen verz\u00f6gert sich.","breadcrumb":{"@id":"https:\/\/news.save.ch\/sicheres-datenverbundnetz-plus-sdvn-neuplanung-der-erschliessung-der-kantonsstandorte-lanciert\/#breadcrumb"},"inLanguage":"de","potentialAction":[{"@type":"ReadAction","target":["https:\/\/news.save.ch\/sicheres-datenverbundnetz-plus-sdvn-neuplanung-der-erschliessung-der-kantonsstandorte-lanciert\/"]}]},{"@type":"ImageObject","inLanguage":"de","@id":"https:\/\/news.save.ch\/sicheres-datenverbundnetz-plus-sdvn-neuplanung-der-erschliessung-der-kantonsstandorte-lanciert\/#primaryimage","url":"https:\/\/news.save.ch\/wp-content\/uploads\/2024\/09\/Depositphotos_40874051_S.jpg","contentUrl":"https:\/\/news.save.ch\/wp-content\/uploads\/2024\/09\/Depositphotos_40874051_S.jpg"},{"@type":"BreadcrumbList","@id":"https:\/\/news.save.ch\/sicheres-datenverbundnetz-plus-sdvn-neuplanung-der-erschliessung-der-kantonsstandorte-lanciert\/#breadcrumb","itemListElement":[{"@type":"ListItem","position":1,"name":"Home","item":"https:\/\/news.save.ch\/de\/"},{"@type":"ListItem","position":2,"name":"Sicheres Datenverbundnetz Plus (SDVN+): Neuplanung der Erschliessung der Kantonsstandorte lanciert"}]},{"@type":"WebSite","@id":"https:\/\/news.save.ch\/de\/#website","url":"https:\/\/news.save.ch\/de\/","name":"Save","description":"Schweizer Fachzeitschrift f\u00fcr Sicherheit","publisher":{"@id":"https:\/\/news.save.ch\/de\/#organization"},"potentialAction":[{"@type":"SearchAction","target":{"@type":"EntryPoint","urlTemplate":"https:\/\/news.save.ch\/de\/?s={search_term_string}"},"query-input":{"@type":"PropertyValueSpecification","valueRequired":true,"valueName":"search_term_string"}}],"inLanguage":"de"},{"@type":"Organization","@id":"https:\/\/news.save.ch\/de\/#organization","name":"Sicherheitsforum","url":"https:\/\/news.save.ch\/de\/","logo":{"@type":"ImageObject","inLanguage":"de","@id":"https:\/\/news.save.ch\/de\/#\/schema\/logo\/image\/","url":"https:\/\/news.save.ch\/wp-content\/uploads\/2022\/06\/Logo_SF_2012.png","contentUrl":"https:\/\/news.save.ch\/wp-content\/uploads\/2022\/06\/Logo_SF_2012.png","width":1100,"height":91,"caption":"Sicherheitsforum"},"image":{"@id":"https:\/\/news.save.ch\/de\/#\/schema\/logo\/image\/"}},{"@type":"Person","@id":"https:\/\/news.save.ch\/de\/#\/schema\/person\/10917387362b3961e882740f6cf6f2a2","name":"stefanie Zeng","image":{"@type":"ImageObject","inLanguage":"de","@id":"https:\/\/secure.gravatar.com\/avatar\/eac43faa6e40bb2c41068c95c9d78bbd94c476d5efdff7abaab80bb3ea681e06?s=96&d=mm&r=g","url":"https:\/\/secure.gravatar.com\/avatar\/eac43faa6e40bb2c41068c95c9d78bbd94c476d5efdff7abaab80bb3ea681e06?s=96&d=mm&r=g","contentUrl":"https:\/\/secure.gravatar.com\/avatar\/eac43faa6e40bb2c41068c95c9d78bbd94c476d5efdff7abaab80bb3ea681e06?s=96&d=mm&r=g","caption":"stefanie Zeng"},"url":"https:\/\/news.save.ch\/de\/author\/stefanie-zeng\/"}]}},"_links":{"self":[{"href":"https:\/\/news.save.ch\/de\/wp-json\/wp\/v2\/posts\/23551","targetHints":{"allow":["GET"]}}],"collection":[{"href":"https:\/\/news.save.ch\/de\/wp-json\/wp\/v2\/posts"}],"about":[{"href":"https:\/\/news.save.ch\/de\/wp-json\/wp\/v2\/types\/post"}],"author":[{"embeddable":true,"href":"https:\/\/news.save.ch\/de\/wp-json\/wp\/v2\/users\/31"}],"replies":[{"embeddable":true,"href":"https:\/\/news.save.ch\/de\/wp-json\/wp\/v2\/comments?post=23551"}],"version-history":[{"count":2,"href":"https:\/\/news.save.ch\/de\/wp-json\/wp\/v2\/posts\/23551\/revisions"}],"predecessor-version":[{"id":23554,"href":"https:\/\/news.save.ch\/de\/wp-json\/wp\/v2\/posts\/23551\/revisions\/23554"}],"wp:attachment":[{"href":"https:\/\/news.save.ch\/de\/wp-json\/wp\/v2\/media?parent=23551"}],"wp:term":[{"taxonomy":"category","embeddable":true,"href":"https:\/\/news.save.ch\/de\/wp-json\/wp\/v2\/categories?post=23551"},{"taxonomy":"post_tag","embeddable":true,"href":"https:\/\/news.save.ch\/de\/wp-json\/wp\/v2\/tags?post=23551"}],"curies":[{"name":"wp","href":"https:\/\/api.w.org\/{rel}","templated":true}]}}