{"id":23570,"date":"2024-09-25T08:29:51","date_gmt":"2024-09-25T06:29:51","guid":{"rendered":"https:\/\/news.save.ch\/?p=23570"},"modified":"2024-09-25T08:29:57","modified_gmt":"2024-09-25T06:29:57","slug":"ueber-900-000-unfaelle-in-der-schweiz-berufsunfaelle-und-berufskrankheiten-nehmen-ab","status":null,"type":"post","link":"https:\/\/news.save.ch\/de\/ueber-900-000-unfaelle-in-der-schweiz-berufsunfaelle-und-berufskrankheiten-nehmen-ab\/","title":{"rendered":"\u00dcber 900 000 Un\u00adf\u00e4l\u00adle in der Schweiz: Be\u00adrufs\u00adun\u00adf\u00e4l\u00adle und Be\u00adrufs\u00adkrank\u00adhei\u00adten neh\u00admen ab"},"content":{"rendered":"<figure id=\"attachment_23571\" aria-describedby=\"caption-attachment-23571\" style=\"width: 1000px\" class=\"wp-caption alignnone\"><a href=\"https:\/\/news.save.ch\/ueber-900-000-unfaelle-in-der-schweiz-berufsunfaelle-und-berufskrankheiten-nehmen-ab\/depositphotos_299714150_s\/\" rel=\"attachment wp-att-23571\"><img loading=\"lazy\" decoding=\"async\" class=\"size-full wp-image-23571\" src=\"https:\/\/news.save.ch\/wp-content\/uploads\/2024\/09\/Depositphotos_299714150_S.jpg\" alt=\"\" width=\"1000\" height=\"667\" srcset=\"https:\/\/news.save.ch\/wp-content\/uploads\/2024\/09\/Depositphotos_299714150_S.jpg 1000w, https:\/\/news.save.ch\/wp-content\/uploads\/2024\/09\/Depositphotos_299714150_S-680x454.jpg 680w, https:\/\/news.save.ch\/wp-content\/uploads\/2024\/09\/Depositphotos_299714150_S-768x512.jpg 768w, https:\/\/news.save.ch\/wp-content\/uploads\/2024\/09\/Depositphotos_299714150_S-18x12.jpg 18w, https:\/\/news.save.ch\/wp-content\/uploads\/2024\/09\/Depositphotos_299714150_S-375x250.jpg 375w, https:\/\/news.save.ch\/wp-content\/uploads\/2024\/09\/Depositphotos_299714150_S-525x350.jpg 525w\" sizes=\"auto, (max-width: 1000px) 100vw, 1000px\" \/><\/a><figcaption id=\"caption-attachment-23571\" class=\"wp-caption-text\">Foto: Depositphotos\/AndreyPopov<\/figcaption><\/figure>\n<p>Alle in der Schweiz besch\u00e4ftigten Arbeitnehmenden sind gem\u00e4ss Unfallversicherungsgesetz (UVG) obligatorisch gegen Berufsunf\u00e4lle und Berufskrankheiten versichert. Wer mindestens acht Stunden pro Woche arbeitet, ist auch gegen Freizeitunf\u00e4lle versichert. Ebenfalls obligatorisch gegen Berufs- und Freizeitunf\u00e4lle versichert sind stellensuchende Personen und Personen in IV-Massnahmen.<\/p>\n<p>Die insgesamt 22 UVG-Versicherer in der Schweiz registrierten im Jahr 2023 rund 908 000 Unf\u00e4lle und Berufskrankheiten (siehe Tabelle). Dies entspricht zwar in der Summe in etwa dem Vorjahresniveau (\u2013 0,3 Prozent), doch haben sich die Berufs- und die Nichtberufsunfallversicherung unterschiedlich entwickelt: W\u00e4hrend die Anzahl der Berufsunf\u00e4lle und Berufskrankheiten im Vergleich zum Vorjahr um 2,4 Prozent zur\u00fcckgegangen ist (auf 286 000 Schadenf\u00e4lle), haben Freizeitunf\u00e4lle leicht zugenommen (um 1,0 Prozent auf 607 000 Schadenf\u00e4lle). Bei den stellensuchenden Personen ist erneut ein R\u00fcckgang der Unf\u00e4lle zu beobachten (\u2013 14,2 Prozent auf rund 14 000 Schadenf\u00e4lle), da es im Vergleich zum Vorjahr erneut weniger registrierte Stellensuchende gab. Bei den Personen in IV-Massnahmen wurden rund 1600 Unf\u00e4lle gemeldet.<\/p>\n<p>Alle UVG-Versicherer zusammen wendeten im Jahr 2022 rund 6,9 Milliarden Franken an Versicherungsleistungen auf, vor allem f\u00fcr Heilkosten (\u00e4rztliche und therapeutische Leistungen), Taggelder sowie f\u00fcr R\u00fcckstellungen f\u00fcr Invaliden- und Hinterlassenenrenten. Der gr\u00f6sste Teil der Kosten verursachten mit 63,3 Prozent die Freizeitunf\u00e4lle, 33,5 Prozent wurden f\u00fcr Berufsunf\u00e4lle und Berufskrankheiten gezahlt.<\/p>\n<figure id=\"attachment_23574\" aria-describedby=\"caption-attachment-23574\" style=\"width: 1242px\" class=\"wp-caption alignnone\"><a href=\"https:\/\/news.save.ch\/ueber-900-000-unfaelle-in-der-schweiz-berufsunfaelle-und-berufskrankheiten-nehmen-ab\/bildschirmfoto-2024-09-25-um-08-26-38\/\" rel=\"attachment wp-att-23574\"><img loading=\"lazy\" decoding=\"async\" class=\"size-full wp-image-23574\" src=\"https:\/\/news.save.ch\/wp-content\/uploads\/2024\/09\/Bildschirmfoto-2024-09-25-um-08.26.38.png\" alt=\"\" width=\"1242\" height=\"1088\" srcset=\"https:\/\/news.save.ch\/wp-content\/uploads\/2024\/09\/Bildschirmfoto-2024-09-25-um-08.26.38.png 1200w, https:\/\/news.save.ch\/wp-content\/uploads\/2024\/09\/Bildschirmfoto-2024-09-25-um-08.26.38-680x596.png 680w, https:\/\/news.save.ch\/wp-content\/uploads\/2024\/09\/Bildschirmfoto-2024-09-25-um-08.26.38-1024x897.png 1024w, https:\/\/news.save.ch\/wp-content\/uploads\/2024\/09\/Bildschirmfoto-2024-09-25-um-08.26.38-768x673.png 768w, https:\/\/news.save.ch\/wp-content\/uploads\/2024\/09\/Bildschirmfoto-2024-09-25-um-08.26.38-14x12.png 14w, https:\/\/news.save.ch\/wp-content\/uploads\/2024\/09\/Bildschirmfoto-2024-09-25-um-08.26.38-342x300.png 342w, https:\/\/news.save.ch\/wp-content\/uploads\/2024\/09\/Bildschirmfoto-2024-09-25-um-08.26.38-400x350.png 400w, https:\/\/news.save.ch\/wp-content\/uploads\/2024\/09\/Bildschirmfoto-2024-09-25-um-08.26.38-913x800.png 913w\" sizes=\"auto, (max-width: 1242px) 100vw, 1242px\" \/><\/a><figcaption id=\"caption-attachment-23574\" class=\"wp-caption-text\">Quelle: SVV<\/figcaption><\/figure>\n<div class=\"field field--name-field-motive-title field--type-string field--label-hidden\">\n<div id=\"zusammensetzung-des-versicherungsbestands-beeinflusst-das-unfallgeschehen\" class=\"field__item\">\n<h4>Zusammensetzung des Versicherungsbestands beeinflusst das Unfallgeschehen<\/h4>\n<\/div>\n<\/div>\n<div class=\"clearfix text-formatted field field--name-field-paragraph field--type-text-long field--label-hidden field__item\" data-once=\"svv-tables\">\n<p>Die Unfallstatistik widmet sich dieses Jahr den Unterschieden zwischen der Suva und den \u00fcbrigen Versicherern. Das Fokuskapitel verdeutlicht, welche Auswirkungen der gesetzesbedingt unterschiedliche Aufbau der Versichertenkollektive auf das Unfallgeschehen und in Folge auf Fallkosten und Pr\u00e4mien hat.<\/p>\n<p>Grosse Unterschiede sind vor allem in der Berufsunfallversicherung zu sehen. Da die Suva, wie vom Gesetz vorgeschrieben, fast den ganzen Gewerbe- und Industriesektor versichert, umfasst ihr Versichertenbestand viele Betriebe mit hohem Unfallrisiko. Mit rund 83 j\u00e4hrlichen Berufsunf\u00e4llen pro 1000 Vollzeitstellen ist das Unfallrisiko etwa doppelt so hoch wie bei den \u00fcbrigen Unfallversicherern, die haupts\u00e4chlich Unternehmen im Dienstleistungssektor versichern. Das macht sich auch bei den Pr\u00e4mien bemerkbar. W\u00e4hrend die Suva in der Berufsunfallversicherung 2022 Pr\u00e4mien in H\u00f6he von 1,6 Milliarden Franken erhob, was rund 0,9 Prozent der versicherten Lohnsumme entspricht, fielen die Nettopr\u00e4minen der \u00fcbrigen Unfallversicherer mit 0,4 Milliarden Franken und entsprechend 0,2 Prozent der Lohnsumme deutlich geringer aus.<\/p>\n<p>Mit Bezug auf die Freizeitunf\u00e4lle sind die Unterschiede zwischen den Best\u00e4nden der Suva und denen der \u00fcbrigen Versicherer geringer. Hier ist das Unfallrisiko mit durchschnittlich 128 (Suva) bzw. 127 (\u00fcbrige Versicherer) F\u00e4llen pro 1000 Vollzeitstellen etwa gleich hoch. Da jedoch Versicherte mit mehrheitlich k\u00f6rperlicher Arbeit weniger schnell in den Beruf zur\u00fcckkehren k\u00f6nnen, weist der Versichertenbestand der Suva durchschnittlich l\u00e4ngere Arbeitsausf\u00e4lle und entsprechend h\u00f6here Kosten auf: So belaufen sich die durchschnittlichen Kosten pro Unfall bei der Suva auf 5700 Franken, w\u00e4hrend es bei den \u00fcbrigen Versicherern 4000 Franken sind.<\/p>\n<p>Bei der Verteilung der Berufskrankheiten sorgte die Coronapandemie f\u00fcr eine Verschiebung. W\u00e4hrend urspr\u00fcnglich vor allem produzierende Betriebe ein h\u00f6heres Risiko f\u00fcr Berufskrankheiten verzeichnen, die sich fast g\u00e4nzlich im Versichertenkollektiv der Suva wiederfinden, sorgte Covid-19 f\u00fcr einen deutlichen Anstieg anerkannter Berufskrankheiten bei Spit\u00e4lern, Heimen oder Laboratorien, die grossmehrheitlich bei den \u00fcbrigen Unfallversicherern versichert sind.<\/p>\n<p><em>Quelle: SVV<\/em><\/p>\n<\/div>\n","protected":false},"excerpt":{"rendered":"<p>Alle in der Schweiz besch\u00e4ftigten Arbeitnehmenden sind gem\u00e4ss Unfallversicherungsgesetz (UVG) obligatorisch gegen Berufsunf\u00e4lle und Berufskrankheiten versichert. Wer mindestens acht Stunden pro Woche arbeitet, ist auch gegen Freizeitunf\u00e4lle versichert. Ebenfalls obligatorisch gegen Berufs- und Freizeitunf\u00e4lle versichert sind stellensuchende Personen und Personen in IV-Massnahmen. Die insgesamt 22 UVG-Versicherer in der Schweiz registrierten im Jahr 2023 rund 908 [&hellip;]<\/p>\n","protected":false},"author":31,"featured_media":23571,"comment_status":"closed","ping_status":"closed","sticky":false,"template":"","format":"standard","meta":{"_acf_changed":false,"pgc_sgb_lightbox_settings":"","footnotes":""},"categories":[3314],"tags":[3941,1768,6412],"class_list":["post-23570","post","type-post","status-publish","format-standard","has-post-thumbnail","hentry","category-health-safety","tag-berufskrankheiten","tag-berufsunfaelle","tag-svv"],"acf":[],"hkrextid":null,"publication":null,"issue":null,"workflow":null,"startPage":null,"spitzmarke":null,"_posts_by_tag_page_fields":null,"_at_widget":null,"_yoast_wpseo_primary_category":"3314","_yoast_wpseo_focuskw_text_input":null,"_yoast_wpseo_opengraph-image":null,"_yoast_wpseo_opengraph-description":null,"_yoast_wpseo_opengraph-title":null,"enclosure":null,"_yoast_wpseo_twitter-title":null,"_yoast_wpseo_twitter-description":null,"_yoast_wpseo_twitter-image":null,"_wp_old_slug":null,"_yoast_wpseo_title":null,"_yoast_wpseo_canonical":null,"yoast_head":"<!-- This site is optimized with the Yoast SEO plugin v27.5 - https:\/\/yoast.com\/product\/yoast-seo-wordpress\/ -->\n<title>\u00dcber 900 000 Un\u00adf\u00e4l\u00adle in der Schweiz: Be\u00adrufs\u00adun\u00adf\u00e4l\u00adle und Be\u00adrufs\u00adkrank\u00adhei\u00adten neh\u00admen ab - Save<\/title>\n<meta name=\"description\" content=\"Berufsunf\u00e4lle gingen 2023 gegen\u00fcber dem Vorjahr leicht zur\u00fcck, die Freizeitunf\u00e4lle nahmen leicht zu.\" \/>\n<meta name=\"robots\" content=\"index, follow, max-snippet:-1, max-image-preview:large, max-video-preview:-1\" \/>\n<link rel=\"canonical\" href=\"https:\/\/news.save.ch\/de\/ueber-900-000-unfaelle-in-der-schweiz-berufsunfaelle-und-berufskrankheiten-nehmen-ab\/\" \/>\n<meta property=\"og:locale\" content=\"de_DE\" \/>\n<meta property=\"og:type\" content=\"article\" \/>\n<meta property=\"og:title\" content=\"\u00dcber 900 000 Un\u00adf\u00e4l\u00adle in der Schweiz: Be\u00adrufs\u00adun\u00adf\u00e4l\u00adle und Be\u00adrufs\u00adkrank\u00adhei\u00adten neh\u00admen ab - Save\" \/>\n<meta property=\"og:description\" content=\"Berufsunf\u00e4lle gingen 2023 gegen\u00fcber dem Vorjahr leicht zur\u00fcck, die Freizeitunf\u00e4lle nahmen leicht zu.\" \/>\n<meta property=\"og:url\" content=\"https:\/\/news.save.ch\/de\/ueber-900-000-unfaelle-in-der-schweiz-berufsunfaelle-und-berufskrankheiten-nehmen-ab\/\" \/>\n<meta property=\"og:site_name\" content=\"Save\" \/>\n<meta property=\"article:published_time\" content=\"2024-09-25T06:29:51+00:00\" \/>\n<meta property=\"article:modified_time\" content=\"2024-09-25T06:29:57+00:00\" \/>\n<meta property=\"og:image\" content=\"https:\/\/news.save.ch\/wp-content\/uploads\/2024\/09\/Depositphotos_299714150_S.jpg\" \/>\n\t<meta property=\"og:image:width\" content=\"1000\" \/>\n\t<meta property=\"og:image:height\" content=\"667\" \/>\n\t<meta property=\"og:image:type\" content=\"image\/jpeg\" \/>\n<meta name=\"author\" content=\"stefanie Zeng\" \/>\n<meta name=\"twitter:card\" content=\"summary_large_image\" \/>\n<meta name=\"twitter:label1\" content=\"Geschrieben von\" \/>\n\t<meta name=\"twitter:data1\" content=\"stefanie Zeng\" \/>\n\t<meta name=\"twitter:label2\" content=\"Gesch\u00e4tzte Lesezeit\" \/>\n\t<meta name=\"twitter:data2\" content=\"4\u00a0Minuten\" \/>\n<script type=\"application\/ld+json\" class=\"yoast-schema-graph\">{\"@context\":\"https:\\\/\\\/schema.org\",\"@graph\":[{\"@type\":\"Article\",\"@id\":\"https:\\\/\\\/news.save.ch\\\/ueber-900-000-unfaelle-in-der-schweiz-berufsunfaelle-und-berufskrankheiten-nehmen-ab\\\/#article\",\"isPartOf\":{\"@id\":\"https:\\\/\\\/news.save.ch\\\/ueber-900-000-unfaelle-in-der-schweiz-berufsunfaelle-und-berufskrankheiten-nehmen-ab\\\/\"},\"author\":{\"name\":\"stefanie Zeng\",\"@id\":\"https:\\\/\\\/news.save.ch\\\/de\\\/#\\\/schema\\\/person\\\/10917387362b3961e882740f6cf6f2a2\"},\"headline\":\"\u00dcber 900 000 Un\u00adf\u00e4l\u00adle in der Schweiz: Be\u00adrufs\u00adun\u00adf\u00e4l\u00adle und Be\u00adrufs\u00adkrank\u00adhei\u00adten neh\u00admen ab\",\"datePublished\":\"2024-09-25T06:29:51+00:00\",\"dateModified\":\"2024-09-25T06:29:57+00:00\",\"mainEntityOfPage\":{\"@id\":\"https:\\\/\\\/news.save.ch\\\/ueber-900-000-unfaelle-in-der-schweiz-berufsunfaelle-und-berufskrankheiten-nehmen-ab\\\/\"},\"wordCount\":559,\"publisher\":{\"@id\":\"https:\\\/\\\/news.save.ch\\\/de\\\/#organization\"},\"image\":{\"@id\":\"https:\\\/\\\/news.save.ch\\\/ueber-900-000-unfaelle-in-der-schweiz-berufsunfaelle-und-berufskrankheiten-nehmen-ab\\\/#primaryimage\"},\"thumbnailUrl\":\"https:\\\/\\\/news.save.ch\\\/wp-content\\\/uploads\\\/2024\\\/09\\\/Depositphotos_299714150_S.jpg\",\"keywords\":[\"Berufskrankheiten\",\"Berufsunf\u00e4lle\",\"SVV\"],\"articleSection\":[\"HEALTH &amp; SAFETY\"],\"inLanguage\":\"de\"},{\"@type\":\"WebPage\",\"@id\":\"https:\\\/\\\/news.save.ch\\\/ueber-900-000-unfaelle-in-der-schweiz-berufsunfaelle-und-berufskrankheiten-nehmen-ab\\\/\",\"url\":\"https:\\\/\\\/news.save.ch\\\/ueber-900-000-unfaelle-in-der-schweiz-berufsunfaelle-und-berufskrankheiten-nehmen-ab\\\/\",\"name\":\"\u00dcber 900 000 Un\u00adf\u00e4l\u00adle in der Schweiz: Be\u00adrufs\u00adun\u00adf\u00e4l\u00adle und Be\u00adrufs\u00adkrank\u00adhei\u00adten neh\u00admen ab - Save\",\"isPartOf\":{\"@id\":\"https:\\\/\\\/news.save.ch\\\/de\\\/#website\"},\"primaryImageOfPage\":{\"@id\":\"https:\\\/\\\/news.save.ch\\\/ueber-900-000-unfaelle-in-der-schweiz-berufsunfaelle-und-berufskrankheiten-nehmen-ab\\\/#primaryimage\"},\"image\":{\"@id\":\"https:\\\/\\\/news.save.ch\\\/ueber-900-000-unfaelle-in-der-schweiz-berufsunfaelle-und-berufskrankheiten-nehmen-ab\\\/#primaryimage\"},\"thumbnailUrl\":\"https:\\\/\\\/news.save.ch\\\/wp-content\\\/uploads\\\/2024\\\/09\\\/Depositphotos_299714150_S.jpg\",\"datePublished\":\"2024-09-25T06:29:51+00:00\",\"dateModified\":\"2024-09-25T06:29:57+00:00\",\"description\":\"Berufsunf\u00e4lle gingen 2023 gegen\u00fcber dem Vorjahr leicht zur\u00fcck, die Freizeitunf\u00e4lle nahmen leicht zu.\",\"breadcrumb\":{\"@id\":\"https:\\\/\\\/news.save.ch\\\/ueber-900-000-unfaelle-in-der-schweiz-berufsunfaelle-und-berufskrankheiten-nehmen-ab\\\/#breadcrumb\"},\"inLanguage\":\"de\",\"potentialAction\":[{\"@type\":\"ReadAction\",\"target\":[\"https:\\\/\\\/news.save.ch\\\/ueber-900-000-unfaelle-in-der-schweiz-berufsunfaelle-und-berufskrankheiten-nehmen-ab\\\/\"]}]},{\"@type\":\"ImageObject\",\"inLanguage\":\"de\",\"@id\":\"https:\\\/\\\/news.save.ch\\\/ueber-900-000-unfaelle-in-der-schweiz-berufsunfaelle-und-berufskrankheiten-nehmen-ab\\\/#primaryimage\",\"url\":\"https:\\\/\\\/news.save.ch\\\/wp-content\\\/uploads\\\/2024\\\/09\\\/Depositphotos_299714150_S.jpg\",\"contentUrl\":\"https:\\\/\\\/news.save.ch\\\/wp-content\\\/uploads\\\/2024\\\/09\\\/Depositphotos_299714150_S.jpg\",\"width\":1000,\"height\":667,\"caption\":\"Foto: Depositphotos\\\/AndreyPopov\"},{\"@type\":\"BreadcrumbList\",\"@id\":\"https:\\\/\\\/news.save.ch\\\/ueber-900-000-unfaelle-in-der-schweiz-berufsunfaelle-und-berufskrankheiten-nehmen-ab\\\/#breadcrumb\",\"itemListElement\":[{\"@type\":\"ListItem\",\"position\":1,\"name\":\"Home\",\"item\":\"https:\\\/\\\/news.save.ch\\\/de\\\/\"},{\"@type\":\"ListItem\",\"position\":2,\"name\":\"\u00dcber 900 000 Un\u00adf\u00e4l\u00adle in der Schweiz: Be\u00adrufs\u00adun\u00adf\u00e4l\u00adle und Be\u00adrufs\u00adkrank\u00adhei\u00adten neh\u00admen ab\"}]},{\"@type\":\"WebSite\",\"@id\":\"https:\\\/\\\/news.save.ch\\\/de\\\/#website\",\"url\":\"https:\\\/\\\/news.save.ch\\\/de\\\/\",\"name\":\"Save\",\"description\":\"Schweizer Fachzeitschrift f\u00fcr Sicherheit\",\"publisher\":{\"@id\":\"https:\\\/\\\/news.save.ch\\\/de\\\/#organization\"},\"potentialAction\":[{\"@type\":\"SearchAction\",\"target\":{\"@type\":\"EntryPoint\",\"urlTemplate\":\"https:\\\/\\\/news.save.ch\\\/de\\\/?s={search_term_string}\"},\"query-input\":{\"@type\":\"PropertyValueSpecification\",\"valueRequired\":true,\"valueName\":\"search_term_string\"}}],\"inLanguage\":\"de\"},{\"@type\":\"Organization\",\"@id\":\"https:\\\/\\\/news.save.ch\\\/de\\\/#organization\",\"name\":\"Sicherheitsforum\",\"url\":\"https:\\\/\\\/news.save.ch\\\/de\\\/\",\"logo\":{\"@type\":\"ImageObject\",\"inLanguage\":\"de\",\"@id\":\"https:\\\/\\\/news.save.ch\\\/de\\\/#\\\/schema\\\/logo\\\/image\\\/\",\"url\":\"https:\\\/\\\/news.save.ch\\\/wp-content\\\/uploads\\\/2022\\\/06\\\/Logo_SF_2012.png\",\"contentUrl\":\"https:\\\/\\\/news.save.ch\\\/wp-content\\\/uploads\\\/2022\\\/06\\\/Logo_SF_2012.png\",\"width\":1100,\"height\":91,\"caption\":\"Sicherheitsforum\"},\"image\":{\"@id\":\"https:\\\/\\\/news.save.ch\\\/de\\\/#\\\/schema\\\/logo\\\/image\\\/\"}},{\"@type\":\"Person\",\"@id\":\"https:\\\/\\\/news.save.ch\\\/de\\\/#\\\/schema\\\/person\\\/10917387362b3961e882740f6cf6f2a2\",\"name\":\"stefanie Zeng\",\"image\":{\"@type\":\"ImageObject\",\"inLanguage\":\"de\",\"@id\":\"https:\\\/\\\/secure.gravatar.com\\\/avatar\\\/eac43faa6e40bb2c41068c95c9d78bbd94c476d5efdff7abaab80bb3ea681e06?s=96&d=mm&r=g\",\"url\":\"https:\\\/\\\/secure.gravatar.com\\\/avatar\\\/eac43faa6e40bb2c41068c95c9d78bbd94c476d5efdff7abaab80bb3ea681e06?s=96&d=mm&r=g\",\"contentUrl\":\"https:\\\/\\\/secure.gravatar.com\\\/avatar\\\/eac43faa6e40bb2c41068c95c9d78bbd94c476d5efdff7abaab80bb3ea681e06?s=96&d=mm&r=g\",\"caption\":\"stefanie Zeng\"},\"url\":\"https:\\\/\\\/news.save.ch\\\/de\\\/author\\\/stefanie-zeng\\\/\"}]}<\/script>\n<!-- \/ Yoast SEO plugin. -->","yoast_head_json":{"title":"\u00dcber 900 000 Un\u00adf\u00e4l\u00adle in der Schweiz: Be\u00adrufs\u00adun\u00adf\u00e4l\u00adle und Be\u00adrufs\u00adkrank\u00adhei\u00adten neh\u00admen ab - Save","description":"Berufsunf\u00e4lle gingen 2023 gegen\u00fcber dem Vorjahr leicht zur\u00fcck, die Freizeitunf\u00e4lle nahmen leicht zu.","robots":{"index":"index","follow":"follow","max-snippet":"max-snippet:-1","max-image-preview":"max-image-preview:large","max-video-preview":"max-video-preview:-1"},"canonical":"https:\/\/news.save.ch\/de\/ueber-900-000-unfaelle-in-der-schweiz-berufsunfaelle-und-berufskrankheiten-nehmen-ab\/","og_locale":"de_DE","og_type":"article","og_title":"\u00dcber 900 000 Un\u00adf\u00e4l\u00adle in der Schweiz: Be\u00adrufs\u00adun\u00adf\u00e4l\u00adle und Be\u00adrufs\u00adkrank\u00adhei\u00adten neh\u00admen ab - Save","og_description":"Berufsunf\u00e4lle gingen 2023 gegen\u00fcber dem Vorjahr leicht zur\u00fcck, die Freizeitunf\u00e4lle nahmen leicht zu.","og_url":"https:\/\/news.save.ch\/de\/ueber-900-000-unfaelle-in-der-schweiz-berufsunfaelle-und-berufskrankheiten-nehmen-ab\/","og_site_name":"Save","article_published_time":"2024-09-25T06:29:51+00:00","article_modified_time":"2024-09-25T06:29:57+00:00","og_image":[{"width":1000,"height":667,"url":"https:\/\/news.save.ch\/wp-content\/uploads\/2024\/09\/Depositphotos_299714150_S.jpg","type":"image\/jpeg"}],"author":"stefanie Zeng","twitter_card":"summary_large_image","twitter_misc":{"Geschrieben von":"stefanie Zeng","Gesch\u00e4tzte Lesezeit":"4\u00a0Minuten"},"schema":{"@context":"https:\/\/schema.org","@graph":[{"@type":"Article","@id":"https:\/\/news.save.ch\/ueber-900-000-unfaelle-in-der-schweiz-berufsunfaelle-und-berufskrankheiten-nehmen-ab\/#article","isPartOf":{"@id":"https:\/\/news.save.ch\/ueber-900-000-unfaelle-in-der-schweiz-berufsunfaelle-und-berufskrankheiten-nehmen-ab\/"},"author":{"name":"stefanie Zeng","@id":"https:\/\/news.save.ch\/de\/#\/schema\/person\/10917387362b3961e882740f6cf6f2a2"},"headline":"\u00dcber 900 000 Un\u00adf\u00e4l\u00adle in der Schweiz: Be\u00adrufs\u00adun\u00adf\u00e4l\u00adle und Be\u00adrufs\u00adkrank\u00adhei\u00adten neh\u00admen ab","datePublished":"2024-09-25T06:29:51+00:00","dateModified":"2024-09-25T06:29:57+00:00","mainEntityOfPage":{"@id":"https:\/\/news.save.ch\/ueber-900-000-unfaelle-in-der-schweiz-berufsunfaelle-und-berufskrankheiten-nehmen-ab\/"},"wordCount":559,"publisher":{"@id":"https:\/\/news.save.ch\/de\/#organization"},"image":{"@id":"https:\/\/news.save.ch\/ueber-900-000-unfaelle-in-der-schweiz-berufsunfaelle-und-berufskrankheiten-nehmen-ab\/#primaryimage"},"thumbnailUrl":"https:\/\/news.save.ch\/wp-content\/uploads\/2024\/09\/Depositphotos_299714150_S.jpg","keywords":["Berufskrankheiten","Berufsunf\u00e4lle","SVV"],"articleSection":["HEALTH &amp; SAFETY"],"inLanguage":"de"},{"@type":"WebPage","@id":"https:\/\/news.save.ch\/ueber-900-000-unfaelle-in-der-schweiz-berufsunfaelle-und-berufskrankheiten-nehmen-ab\/","url":"https:\/\/news.save.ch\/ueber-900-000-unfaelle-in-der-schweiz-berufsunfaelle-und-berufskrankheiten-nehmen-ab\/","name":"\u00dcber 900 000 Un\u00adf\u00e4l\u00adle in der Schweiz: Be\u00adrufs\u00adun\u00adf\u00e4l\u00adle und Be\u00adrufs\u00adkrank\u00adhei\u00adten neh\u00admen ab - Save","isPartOf":{"@id":"https:\/\/news.save.ch\/de\/#website"},"primaryImageOfPage":{"@id":"https:\/\/news.save.ch\/ueber-900-000-unfaelle-in-der-schweiz-berufsunfaelle-und-berufskrankheiten-nehmen-ab\/#primaryimage"},"image":{"@id":"https:\/\/news.save.ch\/ueber-900-000-unfaelle-in-der-schweiz-berufsunfaelle-und-berufskrankheiten-nehmen-ab\/#primaryimage"},"thumbnailUrl":"https:\/\/news.save.ch\/wp-content\/uploads\/2024\/09\/Depositphotos_299714150_S.jpg","datePublished":"2024-09-25T06:29:51+00:00","dateModified":"2024-09-25T06:29:57+00:00","description":"Berufsunf\u00e4lle gingen 2023 gegen\u00fcber dem Vorjahr leicht zur\u00fcck, die Freizeitunf\u00e4lle nahmen leicht zu.","breadcrumb":{"@id":"https:\/\/news.save.ch\/ueber-900-000-unfaelle-in-der-schweiz-berufsunfaelle-und-berufskrankheiten-nehmen-ab\/#breadcrumb"},"inLanguage":"de","potentialAction":[{"@type":"ReadAction","target":["https:\/\/news.save.ch\/ueber-900-000-unfaelle-in-der-schweiz-berufsunfaelle-und-berufskrankheiten-nehmen-ab\/"]}]},{"@type":"ImageObject","inLanguage":"de","@id":"https:\/\/news.save.ch\/ueber-900-000-unfaelle-in-der-schweiz-berufsunfaelle-und-berufskrankheiten-nehmen-ab\/#primaryimage","url":"https:\/\/news.save.ch\/wp-content\/uploads\/2024\/09\/Depositphotos_299714150_S.jpg","contentUrl":"https:\/\/news.save.ch\/wp-content\/uploads\/2024\/09\/Depositphotos_299714150_S.jpg","width":1000,"height":667,"caption":"Foto: Depositphotos\/AndreyPopov"},{"@type":"BreadcrumbList","@id":"https:\/\/news.save.ch\/ueber-900-000-unfaelle-in-der-schweiz-berufsunfaelle-und-berufskrankheiten-nehmen-ab\/#breadcrumb","itemListElement":[{"@type":"ListItem","position":1,"name":"Home","item":"https:\/\/news.save.ch\/de\/"},{"@type":"ListItem","position":2,"name":"\u00dcber 900 000 Un\u00adf\u00e4l\u00adle in der Schweiz: Be\u00adrufs\u00adun\u00adf\u00e4l\u00adle und Be\u00adrufs\u00adkrank\u00adhei\u00adten neh\u00admen ab"}]},{"@type":"WebSite","@id":"https:\/\/news.save.ch\/de\/#website","url":"https:\/\/news.save.ch\/de\/","name":"Save","description":"Schweizer Fachzeitschrift f\u00fcr Sicherheit","publisher":{"@id":"https:\/\/news.save.ch\/de\/#organization"},"potentialAction":[{"@type":"SearchAction","target":{"@type":"EntryPoint","urlTemplate":"https:\/\/news.save.ch\/de\/?s={search_term_string}"},"query-input":{"@type":"PropertyValueSpecification","valueRequired":true,"valueName":"search_term_string"}}],"inLanguage":"de"},{"@type":"Organization","@id":"https:\/\/news.save.ch\/de\/#organization","name":"Sicherheitsforum","url":"https:\/\/news.save.ch\/de\/","logo":{"@type":"ImageObject","inLanguage":"de","@id":"https:\/\/news.save.ch\/de\/#\/schema\/logo\/image\/","url":"https:\/\/news.save.ch\/wp-content\/uploads\/2022\/06\/Logo_SF_2012.png","contentUrl":"https:\/\/news.save.ch\/wp-content\/uploads\/2022\/06\/Logo_SF_2012.png","width":1100,"height":91,"caption":"Sicherheitsforum"},"image":{"@id":"https:\/\/news.save.ch\/de\/#\/schema\/logo\/image\/"}},{"@type":"Person","@id":"https:\/\/news.save.ch\/de\/#\/schema\/person\/10917387362b3961e882740f6cf6f2a2","name":"stefanie Zeng","image":{"@type":"ImageObject","inLanguage":"de","@id":"https:\/\/secure.gravatar.com\/avatar\/eac43faa6e40bb2c41068c95c9d78bbd94c476d5efdff7abaab80bb3ea681e06?s=96&d=mm&r=g","url":"https:\/\/secure.gravatar.com\/avatar\/eac43faa6e40bb2c41068c95c9d78bbd94c476d5efdff7abaab80bb3ea681e06?s=96&d=mm&r=g","contentUrl":"https:\/\/secure.gravatar.com\/avatar\/eac43faa6e40bb2c41068c95c9d78bbd94c476d5efdff7abaab80bb3ea681e06?s=96&d=mm&r=g","caption":"stefanie Zeng"},"url":"https:\/\/news.save.ch\/de\/author\/stefanie-zeng\/"}]}},"_links":{"self":[{"href":"https:\/\/news.save.ch\/de\/wp-json\/wp\/v2\/posts\/23570","targetHints":{"allow":["GET"]}}],"collection":[{"href":"https:\/\/news.save.ch\/de\/wp-json\/wp\/v2\/posts"}],"about":[{"href":"https:\/\/news.save.ch\/de\/wp-json\/wp\/v2\/types\/post"}],"author":[{"embeddable":true,"href":"https:\/\/news.save.ch\/de\/wp-json\/wp\/v2\/users\/31"}],"replies":[{"embeddable":true,"href":"https:\/\/news.save.ch\/de\/wp-json\/wp\/v2\/comments?post=23570"}],"version-history":[{"count":2,"href":"https:\/\/news.save.ch\/de\/wp-json\/wp\/v2\/posts\/23570\/revisions"}],"predecessor-version":[{"id":23576,"href":"https:\/\/news.save.ch\/de\/wp-json\/wp\/v2\/posts\/23570\/revisions\/23576"}],"wp:featuredmedia":[{"embeddable":true,"href":"https:\/\/news.save.ch\/de\/wp-json\/wp\/v2\/media\/23571"}],"wp:attachment":[{"href":"https:\/\/news.save.ch\/de\/wp-json\/wp\/v2\/media?parent=23570"}],"wp:term":[{"taxonomy":"category","embeddable":true,"href":"https:\/\/news.save.ch\/de\/wp-json\/wp\/v2\/categories?post=23570"},{"taxonomy":"post_tag","embeddable":true,"href":"https:\/\/news.save.ch\/de\/wp-json\/wp\/v2\/tags?post=23570"}],"curies":[{"name":"wp","href":"https:\/\/api.w.org\/{rel}","templated":true}]}}