{"id":23599,"date":"2024-09-30T09:32:07","date_gmt":"2024-09-30T07:32:07","guid":{"rendered":"https:\/\/news.save.ch\/?p=23599"},"modified":"2024-10-09T09:38:01","modified_gmt":"2024-10-09T07:38:01","slug":"bundesrat-stellt-weichen-fuer-die-weiterentwicklung-des-elektronischen-patientendossiers","status":null,"type":"post","link":"https:\/\/news.save.ch\/de\/bundesrat-stellt-weichen-fuer-die-weiterentwicklung-des-elektronischen-patientendossiers\/","title":{"rendered":"Bundesrat stellt Weichen f\u00fcr die Weiterentwicklung des elektronischen Patientendossiers"},"content":{"rendered":"<figure id=\"attachment_23600\" aria-describedby=\"caption-attachment-23600\" style=\"width: 1000px\" class=\"wp-caption alignnone\"><a href=\"https:\/\/news.save.ch\/bundesrat-stellt-weichen-fuer-die-weiterentwicklung-des-elektronischen-patientendossiers\/depositphotos_12419652_s\/\" rel=\"attachment wp-att-23600\"><img loading=\"lazy\" decoding=\"async\" class=\"size-full wp-image-23600\" src=\"https:\/\/news.save.ch\/wp-content\/uploads\/2024\/10\/Depositphotos_12419652_S.jpg\" alt=\"\" width=\"1000\" height=\"667\" srcset=\"https:\/\/news.save.ch\/wp-content\/uploads\/2024\/10\/Depositphotos_12419652_S.jpg 1000w, https:\/\/news.save.ch\/wp-content\/uploads\/2024\/10\/Depositphotos_12419652_S-680x454.jpg 680w, https:\/\/news.save.ch\/wp-content\/uploads\/2024\/10\/Depositphotos_12419652_S-768x512.jpg 768w, https:\/\/news.save.ch\/wp-content\/uploads\/2024\/10\/Depositphotos_12419652_S-18x12.jpg 18w, https:\/\/news.save.ch\/wp-content\/uploads\/2024\/10\/Depositphotos_12419652_S-375x250.jpg 375w, https:\/\/news.save.ch\/wp-content\/uploads\/2024\/10\/Depositphotos_12419652_S-525x350.jpg 525w\" sizes=\"auto, (max-width: 1000px) 100vw, 1000px\" \/><\/a><figcaption id=\"caption-attachment-23600\" class=\"wp-caption-text\">Foto: Depositphotos\/DepositNovic<\/figcaption><\/figure>\n<p>Mit einer umfassenden Revision des Bundesgesetzes \u00fcber das elektronische Patientendossier (EPDG) will der Bundesrat das EPD weiterentwickeln, damit es sein volles Potenzial entfalten kann. Um der im Vernehmlassungsverfahren weithin ge\u00e4usserten Forderung nachzukommen und die Nutzung des EPD zu erh\u00f6hen, soll die technische Infrastruktur des EPD neu zentralisiert vom Bund zur Verf\u00fcgung gestellt werden. Der Bundesrat hat diesen Richtungsentscheid an seiner Sitzung vom 27. September 2024 gef\u00e4llt. Diese Anpassung wird in die Botschaft zur EPDG-Revision aufgenommen.<\/p>\n<p>Das Bundesgesetz \u00fcber das elektronische Patientendossier (EPDG) wird in zwei Schritten revidiert. Im Fr\u00fchjahr 2024 hat das Parlament eine \u00dcbergangsfinanzierung zur Verbreitung und F\u00f6rderung des EPD verabschiedet. Sie tritt am 1. Oktober 2024 in Kraft. Der Bund kann damit EPD-Anbieter finanziell unterst\u00fctzen, bis die Massnahmen der umfassenden Revision beschlossen und umgesetzt sind.<\/p>\n<p>Um das elektronische Patientendossier weiter zu verbessern, schl\u00e4gt der Bundesrat zudem eine umfassende Revision des EPDG vor. Diese Gesetzesrevision hatte der Bundesrat im Sommer 2023 in die Vernehmlassung geschickt. Die Auswertung der Stellungnahmen hat ergeben, dass die Revision auf breite Zustimmung st\u00f6sst. Die Rollen von Bund und Kantonen sollen klarer geregelt und die Finanzierung des EPD sichergestellt werden. In Zukunft soll das EPD zudem entlang der gesamten Behandlungskette verbindlich eingesetzt werden. Neben den Spit\u00e4lern und Pflegeeinrichtungen werden neu auch die ambulanten Leistungserbringer wie \u00c4rztinnen, Apotheker, Physiotherapeutinnen und Chiropraktoren verpflichtet, das EPD anzuwenden und alle behandlungsrelevanten Daten einzutragen. Neu erhalten alle Personen, die in der Schweiz wohnen und obligatorisch kranken- oder milit\u00e4rversichert sind, automatisch und kostenlos ein EPD. Wer kein Dossier will, kann Widerspruch gegen die Er\u00f6ffnung des EPD einlegen (\u00abOpt-Out\u00bb). F\u00fcr den Zugang zum EPD soll die staatliche E-ID genutzt werden.<\/p>\n<h3><b>Forderung nach einer st\u00e4rkeren Zentralisierung<\/b><\/h3>\n<p>Die R\u00fcckmeldungen aus der Vernehmlassung haben auch gezeigt, dass eine Mehrheit die bestehende, bei der Verabschiedung des EPDG beschlossene dezentrale Struktur kritisiert und sich eine st\u00e4rkere Zentralisierung w\u00fcnscht. Dazu geh\u00f6ren insbesondere die Kantone und die meisten Parteien. Die Zentralisierungsw\u00fcnsche gingen im Detail stark auseinander und reichten von einer Kl\u00e4rung der Zust\u00e4ndigkeiten bis hin zu einem kompletten Neustart oder einer Verstaatlichung. Das Eidgen\u00f6ssische Departement des Innern (EDI) und das Bundesamt f\u00fcr Gesundheit (BAG) haben daher eine Zentralisierung gepr\u00fcft und m\u00f6gliche Varianten analysiert.<\/p>\n<h3>Technische EPD-Infrastruktur als Bundesaufgabe<\/h3>\n<p>Gest\u00fctzt auf diese Abkl\u00e4rungen hat der Bundesrat entschieden, eine Zentralisierung der technischen EPD-Infrastruktur in die umfassende Revision aufzunehmen. Derzeit hat jeder der acht EPD-Anbieter, die sogenannten Stammgemeinschaften und Gemeinschaften, seine eigene technische Infrastruktur. Diese technische Infrastruktur soll nun neu als einheitliche Plattform durch den Bund zur Verf\u00fcgung gestellt werden.<\/p>\n<p>Der Bund wird die zentrale technische Infrastruktur mittels einer Ausschreibung beschaffen. Die Betriebskosten f\u00fcr den Gebrauch der technischen Plattform sollen den Stammgemeinschaften als Nutzungsgeb\u00fchren weiterverrechnet werden.<br \/>\n<b><\/b><\/p>\n<h3><b>Klare Aufgabenteilung zwischen Bund, Kantonen und Stammgemeinschaften<\/b><\/h3>\n<p>Mit der technischen Zentralisierung wird auch die Aufgabenteilung zwischen dem Bund, den Kantonen und den EPD-Akteuren klarer definiert: Der Bund ist zust\u00e4ndig f\u00fcr die Beschaffung der zentralen technischen Infrastruktur und f\u00fcr deren Weiterentwicklung. Die Kantone sollen den Betrieb mindestens einer Stammgemeinschaft auf ihrem Gebiet sicherstellen. Die Stammgemeinschaften bieten das EPD wie bisher in ihrem Verantwortungsgebiet an. Sie beraten und unterst\u00fctzen die Patientinnen und Patienten sowie die Leistungserbringer beim Anschluss an das EPD.<\/p>\n<p>Der Bundesrat ist \u00fcberzeugt, dass eine Zentralisierung der technischen Infrastruktur die Komplexit\u00e4t des Systems sowie die Anzahl Schnittstellen reduziert. So verbessert sie den nahtlosen Austausch von Daten (Interoperabilit\u00e4t) zwischen den Akteuren. Die Weiterentwicklung des EPD wird damit einfacher und schneller. Mittel- bis langfristig d\u00fcrfte eine Zentralisierung auch finanziell vorteilhaft sein.<\/p>\n<p>Der Bundesrat hat das EDI beauftragt, die Zentralisierung der technischen Infrastruktur f\u00fcr das EPD in die Gesetzesrevision aufzunehmen. Die Botschaft soll im Fr\u00fchjahr 2025 dem Parlament vorgelegt werden.<\/p>\n<p><em>Quelle: bag.admin.ch<\/em><\/p>\n","protected":false},"excerpt":{"rendered":"<p>Mit einer umfassenden Revision des Bundesgesetzes \u00fcber das elektronische Patientendossier (EPDG) will der Bundesrat das EPD weiterentwickeln, damit es sein volles Potenzial entfalten kann. Um der im Vernehmlassungsverfahren weithin ge\u00e4usserten Forderung nachzukommen und die Nutzung des EPD zu erh\u00f6hen, soll die technische Infrastruktur des EPD neu zentralisiert vom Bund zur Verf\u00fcgung gestellt werden. Der Bundesrat [&hellip;]<\/p>\n","protected":false},"author":31,"featured_media":0,"comment_status":"closed","ping_status":"closed","sticky":false,"template":"","format":"standard","meta":{"_acf_changed":false,"pgc_sgb_lightbox_settings":"","footnotes":""},"categories":[3313,3314],"tags":[1964],"class_list":["post-23599","post","type-post","status-publish","format-standard","hentry","category-digitalisierung","category-health-safety","tag-elektronisches-patientendossier"],"acf":[],"hkrextid":null,"publication":null,"issue":null,"workflow":null,"startPage":null,"spitzmarke":null,"_posts_by_tag_page_fields":null,"_at_widget":null,"_yoast_wpseo_primary_category":"3313","_yoast_wpseo_focuskw_text_input":null,"_yoast_wpseo_opengraph-image":null,"_yoast_wpseo_opengraph-description":null,"_yoast_wpseo_opengraph-title":null,"enclosure":null,"_yoast_wpseo_twitter-title":null,"_yoast_wpseo_twitter-description":null,"_yoast_wpseo_twitter-image":null,"_wp_old_slug":null,"_yoast_wpseo_title":null,"_yoast_wpseo_canonical":null,"yoast_head":"<!-- This site is optimized with the Yoast SEO plugin v27.4 - https:\/\/yoast.com\/product\/yoast-seo-wordpress\/ -->\n<title>Bundesrat stellt Weichen f\u00fcr die Weiterentwicklung des elektronischen Patientendossiers - Save<\/title>\n<meta name=\"description\" content=\"Bundesrat stellt Weichen f\u00fcr die Weiterentwicklung des elektronischen Patientendossiers.\" \/>\n<meta name=\"robots\" content=\"index, follow, max-snippet:-1, max-image-preview:large, max-video-preview:-1\" \/>\n<link rel=\"canonical\" href=\"https:\/\/news.save.ch\/de\/bundesrat-stellt-weichen-fuer-die-weiterentwicklung-des-elektronischen-patientendossiers\/\" \/>\n<meta property=\"og:locale\" content=\"de_DE\" \/>\n<meta property=\"og:type\" content=\"article\" \/>\n<meta property=\"og:title\" content=\"Bundesrat stellt Weichen f\u00fcr die Weiterentwicklung des elektronischen Patientendossiers - Save\" \/>\n<meta property=\"og:description\" content=\"Bundesrat stellt Weichen f\u00fcr die Weiterentwicklung des elektronischen Patientendossiers.\" \/>\n<meta property=\"og:url\" content=\"https:\/\/news.save.ch\/de\/bundesrat-stellt-weichen-fuer-die-weiterentwicklung-des-elektronischen-patientendossiers\/\" \/>\n<meta property=\"og:site_name\" content=\"Save\" \/>\n<meta property=\"article:published_time\" content=\"2024-09-30T07:32:07+00:00\" \/>\n<meta property=\"article:modified_time\" content=\"2024-10-09T07:38:01+00:00\" \/>\n<meta property=\"og:image\" content=\"https:\/\/news.save.ch\/wp-content\/uploads\/2024\/10\/Depositphotos_12419652_S.jpg\" \/>\n\t<meta property=\"og:image:width\" content=\"1000\" \/>\n\t<meta property=\"og:image:height\" content=\"667\" \/>\n\t<meta property=\"og:image:type\" content=\"image\/jpeg\" \/>\n<meta name=\"author\" content=\"stefanie Zeng\" \/>\n<meta name=\"twitter:card\" content=\"summary_large_image\" \/>\n<meta name=\"twitter:label1\" content=\"Geschrieben von\" \/>\n\t<meta name=\"twitter:data1\" content=\"stefanie Zeng\" \/>\n\t<meta name=\"twitter:label2\" content=\"Gesch\u00e4tzte Lesezeit\" \/>\n\t<meta name=\"twitter:data2\" content=\"4\u00a0Minuten\" \/>\n<script type=\"application\/ld+json\" class=\"yoast-schema-graph\">{\"@context\":\"https:\\\/\\\/schema.org\",\"@graph\":[{\"@type\":\"Article\",\"@id\":\"https:\\\/\\\/news.save.ch\\\/bundesrat-stellt-weichen-fuer-die-weiterentwicklung-des-elektronischen-patientendossiers\\\/#article\",\"isPartOf\":{\"@id\":\"https:\\\/\\\/news.save.ch\\\/bundesrat-stellt-weichen-fuer-die-weiterentwicklung-des-elektronischen-patientendossiers\\\/\"},\"author\":{\"name\":\"stefanie Zeng\",\"@id\":\"https:\\\/\\\/news.save.ch\\\/de\\\/#\\\/schema\\\/person\\\/10917387362b3961e882740f6cf6f2a2\"},\"headline\":\"Bundesrat stellt Weichen f\u00fcr die Weiterentwicklung des elektronischen Patientendossiers\",\"datePublished\":\"2024-09-30T07:32:07+00:00\",\"dateModified\":\"2024-10-09T07:38:01+00:00\",\"mainEntityOfPage\":{\"@id\":\"https:\\\/\\\/news.save.ch\\\/bundesrat-stellt-weichen-fuer-die-weiterentwicklung-des-elektronischen-patientendossiers\\\/\"},\"wordCount\":646,\"publisher\":{\"@id\":\"https:\\\/\\\/news.save.ch\\\/de\\\/#organization\"},\"image\":{\"@id\":\"https:\\\/\\\/news.save.ch\\\/bundesrat-stellt-weichen-fuer-die-weiterentwicklung-des-elektronischen-patientendossiers\\\/#primaryimage\"},\"thumbnailUrl\":\"https:\\\/\\\/news.save.ch\\\/wp-content\\\/uploads\\\/2024\\\/10\\\/Depositphotos_12419652_S.jpg\",\"keywords\":[\"Elektronisches Patientendossier\"],\"articleSection\":[\"DIGITALISIERUNG\",\"HEALTH &amp; SAFETY\"],\"inLanguage\":\"de\"},{\"@type\":\"WebPage\",\"@id\":\"https:\\\/\\\/news.save.ch\\\/bundesrat-stellt-weichen-fuer-die-weiterentwicklung-des-elektronischen-patientendossiers\\\/\",\"url\":\"https:\\\/\\\/news.save.ch\\\/bundesrat-stellt-weichen-fuer-die-weiterentwicklung-des-elektronischen-patientendossiers\\\/\",\"name\":\"Bundesrat stellt Weichen f\u00fcr die Weiterentwicklung des elektronischen Patientendossiers - Save\",\"isPartOf\":{\"@id\":\"https:\\\/\\\/news.save.ch\\\/de\\\/#website\"},\"primaryImageOfPage\":{\"@id\":\"https:\\\/\\\/news.save.ch\\\/bundesrat-stellt-weichen-fuer-die-weiterentwicklung-des-elektronischen-patientendossiers\\\/#primaryimage\"},\"image\":{\"@id\":\"https:\\\/\\\/news.save.ch\\\/bundesrat-stellt-weichen-fuer-die-weiterentwicklung-des-elektronischen-patientendossiers\\\/#primaryimage\"},\"thumbnailUrl\":\"https:\\\/\\\/news.save.ch\\\/wp-content\\\/uploads\\\/2024\\\/10\\\/Depositphotos_12419652_S.jpg\",\"datePublished\":\"2024-09-30T07:32:07+00:00\",\"dateModified\":\"2024-10-09T07:38:01+00:00\",\"description\":\"Bundesrat stellt Weichen f\u00fcr die Weiterentwicklung des elektronischen Patientendossiers.\",\"breadcrumb\":{\"@id\":\"https:\\\/\\\/news.save.ch\\\/bundesrat-stellt-weichen-fuer-die-weiterentwicklung-des-elektronischen-patientendossiers\\\/#breadcrumb\"},\"inLanguage\":\"de\",\"potentialAction\":[{\"@type\":\"ReadAction\",\"target\":[\"https:\\\/\\\/news.save.ch\\\/bundesrat-stellt-weichen-fuer-die-weiterentwicklung-des-elektronischen-patientendossiers\\\/\"]}]},{\"@type\":\"ImageObject\",\"inLanguage\":\"de\",\"@id\":\"https:\\\/\\\/news.save.ch\\\/bundesrat-stellt-weichen-fuer-die-weiterentwicklung-des-elektronischen-patientendossiers\\\/#primaryimage\",\"url\":\"https:\\\/\\\/news.save.ch\\\/wp-content\\\/uploads\\\/2024\\\/10\\\/Depositphotos_12419652_S.jpg\",\"contentUrl\":\"https:\\\/\\\/news.save.ch\\\/wp-content\\\/uploads\\\/2024\\\/10\\\/Depositphotos_12419652_S.jpg\"},{\"@type\":\"BreadcrumbList\",\"@id\":\"https:\\\/\\\/news.save.ch\\\/bundesrat-stellt-weichen-fuer-die-weiterentwicklung-des-elektronischen-patientendossiers\\\/#breadcrumb\",\"itemListElement\":[{\"@type\":\"ListItem\",\"position\":1,\"name\":\"Home\",\"item\":\"https:\\\/\\\/news.save.ch\\\/de\\\/\"},{\"@type\":\"ListItem\",\"position\":2,\"name\":\"Bundesrat stellt Weichen f\u00fcr die Weiterentwicklung des elektronischen Patientendossiers\"}]},{\"@type\":\"WebSite\",\"@id\":\"https:\\\/\\\/news.save.ch\\\/de\\\/#website\",\"url\":\"https:\\\/\\\/news.save.ch\\\/de\\\/\",\"name\":\"Save\",\"description\":\"Schweizer Fachzeitschrift f\u00fcr Sicherheit\",\"publisher\":{\"@id\":\"https:\\\/\\\/news.save.ch\\\/de\\\/#organization\"},\"potentialAction\":[{\"@type\":\"SearchAction\",\"target\":{\"@type\":\"EntryPoint\",\"urlTemplate\":\"https:\\\/\\\/news.save.ch\\\/de\\\/?s={search_term_string}\"},\"query-input\":{\"@type\":\"PropertyValueSpecification\",\"valueRequired\":true,\"valueName\":\"search_term_string\"}}],\"inLanguage\":\"de\"},{\"@type\":\"Organization\",\"@id\":\"https:\\\/\\\/news.save.ch\\\/de\\\/#organization\",\"name\":\"Sicherheitsforum\",\"url\":\"https:\\\/\\\/news.save.ch\\\/de\\\/\",\"logo\":{\"@type\":\"ImageObject\",\"inLanguage\":\"de\",\"@id\":\"https:\\\/\\\/news.save.ch\\\/de\\\/#\\\/schema\\\/logo\\\/image\\\/\",\"url\":\"https:\\\/\\\/news.save.ch\\\/wp-content\\\/uploads\\\/2022\\\/06\\\/Logo_SF_2012.png\",\"contentUrl\":\"https:\\\/\\\/news.save.ch\\\/wp-content\\\/uploads\\\/2022\\\/06\\\/Logo_SF_2012.png\",\"width\":1100,\"height\":91,\"caption\":\"Sicherheitsforum\"},\"image\":{\"@id\":\"https:\\\/\\\/news.save.ch\\\/de\\\/#\\\/schema\\\/logo\\\/image\\\/\"}},{\"@type\":\"Person\",\"@id\":\"https:\\\/\\\/news.save.ch\\\/de\\\/#\\\/schema\\\/person\\\/10917387362b3961e882740f6cf6f2a2\",\"name\":\"stefanie Zeng\",\"image\":{\"@type\":\"ImageObject\",\"inLanguage\":\"de\",\"@id\":\"https:\\\/\\\/secure.gravatar.com\\\/avatar\\\/eac43faa6e40bb2c41068c95c9d78bbd94c476d5efdff7abaab80bb3ea681e06?s=96&d=mm&r=g\",\"url\":\"https:\\\/\\\/secure.gravatar.com\\\/avatar\\\/eac43faa6e40bb2c41068c95c9d78bbd94c476d5efdff7abaab80bb3ea681e06?s=96&d=mm&r=g\",\"contentUrl\":\"https:\\\/\\\/secure.gravatar.com\\\/avatar\\\/eac43faa6e40bb2c41068c95c9d78bbd94c476d5efdff7abaab80bb3ea681e06?s=96&d=mm&r=g\",\"caption\":\"stefanie Zeng\"},\"url\":\"https:\\\/\\\/news.save.ch\\\/de\\\/author\\\/stefanie-zeng\\\/\"}]}<\/script>\n<!-- \/ Yoast SEO plugin. -->","yoast_head_json":{"title":"Bundesrat stellt Weichen f\u00fcr die Weiterentwicklung des elektronischen Patientendossiers - Save","description":"Bundesrat stellt Weichen f\u00fcr die Weiterentwicklung des elektronischen Patientendossiers.","robots":{"index":"index","follow":"follow","max-snippet":"max-snippet:-1","max-image-preview":"max-image-preview:large","max-video-preview":"max-video-preview:-1"},"canonical":"https:\/\/news.save.ch\/de\/bundesrat-stellt-weichen-fuer-die-weiterentwicklung-des-elektronischen-patientendossiers\/","og_locale":"de_DE","og_type":"article","og_title":"Bundesrat stellt Weichen f\u00fcr die Weiterentwicklung des elektronischen Patientendossiers - Save","og_description":"Bundesrat stellt Weichen f\u00fcr die Weiterentwicklung des elektronischen Patientendossiers.","og_url":"https:\/\/news.save.ch\/de\/bundesrat-stellt-weichen-fuer-die-weiterentwicklung-des-elektronischen-patientendossiers\/","og_site_name":"Save","article_published_time":"2024-09-30T07:32:07+00:00","article_modified_time":"2024-10-09T07:38:01+00:00","og_image":[{"width":1000,"height":667,"url":"https:\/\/news.save.ch\/wp-content\/uploads\/2024\/10\/Depositphotos_12419652_S.jpg","type":"image\/jpeg"}],"author":"stefanie Zeng","twitter_card":"summary_large_image","twitter_misc":{"Geschrieben von":"stefanie Zeng","Gesch\u00e4tzte Lesezeit":"4\u00a0Minuten"},"schema":{"@context":"https:\/\/schema.org","@graph":[{"@type":"Article","@id":"https:\/\/news.save.ch\/bundesrat-stellt-weichen-fuer-die-weiterentwicklung-des-elektronischen-patientendossiers\/#article","isPartOf":{"@id":"https:\/\/news.save.ch\/bundesrat-stellt-weichen-fuer-die-weiterentwicklung-des-elektronischen-patientendossiers\/"},"author":{"name":"stefanie Zeng","@id":"https:\/\/news.save.ch\/de\/#\/schema\/person\/10917387362b3961e882740f6cf6f2a2"},"headline":"Bundesrat stellt Weichen f\u00fcr die Weiterentwicklung des elektronischen Patientendossiers","datePublished":"2024-09-30T07:32:07+00:00","dateModified":"2024-10-09T07:38:01+00:00","mainEntityOfPage":{"@id":"https:\/\/news.save.ch\/bundesrat-stellt-weichen-fuer-die-weiterentwicklung-des-elektronischen-patientendossiers\/"},"wordCount":646,"publisher":{"@id":"https:\/\/news.save.ch\/de\/#organization"},"image":{"@id":"https:\/\/news.save.ch\/bundesrat-stellt-weichen-fuer-die-weiterentwicklung-des-elektronischen-patientendossiers\/#primaryimage"},"thumbnailUrl":"https:\/\/news.save.ch\/wp-content\/uploads\/2024\/10\/Depositphotos_12419652_S.jpg","keywords":["Elektronisches Patientendossier"],"articleSection":["DIGITALISIERUNG","HEALTH &amp; SAFETY"],"inLanguage":"de"},{"@type":"WebPage","@id":"https:\/\/news.save.ch\/bundesrat-stellt-weichen-fuer-die-weiterentwicklung-des-elektronischen-patientendossiers\/","url":"https:\/\/news.save.ch\/bundesrat-stellt-weichen-fuer-die-weiterentwicklung-des-elektronischen-patientendossiers\/","name":"Bundesrat stellt Weichen f\u00fcr die Weiterentwicklung des elektronischen Patientendossiers - Save","isPartOf":{"@id":"https:\/\/news.save.ch\/de\/#website"},"primaryImageOfPage":{"@id":"https:\/\/news.save.ch\/bundesrat-stellt-weichen-fuer-die-weiterentwicklung-des-elektronischen-patientendossiers\/#primaryimage"},"image":{"@id":"https:\/\/news.save.ch\/bundesrat-stellt-weichen-fuer-die-weiterentwicklung-des-elektronischen-patientendossiers\/#primaryimage"},"thumbnailUrl":"https:\/\/news.save.ch\/wp-content\/uploads\/2024\/10\/Depositphotos_12419652_S.jpg","datePublished":"2024-09-30T07:32:07+00:00","dateModified":"2024-10-09T07:38:01+00:00","description":"Bundesrat stellt Weichen f\u00fcr die Weiterentwicklung des elektronischen Patientendossiers.","breadcrumb":{"@id":"https:\/\/news.save.ch\/bundesrat-stellt-weichen-fuer-die-weiterentwicklung-des-elektronischen-patientendossiers\/#breadcrumb"},"inLanguage":"de","potentialAction":[{"@type":"ReadAction","target":["https:\/\/news.save.ch\/bundesrat-stellt-weichen-fuer-die-weiterentwicklung-des-elektronischen-patientendossiers\/"]}]},{"@type":"ImageObject","inLanguage":"de","@id":"https:\/\/news.save.ch\/bundesrat-stellt-weichen-fuer-die-weiterentwicklung-des-elektronischen-patientendossiers\/#primaryimage","url":"https:\/\/news.save.ch\/wp-content\/uploads\/2024\/10\/Depositphotos_12419652_S.jpg","contentUrl":"https:\/\/news.save.ch\/wp-content\/uploads\/2024\/10\/Depositphotos_12419652_S.jpg"},{"@type":"BreadcrumbList","@id":"https:\/\/news.save.ch\/bundesrat-stellt-weichen-fuer-die-weiterentwicklung-des-elektronischen-patientendossiers\/#breadcrumb","itemListElement":[{"@type":"ListItem","position":1,"name":"Home","item":"https:\/\/news.save.ch\/de\/"},{"@type":"ListItem","position":2,"name":"Bundesrat stellt Weichen f\u00fcr die Weiterentwicklung des elektronischen Patientendossiers"}]},{"@type":"WebSite","@id":"https:\/\/news.save.ch\/de\/#website","url":"https:\/\/news.save.ch\/de\/","name":"Save","description":"Schweizer Fachzeitschrift f\u00fcr Sicherheit","publisher":{"@id":"https:\/\/news.save.ch\/de\/#organization"},"potentialAction":[{"@type":"SearchAction","target":{"@type":"EntryPoint","urlTemplate":"https:\/\/news.save.ch\/de\/?s={search_term_string}"},"query-input":{"@type":"PropertyValueSpecification","valueRequired":true,"valueName":"search_term_string"}}],"inLanguage":"de"},{"@type":"Organization","@id":"https:\/\/news.save.ch\/de\/#organization","name":"Sicherheitsforum","url":"https:\/\/news.save.ch\/de\/","logo":{"@type":"ImageObject","inLanguage":"de","@id":"https:\/\/news.save.ch\/de\/#\/schema\/logo\/image\/","url":"https:\/\/news.save.ch\/wp-content\/uploads\/2022\/06\/Logo_SF_2012.png","contentUrl":"https:\/\/news.save.ch\/wp-content\/uploads\/2022\/06\/Logo_SF_2012.png","width":1100,"height":91,"caption":"Sicherheitsforum"},"image":{"@id":"https:\/\/news.save.ch\/de\/#\/schema\/logo\/image\/"}},{"@type":"Person","@id":"https:\/\/news.save.ch\/de\/#\/schema\/person\/10917387362b3961e882740f6cf6f2a2","name":"stefanie Zeng","image":{"@type":"ImageObject","inLanguage":"de","@id":"https:\/\/secure.gravatar.com\/avatar\/eac43faa6e40bb2c41068c95c9d78bbd94c476d5efdff7abaab80bb3ea681e06?s=96&d=mm&r=g","url":"https:\/\/secure.gravatar.com\/avatar\/eac43faa6e40bb2c41068c95c9d78bbd94c476d5efdff7abaab80bb3ea681e06?s=96&d=mm&r=g","contentUrl":"https:\/\/secure.gravatar.com\/avatar\/eac43faa6e40bb2c41068c95c9d78bbd94c476d5efdff7abaab80bb3ea681e06?s=96&d=mm&r=g","caption":"stefanie Zeng"},"url":"https:\/\/news.save.ch\/de\/author\/stefanie-zeng\/"}]}},"_links":{"self":[{"href":"https:\/\/news.save.ch\/de\/wp-json\/wp\/v2\/posts\/23599","targetHints":{"allow":["GET"]}}],"collection":[{"href":"https:\/\/news.save.ch\/de\/wp-json\/wp\/v2\/posts"}],"about":[{"href":"https:\/\/news.save.ch\/de\/wp-json\/wp\/v2\/types\/post"}],"author":[{"embeddable":true,"href":"https:\/\/news.save.ch\/de\/wp-json\/wp\/v2\/users\/31"}],"replies":[{"embeddable":true,"href":"https:\/\/news.save.ch\/de\/wp-json\/wp\/v2\/comments?post=23599"}],"version-history":[{"count":2,"href":"https:\/\/news.save.ch\/de\/wp-json\/wp\/v2\/posts\/23599\/revisions"}],"predecessor-version":[{"id":23602,"href":"https:\/\/news.save.ch\/de\/wp-json\/wp\/v2\/posts\/23599\/revisions\/23602"}],"wp:attachment":[{"href":"https:\/\/news.save.ch\/de\/wp-json\/wp\/v2\/media?parent=23599"}],"wp:term":[{"taxonomy":"category","embeddable":true,"href":"https:\/\/news.save.ch\/de\/wp-json\/wp\/v2\/categories?post=23599"},{"taxonomy":"post_tag","embeddable":true,"href":"https:\/\/news.save.ch\/de\/wp-json\/wp\/v2\/tags?post=23599"}],"curies":[{"name":"wp","href":"https:\/\/api.w.org\/{rel}","templated":true}]}}