{"id":23610,"date":"2024-10-09T10:30:08","date_gmt":"2024-10-09T08:30:08","guid":{"rendered":"https:\/\/news.save.ch\/?p=23610"},"modified":"2024-10-09T10:30:09","modified_gmt":"2024-10-09T08:30:09","slug":"neuer-podcast-ueber-mentale-gesundheit","status":null,"type":"post","link":"https:\/\/news.save.ch\/de\/neuer-podcast-ueber-mentale-gesundheit\/","title":{"rendered":"Neuer Podcast \u00fcber mentale Gesundheit"},"content":{"rendered":"<figure id=\"attachment_23611\" aria-describedby=\"caption-attachment-23611\" style=\"width: 1000px\" class=\"wp-caption alignnone\"><a href=\"https:\/\/news.save.ch\/neuer-podcast-ueber-mentale-gesundheit\/man-at-psychologist\/\" rel=\"attachment wp-att-23611\"><img loading=\"lazy\" decoding=\"async\" class=\"size-full wp-image-23611\" src=\"https:\/\/news.save.ch\/wp-content\/uploads\/2024\/10\/Depositphotos_606382906_S.jpg\" alt=\"\" width=\"1000\" height=\"596\" srcset=\"https:\/\/news.save.ch\/wp-content\/uploads\/2024\/10\/Depositphotos_606382906_S.jpg 1000w, https:\/\/news.save.ch\/wp-content\/uploads\/2024\/10\/Depositphotos_606382906_S-680x405.jpg 680w, https:\/\/news.save.ch\/wp-content\/uploads\/2024\/10\/Depositphotos_606382906_S-768x458.jpg 768w, https:\/\/news.save.ch\/wp-content\/uploads\/2024\/10\/Depositphotos_606382906_S-18x12.jpg 18w, https:\/\/news.save.ch\/wp-content\/uploads\/2024\/10\/Depositphotos_606382906_S-375x224.jpg 375w, https:\/\/news.save.ch\/wp-content\/uploads\/2024\/10\/Depositphotos_606382906_S-587x350.jpg 587w\" sizes=\"auto, (max-width: 1000px) 100vw, 1000px\" \/><\/a><figcaption id=\"caption-attachment-23611\" class=\"wp-caption-text\">Bild: Depositphotos\/vitaliynykolyshyn<\/figcaption><\/figure>\n<p>Anl\u00e4sslich des Internationalen Tags der psychischen Gesundheit am 10. Oktober (World Mental Health Day) lanciert der Kaufm\u00e4nnische Verband Schweiz auf seinem Spotify-Kanal \u00abkfmv-talks\u00bb eine neue Podcast-Mini-Serie zum Thema \u00abMental Health am Arbeitsplatz\u00bb. Die f\u00fcnfteilige Serie bricht gesellschaftliche Tabus auf: Betroffene teilen ihre Erfahrungen im Umgang mit psychischen Belastungen. Fachpersonen aus den Bereichen Forschung, Coaching, BGM und Pr\u00e4vention vermitteln Wissen und wertvolle Praxistipps.<\/p>\n<p>\u00abIch glaube, es w\u00e4re schon ein grosser Schritt, wenn man anerkennt, dass es psychische Krankheiten gibt oder psychische Ausnahmesituationen.\u00bb Mit dieser Aussage ist Sandra* nicht alleine. Dem Schweizerischen Gesundheitsobservatorium (Obsan) zufolge leidet rund ein Drittel der Schweizer Bev\u00f6lkerung an psychischen Problemen. Zu den h\u00e4ufigsten Symptomen z\u00e4hlen leichte bis schwere Depressionen und Angstst\u00f6rungen.<br \/>\nObwohl das Bewusstsein in der Gesellschaft f\u00fcr das mentale Wohlbefinden in den letzten Jahren stark zugenommen hat, bleiben psychische Erkrankungen gerade im beruflichen Kontext ein schwieriges Thema. W\u00e4hrend mehr als ein Drittel der Schweizer Bev\u00f6lkerung mit einem dauerhaften Gesundheitsproblem lebt, berichten 18% von Beeintr\u00e4chtigungen durch psychische Probleme (Vgl. BFS 2023). Frauen berichten h\u00e4ufiger \u00fcber mittlere oder hohe psychische Belastungen (21%) als M\u00e4nner (14%). Besonders gef\u00e4hrdet ist die Altersgruppe der 15- bis 24-J\u00e4hrigen.<\/p>\n<p>Im Podcast berichten betroffene Personen, wie sie psychische Belastungen und Erkrankungen am Arbeitsplatz erlebt und diese bew\u00e4ltigt haben. Gezielte Interviews mit Partner:innen des Kaufm\u00e4nnischen Verbands Schweiz und Fachpersonen erm\u00f6glichen, das komplexe Thema besser zu verstehen und einzuordnen und gesellschaftliche Tabus aufzubrechen.<\/p>\n<p>Folge 1: Mythos- und Realit\u00e4tscheck<br \/>\nMit Prof. Dr. Andreas Krause, Dozent an der Hochschule f\u00fcr Angewandte Psychologie FHNW<\/p>\n<p>Folge 2: So gelingt die R\u00fcckkehr nach einem Ausfall<br \/>\nMit Janett Gr\u00fcnder, Beraterin Pr\u00e4vention und Eingliederung bei der Durchf\u00fchrungsstelle f\u00fcr Sozialversicherung SVA des Kantons Z\u00fcrich<\/p>\n<p>Folge 3: F\u00fchrungskr\u00e4fte sind gefordert<br \/>\nMit Bettina Osterwalder, Coach \u00abErste Hilfe f\u00fcr psychische Gesundheit\u00bb und Firmenpartnerin bei Pro Mente Sana<\/p>\n<p>Folge 4: Die Rolle des betrieblichen Gesundheitsmanagements<br \/>\nMit Val\u00e9rie Gardel, Leiterin HR und Betriebliches Gesundheitsmanagement (BGM) bei SWICA<\/p>\n<p>Folge 5: Wie Pr\u00e4vention das Wohlbefinden st\u00e4rkt<\/p>\n<p><em>Quelle: KV Schweiz\u00a0<\/em><\/p>\n<p>&nbsp;<\/p>\n","protected":false},"excerpt":{"rendered":"<p>Anl\u00e4sslich des Internationalen Tags der psychischen Gesundheit am 10. Oktober (World Mental Health Day) lanciert der Kaufm\u00e4nnische Verband Schweiz auf seinem Spotify-Kanal \u00abkfmv-talks\u00bb eine neue Podcast-Mini-Serie zum Thema \u00abMental Health am Arbeitsplatz\u00bb. Die f\u00fcnfteilige Serie bricht gesellschaftliche Tabus auf: Betroffene teilen ihre Erfahrungen im Umgang mit psychischen Belastungen. Fachpersonen aus den Bereichen Forschung, Coaching, BGM [&hellip;]<\/p>\n","protected":false},"author":31,"featured_media":0,"comment_status":"closed","ping_status":"closed","sticky":false,"template":"","format":"standard","meta":{"_acf_changed":false,"pgc_sgb_lightbox_settings":"","footnotes":""},"categories":[3314],"tags":[6462,3660,5763],"class_list":["post-23610","post","type-post","status-publish","format-standard","hentry","category-health-safety","tag-kv-schweiz","tag-mentale-gesundheit","tag-podcast"],"acf":[],"hkrextid":null,"publication":null,"issue":null,"workflow":null,"startPage":null,"spitzmarke":null,"_posts_by_tag_page_fields":null,"_at_widget":null,"_yoast_wpseo_primary_category":"3314","_yoast_wpseo_focuskw_text_input":null,"_yoast_wpseo_opengraph-image":null,"_yoast_wpseo_opengraph-description":null,"_yoast_wpseo_opengraph-title":null,"enclosure":null,"_yoast_wpseo_twitter-title":null,"_yoast_wpseo_twitter-description":null,"_yoast_wpseo_twitter-image":null,"_wp_old_slug":null,"_yoast_wpseo_title":null,"_yoast_wpseo_canonical":null,"yoast_head":"<!-- This site is optimized with the Yoast SEO plugin v27.5 - https:\/\/yoast.com\/product\/yoast-seo-wordpress\/ -->\n<title>Neuer Podcast \u00fcber mentale Gesundheit - Save<\/title>\n<meta name=\"description\" content=\"Der KV Schweiz will mit Podcast gesellschaftliche Tabus aufbrechen und wertvolle Praxistipps zum Thema mentale Gesundheit geben.\" \/>\n<meta name=\"robots\" content=\"index, follow, max-snippet:-1, max-image-preview:large, max-video-preview:-1\" \/>\n<link rel=\"canonical\" href=\"https:\/\/news.save.ch\/de\/neuer-podcast-ueber-mentale-gesundheit\/\" \/>\n<meta property=\"og:locale\" content=\"de_DE\" \/>\n<meta property=\"og:type\" content=\"article\" \/>\n<meta property=\"og:title\" content=\"Neuer Podcast \u00fcber mentale Gesundheit - Save\" \/>\n<meta property=\"og:description\" content=\"Der KV Schweiz will mit Podcast gesellschaftliche Tabus aufbrechen und wertvolle Praxistipps zum Thema mentale Gesundheit geben.\" \/>\n<meta property=\"og:url\" content=\"https:\/\/news.save.ch\/de\/neuer-podcast-ueber-mentale-gesundheit\/\" \/>\n<meta property=\"og:site_name\" content=\"Save\" \/>\n<meta property=\"article:published_time\" content=\"2024-10-09T08:30:08+00:00\" \/>\n<meta property=\"article:modified_time\" content=\"2024-10-09T08:30:09+00:00\" \/>\n<meta property=\"og:image\" content=\"https:\/\/news.save.ch\/wp-content\/uploads\/2024\/10\/Depositphotos_606382906_S.jpg\" \/>\n\t<meta property=\"og:image:width\" content=\"1000\" \/>\n\t<meta property=\"og:image:height\" content=\"596\" \/>\n\t<meta property=\"og:image:type\" content=\"image\/jpeg\" \/>\n<meta name=\"author\" content=\"stefanie Zeng\" \/>\n<meta name=\"twitter:card\" content=\"summary_large_image\" \/>\n<meta name=\"twitter:label1\" content=\"Geschrieben von\" \/>\n\t<meta name=\"twitter:data1\" content=\"stefanie Zeng\" \/>\n\t<meta name=\"twitter:label2\" content=\"Gesch\u00e4tzte Lesezeit\" \/>\n\t<meta name=\"twitter:data2\" content=\"3\u00a0Minuten\" \/>\n<script type=\"application\/ld+json\" class=\"yoast-schema-graph\">{\"@context\":\"https:\\\/\\\/schema.org\",\"@graph\":[{\"@type\":\"Article\",\"@id\":\"https:\\\/\\\/news.save.ch\\\/neuer-podcast-ueber-mentale-gesundheit\\\/#article\",\"isPartOf\":{\"@id\":\"https:\\\/\\\/news.save.ch\\\/neuer-podcast-ueber-mentale-gesundheit\\\/\"},\"author\":{\"name\":\"stefanie Zeng\",\"@id\":\"https:\\\/\\\/news.save.ch\\\/de\\\/#\\\/schema\\\/person\\\/10917387362b3961e882740f6cf6f2a2\"},\"headline\":\"Neuer Podcast \u00fcber mentale Gesundheit\",\"datePublished\":\"2024-10-09T08:30:08+00:00\",\"dateModified\":\"2024-10-09T08:30:09+00:00\",\"mainEntityOfPage\":{\"@id\":\"https:\\\/\\\/news.save.ch\\\/neuer-podcast-ueber-mentale-gesundheit\\\/\"},\"wordCount\":359,\"publisher\":{\"@id\":\"https:\\\/\\\/news.save.ch\\\/de\\\/#organization\"},\"image\":{\"@id\":\"https:\\\/\\\/news.save.ch\\\/neuer-podcast-ueber-mentale-gesundheit\\\/#primaryimage\"},\"thumbnailUrl\":\"https:\\\/\\\/news.save.ch\\\/wp-content\\\/uploads\\\/2024\\\/10\\\/Depositphotos_606382906_S.jpg\",\"keywords\":[\"KV Schweiz\",\"mentale Gesundheit\",\"Podcast\"],\"articleSection\":[\"HEALTH &amp; SAFETY\"],\"inLanguage\":\"de\"},{\"@type\":\"WebPage\",\"@id\":\"https:\\\/\\\/news.save.ch\\\/neuer-podcast-ueber-mentale-gesundheit\\\/\",\"url\":\"https:\\\/\\\/news.save.ch\\\/neuer-podcast-ueber-mentale-gesundheit\\\/\",\"name\":\"Neuer Podcast \u00fcber mentale Gesundheit - Save\",\"isPartOf\":{\"@id\":\"https:\\\/\\\/news.save.ch\\\/de\\\/#website\"},\"primaryImageOfPage\":{\"@id\":\"https:\\\/\\\/news.save.ch\\\/neuer-podcast-ueber-mentale-gesundheit\\\/#primaryimage\"},\"image\":{\"@id\":\"https:\\\/\\\/news.save.ch\\\/neuer-podcast-ueber-mentale-gesundheit\\\/#primaryimage\"},\"thumbnailUrl\":\"https:\\\/\\\/news.save.ch\\\/wp-content\\\/uploads\\\/2024\\\/10\\\/Depositphotos_606382906_S.jpg\",\"datePublished\":\"2024-10-09T08:30:08+00:00\",\"dateModified\":\"2024-10-09T08:30:09+00:00\",\"description\":\"Der KV Schweiz will mit Podcast gesellschaftliche Tabus aufbrechen und wertvolle Praxistipps zum Thema mentale Gesundheit geben.\",\"breadcrumb\":{\"@id\":\"https:\\\/\\\/news.save.ch\\\/neuer-podcast-ueber-mentale-gesundheit\\\/#breadcrumb\"},\"inLanguage\":\"de\",\"potentialAction\":[{\"@type\":\"ReadAction\",\"target\":[\"https:\\\/\\\/news.save.ch\\\/neuer-podcast-ueber-mentale-gesundheit\\\/\"]}]},{\"@type\":\"ImageObject\",\"inLanguage\":\"de\",\"@id\":\"https:\\\/\\\/news.save.ch\\\/neuer-podcast-ueber-mentale-gesundheit\\\/#primaryimage\",\"url\":\"https:\\\/\\\/news.save.ch\\\/wp-content\\\/uploads\\\/2024\\\/10\\\/Depositphotos_606382906_S.jpg\",\"contentUrl\":\"https:\\\/\\\/news.save.ch\\\/wp-content\\\/uploads\\\/2024\\\/10\\\/Depositphotos_606382906_S.jpg\"},{\"@type\":\"BreadcrumbList\",\"@id\":\"https:\\\/\\\/news.save.ch\\\/neuer-podcast-ueber-mentale-gesundheit\\\/#breadcrumb\",\"itemListElement\":[{\"@type\":\"ListItem\",\"position\":1,\"name\":\"Home\",\"item\":\"https:\\\/\\\/news.save.ch\\\/de\\\/\"},{\"@type\":\"ListItem\",\"position\":2,\"name\":\"Neuer Podcast \u00fcber mentale Gesundheit\"}]},{\"@type\":\"WebSite\",\"@id\":\"https:\\\/\\\/news.save.ch\\\/de\\\/#website\",\"url\":\"https:\\\/\\\/news.save.ch\\\/de\\\/\",\"name\":\"Save\",\"description\":\"Schweizer Fachzeitschrift f\u00fcr Sicherheit\",\"publisher\":{\"@id\":\"https:\\\/\\\/news.save.ch\\\/de\\\/#organization\"},\"potentialAction\":[{\"@type\":\"SearchAction\",\"target\":{\"@type\":\"EntryPoint\",\"urlTemplate\":\"https:\\\/\\\/news.save.ch\\\/de\\\/?s={search_term_string}\"},\"query-input\":{\"@type\":\"PropertyValueSpecification\",\"valueRequired\":true,\"valueName\":\"search_term_string\"}}],\"inLanguage\":\"de\"},{\"@type\":\"Organization\",\"@id\":\"https:\\\/\\\/news.save.ch\\\/de\\\/#organization\",\"name\":\"Sicherheitsforum\",\"url\":\"https:\\\/\\\/news.save.ch\\\/de\\\/\",\"logo\":{\"@type\":\"ImageObject\",\"inLanguage\":\"de\",\"@id\":\"https:\\\/\\\/news.save.ch\\\/de\\\/#\\\/schema\\\/logo\\\/image\\\/\",\"url\":\"https:\\\/\\\/news.save.ch\\\/wp-content\\\/uploads\\\/2022\\\/06\\\/Logo_SF_2012.png\",\"contentUrl\":\"https:\\\/\\\/news.save.ch\\\/wp-content\\\/uploads\\\/2022\\\/06\\\/Logo_SF_2012.png\",\"width\":1100,\"height\":91,\"caption\":\"Sicherheitsforum\"},\"image\":{\"@id\":\"https:\\\/\\\/news.save.ch\\\/de\\\/#\\\/schema\\\/logo\\\/image\\\/\"}},{\"@type\":\"Person\",\"@id\":\"https:\\\/\\\/news.save.ch\\\/de\\\/#\\\/schema\\\/person\\\/10917387362b3961e882740f6cf6f2a2\",\"name\":\"stefanie Zeng\",\"image\":{\"@type\":\"ImageObject\",\"inLanguage\":\"de\",\"@id\":\"https:\\\/\\\/secure.gravatar.com\\\/avatar\\\/eac43faa6e40bb2c41068c95c9d78bbd94c476d5efdff7abaab80bb3ea681e06?s=96&d=mm&r=g\",\"url\":\"https:\\\/\\\/secure.gravatar.com\\\/avatar\\\/eac43faa6e40bb2c41068c95c9d78bbd94c476d5efdff7abaab80bb3ea681e06?s=96&d=mm&r=g\",\"contentUrl\":\"https:\\\/\\\/secure.gravatar.com\\\/avatar\\\/eac43faa6e40bb2c41068c95c9d78bbd94c476d5efdff7abaab80bb3ea681e06?s=96&d=mm&r=g\",\"caption\":\"stefanie Zeng\"},\"url\":\"https:\\\/\\\/news.save.ch\\\/de\\\/author\\\/stefanie-zeng\\\/\"}]}<\/script>\n<!-- \/ Yoast SEO plugin. -->","yoast_head_json":{"title":"Neuer Podcast \u00fcber mentale Gesundheit - Save","description":"Der KV Schweiz will mit Podcast gesellschaftliche Tabus aufbrechen und wertvolle Praxistipps zum Thema mentale Gesundheit geben.","robots":{"index":"index","follow":"follow","max-snippet":"max-snippet:-1","max-image-preview":"max-image-preview:large","max-video-preview":"max-video-preview:-1"},"canonical":"https:\/\/news.save.ch\/de\/neuer-podcast-ueber-mentale-gesundheit\/","og_locale":"de_DE","og_type":"article","og_title":"Neuer Podcast \u00fcber mentale Gesundheit - Save","og_description":"Der KV Schweiz will mit Podcast gesellschaftliche Tabus aufbrechen und wertvolle Praxistipps zum Thema mentale Gesundheit geben.","og_url":"https:\/\/news.save.ch\/de\/neuer-podcast-ueber-mentale-gesundheit\/","og_site_name":"Save","article_published_time":"2024-10-09T08:30:08+00:00","article_modified_time":"2024-10-09T08:30:09+00:00","og_image":[{"width":1000,"height":596,"url":"https:\/\/news.save.ch\/wp-content\/uploads\/2024\/10\/Depositphotos_606382906_S.jpg","type":"image\/jpeg"}],"author":"stefanie Zeng","twitter_card":"summary_large_image","twitter_misc":{"Geschrieben von":"stefanie Zeng","Gesch\u00e4tzte Lesezeit":"3\u00a0Minuten"},"schema":{"@context":"https:\/\/schema.org","@graph":[{"@type":"Article","@id":"https:\/\/news.save.ch\/neuer-podcast-ueber-mentale-gesundheit\/#article","isPartOf":{"@id":"https:\/\/news.save.ch\/neuer-podcast-ueber-mentale-gesundheit\/"},"author":{"name":"stefanie Zeng","@id":"https:\/\/news.save.ch\/de\/#\/schema\/person\/10917387362b3961e882740f6cf6f2a2"},"headline":"Neuer Podcast \u00fcber mentale Gesundheit","datePublished":"2024-10-09T08:30:08+00:00","dateModified":"2024-10-09T08:30:09+00:00","mainEntityOfPage":{"@id":"https:\/\/news.save.ch\/neuer-podcast-ueber-mentale-gesundheit\/"},"wordCount":359,"publisher":{"@id":"https:\/\/news.save.ch\/de\/#organization"},"image":{"@id":"https:\/\/news.save.ch\/neuer-podcast-ueber-mentale-gesundheit\/#primaryimage"},"thumbnailUrl":"https:\/\/news.save.ch\/wp-content\/uploads\/2024\/10\/Depositphotos_606382906_S.jpg","keywords":["KV Schweiz","mentale Gesundheit","Podcast"],"articleSection":["HEALTH &amp; SAFETY"],"inLanguage":"de"},{"@type":"WebPage","@id":"https:\/\/news.save.ch\/neuer-podcast-ueber-mentale-gesundheit\/","url":"https:\/\/news.save.ch\/neuer-podcast-ueber-mentale-gesundheit\/","name":"Neuer Podcast \u00fcber mentale Gesundheit - Save","isPartOf":{"@id":"https:\/\/news.save.ch\/de\/#website"},"primaryImageOfPage":{"@id":"https:\/\/news.save.ch\/neuer-podcast-ueber-mentale-gesundheit\/#primaryimage"},"image":{"@id":"https:\/\/news.save.ch\/neuer-podcast-ueber-mentale-gesundheit\/#primaryimage"},"thumbnailUrl":"https:\/\/news.save.ch\/wp-content\/uploads\/2024\/10\/Depositphotos_606382906_S.jpg","datePublished":"2024-10-09T08:30:08+00:00","dateModified":"2024-10-09T08:30:09+00:00","description":"Der KV Schweiz will mit Podcast gesellschaftliche Tabus aufbrechen und wertvolle Praxistipps zum Thema mentale Gesundheit geben.","breadcrumb":{"@id":"https:\/\/news.save.ch\/neuer-podcast-ueber-mentale-gesundheit\/#breadcrumb"},"inLanguage":"de","potentialAction":[{"@type":"ReadAction","target":["https:\/\/news.save.ch\/neuer-podcast-ueber-mentale-gesundheit\/"]}]},{"@type":"ImageObject","inLanguage":"de","@id":"https:\/\/news.save.ch\/neuer-podcast-ueber-mentale-gesundheit\/#primaryimage","url":"https:\/\/news.save.ch\/wp-content\/uploads\/2024\/10\/Depositphotos_606382906_S.jpg","contentUrl":"https:\/\/news.save.ch\/wp-content\/uploads\/2024\/10\/Depositphotos_606382906_S.jpg"},{"@type":"BreadcrumbList","@id":"https:\/\/news.save.ch\/neuer-podcast-ueber-mentale-gesundheit\/#breadcrumb","itemListElement":[{"@type":"ListItem","position":1,"name":"Home","item":"https:\/\/news.save.ch\/de\/"},{"@type":"ListItem","position":2,"name":"Neuer Podcast \u00fcber mentale Gesundheit"}]},{"@type":"WebSite","@id":"https:\/\/news.save.ch\/de\/#website","url":"https:\/\/news.save.ch\/de\/","name":"Save","description":"Schweizer Fachzeitschrift f\u00fcr Sicherheit","publisher":{"@id":"https:\/\/news.save.ch\/de\/#organization"},"potentialAction":[{"@type":"SearchAction","target":{"@type":"EntryPoint","urlTemplate":"https:\/\/news.save.ch\/de\/?s={search_term_string}"},"query-input":{"@type":"PropertyValueSpecification","valueRequired":true,"valueName":"search_term_string"}}],"inLanguage":"de"},{"@type":"Organization","@id":"https:\/\/news.save.ch\/de\/#organization","name":"Sicherheitsforum","url":"https:\/\/news.save.ch\/de\/","logo":{"@type":"ImageObject","inLanguage":"de","@id":"https:\/\/news.save.ch\/de\/#\/schema\/logo\/image\/","url":"https:\/\/news.save.ch\/wp-content\/uploads\/2022\/06\/Logo_SF_2012.png","contentUrl":"https:\/\/news.save.ch\/wp-content\/uploads\/2022\/06\/Logo_SF_2012.png","width":1100,"height":91,"caption":"Sicherheitsforum"},"image":{"@id":"https:\/\/news.save.ch\/de\/#\/schema\/logo\/image\/"}},{"@type":"Person","@id":"https:\/\/news.save.ch\/de\/#\/schema\/person\/10917387362b3961e882740f6cf6f2a2","name":"stefanie Zeng","image":{"@type":"ImageObject","inLanguage":"de","@id":"https:\/\/secure.gravatar.com\/avatar\/eac43faa6e40bb2c41068c95c9d78bbd94c476d5efdff7abaab80bb3ea681e06?s=96&d=mm&r=g","url":"https:\/\/secure.gravatar.com\/avatar\/eac43faa6e40bb2c41068c95c9d78bbd94c476d5efdff7abaab80bb3ea681e06?s=96&d=mm&r=g","contentUrl":"https:\/\/secure.gravatar.com\/avatar\/eac43faa6e40bb2c41068c95c9d78bbd94c476d5efdff7abaab80bb3ea681e06?s=96&d=mm&r=g","caption":"stefanie Zeng"},"url":"https:\/\/news.save.ch\/de\/author\/stefanie-zeng\/"}]}},"_links":{"self":[{"href":"https:\/\/news.save.ch\/de\/wp-json\/wp\/v2\/posts\/23610","targetHints":{"allow":["GET"]}}],"collection":[{"href":"https:\/\/news.save.ch\/de\/wp-json\/wp\/v2\/posts"}],"about":[{"href":"https:\/\/news.save.ch\/de\/wp-json\/wp\/v2\/types\/post"}],"author":[{"embeddable":true,"href":"https:\/\/news.save.ch\/de\/wp-json\/wp\/v2\/users\/31"}],"replies":[{"embeddable":true,"href":"https:\/\/news.save.ch\/de\/wp-json\/wp\/v2\/comments?post=23610"}],"version-history":[{"count":2,"href":"https:\/\/news.save.ch\/de\/wp-json\/wp\/v2\/posts\/23610\/revisions"}],"predecessor-version":[{"id":23613,"href":"https:\/\/news.save.ch\/de\/wp-json\/wp\/v2\/posts\/23610\/revisions\/23613"}],"wp:attachment":[{"href":"https:\/\/news.save.ch\/de\/wp-json\/wp\/v2\/media?parent=23610"}],"wp:term":[{"taxonomy":"category","embeddable":true,"href":"https:\/\/news.save.ch\/de\/wp-json\/wp\/v2\/categories?post=23610"},{"taxonomy":"post_tag","embeddable":true,"href":"https:\/\/news.save.ch\/de\/wp-json\/wp\/v2\/tags?post=23610"}],"curies":[{"name":"wp","href":"https:\/\/api.w.org\/{rel}","templated":true}]}}