{"id":23619,"date":"2024-10-18T09:19:39","date_gmt":"2024-10-18T07:19:39","guid":{"rendered":"https:\/\/news.save.ch\/?p=23619"},"modified":"2024-10-21T09:20:06","modified_gmt":"2024-10-21T07:20:06","slug":"schnelle-schadensabschaetzungen-staerken-den-bevoelkerungsschutz-bei-grossen-erdbeben","status":null,"type":"post","link":"https:\/\/news.save.ch\/de\/schnelle-schadensabschaetzungen-staerken-den-bevoelkerungsschutz-bei-grossen-erdbeben\/","title":{"rendered":"Schnelle Schadensabsch\u00e4tzungen st\u00e4rken den Bev\u00f6lkerungsschutz bei grossen Erdbeben"},"content":{"rendered":"<figure id=\"attachment_23620\" aria-describedby=\"caption-attachment-23620\" style=\"width: 1000px\" class=\"wp-caption alignnone\"><a href=\"https:\/\/news.save.ch\/schnelle-schadensabschaetzungen-staerken-den-bevoelkerungsschutz-bei-grossen-erdbeben\/depositphotos_80107064_s\/\" rel=\"attachment wp-att-23620\"><img loading=\"lazy\" decoding=\"async\" class=\"size-full wp-image-23620\" src=\"https:\/\/news.save.ch\/wp-content\/uploads\/2024\/10\/Depositphotos_80107064_S.jpg\" alt=\"\" width=\"1000\" height=\"750\" srcset=\"https:\/\/news.save.ch\/wp-content\/uploads\/2024\/10\/Depositphotos_80107064_S.jpg 1000w, https:\/\/news.save.ch\/wp-content\/uploads\/2024\/10\/Depositphotos_80107064_S-680x510.jpg 680w, https:\/\/news.save.ch\/wp-content\/uploads\/2024\/10\/Depositphotos_80107064_S-768x576.jpg 768w, https:\/\/news.save.ch\/wp-content\/uploads\/2024\/10\/Depositphotos_80107064_S-16x12.jpg 16w, https:\/\/news.save.ch\/wp-content\/uploads\/2024\/10\/Depositphotos_80107064_S-375x281.jpg 375w, https:\/\/news.save.ch\/wp-content\/uploads\/2024\/10\/Depositphotos_80107064_S-467x350.jpg 467w\" sizes=\"auto, (max-width: 1000px) 100vw, 1000px\" \/><\/a><figcaption id=\"caption-attachment-23620\" class=\"wp-caption-text\">Bild: Depositphotos\/destinacigdem<\/figcaption><\/figure>\n<p>Auch wenn sie nicht h\u00e4ufig auftreten: Erdbeben z\u00e4hlen neben Pandemien und Strommangellagen zu den gr\u00f6ssten Risiken der Schweiz und k\u00f6nnen enorme Sch\u00e4den anrichten. Nach einem schweren Erdbeben m\u00fcssen sich die Einsatzkr\u00e4fte rasch ein Bild der Lage verschaffen, um ihre Ressourcen bestm\u00f6glich einsetzen zu k\u00f6nnen. Schnelle Schadensabsch\u00e4tzungen unterst\u00fctzen diesen Prozess, insbesondere in den ersten Stunden nach einem Beben, wenn nur begrenzte oder unvollst\u00e4ndige Informationen aus dem betroffenen Gebiet vorliegen.<\/p>\n<p>Die neuen Schadensabsch\u00e4tzungen basieren auf dem vom SED entwickelten und 2023 ver\u00f6ffentlichten neuen Erdbebenrisikomodell, das detaillierte Informationen zur Erdbebengef\u00e4hrdung, zum Einfluss des lokalen Untergrunds, zur Verletzbarkeit von Geb\u00e4uden sowie zu den betroffenen Personen und Werten kombiniert. Nicht im Modell ber\u00fccksichtigt werden tageszeit- oder ereignisabh\u00e4ngige Menschenkonzentrationen und \u00e4hnliche, ver\u00e4nderliche Faktoren. Ebenfalls nicht abgedeckt sind menschliche und finanzielle Verluste aufgrund von Sch\u00e4den an Infrastrukturen (z. B. Br\u00fccken, Bahnlinien) oder Sekund\u00e4rsch\u00e4den (z. B. Feuer, Erdrutsche). Im Ereignisfall kann darum und aufgrund von anderen Modellunsicherheiten der tats\u00e4chliche Schaden stark vom modellierten abweichen; trotzdem bietet das neue Produkt in einer un\u00fcbersichtlichen Situation erste Lageinformationen.<\/p>\n<h3>Via Nationale Alarmzentrale an Kantone und Bundesbeh\u00f6rden<\/h3>\n<p>Die neue Schadensabsch\u00e4tzung wird den Beh\u00f6rden im Ereignisfall via die Nationale Alarmzentrale im Bundesamt f\u00fcr Bev\u00f6lkerungsschutz zur Verf\u00fcgung gestellt. Die NAZ sorgt als zentrale Stelle im Bev\u00f6lkerungsschutz f\u00fcr die Information aller Partnerorganisationen beim Bund und bei den Kantonen. \u00c4hnliche Prozesse existieren bei Naturgefahrenwarnungen oder Netzausf\u00e4llen in den Bereichen Energie, Telekommunikation und Verkehr.<\/p>\n<p>Obwohl gr\u00f6ssere Sch\u00e4den erst ab einer Magnitude von etwa 5 zu erwarten sind, wird eine schnelle Schadensabsch\u00e4tzung \u00fcber das NAZ-Netzwerk bereits f\u00fcr kleinere Beben ab einer Magnitude von 3 zur Verf\u00fcgung gestellt. Dies hilft sicherzustellen, dass der gesamte Prozess von der Erstellung bis zur Anwendung regelm\u00e4ssig ge\u00fcbt werden kann. Schadensbeben treten in der Schweiz im Schnitt nur alle 8 bis 15 Jahre auf.<\/p>\n<p>F\u00fcr \u00d6ffentlichkeit und Medien sind die Schadensabsch\u00e4tzungen auf der Website des Schweizerischen Erdbebendienstes verf\u00fcgbar.<\/p>\n<h3>Mitfinanziert vom Bundesamt f\u00fcr Bev\u00f6lkerungsschutz und dem Bundesamt f\u00fcr Umwelt<\/h3>\n<p>Das Bundesamt f\u00fcr Bev\u00f6lkerungsschutz und das Bundesamt f\u00fcr Umwelt haben die Entwicklung des Erdbebenrisikomodells und die darauf basierende schnelle Schadensabsch\u00e4tzung zur St\u00e4rkung des Bev\u00f6lkerungsschutzes in der Schweiz mitfinanziert.<\/p>\n<p><em>Quelle: babs.admin.ch<\/em><\/p>\n","protected":false},"excerpt":{"rendered":"<p>Auch wenn sie nicht h\u00e4ufig auftreten: Erdbeben z\u00e4hlen neben Pandemien und Strommangellagen zu den gr\u00f6ssten Risiken der Schweiz und k\u00f6nnen enorme Sch\u00e4den anrichten. Nach einem schweren Erdbeben m\u00fcssen sich die Einsatzkr\u00e4fte rasch ein Bild der Lage verschaffen, um ihre Ressourcen bestm\u00f6glich einsetzen zu k\u00f6nnen. Schnelle Schadensabsch\u00e4tzungen unterst\u00fctzen diesen Prozess, insbesondere in den ersten Stunden nach [&hellip;]<\/p>\n","protected":false},"author":31,"featured_media":0,"comment_status":"closed","ping_status":"closed","sticky":false,"template":"","format":"standard","meta":{"_acf_changed":false,"pgc_sgb_lightbox_settings":"","footnotes":""},"categories":[3315],"tags":[1557,6360,6463],"class_list":["post-23619","post","type-post","status-publish","format-standard","hentry","category-infrastruktur","tag-babs-bundesamt-fuer-bevoelkerungsschutz","tag-erdbeben","tag-schweizerischer-erdbebendienst"],"acf":[],"hkrextid":null,"publication":null,"issue":null,"workflow":null,"startPage":null,"spitzmarke":null,"_posts_by_tag_page_fields":null,"_at_widget":null,"_yoast_wpseo_primary_category":"3315","_yoast_wpseo_focuskw_text_input":null,"_yoast_wpseo_opengraph-image":null,"_yoast_wpseo_opengraph-description":null,"_yoast_wpseo_opengraph-title":null,"enclosure":null,"_yoast_wpseo_twitter-title":null,"_yoast_wpseo_twitter-description":null,"_yoast_wpseo_twitter-image":null,"_wp_old_slug":null,"_yoast_wpseo_title":null,"_yoast_wpseo_canonical":null,"yoast_head":"<!-- This site is optimized with the Yoast SEO plugin v27.4 - https:\/\/yoast.com\/product\/yoast-seo-wordpress\/ -->\n<title>Schnelle Schadensabsch\u00e4tzungen st\u00e4rken den Bev\u00f6lkerungsschutz bei grossen Erdbeben - Save<\/title>\n<meta name=\"description\" content=\"Seit Juli 2024 erhalten die Beh\u00f6rden und Einsatzkr\u00e4fte des Bev\u00f6lkerungsschutzes bei starken Erdbeben rasche Schadensabsch\u00e4tzungen des Schweizerischen Erdbebendienstes (SED).\" \/>\n<meta name=\"robots\" content=\"index, follow, max-snippet:-1, max-image-preview:large, max-video-preview:-1\" \/>\n<link rel=\"canonical\" href=\"https:\/\/news.save.ch\/de\/schnelle-schadensabschaetzungen-staerken-den-bevoelkerungsschutz-bei-grossen-erdbeben\/\" \/>\n<meta property=\"og:locale\" content=\"de_DE\" \/>\n<meta property=\"og:type\" content=\"article\" \/>\n<meta property=\"og:title\" content=\"Schnelle Schadensabsch\u00e4tzungen st\u00e4rken den Bev\u00f6lkerungsschutz bei grossen Erdbeben - Save\" \/>\n<meta property=\"og:description\" content=\"Seit Juli 2024 erhalten die Beh\u00f6rden und Einsatzkr\u00e4fte des Bev\u00f6lkerungsschutzes bei starken Erdbeben rasche Schadensabsch\u00e4tzungen des Schweizerischen Erdbebendienstes (SED).\" \/>\n<meta property=\"og:url\" content=\"https:\/\/news.save.ch\/de\/schnelle-schadensabschaetzungen-staerken-den-bevoelkerungsschutz-bei-grossen-erdbeben\/\" \/>\n<meta property=\"og:site_name\" content=\"Save\" \/>\n<meta property=\"article:published_time\" content=\"2024-10-18T07:19:39+00:00\" \/>\n<meta property=\"article:modified_time\" content=\"2024-10-21T07:20:06+00:00\" \/>\n<meta property=\"og:image\" content=\"https:\/\/news.save.ch\/wp-content\/uploads\/2024\/10\/Depositphotos_80107064_S.jpg\" \/>\n\t<meta property=\"og:image:width\" content=\"1000\" \/>\n\t<meta property=\"og:image:height\" content=\"750\" \/>\n\t<meta property=\"og:image:type\" content=\"image\/jpeg\" \/>\n<meta name=\"author\" content=\"stefanie Zeng\" \/>\n<meta name=\"twitter:card\" content=\"summary_large_image\" \/>\n<meta name=\"twitter:label1\" content=\"Geschrieben von\" \/>\n\t<meta name=\"twitter:data1\" content=\"stefanie Zeng\" \/>\n\t<meta name=\"twitter:label2\" content=\"Gesch\u00e4tzte Lesezeit\" \/>\n\t<meta name=\"twitter:data2\" content=\"3\u00a0Minuten\" \/>\n<script type=\"application\/ld+json\" class=\"yoast-schema-graph\">{\"@context\":\"https:\\\/\\\/schema.org\",\"@graph\":[{\"@type\":\"Article\",\"@id\":\"https:\\\/\\\/news.save.ch\\\/schnelle-schadensabschaetzungen-staerken-den-bevoelkerungsschutz-bei-grossen-erdbeben\\\/#article\",\"isPartOf\":{\"@id\":\"https:\\\/\\\/news.save.ch\\\/schnelle-schadensabschaetzungen-staerken-den-bevoelkerungsschutz-bei-grossen-erdbeben\\\/\"},\"author\":{\"name\":\"stefanie Zeng\",\"@id\":\"https:\\\/\\\/news.save.ch\\\/de\\\/#\\\/schema\\\/person\\\/10917387362b3961e882740f6cf6f2a2\"},\"headline\":\"Schnelle Schadensabsch\u00e4tzungen st\u00e4rken den Bev\u00f6lkerungsschutz bei grossen Erdbeben\",\"datePublished\":\"2024-10-18T07:19:39+00:00\",\"dateModified\":\"2024-10-21T07:20:06+00:00\",\"mainEntityOfPage\":{\"@id\":\"https:\\\/\\\/news.save.ch\\\/schnelle-schadensabschaetzungen-staerken-den-bevoelkerungsschutz-bei-grossen-erdbeben\\\/\"},\"wordCount\":414,\"publisher\":{\"@id\":\"https:\\\/\\\/news.save.ch\\\/de\\\/#organization\"},\"image\":{\"@id\":\"https:\\\/\\\/news.save.ch\\\/schnelle-schadensabschaetzungen-staerken-den-bevoelkerungsschutz-bei-grossen-erdbeben\\\/#primaryimage\"},\"thumbnailUrl\":\"https:\\\/\\\/news.save.ch\\\/wp-content\\\/uploads\\\/2024\\\/10\\\/Depositphotos_80107064_S.jpg\",\"keywords\":[\"BABS - Bundesamt f\u00fcr Bev\u00f6lkerungsschutz\",\"Erdbeben\",\"Schweizerischer Erdbebendienst\"],\"articleSection\":[\"INFRASTRUKTUREN\"],\"inLanguage\":\"de\"},{\"@type\":\"WebPage\",\"@id\":\"https:\\\/\\\/news.save.ch\\\/schnelle-schadensabschaetzungen-staerken-den-bevoelkerungsschutz-bei-grossen-erdbeben\\\/\",\"url\":\"https:\\\/\\\/news.save.ch\\\/schnelle-schadensabschaetzungen-staerken-den-bevoelkerungsschutz-bei-grossen-erdbeben\\\/\",\"name\":\"Schnelle Schadensabsch\u00e4tzungen st\u00e4rken den Bev\u00f6lkerungsschutz bei grossen Erdbeben - Save\",\"isPartOf\":{\"@id\":\"https:\\\/\\\/news.save.ch\\\/de\\\/#website\"},\"primaryImageOfPage\":{\"@id\":\"https:\\\/\\\/news.save.ch\\\/schnelle-schadensabschaetzungen-staerken-den-bevoelkerungsschutz-bei-grossen-erdbeben\\\/#primaryimage\"},\"image\":{\"@id\":\"https:\\\/\\\/news.save.ch\\\/schnelle-schadensabschaetzungen-staerken-den-bevoelkerungsschutz-bei-grossen-erdbeben\\\/#primaryimage\"},\"thumbnailUrl\":\"https:\\\/\\\/news.save.ch\\\/wp-content\\\/uploads\\\/2024\\\/10\\\/Depositphotos_80107064_S.jpg\",\"datePublished\":\"2024-10-18T07:19:39+00:00\",\"dateModified\":\"2024-10-21T07:20:06+00:00\",\"description\":\"Seit Juli 2024 erhalten die Beh\u00f6rden und Einsatzkr\u00e4fte des Bev\u00f6lkerungsschutzes bei starken Erdbeben rasche Schadensabsch\u00e4tzungen des Schweizerischen Erdbebendienstes (SED).\",\"breadcrumb\":{\"@id\":\"https:\\\/\\\/news.save.ch\\\/schnelle-schadensabschaetzungen-staerken-den-bevoelkerungsschutz-bei-grossen-erdbeben\\\/#breadcrumb\"},\"inLanguage\":\"de\",\"potentialAction\":[{\"@type\":\"ReadAction\",\"target\":[\"https:\\\/\\\/news.save.ch\\\/schnelle-schadensabschaetzungen-staerken-den-bevoelkerungsschutz-bei-grossen-erdbeben\\\/\"]}]},{\"@type\":\"ImageObject\",\"inLanguage\":\"de\",\"@id\":\"https:\\\/\\\/news.save.ch\\\/schnelle-schadensabschaetzungen-staerken-den-bevoelkerungsschutz-bei-grossen-erdbeben\\\/#primaryimage\",\"url\":\"https:\\\/\\\/news.save.ch\\\/wp-content\\\/uploads\\\/2024\\\/10\\\/Depositphotos_80107064_S.jpg\",\"contentUrl\":\"https:\\\/\\\/news.save.ch\\\/wp-content\\\/uploads\\\/2024\\\/10\\\/Depositphotos_80107064_S.jpg\"},{\"@type\":\"BreadcrumbList\",\"@id\":\"https:\\\/\\\/news.save.ch\\\/schnelle-schadensabschaetzungen-staerken-den-bevoelkerungsschutz-bei-grossen-erdbeben\\\/#breadcrumb\",\"itemListElement\":[{\"@type\":\"ListItem\",\"position\":1,\"name\":\"Home\",\"item\":\"https:\\\/\\\/news.save.ch\\\/de\\\/\"},{\"@type\":\"ListItem\",\"position\":2,\"name\":\"Schnelle Schadensabsch\u00e4tzungen st\u00e4rken den Bev\u00f6lkerungsschutz bei grossen Erdbeben\"}]},{\"@type\":\"WebSite\",\"@id\":\"https:\\\/\\\/news.save.ch\\\/de\\\/#website\",\"url\":\"https:\\\/\\\/news.save.ch\\\/de\\\/\",\"name\":\"Save\",\"description\":\"Schweizer Fachzeitschrift f\u00fcr Sicherheit\",\"publisher\":{\"@id\":\"https:\\\/\\\/news.save.ch\\\/de\\\/#organization\"},\"potentialAction\":[{\"@type\":\"SearchAction\",\"target\":{\"@type\":\"EntryPoint\",\"urlTemplate\":\"https:\\\/\\\/news.save.ch\\\/de\\\/?s={search_term_string}\"},\"query-input\":{\"@type\":\"PropertyValueSpecification\",\"valueRequired\":true,\"valueName\":\"search_term_string\"}}],\"inLanguage\":\"de\"},{\"@type\":\"Organization\",\"@id\":\"https:\\\/\\\/news.save.ch\\\/de\\\/#organization\",\"name\":\"Sicherheitsforum\",\"url\":\"https:\\\/\\\/news.save.ch\\\/de\\\/\",\"logo\":{\"@type\":\"ImageObject\",\"inLanguage\":\"de\",\"@id\":\"https:\\\/\\\/news.save.ch\\\/de\\\/#\\\/schema\\\/logo\\\/image\\\/\",\"url\":\"https:\\\/\\\/news.save.ch\\\/wp-content\\\/uploads\\\/2022\\\/06\\\/Logo_SF_2012.png\",\"contentUrl\":\"https:\\\/\\\/news.save.ch\\\/wp-content\\\/uploads\\\/2022\\\/06\\\/Logo_SF_2012.png\",\"width\":1100,\"height\":91,\"caption\":\"Sicherheitsforum\"},\"image\":{\"@id\":\"https:\\\/\\\/news.save.ch\\\/de\\\/#\\\/schema\\\/logo\\\/image\\\/\"}},{\"@type\":\"Person\",\"@id\":\"https:\\\/\\\/news.save.ch\\\/de\\\/#\\\/schema\\\/person\\\/10917387362b3961e882740f6cf6f2a2\",\"name\":\"stefanie Zeng\",\"image\":{\"@type\":\"ImageObject\",\"inLanguage\":\"de\",\"@id\":\"https:\\\/\\\/secure.gravatar.com\\\/avatar\\\/eac43faa6e40bb2c41068c95c9d78bbd94c476d5efdff7abaab80bb3ea681e06?s=96&d=mm&r=g\",\"url\":\"https:\\\/\\\/secure.gravatar.com\\\/avatar\\\/eac43faa6e40bb2c41068c95c9d78bbd94c476d5efdff7abaab80bb3ea681e06?s=96&d=mm&r=g\",\"contentUrl\":\"https:\\\/\\\/secure.gravatar.com\\\/avatar\\\/eac43faa6e40bb2c41068c95c9d78bbd94c476d5efdff7abaab80bb3ea681e06?s=96&d=mm&r=g\",\"caption\":\"stefanie Zeng\"},\"url\":\"https:\\\/\\\/news.save.ch\\\/de\\\/author\\\/stefanie-zeng\\\/\"}]}<\/script>\n<!-- \/ Yoast SEO plugin. -->","yoast_head_json":{"title":"Schnelle Schadensabsch\u00e4tzungen st\u00e4rken den Bev\u00f6lkerungsschutz bei grossen Erdbeben - Save","description":"Seit Juli 2024 erhalten die Beh\u00f6rden und Einsatzkr\u00e4fte des Bev\u00f6lkerungsschutzes bei starken Erdbeben rasche Schadensabsch\u00e4tzungen des Schweizerischen Erdbebendienstes (SED).","robots":{"index":"index","follow":"follow","max-snippet":"max-snippet:-1","max-image-preview":"max-image-preview:large","max-video-preview":"max-video-preview:-1"},"canonical":"https:\/\/news.save.ch\/de\/schnelle-schadensabschaetzungen-staerken-den-bevoelkerungsschutz-bei-grossen-erdbeben\/","og_locale":"de_DE","og_type":"article","og_title":"Schnelle Schadensabsch\u00e4tzungen st\u00e4rken den Bev\u00f6lkerungsschutz bei grossen Erdbeben - Save","og_description":"Seit Juli 2024 erhalten die Beh\u00f6rden und Einsatzkr\u00e4fte des Bev\u00f6lkerungsschutzes bei starken Erdbeben rasche Schadensabsch\u00e4tzungen des Schweizerischen Erdbebendienstes (SED).","og_url":"https:\/\/news.save.ch\/de\/schnelle-schadensabschaetzungen-staerken-den-bevoelkerungsschutz-bei-grossen-erdbeben\/","og_site_name":"Save","article_published_time":"2024-10-18T07:19:39+00:00","article_modified_time":"2024-10-21T07:20:06+00:00","og_image":[{"width":1000,"height":750,"url":"https:\/\/news.save.ch\/wp-content\/uploads\/2024\/10\/Depositphotos_80107064_S.jpg","type":"image\/jpeg"}],"author":"stefanie Zeng","twitter_card":"summary_large_image","twitter_misc":{"Geschrieben von":"stefanie Zeng","Gesch\u00e4tzte Lesezeit":"3\u00a0Minuten"},"schema":{"@context":"https:\/\/schema.org","@graph":[{"@type":"Article","@id":"https:\/\/news.save.ch\/schnelle-schadensabschaetzungen-staerken-den-bevoelkerungsschutz-bei-grossen-erdbeben\/#article","isPartOf":{"@id":"https:\/\/news.save.ch\/schnelle-schadensabschaetzungen-staerken-den-bevoelkerungsschutz-bei-grossen-erdbeben\/"},"author":{"name":"stefanie Zeng","@id":"https:\/\/news.save.ch\/de\/#\/schema\/person\/10917387362b3961e882740f6cf6f2a2"},"headline":"Schnelle Schadensabsch\u00e4tzungen st\u00e4rken den Bev\u00f6lkerungsschutz bei grossen Erdbeben","datePublished":"2024-10-18T07:19:39+00:00","dateModified":"2024-10-21T07:20:06+00:00","mainEntityOfPage":{"@id":"https:\/\/news.save.ch\/schnelle-schadensabschaetzungen-staerken-den-bevoelkerungsschutz-bei-grossen-erdbeben\/"},"wordCount":414,"publisher":{"@id":"https:\/\/news.save.ch\/de\/#organization"},"image":{"@id":"https:\/\/news.save.ch\/schnelle-schadensabschaetzungen-staerken-den-bevoelkerungsschutz-bei-grossen-erdbeben\/#primaryimage"},"thumbnailUrl":"https:\/\/news.save.ch\/wp-content\/uploads\/2024\/10\/Depositphotos_80107064_S.jpg","keywords":["BABS - Bundesamt f\u00fcr Bev\u00f6lkerungsschutz","Erdbeben","Schweizerischer Erdbebendienst"],"articleSection":["INFRASTRUKTUREN"],"inLanguage":"de"},{"@type":"WebPage","@id":"https:\/\/news.save.ch\/schnelle-schadensabschaetzungen-staerken-den-bevoelkerungsschutz-bei-grossen-erdbeben\/","url":"https:\/\/news.save.ch\/schnelle-schadensabschaetzungen-staerken-den-bevoelkerungsschutz-bei-grossen-erdbeben\/","name":"Schnelle Schadensabsch\u00e4tzungen st\u00e4rken den Bev\u00f6lkerungsschutz bei grossen Erdbeben - Save","isPartOf":{"@id":"https:\/\/news.save.ch\/de\/#website"},"primaryImageOfPage":{"@id":"https:\/\/news.save.ch\/schnelle-schadensabschaetzungen-staerken-den-bevoelkerungsschutz-bei-grossen-erdbeben\/#primaryimage"},"image":{"@id":"https:\/\/news.save.ch\/schnelle-schadensabschaetzungen-staerken-den-bevoelkerungsschutz-bei-grossen-erdbeben\/#primaryimage"},"thumbnailUrl":"https:\/\/news.save.ch\/wp-content\/uploads\/2024\/10\/Depositphotos_80107064_S.jpg","datePublished":"2024-10-18T07:19:39+00:00","dateModified":"2024-10-21T07:20:06+00:00","description":"Seit Juli 2024 erhalten die Beh\u00f6rden und Einsatzkr\u00e4fte des Bev\u00f6lkerungsschutzes bei starken Erdbeben rasche Schadensabsch\u00e4tzungen des Schweizerischen Erdbebendienstes (SED).","breadcrumb":{"@id":"https:\/\/news.save.ch\/schnelle-schadensabschaetzungen-staerken-den-bevoelkerungsschutz-bei-grossen-erdbeben\/#breadcrumb"},"inLanguage":"de","potentialAction":[{"@type":"ReadAction","target":["https:\/\/news.save.ch\/schnelle-schadensabschaetzungen-staerken-den-bevoelkerungsschutz-bei-grossen-erdbeben\/"]}]},{"@type":"ImageObject","inLanguage":"de","@id":"https:\/\/news.save.ch\/schnelle-schadensabschaetzungen-staerken-den-bevoelkerungsschutz-bei-grossen-erdbeben\/#primaryimage","url":"https:\/\/news.save.ch\/wp-content\/uploads\/2024\/10\/Depositphotos_80107064_S.jpg","contentUrl":"https:\/\/news.save.ch\/wp-content\/uploads\/2024\/10\/Depositphotos_80107064_S.jpg"},{"@type":"BreadcrumbList","@id":"https:\/\/news.save.ch\/schnelle-schadensabschaetzungen-staerken-den-bevoelkerungsschutz-bei-grossen-erdbeben\/#breadcrumb","itemListElement":[{"@type":"ListItem","position":1,"name":"Home","item":"https:\/\/news.save.ch\/de\/"},{"@type":"ListItem","position":2,"name":"Schnelle Schadensabsch\u00e4tzungen st\u00e4rken den Bev\u00f6lkerungsschutz bei grossen Erdbeben"}]},{"@type":"WebSite","@id":"https:\/\/news.save.ch\/de\/#website","url":"https:\/\/news.save.ch\/de\/","name":"Save","description":"Schweizer Fachzeitschrift f\u00fcr Sicherheit","publisher":{"@id":"https:\/\/news.save.ch\/de\/#organization"},"potentialAction":[{"@type":"SearchAction","target":{"@type":"EntryPoint","urlTemplate":"https:\/\/news.save.ch\/de\/?s={search_term_string}"},"query-input":{"@type":"PropertyValueSpecification","valueRequired":true,"valueName":"search_term_string"}}],"inLanguage":"de"},{"@type":"Organization","@id":"https:\/\/news.save.ch\/de\/#organization","name":"Sicherheitsforum","url":"https:\/\/news.save.ch\/de\/","logo":{"@type":"ImageObject","inLanguage":"de","@id":"https:\/\/news.save.ch\/de\/#\/schema\/logo\/image\/","url":"https:\/\/news.save.ch\/wp-content\/uploads\/2022\/06\/Logo_SF_2012.png","contentUrl":"https:\/\/news.save.ch\/wp-content\/uploads\/2022\/06\/Logo_SF_2012.png","width":1100,"height":91,"caption":"Sicherheitsforum"},"image":{"@id":"https:\/\/news.save.ch\/de\/#\/schema\/logo\/image\/"}},{"@type":"Person","@id":"https:\/\/news.save.ch\/de\/#\/schema\/person\/10917387362b3961e882740f6cf6f2a2","name":"stefanie Zeng","image":{"@type":"ImageObject","inLanguage":"de","@id":"https:\/\/secure.gravatar.com\/avatar\/eac43faa6e40bb2c41068c95c9d78bbd94c476d5efdff7abaab80bb3ea681e06?s=96&d=mm&r=g","url":"https:\/\/secure.gravatar.com\/avatar\/eac43faa6e40bb2c41068c95c9d78bbd94c476d5efdff7abaab80bb3ea681e06?s=96&d=mm&r=g","contentUrl":"https:\/\/secure.gravatar.com\/avatar\/eac43faa6e40bb2c41068c95c9d78bbd94c476d5efdff7abaab80bb3ea681e06?s=96&d=mm&r=g","caption":"stefanie Zeng"},"url":"https:\/\/news.save.ch\/de\/author\/stefanie-zeng\/"}]}},"_links":{"self":[{"href":"https:\/\/news.save.ch\/de\/wp-json\/wp\/v2\/posts\/23619","targetHints":{"allow":["GET"]}}],"collection":[{"href":"https:\/\/news.save.ch\/de\/wp-json\/wp\/v2\/posts"}],"about":[{"href":"https:\/\/news.save.ch\/de\/wp-json\/wp\/v2\/types\/post"}],"author":[{"embeddable":true,"href":"https:\/\/news.save.ch\/de\/wp-json\/wp\/v2\/users\/31"}],"replies":[{"embeddable":true,"href":"https:\/\/news.save.ch\/de\/wp-json\/wp\/v2\/comments?post=23619"}],"version-history":[{"count":2,"href":"https:\/\/news.save.ch\/de\/wp-json\/wp\/v2\/posts\/23619\/revisions"}],"predecessor-version":[{"id":23622,"href":"https:\/\/news.save.ch\/de\/wp-json\/wp\/v2\/posts\/23619\/revisions\/23622"}],"wp:attachment":[{"href":"https:\/\/news.save.ch\/de\/wp-json\/wp\/v2\/media?parent=23619"}],"wp:term":[{"taxonomy":"category","embeddable":true,"href":"https:\/\/news.save.ch\/de\/wp-json\/wp\/v2\/categories?post=23619"},{"taxonomy":"post_tag","embeddable":true,"href":"https:\/\/news.save.ch\/de\/wp-json\/wp\/v2\/tags?post=23619"}],"curies":[{"name":"wp","href":"https:\/\/api.w.org\/{rel}","templated":true}]}}