{"id":2364,"date":"2017-10-26T10:44:28","date_gmt":"2017-10-26T08:44:28","guid":{"rendered":"https:\/\/news.save.ch\/?p=2364"},"modified":"2023-03-14T09:04:19","modified_gmt":"2023-03-14T08:04:19","slug":"rauchende-unterschaetzen-ihr-erkrankungsrisiko","status":null,"type":"post","link":"https:\/\/news.save.ch\/de\/rauchende-unterschaetzen-ihr-erkrankungsrisiko\/","title":{"rendered":"Rauchende untersch\u00e4tzen ihr Erkrankungsrisiko"},"content":{"rendered":"<div class=\"mceTemp\"><\/div>\n<figure id=\"attachment_2367\" aria-describedby=\"caption-attachment-2367\" style=\"width: 680px\" class=\"wp-caption alignnone\"><img loading=\"lazy\" decoding=\"async\" class=\"size-medium wp-image-2367\" src=\"http:\/\/develop.safety-plus.ch\/wp-content\/uploads\/2017\/10\/BAG-Smoke-Free-Pressemappe-Julia-2.jpg\" alt=\"\" width=\"680\" height=\"414\" \/><figcaption id=\"caption-attachment-2367\" class=\"wp-caption-text\">Zwei Drittel der Rauchenden wissen zwar \u00fcber die generellen Gefahren des Tabakkonsums Bescheid, das pers\u00f6nliche Erkrankungsrisiko sch\u00e4tzen sie jedoch zu tief ein. (Bild: BAG)<\/figcaption><\/figure>\n<p>Eine <a href=\"http:\/\/heart.bmj.com\/content\/103\/8\/586\" target=\"_blank\" rel=\"noopener\">Studie der Universit\u00e4t in Sheffiel<\/a>d zeigt auf: Raucherinnen und Raucher unter 50 Jahren haben ein acht Mal h\u00f6heres Risiko, einen Herzinfarkt zu erleiden als ihre nichtrauchenden Altersgenossen. Das erh\u00f6hte Risiko eines Infarkts bei Rauchenden zeigt sich auch in den Zahlen des Schweizer AMIS-Plus-Registers, das Daten zu den <a href=\"https:\/\/news.save.ch\/analyse-zeigt-herzinfarkte-bei-frauen-oft-fehldiagnostiziert\/\" target=\"_blank\" rel=\"noopener\">Herzinfarkten<\/a> in der Schweiz sammelt.<\/p>\n<p>Obwohl die Fakten deutlich sind, untersch\u00e4tzen Rauchende die durch ihren <a href=\"https:\/\/news.save.ch\/welttag-ohne-tabak\/\" target=\"_blank\" rel=\"noopener\">Tabakkonsum<\/a> bedingte Gesundheitsgef\u00e4hrdung. Dies hat die Bev\u00f6lkerungsbefragung der ersten <a href=\"https:\/\/news.save.ch\/gewinner-des-smokefree-wettbewerbs-gegen-tabakabhaengigkeit\/\" target=\"_blank\" rel=\"noopener\">SmokeFree-Kampagnenphase<\/a> gezeigt. Die befragten Rauchenden sch\u00e4tzen das eigene Risiko, an Lungenkrebs zu erkranken oder Fitnesseinbussen zu erleiden, durchweg geringer ein als das Risiko der anderen Rauchenden, wie die Auswertung der Erhebung durch die Universit\u00e4t Z\u00fcrich ergab. Die Wahrnehmung des eigenen Erkrankungsrisikos unterliegt damit einer optimistischen Verzerrung. Die Untersch\u00e4tzung der pers\u00f6nlichen Gesundheitsgefahren ist bei \u00e4lteren Rauchenden am st\u00e4rksten ausgepr\u00e4gt.<\/p>\n<p>Um die Ergebnisse der Evaluation aufzunehmen, ruft die <a href=\"https:\/\/news.save.ch\/gewinner-des-smokefree-wettbewerbs-gegen-tabakabhaengigkeit\/\" target=\"_blank\" rel=\"noopener\">SmokeFree-Kampagne<\/a> die gesundheitlichen Gefahren des Tabakkonsums ins Bewusstsein der Menschen. Gleichzeitig werden Rauchende mit der Botschaft \u00abIch bin st\u00e4rker\u00bb dazu motiviert, einen Rauchstopp zu wagen. Ein Rauchstopp lohnt sich jederzeit. Denn nach f\u00fcnf Jahren ist das Risiko f\u00fcr einen Herzinfarkt im Vergleich zu Rauchenden nur noch halb so hoch. Die Erfolgschancen f\u00fcr einen Rauchstopp sind ausserdem h\u00f6her, wenn eine Person, die mit dem Rauchen aufh\u00f6ren m\u00f6chte, w\u00e4hrend der Entw\u00f6hnung vom Tabak professionelle Unterst\u00fctzung in Anspruch nimmt, z.B. via Arzttermin, Rauchstoppkurs oder telefonische Beratung durch die Rauchstopplinie 0848 000 181 (8 Rappen pro Minute).<\/p>\n<p><strong>Raucheranteil stagniert auf hohem Niveau<\/strong><\/p>\n<p>Der Raucheranteil in der Schweizer Bev\u00f6lkerung betr\u00e4gt 25%. Nach einem deutlichen R\u00fcckgang seit Beginn der 2000-er Jahre ver\u00e4nderte sich dieser Anteil ab 2008 praktisch nicht mehr. Der Tabak bleibt die Hauptursache vorzeitiger Todesf\u00e4lle in der Schweiz. Jedes Jahr sterben 9500 Personen an den Folgen des Tabakkonsums.<\/p>\n<p>Die Tabakpr\u00e4ventionskampagne \u00abSmokeFree \u2013 Ich bin st\u00e4rker\u00bb wird vom Bundesamt f\u00fcr Gesundheit (BAG) in Zusammenarbeit mit den Kantonen und NGOs aus dem Gesundheitsbereich umgesetzt. Die Finanzierung erfolgt durch den Tabakpr\u00e4ventionsfonds, der seinerseits aus der Steuer von 2,6 Rappen pro Zigarettenschachtel gespeist wird.<\/p>\n<p><strong>SmokeFree Buddy App: Ein Freund als Rauchstopp-Coach<\/strong><\/p>\n<p>Mit der Unterst\u00fctzung einer Freundin oder des Partners ist es einfacher, mit dem Rauchen aufzuh\u00f6ren. Die im Rahmen der nationalen Kampagne lancierte SmokeFree Buddy App f\u00fcr Mobiltelefone verbindet eine Person, die mit dem Rauchen aufh\u00f6ren m\u00f6chte, mit einer anderen, die sie dabei unterst\u00fctzt. Die Begleitung durch eine Freundin oder einen Freund ist in den ersten Wochen der Entw\u00f6hnung besonders hilfreich. Dank der mit Fachleuten erarbeiteten Inhalte kombiniert die App professionelle und personalisierte Unterst\u00fctzung. Die Funktionsweise der <a href=\"http:\/\/www.smokefree.ch\/buddy-app\" target=\"_blank\" rel=\"noopener\">App wird\u00a0 in einem animierten Kurzfilm<\/a> erkl\u00e4rt.<br \/>\nQuelle: <a class=\"icon icon--after icon--external\" href=\"http:\/\/www.bag.admin.ch\" target=\"_blank\" rel=\"noopener\">www.bag.admin.ch <\/a><\/p>\n<p><span style=\"border-radius: 2px; text-indent: 20px; width: auto; padding: 0px 4px 0px 0px; text-align: center; font: bold 11px\/20px 'Helvetica Neue',Helvetica,sans-serif; color: #ffffff; background: #bd081c no-repeat scroll 3px 50% \/ 14px 14px; position: absolute; opacity: 1; z-index: 8675309; display: none; cursor: pointer; top: 27px; left: 20px;\">Merken<\/span><\/p>\n<p><span style=\"border-radius: 2px; text-indent: 20px; width: auto; padding: 0px 4px 0px 0px; text-align: center; font: bold 11px\/20px 'Helvetica Neue',Helvetica,sans-serif; color: #ffffff; background: #bd081c no-repeat scroll 3px 50% \/ 14px 14px; position: absolute; opacity: 1; z-index: 8675309; display: none; cursor: pointer;\">Merken<\/span><\/p>\n<p><span style=\"border-radius: 2px; text-indent: 20px; width: auto; padding: 0px 4px 0px 0px; text-align: center; font: bold 11px\/20px 'Helvetica Neue',Helvetica,sans-serif; color: #ffffff; background: #bd081c  no-repeat scroll 3px 50% \/ 14px 14px; position: absolute; opacity: 1; z-index: 8675309; display: none; cursor: pointer;\">Merken<\/span><\/p>\n","protected":false},"excerpt":{"rendered":"<p>Eine Studie der Universit\u00e4t in Sheffield zeigt auf: Raucherinnen und Raucher unter 50 Jahren haben ein acht Mal h\u00f6heres Risiko, einen Herzinfarkt zu erleiden als ihre nichtrauchenden Altersgenossen. Das erh\u00f6hte Risiko eines Infarkts bei Rauchenden zeigt sich auch in den Zahlen des Schweizer AMIS-Plus-Registers, das Daten zu den Herzinfarkten in der Schweiz sammelt. Obwohl die [&hellip;]<\/p>\n","protected":false},"author":1,"featured_media":16231,"comment_status":"open","ping_status":"open","sticky":false,"template":"","format":"standard","meta":{"_acf_changed":false,"pgc_sgb_lightbox_settings":"","footnotes":""},"categories":[1,3314],"tags":[127,2165,149,128,2236,2239,2349,2491,141,2763,2934,64,3071],"class_list":["post-2364","post","type-post","status-publish","format-standard","has-post-thumbnail","hentry","category-allgemein","category-health-safety","tag-gefaehrliche-stoffe","tag-gesundheitsfoerderung","tag-gesundheitsschutz","tag-gifte","tag-herz-kreislauf-erkrankungen","tag-herzinfarkt","tag-kampagnen","tag-lungenkrebs","tag-praevention","tag-raucher","tag-smokefree-kampagne","tag-studie","tag-tabakkonsum"],"acf":[],"hkrextid":null,"publication":null,"issue":null,"workflow":null,"startPage":null,"spitzmarke":null,"_posts_by_tag_page_fields":{"widget_title":"","widget_tags":""},"_at_widget":"1","_yoast_wpseo_primary_category":"1","_yoast_wpseo_focuskw_text_input":"Rauchende","_yoast_wpseo_opengraph-image":null,"_yoast_wpseo_opengraph-description":null,"_yoast_wpseo_opengraph-title":null,"enclosure":null,"_yoast_wpseo_twitter-title":null,"_yoast_wpseo_twitter-description":null,"_yoast_wpseo_twitter-image":null,"_wp_old_slug":null,"_yoast_wpseo_title":null,"_yoast_wpseo_canonical":null,"yoast_head":"<!-- This site is optimized with the Yoast SEO plugin v27.4 - https:\/\/yoast.com\/product\/yoast-seo-wordpress\/ -->\n<title>Rauchende untersch\u00e4tzen ihr Erkrankungsrisiko - Save<\/title>\n<meta name=\"description\" content=\"SmokeFree-Kampagne: Rauchende sind h\u00e4ufiger von Herz-Kreislauf-Erkrankungen betroffen, als der Bev\u00f6lkerungsdurchschnitt.\" \/>\n<meta name=\"robots\" content=\"index, follow, max-snippet:-1, max-image-preview:large, max-video-preview:-1\" \/>\n<link rel=\"canonical\" href=\"https:\/\/news.save.ch\/de\/rauchende-unterschaetzen-ihr-erkrankungsrisiko\/\" \/>\n<meta property=\"og:locale\" content=\"de_DE\" \/>\n<meta property=\"og:type\" content=\"article\" \/>\n<meta property=\"og:title\" content=\"Rauchende untersch\u00e4tzen ihr Erkrankungsrisiko - Save\" \/>\n<meta property=\"og:description\" content=\"SmokeFree-Kampagne: Rauchende sind h\u00e4ufiger von Herz-Kreislauf-Erkrankungen betroffen, als der Bev\u00f6lkerungsdurchschnitt.\" \/>\n<meta property=\"og:url\" content=\"https:\/\/news.save.ch\/de\/rauchende-unterschaetzen-ihr-erkrankungsrisiko\/\" \/>\n<meta property=\"og:site_name\" content=\"Save\" \/>\n<meta property=\"article:published_time\" content=\"2017-10-26T08:44:28+00:00\" \/>\n<meta property=\"article:modified_time\" content=\"2023-03-14T08:04:19+00:00\" \/>\n<meta property=\"og:image\" content=\"https:\/\/news.save.ch\/wp-content\/uploads\/2017\/10\/BAG-Smoke-Free-Pressemappe-Julia-d-scaled-1.jpg\" \/>\n\t<meta property=\"og:image:width\" content=\"849\" \/>\n\t<meta property=\"og:image:height\" content=\"1200\" \/>\n\t<meta property=\"og:image:type\" content=\"image\/jpeg\" \/>\n<meta name=\"author\" content=\"admin\" \/>\n<meta name=\"twitter:card\" content=\"summary_large_image\" \/>\n<meta name=\"twitter:label1\" content=\"Geschrieben von\" \/>\n\t<meta name=\"twitter:data1\" content=\"admin\" \/>\n\t<meta name=\"twitter:label2\" content=\"Gesch\u00e4tzte Lesezeit\" \/>\n\t<meta name=\"twitter:data2\" content=\"2\u00a0Minuten\" \/>\n<script type=\"application\/ld+json\" class=\"yoast-schema-graph\">{\"@context\":\"https:\\\/\\\/schema.org\",\"@graph\":[{\"@type\":\"Article\",\"@id\":\"https:\\\/\\\/news.save.ch\\\/rauchende-unterschaetzen-ihr-erkrankungsrisiko\\\/#article\",\"isPartOf\":{\"@id\":\"https:\\\/\\\/news.save.ch\\\/rauchende-unterschaetzen-ihr-erkrankungsrisiko\\\/\"},\"author\":{\"name\":\"admin\",\"@id\":\"https:\\\/\\\/news.save.ch\\\/de\\\/#\\\/schema\\\/person\\\/d49e199490bad7c70d64b9ab51142f2b\"},\"headline\":\"Rauchende untersch\u00e4tzen ihr Erkrankungsrisiko\",\"datePublished\":\"2017-10-26T08:44:28+00:00\",\"dateModified\":\"2023-03-14T08:04:19+00:00\",\"mainEntityOfPage\":{\"@id\":\"https:\\\/\\\/news.save.ch\\\/rauchende-unterschaetzen-ihr-erkrankungsrisiko\\\/\"},\"wordCount\":492,\"commentCount\":2,\"publisher\":{\"@id\":\"https:\\\/\\\/news.save.ch\\\/de\\\/#organization\"},\"image\":{\"@id\":\"https:\\\/\\\/news.save.ch\\\/rauchende-unterschaetzen-ihr-erkrankungsrisiko\\\/#primaryimage\"},\"thumbnailUrl\":\"https:\\\/\\\/news.save.ch\\\/wp-content\\\/uploads\\\/2017\\\/10\\\/BAG-Smoke-Free-Pressemappe-Julia-d-scaled-1.jpg\",\"keywords\":[\"Gef\u00e4hrliche Stoffe\",\"Gesundheitsf\u00f6rderung\",\"Gesundheitsschutz\",\"Gifte\",\"Herz-Kreislauf-Erkrankungen\",\"Herzinfarkt\",\"Kampagnen\",\"Lungenkrebs\",\"Pr\u00e4vention\",\"Raucher\",\"SmokeFree-Kampagne\",\"Studie\",\"Tabakkonsum\"],\"articleSection\":[\"ALLGEMEIN\",\"HEALTH &amp; SAFETY\"],\"inLanguage\":\"de\"},{\"@type\":\"WebPage\",\"@id\":\"https:\\\/\\\/news.save.ch\\\/rauchende-unterschaetzen-ihr-erkrankungsrisiko\\\/\",\"url\":\"https:\\\/\\\/news.save.ch\\\/rauchende-unterschaetzen-ihr-erkrankungsrisiko\\\/\",\"name\":\"Rauchende untersch\u00e4tzen ihr Erkrankungsrisiko - Save\",\"isPartOf\":{\"@id\":\"https:\\\/\\\/news.save.ch\\\/de\\\/#website\"},\"primaryImageOfPage\":{\"@id\":\"https:\\\/\\\/news.save.ch\\\/rauchende-unterschaetzen-ihr-erkrankungsrisiko\\\/#primaryimage\"},\"image\":{\"@id\":\"https:\\\/\\\/news.save.ch\\\/rauchende-unterschaetzen-ihr-erkrankungsrisiko\\\/#primaryimage\"},\"thumbnailUrl\":\"https:\\\/\\\/news.save.ch\\\/wp-content\\\/uploads\\\/2017\\\/10\\\/BAG-Smoke-Free-Pressemappe-Julia-d-scaled-1.jpg\",\"datePublished\":\"2017-10-26T08:44:28+00:00\",\"dateModified\":\"2023-03-14T08:04:19+00:00\",\"description\":\"SmokeFree-Kampagne: Rauchende sind h\u00e4ufiger von Herz-Kreislauf-Erkrankungen betroffen, als der Bev\u00f6lkerungsdurchschnitt.\",\"breadcrumb\":{\"@id\":\"https:\\\/\\\/news.save.ch\\\/rauchende-unterschaetzen-ihr-erkrankungsrisiko\\\/#breadcrumb\"},\"inLanguage\":\"de\",\"potentialAction\":[{\"@type\":\"ReadAction\",\"target\":[\"https:\\\/\\\/news.save.ch\\\/rauchende-unterschaetzen-ihr-erkrankungsrisiko\\\/\"]}]},{\"@type\":\"ImageObject\",\"inLanguage\":\"de\",\"@id\":\"https:\\\/\\\/news.save.ch\\\/rauchende-unterschaetzen-ihr-erkrankungsrisiko\\\/#primaryimage\",\"url\":\"https:\\\/\\\/news.save.ch\\\/wp-content\\\/uploads\\\/2017\\\/10\\\/BAG-Smoke-Free-Pressemappe-Julia-d-scaled-1.jpg\",\"contentUrl\":\"https:\\\/\\\/news.save.ch\\\/wp-content\\\/uploads\\\/2017\\\/10\\\/BAG-Smoke-Free-Pressemappe-Julia-d-scaled-1.jpg\",\"width\":849,\"height\":1200,\"caption\":\"Zwei Drittel der Rauchenden wissen zwar \u00fcber die generellen Gefahren des Tabakkonsums Bescheid, das pers\u00f6nliche Erkrankungsrisiko sch\u00e4tzen sie jedoch zu tief ein. (Bild: BAG)\"},{\"@type\":\"BreadcrumbList\",\"@id\":\"https:\\\/\\\/news.save.ch\\\/rauchende-unterschaetzen-ihr-erkrankungsrisiko\\\/#breadcrumb\",\"itemListElement\":[{\"@type\":\"ListItem\",\"position\":1,\"name\":\"Home\",\"item\":\"https:\\\/\\\/news.save.ch\\\/de\\\/\"},{\"@type\":\"ListItem\",\"position\":2,\"name\":\"Rauchende untersch\u00e4tzen ihr Erkrankungsrisiko\"}]},{\"@type\":\"WebSite\",\"@id\":\"https:\\\/\\\/news.save.ch\\\/de\\\/#website\",\"url\":\"https:\\\/\\\/news.save.ch\\\/de\\\/\",\"name\":\"Save\",\"description\":\"Schweizer Fachzeitschrift f\u00fcr Sicherheit\",\"publisher\":{\"@id\":\"https:\\\/\\\/news.save.ch\\\/de\\\/#organization\"},\"potentialAction\":[{\"@type\":\"SearchAction\",\"target\":{\"@type\":\"EntryPoint\",\"urlTemplate\":\"https:\\\/\\\/news.save.ch\\\/de\\\/?s={search_term_string}\"},\"query-input\":{\"@type\":\"PropertyValueSpecification\",\"valueRequired\":true,\"valueName\":\"search_term_string\"}}],\"inLanguage\":\"de\"},{\"@type\":\"Organization\",\"@id\":\"https:\\\/\\\/news.save.ch\\\/de\\\/#organization\",\"name\":\"Sicherheitsforum\",\"url\":\"https:\\\/\\\/news.save.ch\\\/de\\\/\",\"logo\":{\"@type\":\"ImageObject\",\"inLanguage\":\"de\",\"@id\":\"https:\\\/\\\/news.save.ch\\\/de\\\/#\\\/schema\\\/logo\\\/image\\\/\",\"url\":\"https:\\\/\\\/news.save.ch\\\/wp-content\\\/uploads\\\/2022\\\/06\\\/Logo_SF_2012.png\",\"contentUrl\":\"https:\\\/\\\/news.save.ch\\\/wp-content\\\/uploads\\\/2022\\\/06\\\/Logo_SF_2012.png\",\"width\":1100,\"height\":91,\"caption\":\"Sicherheitsforum\"},\"image\":{\"@id\":\"https:\\\/\\\/news.save.ch\\\/de\\\/#\\\/schema\\\/logo\\\/image\\\/\"}},{\"@type\":\"Person\",\"@id\":\"https:\\\/\\\/news.save.ch\\\/de\\\/#\\\/schema\\\/person\\\/d49e199490bad7c70d64b9ab51142f2b\",\"name\":\"admin\",\"image\":{\"@type\":\"ImageObject\",\"inLanguage\":\"de\",\"@id\":\"https:\\\/\\\/secure.gravatar.com\\\/avatar\\\/ae2f4d718e6c49043e314ce431e7e645d646302a24a5ef5a8bc8e3f5a032e319?s=96&d=mm&r=g\",\"url\":\"https:\\\/\\\/secure.gravatar.com\\\/avatar\\\/ae2f4d718e6c49043e314ce431e7e645d646302a24a5ef5a8bc8e3f5a032e319?s=96&d=mm&r=g\",\"contentUrl\":\"https:\\\/\\\/secure.gravatar.com\\\/avatar\\\/ae2f4d718e6c49043e314ce431e7e645d646302a24a5ef5a8bc8e3f5a032e319?s=96&d=mm&r=g\",\"caption\":\"admin\"},\"sameAs\":[\"https:\\\/\\\/develop.organisator.galledia.ch\"],\"url\":\"https:\\\/\\\/news.save.ch\\\/de\\\/author\\\/admin\\\/\"}]}<\/script>\n<!-- \/ Yoast SEO plugin. -->","yoast_head_json":{"title":"Rauchende untersch\u00e4tzen ihr Erkrankungsrisiko - Save","description":"SmokeFree-Kampagne: Rauchende sind h\u00e4ufiger von Herz-Kreislauf-Erkrankungen betroffen, als der Bev\u00f6lkerungsdurchschnitt.","robots":{"index":"index","follow":"follow","max-snippet":"max-snippet:-1","max-image-preview":"max-image-preview:large","max-video-preview":"max-video-preview:-1"},"canonical":"https:\/\/news.save.ch\/de\/rauchende-unterschaetzen-ihr-erkrankungsrisiko\/","og_locale":"de_DE","og_type":"article","og_title":"Rauchende untersch\u00e4tzen ihr Erkrankungsrisiko - Save","og_description":"SmokeFree-Kampagne: Rauchende sind h\u00e4ufiger von Herz-Kreislauf-Erkrankungen betroffen, als der Bev\u00f6lkerungsdurchschnitt.","og_url":"https:\/\/news.save.ch\/de\/rauchende-unterschaetzen-ihr-erkrankungsrisiko\/","og_site_name":"Save","article_published_time":"2017-10-26T08:44:28+00:00","article_modified_time":"2023-03-14T08:04:19+00:00","og_image":[{"width":849,"height":1200,"url":"https:\/\/news.save.ch\/wp-content\/uploads\/2017\/10\/BAG-Smoke-Free-Pressemappe-Julia-d-scaled-1.jpg","type":"image\/jpeg"}],"author":"admin","twitter_card":"summary_large_image","twitter_misc":{"Geschrieben von":"admin","Gesch\u00e4tzte Lesezeit":"2\u00a0Minuten"},"schema":{"@context":"https:\/\/schema.org","@graph":[{"@type":"Article","@id":"https:\/\/news.save.ch\/rauchende-unterschaetzen-ihr-erkrankungsrisiko\/#article","isPartOf":{"@id":"https:\/\/news.save.ch\/rauchende-unterschaetzen-ihr-erkrankungsrisiko\/"},"author":{"name":"admin","@id":"https:\/\/news.save.ch\/de\/#\/schema\/person\/d49e199490bad7c70d64b9ab51142f2b"},"headline":"Rauchende untersch\u00e4tzen ihr Erkrankungsrisiko","datePublished":"2017-10-26T08:44:28+00:00","dateModified":"2023-03-14T08:04:19+00:00","mainEntityOfPage":{"@id":"https:\/\/news.save.ch\/rauchende-unterschaetzen-ihr-erkrankungsrisiko\/"},"wordCount":492,"commentCount":2,"publisher":{"@id":"https:\/\/news.save.ch\/de\/#organization"},"image":{"@id":"https:\/\/news.save.ch\/rauchende-unterschaetzen-ihr-erkrankungsrisiko\/#primaryimage"},"thumbnailUrl":"https:\/\/news.save.ch\/wp-content\/uploads\/2017\/10\/BAG-Smoke-Free-Pressemappe-Julia-d-scaled-1.jpg","keywords":["Gef\u00e4hrliche Stoffe","Gesundheitsf\u00f6rderung","Gesundheitsschutz","Gifte","Herz-Kreislauf-Erkrankungen","Herzinfarkt","Kampagnen","Lungenkrebs","Pr\u00e4vention","Raucher","SmokeFree-Kampagne","Studie","Tabakkonsum"],"articleSection":["ALLGEMEIN","HEALTH &amp; SAFETY"],"inLanguage":"de"},{"@type":"WebPage","@id":"https:\/\/news.save.ch\/rauchende-unterschaetzen-ihr-erkrankungsrisiko\/","url":"https:\/\/news.save.ch\/rauchende-unterschaetzen-ihr-erkrankungsrisiko\/","name":"Rauchende untersch\u00e4tzen ihr Erkrankungsrisiko - Save","isPartOf":{"@id":"https:\/\/news.save.ch\/de\/#website"},"primaryImageOfPage":{"@id":"https:\/\/news.save.ch\/rauchende-unterschaetzen-ihr-erkrankungsrisiko\/#primaryimage"},"image":{"@id":"https:\/\/news.save.ch\/rauchende-unterschaetzen-ihr-erkrankungsrisiko\/#primaryimage"},"thumbnailUrl":"https:\/\/news.save.ch\/wp-content\/uploads\/2017\/10\/BAG-Smoke-Free-Pressemappe-Julia-d-scaled-1.jpg","datePublished":"2017-10-26T08:44:28+00:00","dateModified":"2023-03-14T08:04:19+00:00","description":"SmokeFree-Kampagne: Rauchende sind h\u00e4ufiger von Herz-Kreislauf-Erkrankungen betroffen, als der Bev\u00f6lkerungsdurchschnitt.","breadcrumb":{"@id":"https:\/\/news.save.ch\/rauchende-unterschaetzen-ihr-erkrankungsrisiko\/#breadcrumb"},"inLanguage":"de","potentialAction":[{"@type":"ReadAction","target":["https:\/\/news.save.ch\/rauchende-unterschaetzen-ihr-erkrankungsrisiko\/"]}]},{"@type":"ImageObject","inLanguage":"de","@id":"https:\/\/news.save.ch\/rauchende-unterschaetzen-ihr-erkrankungsrisiko\/#primaryimage","url":"https:\/\/news.save.ch\/wp-content\/uploads\/2017\/10\/BAG-Smoke-Free-Pressemappe-Julia-d-scaled-1.jpg","contentUrl":"https:\/\/news.save.ch\/wp-content\/uploads\/2017\/10\/BAG-Smoke-Free-Pressemappe-Julia-d-scaled-1.jpg","width":849,"height":1200,"caption":"Zwei Drittel der Rauchenden wissen zwar \u00fcber die generellen Gefahren des Tabakkonsums Bescheid, das pers\u00f6nliche Erkrankungsrisiko sch\u00e4tzen sie jedoch zu tief ein. (Bild: BAG)"},{"@type":"BreadcrumbList","@id":"https:\/\/news.save.ch\/rauchende-unterschaetzen-ihr-erkrankungsrisiko\/#breadcrumb","itemListElement":[{"@type":"ListItem","position":1,"name":"Home","item":"https:\/\/news.save.ch\/de\/"},{"@type":"ListItem","position":2,"name":"Rauchende untersch\u00e4tzen ihr Erkrankungsrisiko"}]},{"@type":"WebSite","@id":"https:\/\/news.save.ch\/de\/#website","url":"https:\/\/news.save.ch\/de\/","name":"Save","description":"Schweizer Fachzeitschrift f\u00fcr Sicherheit","publisher":{"@id":"https:\/\/news.save.ch\/de\/#organization"},"potentialAction":[{"@type":"SearchAction","target":{"@type":"EntryPoint","urlTemplate":"https:\/\/news.save.ch\/de\/?s={search_term_string}"},"query-input":{"@type":"PropertyValueSpecification","valueRequired":true,"valueName":"search_term_string"}}],"inLanguage":"de"},{"@type":"Organization","@id":"https:\/\/news.save.ch\/de\/#organization","name":"Sicherheitsforum","url":"https:\/\/news.save.ch\/de\/","logo":{"@type":"ImageObject","inLanguage":"de","@id":"https:\/\/news.save.ch\/de\/#\/schema\/logo\/image\/","url":"https:\/\/news.save.ch\/wp-content\/uploads\/2022\/06\/Logo_SF_2012.png","contentUrl":"https:\/\/news.save.ch\/wp-content\/uploads\/2022\/06\/Logo_SF_2012.png","width":1100,"height":91,"caption":"Sicherheitsforum"},"image":{"@id":"https:\/\/news.save.ch\/de\/#\/schema\/logo\/image\/"}},{"@type":"Person","@id":"https:\/\/news.save.ch\/de\/#\/schema\/person\/d49e199490bad7c70d64b9ab51142f2b","name":"admin","image":{"@type":"ImageObject","inLanguage":"de","@id":"https:\/\/secure.gravatar.com\/avatar\/ae2f4d718e6c49043e314ce431e7e645d646302a24a5ef5a8bc8e3f5a032e319?s=96&d=mm&r=g","url":"https:\/\/secure.gravatar.com\/avatar\/ae2f4d718e6c49043e314ce431e7e645d646302a24a5ef5a8bc8e3f5a032e319?s=96&d=mm&r=g","contentUrl":"https:\/\/secure.gravatar.com\/avatar\/ae2f4d718e6c49043e314ce431e7e645d646302a24a5ef5a8bc8e3f5a032e319?s=96&d=mm&r=g","caption":"admin"},"sameAs":["https:\/\/develop.organisator.galledia.ch"],"url":"https:\/\/news.save.ch\/de\/author\/admin\/"}]}},"_links":{"self":[{"href":"https:\/\/news.save.ch\/de\/wp-json\/wp\/v2\/posts\/2364","targetHints":{"allow":["GET"]}}],"collection":[{"href":"https:\/\/news.save.ch\/de\/wp-json\/wp\/v2\/posts"}],"about":[{"href":"https:\/\/news.save.ch\/de\/wp-json\/wp\/v2\/types\/post"}],"author":[{"embeddable":true,"href":"https:\/\/news.save.ch\/de\/wp-json\/wp\/v2\/users\/1"}],"replies":[{"embeddable":true,"href":"https:\/\/news.save.ch\/de\/wp-json\/wp\/v2\/comments?post=2364"}],"version-history":[{"count":1,"href":"https:\/\/news.save.ch\/de\/wp-json\/wp\/v2\/posts\/2364\/revisions"}],"predecessor-version":[{"id":18763,"href":"https:\/\/news.save.ch\/de\/wp-json\/wp\/v2\/posts\/2364\/revisions\/18763"}],"wp:featuredmedia":[{"embeddable":true,"href":"https:\/\/news.save.ch\/de\/wp-json\/wp\/v2\/media\/16231"}],"wp:attachment":[{"href":"https:\/\/news.save.ch\/de\/wp-json\/wp\/v2\/media?parent=2364"}],"wp:term":[{"taxonomy":"category","embeddable":true,"href":"https:\/\/news.save.ch\/de\/wp-json\/wp\/v2\/categories?post=2364"},{"taxonomy":"post_tag","embeddable":true,"href":"https:\/\/news.save.ch\/de\/wp-json\/wp\/v2\/tags?post=2364"}],"curies":[{"name":"wp","href":"https:\/\/api.w.org\/{rel}","templated":true}]}}