{"id":23729,"date":"2024-11-19T12:00:28","date_gmt":"2024-11-19T11:00:28","guid":{"rendered":"https:\/\/news.save.ch\/?p=23729"},"modified":"2024-11-19T12:00:28","modified_gmt":"2024-11-19T11:00:28","slug":"nationale-strategie-zur-bekaempfung-der-organisierten-kriminalitaet","status":null,"type":"post","link":"https:\/\/news.save.ch\/de\/nationale-strategie-zur-bekaempfung-der-organisierten-kriminalitaet\/","title":{"rendered":"Nationale Strategie zur Bek\u00e4mpfung der organisierten Kriminalit\u00e4t"},"content":{"rendered":"<p>&nbsp;<\/p>\n<figure id=\"attachment_23731\" aria-describedby=\"caption-attachment-23731\" style=\"width: 1400px\" class=\"wp-caption alignnone\"><a href=\"https:\/\/news.save.ch\/nationale-strategie-zur-bekaempfung-der-organisierten-kriminalitaet\/police-blue-lamp\/\" rel=\"attachment wp-att-23731\"><img loading=\"lazy\" decoding=\"async\" class=\"size-full wp-image-23731\" src=\"https:\/\/news.save.ch\/wp-content\/uploads\/2024\/11\/AdobeStock_29361929-scaled.jpeg\" alt=\"\" width=\"1400\" height=\"933\" srcset=\"https:\/\/news.save.ch\/wp-content\/uploads\/2024\/11\/AdobeStock_29361929-scaled.jpeg 1200w, https:\/\/news.save.ch\/wp-content\/uploads\/2024\/11\/AdobeStock_29361929-680x453.jpeg 680w, https:\/\/news.save.ch\/wp-content\/uploads\/2024\/11\/AdobeStock_29361929-1024x683.jpeg 1024w, https:\/\/news.save.ch\/wp-content\/uploads\/2024\/11\/AdobeStock_29361929-768x512.jpeg 768w, https:\/\/news.save.ch\/wp-content\/uploads\/2024\/11\/AdobeStock_29361929-1536x1024.jpeg 1536w, https:\/\/news.save.ch\/wp-content\/uploads\/2024\/11\/AdobeStock_29361929-2048x1365.jpeg 2048w, https:\/\/news.save.ch\/wp-content\/uploads\/2024\/11\/AdobeStock_29361929-18x12.jpeg 18w, https:\/\/news.save.ch\/wp-content\/uploads\/2024\/11\/AdobeStock_29361929-375x250.jpeg 375w, https:\/\/news.save.ch\/wp-content\/uploads\/2024\/11\/AdobeStock_29361929-525x350.jpeg 525w, https:\/\/news.save.ch\/wp-content\/uploads\/2024\/11\/AdobeStock_29361929-1000x667.jpeg 1000w\" sizes=\"auto, (max-width: 1400px) 100vw, 1400px\" \/><\/a><figcaption id=\"caption-attachment-23731\" class=\"wp-caption-text\">Foto: Adobestock\/banglds<\/figcaption><\/figure>\n<p>Auf dieser politisch breit abgest\u00fctzten Grundlage soll die Bek\u00e4mpfung der OK als gesamtgesellschaftliche Aufgabe definiert werden. Die Konferenz der Kantonalen Justiz- und Polizeidirektorinnen und -direktoren (KKJPD), die Konferenz der Kantonalen Polizeikommandantinnen und -kommandanten der Schweiz (KKPKS), die Bundesanwaltschaft und weitere Beh\u00f6rden werden sich an der Ausarbeitung der Strategie OK beteiligen.<\/p>\n<p>Die neue Strategie OK soll Handlungsfelder, Ziele und Massnahmen enthalten und damit auch den Rahmen bereits bestehender und k\u00fcnftiger Massnahmen bilden. Massnahmen in den Bereichen Pr\u00e4vention, Repression und Kooperation sollen sich k\u00fcnftig auf diese gemeinsame Basis abst\u00fctzen k\u00f6nnen.<\/p>\n<p><b>Internationale kriminelle Netzwerke<\/b><\/p>\n<p>Die OK stellt in der Schweiz eine wachsende Bedrohung dar. Italienische Mafia-Gruppen sind seit etwa f\u00fcnfzig Jahren in der Schweiz aktiv, jedoch diskret und gesellschaftlich oft gut integriert. Analysen und laufende Ermittlungen von fedpol und der Kantonspolizeien zeigen, dass auch andere Gruppierungen in der Schweiz aktiv sind. Internationale kriminelle Netzwerke, darunter Gruppierungen aus Italien, Frankreich, Belgien, den Niederlanden, Osteuropa, dem Balkan, der T\u00fcrkei oder aus Nigeria nutzen die Schweiz als Operations- und R\u00fcckzugsraum. Sie handeln mit Drogen, Menschen und Waffen und sprengen Geldautomaten.<\/p>\n<p>Die OK bedroht damit die Sicherheit der Bev\u00f6lkerung, die legale Wirtschaft, den Rechtsstaat und die Sicherheit jener Menschen, die zum Beispiel Opfer von Menschenhandel werden. In einigen europ\u00e4ischen L\u00e4ndern ist die OK inzwischen zu einer Bedrohung f\u00fcr die innere Sicherheit geworden.<\/p>\n<p>Die aktuellen Lagebilder zeigen, dass die Schweiz der organisierten Kriminalit\u00e4t dank ihrer geografischen Lage, ihrer starken Finanzinfrastruktur und der politischen Stabilit\u00e4t als sicherer Dreh- und Angelpunkt f\u00fcr die kriminellen Aktivit\u00e4ten wie internationalen Drogenhandel, Menschenhandel und Menschenschmuggel, Waffenhandel und Geldw\u00e4scherei dient.<\/p>\n<p><b>Die Strategie als Basis f\u00fcr bestehende und zuk\u00fcnftige Massnahmen<\/b><\/p>\n<p>Auch eine umfassende Bestandsaufnahme der beh\u00f6rdlichen Instrumente zur Bek\u00e4mpfung der OK in der Schweiz im Jahr 2023 zeigte, inwieweit die Schweiz bereits heute durch die OK unterwandert ist. Die Bestandsaufnahme legte zudem Schwachstellen und Bed\u00fcrfnisse bei der Bek\u00e4mpfung der OK offen. \u00dcber 500 Vertreterinnen und Vertreter aus Strafverfolgungs- und anderen Beh\u00f6rden konnten ihre Erfahrungen einbringen. Ein externes Expertenteam spricht in der Bestandsaufnahme 20 Handlungsempfehlungen zur Optimierung der OK-Bek\u00e4mpfung aus. Die Strategie OK soll den Rahmen f\u00fcr die Pr\u00fcfung und Umsetzung dieser Empfehlungen bilden und helfen, mit geeigneten Massnahmen die erkannten L\u00fccken zu f\u00fcllen.<\/p>\n<p>Die Strategie OK soll auch die Grundlage sein f\u00fcr bereits bestehende Massnahmen wie beispielsweise den Nationalen Aktionsplan gegen Menschenhandel. Die Bek\u00e4mpfung der OK ist seit mehreren Jahren ein strategischer Schwerpunkt von fedpol und der Bundesanwaltschaft. Auch die Kantonspolizeien erkennen die Herausforderung und die Notwendigkeit, organisierte Kriminalit\u00e4t zu bek\u00e4mpfen. Mehrere Kantonspolizeien haben bereits spezialisierte Einheiten f\u00fcr Strukturermittlungen geschaffen und sowohl die Konferenz der Kantonalen Polizeikommandantinnen und -kommandanten (KKPKS) als auch die Vereinigung der Schweizerischen Kriminalpolizeichefs (VSKC) haben den Austausch und die Zusammenarbeit zur Bek\u00e4mpfung der OK intensiviert bzw. die eigenen Strukturen angepasst. Pr\u00e4ventive Massnahmen sowie Ermittlungen erfolgen zunehmend gemeinsam durch Strafverfolgungsbeh\u00f6rden von Bund und Kantonen.<\/p>\n<p>Fedpol wird die Strategie gemeinsam mit den beteiligten Beh\u00f6rden von Bund, Kantonen und Gemeinden erarbeiten. Bei den Arbeiten sollen auch die Erkenntnisse ausl\u00e4ndischer Beh\u00f6rden und der internationalen Polizeiorganisationen Europol und Interpol einbezogen werden. Bis Mitte 2025 soll ein erster Entwurf der Strategie OK vorliegen, der anschliessend dem Bundesrat und der KKJPD zur Genehmigung unterbreitet wird.<\/p>\n<p><em>Quelle: Bundesamt f\u00fcr Polizei<\/em><\/p>\n","protected":false},"excerpt":{"rendered":"<p>&nbsp; Auf dieser politisch breit abgest\u00fctzten Grundlage soll die Bek\u00e4mpfung der OK als gesamtgesellschaftliche Aufgabe definiert werden. Die Konferenz der Kantonalen Justiz- und Polizeidirektorinnen und -direktoren (KKJPD), die Konferenz der Kantonalen Polizeikommandantinnen und -kommandanten der Schweiz (KKPKS), die Bundesanwaltschaft und weitere Beh\u00f6rden werden sich an der Ausarbeitung der Strategie OK beteiligen. Die neue Strategie OK [&hellip;]<\/p>\n","protected":false},"author":31,"featured_media":23731,"comment_status":"closed","ping_status":"closed","sticky":false,"template":"","format":"standard","meta":{"_acf_changed":false,"pgc_sgb_lightbox_settings":"","footnotes":""},"categories":[3312],"tags":[6530,4107,239,6529],"class_list":["post-23729","post","type-post","status-publish","format-standard","has-post-thumbnail","hentry","category-sicherheit","tag-bandenkriminalitaet","tag-bundesamt-fuer-polizei-fedpol","tag-kkpks","tag-organisierte-kriminalitaet"],"acf":[],"hkrextid":null,"publication":null,"issue":null,"workflow":null,"startPage":null,"spitzmarke":null,"_posts_by_tag_page_fields":null,"_at_widget":null,"_yoast_wpseo_primary_category":"3312","_yoast_wpseo_focuskw_text_input":null,"_yoast_wpseo_opengraph-image":null,"_yoast_wpseo_opengraph-description":null,"_yoast_wpseo_opengraph-title":null,"enclosure":null,"_yoast_wpseo_twitter-title":null,"_yoast_wpseo_twitter-description":null,"_yoast_wpseo_twitter-image":null,"_wp_old_slug":null,"_yoast_wpseo_title":null,"_yoast_wpseo_canonical":null,"yoast_head":"<!-- This site is optimized with the Yoast SEO plugin v27.4 - https:\/\/yoast.com\/product\/yoast-seo-wordpress\/ -->\n<title>Nationale Strategie zur Bek\u00e4mpfung der organisierten Kriminalit\u00e4t - Save<\/title>\n<meta name=\"description\" content=\"Bundesrat beauftragt Bundesamt f\u00fcr Polizei (fedpol), eine nationale Strategie zur Bek\u00e4mpfung der organisierten Kriminalit\u00e4t zu erarbeiten.\" \/>\n<meta name=\"robots\" content=\"index, follow, max-snippet:-1, max-image-preview:large, max-video-preview:-1\" \/>\n<link rel=\"canonical\" href=\"https:\/\/news.save.ch\/de\/nationale-strategie-zur-bekaempfung-der-organisierten-kriminalitaet\/\" \/>\n<meta property=\"og:locale\" content=\"de_DE\" \/>\n<meta property=\"og:type\" content=\"article\" \/>\n<meta property=\"og:title\" content=\"Nationale Strategie zur Bek\u00e4mpfung der organisierten Kriminalit\u00e4t - Save\" \/>\n<meta property=\"og:description\" content=\"Bundesrat beauftragt Bundesamt f\u00fcr Polizei (fedpol), eine nationale Strategie zur Bek\u00e4mpfung der organisierten Kriminalit\u00e4t zu erarbeiten.\" \/>\n<meta property=\"og:url\" content=\"https:\/\/news.save.ch\/de\/nationale-strategie-zur-bekaempfung-der-organisierten-kriminalitaet\/\" \/>\n<meta property=\"og:site_name\" content=\"Save\" \/>\n<meta property=\"article:published_time\" content=\"2024-11-19T11:00:28+00:00\" \/>\n<meta property=\"og:image\" content=\"https:\/\/news.save.ch\/wp-content\/uploads\/2024\/11\/AdobeStock_29361929-scaled.jpeg\" \/>\n\t<meta property=\"og:image:width\" content=\"1200\" \/>\n\t<meta property=\"og:image:height\" content=\"800\" \/>\n\t<meta property=\"og:image:type\" content=\"image\/jpeg\" \/>\n<meta name=\"author\" content=\"stefanie Zeng\" \/>\n<meta name=\"twitter:card\" content=\"summary_large_image\" \/>\n<meta name=\"twitter:label1\" content=\"Geschrieben von\" \/>\n\t<meta name=\"twitter:data1\" content=\"stefanie Zeng\" \/>\n\t<meta name=\"twitter:label2\" content=\"Gesch\u00e4tzte Lesezeit\" \/>\n\t<meta name=\"twitter:data2\" content=\"4\u00a0Minuten\" \/>\n<script type=\"application\/ld+json\" class=\"yoast-schema-graph\">{\"@context\":\"https:\\\/\\\/schema.org\",\"@graph\":[{\"@type\":\"Article\",\"@id\":\"https:\\\/\\\/news.save.ch\\\/nationale-strategie-zur-bekaempfung-der-organisierten-kriminalitaet\\\/#article\",\"isPartOf\":{\"@id\":\"https:\\\/\\\/news.save.ch\\\/nationale-strategie-zur-bekaempfung-der-organisierten-kriminalitaet\\\/\"},\"author\":{\"name\":\"stefanie Zeng\",\"@id\":\"https:\\\/\\\/news.save.ch\\\/de\\\/#\\\/schema\\\/person\\\/10917387362b3961e882740f6cf6f2a2\"},\"headline\":\"Nationale Strategie zur Bek\u00e4mpfung der organisierten Kriminalit\u00e4t\",\"datePublished\":\"2024-11-19T11:00:28+00:00\",\"mainEntityOfPage\":{\"@id\":\"https:\\\/\\\/news.save.ch\\\/nationale-strategie-zur-bekaempfung-der-organisierten-kriminalitaet\\\/\"},\"wordCount\":580,\"publisher\":{\"@id\":\"https:\\\/\\\/news.save.ch\\\/de\\\/#organization\"},\"image\":{\"@id\":\"https:\\\/\\\/news.save.ch\\\/nationale-strategie-zur-bekaempfung-der-organisierten-kriminalitaet\\\/#primaryimage\"},\"thumbnailUrl\":\"https:\\\/\\\/news.save.ch\\\/wp-content\\\/uploads\\\/2024\\\/11\\\/AdobeStock_29361929-scaled.jpeg\",\"keywords\":[\"Bandenkriminalit\u00e4t\",\"Bundesamt f\u00fcr Polizei (Fedpol)\",\"KKPKS\",\"Organisierte Kriminalit\u00e4t\"],\"articleSection\":[\"SICHERHEIT\"],\"inLanguage\":\"de\"},{\"@type\":\"WebPage\",\"@id\":\"https:\\\/\\\/news.save.ch\\\/nationale-strategie-zur-bekaempfung-der-organisierten-kriminalitaet\\\/\",\"url\":\"https:\\\/\\\/news.save.ch\\\/nationale-strategie-zur-bekaempfung-der-organisierten-kriminalitaet\\\/\",\"name\":\"Nationale Strategie zur Bek\u00e4mpfung der organisierten Kriminalit\u00e4t - Save\",\"isPartOf\":{\"@id\":\"https:\\\/\\\/news.save.ch\\\/de\\\/#website\"},\"primaryImageOfPage\":{\"@id\":\"https:\\\/\\\/news.save.ch\\\/nationale-strategie-zur-bekaempfung-der-organisierten-kriminalitaet\\\/#primaryimage\"},\"image\":{\"@id\":\"https:\\\/\\\/news.save.ch\\\/nationale-strategie-zur-bekaempfung-der-organisierten-kriminalitaet\\\/#primaryimage\"},\"thumbnailUrl\":\"https:\\\/\\\/news.save.ch\\\/wp-content\\\/uploads\\\/2024\\\/11\\\/AdobeStock_29361929-scaled.jpeg\",\"datePublished\":\"2024-11-19T11:00:28+00:00\",\"description\":\"Bundesrat beauftragt Bundesamt f\u00fcr Polizei (fedpol), eine nationale Strategie zur Bek\u00e4mpfung der organisierten Kriminalit\u00e4t zu erarbeiten.\",\"breadcrumb\":{\"@id\":\"https:\\\/\\\/news.save.ch\\\/nationale-strategie-zur-bekaempfung-der-organisierten-kriminalitaet\\\/#breadcrumb\"},\"inLanguage\":\"de\",\"potentialAction\":[{\"@type\":\"ReadAction\",\"target\":[\"https:\\\/\\\/news.save.ch\\\/nationale-strategie-zur-bekaempfung-der-organisierten-kriminalitaet\\\/\"]}]},{\"@type\":\"ImageObject\",\"inLanguage\":\"de\",\"@id\":\"https:\\\/\\\/news.save.ch\\\/nationale-strategie-zur-bekaempfung-der-organisierten-kriminalitaet\\\/#primaryimage\",\"url\":\"https:\\\/\\\/news.save.ch\\\/wp-content\\\/uploads\\\/2024\\\/11\\\/AdobeStock_29361929-scaled.jpeg\",\"contentUrl\":\"https:\\\/\\\/news.save.ch\\\/wp-content\\\/uploads\\\/2024\\\/11\\\/AdobeStock_29361929-scaled.jpeg\",\"width\":1200,\"height\":800,\"caption\":\"Foto: Adobestock\\\/banglds\"},{\"@type\":\"BreadcrumbList\",\"@id\":\"https:\\\/\\\/news.save.ch\\\/nationale-strategie-zur-bekaempfung-der-organisierten-kriminalitaet\\\/#breadcrumb\",\"itemListElement\":[{\"@type\":\"ListItem\",\"position\":1,\"name\":\"Home\",\"item\":\"https:\\\/\\\/news.save.ch\\\/de\\\/\"},{\"@type\":\"ListItem\",\"position\":2,\"name\":\"Nationale Strategie zur Bek\u00e4mpfung der organisierten Kriminalit\u00e4t\"}]},{\"@type\":\"WebSite\",\"@id\":\"https:\\\/\\\/news.save.ch\\\/de\\\/#website\",\"url\":\"https:\\\/\\\/news.save.ch\\\/de\\\/\",\"name\":\"Save\",\"description\":\"Schweizer Fachzeitschrift f\u00fcr Sicherheit\",\"publisher\":{\"@id\":\"https:\\\/\\\/news.save.ch\\\/de\\\/#organization\"},\"potentialAction\":[{\"@type\":\"SearchAction\",\"target\":{\"@type\":\"EntryPoint\",\"urlTemplate\":\"https:\\\/\\\/news.save.ch\\\/de\\\/?s={search_term_string}\"},\"query-input\":{\"@type\":\"PropertyValueSpecification\",\"valueRequired\":true,\"valueName\":\"search_term_string\"}}],\"inLanguage\":\"de\"},{\"@type\":\"Organization\",\"@id\":\"https:\\\/\\\/news.save.ch\\\/de\\\/#organization\",\"name\":\"Sicherheitsforum\",\"url\":\"https:\\\/\\\/news.save.ch\\\/de\\\/\",\"logo\":{\"@type\":\"ImageObject\",\"inLanguage\":\"de\",\"@id\":\"https:\\\/\\\/news.save.ch\\\/de\\\/#\\\/schema\\\/logo\\\/image\\\/\",\"url\":\"https:\\\/\\\/news.save.ch\\\/wp-content\\\/uploads\\\/2022\\\/06\\\/Logo_SF_2012.png\",\"contentUrl\":\"https:\\\/\\\/news.save.ch\\\/wp-content\\\/uploads\\\/2022\\\/06\\\/Logo_SF_2012.png\",\"width\":1100,\"height\":91,\"caption\":\"Sicherheitsforum\"},\"image\":{\"@id\":\"https:\\\/\\\/news.save.ch\\\/de\\\/#\\\/schema\\\/logo\\\/image\\\/\"}},{\"@type\":\"Person\",\"@id\":\"https:\\\/\\\/news.save.ch\\\/de\\\/#\\\/schema\\\/person\\\/10917387362b3961e882740f6cf6f2a2\",\"name\":\"stefanie Zeng\",\"image\":{\"@type\":\"ImageObject\",\"inLanguage\":\"de\",\"@id\":\"https:\\\/\\\/secure.gravatar.com\\\/avatar\\\/eac43faa6e40bb2c41068c95c9d78bbd94c476d5efdff7abaab80bb3ea681e06?s=96&d=mm&r=g\",\"url\":\"https:\\\/\\\/secure.gravatar.com\\\/avatar\\\/eac43faa6e40bb2c41068c95c9d78bbd94c476d5efdff7abaab80bb3ea681e06?s=96&d=mm&r=g\",\"contentUrl\":\"https:\\\/\\\/secure.gravatar.com\\\/avatar\\\/eac43faa6e40bb2c41068c95c9d78bbd94c476d5efdff7abaab80bb3ea681e06?s=96&d=mm&r=g\",\"caption\":\"stefanie Zeng\"},\"url\":\"https:\\\/\\\/news.save.ch\\\/de\\\/author\\\/stefanie-zeng\\\/\"}]}<\/script>\n<!-- \/ Yoast SEO plugin. -->","yoast_head_json":{"title":"Nationale Strategie zur Bek\u00e4mpfung der organisierten Kriminalit\u00e4t - Save","description":"Bundesrat beauftragt Bundesamt f\u00fcr Polizei (fedpol), eine nationale Strategie zur Bek\u00e4mpfung der organisierten Kriminalit\u00e4t zu erarbeiten.","robots":{"index":"index","follow":"follow","max-snippet":"max-snippet:-1","max-image-preview":"max-image-preview:large","max-video-preview":"max-video-preview:-1"},"canonical":"https:\/\/news.save.ch\/de\/nationale-strategie-zur-bekaempfung-der-organisierten-kriminalitaet\/","og_locale":"de_DE","og_type":"article","og_title":"Nationale Strategie zur Bek\u00e4mpfung der organisierten Kriminalit\u00e4t - Save","og_description":"Bundesrat beauftragt Bundesamt f\u00fcr Polizei (fedpol), eine nationale Strategie zur Bek\u00e4mpfung der organisierten Kriminalit\u00e4t zu erarbeiten.","og_url":"https:\/\/news.save.ch\/de\/nationale-strategie-zur-bekaempfung-der-organisierten-kriminalitaet\/","og_site_name":"Save","article_published_time":"2024-11-19T11:00:28+00:00","og_image":[{"width":1200,"height":800,"url":"https:\/\/news.save.ch\/wp-content\/uploads\/2024\/11\/AdobeStock_29361929-scaled.jpeg","type":"image\/jpeg"}],"author":"stefanie Zeng","twitter_card":"summary_large_image","twitter_misc":{"Geschrieben von":"stefanie Zeng","Gesch\u00e4tzte Lesezeit":"4\u00a0Minuten"},"schema":{"@context":"https:\/\/schema.org","@graph":[{"@type":"Article","@id":"https:\/\/news.save.ch\/nationale-strategie-zur-bekaempfung-der-organisierten-kriminalitaet\/#article","isPartOf":{"@id":"https:\/\/news.save.ch\/nationale-strategie-zur-bekaempfung-der-organisierten-kriminalitaet\/"},"author":{"name":"stefanie Zeng","@id":"https:\/\/news.save.ch\/de\/#\/schema\/person\/10917387362b3961e882740f6cf6f2a2"},"headline":"Nationale Strategie zur Bek\u00e4mpfung der organisierten Kriminalit\u00e4t","datePublished":"2024-11-19T11:00:28+00:00","mainEntityOfPage":{"@id":"https:\/\/news.save.ch\/nationale-strategie-zur-bekaempfung-der-organisierten-kriminalitaet\/"},"wordCount":580,"publisher":{"@id":"https:\/\/news.save.ch\/de\/#organization"},"image":{"@id":"https:\/\/news.save.ch\/nationale-strategie-zur-bekaempfung-der-organisierten-kriminalitaet\/#primaryimage"},"thumbnailUrl":"https:\/\/news.save.ch\/wp-content\/uploads\/2024\/11\/AdobeStock_29361929-scaled.jpeg","keywords":["Bandenkriminalit\u00e4t","Bundesamt f\u00fcr Polizei (Fedpol)","KKPKS","Organisierte Kriminalit\u00e4t"],"articleSection":["SICHERHEIT"],"inLanguage":"de"},{"@type":"WebPage","@id":"https:\/\/news.save.ch\/nationale-strategie-zur-bekaempfung-der-organisierten-kriminalitaet\/","url":"https:\/\/news.save.ch\/nationale-strategie-zur-bekaempfung-der-organisierten-kriminalitaet\/","name":"Nationale Strategie zur Bek\u00e4mpfung der organisierten Kriminalit\u00e4t - Save","isPartOf":{"@id":"https:\/\/news.save.ch\/de\/#website"},"primaryImageOfPage":{"@id":"https:\/\/news.save.ch\/nationale-strategie-zur-bekaempfung-der-organisierten-kriminalitaet\/#primaryimage"},"image":{"@id":"https:\/\/news.save.ch\/nationale-strategie-zur-bekaempfung-der-organisierten-kriminalitaet\/#primaryimage"},"thumbnailUrl":"https:\/\/news.save.ch\/wp-content\/uploads\/2024\/11\/AdobeStock_29361929-scaled.jpeg","datePublished":"2024-11-19T11:00:28+00:00","description":"Bundesrat beauftragt Bundesamt f\u00fcr Polizei (fedpol), eine nationale Strategie zur Bek\u00e4mpfung der organisierten Kriminalit\u00e4t zu erarbeiten.","breadcrumb":{"@id":"https:\/\/news.save.ch\/nationale-strategie-zur-bekaempfung-der-organisierten-kriminalitaet\/#breadcrumb"},"inLanguage":"de","potentialAction":[{"@type":"ReadAction","target":["https:\/\/news.save.ch\/nationale-strategie-zur-bekaempfung-der-organisierten-kriminalitaet\/"]}]},{"@type":"ImageObject","inLanguage":"de","@id":"https:\/\/news.save.ch\/nationale-strategie-zur-bekaempfung-der-organisierten-kriminalitaet\/#primaryimage","url":"https:\/\/news.save.ch\/wp-content\/uploads\/2024\/11\/AdobeStock_29361929-scaled.jpeg","contentUrl":"https:\/\/news.save.ch\/wp-content\/uploads\/2024\/11\/AdobeStock_29361929-scaled.jpeg","width":1200,"height":800,"caption":"Foto: Adobestock\/banglds"},{"@type":"BreadcrumbList","@id":"https:\/\/news.save.ch\/nationale-strategie-zur-bekaempfung-der-organisierten-kriminalitaet\/#breadcrumb","itemListElement":[{"@type":"ListItem","position":1,"name":"Home","item":"https:\/\/news.save.ch\/de\/"},{"@type":"ListItem","position":2,"name":"Nationale Strategie zur Bek\u00e4mpfung der organisierten Kriminalit\u00e4t"}]},{"@type":"WebSite","@id":"https:\/\/news.save.ch\/de\/#website","url":"https:\/\/news.save.ch\/de\/","name":"Save","description":"Schweizer Fachzeitschrift f\u00fcr Sicherheit","publisher":{"@id":"https:\/\/news.save.ch\/de\/#organization"},"potentialAction":[{"@type":"SearchAction","target":{"@type":"EntryPoint","urlTemplate":"https:\/\/news.save.ch\/de\/?s={search_term_string}"},"query-input":{"@type":"PropertyValueSpecification","valueRequired":true,"valueName":"search_term_string"}}],"inLanguage":"de"},{"@type":"Organization","@id":"https:\/\/news.save.ch\/de\/#organization","name":"Sicherheitsforum","url":"https:\/\/news.save.ch\/de\/","logo":{"@type":"ImageObject","inLanguage":"de","@id":"https:\/\/news.save.ch\/de\/#\/schema\/logo\/image\/","url":"https:\/\/news.save.ch\/wp-content\/uploads\/2022\/06\/Logo_SF_2012.png","contentUrl":"https:\/\/news.save.ch\/wp-content\/uploads\/2022\/06\/Logo_SF_2012.png","width":1100,"height":91,"caption":"Sicherheitsforum"},"image":{"@id":"https:\/\/news.save.ch\/de\/#\/schema\/logo\/image\/"}},{"@type":"Person","@id":"https:\/\/news.save.ch\/de\/#\/schema\/person\/10917387362b3961e882740f6cf6f2a2","name":"stefanie Zeng","image":{"@type":"ImageObject","inLanguage":"de","@id":"https:\/\/secure.gravatar.com\/avatar\/eac43faa6e40bb2c41068c95c9d78bbd94c476d5efdff7abaab80bb3ea681e06?s=96&d=mm&r=g","url":"https:\/\/secure.gravatar.com\/avatar\/eac43faa6e40bb2c41068c95c9d78bbd94c476d5efdff7abaab80bb3ea681e06?s=96&d=mm&r=g","contentUrl":"https:\/\/secure.gravatar.com\/avatar\/eac43faa6e40bb2c41068c95c9d78bbd94c476d5efdff7abaab80bb3ea681e06?s=96&d=mm&r=g","caption":"stefanie Zeng"},"url":"https:\/\/news.save.ch\/de\/author\/stefanie-zeng\/"}]}},"_links":{"self":[{"href":"https:\/\/news.save.ch\/de\/wp-json\/wp\/v2\/posts\/23729","targetHints":{"allow":["GET"]}}],"collection":[{"href":"https:\/\/news.save.ch\/de\/wp-json\/wp\/v2\/posts"}],"about":[{"href":"https:\/\/news.save.ch\/de\/wp-json\/wp\/v2\/types\/post"}],"author":[{"embeddable":true,"href":"https:\/\/news.save.ch\/de\/wp-json\/wp\/v2\/users\/31"}],"replies":[{"embeddable":true,"href":"https:\/\/news.save.ch\/de\/wp-json\/wp\/v2\/comments?post=23729"}],"version-history":[{"count":2,"href":"https:\/\/news.save.ch\/de\/wp-json\/wp\/v2\/posts\/23729\/revisions"}],"predecessor-version":[{"id":23733,"href":"https:\/\/news.save.ch\/de\/wp-json\/wp\/v2\/posts\/23729\/revisions\/23733"}],"wp:featuredmedia":[{"embeddable":true,"href":"https:\/\/news.save.ch\/de\/wp-json\/wp\/v2\/media\/23731"}],"wp:attachment":[{"href":"https:\/\/news.save.ch\/de\/wp-json\/wp\/v2\/media?parent=23729"}],"wp:term":[{"taxonomy":"category","embeddable":true,"href":"https:\/\/news.save.ch\/de\/wp-json\/wp\/v2\/categories?post=23729"},{"taxonomy":"post_tag","embeddable":true,"href":"https:\/\/news.save.ch\/de\/wp-json\/wp\/v2\/tags?post=23729"}],"curies":[{"name":"wp","href":"https:\/\/api.w.org\/{rel}","templated":true}]}}