{"id":23783,"date":"2024-12-02T13:11:35","date_gmt":"2024-12-02T12:11:35","guid":{"rendered":"https:\/\/news.save.ch\/?p=23783"},"modified":"2024-12-02T13:11:52","modified_gmt":"2024-12-02T12:11:52","slug":"erfahrungsaustausch-zum-abc-schutz-bei-grossereignissen","status":null,"type":"post","link":"https:\/\/news.save.ch\/de\/erfahrungsaustausch-zum-abc-schutz-bei-grossereignissen\/","title":{"rendered":"Erfahrungsaustausch zum ABC-Schutz bei Grossereignissen"},"content":{"rendered":"<figure id=\"attachment_23784\" aria-describedby=\"caption-attachment-23784\" style=\"width: 667px\" class=\"wp-caption alignnone\"><a href=\"https:\/\/news.save.ch\/erfahrungsaustausch-zum-abc-schutz-bei-grossereignissen\/portrait-of-disinfector-in-suit-and-gas-mask\/\" rel=\"attachment wp-att-23784\"><img loading=\"lazy\" decoding=\"async\" class=\"wp-image-23784 size-full\" src=\"https:\/\/news.save.ch\/wp-content\/uploads\/2024\/12\/Depositphotos_362522076_S-e1733141427855.jpg\" alt=\"\" width=\"667\" height=\"515\" srcset=\"https:\/\/news.save.ch\/wp-content\/uploads\/2024\/12\/Depositphotos_362522076_S-e1733141427855.jpg 667w, https:\/\/news.save.ch\/wp-content\/uploads\/2024\/12\/Depositphotos_362522076_S-e1733141427855-16x12.jpg 16w, https:\/\/news.save.ch\/wp-content\/uploads\/2024\/12\/Depositphotos_362522076_S-e1733141427855-375x290.jpg 375w, https:\/\/news.save.ch\/wp-content\/uploads\/2024\/12\/Depositphotos_362522076_S-e1733141427855-453x350.jpg 453w\" sizes=\"auto, (max-width: 667px) 100vw, 667px\" \/><\/a><figcaption id=\"caption-attachment-23784\" class=\"wp-caption-text\">Foto: Depositphotos\/ufabizphoto<\/figcaption><\/figure>\n<p>Aufgrund der aktuellen politischen Entwicklungen hat sich die Sensibilit\u00e4t hinsichtlich ABC-Bedrohungen verst\u00e4rkt. So kommt bei der Sicherheit von Grossanl\u00e4ssen dem ABC-Schutz eine zentrale Bedeutung zu. Wichtiges Konferenzthema war darum das Gefahrenmanagement in der Vorbereitung von grossen Veranstaltungen, beispielsweise die Priorisierung von gleichzeitig stattfindenden Eins\u00e4tzen wie auch die Warnung der Bev\u00f6lkerung im Ereignisfall.<\/p>\n<p>Ein weiteres Themenfeld betraf die Ausbildung der Einsatzkr\u00e4fte im Bereich des ABC-Schutzes \u2013 nach Bedarf m\u00fcssen, zus\u00e4tzlich zu den ABC-Expertinnen und -Experten, m\u00f6glichst viele weitere Personen in kurzer Zeit geschult werden. Beim Einsatz von Messmitteln zur Sicherung von Veranstaltungsorten wurden l\u00e4nder\u00fcbergreifend Parallelen erkannt und konnten \u00abbest practices\u00bb ausgetauscht werden.<\/p>\n<p>Die Konferenz bot den verschiedenen Fachstellen eine Plattform, um ihre Erfahrungen, Konzepte und Vorgehensweisen zu teilen. Zudem wurden wichtige Denkanst\u00f6sse f\u00fcr die weitere Zusammenarbeit gegeben \u2013 so hinsichtlich des Umgangs mit der Komplexit\u00e4t von ABC-Ereignissen oder der Interoperabilit\u00e4t auf interkantonaler Ebene.<\/p>\n<h3>Strategie \u00abABC-Schutz Schweiz\u00bb f\u00fcr Bund und Kantone<\/h3>\n<p>Der ABC-Schutz umfasst grunds\u00e4tzlich alle Massnahmen zur Abwehr und Vermeidung atomarer (nuklearer und radiologischer), biologischer und chemischer Bedrohungen und Gefahren. Dazu z\u00e4hlen die Pr\u00e4vention und die Vorbereitung von Schutzmassnahmen sowie im Ereignisfall die Erkundung, der Kontaminations- und Infektionsschutz, die Dekontamination und die medizinische Behandlung. Der ABC-Schutz zielt darauf, dass alle fachtechnischen, organisatorischen, materiellen und im Bereich der Ausbildung erforderlichen Vorbereitungen getroffen werden, damit ABC-Ereignisse verhindert werden bzw. die Auswirkungen von ABC-Ereignissen so gering wie m\u00f6glich sind.<\/p>\n<p>Die bestehende Strategie \u00abABC-Schutz Schweiz\u00bb sieht vor, den im ABC-Schutz beteiligten Partnern von Bund und Kantonen als gemeinsame Grundlage und Leitlinie f\u00fcr Pr\u00e4vention, Intervention und koordinierte F\u00fchrung zu dienen. Anhand festgelegter ABC-Referenzszenarien wird aufgezeigt, wie die Zusammenarbeit von Bund und Kantonen erfolgen soll, um die Bev\u00f6lkerung bei ABC-Ereignissen bestm\u00f6glich zu sch\u00fctzen. Ein kontinuierlicher Austausch zwischen den beteiligten Fachstellen ist f\u00fcr ein effektives Zusammenspiel sowohl in der Vorbereitung wie auch in der Ereignisbew\u00e4ltigung unerl\u00e4sslich.<\/p>\n<h3>ABC-Schutz als Verbundaufgabe<\/h3>\n<p>Innerhalb des BABS nehmen die Gesch\u00e4ftsbereiche Nationale Alarmzentrale und Ereignisbew\u00e4ltigung, Zivilschutz und Ausbildung sowie das Labor Spiez wichtige Funktionen im ABC-Schutz wahr. Weiter betreibt das BABS die Gesch\u00e4ftsstelle ABC zur Vernetzung der Akteure im ABC-Schutz. Dies sind unter anderem die Austauschplattform ABC des Bundes (APABC), die Eidgen\u00f6ssische Kommission f\u00fcr ABC-Schutz (KomABC) und die Koordinationsplattform ABC der Kantone (KPABC). Die ABC-Schutz Konferenz wurde denn auch in Zusammenarbeit mit diesen Gremien vorbereitet.<\/p>\n<p><em>Quelle: Bundesamt f\u00fcr Bev\u00f6lkerungsschutz<\/em><\/p>\n","protected":false},"excerpt":{"rendered":"<p>Aufgrund der aktuellen politischen Entwicklungen hat sich die Sensibilit\u00e4t hinsichtlich ABC-Bedrohungen verst\u00e4rkt. So kommt bei der Sicherheit von Grossanl\u00e4ssen dem ABC-Schutz eine zentrale Bedeutung zu. Wichtiges Konferenzthema war darum das Gefahrenmanagement in der Vorbereitung von grossen Veranstaltungen, beispielsweise die Priorisierung von gleichzeitig stattfindenden Eins\u00e4tzen wie auch die Warnung der Bev\u00f6lkerung im Ereignisfall. Ein weiteres Themenfeld [&hellip;]<\/p>\n","protected":false},"author":31,"featured_media":23784,"comment_status":"closed","ping_status":"closed","sticky":false,"template":"","format":"standard","meta":{"_acf_changed":false,"pgc_sgb_lightbox_settings":"","footnotes":""},"categories":[3312],"tags":[915,1557],"class_list":["post-23783","post","type-post","status-publish","format-standard","has-post-thumbnail","hentry","category-sicherheit","tag-abc-schutz","tag-babs-bundesamt-fuer-bevoelkerungsschutz"],"acf":[],"hkrextid":null,"publication":null,"issue":null,"workflow":null,"startPage":null,"spitzmarke":null,"_posts_by_tag_page_fields":null,"_at_widget":null,"_yoast_wpseo_primary_category":"3312","_yoast_wpseo_focuskw_text_input":null,"_yoast_wpseo_opengraph-image":null,"_yoast_wpseo_opengraph-description":null,"_yoast_wpseo_opengraph-title":null,"enclosure":null,"_yoast_wpseo_twitter-title":null,"_yoast_wpseo_twitter-description":null,"_yoast_wpseo_twitter-image":null,"_wp_old_slug":null,"_yoast_wpseo_title":null,"_yoast_wpseo_canonical":null,"yoast_head":"<!-- This site is optimized with the Yoast SEO plugin v27.4 - https:\/\/yoast.com\/product\/yoast-seo-wordpress\/ -->\n<title>Erfahrungsaustausch zum ABC-Schutz bei Grossereignissen - Save<\/title>\n<meta name=\"description\" content=\"Bei der Sicherheit von Grossanl\u00e4ssen m\u00fcssen die Einsatzkr\u00e4fte auch Gefahren aus dem ABC-Bereich ber\u00fccksichtigen.\" \/>\n<meta name=\"robots\" content=\"index, follow, max-snippet:-1, max-image-preview:large, max-video-preview:-1\" \/>\n<link rel=\"canonical\" href=\"https:\/\/news.save.ch\/de\/erfahrungsaustausch-zum-abc-schutz-bei-grossereignissen\/\" \/>\n<meta property=\"og:locale\" content=\"de_DE\" \/>\n<meta property=\"og:type\" content=\"article\" \/>\n<meta property=\"og:title\" content=\"Erfahrungsaustausch zum ABC-Schutz bei Grossereignissen - Save\" \/>\n<meta property=\"og:description\" content=\"Bei der Sicherheit von Grossanl\u00e4ssen m\u00fcssen die Einsatzkr\u00e4fte auch Gefahren aus dem ABC-Bereich ber\u00fccksichtigen.\" \/>\n<meta property=\"og:url\" content=\"https:\/\/news.save.ch\/de\/erfahrungsaustausch-zum-abc-schutz-bei-grossereignissen\/\" \/>\n<meta property=\"og:site_name\" content=\"Save\" \/>\n<meta property=\"article:published_time\" content=\"2024-12-02T12:11:35+00:00\" \/>\n<meta property=\"article:modified_time\" content=\"2024-12-02T12:11:52+00:00\" \/>\n<meta property=\"og:image\" content=\"https:\/\/news.save.ch\/wp-content\/uploads\/2024\/12\/Depositphotos_362522076_S-e1733141427855.jpg\" \/>\n\t<meta property=\"og:image:width\" content=\"667\" \/>\n\t<meta property=\"og:image:height\" content=\"515\" \/>\n\t<meta property=\"og:image:type\" content=\"image\/jpeg\" \/>\n<meta name=\"author\" content=\"stefanie Zeng\" \/>\n<meta name=\"twitter:card\" content=\"summary_large_image\" \/>\n<meta name=\"twitter:label1\" content=\"Geschrieben von\" \/>\n\t<meta name=\"twitter:data1\" content=\"stefanie Zeng\" \/>\n\t<meta name=\"twitter:label2\" content=\"Gesch\u00e4tzte Lesezeit\" \/>\n\t<meta name=\"twitter:data2\" content=\"3\u00a0Minuten\" \/>\n<script type=\"application\/ld+json\" class=\"yoast-schema-graph\">{\"@context\":\"https:\\\/\\\/schema.org\",\"@graph\":[{\"@type\":\"Article\",\"@id\":\"https:\\\/\\\/news.save.ch\\\/erfahrungsaustausch-zum-abc-schutz-bei-grossereignissen\\\/#article\",\"isPartOf\":{\"@id\":\"https:\\\/\\\/news.save.ch\\\/erfahrungsaustausch-zum-abc-schutz-bei-grossereignissen\\\/\"},\"author\":{\"name\":\"stefanie Zeng\",\"@id\":\"https:\\\/\\\/news.save.ch\\\/de\\\/#\\\/schema\\\/person\\\/10917387362b3961e882740f6cf6f2a2\"},\"headline\":\"Erfahrungsaustausch zum ABC-Schutz bei Grossereignissen\",\"datePublished\":\"2024-12-02T12:11:35+00:00\",\"dateModified\":\"2024-12-02T12:11:52+00:00\",\"mainEntityOfPage\":{\"@id\":\"https:\\\/\\\/news.save.ch\\\/erfahrungsaustausch-zum-abc-schutz-bei-grossereignissen\\\/\"},\"wordCount\":424,\"publisher\":{\"@id\":\"https:\\\/\\\/news.save.ch\\\/de\\\/#organization\"},\"image\":{\"@id\":\"https:\\\/\\\/news.save.ch\\\/erfahrungsaustausch-zum-abc-schutz-bei-grossereignissen\\\/#primaryimage\"},\"thumbnailUrl\":\"https:\\\/\\\/news.save.ch\\\/wp-content\\\/uploads\\\/2024\\\/12\\\/Depositphotos_362522076_S-e1733141427855.jpg\",\"keywords\":[\"ABC-Schutz\",\"BABS - Bundesamt f\u00fcr Bev\u00f6lkerungsschutz\"],\"articleSection\":[\"SICHERHEIT\"],\"inLanguage\":\"de\"},{\"@type\":\"WebPage\",\"@id\":\"https:\\\/\\\/news.save.ch\\\/erfahrungsaustausch-zum-abc-schutz-bei-grossereignissen\\\/\",\"url\":\"https:\\\/\\\/news.save.ch\\\/erfahrungsaustausch-zum-abc-schutz-bei-grossereignissen\\\/\",\"name\":\"Erfahrungsaustausch zum ABC-Schutz bei Grossereignissen - Save\",\"isPartOf\":{\"@id\":\"https:\\\/\\\/news.save.ch\\\/de\\\/#website\"},\"primaryImageOfPage\":{\"@id\":\"https:\\\/\\\/news.save.ch\\\/erfahrungsaustausch-zum-abc-schutz-bei-grossereignissen\\\/#primaryimage\"},\"image\":{\"@id\":\"https:\\\/\\\/news.save.ch\\\/erfahrungsaustausch-zum-abc-schutz-bei-grossereignissen\\\/#primaryimage\"},\"thumbnailUrl\":\"https:\\\/\\\/news.save.ch\\\/wp-content\\\/uploads\\\/2024\\\/12\\\/Depositphotos_362522076_S-e1733141427855.jpg\",\"datePublished\":\"2024-12-02T12:11:35+00:00\",\"dateModified\":\"2024-12-02T12:11:52+00:00\",\"description\":\"Bei der Sicherheit von Grossanl\u00e4ssen m\u00fcssen die Einsatzkr\u00e4fte auch Gefahren aus dem ABC-Bereich ber\u00fccksichtigen.\",\"breadcrumb\":{\"@id\":\"https:\\\/\\\/news.save.ch\\\/erfahrungsaustausch-zum-abc-schutz-bei-grossereignissen\\\/#breadcrumb\"},\"inLanguage\":\"de\",\"potentialAction\":[{\"@type\":\"ReadAction\",\"target\":[\"https:\\\/\\\/news.save.ch\\\/erfahrungsaustausch-zum-abc-schutz-bei-grossereignissen\\\/\"]}]},{\"@type\":\"ImageObject\",\"inLanguage\":\"de\",\"@id\":\"https:\\\/\\\/news.save.ch\\\/erfahrungsaustausch-zum-abc-schutz-bei-grossereignissen\\\/#primaryimage\",\"url\":\"https:\\\/\\\/news.save.ch\\\/wp-content\\\/uploads\\\/2024\\\/12\\\/Depositphotos_362522076_S-e1733141427855.jpg\",\"contentUrl\":\"https:\\\/\\\/news.save.ch\\\/wp-content\\\/uploads\\\/2024\\\/12\\\/Depositphotos_362522076_S-e1733141427855.jpg\",\"width\":667,\"height\":515,\"caption\":\"Foto: Depositphotos\\\/ufabizphoto\"},{\"@type\":\"BreadcrumbList\",\"@id\":\"https:\\\/\\\/news.save.ch\\\/erfahrungsaustausch-zum-abc-schutz-bei-grossereignissen\\\/#breadcrumb\",\"itemListElement\":[{\"@type\":\"ListItem\",\"position\":1,\"name\":\"Home\",\"item\":\"https:\\\/\\\/news.save.ch\\\/de\\\/\"},{\"@type\":\"ListItem\",\"position\":2,\"name\":\"Erfahrungsaustausch zum ABC-Schutz bei Grossereignissen\"}]},{\"@type\":\"WebSite\",\"@id\":\"https:\\\/\\\/news.save.ch\\\/de\\\/#website\",\"url\":\"https:\\\/\\\/news.save.ch\\\/de\\\/\",\"name\":\"Save\",\"description\":\"Schweizer Fachzeitschrift f\u00fcr Sicherheit\",\"publisher\":{\"@id\":\"https:\\\/\\\/news.save.ch\\\/de\\\/#organization\"},\"potentialAction\":[{\"@type\":\"SearchAction\",\"target\":{\"@type\":\"EntryPoint\",\"urlTemplate\":\"https:\\\/\\\/news.save.ch\\\/de\\\/?s={search_term_string}\"},\"query-input\":{\"@type\":\"PropertyValueSpecification\",\"valueRequired\":true,\"valueName\":\"search_term_string\"}}],\"inLanguage\":\"de\"},{\"@type\":\"Organization\",\"@id\":\"https:\\\/\\\/news.save.ch\\\/de\\\/#organization\",\"name\":\"Sicherheitsforum\",\"url\":\"https:\\\/\\\/news.save.ch\\\/de\\\/\",\"logo\":{\"@type\":\"ImageObject\",\"inLanguage\":\"de\",\"@id\":\"https:\\\/\\\/news.save.ch\\\/de\\\/#\\\/schema\\\/logo\\\/image\\\/\",\"url\":\"https:\\\/\\\/news.save.ch\\\/wp-content\\\/uploads\\\/2022\\\/06\\\/Logo_SF_2012.png\",\"contentUrl\":\"https:\\\/\\\/news.save.ch\\\/wp-content\\\/uploads\\\/2022\\\/06\\\/Logo_SF_2012.png\",\"width\":1100,\"height\":91,\"caption\":\"Sicherheitsforum\"},\"image\":{\"@id\":\"https:\\\/\\\/news.save.ch\\\/de\\\/#\\\/schema\\\/logo\\\/image\\\/\"}},{\"@type\":\"Person\",\"@id\":\"https:\\\/\\\/news.save.ch\\\/de\\\/#\\\/schema\\\/person\\\/10917387362b3961e882740f6cf6f2a2\",\"name\":\"stefanie Zeng\",\"image\":{\"@type\":\"ImageObject\",\"inLanguage\":\"de\",\"@id\":\"https:\\\/\\\/secure.gravatar.com\\\/avatar\\\/eac43faa6e40bb2c41068c95c9d78bbd94c476d5efdff7abaab80bb3ea681e06?s=96&d=mm&r=g\",\"url\":\"https:\\\/\\\/secure.gravatar.com\\\/avatar\\\/eac43faa6e40bb2c41068c95c9d78bbd94c476d5efdff7abaab80bb3ea681e06?s=96&d=mm&r=g\",\"contentUrl\":\"https:\\\/\\\/secure.gravatar.com\\\/avatar\\\/eac43faa6e40bb2c41068c95c9d78bbd94c476d5efdff7abaab80bb3ea681e06?s=96&d=mm&r=g\",\"caption\":\"stefanie Zeng\"},\"url\":\"https:\\\/\\\/news.save.ch\\\/de\\\/author\\\/stefanie-zeng\\\/\"}]}<\/script>\n<!-- \/ Yoast SEO plugin. -->","yoast_head_json":{"title":"Erfahrungsaustausch zum ABC-Schutz bei Grossereignissen - Save","description":"Bei der Sicherheit von Grossanl\u00e4ssen m\u00fcssen die Einsatzkr\u00e4fte auch Gefahren aus dem ABC-Bereich ber\u00fccksichtigen.","robots":{"index":"index","follow":"follow","max-snippet":"max-snippet:-1","max-image-preview":"max-image-preview:large","max-video-preview":"max-video-preview:-1"},"canonical":"https:\/\/news.save.ch\/de\/erfahrungsaustausch-zum-abc-schutz-bei-grossereignissen\/","og_locale":"de_DE","og_type":"article","og_title":"Erfahrungsaustausch zum ABC-Schutz bei Grossereignissen - Save","og_description":"Bei der Sicherheit von Grossanl\u00e4ssen m\u00fcssen die Einsatzkr\u00e4fte auch Gefahren aus dem ABC-Bereich ber\u00fccksichtigen.","og_url":"https:\/\/news.save.ch\/de\/erfahrungsaustausch-zum-abc-schutz-bei-grossereignissen\/","og_site_name":"Save","article_published_time":"2024-12-02T12:11:35+00:00","article_modified_time":"2024-12-02T12:11:52+00:00","og_image":[{"width":667,"height":515,"url":"https:\/\/news.save.ch\/wp-content\/uploads\/2024\/12\/Depositphotos_362522076_S-e1733141427855.jpg","type":"image\/jpeg"}],"author":"stefanie Zeng","twitter_card":"summary_large_image","twitter_misc":{"Geschrieben von":"stefanie Zeng","Gesch\u00e4tzte Lesezeit":"3\u00a0Minuten"},"schema":{"@context":"https:\/\/schema.org","@graph":[{"@type":"Article","@id":"https:\/\/news.save.ch\/erfahrungsaustausch-zum-abc-schutz-bei-grossereignissen\/#article","isPartOf":{"@id":"https:\/\/news.save.ch\/erfahrungsaustausch-zum-abc-schutz-bei-grossereignissen\/"},"author":{"name":"stefanie Zeng","@id":"https:\/\/news.save.ch\/de\/#\/schema\/person\/10917387362b3961e882740f6cf6f2a2"},"headline":"Erfahrungsaustausch zum ABC-Schutz bei Grossereignissen","datePublished":"2024-12-02T12:11:35+00:00","dateModified":"2024-12-02T12:11:52+00:00","mainEntityOfPage":{"@id":"https:\/\/news.save.ch\/erfahrungsaustausch-zum-abc-schutz-bei-grossereignissen\/"},"wordCount":424,"publisher":{"@id":"https:\/\/news.save.ch\/de\/#organization"},"image":{"@id":"https:\/\/news.save.ch\/erfahrungsaustausch-zum-abc-schutz-bei-grossereignissen\/#primaryimage"},"thumbnailUrl":"https:\/\/news.save.ch\/wp-content\/uploads\/2024\/12\/Depositphotos_362522076_S-e1733141427855.jpg","keywords":["ABC-Schutz","BABS - Bundesamt f\u00fcr Bev\u00f6lkerungsschutz"],"articleSection":["SICHERHEIT"],"inLanguage":"de"},{"@type":"WebPage","@id":"https:\/\/news.save.ch\/erfahrungsaustausch-zum-abc-schutz-bei-grossereignissen\/","url":"https:\/\/news.save.ch\/erfahrungsaustausch-zum-abc-schutz-bei-grossereignissen\/","name":"Erfahrungsaustausch zum ABC-Schutz bei Grossereignissen - Save","isPartOf":{"@id":"https:\/\/news.save.ch\/de\/#website"},"primaryImageOfPage":{"@id":"https:\/\/news.save.ch\/erfahrungsaustausch-zum-abc-schutz-bei-grossereignissen\/#primaryimage"},"image":{"@id":"https:\/\/news.save.ch\/erfahrungsaustausch-zum-abc-schutz-bei-grossereignissen\/#primaryimage"},"thumbnailUrl":"https:\/\/news.save.ch\/wp-content\/uploads\/2024\/12\/Depositphotos_362522076_S-e1733141427855.jpg","datePublished":"2024-12-02T12:11:35+00:00","dateModified":"2024-12-02T12:11:52+00:00","description":"Bei der Sicherheit von Grossanl\u00e4ssen m\u00fcssen die Einsatzkr\u00e4fte auch Gefahren aus dem ABC-Bereich ber\u00fccksichtigen.","breadcrumb":{"@id":"https:\/\/news.save.ch\/erfahrungsaustausch-zum-abc-schutz-bei-grossereignissen\/#breadcrumb"},"inLanguage":"de","potentialAction":[{"@type":"ReadAction","target":["https:\/\/news.save.ch\/erfahrungsaustausch-zum-abc-schutz-bei-grossereignissen\/"]}]},{"@type":"ImageObject","inLanguage":"de","@id":"https:\/\/news.save.ch\/erfahrungsaustausch-zum-abc-schutz-bei-grossereignissen\/#primaryimage","url":"https:\/\/news.save.ch\/wp-content\/uploads\/2024\/12\/Depositphotos_362522076_S-e1733141427855.jpg","contentUrl":"https:\/\/news.save.ch\/wp-content\/uploads\/2024\/12\/Depositphotos_362522076_S-e1733141427855.jpg","width":667,"height":515,"caption":"Foto: Depositphotos\/ufabizphoto"},{"@type":"BreadcrumbList","@id":"https:\/\/news.save.ch\/erfahrungsaustausch-zum-abc-schutz-bei-grossereignissen\/#breadcrumb","itemListElement":[{"@type":"ListItem","position":1,"name":"Home","item":"https:\/\/news.save.ch\/de\/"},{"@type":"ListItem","position":2,"name":"Erfahrungsaustausch zum ABC-Schutz bei Grossereignissen"}]},{"@type":"WebSite","@id":"https:\/\/news.save.ch\/de\/#website","url":"https:\/\/news.save.ch\/de\/","name":"Save","description":"Schweizer Fachzeitschrift f\u00fcr Sicherheit","publisher":{"@id":"https:\/\/news.save.ch\/de\/#organization"},"potentialAction":[{"@type":"SearchAction","target":{"@type":"EntryPoint","urlTemplate":"https:\/\/news.save.ch\/de\/?s={search_term_string}"},"query-input":{"@type":"PropertyValueSpecification","valueRequired":true,"valueName":"search_term_string"}}],"inLanguage":"de"},{"@type":"Organization","@id":"https:\/\/news.save.ch\/de\/#organization","name":"Sicherheitsforum","url":"https:\/\/news.save.ch\/de\/","logo":{"@type":"ImageObject","inLanguage":"de","@id":"https:\/\/news.save.ch\/de\/#\/schema\/logo\/image\/","url":"https:\/\/news.save.ch\/wp-content\/uploads\/2022\/06\/Logo_SF_2012.png","contentUrl":"https:\/\/news.save.ch\/wp-content\/uploads\/2022\/06\/Logo_SF_2012.png","width":1100,"height":91,"caption":"Sicherheitsforum"},"image":{"@id":"https:\/\/news.save.ch\/de\/#\/schema\/logo\/image\/"}},{"@type":"Person","@id":"https:\/\/news.save.ch\/de\/#\/schema\/person\/10917387362b3961e882740f6cf6f2a2","name":"stefanie Zeng","image":{"@type":"ImageObject","inLanguage":"de","@id":"https:\/\/secure.gravatar.com\/avatar\/eac43faa6e40bb2c41068c95c9d78bbd94c476d5efdff7abaab80bb3ea681e06?s=96&d=mm&r=g","url":"https:\/\/secure.gravatar.com\/avatar\/eac43faa6e40bb2c41068c95c9d78bbd94c476d5efdff7abaab80bb3ea681e06?s=96&d=mm&r=g","contentUrl":"https:\/\/secure.gravatar.com\/avatar\/eac43faa6e40bb2c41068c95c9d78bbd94c476d5efdff7abaab80bb3ea681e06?s=96&d=mm&r=g","caption":"stefanie Zeng"},"url":"https:\/\/news.save.ch\/de\/author\/stefanie-zeng\/"}]}},"_links":{"self":[{"href":"https:\/\/news.save.ch\/de\/wp-json\/wp\/v2\/posts\/23783","targetHints":{"allow":["GET"]}}],"collection":[{"href":"https:\/\/news.save.ch\/de\/wp-json\/wp\/v2\/posts"}],"about":[{"href":"https:\/\/news.save.ch\/de\/wp-json\/wp\/v2\/types\/post"}],"author":[{"embeddable":true,"href":"https:\/\/news.save.ch\/de\/wp-json\/wp\/v2\/users\/31"}],"replies":[{"embeddable":true,"href":"https:\/\/news.save.ch\/de\/wp-json\/wp\/v2\/comments?post=23783"}],"version-history":[{"count":2,"href":"https:\/\/news.save.ch\/de\/wp-json\/wp\/v2\/posts\/23783\/revisions"}],"predecessor-version":[{"id":23786,"href":"https:\/\/news.save.ch\/de\/wp-json\/wp\/v2\/posts\/23783\/revisions\/23786"}],"wp:featuredmedia":[{"embeddable":true,"href":"https:\/\/news.save.ch\/de\/wp-json\/wp\/v2\/media\/23784"}],"wp:attachment":[{"href":"https:\/\/news.save.ch\/de\/wp-json\/wp\/v2\/media?parent=23783"}],"wp:term":[{"taxonomy":"category","embeddable":true,"href":"https:\/\/news.save.ch\/de\/wp-json\/wp\/v2\/categories?post=23783"},{"taxonomy":"post_tag","embeddable":true,"href":"https:\/\/news.save.ch\/de\/wp-json\/wp\/v2\/tags?post=23783"}],"curies":[{"name":"wp","href":"https:\/\/api.w.org\/{rel}","templated":true}]}}