{"id":23807,"date":"2024-12-06T15:46:05","date_gmt":"2024-12-06T14:46:05","guid":{"rendered":"https:\/\/news.save.ch\/?p=23807"},"modified":"2024-12-06T15:46:07","modified_gmt":"2024-12-06T14:46:07","slug":"salto-foundation-foerdert-gesellschaftliche-entwicklung-und-soziale-inklusion","status":null,"type":"post","link":"https:\/\/news.save.ch\/de\/salto-foundation-foerdert-gesellschaftliche-entwicklung-und-soziale-inklusion\/","title":{"rendered":"Salto\u00a0Foundation f\u00f6rdert gesellschaftliche Entwicklung und soziale Inklusion"},"content":{"rendered":"<figure id=\"attachment_23808\" aria-describedby=\"caption-attachment-23808\" style=\"width: 1758px\" class=\"wp-caption alignnone\"><a href=\"https:\/\/news.save.ch\/salto-foundation-foerdert-gesellschaftliche-entwicklung-und-soziale-inklusion\/bildschirmfoto-2024-12-06-um-15-44-40\/\" rel=\"attachment wp-att-23808\"><img loading=\"lazy\" decoding=\"async\" class=\"size-full wp-image-23808\" src=\"https:\/\/news.save.ch\/wp-content\/uploads\/2024\/12\/Bildschirmfoto-2024-12-06-um-15.44.40.png\" alt=\"\" width=\"1758\" height=\"1162\" srcset=\"https:\/\/news.save.ch\/wp-content\/uploads\/2024\/12\/Bildschirmfoto-2024-12-06-um-15.44.40.png 1200w, https:\/\/news.save.ch\/wp-content\/uploads\/2024\/12\/Bildschirmfoto-2024-12-06-um-15.44.40-680x449.png 680w, https:\/\/news.save.ch\/wp-content\/uploads\/2024\/12\/Bildschirmfoto-2024-12-06-um-15.44.40-1024x677.png 1024w, https:\/\/news.save.ch\/wp-content\/uploads\/2024\/12\/Bildschirmfoto-2024-12-06-um-15.44.40-768x508.png 768w, https:\/\/news.save.ch\/wp-content\/uploads\/2024\/12\/Bildschirmfoto-2024-12-06-um-15.44.40-1536x1015.png 1536w, https:\/\/news.save.ch\/wp-content\/uploads\/2024\/12\/Bildschirmfoto-2024-12-06-um-15.44.40-18x12.png 18w, https:\/\/news.save.ch\/wp-content\/uploads\/2024\/12\/Bildschirmfoto-2024-12-06-um-15.44.40-375x248.png 375w, https:\/\/news.save.ch\/wp-content\/uploads\/2024\/12\/Bildschirmfoto-2024-12-06-um-15.44.40-530x350.png 530w, https:\/\/news.save.ch\/wp-content\/uploads\/2024\/12\/Bildschirmfoto-2024-12-06-um-15.44.40-1000x661.png 1000w\" sizes=\"auto, (max-width: 1758px) 100vw, 1758px\" \/><\/a><figcaption id=\"caption-attachment-23808\" class=\"wp-caption-text\">Quelle: Salto<\/figcaption><\/figure>\n<p class=\"x_MsoNormal\"><span lang=\"DE-CH\">Die Gr\u00fcndung der\u00a0<span class=\"marks2zy0mzh8\" data-markjs=\"true\" data-ogac=\"\" data-ogab=\"\" data-ogsc=\"\" data-ogsb=\"\">Salto Foundation<\/span>\u00a0ist ein wichtiger Schritt, Sport als Katalysator f\u00fcr Ver\u00e4nderungen in der Gesellschaft zu nutzen. Auf diese Weise m\u00f6chte die Stiftung daf\u00fcr sorgen, dass alle Menschen ihr Leben geniessen und sich innerhalb der Gesellschaft entfalten k\u00f6nnen \u2013 ohne aussen vorgelassen oder ausgeschlossen zu werden.<\/span><\/p>\n<p class=\"x_MsoNormal\"><span lang=\"DE-CH\">Die\u00a0<span class=\"marks2zy0mzh8\" data-markjs=\"true\" data-ogac=\"\" data-ogab=\"\" data-ogsc=\"\" data-ogsb=\"\">Salto<\/span> Foundation hat es sich zur Aufgabe gemacht, Menschen in schwierigen Situationen zu unterst\u00fctzen, indem sie gesch\u00fctzte und integrative Umgebungen schafft, in denen sie sich in ihren lokalen Gemeinschaften entfalten und weiterentwickeln k\u00f6nnen. Sport dient dabei nicht nur der k\u00f6rperlichen Bet\u00e4tigung, sondern gleichsam als ein wirkungsvolles Instrument, um Kontakte zu kn\u00fcpfen, gesellschaftliche Teilhabe zu erm\u00f6glichen und Barrieren abzubauen. Durch die F\u00f6rderung von Teamarbeit, Respekt und Solidarit\u00e4t m\u00f6chte die <span class=\"marks2zy0mzh8\" data-markjs=\"true\" data-ogac=\"\" data-ogab=\"\" data-ogsc=\"\" data-ogsb=\"\">Salto<\/span> Foundation\u00a0Bindungen st\u00e4rken, Ungleichheiten reduzieren und M\u00f6glichkeiten f\u00fcr Integration und sozialen Aufstieg schaffen.<\/span><\/p>\n<p class=\"x_MsoNormal\"><span lang=\"DE-CH\">Daf\u00fcr arbeitet die Stiftung mit gemeinn\u00fctzigen Organisationen zusammen und unterst\u00fctzt in diesem Zuge Einzelpersonen und Gemeinschaften beim Meistern von Herausforderungen. Mit den Schwerpunkten Sport, Gesundheit und Bildung st\u00e4rkt die <span class=\"marks2zy0mzh8\" data-markjs=\"true\" data-ogac=\"\" data-ogab=\"\" data-ogsc=\"\" data-ogsb=\"\">Salto<\/span> Foundation die Integration und soziale Eingliederung benachteiligter Jugendlicher und behinderter Menschen weltweit \u2013 und inspiriert andere, es ihr gleichzutun.<\/span><span lang=\"DE-CH\">\u00a0<\/span><\/p>\n<p class=\"x_MsoNormal\"><span lang=\"DE-CH\">Die <span class=\"marks2zy0mzh8\" data-markjs=\"true\" data-ogac=\"\" data-ogab=\"\" data-ogsc=\"\" data-ogsb=\"\">Salto<\/span> Foundation\u00a0ist eine professionell gef\u00fchrte, finanziell gut ausgestattete Organisation, die sich als aktiver Player im Bereich der sozialen F\u00f6rderung versteht. Mit einem modernen Managementansatz soll sie Massst\u00e4be f\u00fcr wirkungsorientierte Investitionen von Unternehmen setzen und auf h\u00f6chstem Niveau arbeiten.<\/span><\/p>\n<p class=\"x_MsoNormal\"><span lang=\"DE-CH\"><span class=\"marks2zy0mzh8\" data-markjs=\"true\" data-ogac=\"\" data-ogab=\"\" data-ogsc=\"\" data-ogsb=\"\">Salto<\/span>\u00a0setzt sich seit seiner Gr\u00fcndung f\u00fcr Sozial- und Umweltinitiativen ein. Vor \u00fcber 20 Jahren rief das Unternehmen die Initiative free2Move.org ins Leben, eine Plattform, die auch heute noch genutzt wird, um die Projekte im Bereich Soziales und Sport zu b\u00fcndeln.<\/span><\/p>\n<p>Quelle: Salto Foundation<\/p>\n","protected":false},"excerpt":{"rendered":"<p>Die Gr\u00fcndung der\u00a0Salto Foundation\u00a0ist ein wichtiger Schritt, Sport als Katalysator f\u00fcr Ver\u00e4nderungen in der Gesellschaft zu nutzen. Auf diese Weise m\u00f6chte die Stiftung daf\u00fcr sorgen, dass alle Menschen ihr Leben geniessen und sich innerhalb der Gesellschaft entfalten k\u00f6nnen \u2013 ohne aussen vorgelassen oder ausgeschlossen zu werden. Die\u00a0Salto Foundation hat es sich zur Aufgabe gemacht, Menschen [&hellip;]<\/p>\n","protected":false},"author":31,"featured_media":23808,"comment_status":"closed","ping_status":"closed","sticky":false,"template":"","format":"standard","meta":{"_acf_changed":false,"pgc_sgb_lightbox_settings":"","footnotes":""},"categories":[1],"tags":[6547,6548,6549],"class_list":["post-23807","post","type-post","status-publish","format-standard","has-post-thumbnail","hentry","category-allgemein","tag-salto","tag-salto-foundation","tag-stiftung"],"acf":[],"hkrextid":null,"publication":null,"issue":null,"workflow":null,"startPage":null,"spitzmarke":null,"_posts_by_tag_page_fields":null,"_at_widget":null,"_yoast_wpseo_primary_category":"","_yoast_wpseo_focuskw_text_input":null,"_yoast_wpseo_opengraph-image":null,"_yoast_wpseo_opengraph-description":null,"_yoast_wpseo_opengraph-title":null,"enclosure":null,"_yoast_wpseo_twitter-title":null,"_yoast_wpseo_twitter-description":null,"_yoast_wpseo_twitter-image":null,"_wp_old_slug":null,"_yoast_wpseo_title":null,"_yoast_wpseo_canonical":null,"yoast_head":"<!-- This site is optimized with the Yoast SEO plugin v27.4 - https:\/\/yoast.com\/product\/yoast-seo-wordpress\/ -->\n<title>Salto\u00a0Foundation f\u00f6rdert gesellschaftliche Entwicklung und soziale Inklusion - Save<\/title>\n<meta name=\"description\" content=\"Salto\u00a0hat die\u00a0Salto\u00a0Foundation gegr\u00fcndet. Die Stiftung ist Teil der nachhaltigen Entwicklungsstrategie von\u00a0Salto\u00a0Wecosystem.\" \/>\n<meta name=\"robots\" content=\"index, follow, max-snippet:-1, max-image-preview:large, max-video-preview:-1\" \/>\n<link rel=\"canonical\" href=\"https:\/\/news.save.ch\/de\/salto-foundation-foerdert-gesellschaftliche-entwicklung-und-soziale-inklusion\/\" \/>\n<meta property=\"og:locale\" content=\"de_DE\" \/>\n<meta property=\"og:type\" content=\"article\" \/>\n<meta property=\"og:title\" content=\"Salto\u00a0Foundation f\u00f6rdert gesellschaftliche Entwicklung und soziale Inklusion - Save\" \/>\n<meta property=\"og:description\" content=\"Salto\u00a0hat die\u00a0Salto\u00a0Foundation gegr\u00fcndet. Die Stiftung ist Teil der nachhaltigen Entwicklungsstrategie von\u00a0Salto\u00a0Wecosystem.\" \/>\n<meta property=\"og:url\" content=\"https:\/\/news.save.ch\/de\/salto-foundation-foerdert-gesellschaftliche-entwicklung-und-soziale-inklusion\/\" \/>\n<meta property=\"og:site_name\" content=\"Save\" \/>\n<meta property=\"article:published_time\" content=\"2024-12-06T14:46:05+00:00\" \/>\n<meta property=\"article:modified_time\" content=\"2024-12-06T14:46:07+00:00\" \/>\n<meta property=\"og:image\" content=\"https:\/\/news.save.ch\/wp-content\/uploads\/2024\/12\/Bildschirmfoto-2024-12-06-um-15.44.40-1024x677.png\" \/>\n\t<meta property=\"og:image:width\" content=\"1024\" \/>\n\t<meta property=\"og:image:height\" content=\"677\" \/>\n\t<meta property=\"og:image:type\" content=\"image\/png\" \/>\n<meta name=\"author\" content=\"stefanie Zeng\" \/>\n<meta name=\"twitter:card\" content=\"summary_large_image\" \/>\n<meta name=\"twitter:label1\" content=\"Geschrieben von\" \/>\n\t<meta name=\"twitter:data1\" content=\"stefanie Zeng\" \/>\n\t<meta name=\"twitter:label2\" content=\"Gesch\u00e4tzte Lesezeit\" \/>\n\t<meta name=\"twitter:data2\" content=\"2\u00a0Minuten\" \/>\n<script type=\"application\/ld+json\" class=\"yoast-schema-graph\">{\"@context\":\"https:\\\/\\\/schema.org\",\"@graph\":[{\"@type\":\"Article\",\"@id\":\"https:\\\/\\\/news.save.ch\\\/salto-foundation-foerdert-gesellschaftliche-entwicklung-und-soziale-inklusion\\\/#article\",\"isPartOf\":{\"@id\":\"https:\\\/\\\/news.save.ch\\\/salto-foundation-foerdert-gesellschaftliche-entwicklung-und-soziale-inklusion\\\/\"},\"author\":{\"name\":\"stefanie Zeng\",\"@id\":\"https:\\\/\\\/news.save.ch\\\/de\\\/#\\\/schema\\\/person\\\/10917387362b3961e882740f6cf6f2a2\"},\"headline\":\"Salto\u00a0Foundation f\u00f6rdert gesellschaftliche Entwicklung und soziale Inklusion\",\"datePublished\":\"2024-12-06T14:46:05+00:00\",\"dateModified\":\"2024-12-06T14:46:07+00:00\",\"mainEntityOfPage\":{\"@id\":\"https:\\\/\\\/news.save.ch\\\/salto-foundation-foerdert-gesellschaftliche-entwicklung-und-soziale-inklusion\\\/\"},\"wordCount\":312,\"publisher\":{\"@id\":\"https:\\\/\\\/news.save.ch\\\/de\\\/#organization\"},\"image\":{\"@id\":\"https:\\\/\\\/news.save.ch\\\/salto-foundation-foerdert-gesellschaftliche-entwicklung-und-soziale-inklusion\\\/#primaryimage\"},\"thumbnailUrl\":\"https:\\\/\\\/news.save.ch\\\/wp-content\\\/uploads\\\/2024\\\/12\\\/Bildschirmfoto-2024-12-06-um-15.44.40.png\",\"keywords\":[\"Salto\",\"Salto Foundation\",\"Stiftung\"],\"articleSection\":[\"ALLGEMEIN\"],\"inLanguage\":\"de\"},{\"@type\":\"WebPage\",\"@id\":\"https:\\\/\\\/news.save.ch\\\/salto-foundation-foerdert-gesellschaftliche-entwicklung-und-soziale-inklusion\\\/\",\"url\":\"https:\\\/\\\/news.save.ch\\\/salto-foundation-foerdert-gesellschaftliche-entwicklung-und-soziale-inklusion\\\/\",\"name\":\"Salto\u00a0Foundation f\u00f6rdert gesellschaftliche Entwicklung und soziale Inklusion - Save\",\"isPartOf\":{\"@id\":\"https:\\\/\\\/news.save.ch\\\/de\\\/#website\"},\"primaryImageOfPage\":{\"@id\":\"https:\\\/\\\/news.save.ch\\\/salto-foundation-foerdert-gesellschaftliche-entwicklung-und-soziale-inklusion\\\/#primaryimage\"},\"image\":{\"@id\":\"https:\\\/\\\/news.save.ch\\\/salto-foundation-foerdert-gesellschaftliche-entwicklung-und-soziale-inklusion\\\/#primaryimage\"},\"thumbnailUrl\":\"https:\\\/\\\/news.save.ch\\\/wp-content\\\/uploads\\\/2024\\\/12\\\/Bildschirmfoto-2024-12-06-um-15.44.40.png\",\"datePublished\":\"2024-12-06T14:46:05+00:00\",\"dateModified\":\"2024-12-06T14:46:07+00:00\",\"description\":\"Salto\u00a0hat die\u00a0Salto\u00a0Foundation gegr\u00fcndet. Die Stiftung ist Teil der nachhaltigen Entwicklungsstrategie von\u00a0Salto\u00a0Wecosystem.\",\"breadcrumb\":{\"@id\":\"https:\\\/\\\/news.save.ch\\\/salto-foundation-foerdert-gesellschaftliche-entwicklung-und-soziale-inklusion\\\/#breadcrumb\"},\"inLanguage\":\"de\",\"potentialAction\":[{\"@type\":\"ReadAction\",\"target\":[\"https:\\\/\\\/news.save.ch\\\/salto-foundation-foerdert-gesellschaftliche-entwicklung-und-soziale-inklusion\\\/\"]}]},{\"@type\":\"ImageObject\",\"inLanguage\":\"de\",\"@id\":\"https:\\\/\\\/news.save.ch\\\/salto-foundation-foerdert-gesellschaftliche-entwicklung-und-soziale-inklusion\\\/#primaryimage\",\"url\":\"https:\\\/\\\/news.save.ch\\\/wp-content\\\/uploads\\\/2024\\\/12\\\/Bildschirmfoto-2024-12-06-um-15.44.40.png\",\"contentUrl\":\"https:\\\/\\\/news.save.ch\\\/wp-content\\\/uploads\\\/2024\\\/12\\\/Bildschirmfoto-2024-12-06-um-15.44.40.png\",\"width\":1200,\"height\":793,\"caption\":\"Quelle: Salto\"},{\"@type\":\"BreadcrumbList\",\"@id\":\"https:\\\/\\\/news.save.ch\\\/salto-foundation-foerdert-gesellschaftliche-entwicklung-und-soziale-inklusion\\\/#breadcrumb\",\"itemListElement\":[{\"@type\":\"ListItem\",\"position\":1,\"name\":\"Home\",\"item\":\"https:\\\/\\\/news.save.ch\\\/de\\\/\"},{\"@type\":\"ListItem\",\"position\":2,\"name\":\"Salto\u00a0Foundation f\u00f6rdert gesellschaftliche Entwicklung und soziale Inklusion\"}]},{\"@type\":\"WebSite\",\"@id\":\"https:\\\/\\\/news.save.ch\\\/de\\\/#website\",\"url\":\"https:\\\/\\\/news.save.ch\\\/de\\\/\",\"name\":\"Save\",\"description\":\"Schweizer Fachzeitschrift f\u00fcr Sicherheit\",\"publisher\":{\"@id\":\"https:\\\/\\\/news.save.ch\\\/de\\\/#organization\"},\"potentialAction\":[{\"@type\":\"SearchAction\",\"target\":{\"@type\":\"EntryPoint\",\"urlTemplate\":\"https:\\\/\\\/news.save.ch\\\/de\\\/?s={search_term_string}\"},\"query-input\":{\"@type\":\"PropertyValueSpecification\",\"valueRequired\":true,\"valueName\":\"search_term_string\"}}],\"inLanguage\":\"de\"},{\"@type\":\"Organization\",\"@id\":\"https:\\\/\\\/news.save.ch\\\/de\\\/#organization\",\"name\":\"Sicherheitsforum\",\"url\":\"https:\\\/\\\/news.save.ch\\\/de\\\/\",\"logo\":{\"@type\":\"ImageObject\",\"inLanguage\":\"de\",\"@id\":\"https:\\\/\\\/news.save.ch\\\/de\\\/#\\\/schema\\\/logo\\\/image\\\/\",\"url\":\"https:\\\/\\\/news.save.ch\\\/wp-content\\\/uploads\\\/2022\\\/06\\\/Logo_SF_2012.png\",\"contentUrl\":\"https:\\\/\\\/news.save.ch\\\/wp-content\\\/uploads\\\/2022\\\/06\\\/Logo_SF_2012.png\",\"width\":1100,\"height\":91,\"caption\":\"Sicherheitsforum\"},\"image\":{\"@id\":\"https:\\\/\\\/news.save.ch\\\/de\\\/#\\\/schema\\\/logo\\\/image\\\/\"}},{\"@type\":\"Person\",\"@id\":\"https:\\\/\\\/news.save.ch\\\/de\\\/#\\\/schema\\\/person\\\/10917387362b3961e882740f6cf6f2a2\",\"name\":\"stefanie Zeng\",\"image\":{\"@type\":\"ImageObject\",\"inLanguage\":\"de\",\"@id\":\"https:\\\/\\\/secure.gravatar.com\\\/avatar\\\/eac43faa6e40bb2c41068c95c9d78bbd94c476d5efdff7abaab80bb3ea681e06?s=96&d=mm&r=g\",\"url\":\"https:\\\/\\\/secure.gravatar.com\\\/avatar\\\/eac43faa6e40bb2c41068c95c9d78bbd94c476d5efdff7abaab80bb3ea681e06?s=96&d=mm&r=g\",\"contentUrl\":\"https:\\\/\\\/secure.gravatar.com\\\/avatar\\\/eac43faa6e40bb2c41068c95c9d78bbd94c476d5efdff7abaab80bb3ea681e06?s=96&d=mm&r=g\",\"caption\":\"stefanie Zeng\"},\"url\":\"https:\\\/\\\/news.save.ch\\\/de\\\/author\\\/stefanie-zeng\\\/\"}]}<\/script>\n<!-- \/ Yoast SEO plugin. -->","yoast_head_json":{"title":"Salto\u00a0Foundation f\u00f6rdert gesellschaftliche Entwicklung und soziale Inklusion - Save","description":"Salto\u00a0hat die\u00a0Salto\u00a0Foundation gegr\u00fcndet. Die Stiftung ist Teil der nachhaltigen Entwicklungsstrategie von\u00a0Salto\u00a0Wecosystem.","robots":{"index":"index","follow":"follow","max-snippet":"max-snippet:-1","max-image-preview":"max-image-preview:large","max-video-preview":"max-video-preview:-1"},"canonical":"https:\/\/news.save.ch\/de\/salto-foundation-foerdert-gesellschaftliche-entwicklung-und-soziale-inklusion\/","og_locale":"de_DE","og_type":"article","og_title":"Salto\u00a0Foundation f\u00f6rdert gesellschaftliche Entwicklung und soziale Inklusion - Save","og_description":"Salto\u00a0hat die\u00a0Salto\u00a0Foundation gegr\u00fcndet. Die Stiftung ist Teil der nachhaltigen Entwicklungsstrategie von\u00a0Salto\u00a0Wecosystem.","og_url":"https:\/\/news.save.ch\/de\/salto-foundation-foerdert-gesellschaftliche-entwicklung-und-soziale-inklusion\/","og_site_name":"Save","article_published_time":"2024-12-06T14:46:05+00:00","article_modified_time":"2024-12-06T14:46:07+00:00","og_image":[{"width":1024,"height":677,"url":"https:\/\/news.save.ch\/wp-content\/uploads\/2024\/12\/Bildschirmfoto-2024-12-06-um-15.44.40-1024x677.png","type":"image\/png"}],"author":"stefanie Zeng","twitter_card":"summary_large_image","twitter_misc":{"Geschrieben von":"stefanie Zeng","Gesch\u00e4tzte Lesezeit":"2\u00a0Minuten"},"schema":{"@context":"https:\/\/schema.org","@graph":[{"@type":"Article","@id":"https:\/\/news.save.ch\/salto-foundation-foerdert-gesellschaftliche-entwicklung-und-soziale-inklusion\/#article","isPartOf":{"@id":"https:\/\/news.save.ch\/salto-foundation-foerdert-gesellschaftliche-entwicklung-und-soziale-inklusion\/"},"author":{"name":"stefanie Zeng","@id":"https:\/\/news.save.ch\/de\/#\/schema\/person\/10917387362b3961e882740f6cf6f2a2"},"headline":"Salto\u00a0Foundation f\u00f6rdert gesellschaftliche Entwicklung und soziale Inklusion","datePublished":"2024-12-06T14:46:05+00:00","dateModified":"2024-12-06T14:46:07+00:00","mainEntityOfPage":{"@id":"https:\/\/news.save.ch\/salto-foundation-foerdert-gesellschaftliche-entwicklung-und-soziale-inklusion\/"},"wordCount":312,"publisher":{"@id":"https:\/\/news.save.ch\/de\/#organization"},"image":{"@id":"https:\/\/news.save.ch\/salto-foundation-foerdert-gesellschaftliche-entwicklung-und-soziale-inklusion\/#primaryimage"},"thumbnailUrl":"https:\/\/news.save.ch\/wp-content\/uploads\/2024\/12\/Bildschirmfoto-2024-12-06-um-15.44.40.png","keywords":["Salto","Salto Foundation","Stiftung"],"articleSection":["ALLGEMEIN"],"inLanguage":"de"},{"@type":"WebPage","@id":"https:\/\/news.save.ch\/salto-foundation-foerdert-gesellschaftliche-entwicklung-und-soziale-inklusion\/","url":"https:\/\/news.save.ch\/salto-foundation-foerdert-gesellschaftliche-entwicklung-und-soziale-inklusion\/","name":"Salto\u00a0Foundation f\u00f6rdert gesellschaftliche Entwicklung und soziale Inklusion - Save","isPartOf":{"@id":"https:\/\/news.save.ch\/de\/#website"},"primaryImageOfPage":{"@id":"https:\/\/news.save.ch\/salto-foundation-foerdert-gesellschaftliche-entwicklung-und-soziale-inklusion\/#primaryimage"},"image":{"@id":"https:\/\/news.save.ch\/salto-foundation-foerdert-gesellschaftliche-entwicklung-und-soziale-inklusion\/#primaryimage"},"thumbnailUrl":"https:\/\/news.save.ch\/wp-content\/uploads\/2024\/12\/Bildschirmfoto-2024-12-06-um-15.44.40.png","datePublished":"2024-12-06T14:46:05+00:00","dateModified":"2024-12-06T14:46:07+00:00","description":"Salto\u00a0hat die\u00a0Salto\u00a0Foundation gegr\u00fcndet. Die Stiftung ist Teil der nachhaltigen Entwicklungsstrategie von\u00a0Salto\u00a0Wecosystem.","breadcrumb":{"@id":"https:\/\/news.save.ch\/salto-foundation-foerdert-gesellschaftliche-entwicklung-und-soziale-inklusion\/#breadcrumb"},"inLanguage":"de","potentialAction":[{"@type":"ReadAction","target":["https:\/\/news.save.ch\/salto-foundation-foerdert-gesellschaftliche-entwicklung-und-soziale-inklusion\/"]}]},{"@type":"ImageObject","inLanguage":"de","@id":"https:\/\/news.save.ch\/salto-foundation-foerdert-gesellschaftliche-entwicklung-und-soziale-inklusion\/#primaryimage","url":"https:\/\/news.save.ch\/wp-content\/uploads\/2024\/12\/Bildschirmfoto-2024-12-06-um-15.44.40.png","contentUrl":"https:\/\/news.save.ch\/wp-content\/uploads\/2024\/12\/Bildschirmfoto-2024-12-06-um-15.44.40.png","width":1200,"height":793,"caption":"Quelle: Salto"},{"@type":"BreadcrumbList","@id":"https:\/\/news.save.ch\/salto-foundation-foerdert-gesellschaftliche-entwicklung-und-soziale-inklusion\/#breadcrumb","itemListElement":[{"@type":"ListItem","position":1,"name":"Home","item":"https:\/\/news.save.ch\/de\/"},{"@type":"ListItem","position":2,"name":"Salto\u00a0Foundation f\u00f6rdert gesellschaftliche Entwicklung und soziale Inklusion"}]},{"@type":"WebSite","@id":"https:\/\/news.save.ch\/de\/#website","url":"https:\/\/news.save.ch\/de\/","name":"Save","description":"Schweizer Fachzeitschrift f\u00fcr Sicherheit","publisher":{"@id":"https:\/\/news.save.ch\/de\/#organization"},"potentialAction":[{"@type":"SearchAction","target":{"@type":"EntryPoint","urlTemplate":"https:\/\/news.save.ch\/de\/?s={search_term_string}"},"query-input":{"@type":"PropertyValueSpecification","valueRequired":true,"valueName":"search_term_string"}}],"inLanguage":"de"},{"@type":"Organization","@id":"https:\/\/news.save.ch\/de\/#organization","name":"Sicherheitsforum","url":"https:\/\/news.save.ch\/de\/","logo":{"@type":"ImageObject","inLanguage":"de","@id":"https:\/\/news.save.ch\/de\/#\/schema\/logo\/image\/","url":"https:\/\/news.save.ch\/wp-content\/uploads\/2022\/06\/Logo_SF_2012.png","contentUrl":"https:\/\/news.save.ch\/wp-content\/uploads\/2022\/06\/Logo_SF_2012.png","width":1100,"height":91,"caption":"Sicherheitsforum"},"image":{"@id":"https:\/\/news.save.ch\/de\/#\/schema\/logo\/image\/"}},{"@type":"Person","@id":"https:\/\/news.save.ch\/de\/#\/schema\/person\/10917387362b3961e882740f6cf6f2a2","name":"stefanie Zeng","image":{"@type":"ImageObject","inLanguage":"de","@id":"https:\/\/secure.gravatar.com\/avatar\/eac43faa6e40bb2c41068c95c9d78bbd94c476d5efdff7abaab80bb3ea681e06?s=96&d=mm&r=g","url":"https:\/\/secure.gravatar.com\/avatar\/eac43faa6e40bb2c41068c95c9d78bbd94c476d5efdff7abaab80bb3ea681e06?s=96&d=mm&r=g","contentUrl":"https:\/\/secure.gravatar.com\/avatar\/eac43faa6e40bb2c41068c95c9d78bbd94c476d5efdff7abaab80bb3ea681e06?s=96&d=mm&r=g","caption":"stefanie Zeng"},"url":"https:\/\/news.save.ch\/de\/author\/stefanie-zeng\/"}]}},"_links":{"self":[{"href":"https:\/\/news.save.ch\/de\/wp-json\/wp\/v2\/posts\/23807","targetHints":{"allow":["GET"]}}],"collection":[{"href":"https:\/\/news.save.ch\/de\/wp-json\/wp\/v2\/posts"}],"about":[{"href":"https:\/\/news.save.ch\/de\/wp-json\/wp\/v2\/types\/post"}],"author":[{"embeddable":true,"href":"https:\/\/news.save.ch\/de\/wp-json\/wp\/v2\/users\/31"}],"replies":[{"embeddable":true,"href":"https:\/\/news.save.ch\/de\/wp-json\/wp\/v2\/comments?post=23807"}],"version-history":[{"count":2,"href":"https:\/\/news.save.ch\/de\/wp-json\/wp\/v2\/posts\/23807\/revisions"}],"predecessor-version":[{"id":23810,"href":"https:\/\/news.save.ch\/de\/wp-json\/wp\/v2\/posts\/23807\/revisions\/23810"}],"wp:featuredmedia":[{"embeddable":true,"href":"https:\/\/news.save.ch\/de\/wp-json\/wp\/v2\/media\/23808"}],"wp:attachment":[{"href":"https:\/\/news.save.ch\/de\/wp-json\/wp\/v2\/media?parent=23807"}],"wp:term":[{"taxonomy":"category","embeddable":true,"href":"https:\/\/news.save.ch\/de\/wp-json\/wp\/v2\/categories?post=23807"},{"taxonomy":"post_tag","embeddable":true,"href":"https:\/\/news.save.ch\/de\/wp-json\/wp\/v2\/tags?post=23807"}],"curies":[{"name":"wp","href":"https:\/\/api.w.org\/{rel}","templated":true}]}}