{"id":23896,"date":"2025-01-15T11:03:42","date_gmt":"2025-01-15T10:03:42","guid":{"rendered":"https:\/\/news.save.ch\/?p=23896"},"modified":"2025-01-15T11:03:48","modified_gmt":"2025-01-15T10:03:48","slug":"allianz-risk-barometer-cyber-attacken-bleiben-2025-weltweites-top-risiko-fu%cc%88r-unternehmen","status":null,"type":"post","link":"https:\/\/news.save.ch\/de\/allianz-risk-barometer-cyber-attacken-bleiben-2025-weltweites-top-risiko-fu%cc%88r-unternehmen\/","title":{"rendered":"Allianz Risk Barometer: Cyber-Attacken bleiben 2025 weltweites Top-Risiko fu\u0308r Unternehmen"},"content":{"rendered":"<figure id=\"attachment_23897\" aria-describedby=\"caption-attachment-23897\" style=\"width: 1000px\" class=\"wp-caption alignnone\"><a href=\"https:\/\/news.save.ch\/allianz-risk-barometer-cyber-attacken-bleiben-2025-weltweites-top-risiko-fu%cc%88r-unternehmen\/depositphotos_263293254_s\/\" rel=\"attachment wp-att-23897\"><img loading=\"lazy\" decoding=\"async\" class=\"size-full wp-image-23897\" src=\"https:\/\/news.save.ch\/wp-content\/uploads\/2025\/01\/Depositphotos_263293254_S.jpg\" alt=\"\" width=\"1000\" height=\"689\" srcset=\"https:\/\/news.save.ch\/wp-content\/uploads\/2025\/01\/Depositphotos_263293254_S.jpg 1000w, https:\/\/news.save.ch\/wp-content\/uploads\/2025\/01\/Depositphotos_263293254_S-680x469.jpg 680w, https:\/\/news.save.ch\/wp-content\/uploads\/2025\/01\/Depositphotos_263293254_S-768x529.jpg 768w, https:\/\/news.save.ch\/wp-content\/uploads\/2025\/01\/Depositphotos_263293254_S-18x12.jpg 18w, https:\/\/news.save.ch\/wp-content\/uploads\/2025\/01\/Depositphotos_263293254_S-375x258.jpg 375w, https:\/\/news.save.ch\/wp-content\/uploads\/2025\/01\/Depositphotos_263293254_S-508x350.jpg 508w\" sizes=\"auto, (max-width: 1000px) 100vw, 1000px\" \/><\/a><figcaption id=\"caption-attachment-23897\" class=\"wp-caption-text\">Bild: Depositphotos\/solarseven<\/figcaption><\/figure>\n<p class=\"p2\">Cybervorf\u00e4lle wie Datenschutzverletzungen, Ransomware-Attacken und IT-Ausf\u00e4lle, wie der CrowdStrike-Vorfall im Sommer, sind f\u00fcr Unternehmen weltweit in diesem Jahr erneut das gr\u00f6sste Risiko. Betriebsunterbrechungen folgen, unabh\u00e4ngig von der Unternehmensgr\u00f6sse, auf dem zweiten Platz. Nach einem weiteren Jahr mit extremen Wetterereignissen landen Naturkatastrophen im weltweiten Ranking wieder auf Platz 3. Das Super-Wahljahr 2024, steigende geopolitische Spannungen und potentielle Handelskriege sorgen daf\u00fcr, dass \u00c4nderungen von Gesetzen und Vorschriften ausserhalb der Schweiz auf Rang 4 bleiben (Schweiz Rang 3). Den gr\u00f6ssten Sprung im diesj\u00e4hrigen Allianz Risk Barometer macht der Klimawandel von Rang 7 auf Rang 5 und erreicht damit seine h\u00f6chste Platzierung seit Erstellung der Studie.<\/p>\n<p class=\"p2\">Unternehmen aller Gr\u00f6ssen bewerten Cybervorf\u00e4lle als ihr gr\u00f6sstes Gesch\u00e4ftsrisiko. Im restlichen Ranking gibt es jedoch erhebliche Unterschiede. Kleinere Unternehmen sind besorgt \u00fcber lokale und unmittelbare Risiken wie die Einhaltung von Vorschriften, makro\u00f6konomische Entwicklungen und Fachkr\u00e4ftemangel. Es gibt jedoch auch Anzeichen daf\u00fcr, dass einige der Risiken, die traditionell eher gr\u00f6ssere Unternehmen besch\u00e4ftigen, nun auch kleinere Unternehmen betreffen. Hier sind der Klimawandel, politische Risiken und Gewalt zu nennen.<\/p>\n<p class=\"p2\">Unter den Teilnehmenden der Studie aus der Schweiz belegen Cyber-Attacken und Betriebsunterbrechungen ebenfalls die Pl\u00e4tze 1 (2024: 1) und 2 (2024: 2). Anders als bei dem weltweiten Ranking belegen \u00c4nderungen von Gesetzen und Vorschriften den 3. Platz, wie auch bereits 2024. Analog zum Vorjahr wird in der Schweiz der Fachkr\u00e4ftemangel als grosses Risiko wahrgenommen. Hierzulande liegt er auf dem 4. Platz, w\u00e4hrend er weltweit lediglich Platz 11 erreicht.<\/p>\n<p class=\"p2\">Vanessa Maxwell, Chief Underwriting Officer von Allianz Commercial, kommentiert die Ergebnisse: \u00ab2024 war ein aussergew\u00f6hnliches Jahr f\u00fcr das Risikomanagement. Die Ergebnisse unseres j\u00e4hrlichen Allianz Risk Barometers spiegeln die Unsicherheit wider, mit der viele Unternehmen weltweit konfrontiert sind. Die Vernetzung der Top-Risiken ist in diesem Jahr besonders auff\u00e4llig, denn Klimawandel, neue Technologien, Regulierung und geopolitische Risiken sind zunehmend miteinander verflochten. Dies f\u00fchrt zu komplexen Zusammenh\u00e4ngen von Ursache und Wirkung. Unternehmen m\u00fcssen Resilienz ganz oben auf ihre Agenda setzen und sich konsequent um die Verbesserung ihres Risikomanagements und ihrer Widerstandsf\u00e4higkeit bem\u00fchen.\u00bb<\/p>\n<h3 class=\"p2\"><b>Cyber-Risiken steigen mit technologischem Fortschritt <\/b><\/h3>\n<p class=\"p2\">Cyber-Vorf\u00e4lle (38 Prozent) sind zum vierten Mal in Folge und erstmals mit deutlichem Vorsprung von sieben Prozentpunkten das Hauptrisiko f\u00fcr Unternehmen. In 20 L\u00e4ndern ist Cyber das Top-Risiko, darunter die Schweiz, Argentinien, Deutschland, Frankreich, Grossbritannien, Indien, S\u00fcdafrika oder die USA. Mehr als 60 Prozent der Befragten nennen Datenpannen als die besorgniserregendste Bedrohung, noch vor Angriffen auf kritische Infrastruktur oder Verm\u00f6genswerte (57 Prozent).<\/p>\n<p class=\"p2\">\u00abViele Unternehmen benennen Cyber als gr\u00f6sstes Risiko, das durch die rasante Entwicklung der k\u00fcnstlichen Intelligenz (KI) sogar noch versch\u00e4rft wird. Angesichts der zunehmenden Technologieabh\u00e4ngigkeit wird es wahrscheinlich auch in Zukunft ein Hauptrisiko f\u00fcr Unternehmen bleiben. Der CrowdStrike-Vorfall im Sommer 2024 hat uns vor Augen gef\u00fchrt, wie abh\u00e4ngig wir alle von sicheren IT-Systemen sind\u00bb, sagt Rishi Baviskar, Global Head of Cyber Risk Consulting bei Allianz Commercial.<\/p>\n<h3 class=\"p2\"><b>Betriebsunterbrechungen sind eng mit anderen Risiken verkn\u00fcpft <\/b><\/h3>\n<p class=\"p2\">Betriebsunterbrechungen (BU) landen seit zehn Jahren in jedem Allianz Risk Barometer entweder auf Platz 1 oder 2. Mit 31 Prozent der Antworten bleiben sie auch 2025 auf Platz 2 \u2013 sowohl weltweit als auch in der Schweiz. BU sind in der Regel eine Folge von Ereignissen wie Naturkatastrophen oder Cyberattacken, die den Betriebsablauf eines Unternehmens st\u00f6ren oder unterbrechen. Mehrere Beispiele aus dem Jahr 2024 zeigen, warum Unternehmen sie immer noch als grosse Bedrohung f\u00fcr ihr Gesch\u00e4ftsmodell ansehen. So f\u00fchrten Huthi-Angriffe im Roten Meer zu Unterbrechungen der Lieferkette, da Containerschiffe umgeleitet werden mussten, w\u00e4hrend Vorf\u00e4lle wie der Einsturz der Francis Scott Key Bridge in Baltimore ebenfalls direkte Auswirkungen auf globale und lokale Lieferketten hatten. Disruptionen der Lieferkette mit globalen Auswirkungen treten etwa alle 1,4 Jahre auf, wobei sich ein steigender Trend zeigt, wie aus einer <span class=\"s3\">Analyse von Circular Republic in Zusammenarbeit mit Allianz und anderen <\/span>hervorgeht. Sie verursachen zus\u00e4tzliche Ausfallzeiten und erhebliche wirtschaftliche Sch\u00e4den, die zwischen f\u00fcnf und zehn Prozent der Produktkosten ausmachen.<\/p>\n<p class=\"p2\">\u00abDas Streben nach technologischem Fortschritt und Effizienz wirkt sich auf die Widerstandsf\u00e4higkeit von Lieferketten aus. Automatisierung und Digitalisierung haben Prozesse erheblich beschleunigt. Bei effektiver Umsetzung erh\u00f6hen diese Technologien die Widerstandsf\u00e4higkeit, indem sie bessere Datenanalysen, Vorhersagen und agilere Reaktionsm\u00f6glichkeiten bieten. Aus diesem Grund wird der Aufbau und die Investition in Resilienz f\u00fcr jedes Unternehmen wichtiger\u00bb, sagt Michael Bruch, Global Head of Risk Advisory Services bei Allianz Commercial.<\/p>\n<h3 class=\"p2\"><b>Der Klimawandel steigt in der Risikowahrnehmung <\/b><\/h3>\n<p class=\"p2\">2024 war das heisseste Jahr seit Beginn der Wetteraufzeichnungen. Es war auch ein Jahr schrecklicher Naturkatastrophen mit extremen Hurricanes und St\u00fcrmen in Nordamerika, verheerenden \u00dcberschwemmungen in Europa und Asien sowie D\u00fcrre in Afrika und S\u00fcdamerika. Nachdem der Klimawandel in den Jahren der Corona-Pandemie in der Rangliste nach unten gerutscht war, da sich die Unternehmen mit unmittelbareren Herausforderungen befassen mussten, r\u00fcckt er 2025 um zwei Positionen nach oben in die Top 5 der globalen Risiken. Mit Platz 5 weltweit, wie auch in der Schweiz, erreicht er seine bisher h\u00f6chste Position. Im Vorjahr landete er in der Schweizer Rangliste noch auf Platz 10, was zeigt, dass die Wahrnehmung der Problematik sich deutlich verst\u00e4rkt hat.<\/p>\n<p class=\"p2\">Die mit dem Klimawandel eng verbundenen Naturkatastrophen bleiben mit 29 Prozent auf Platz 3 weltweit, w\u00e4hrend sie in der Schweiz Platz 6 einnehmen. Zum f\u00fcnften Mal in Folge \u00fcberstiegen die versicherten Sch\u00e4den im Jahr 2024 <span class=\"s3\">100 Milliarden US-Dollar<\/span>. Griechenland, Hongkong, Japan, Kroatien, \u00d6sterreich, Rum\u00e4nien, Slowenien, Spanien und die T\u00fcrkei, wo es 2024 zu einigen der schwersten Ereignisse kam, stufen Naturkatastrophen als gr\u00f6sstes Risiko ein. In Mittel- und Osteuropa sowie in Spanien hatten St\u00fcrme und \u00dcberschwemmungen dramatische Auswirkungen auf Menschen und Unternehmen. Laut <span class=\"s3\">Gesamtverband der Versicherer (GDV) <\/span>beliefen sich allein die versicherten Sch\u00e4den durch das Hochwasser in S\u00fcddeutschland im Juni 2024 auf etwa zwei Milliarden Euro. Diese Auswirkungen unterstreichen die Bedeutung von Pr\u00e4vention und Schadenbegrenzung durch Zusammenarbeit von Regierungen, Versicherern und Kommunen.<\/p>\n<p class=\"p2\"><b>Geopolitik und Protektionismus bleiben auf dem Radar der Unternehmen <\/b><\/p>\n<p class=\"p2\">Trotz anhaltender geopolitischer und wirtschaftlicher Unsicherheit im Nahen Osten, in der Ukraine und in S\u00fcdostasien fallen politische Risiken und Gewalt weltweit auf Platz 9 (2024: 8), w\u00e4hrend sie in der Schweiz nicht einmal mehr in den Top 10 vertreten sind, ganz im Gegensatz zum Vorjahr, als sie hierzulande noch auf Platz 4 lagen. F\u00fcr grosse Unternehmen bleiben sie jedoch ein erh\u00f6htes Risiko (Platz 7), w\u00e4hrend kleinere Unternehmen sie neu auf Platz 10 im Ranking einstufen. Die Angst vor Handelskriegen und Protektionismus nimmt zu. <span class=\"s3\">Analysen der Allianz und anderer zeigen<\/span>, dass die Exportbeschr\u00e4nkungen f\u00fcr kritische Rohstoffe in den letzten zehn Jahren um das F\u00fcnffache gestiegen sind. Z\u00f6lle und Protektionismus m\u00f6gen ganz oben auf der Liste der neuen US-Regierung stehen, aber andererseits besteht auch die Gefahr eines \u00abregulatorischen Wilden Westens\u00bb, insbesondere im Zusammenhang mit KI und Kryptow\u00e4hrungen. In Europa werden die Anforderungen an die Nachhaltigkeitsberichterstattung im Jahr 2025 ganz oben auf der Tagesordnung stehen.<\/p>\n<p class=\"p2\">\u00abDie Auswirkungen neuer Z\u00f6lle werden \u00e4hnlich sein wie bei (\u00dcber-)Regulierungen: steigende Kosten f\u00fcr alle betroffenen Unternehmen\u00bb, erkl\u00e4rt Ludovic Subran, Chef\u00f6konom bei der Allianz. \u00abNicht jede Regulierung ist von Natur aus \u201aschlecht\u2018. In den meisten F\u00e4llen ist es die Umsetzung, die das Unternehmensleben erschwert. Nicht nur die Anzahl der Regeln, sondern auch eine effiziente Verwaltung sollten im Mittelpunkt stehen. Eine gr\u00fcndliche Digitalisierung der Beh\u00f6rden ist dringend erforderlich. Allerdings werden wir wohl auch im Jahr 2025 noch vergeblich auf eine entsprechende digitale Strategie warten. Stattdessen drohen Handelskriege. Die Aussichten sind nicht rosig\u00bb, so Subran weiter.<\/p>\n<p><em>Quelle: Allianz Suisse<\/em><\/p>\n","protected":false},"excerpt":{"rendered":"<p>Cybervorf\u00e4lle wie Datenschutzverletzungen, Ransomware-Attacken und IT-Ausf\u00e4lle, wie der CrowdStrike-Vorfall im Sommer, sind f\u00fcr Unternehmen weltweit in diesem Jahr erneut das gr\u00f6sste Risiko. Betriebsunterbrechungen folgen, unabh\u00e4ngig von der Unternehmensgr\u00f6sse, auf dem zweiten Platz. Nach einem weiteren Jahr mit extremen Wetterereignissen landen Naturkatastrophen im weltweiten Ranking wieder auf Platz 3. Das Super-Wahljahr 2024, steigende geopolitische Spannungen und [&hellip;]<\/p>\n","protected":false},"author":31,"featured_media":0,"comment_status":"closed","ping_status":"closed","sticky":false,"template":"","format":"standard","meta":{"_acf_changed":false,"pgc_sgb_lightbox_settings":"","footnotes":""},"categories":[1],"tags":[5835,4763,1042],"class_list":["post-23896","post","type-post","status-publish","format-standard","hentry","category-allgemein","tag-allianz-risk-barometer","tag-cyber-attacken","tag-cyber-risiken"],"acf":[],"hkrextid":null,"publication":null,"issue":null,"workflow":null,"startPage":null,"spitzmarke":null,"_posts_by_tag_page_fields":null,"_at_widget":null,"_yoast_wpseo_primary_category":"","_yoast_wpseo_focuskw_text_input":null,"_yoast_wpseo_opengraph-image":null,"_yoast_wpseo_opengraph-description":null,"_yoast_wpseo_opengraph-title":null,"enclosure":null,"_yoast_wpseo_twitter-title":null,"_yoast_wpseo_twitter-description":null,"_yoast_wpseo_twitter-image":null,"_wp_old_slug":null,"_yoast_wpseo_title":null,"_yoast_wpseo_canonical":null,"yoast_head":"<!-- This site is optimized with the Yoast SEO plugin v27.5 - https:\/\/yoast.com\/product\/yoast-seo-wordpress\/ -->\n<title>Allianz Risk Barometer: Cyber-Attacken bleiben 2025 weltweites Top-Risiko fu\u0308r Unternehmen - Save<\/title>\n<meta name=\"description\" content=\"Allianz Commercial ver\u00f6ffentlicht zum 14. Mal die j\u00e4hrliche Umfrage \u00abAllianz Risk Barometer\u00bb zu den wichtigsten Gesch\u00e4ftsrisiken weltweit.\" \/>\n<meta name=\"robots\" content=\"index, follow, max-snippet:-1, max-image-preview:large, max-video-preview:-1\" \/>\n<link rel=\"canonical\" href=\"https:\/\/news.save.ch\/de\/allianz-risk-barometer-cyber-attacken-bleiben-2025-weltweites-top-risiko-fu\u0308r-unternehmen\/\" \/>\n<meta property=\"og:locale\" content=\"de_DE\" \/>\n<meta property=\"og:type\" content=\"article\" \/>\n<meta property=\"og:title\" content=\"Allianz Risk Barometer: Cyber-Attacken bleiben 2025 weltweites Top-Risiko fu\u0308r Unternehmen - Save\" \/>\n<meta property=\"og:description\" content=\"Allianz Commercial ver\u00f6ffentlicht zum 14. Mal die j\u00e4hrliche Umfrage \u00abAllianz Risk Barometer\u00bb zu den wichtigsten Gesch\u00e4ftsrisiken weltweit.\" \/>\n<meta property=\"og:url\" content=\"https:\/\/news.save.ch\/de\/allianz-risk-barometer-cyber-attacken-bleiben-2025-weltweites-top-risiko-fu\u0308r-unternehmen\/\" \/>\n<meta property=\"og:site_name\" content=\"Save\" \/>\n<meta property=\"article:published_time\" content=\"2025-01-15T10:03:42+00:00\" \/>\n<meta property=\"article:modified_time\" content=\"2025-01-15T10:03:48+00:00\" \/>\n<meta property=\"og:image\" content=\"https:\/\/news.save.ch\/wp-content\/uploads\/2025\/01\/Depositphotos_263293254_S.jpg\" \/>\n\t<meta property=\"og:image:width\" content=\"1000\" \/>\n\t<meta property=\"og:image:height\" content=\"689\" \/>\n\t<meta property=\"og:image:type\" content=\"image\/jpeg\" \/>\n<meta name=\"author\" content=\"stefanie Zeng\" \/>\n<meta name=\"twitter:card\" content=\"summary_large_image\" \/>\n<meta name=\"twitter:label1\" content=\"Geschrieben von\" \/>\n\t<meta name=\"twitter:data1\" content=\"stefanie Zeng\" \/>\n\t<meta name=\"twitter:label2\" content=\"Gesch\u00e4tzte Lesezeit\" \/>\n\t<meta name=\"twitter:data2\" content=\"7\u00a0Minuten\" \/>\n<script type=\"application\/ld+json\" class=\"yoast-schema-graph\">{\"@context\":\"https:\\\/\\\/schema.org\",\"@graph\":[{\"@type\":\"Article\",\"@id\":\"https:\\\/\\\/news.save.ch\\\/allianz-risk-barometer-cyber-attacken-bleiben-2025-weltweites-top-risiko-fu%cc%88r-unternehmen\\\/#article\",\"isPartOf\":{\"@id\":\"https:\\\/\\\/news.save.ch\\\/allianz-risk-barometer-cyber-attacken-bleiben-2025-weltweites-top-risiko-fu%cc%88r-unternehmen\\\/\"},\"author\":{\"name\":\"stefanie Zeng\",\"@id\":\"https:\\\/\\\/news.save.ch\\\/de\\\/#\\\/schema\\\/person\\\/10917387362b3961e882740f6cf6f2a2\"},\"headline\":\"Allianz Risk Barometer: Cyber-Attacken bleiben 2025 weltweites Top-Risiko fu\u0308r Unternehmen\",\"datePublished\":\"2025-01-15T10:03:42+00:00\",\"dateModified\":\"2025-01-15T10:03:48+00:00\",\"mainEntityOfPage\":{\"@id\":\"https:\\\/\\\/news.save.ch\\\/allianz-risk-barometer-cyber-attacken-bleiben-2025-weltweites-top-risiko-fu%cc%88r-unternehmen\\\/\"},\"wordCount\":1250,\"publisher\":{\"@id\":\"https:\\\/\\\/news.save.ch\\\/de\\\/#organization\"},\"image\":{\"@id\":\"https:\\\/\\\/news.save.ch\\\/allianz-risk-barometer-cyber-attacken-bleiben-2025-weltweites-top-risiko-fu%cc%88r-unternehmen\\\/#primaryimage\"},\"thumbnailUrl\":\"https:\\\/\\\/news.save.ch\\\/wp-content\\\/uploads\\\/2025\\\/01\\\/Depositphotos_263293254_S.jpg\",\"keywords\":[\"Allianz Risk Barometer\",\"Cyber-Attacken\",\"Cyber-Risiken\"],\"articleSection\":[\"ALLGEMEIN\"],\"inLanguage\":\"de\"},{\"@type\":\"WebPage\",\"@id\":\"https:\\\/\\\/news.save.ch\\\/allianz-risk-barometer-cyber-attacken-bleiben-2025-weltweites-top-risiko-fu%cc%88r-unternehmen\\\/\",\"url\":\"https:\\\/\\\/news.save.ch\\\/allianz-risk-barometer-cyber-attacken-bleiben-2025-weltweites-top-risiko-fu%cc%88r-unternehmen\\\/\",\"name\":\"Allianz Risk Barometer: Cyber-Attacken bleiben 2025 weltweites Top-Risiko fu\u0308r Unternehmen - Save\",\"isPartOf\":{\"@id\":\"https:\\\/\\\/news.save.ch\\\/de\\\/#website\"},\"primaryImageOfPage\":{\"@id\":\"https:\\\/\\\/news.save.ch\\\/allianz-risk-barometer-cyber-attacken-bleiben-2025-weltweites-top-risiko-fu%cc%88r-unternehmen\\\/#primaryimage\"},\"image\":{\"@id\":\"https:\\\/\\\/news.save.ch\\\/allianz-risk-barometer-cyber-attacken-bleiben-2025-weltweites-top-risiko-fu%cc%88r-unternehmen\\\/#primaryimage\"},\"thumbnailUrl\":\"https:\\\/\\\/news.save.ch\\\/wp-content\\\/uploads\\\/2025\\\/01\\\/Depositphotos_263293254_S.jpg\",\"datePublished\":\"2025-01-15T10:03:42+00:00\",\"dateModified\":\"2025-01-15T10:03:48+00:00\",\"description\":\"Allianz Commercial ver\u00f6ffentlicht zum 14. Mal die j\u00e4hrliche Umfrage \u00abAllianz Risk Barometer\u00bb zu den wichtigsten Gesch\u00e4ftsrisiken weltweit.\",\"breadcrumb\":{\"@id\":\"https:\\\/\\\/news.save.ch\\\/allianz-risk-barometer-cyber-attacken-bleiben-2025-weltweites-top-risiko-fu%cc%88r-unternehmen\\\/#breadcrumb\"},\"inLanguage\":\"de\",\"potentialAction\":[{\"@type\":\"ReadAction\",\"target\":[\"https:\\\/\\\/news.save.ch\\\/allianz-risk-barometer-cyber-attacken-bleiben-2025-weltweites-top-risiko-fu%cc%88r-unternehmen\\\/\"]}]},{\"@type\":\"ImageObject\",\"inLanguage\":\"de\",\"@id\":\"https:\\\/\\\/news.save.ch\\\/allianz-risk-barometer-cyber-attacken-bleiben-2025-weltweites-top-risiko-fu%cc%88r-unternehmen\\\/#primaryimage\",\"url\":\"https:\\\/\\\/news.save.ch\\\/wp-content\\\/uploads\\\/2025\\\/01\\\/Depositphotos_263293254_S.jpg\",\"contentUrl\":\"https:\\\/\\\/news.save.ch\\\/wp-content\\\/uploads\\\/2025\\\/01\\\/Depositphotos_263293254_S.jpg\"},{\"@type\":\"BreadcrumbList\",\"@id\":\"https:\\\/\\\/news.save.ch\\\/allianz-risk-barometer-cyber-attacken-bleiben-2025-weltweites-top-risiko-fu%cc%88r-unternehmen\\\/#breadcrumb\",\"itemListElement\":[{\"@type\":\"ListItem\",\"position\":1,\"name\":\"Home\",\"item\":\"https:\\\/\\\/news.save.ch\\\/de\\\/\"},{\"@type\":\"ListItem\",\"position\":2,\"name\":\"Allianz Risk Barometer: Cyber-Attacken bleiben 2025 weltweites Top-Risiko fu\u0308r Unternehmen\"}]},{\"@type\":\"WebSite\",\"@id\":\"https:\\\/\\\/news.save.ch\\\/de\\\/#website\",\"url\":\"https:\\\/\\\/news.save.ch\\\/de\\\/\",\"name\":\"Save\",\"description\":\"Schweizer Fachzeitschrift f\u00fcr Sicherheit\",\"publisher\":{\"@id\":\"https:\\\/\\\/news.save.ch\\\/de\\\/#organization\"},\"potentialAction\":[{\"@type\":\"SearchAction\",\"target\":{\"@type\":\"EntryPoint\",\"urlTemplate\":\"https:\\\/\\\/news.save.ch\\\/de\\\/?s={search_term_string}\"},\"query-input\":{\"@type\":\"PropertyValueSpecification\",\"valueRequired\":true,\"valueName\":\"search_term_string\"}}],\"inLanguage\":\"de\"},{\"@type\":\"Organization\",\"@id\":\"https:\\\/\\\/news.save.ch\\\/de\\\/#organization\",\"name\":\"Sicherheitsforum\",\"url\":\"https:\\\/\\\/news.save.ch\\\/de\\\/\",\"logo\":{\"@type\":\"ImageObject\",\"inLanguage\":\"de\",\"@id\":\"https:\\\/\\\/news.save.ch\\\/de\\\/#\\\/schema\\\/logo\\\/image\\\/\",\"url\":\"https:\\\/\\\/news.save.ch\\\/wp-content\\\/uploads\\\/2022\\\/06\\\/Logo_SF_2012.png\",\"contentUrl\":\"https:\\\/\\\/news.save.ch\\\/wp-content\\\/uploads\\\/2022\\\/06\\\/Logo_SF_2012.png\",\"width\":1100,\"height\":91,\"caption\":\"Sicherheitsforum\"},\"image\":{\"@id\":\"https:\\\/\\\/news.save.ch\\\/de\\\/#\\\/schema\\\/logo\\\/image\\\/\"}},{\"@type\":\"Person\",\"@id\":\"https:\\\/\\\/news.save.ch\\\/de\\\/#\\\/schema\\\/person\\\/10917387362b3961e882740f6cf6f2a2\",\"name\":\"stefanie Zeng\",\"image\":{\"@type\":\"ImageObject\",\"inLanguage\":\"de\",\"@id\":\"https:\\\/\\\/secure.gravatar.com\\\/avatar\\\/eac43faa6e40bb2c41068c95c9d78bbd94c476d5efdff7abaab80bb3ea681e06?s=96&d=mm&r=g\",\"url\":\"https:\\\/\\\/secure.gravatar.com\\\/avatar\\\/eac43faa6e40bb2c41068c95c9d78bbd94c476d5efdff7abaab80bb3ea681e06?s=96&d=mm&r=g\",\"contentUrl\":\"https:\\\/\\\/secure.gravatar.com\\\/avatar\\\/eac43faa6e40bb2c41068c95c9d78bbd94c476d5efdff7abaab80bb3ea681e06?s=96&d=mm&r=g\",\"caption\":\"stefanie Zeng\"},\"url\":\"https:\\\/\\\/news.save.ch\\\/de\\\/author\\\/stefanie-zeng\\\/\"}]}<\/script>\n<!-- \/ Yoast SEO plugin. -->","yoast_head_json":{"title":"Allianz Risk Barometer: Cyber-Attacken bleiben 2025 weltweites Top-Risiko fu\u0308r Unternehmen - Save","description":"Allianz Commercial ver\u00f6ffentlicht zum 14. Mal die j\u00e4hrliche Umfrage \u00abAllianz Risk Barometer\u00bb zu den wichtigsten Gesch\u00e4ftsrisiken weltweit.","robots":{"index":"index","follow":"follow","max-snippet":"max-snippet:-1","max-image-preview":"max-image-preview:large","max-video-preview":"max-video-preview:-1"},"canonical":"https:\/\/news.save.ch\/de\/allianz-risk-barometer-cyber-attacken-bleiben-2025-weltweites-top-risiko-fu\u0308r-unternehmen\/","og_locale":"de_DE","og_type":"article","og_title":"Allianz Risk Barometer: Cyber-Attacken bleiben 2025 weltweites Top-Risiko fu\u0308r Unternehmen - Save","og_description":"Allianz Commercial ver\u00f6ffentlicht zum 14. Mal die j\u00e4hrliche Umfrage \u00abAllianz Risk Barometer\u00bb zu den wichtigsten Gesch\u00e4ftsrisiken weltweit.","og_url":"https:\/\/news.save.ch\/de\/allianz-risk-barometer-cyber-attacken-bleiben-2025-weltweites-top-risiko-fu\u0308r-unternehmen\/","og_site_name":"Save","article_published_time":"2025-01-15T10:03:42+00:00","article_modified_time":"2025-01-15T10:03:48+00:00","og_image":[{"width":1000,"height":689,"url":"https:\/\/news.save.ch\/wp-content\/uploads\/2025\/01\/Depositphotos_263293254_S.jpg","type":"image\/jpeg"}],"author":"stefanie Zeng","twitter_card":"summary_large_image","twitter_misc":{"Geschrieben von":"stefanie Zeng","Gesch\u00e4tzte Lesezeit":"7\u00a0Minuten"},"schema":{"@context":"https:\/\/schema.org","@graph":[{"@type":"Article","@id":"https:\/\/news.save.ch\/allianz-risk-barometer-cyber-attacken-bleiben-2025-weltweites-top-risiko-fu%cc%88r-unternehmen\/#article","isPartOf":{"@id":"https:\/\/news.save.ch\/allianz-risk-barometer-cyber-attacken-bleiben-2025-weltweites-top-risiko-fu%cc%88r-unternehmen\/"},"author":{"name":"stefanie Zeng","@id":"https:\/\/news.save.ch\/de\/#\/schema\/person\/10917387362b3961e882740f6cf6f2a2"},"headline":"Allianz Risk Barometer: Cyber-Attacken bleiben 2025 weltweites Top-Risiko fu\u0308r Unternehmen","datePublished":"2025-01-15T10:03:42+00:00","dateModified":"2025-01-15T10:03:48+00:00","mainEntityOfPage":{"@id":"https:\/\/news.save.ch\/allianz-risk-barometer-cyber-attacken-bleiben-2025-weltweites-top-risiko-fu%cc%88r-unternehmen\/"},"wordCount":1250,"publisher":{"@id":"https:\/\/news.save.ch\/de\/#organization"},"image":{"@id":"https:\/\/news.save.ch\/allianz-risk-barometer-cyber-attacken-bleiben-2025-weltweites-top-risiko-fu%cc%88r-unternehmen\/#primaryimage"},"thumbnailUrl":"https:\/\/news.save.ch\/wp-content\/uploads\/2025\/01\/Depositphotos_263293254_S.jpg","keywords":["Allianz Risk Barometer","Cyber-Attacken","Cyber-Risiken"],"articleSection":["ALLGEMEIN"],"inLanguage":"de"},{"@type":"WebPage","@id":"https:\/\/news.save.ch\/allianz-risk-barometer-cyber-attacken-bleiben-2025-weltweites-top-risiko-fu%cc%88r-unternehmen\/","url":"https:\/\/news.save.ch\/allianz-risk-barometer-cyber-attacken-bleiben-2025-weltweites-top-risiko-fu%cc%88r-unternehmen\/","name":"Allianz Risk Barometer: Cyber-Attacken bleiben 2025 weltweites Top-Risiko fu\u0308r Unternehmen - Save","isPartOf":{"@id":"https:\/\/news.save.ch\/de\/#website"},"primaryImageOfPage":{"@id":"https:\/\/news.save.ch\/allianz-risk-barometer-cyber-attacken-bleiben-2025-weltweites-top-risiko-fu%cc%88r-unternehmen\/#primaryimage"},"image":{"@id":"https:\/\/news.save.ch\/allianz-risk-barometer-cyber-attacken-bleiben-2025-weltweites-top-risiko-fu%cc%88r-unternehmen\/#primaryimage"},"thumbnailUrl":"https:\/\/news.save.ch\/wp-content\/uploads\/2025\/01\/Depositphotos_263293254_S.jpg","datePublished":"2025-01-15T10:03:42+00:00","dateModified":"2025-01-15T10:03:48+00:00","description":"Allianz Commercial ver\u00f6ffentlicht zum 14. Mal die j\u00e4hrliche Umfrage \u00abAllianz Risk Barometer\u00bb zu den wichtigsten Gesch\u00e4ftsrisiken weltweit.","breadcrumb":{"@id":"https:\/\/news.save.ch\/allianz-risk-barometer-cyber-attacken-bleiben-2025-weltweites-top-risiko-fu%cc%88r-unternehmen\/#breadcrumb"},"inLanguage":"de","potentialAction":[{"@type":"ReadAction","target":["https:\/\/news.save.ch\/allianz-risk-barometer-cyber-attacken-bleiben-2025-weltweites-top-risiko-fu%cc%88r-unternehmen\/"]}]},{"@type":"ImageObject","inLanguage":"de","@id":"https:\/\/news.save.ch\/allianz-risk-barometer-cyber-attacken-bleiben-2025-weltweites-top-risiko-fu%cc%88r-unternehmen\/#primaryimage","url":"https:\/\/news.save.ch\/wp-content\/uploads\/2025\/01\/Depositphotos_263293254_S.jpg","contentUrl":"https:\/\/news.save.ch\/wp-content\/uploads\/2025\/01\/Depositphotos_263293254_S.jpg"},{"@type":"BreadcrumbList","@id":"https:\/\/news.save.ch\/allianz-risk-barometer-cyber-attacken-bleiben-2025-weltweites-top-risiko-fu%cc%88r-unternehmen\/#breadcrumb","itemListElement":[{"@type":"ListItem","position":1,"name":"Home","item":"https:\/\/news.save.ch\/de\/"},{"@type":"ListItem","position":2,"name":"Allianz Risk Barometer: Cyber-Attacken bleiben 2025 weltweites Top-Risiko fu\u0308r Unternehmen"}]},{"@type":"WebSite","@id":"https:\/\/news.save.ch\/de\/#website","url":"https:\/\/news.save.ch\/de\/","name":"Save","description":"Schweizer Fachzeitschrift f\u00fcr Sicherheit","publisher":{"@id":"https:\/\/news.save.ch\/de\/#organization"},"potentialAction":[{"@type":"SearchAction","target":{"@type":"EntryPoint","urlTemplate":"https:\/\/news.save.ch\/de\/?s={search_term_string}"},"query-input":{"@type":"PropertyValueSpecification","valueRequired":true,"valueName":"search_term_string"}}],"inLanguage":"de"},{"@type":"Organization","@id":"https:\/\/news.save.ch\/de\/#organization","name":"Sicherheitsforum","url":"https:\/\/news.save.ch\/de\/","logo":{"@type":"ImageObject","inLanguage":"de","@id":"https:\/\/news.save.ch\/de\/#\/schema\/logo\/image\/","url":"https:\/\/news.save.ch\/wp-content\/uploads\/2022\/06\/Logo_SF_2012.png","contentUrl":"https:\/\/news.save.ch\/wp-content\/uploads\/2022\/06\/Logo_SF_2012.png","width":1100,"height":91,"caption":"Sicherheitsforum"},"image":{"@id":"https:\/\/news.save.ch\/de\/#\/schema\/logo\/image\/"}},{"@type":"Person","@id":"https:\/\/news.save.ch\/de\/#\/schema\/person\/10917387362b3961e882740f6cf6f2a2","name":"stefanie Zeng","image":{"@type":"ImageObject","inLanguage":"de","@id":"https:\/\/secure.gravatar.com\/avatar\/eac43faa6e40bb2c41068c95c9d78bbd94c476d5efdff7abaab80bb3ea681e06?s=96&d=mm&r=g","url":"https:\/\/secure.gravatar.com\/avatar\/eac43faa6e40bb2c41068c95c9d78bbd94c476d5efdff7abaab80bb3ea681e06?s=96&d=mm&r=g","contentUrl":"https:\/\/secure.gravatar.com\/avatar\/eac43faa6e40bb2c41068c95c9d78bbd94c476d5efdff7abaab80bb3ea681e06?s=96&d=mm&r=g","caption":"stefanie Zeng"},"url":"https:\/\/news.save.ch\/de\/author\/stefanie-zeng\/"}]}},"_links":{"self":[{"href":"https:\/\/news.save.ch\/de\/wp-json\/wp\/v2\/posts\/23896","targetHints":{"allow":["GET"]}}],"collection":[{"href":"https:\/\/news.save.ch\/de\/wp-json\/wp\/v2\/posts"}],"about":[{"href":"https:\/\/news.save.ch\/de\/wp-json\/wp\/v2\/types\/post"}],"author":[{"embeddable":true,"href":"https:\/\/news.save.ch\/de\/wp-json\/wp\/v2\/users\/31"}],"replies":[{"embeddable":true,"href":"https:\/\/news.save.ch\/de\/wp-json\/wp\/v2\/comments?post=23896"}],"version-history":[{"count":2,"href":"https:\/\/news.save.ch\/de\/wp-json\/wp\/v2\/posts\/23896\/revisions"}],"predecessor-version":[{"id":23899,"href":"https:\/\/news.save.ch\/de\/wp-json\/wp\/v2\/posts\/23896\/revisions\/23899"}],"wp:attachment":[{"href":"https:\/\/news.save.ch\/de\/wp-json\/wp\/v2\/media?parent=23896"}],"wp:term":[{"taxonomy":"category","embeddable":true,"href":"https:\/\/news.save.ch\/de\/wp-json\/wp\/v2\/categories?post=23896"},{"taxonomy":"post_tag","embeddable":true,"href":"https:\/\/news.save.ch\/de\/wp-json\/wp\/v2\/tags?post=23896"}],"curies":[{"name":"wp","href":"https:\/\/api.w.org\/{rel}","templated":true}]}}