{"id":23915,"date":"2025-01-21T17:03:57","date_gmt":"2025-01-21T16:03:57","guid":{"rendered":"https:\/\/news.save.ch\/?p=23915"},"modified":"2025-01-21T17:03:57","modified_gmt":"2025-01-21T16:03:57","slug":"perimeter-protection-2025-volle-hallen-tiefe-fachgespraeche","status":null,"type":"post","link":"https:\/\/news.save.ch\/de\/perimeter-protection-2025-volle-hallen-tiefe-fachgespraeche\/","title":{"rendered":"Perimeter Protection 2025: Volle Hallen, tiefe Fachgespr\u00e4che"},"content":{"rendered":"<figure id=\"attachment_23916\" aria-describedby=\"caption-attachment-23916\" style=\"width: 1400px\" class=\"wp-caption alignnone\"><a href=\"https:\/\/news.save.ch\/perimeter-protection-2025-volle-hallen-tiefe-fachgespraeche\/perimeter-protection-2025\/\" rel=\"attachment wp-att-23916\"><img loading=\"lazy\" decoding=\"async\" class=\"size-full wp-image-23916\" src=\"https:\/\/news.save.ch\/wp-content\/uploads\/2025\/01\/perimeter-protection-n-abschlussmeldung-original-scaled.jpg\" alt=\"\" width=\"1400\" height=\"933\" srcset=\"https:\/\/news.save.ch\/wp-content\/uploads\/2025\/01\/perimeter-protection-n-abschlussmeldung-original-scaled.jpg 1200w, https:\/\/news.save.ch\/wp-content\/uploads\/2025\/01\/perimeter-protection-n-abschlussmeldung-original-680x453.jpg 680w, https:\/\/news.save.ch\/wp-content\/uploads\/2025\/01\/perimeter-protection-n-abschlussmeldung-original-1024x683.jpg 1024w, https:\/\/news.save.ch\/wp-content\/uploads\/2025\/01\/perimeter-protection-n-abschlussmeldung-original-768x512.jpg 768w, https:\/\/news.save.ch\/wp-content\/uploads\/2025\/01\/perimeter-protection-n-abschlussmeldung-original-1536x1024.jpg 1536w, https:\/\/news.save.ch\/wp-content\/uploads\/2025\/01\/perimeter-protection-n-abschlussmeldung-original-2048x1365.jpg 2048w, https:\/\/news.save.ch\/wp-content\/uploads\/2025\/01\/perimeter-protection-n-abschlussmeldung-original-18x12.jpg 18w, https:\/\/news.save.ch\/wp-content\/uploads\/2025\/01\/perimeter-protection-n-abschlussmeldung-original-375x250.jpg 375w, https:\/\/news.save.ch\/wp-content\/uploads\/2025\/01\/perimeter-protection-n-abschlussmeldung-original-525x350.jpg 525w, https:\/\/news.save.ch\/wp-content\/uploads\/2025\/01\/perimeter-protection-n-abschlussmeldung-original-1000x667.jpg 1000w\" sizes=\"auto, (max-width: 1400px) 100vw, 1400px\" \/><\/a><figcaption id=\"caption-attachment-23916\" class=\"wp-caption-text\">Foto: N\u00fcrnberg Messe<\/figcaption><\/figure>\n<p>Die steigende Internationalit\u00e4t, die bereits bei den Ausstellern zu sehen ist, zeigt sich auch beim Fachpublikum: Knapp 35 Prozent der Besucher reisten aus dem internationalen Raum, aus mehr als 50 L\u00e4nder, an.<\/p>\n<p>\u00abWir freuen uns, dass in diesem Jahr mit einem Plus von rund 10 Prozent besonders viele internationale Besucher auf der Perimeter Protection waren\u00bb, sagt Julia Urban, Managerin der Perimeter Protection.<\/p>\n<p>Besonders viel Anklang fand die neu etablierte Career Zone in Halle 2. Die Standfl\u00e4che bot jungen Nachwuchskr\u00e4ften und interessierten Quereinsteigern einen Ort zum Austausch und Netzwerken. In ihr konnten sich Jobsuchende und Unternehmen miteinander verkn\u00fcpfen, Stellenangebote aush\u00e4ngen und neue Karrierewege finden. Die Career Zone ist ein wichtiges Hilfsmittel, um dem vorherrschenden Fachkr\u00e4ftemangel der Branche entgegenzuwirken.<\/p>\n<p><strong>Alleinstellung begeistert Fachpublikum<\/strong><\/p>\n<p>\u00abDie Perimeter Protection 2025 war erneut ein erfolgreicher Event f\u00fcr die Hersteller und die Unternehmen der Metallzauntechnik\u00bb, erkl\u00e4rt Kai-Uwe Gr\u00f6gor, Gesch\u00e4ftsf\u00fchrer der G\u00fctegemeinschaft Metallzauntechnik e. V., dem ideellen Tr\u00e4ger der Perimeter Protection. \u00abDie Messe ist so wichtig f\u00fcr uns, da sie die mechanischen und elektrischen Bestandteile der Perimetersicherung zusammenf\u00fchrt\u00bb, f\u00e4hrt er fort und unterstreicht die Einzigartigkeit der Perimeter Protection.<\/p>\n<p>Auch Thomas Preutenborbeck, Mitglied der erweiterten Gesch\u00e4ftsleitung und Bereichsleiter der Perimeter Protection betont in seinem Res\u00fcmee die hohe Spezialisierung: \u00abKeine andere Messe verkn\u00fcpft die Kombination aus Zaun-, Tor- und Sicherheitstechnik so umfassend wie die Perimeter Protection. Die Spezialmesse findet einen wirklich tollen Anklang und zeigt einmal mehr ihr \u00fcberdurchschnittliches Potenzial f\u00fcr diese spannende Branche.\u00bb<\/p>\n<p><strong>Volle Hallen und qualitativ hochwertige Gespr\u00e4che<\/strong><\/p>\n<p>\u00abWir haben im Vergleich zur letzten Messe einen Anstieg an Besuchern an unserem Stand gesp\u00fcrt\u00bb, berichtet Ulrich D\u00f6rr vom Verband f\u00fcr Sicherheitstechnik. e. V. \u00abDie Hallen waren immer gut gef\u00fcllt und die Gespr\u00e4che mit den Fachbesuchern hatten durchweg eine sehr hohe Qualit\u00e4t. Das Interesse der Besucher zeigte sich auch beim Fachforum, an dessen Organisation wir beteiligt sind: An allen drei Tagen waren die Vortr\u00e4ge sehr gut besucht \u2013 bei einigen war der Andrang sogar so hoch, dass die Sitzpl\u00e4tze gar nicht ausgereicht haben\u00bb, so D\u00f6rr.<\/p>\n<p><strong>KRITIS-Dachgesetz im Fachforum<\/strong><\/p>\n<p>Die gesetzliche Niederschrift des physischen Schutzes von KRITIS-Objekten war auf der Messe in aller Munde. Gerd Friedsam vom Verband f\u00fcr Sicherheitstechnik e. V. gab mit seinem Vortrag \u00abWenn Krisen nicht am Zaun Halt machen\u00bb einen Einblick in die Praxis und betonte, dass mehr als 1.000 Unternehmen aus zahlreichen Branchen von den gesetzlichen \u00c4nderungen im Rahmen des KRITIS-Dachgesetzes betroffen seien.<\/p>\n<p>Die Gesch\u00e4ftsf\u00fchrer Des Verband f\u00fcr Sicherheitstechnik e. V. \u2013 Wilfried Joswig und Prof. Dr. Clemens Gause \u2013 geben im\u00a0<a href=\"https:\/\/www.perimeter-protection.de\/de-de\/wissen\/2024\/interview\/kritis-dachgesetz-und-die-perimeter-protection-2025\">Interview<\/a> weitere Einblicke in das Thema: \u00abDas KRITIS-Dachgesetz fordert die physische Sicherheit f\u00fcr KRITIS-Objekte. Dies war bisher so noch nicht gefordert. Die physische Sicherheit ist aber f\u00fcr die Resilienz dieser Objekte und damit f\u00fcr unsere Gesellschaft von elementarer Bedeutung. Das Gesetz regelt u. a., f\u00fcr welche Sektoren, Branchen und kritische Dienstleistungen dies Gesetz gilt. Ausserdem ist hier geregelt, das der Betreiber f\u00fcr die Selbsteinstufung, Identifikation und Umsetzung der erforderlichen Massnahmen verantwortlich ist.\u00bb<\/p>\n<p>Auch Kai-Uwe Gr\u00f6gor unterstreicht die Wichtigkeit des Gesetzes f\u00fcr die Branche: \u00abDas KRITIS-Dachgesetz stellt die Metallzauntechnik vor Herausforderungen und birgt zeitgleich grosse Chancen f\u00fcr die Zukunft: Denn f\u00fcr zukunftstr\u00e4chtige L\u00f6sungen in der Perimetersicherung m\u00fcssen die elektronische und die mechanische Seite zusammengef\u00fchrt werden.\u00bb Der Schutz kritischer Infrastrukturen und das KRITIS-Dachgesetz werde, laut Experte Gr\u00f6gor, auch noch auf der n\u00e4chsten Perimeter Protection von hoher Wichtigkeit sein.<\/p>\n<p>&nbsp;<\/p>\n<p><strong>Perimeter Protection 2027: Termin vormerken!<\/strong><\/p>\n<p>Die n\u00e4chste Perimeter Protection findet vom 19. bis 21. Januar 2027 am Messezentrum N\u00fcrnberg statt.<\/p>\n","protected":false},"excerpt":{"rendered":"<p>Die steigende Internationalit\u00e4t, die bereits bei den Ausstellern zu sehen ist, zeigt sich auch beim Fachpublikum: Knapp 35 Prozent der Besucher reisten aus dem internationalen Raum, aus mehr als 50 L\u00e4nder, an. \u00abWir freuen uns, dass in diesem Jahr mit einem Plus von rund 10 Prozent besonders viele internationale Besucher auf der Perimeter Protection waren\u00bb, [&hellip;]<\/p>\n","protected":false},"author":31,"featured_media":0,"comment_status":"closed","ping_status":"closed","sticky":false,"template":"","format":"standard","meta":{"_acf_changed":false,"pgc_sgb_lightbox_settings":"","footnotes":""},"categories":[1],"tags":[1353,270],"class_list":["post-23915","post","type-post","status-publish","format-standard","hentry","category-allgemein","tag-perimeter-protection","tag-perimeterschutz"],"acf":[],"hkrextid":null,"publication":null,"issue":null,"workflow":null,"startPage":null,"spitzmarke":null,"_posts_by_tag_page_fields":null,"_at_widget":null,"_yoast_wpseo_primary_category":"","_yoast_wpseo_focuskw_text_input":null,"_yoast_wpseo_opengraph-image":null,"_yoast_wpseo_opengraph-description":null,"_yoast_wpseo_opengraph-title":null,"enclosure":null,"_yoast_wpseo_twitter-title":null,"_yoast_wpseo_twitter-description":null,"_yoast_wpseo_twitter-image":null,"_wp_old_slug":null,"_yoast_wpseo_title":null,"_yoast_wpseo_canonical":null,"yoast_head":"<!-- This site is optimized with the Yoast SEO plugin v27.5 - https:\/\/yoast.com\/product\/yoast-seo-wordpress\/ -->\n<title>Perimeter Protection 2025: Volle Hallen, tiefe Fachgespr\u00e4che - Save<\/title>\n<meta name=\"description\" content=\"Mehr als 5.000 Fachbesucher waren auf der achten Perimeter Protection anzutreffen. Rund 220 Aussteller stellten ihre Produkte aus.\" \/>\n<meta name=\"robots\" content=\"index, follow, max-snippet:-1, max-image-preview:large, max-video-preview:-1\" \/>\n<link rel=\"canonical\" href=\"https:\/\/news.save.ch\/de\/perimeter-protection-2025-volle-hallen-tiefe-fachgespraeche\/\" \/>\n<meta property=\"og:locale\" content=\"de_DE\" \/>\n<meta property=\"og:type\" content=\"article\" \/>\n<meta property=\"og:title\" content=\"Perimeter Protection 2025: Volle Hallen, tiefe Fachgespr\u00e4che - Save\" \/>\n<meta property=\"og:description\" content=\"Mehr als 5.000 Fachbesucher waren auf der achten Perimeter Protection anzutreffen. Rund 220 Aussteller stellten ihre Produkte aus.\" \/>\n<meta property=\"og:url\" content=\"https:\/\/news.save.ch\/de\/perimeter-protection-2025-volle-hallen-tiefe-fachgespraeche\/\" \/>\n<meta property=\"og:site_name\" content=\"Save\" \/>\n<meta property=\"article:published_time\" content=\"2025-01-21T16:03:57+00:00\" \/>\n<meta property=\"og:image\" content=\"https:\/\/news.save.ch\/wp-content\/uploads\/2025\/01\/perimeter-protection-n-abschlussmeldung-original-scaled.jpg\" \/>\n\t<meta property=\"og:image:width\" content=\"1200\" \/>\n\t<meta property=\"og:image:height\" content=\"800\" \/>\n\t<meta property=\"og:image:type\" content=\"image\/jpeg\" \/>\n<meta name=\"author\" content=\"stefanie Zeng\" \/>\n<meta name=\"twitter:card\" content=\"summary_large_image\" \/>\n<meta name=\"twitter:label1\" content=\"Geschrieben von\" \/>\n\t<meta name=\"twitter:data1\" content=\"stefanie Zeng\" \/>\n\t<meta name=\"twitter:label2\" content=\"Gesch\u00e4tzte Lesezeit\" \/>\n\t<meta name=\"twitter:data2\" content=\"4\u00a0Minuten\" \/>\n<script type=\"application\/ld+json\" class=\"yoast-schema-graph\">{\"@context\":\"https:\\\/\\\/schema.org\",\"@graph\":[{\"@type\":\"Article\",\"@id\":\"https:\\\/\\\/news.save.ch\\\/perimeter-protection-2025-volle-hallen-tiefe-fachgespraeche\\\/#article\",\"isPartOf\":{\"@id\":\"https:\\\/\\\/news.save.ch\\\/perimeter-protection-2025-volle-hallen-tiefe-fachgespraeche\\\/\"},\"author\":{\"name\":\"stefanie Zeng\",\"@id\":\"https:\\\/\\\/news.save.ch\\\/de\\\/#\\\/schema\\\/person\\\/10917387362b3961e882740f6cf6f2a2\"},\"headline\":\"Perimeter Protection 2025: Volle Hallen, tiefe Fachgespr\u00e4che\",\"datePublished\":\"2025-01-21T16:03:57+00:00\",\"mainEntityOfPage\":{\"@id\":\"https:\\\/\\\/news.save.ch\\\/perimeter-protection-2025-volle-hallen-tiefe-fachgespraeche\\\/\"},\"wordCount\":619,\"publisher\":{\"@id\":\"https:\\\/\\\/news.save.ch\\\/de\\\/#organization\"},\"image\":{\"@id\":\"https:\\\/\\\/news.save.ch\\\/perimeter-protection-2025-volle-hallen-tiefe-fachgespraeche\\\/#primaryimage\"},\"thumbnailUrl\":\"https:\\\/\\\/news.save.ch\\\/wp-content\\\/uploads\\\/2025\\\/01\\\/perimeter-protection-n-abschlussmeldung-original-scaled.jpg\",\"keywords\":[\"Perimeter Protection\",\"Perimeterschutz\"],\"articleSection\":[\"ALLGEMEIN\"],\"inLanguage\":\"de\"},{\"@type\":\"WebPage\",\"@id\":\"https:\\\/\\\/news.save.ch\\\/perimeter-protection-2025-volle-hallen-tiefe-fachgespraeche\\\/\",\"url\":\"https:\\\/\\\/news.save.ch\\\/perimeter-protection-2025-volle-hallen-tiefe-fachgespraeche\\\/\",\"name\":\"Perimeter Protection 2025: Volle Hallen, tiefe Fachgespr\u00e4che - Save\",\"isPartOf\":{\"@id\":\"https:\\\/\\\/news.save.ch\\\/de\\\/#website\"},\"primaryImageOfPage\":{\"@id\":\"https:\\\/\\\/news.save.ch\\\/perimeter-protection-2025-volle-hallen-tiefe-fachgespraeche\\\/#primaryimage\"},\"image\":{\"@id\":\"https:\\\/\\\/news.save.ch\\\/perimeter-protection-2025-volle-hallen-tiefe-fachgespraeche\\\/#primaryimage\"},\"thumbnailUrl\":\"https:\\\/\\\/news.save.ch\\\/wp-content\\\/uploads\\\/2025\\\/01\\\/perimeter-protection-n-abschlussmeldung-original-scaled.jpg\",\"datePublished\":\"2025-01-21T16:03:57+00:00\",\"description\":\"Mehr als 5.000 Fachbesucher waren auf der achten Perimeter Protection anzutreffen. Rund 220 Aussteller stellten ihre Produkte aus.\",\"breadcrumb\":{\"@id\":\"https:\\\/\\\/news.save.ch\\\/perimeter-protection-2025-volle-hallen-tiefe-fachgespraeche\\\/#breadcrumb\"},\"inLanguage\":\"de\",\"potentialAction\":[{\"@type\":\"ReadAction\",\"target\":[\"https:\\\/\\\/news.save.ch\\\/perimeter-protection-2025-volle-hallen-tiefe-fachgespraeche\\\/\"]}]},{\"@type\":\"ImageObject\",\"inLanguage\":\"de\",\"@id\":\"https:\\\/\\\/news.save.ch\\\/perimeter-protection-2025-volle-hallen-tiefe-fachgespraeche\\\/#primaryimage\",\"url\":\"https:\\\/\\\/news.save.ch\\\/wp-content\\\/uploads\\\/2025\\\/01\\\/perimeter-protection-n-abschlussmeldung-original-scaled.jpg\",\"contentUrl\":\"https:\\\/\\\/news.save.ch\\\/wp-content\\\/uploads\\\/2025\\\/01\\\/perimeter-protection-n-abschlussmeldung-original-scaled.jpg\"},{\"@type\":\"BreadcrumbList\",\"@id\":\"https:\\\/\\\/news.save.ch\\\/perimeter-protection-2025-volle-hallen-tiefe-fachgespraeche\\\/#breadcrumb\",\"itemListElement\":[{\"@type\":\"ListItem\",\"position\":1,\"name\":\"Home\",\"item\":\"https:\\\/\\\/news.save.ch\\\/de\\\/\"},{\"@type\":\"ListItem\",\"position\":2,\"name\":\"Perimeter Protection 2025: Volle Hallen, tiefe Fachgespr\u00e4che\"}]},{\"@type\":\"WebSite\",\"@id\":\"https:\\\/\\\/news.save.ch\\\/de\\\/#website\",\"url\":\"https:\\\/\\\/news.save.ch\\\/de\\\/\",\"name\":\"Save\",\"description\":\"Schweizer Fachzeitschrift f\u00fcr Sicherheit\",\"publisher\":{\"@id\":\"https:\\\/\\\/news.save.ch\\\/de\\\/#organization\"},\"potentialAction\":[{\"@type\":\"SearchAction\",\"target\":{\"@type\":\"EntryPoint\",\"urlTemplate\":\"https:\\\/\\\/news.save.ch\\\/de\\\/?s={search_term_string}\"},\"query-input\":{\"@type\":\"PropertyValueSpecification\",\"valueRequired\":true,\"valueName\":\"search_term_string\"}}],\"inLanguage\":\"de\"},{\"@type\":\"Organization\",\"@id\":\"https:\\\/\\\/news.save.ch\\\/de\\\/#organization\",\"name\":\"Sicherheitsforum\",\"url\":\"https:\\\/\\\/news.save.ch\\\/de\\\/\",\"logo\":{\"@type\":\"ImageObject\",\"inLanguage\":\"de\",\"@id\":\"https:\\\/\\\/news.save.ch\\\/de\\\/#\\\/schema\\\/logo\\\/image\\\/\",\"url\":\"https:\\\/\\\/news.save.ch\\\/wp-content\\\/uploads\\\/2022\\\/06\\\/Logo_SF_2012.png\",\"contentUrl\":\"https:\\\/\\\/news.save.ch\\\/wp-content\\\/uploads\\\/2022\\\/06\\\/Logo_SF_2012.png\",\"width\":1100,\"height\":91,\"caption\":\"Sicherheitsforum\"},\"image\":{\"@id\":\"https:\\\/\\\/news.save.ch\\\/de\\\/#\\\/schema\\\/logo\\\/image\\\/\"}},{\"@type\":\"Person\",\"@id\":\"https:\\\/\\\/news.save.ch\\\/de\\\/#\\\/schema\\\/person\\\/10917387362b3961e882740f6cf6f2a2\",\"name\":\"stefanie Zeng\",\"image\":{\"@type\":\"ImageObject\",\"inLanguage\":\"de\",\"@id\":\"https:\\\/\\\/secure.gravatar.com\\\/avatar\\\/eac43faa6e40bb2c41068c95c9d78bbd94c476d5efdff7abaab80bb3ea681e06?s=96&d=mm&r=g\",\"url\":\"https:\\\/\\\/secure.gravatar.com\\\/avatar\\\/eac43faa6e40bb2c41068c95c9d78bbd94c476d5efdff7abaab80bb3ea681e06?s=96&d=mm&r=g\",\"contentUrl\":\"https:\\\/\\\/secure.gravatar.com\\\/avatar\\\/eac43faa6e40bb2c41068c95c9d78bbd94c476d5efdff7abaab80bb3ea681e06?s=96&d=mm&r=g\",\"caption\":\"stefanie Zeng\"},\"url\":\"https:\\\/\\\/news.save.ch\\\/de\\\/author\\\/stefanie-zeng\\\/\"}]}<\/script>\n<!-- \/ Yoast SEO plugin. -->","yoast_head_json":{"title":"Perimeter Protection 2025: Volle Hallen, tiefe Fachgespr\u00e4che - Save","description":"Mehr als 5.000 Fachbesucher waren auf der achten Perimeter Protection anzutreffen. Rund 220 Aussteller stellten ihre Produkte aus.","robots":{"index":"index","follow":"follow","max-snippet":"max-snippet:-1","max-image-preview":"max-image-preview:large","max-video-preview":"max-video-preview:-1"},"canonical":"https:\/\/news.save.ch\/de\/perimeter-protection-2025-volle-hallen-tiefe-fachgespraeche\/","og_locale":"de_DE","og_type":"article","og_title":"Perimeter Protection 2025: Volle Hallen, tiefe Fachgespr\u00e4che - Save","og_description":"Mehr als 5.000 Fachbesucher waren auf der achten Perimeter Protection anzutreffen. Rund 220 Aussteller stellten ihre Produkte aus.","og_url":"https:\/\/news.save.ch\/de\/perimeter-protection-2025-volle-hallen-tiefe-fachgespraeche\/","og_site_name":"Save","article_published_time":"2025-01-21T16:03:57+00:00","og_image":[{"width":1200,"height":800,"url":"https:\/\/news.save.ch\/wp-content\/uploads\/2025\/01\/perimeter-protection-n-abschlussmeldung-original-scaled.jpg","type":"image\/jpeg"}],"author":"stefanie Zeng","twitter_card":"summary_large_image","twitter_misc":{"Geschrieben von":"stefanie Zeng","Gesch\u00e4tzte Lesezeit":"4\u00a0Minuten"},"schema":{"@context":"https:\/\/schema.org","@graph":[{"@type":"Article","@id":"https:\/\/news.save.ch\/perimeter-protection-2025-volle-hallen-tiefe-fachgespraeche\/#article","isPartOf":{"@id":"https:\/\/news.save.ch\/perimeter-protection-2025-volle-hallen-tiefe-fachgespraeche\/"},"author":{"name":"stefanie Zeng","@id":"https:\/\/news.save.ch\/de\/#\/schema\/person\/10917387362b3961e882740f6cf6f2a2"},"headline":"Perimeter Protection 2025: Volle Hallen, tiefe Fachgespr\u00e4che","datePublished":"2025-01-21T16:03:57+00:00","mainEntityOfPage":{"@id":"https:\/\/news.save.ch\/perimeter-protection-2025-volle-hallen-tiefe-fachgespraeche\/"},"wordCount":619,"publisher":{"@id":"https:\/\/news.save.ch\/de\/#organization"},"image":{"@id":"https:\/\/news.save.ch\/perimeter-protection-2025-volle-hallen-tiefe-fachgespraeche\/#primaryimage"},"thumbnailUrl":"https:\/\/news.save.ch\/wp-content\/uploads\/2025\/01\/perimeter-protection-n-abschlussmeldung-original-scaled.jpg","keywords":["Perimeter Protection","Perimeterschutz"],"articleSection":["ALLGEMEIN"],"inLanguage":"de"},{"@type":"WebPage","@id":"https:\/\/news.save.ch\/perimeter-protection-2025-volle-hallen-tiefe-fachgespraeche\/","url":"https:\/\/news.save.ch\/perimeter-protection-2025-volle-hallen-tiefe-fachgespraeche\/","name":"Perimeter Protection 2025: Volle Hallen, tiefe Fachgespr\u00e4che - Save","isPartOf":{"@id":"https:\/\/news.save.ch\/de\/#website"},"primaryImageOfPage":{"@id":"https:\/\/news.save.ch\/perimeter-protection-2025-volle-hallen-tiefe-fachgespraeche\/#primaryimage"},"image":{"@id":"https:\/\/news.save.ch\/perimeter-protection-2025-volle-hallen-tiefe-fachgespraeche\/#primaryimage"},"thumbnailUrl":"https:\/\/news.save.ch\/wp-content\/uploads\/2025\/01\/perimeter-protection-n-abschlussmeldung-original-scaled.jpg","datePublished":"2025-01-21T16:03:57+00:00","description":"Mehr als 5.000 Fachbesucher waren auf der achten Perimeter Protection anzutreffen. Rund 220 Aussteller stellten ihre Produkte aus.","breadcrumb":{"@id":"https:\/\/news.save.ch\/perimeter-protection-2025-volle-hallen-tiefe-fachgespraeche\/#breadcrumb"},"inLanguage":"de","potentialAction":[{"@type":"ReadAction","target":["https:\/\/news.save.ch\/perimeter-protection-2025-volle-hallen-tiefe-fachgespraeche\/"]}]},{"@type":"ImageObject","inLanguage":"de","@id":"https:\/\/news.save.ch\/perimeter-protection-2025-volle-hallen-tiefe-fachgespraeche\/#primaryimage","url":"https:\/\/news.save.ch\/wp-content\/uploads\/2025\/01\/perimeter-protection-n-abschlussmeldung-original-scaled.jpg","contentUrl":"https:\/\/news.save.ch\/wp-content\/uploads\/2025\/01\/perimeter-protection-n-abschlussmeldung-original-scaled.jpg"},{"@type":"BreadcrumbList","@id":"https:\/\/news.save.ch\/perimeter-protection-2025-volle-hallen-tiefe-fachgespraeche\/#breadcrumb","itemListElement":[{"@type":"ListItem","position":1,"name":"Home","item":"https:\/\/news.save.ch\/de\/"},{"@type":"ListItem","position":2,"name":"Perimeter Protection 2025: Volle Hallen, tiefe Fachgespr\u00e4che"}]},{"@type":"WebSite","@id":"https:\/\/news.save.ch\/de\/#website","url":"https:\/\/news.save.ch\/de\/","name":"Save","description":"Schweizer Fachzeitschrift f\u00fcr Sicherheit","publisher":{"@id":"https:\/\/news.save.ch\/de\/#organization"},"potentialAction":[{"@type":"SearchAction","target":{"@type":"EntryPoint","urlTemplate":"https:\/\/news.save.ch\/de\/?s={search_term_string}"},"query-input":{"@type":"PropertyValueSpecification","valueRequired":true,"valueName":"search_term_string"}}],"inLanguage":"de"},{"@type":"Organization","@id":"https:\/\/news.save.ch\/de\/#organization","name":"Sicherheitsforum","url":"https:\/\/news.save.ch\/de\/","logo":{"@type":"ImageObject","inLanguage":"de","@id":"https:\/\/news.save.ch\/de\/#\/schema\/logo\/image\/","url":"https:\/\/news.save.ch\/wp-content\/uploads\/2022\/06\/Logo_SF_2012.png","contentUrl":"https:\/\/news.save.ch\/wp-content\/uploads\/2022\/06\/Logo_SF_2012.png","width":1100,"height":91,"caption":"Sicherheitsforum"},"image":{"@id":"https:\/\/news.save.ch\/de\/#\/schema\/logo\/image\/"}},{"@type":"Person","@id":"https:\/\/news.save.ch\/de\/#\/schema\/person\/10917387362b3961e882740f6cf6f2a2","name":"stefanie Zeng","image":{"@type":"ImageObject","inLanguage":"de","@id":"https:\/\/secure.gravatar.com\/avatar\/eac43faa6e40bb2c41068c95c9d78bbd94c476d5efdff7abaab80bb3ea681e06?s=96&d=mm&r=g","url":"https:\/\/secure.gravatar.com\/avatar\/eac43faa6e40bb2c41068c95c9d78bbd94c476d5efdff7abaab80bb3ea681e06?s=96&d=mm&r=g","contentUrl":"https:\/\/secure.gravatar.com\/avatar\/eac43faa6e40bb2c41068c95c9d78bbd94c476d5efdff7abaab80bb3ea681e06?s=96&d=mm&r=g","caption":"stefanie Zeng"},"url":"https:\/\/news.save.ch\/de\/author\/stefanie-zeng\/"}]}},"_links":{"self":[{"href":"https:\/\/news.save.ch\/de\/wp-json\/wp\/v2\/posts\/23915","targetHints":{"allow":["GET"]}}],"collection":[{"href":"https:\/\/news.save.ch\/de\/wp-json\/wp\/v2\/posts"}],"about":[{"href":"https:\/\/news.save.ch\/de\/wp-json\/wp\/v2\/types\/post"}],"author":[{"embeddable":true,"href":"https:\/\/news.save.ch\/de\/wp-json\/wp\/v2\/users\/31"}],"replies":[{"embeddable":true,"href":"https:\/\/news.save.ch\/de\/wp-json\/wp\/v2\/comments?post=23915"}],"version-history":[{"count":4,"href":"https:\/\/news.save.ch\/de\/wp-json\/wp\/v2\/posts\/23915\/revisions"}],"predecessor-version":[{"id":23920,"href":"https:\/\/news.save.ch\/de\/wp-json\/wp\/v2\/posts\/23915\/revisions\/23920"}],"wp:attachment":[{"href":"https:\/\/news.save.ch\/de\/wp-json\/wp\/v2\/media?parent=23915"}],"wp:term":[{"taxonomy":"category","embeddable":true,"href":"https:\/\/news.save.ch\/de\/wp-json\/wp\/v2\/categories?post=23915"},{"taxonomy":"post_tag","embeddable":true,"href":"https:\/\/news.save.ch\/de\/wp-json\/wp\/v2\/tags?post=23915"}],"curies":[{"name":"wp","href":"https:\/\/api.w.org\/{rel}","templated":true}]}}