{"id":23926,"date":"2025-01-22T11:37:10","date_gmt":"2025-01-22T10:37:10","guid":{"rendered":"https:\/\/news.save.ch\/?p=23926"},"modified":"2025-01-22T11:37:10","modified_gmt":"2025-01-22T10:37:10","slug":"diskussion-am-wef-welchen-wert-haben-vertrauenswuerdige-daten","status":null,"type":"post","link":"https:\/\/news.save.ch\/de\/diskussion-am-wef-welchen-wert-haben-vertrauenswuerdige-daten\/","title":{"rendered":"Diskussion am WEF: Welchen Wert haben vertrauensw\u00fcrdige Daten?"},"content":{"rendered":"<figure id=\"attachment_23927\" aria-describedby=\"caption-attachment-23927\" style=\"width: 1000px\" class=\"wp-caption alignnone\"><a href=\"https:\/\/news.save.ch\/diskussion-am-wef-welchen-wert-haben-vertrauenswuerdige-daten\/depositphotos_332586832_s\/\" rel=\"attachment wp-att-23927\"><img loading=\"lazy\" decoding=\"async\" class=\"size-full wp-image-23927\" src=\"https:\/\/news.save.ch\/wp-content\/uploads\/2025\/01\/Depositphotos_332586832_S.jpg\" alt=\"\" width=\"1000\" height=\"819\" srcset=\"https:\/\/news.save.ch\/wp-content\/uploads\/2025\/01\/Depositphotos_332586832_S.jpg 1000w, https:\/\/news.save.ch\/wp-content\/uploads\/2025\/01\/Depositphotos_332586832_S-680x557.jpg 680w, https:\/\/news.save.ch\/wp-content\/uploads\/2025\/01\/Depositphotos_332586832_S-768x629.jpg 768w, https:\/\/news.save.ch\/wp-content\/uploads\/2025\/01\/Depositphotos_332586832_S-15x12.jpg 15w, https:\/\/news.save.ch\/wp-content\/uploads\/2025\/01\/Depositphotos_332586832_S-366x300.jpg 366w, https:\/\/news.save.ch\/wp-content\/uploads\/2025\/01\/Depositphotos_332586832_S-427x350.jpg 427w, https:\/\/news.save.ch\/wp-content\/uploads\/2025\/01\/Depositphotos_332586832_S-977x800.jpg 977w\" sizes=\"auto, (max-width: 1000px) 100vw, 1000px\" \/><\/a><figcaption id=\"caption-attachment-23927\" class=\"wp-caption-text\">Foto: Depositphotos\/makasanaphoto<\/figcaption><\/figure>\n<p>Am Anlass, der von Bundesr\u00e4tin Elisabeth Baume-Schneider er\u00f6ffnet wurde, nahmen hochrangige Repr\u00e4sentantinnen und Repr\u00e4sentanten der Weltgesundheitsorganisation (WHO), der Universit\u00e4t Kopenhagen und des Bundesamts f\u00fcr Statistik (BFS) teil. Zudem wurde eine Studie \u00fcber die Schaffung einer Plattform f\u00fcr vertrauensw\u00fcrdige Daten vorgestellt.<\/p>\n<p>Die Diskussion mit dem Titel \u00abDaten f\u00fcr alle: Die ultimative L\u00f6sung gegen Desinformation?\u00bb fand im Rahmen des \u00abGeneva Day 2025\u00bb statt. Der \u00abGeneva Day\u00bb bietet im \u00abHouse of Switzerland\u00bb am Rande des WEF jedes Jahr eine Plattform f\u00fcr den Austausch zwischen Akteurinnen und Akteuren aus Wirtschaft und Zivilgesellschaft. Die Teilnehmerinnen und Teilnehmer diskutieren aktuelle Themen, die f\u00fcr die in Genf ans\u00e4ssigen internationalen Organisationen relevant sind.<\/p>\n<p>Am Anlass stellte zudem P\u00e1draig Dalton, der ehemalige Chefstatistiker Irlands, eine von ihm erstellte Machbarkeitsstudie zur Schaffung eines \u00abTrusted Data Observatory\u00bb vor, die das Eidgen\u00f6ssischen Departement f\u00fcr ausw\u00e4rtige Angelegenheiten (EDA) und das Bundesamt f\u00fcr Statistik (BFS) in Auftrag gegeben haben.<\/p>\n<p>Die Studie empfiehlt, dass dieses in Genf angesiedelte Observatorium eine Metadaten-Plattform betreibt, mit deren Hilfe Daten aus zuverl\u00e4ssigen Quellen einfach aufgefunden und miteinander verglichen werden k\u00f6nnen. KI-Chatbots k\u00f6nnten auf diese Daten zugreifen und ihre Antworten aus vertrauensw\u00fcrdigen Quellen speisen. Neben der F\u00f6rderung der Transparenz und der faktenbasierten politischen Entscheidfindung k\u00f6nnte eine solche Plattform somit auch zur Bek\u00e4mpfung von Desinformationen beitragen.<\/p>\n<p><b>Fakten sind Voraussetzung f\u00fcr demokratische Entscheide<\/b><\/p>\n<p>Bundesr\u00e4tin Elisabeth Baume-Schneider unterstrich in ihrer Er\u00f6ffnungsrede die Wichtigkeit von vertrauensw\u00fcrdigen Daten: \u00abDie demokratische Gesellschaft ist auf Informationen aus zuverl\u00e4ssigen Quellen angewiesen. Sie erm\u00f6glichen uns eine Debatte auf der Grundlage von Fakten und schaffen so die Basis f\u00fcr eine aufgekl\u00e4rte und abgest\u00fctzte Entscheidungsfindung.\u00bb An der anschliessenden<\/p>\n<p>Diskussionsrunde besprachen Samira Asma, Vizedirektorin der WHO f\u00fcr Daten und Analyse, Professor Vincent F. Hendricks von der Universit\u00e4t Kopenhagen und BFS-Direktor Georges-Simon Ulrich die m\u00f6glichen Rollen verschiedener Akteure auf internationaler Ebene, um solche Daten besser sichtbar und somit nutzbar zu machen.<\/p>\n<p><em>Quelle: Bundesamts f\u00fcr Statistik (BFS)<\/em><\/p>\n","protected":false},"excerpt":{"rendered":"<p>Am Anlass, der von Bundesr\u00e4tin Elisabeth Baume-Schneider er\u00f6ffnet wurde, nahmen hochrangige Repr\u00e4sentantinnen und Repr\u00e4sentanten der Weltgesundheitsorganisation (WHO), der Universit\u00e4t Kopenhagen und des Bundesamts f\u00fcr Statistik (BFS) teil. Zudem wurde eine Studie \u00fcber die Schaffung einer Plattform f\u00fcr vertrauensw\u00fcrdige Daten vorgestellt. Die Diskussion mit dem Titel \u00abDaten f\u00fcr alle: Die ultimative L\u00f6sung gegen Desinformation?\u00bb fand im [&hellip;]<\/p>\n","protected":false},"author":31,"featured_media":0,"comment_status":"closed","ping_status":"closed","sticky":false,"template":"","format":"standard","meta":{"_acf_changed":false,"pgc_sgb_lightbox_settings":"","footnotes":""},"categories":[3313],"tags":[363,622],"class_list":["post-23926","post","type-post","status-publish","format-standard","hentry","category-digitalisierung","tag-daten","tag-wef"],"acf":[],"hkrextid":null,"publication":null,"issue":null,"workflow":null,"startPage":null,"spitzmarke":null,"_posts_by_tag_page_fields":null,"_at_widget":null,"_yoast_wpseo_primary_category":"3313","_yoast_wpseo_focuskw_text_input":null,"_yoast_wpseo_opengraph-image":null,"_yoast_wpseo_opengraph-description":null,"_yoast_wpseo_opengraph-title":null,"enclosure":null,"_yoast_wpseo_twitter-title":null,"_yoast_wpseo_twitter-description":null,"_yoast_wpseo_twitter-image":null,"_wp_old_slug":null,"_yoast_wpseo_title":null,"_yoast_wpseo_canonical":null,"yoast_head":"<!-- This site is optimized with the Yoast SEO plugin v27.5 - https:\/\/yoast.com\/product\/yoast-seo-wordpress\/ -->\n<title>Diskussion am WEF: Welchen Wert haben vertrauensw\u00fcrdige Daten? - Save<\/title>\n<meta name=\"description\" content=\"WEF in Davos: PanellistInnen diskutierten \u00fcber die Frage wie zuverl\u00e4ssige Daten besser zug\u00e4nglich und nutzbar gemacht werden k\u00f6nnen.\" \/>\n<meta name=\"robots\" content=\"index, follow, max-snippet:-1, max-image-preview:large, max-video-preview:-1\" \/>\n<link rel=\"canonical\" href=\"https:\/\/news.save.ch\/de\/diskussion-am-wef-welchen-wert-haben-vertrauenswuerdige-daten\/\" \/>\n<meta property=\"og:locale\" content=\"de_DE\" \/>\n<meta property=\"og:type\" content=\"article\" \/>\n<meta property=\"og:title\" content=\"Diskussion am WEF: Welchen Wert haben vertrauensw\u00fcrdige Daten? - Save\" \/>\n<meta property=\"og:description\" content=\"WEF in Davos: PanellistInnen diskutierten \u00fcber die Frage wie zuverl\u00e4ssige Daten besser zug\u00e4nglich und nutzbar gemacht werden k\u00f6nnen.\" \/>\n<meta property=\"og:url\" content=\"https:\/\/news.save.ch\/de\/diskussion-am-wef-welchen-wert-haben-vertrauenswuerdige-daten\/\" \/>\n<meta property=\"og:site_name\" content=\"Save\" \/>\n<meta property=\"article:published_time\" content=\"2025-01-22T10:37:10+00:00\" \/>\n<meta property=\"og:image\" content=\"https:\/\/news.save.ch\/wp-content\/uploads\/2025\/01\/Depositphotos_332586832_S.jpg\" \/>\n\t<meta property=\"og:image:width\" content=\"1000\" \/>\n\t<meta property=\"og:image:height\" content=\"819\" \/>\n\t<meta property=\"og:image:type\" content=\"image\/jpeg\" \/>\n<meta name=\"author\" content=\"stefanie Zeng\" \/>\n<meta name=\"twitter:card\" content=\"summary_large_image\" \/>\n<meta name=\"twitter:label1\" content=\"Geschrieben von\" \/>\n\t<meta name=\"twitter:data1\" content=\"stefanie Zeng\" \/>\n\t<meta name=\"twitter:label2\" content=\"Gesch\u00e4tzte Lesezeit\" \/>\n\t<meta name=\"twitter:data2\" content=\"2\u00a0Minuten\" \/>\n<script type=\"application\/ld+json\" class=\"yoast-schema-graph\">{\"@context\":\"https:\\\/\\\/schema.org\",\"@graph\":[{\"@type\":\"Article\",\"@id\":\"https:\\\/\\\/news.save.ch\\\/diskussion-am-wef-welchen-wert-haben-vertrauenswuerdige-daten\\\/#article\",\"isPartOf\":{\"@id\":\"https:\\\/\\\/news.save.ch\\\/diskussion-am-wef-welchen-wert-haben-vertrauenswuerdige-daten\\\/\"},\"author\":{\"name\":\"stefanie Zeng\",\"@id\":\"https:\\\/\\\/news.save.ch\\\/de\\\/#\\\/schema\\\/person\\\/10917387362b3961e882740f6cf6f2a2\"},\"headline\":\"Diskussion am WEF: Welchen Wert haben vertrauensw\u00fcrdige Daten?\",\"datePublished\":\"2025-01-22T10:37:10+00:00\",\"mainEntityOfPage\":{\"@id\":\"https:\\\/\\\/news.save.ch\\\/diskussion-am-wef-welchen-wert-haben-vertrauenswuerdige-daten\\\/\"},\"wordCount\":359,\"publisher\":{\"@id\":\"https:\\\/\\\/news.save.ch\\\/de\\\/#organization\"},\"image\":{\"@id\":\"https:\\\/\\\/news.save.ch\\\/diskussion-am-wef-welchen-wert-haben-vertrauenswuerdige-daten\\\/#primaryimage\"},\"thumbnailUrl\":\"https:\\\/\\\/news.save.ch\\\/wp-content\\\/uploads\\\/2025\\\/01\\\/Depositphotos_332586832_S.jpg\",\"keywords\":[\"Daten\",\"WEF\"],\"articleSection\":[\"DIGITALISIERUNG\"],\"inLanguage\":\"de\"},{\"@type\":\"WebPage\",\"@id\":\"https:\\\/\\\/news.save.ch\\\/diskussion-am-wef-welchen-wert-haben-vertrauenswuerdige-daten\\\/\",\"url\":\"https:\\\/\\\/news.save.ch\\\/diskussion-am-wef-welchen-wert-haben-vertrauenswuerdige-daten\\\/\",\"name\":\"Diskussion am WEF: Welchen Wert haben vertrauensw\u00fcrdige Daten? - Save\",\"isPartOf\":{\"@id\":\"https:\\\/\\\/news.save.ch\\\/de\\\/#website\"},\"primaryImageOfPage\":{\"@id\":\"https:\\\/\\\/news.save.ch\\\/diskussion-am-wef-welchen-wert-haben-vertrauenswuerdige-daten\\\/#primaryimage\"},\"image\":{\"@id\":\"https:\\\/\\\/news.save.ch\\\/diskussion-am-wef-welchen-wert-haben-vertrauenswuerdige-daten\\\/#primaryimage\"},\"thumbnailUrl\":\"https:\\\/\\\/news.save.ch\\\/wp-content\\\/uploads\\\/2025\\\/01\\\/Depositphotos_332586832_S.jpg\",\"datePublished\":\"2025-01-22T10:37:10+00:00\",\"description\":\"WEF in Davos: PanellistInnen diskutierten \u00fcber die Frage wie zuverl\u00e4ssige Daten besser zug\u00e4nglich und nutzbar gemacht werden k\u00f6nnen.\",\"breadcrumb\":{\"@id\":\"https:\\\/\\\/news.save.ch\\\/diskussion-am-wef-welchen-wert-haben-vertrauenswuerdige-daten\\\/#breadcrumb\"},\"inLanguage\":\"de\",\"potentialAction\":[{\"@type\":\"ReadAction\",\"target\":[\"https:\\\/\\\/news.save.ch\\\/diskussion-am-wef-welchen-wert-haben-vertrauenswuerdige-daten\\\/\"]}]},{\"@type\":\"ImageObject\",\"inLanguage\":\"de\",\"@id\":\"https:\\\/\\\/news.save.ch\\\/diskussion-am-wef-welchen-wert-haben-vertrauenswuerdige-daten\\\/#primaryimage\",\"url\":\"https:\\\/\\\/news.save.ch\\\/wp-content\\\/uploads\\\/2025\\\/01\\\/Depositphotos_332586832_S.jpg\",\"contentUrl\":\"https:\\\/\\\/news.save.ch\\\/wp-content\\\/uploads\\\/2025\\\/01\\\/Depositphotos_332586832_S.jpg\"},{\"@type\":\"BreadcrumbList\",\"@id\":\"https:\\\/\\\/news.save.ch\\\/diskussion-am-wef-welchen-wert-haben-vertrauenswuerdige-daten\\\/#breadcrumb\",\"itemListElement\":[{\"@type\":\"ListItem\",\"position\":1,\"name\":\"Home\",\"item\":\"https:\\\/\\\/news.save.ch\\\/de\\\/\"},{\"@type\":\"ListItem\",\"position\":2,\"name\":\"Diskussion am WEF: Welchen Wert haben vertrauensw\u00fcrdige Daten?\"}]},{\"@type\":\"WebSite\",\"@id\":\"https:\\\/\\\/news.save.ch\\\/de\\\/#website\",\"url\":\"https:\\\/\\\/news.save.ch\\\/de\\\/\",\"name\":\"Save\",\"description\":\"Schweizer Fachzeitschrift f\u00fcr Sicherheit\",\"publisher\":{\"@id\":\"https:\\\/\\\/news.save.ch\\\/de\\\/#organization\"},\"potentialAction\":[{\"@type\":\"SearchAction\",\"target\":{\"@type\":\"EntryPoint\",\"urlTemplate\":\"https:\\\/\\\/news.save.ch\\\/de\\\/?s={search_term_string}\"},\"query-input\":{\"@type\":\"PropertyValueSpecification\",\"valueRequired\":true,\"valueName\":\"search_term_string\"}}],\"inLanguage\":\"de\"},{\"@type\":\"Organization\",\"@id\":\"https:\\\/\\\/news.save.ch\\\/de\\\/#organization\",\"name\":\"Sicherheitsforum\",\"url\":\"https:\\\/\\\/news.save.ch\\\/de\\\/\",\"logo\":{\"@type\":\"ImageObject\",\"inLanguage\":\"de\",\"@id\":\"https:\\\/\\\/news.save.ch\\\/de\\\/#\\\/schema\\\/logo\\\/image\\\/\",\"url\":\"https:\\\/\\\/news.save.ch\\\/wp-content\\\/uploads\\\/2022\\\/06\\\/Logo_SF_2012.png\",\"contentUrl\":\"https:\\\/\\\/news.save.ch\\\/wp-content\\\/uploads\\\/2022\\\/06\\\/Logo_SF_2012.png\",\"width\":1100,\"height\":91,\"caption\":\"Sicherheitsforum\"},\"image\":{\"@id\":\"https:\\\/\\\/news.save.ch\\\/de\\\/#\\\/schema\\\/logo\\\/image\\\/\"}},{\"@type\":\"Person\",\"@id\":\"https:\\\/\\\/news.save.ch\\\/de\\\/#\\\/schema\\\/person\\\/10917387362b3961e882740f6cf6f2a2\",\"name\":\"stefanie Zeng\",\"image\":{\"@type\":\"ImageObject\",\"inLanguage\":\"de\",\"@id\":\"https:\\\/\\\/secure.gravatar.com\\\/avatar\\\/eac43faa6e40bb2c41068c95c9d78bbd94c476d5efdff7abaab80bb3ea681e06?s=96&d=mm&r=g\",\"url\":\"https:\\\/\\\/secure.gravatar.com\\\/avatar\\\/eac43faa6e40bb2c41068c95c9d78bbd94c476d5efdff7abaab80bb3ea681e06?s=96&d=mm&r=g\",\"contentUrl\":\"https:\\\/\\\/secure.gravatar.com\\\/avatar\\\/eac43faa6e40bb2c41068c95c9d78bbd94c476d5efdff7abaab80bb3ea681e06?s=96&d=mm&r=g\",\"caption\":\"stefanie Zeng\"},\"url\":\"https:\\\/\\\/news.save.ch\\\/de\\\/author\\\/stefanie-zeng\\\/\"}]}<\/script>\n<!-- \/ Yoast SEO plugin. -->","yoast_head_json":{"title":"Diskussion am WEF: Welchen Wert haben vertrauensw\u00fcrdige Daten? - Save","description":"WEF in Davos: PanellistInnen diskutierten \u00fcber die Frage wie zuverl\u00e4ssige Daten besser zug\u00e4nglich und nutzbar gemacht werden k\u00f6nnen.","robots":{"index":"index","follow":"follow","max-snippet":"max-snippet:-1","max-image-preview":"max-image-preview:large","max-video-preview":"max-video-preview:-1"},"canonical":"https:\/\/news.save.ch\/de\/diskussion-am-wef-welchen-wert-haben-vertrauenswuerdige-daten\/","og_locale":"de_DE","og_type":"article","og_title":"Diskussion am WEF: Welchen Wert haben vertrauensw\u00fcrdige Daten? - Save","og_description":"WEF in Davos: PanellistInnen diskutierten \u00fcber die Frage wie zuverl\u00e4ssige Daten besser zug\u00e4nglich und nutzbar gemacht werden k\u00f6nnen.","og_url":"https:\/\/news.save.ch\/de\/diskussion-am-wef-welchen-wert-haben-vertrauenswuerdige-daten\/","og_site_name":"Save","article_published_time":"2025-01-22T10:37:10+00:00","og_image":[{"width":1000,"height":819,"url":"https:\/\/news.save.ch\/wp-content\/uploads\/2025\/01\/Depositphotos_332586832_S.jpg","type":"image\/jpeg"}],"author":"stefanie Zeng","twitter_card":"summary_large_image","twitter_misc":{"Geschrieben von":"stefanie Zeng","Gesch\u00e4tzte Lesezeit":"2\u00a0Minuten"},"schema":{"@context":"https:\/\/schema.org","@graph":[{"@type":"Article","@id":"https:\/\/news.save.ch\/diskussion-am-wef-welchen-wert-haben-vertrauenswuerdige-daten\/#article","isPartOf":{"@id":"https:\/\/news.save.ch\/diskussion-am-wef-welchen-wert-haben-vertrauenswuerdige-daten\/"},"author":{"name":"stefanie Zeng","@id":"https:\/\/news.save.ch\/de\/#\/schema\/person\/10917387362b3961e882740f6cf6f2a2"},"headline":"Diskussion am WEF: Welchen Wert haben vertrauensw\u00fcrdige Daten?","datePublished":"2025-01-22T10:37:10+00:00","mainEntityOfPage":{"@id":"https:\/\/news.save.ch\/diskussion-am-wef-welchen-wert-haben-vertrauenswuerdige-daten\/"},"wordCount":359,"publisher":{"@id":"https:\/\/news.save.ch\/de\/#organization"},"image":{"@id":"https:\/\/news.save.ch\/diskussion-am-wef-welchen-wert-haben-vertrauenswuerdige-daten\/#primaryimage"},"thumbnailUrl":"https:\/\/news.save.ch\/wp-content\/uploads\/2025\/01\/Depositphotos_332586832_S.jpg","keywords":["Daten","WEF"],"articleSection":["DIGITALISIERUNG"],"inLanguage":"de"},{"@type":"WebPage","@id":"https:\/\/news.save.ch\/diskussion-am-wef-welchen-wert-haben-vertrauenswuerdige-daten\/","url":"https:\/\/news.save.ch\/diskussion-am-wef-welchen-wert-haben-vertrauenswuerdige-daten\/","name":"Diskussion am WEF: Welchen Wert haben vertrauensw\u00fcrdige Daten? - Save","isPartOf":{"@id":"https:\/\/news.save.ch\/de\/#website"},"primaryImageOfPage":{"@id":"https:\/\/news.save.ch\/diskussion-am-wef-welchen-wert-haben-vertrauenswuerdige-daten\/#primaryimage"},"image":{"@id":"https:\/\/news.save.ch\/diskussion-am-wef-welchen-wert-haben-vertrauenswuerdige-daten\/#primaryimage"},"thumbnailUrl":"https:\/\/news.save.ch\/wp-content\/uploads\/2025\/01\/Depositphotos_332586832_S.jpg","datePublished":"2025-01-22T10:37:10+00:00","description":"WEF in Davos: PanellistInnen diskutierten \u00fcber die Frage wie zuverl\u00e4ssige Daten besser zug\u00e4nglich und nutzbar gemacht werden k\u00f6nnen.","breadcrumb":{"@id":"https:\/\/news.save.ch\/diskussion-am-wef-welchen-wert-haben-vertrauenswuerdige-daten\/#breadcrumb"},"inLanguage":"de","potentialAction":[{"@type":"ReadAction","target":["https:\/\/news.save.ch\/diskussion-am-wef-welchen-wert-haben-vertrauenswuerdige-daten\/"]}]},{"@type":"ImageObject","inLanguage":"de","@id":"https:\/\/news.save.ch\/diskussion-am-wef-welchen-wert-haben-vertrauenswuerdige-daten\/#primaryimage","url":"https:\/\/news.save.ch\/wp-content\/uploads\/2025\/01\/Depositphotos_332586832_S.jpg","contentUrl":"https:\/\/news.save.ch\/wp-content\/uploads\/2025\/01\/Depositphotos_332586832_S.jpg"},{"@type":"BreadcrumbList","@id":"https:\/\/news.save.ch\/diskussion-am-wef-welchen-wert-haben-vertrauenswuerdige-daten\/#breadcrumb","itemListElement":[{"@type":"ListItem","position":1,"name":"Home","item":"https:\/\/news.save.ch\/de\/"},{"@type":"ListItem","position":2,"name":"Diskussion am WEF: Welchen Wert haben vertrauensw\u00fcrdige Daten?"}]},{"@type":"WebSite","@id":"https:\/\/news.save.ch\/de\/#website","url":"https:\/\/news.save.ch\/de\/","name":"Save","description":"Schweizer Fachzeitschrift f\u00fcr Sicherheit","publisher":{"@id":"https:\/\/news.save.ch\/de\/#organization"},"potentialAction":[{"@type":"SearchAction","target":{"@type":"EntryPoint","urlTemplate":"https:\/\/news.save.ch\/de\/?s={search_term_string}"},"query-input":{"@type":"PropertyValueSpecification","valueRequired":true,"valueName":"search_term_string"}}],"inLanguage":"de"},{"@type":"Organization","@id":"https:\/\/news.save.ch\/de\/#organization","name":"Sicherheitsforum","url":"https:\/\/news.save.ch\/de\/","logo":{"@type":"ImageObject","inLanguage":"de","@id":"https:\/\/news.save.ch\/de\/#\/schema\/logo\/image\/","url":"https:\/\/news.save.ch\/wp-content\/uploads\/2022\/06\/Logo_SF_2012.png","contentUrl":"https:\/\/news.save.ch\/wp-content\/uploads\/2022\/06\/Logo_SF_2012.png","width":1100,"height":91,"caption":"Sicherheitsforum"},"image":{"@id":"https:\/\/news.save.ch\/de\/#\/schema\/logo\/image\/"}},{"@type":"Person","@id":"https:\/\/news.save.ch\/de\/#\/schema\/person\/10917387362b3961e882740f6cf6f2a2","name":"stefanie Zeng","image":{"@type":"ImageObject","inLanguage":"de","@id":"https:\/\/secure.gravatar.com\/avatar\/eac43faa6e40bb2c41068c95c9d78bbd94c476d5efdff7abaab80bb3ea681e06?s=96&d=mm&r=g","url":"https:\/\/secure.gravatar.com\/avatar\/eac43faa6e40bb2c41068c95c9d78bbd94c476d5efdff7abaab80bb3ea681e06?s=96&d=mm&r=g","contentUrl":"https:\/\/secure.gravatar.com\/avatar\/eac43faa6e40bb2c41068c95c9d78bbd94c476d5efdff7abaab80bb3ea681e06?s=96&d=mm&r=g","caption":"stefanie Zeng"},"url":"https:\/\/news.save.ch\/de\/author\/stefanie-zeng\/"}]}},"_links":{"self":[{"href":"https:\/\/news.save.ch\/de\/wp-json\/wp\/v2\/posts\/23926","targetHints":{"allow":["GET"]}}],"collection":[{"href":"https:\/\/news.save.ch\/de\/wp-json\/wp\/v2\/posts"}],"about":[{"href":"https:\/\/news.save.ch\/de\/wp-json\/wp\/v2\/types\/post"}],"author":[{"embeddable":true,"href":"https:\/\/news.save.ch\/de\/wp-json\/wp\/v2\/users\/31"}],"replies":[{"embeddable":true,"href":"https:\/\/news.save.ch\/de\/wp-json\/wp\/v2\/comments?post=23926"}],"version-history":[{"count":2,"href":"https:\/\/news.save.ch\/de\/wp-json\/wp\/v2\/posts\/23926\/revisions"}],"predecessor-version":[{"id":23929,"href":"https:\/\/news.save.ch\/de\/wp-json\/wp\/v2\/posts\/23926\/revisions\/23929"}],"wp:attachment":[{"href":"https:\/\/news.save.ch\/de\/wp-json\/wp\/v2\/media?parent=23926"}],"wp:term":[{"taxonomy":"category","embeddable":true,"href":"https:\/\/news.save.ch\/de\/wp-json\/wp\/v2\/categories?post=23926"},{"taxonomy":"post_tag","embeddable":true,"href":"https:\/\/news.save.ch\/de\/wp-json\/wp\/v2\/tags?post=23926"}],"curies":[{"name":"wp","href":"https:\/\/api.w.org\/{rel}","templated":true}]}}