{"id":2398,"date":"2017-11-19T10:54:09","date_gmt":"2017-11-19T09:54:09","guid":{"rendered":"https:\/\/news.save.ch\/?p=2398"},"modified":"2023-03-14T09:04:19","modified_gmt":"2023-03-14T08:04:19","slug":"rueckruf-der-steckdosenleisten-allocacoc-powercube-extended-usb","status":null,"type":"post","link":"https:\/\/news.save.ch\/de\/rueckruf-der-steckdosenleisten-allocacoc-powercube-extended-usb\/","title":{"rendered":"R\u00fcckruf der Steckdosenw\u00fcrfel \u00abAllocacoc Powercube Extended (USB)\u00bb"},"content":{"rendered":"<figure id=\"attachment_2399\" aria-describedby=\"caption-attachment-2399\" style=\"width: 680px\" class=\"wp-caption alignnone\"><img loading=\"lazy\" decoding=\"async\" class=\"size-medium wp-image-2399\" src=\"http:\/\/develop.safety-plus.ch\/wp-content\/uploads\/2017\/11\/50269.png\" alt=\"\" width=\"680\" height=\"680\" \/><figcaption id=\"caption-attachment-2399\" class=\"wp-caption-text\">Die Steckdosenw\u00fcrfel \u00abAllocacoc Powercube Extended (USB)\u00bb m\u00fcssen wegen Stromschlaggefahr ausgesteckt und zur\u00fcckgesendet werden. \u00a9 Allocacoc\/M. Sch\u00f6nenberger<\/figcaption><\/figure>\n<p>Die betroffenen Produkte d\u00fcrfen nicht mehr verwendet werden und werden kostenlos ausgetauscht. Welche Gefahr geht von den betroffenen Produkten aus? Die betroffenen Steckdosenw\u00fcrfel weisen sicherheitstechnische M\u00e4ngel auf. Es besteht die <a href=\"https:\/\/news.save.ch\/jaehrlich-drei-todesfaelle-durch-stromschlaege-zu-hause\/\" target=\"_blank\" rel=\"noopener\">Gefahr eines Stromschlags<\/a>.<\/p>\n<p><strong>Welche Produkte sind betroffen?<\/strong><\/p>\n<p>Vom Produktr\u00fcckruf betroffen sind die Steckdosenw\u00fcrfel \u00abPower Cube Extended\u00bb und \u00abPower Cube Extended USB\u00bb, die vor dem 11. Oktober 2017 erworben wurden (siehe Foto).<\/p>\n<p><strong>Was sollen betroffene Konsumentinnen und Konsumenten tun?<\/strong><\/p>\n<p>Die betroffenen Steckdosenw\u00fcrfel d\u00fcrfen nicht mehr verwendet werden. Die angeschlossenen Ger\u00e4te m\u00fcssen ausgesteckt werden.<strong>\u00a0<\/strong>Betroffene Kunden sind gebeten, sich telefonisch oder per E-Mail an den Kundendienst der M. Sch\u00f6nenberger AG zu wenden, damit der Austauschprozess eingeleitet werden kann. Die nicht-konformen Steckdosenw\u00fcrfel werden kostenlos ersetzt. Auch allf\u00e4llige Portokosten werden r\u00fcckerstattet.<\/p>\n<p><strong>Adresse f\u00fcr R\u00fcckfragen: <\/strong>Betroffene Konsumenten und Konsumentinnen sind gebeten, mit dem Kundendienst der M. Sch\u00f6nenberger AG Kontakt aufzunehmen: Telefon: 056 481 81 41, E-Mail: kundendienst@msch-ag.ch<\/p>\n<p><strong>Herausgeber:<br \/>\n<\/strong><a href=\"http:\/\/www.konsum.admin.ch\" target=\"_blank\" rel=\"noopener\">Eidgen\u00f6ssisches B\u00fcro f\u00fcr Konsumentenfragen<\/a><br \/>\n<a href=\"http:\/\/www.esti.admin.ch\" target=\"_blank\" rel=\"noopener\">Eidgen\u00f6ssisches Starkstrominspektorat ESTI<\/a><\/p>\n","protected":false},"excerpt":{"rendered":"<p>Die betroffenen Produkte d\u00fcrfen nicht mehr verwendet werden und werden kostenlos ausgetauscht. Welche Gefahr geht von den betroffenen Produkten aus? Die betroffenen Steckdosenw\u00fcrfel weisen sicherheitstechnische M\u00e4ngel auf. Es besteht die Gefahr eines Stromschlags. Welche Produkte sind betroffen? Vom Produktr\u00fcckruf betroffen sind die Steckdosenw\u00fcrfel \u00abPower Cube Extended\u00bb und \u00abPower Cube Extended USB\u00bb, die vor dem 11. [&hellip;]<\/p>\n","protected":false},"author":1,"featured_media":16234,"comment_status":"open","ping_status":"open","sticky":false,"template":"","format":"standard","meta":{"_acf_changed":false,"pgc_sgb_lightbox_settings":"","footnotes":""},"categories":[3314],"tags":[172,120,149,175],"class_list":["post-2398","post","type-post","status-publish","format-standard","has-post-thumbnail","hentry","category-health-safety","tag-arbeitssicherheit","tag-bundesamt","tag-gesundheitsschutz","tag-nichtberufsunfaelle"],"acf":[],"hkrextid":null,"publication":null,"issue":null,"workflow":null,"startPage":null,"spitzmarke":null,"_posts_by_tag_page_fields":{"widget_title":"","widget_tags":""},"_at_widget":"1","_yoast_wpseo_primary_category":"2","_yoast_wpseo_focuskw_text_input":"Steckdosenw\u00fcrfel","_yoast_wpseo_opengraph-image":null,"_yoast_wpseo_opengraph-description":null,"_yoast_wpseo_opengraph-title":null,"enclosure":null,"_yoast_wpseo_twitter-title":null,"_yoast_wpseo_twitter-description":null,"_yoast_wpseo_twitter-image":null,"_wp_old_slug":null,"_yoast_wpseo_title":null,"_yoast_wpseo_canonical":null,"yoast_head":"<!-- This site is optimized with the Yoast SEO plugin v27.5 - https:\/\/yoast.com\/product\/yoast-seo-wordpress\/ -->\n<title>R\u00fcckruf der Steckdosenw\u00fcrfel \u00abAllocacoc Powercube Extended (USB)\u00bb - Save<\/title>\n<meta name=\"description\" content=\"R\u00fcckruf der Steckdosenw\u00fcrfel \u00abAllocacoc Powercube Extended (USB)\u00bb von M. Sch\u00f6nenberger AG wegen Stromschlaggefahr.\" \/>\n<meta name=\"robots\" content=\"index, follow, max-snippet:-1, max-image-preview:large, max-video-preview:-1\" \/>\n<link rel=\"canonical\" href=\"https:\/\/news.save.ch\/de\/rueckruf-der-steckdosenleisten-allocacoc-powercube-extended-usb\/\" \/>\n<meta property=\"og:locale\" content=\"de_DE\" \/>\n<meta property=\"og:type\" content=\"article\" \/>\n<meta property=\"og:title\" content=\"R\u00fcckruf der Steckdosenw\u00fcrfel \u00abAllocacoc Powercube Extended (USB)\u00bb - Save\" \/>\n<meta property=\"og:description\" content=\"R\u00fcckruf der Steckdosenw\u00fcrfel \u00abAllocacoc Powercube Extended (USB)\u00bb von M. Sch\u00f6nenberger AG wegen Stromschlaggefahr.\" \/>\n<meta property=\"og:url\" content=\"https:\/\/news.save.ch\/de\/rueckruf-der-steckdosenleisten-allocacoc-powercube-extended-usb\/\" \/>\n<meta property=\"og:site_name\" content=\"Save\" \/>\n<meta property=\"article:published_time\" content=\"2017-11-19T09:54:09+00:00\" \/>\n<meta property=\"article:modified_time\" content=\"2023-03-14T08:04:19+00:00\" \/>\n<meta property=\"og:image\" content=\"https:\/\/news.save.ch\/wp-content\/uploads\/2017\/11\/50269.png\" \/>\n\t<meta property=\"og:image:width\" content=\"1200\" \/>\n\t<meta property=\"og:image:height\" content=\"1200\" \/>\n\t<meta property=\"og:image:type\" content=\"image\/png\" \/>\n<meta name=\"author\" content=\"admin\" \/>\n<meta name=\"twitter:card\" content=\"summary_large_image\" \/>\n<meta name=\"twitter:label1\" content=\"Geschrieben von\" \/>\n\t<meta name=\"twitter:data1\" content=\"admin\" \/>\n\t<meta name=\"twitter:label2\" content=\"Gesch\u00e4tzte Lesezeit\" \/>\n\t<meta name=\"twitter:data2\" content=\"1\u00a0Minute\" \/>\n<script type=\"application\/ld+json\" class=\"yoast-schema-graph\">{\"@context\":\"https:\\\/\\\/schema.org\",\"@graph\":[{\"@type\":\"Article\",\"@id\":\"https:\\\/\\\/news.save.ch\\\/rueckruf-der-steckdosenleisten-allocacoc-powercube-extended-usb\\\/#article\",\"isPartOf\":{\"@id\":\"https:\\\/\\\/news.save.ch\\\/rueckruf-der-steckdosenleisten-allocacoc-powercube-extended-usb\\\/\"},\"author\":{\"name\":\"admin\",\"@id\":\"https:\\\/\\\/news.save.ch\\\/de\\\/#\\\/schema\\\/person\\\/d49e199490bad7c70d64b9ab51142f2b\"},\"headline\":\"R\u00fcckruf der Steckdosenw\u00fcrfel \u00abAllocacoc Powercube Extended (USB)\u00bb\",\"datePublished\":\"2017-11-19T09:54:09+00:00\",\"dateModified\":\"2023-03-14T08:04:19+00:00\",\"mainEntityOfPage\":{\"@id\":\"https:\\\/\\\/news.save.ch\\\/rueckruf-der-steckdosenleisten-allocacoc-powercube-extended-usb\\\/\"},\"wordCount\":202,\"commentCount\":0,\"publisher\":{\"@id\":\"https:\\\/\\\/news.save.ch\\\/de\\\/#organization\"},\"image\":{\"@id\":\"https:\\\/\\\/news.save.ch\\\/rueckruf-der-steckdosenleisten-allocacoc-powercube-extended-usb\\\/#primaryimage\"},\"thumbnailUrl\":\"https:\\\/\\\/news.save.ch\\\/wp-content\\\/uploads\\\/2017\\\/11\\\/50269.png\",\"keywords\":[\"Arbeitssicherheit\",\"Bundesamt\",\"Gesundheitsschutz\",\"Nichtberufsunf\u00e4lle\"],\"articleSection\":[\"HEALTH &amp; SAFETY\"],\"inLanguage\":\"de\"},{\"@type\":\"WebPage\",\"@id\":\"https:\\\/\\\/news.save.ch\\\/rueckruf-der-steckdosenleisten-allocacoc-powercube-extended-usb\\\/\",\"url\":\"https:\\\/\\\/news.save.ch\\\/rueckruf-der-steckdosenleisten-allocacoc-powercube-extended-usb\\\/\",\"name\":\"R\u00fcckruf der Steckdosenw\u00fcrfel \u00abAllocacoc Powercube Extended (USB)\u00bb - Save\",\"isPartOf\":{\"@id\":\"https:\\\/\\\/news.save.ch\\\/de\\\/#website\"},\"primaryImageOfPage\":{\"@id\":\"https:\\\/\\\/news.save.ch\\\/rueckruf-der-steckdosenleisten-allocacoc-powercube-extended-usb\\\/#primaryimage\"},\"image\":{\"@id\":\"https:\\\/\\\/news.save.ch\\\/rueckruf-der-steckdosenleisten-allocacoc-powercube-extended-usb\\\/#primaryimage\"},\"thumbnailUrl\":\"https:\\\/\\\/news.save.ch\\\/wp-content\\\/uploads\\\/2017\\\/11\\\/50269.png\",\"datePublished\":\"2017-11-19T09:54:09+00:00\",\"dateModified\":\"2023-03-14T08:04:19+00:00\",\"description\":\"R\u00fcckruf der Steckdosenw\u00fcrfel \u00abAllocacoc Powercube Extended (USB)\u00bb von M. Sch\u00f6nenberger AG wegen Stromschlaggefahr.\",\"breadcrumb\":{\"@id\":\"https:\\\/\\\/news.save.ch\\\/rueckruf-der-steckdosenleisten-allocacoc-powercube-extended-usb\\\/#breadcrumb\"},\"inLanguage\":\"de\",\"potentialAction\":[{\"@type\":\"ReadAction\",\"target\":[\"https:\\\/\\\/news.save.ch\\\/rueckruf-der-steckdosenleisten-allocacoc-powercube-extended-usb\\\/\"]}]},{\"@type\":\"ImageObject\",\"inLanguage\":\"de\",\"@id\":\"https:\\\/\\\/news.save.ch\\\/rueckruf-der-steckdosenleisten-allocacoc-powercube-extended-usb\\\/#primaryimage\",\"url\":\"https:\\\/\\\/news.save.ch\\\/wp-content\\\/uploads\\\/2017\\\/11\\\/50269.png\",\"contentUrl\":\"https:\\\/\\\/news.save.ch\\\/wp-content\\\/uploads\\\/2017\\\/11\\\/50269.png\",\"width\":1200,\"height\":1200,\"caption\":\"Die Steckdosenleisten \u00abAllocacoc Powercube Extended (USB)\u00bb m\u00fcssen wegen Stromschlaggefahr ausgesteckt und zur\u00fcckgesendet werden. \u00a9 Allocacoc\\\/M. Sch\u00f6nenberger\"},{\"@type\":\"BreadcrumbList\",\"@id\":\"https:\\\/\\\/news.save.ch\\\/rueckruf-der-steckdosenleisten-allocacoc-powercube-extended-usb\\\/#breadcrumb\",\"itemListElement\":[{\"@type\":\"ListItem\",\"position\":1,\"name\":\"Home\",\"item\":\"https:\\\/\\\/news.save.ch\\\/de\\\/\"},{\"@type\":\"ListItem\",\"position\":2,\"name\":\"R\u00fcckruf der Steckdosenw\u00fcrfel \u00abAllocacoc Powercube Extended (USB)\u00bb\"}]},{\"@type\":\"WebSite\",\"@id\":\"https:\\\/\\\/news.save.ch\\\/de\\\/#website\",\"url\":\"https:\\\/\\\/news.save.ch\\\/de\\\/\",\"name\":\"Save\",\"description\":\"Schweizer Fachzeitschrift f\u00fcr Sicherheit\",\"publisher\":{\"@id\":\"https:\\\/\\\/news.save.ch\\\/de\\\/#organization\"},\"potentialAction\":[{\"@type\":\"SearchAction\",\"target\":{\"@type\":\"EntryPoint\",\"urlTemplate\":\"https:\\\/\\\/news.save.ch\\\/de\\\/?s={search_term_string}\"},\"query-input\":{\"@type\":\"PropertyValueSpecification\",\"valueRequired\":true,\"valueName\":\"search_term_string\"}}],\"inLanguage\":\"de\"},{\"@type\":\"Organization\",\"@id\":\"https:\\\/\\\/news.save.ch\\\/de\\\/#organization\",\"name\":\"Sicherheitsforum\",\"url\":\"https:\\\/\\\/news.save.ch\\\/de\\\/\",\"logo\":{\"@type\":\"ImageObject\",\"inLanguage\":\"de\",\"@id\":\"https:\\\/\\\/news.save.ch\\\/de\\\/#\\\/schema\\\/logo\\\/image\\\/\",\"url\":\"https:\\\/\\\/news.save.ch\\\/wp-content\\\/uploads\\\/2022\\\/06\\\/Logo_SF_2012.png\",\"contentUrl\":\"https:\\\/\\\/news.save.ch\\\/wp-content\\\/uploads\\\/2022\\\/06\\\/Logo_SF_2012.png\",\"width\":1100,\"height\":91,\"caption\":\"Sicherheitsforum\"},\"image\":{\"@id\":\"https:\\\/\\\/news.save.ch\\\/de\\\/#\\\/schema\\\/logo\\\/image\\\/\"}},{\"@type\":\"Person\",\"@id\":\"https:\\\/\\\/news.save.ch\\\/de\\\/#\\\/schema\\\/person\\\/d49e199490bad7c70d64b9ab51142f2b\",\"name\":\"admin\",\"image\":{\"@type\":\"ImageObject\",\"inLanguage\":\"de\",\"@id\":\"https:\\\/\\\/secure.gravatar.com\\\/avatar\\\/ae2f4d718e6c49043e314ce431e7e645d646302a24a5ef5a8bc8e3f5a032e319?s=96&d=mm&r=g\",\"url\":\"https:\\\/\\\/secure.gravatar.com\\\/avatar\\\/ae2f4d718e6c49043e314ce431e7e645d646302a24a5ef5a8bc8e3f5a032e319?s=96&d=mm&r=g\",\"contentUrl\":\"https:\\\/\\\/secure.gravatar.com\\\/avatar\\\/ae2f4d718e6c49043e314ce431e7e645d646302a24a5ef5a8bc8e3f5a032e319?s=96&d=mm&r=g\",\"caption\":\"admin\"},\"sameAs\":[\"https:\\\/\\\/develop.organisator.galledia.ch\"],\"url\":\"https:\\\/\\\/news.save.ch\\\/de\\\/author\\\/admin\\\/\"}]}<\/script>\n<!-- \/ Yoast SEO plugin. -->","yoast_head_json":{"title":"R\u00fcckruf der Steckdosenw\u00fcrfel \u00abAllocacoc Powercube Extended (USB)\u00bb - Save","description":"R\u00fcckruf der Steckdosenw\u00fcrfel \u00abAllocacoc Powercube Extended (USB)\u00bb von M. Sch\u00f6nenberger AG wegen Stromschlaggefahr.","robots":{"index":"index","follow":"follow","max-snippet":"max-snippet:-1","max-image-preview":"max-image-preview:large","max-video-preview":"max-video-preview:-1"},"canonical":"https:\/\/news.save.ch\/de\/rueckruf-der-steckdosenleisten-allocacoc-powercube-extended-usb\/","og_locale":"de_DE","og_type":"article","og_title":"R\u00fcckruf der Steckdosenw\u00fcrfel \u00abAllocacoc Powercube Extended (USB)\u00bb - Save","og_description":"R\u00fcckruf der Steckdosenw\u00fcrfel \u00abAllocacoc Powercube Extended (USB)\u00bb von M. Sch\u00f6nenberger AG wegen Stromschlaggefahr.","og_url":"https:\/\/news.save.ch\/de\/rueckruf-der-steckdosenleisten-allocacoc-powercube-extended-usb\/","og_site_name":"Save","article_published_time":"2017-11-19T09:54:09+00:00","article_modified_time":"2023-03-14T08:04:19+00:00","og_image":[{"width":1200,"height":1200,"url":"https:\/\/news.save.ch\/wp-content\/uploads\/2017\/11\/50269.png","type":"image\/png"}],"author":"admin","twitter_card":"summary_large_image","twitter_misc":{"Geschrieben von":"admin","Gesch\u00e4tzte Lesezeit":"1\u00a0Minute"},"schema":{"@context":"https:\/\/schema.org","@graph":[{"@type":"Article","@id":"https:\/\/news.save.ch\/rueckruf-der-steckdosenleisten-allocacoc-powercube-extended-usb\/#article","isPartOf":{"@id":"https:\/\/news.save.ch\/rueckruf-der-steckdosenleisten-allocacoc-powercube-extended-usb\/"},"author":{"name":"admin","@id":"https:\/\/news.save.ch\/de\/#\/schema\/person\/d49e199490bad7c70d64b9ab51142f2b"},"headline":"R\u00fcckruf der Steckdosenw\u00fcrfel \u00abAllocacoc Powercube Extended (USB)\u00bb","datePublished":"2017-11-19T09:54:09+00:00","dateModified":"2023-03-14T08:04:19+00:00","mainEntityOfPage":{"@id":"https:\/\/news.save.ch\/rueckruf-der-steckdosenleisten-allocacoc-powercube-extended-usb\/"},"wordCount":202,"commentCount":0,"publisher":{"@id":"https:\/\/news.save.ch\/de\/#organization"},"image":{"@id":"https:\/\/news.save.ch\/rueckruf-der-steckdosenleisten-allocacoc-powercube-extended-usb\/#primaryimage"},"thumbnailUrl":"https:\/\/news.save.ch\/wp-content\/uploads\/2017\/11\/50269.png","keywords":["Arbeitssicherheit","Bundesamt","Gesundheitsschutz","Nichtberufsunf\u00e4lle"],"articleSection":["HEALTH &amp; SAFETY"],"inLanguage":"de"},{"@type":"WebPage","@id":"https:\/\/news.save.ch\/rueckruf-der-steckdosenleisten-allocacoc-powercube-extended-usb\/","url":"https:\/\/news.save.ch\/rueckruf-der-steckdosenleisten-allocacoc-powercube-extended-usb\/","name":"R\u00fcckruf der Steckdosenw\u00fcrfel \u00abAllocacoc Powercube Extended (USB)\u00bb - Save","isPartOf":{"@id":"https:\/\/news.save.ch\/de\/#website"},"primaryImageOfPage":{"@id":"https:\/\/news.save.ch\/rueckruf-der-steckdosenleisten-allocacoc-powercube-extended-usb\/#primaryimage"},"image":{"@id":"https:\/\/news.save.ch\/rueckruf-der-steckdosenleisten-allocacoc-powercube-extended-usb\/#primaryimage"},"thumbnailUrl":"https:\/\/news.save.ch\/wp-content\/uploads\/2017\/11\/50269.png","datePublished":"2017-11-19T09:54:09+00:00","dateModified":"2023-03-14T08:04:19+00:00","description":"R\u00fcckruf der Steckdosenw\u00fcrfel \u00abAllocacoc Powercube Extended (USB)\u00bb von M. Sch\u00f6nenberger AG wegen Stromschlaggefahr.","breadcrumb":{"@id":"https:\/\/news.save.ch\/rueckruf-der-steckdosenleisten-allocacoc-powercube-extended-usb\/#breadcrumb"},"inLanguage":"de","potentialAction":[{"@type":"ReadAction","target":["https:\/\/news.save.ch\/rueckruf-der-steckdosenleisten-allocacoc-powercube-extended-usb\/"]}]},{"@type":"ImageObject","inLanguage":"de","@id":"https:\/\/news.save.ch\/rueckruf-der-steckdosenleisten-allocacoc-powercube-extended-usb\/#primaryimage","url":"https:\/\/news.save.ch\/wp-content\/uploads\/2017\/11\/50269.png","contentUrl":"https:\/\/news.save.ch\/wp-content\/uploads\/2017\/11\/50269.png","width":1200,"height":1200,"caption":"Die Steckdosenleisten \u00abAllocacoc Powercube Extended (USB)\u00bb m\u00fcssen wegen Stromschlaggefahr ausgesteckt und zur\u00fcckgesendet werden. \u00a9 Allocacoc\/M. Sch\u00f6nenberger"},{"@type":"BreadcrumbList","@id":"https:\/\/news.save.ch\/rueckruf-der-steckdosenleisten-allocacoc-powercube-extended-usb\/#breadcrumb","itemListElement":[{"@type":"ListItem","position":1,"name":"Home","item":"https:\/\/news.save.ch\/de\/"},{"@type":"ListItem","position":2,"name":"R\u00fcckruf der Steckdosenw\u00fcrfel \u00abAllocacoc Powercube Extended (USB)\u00bb"}]},{"@type":"WebSite","@id":"https:\/\/news.save.ch\/de\/#website","url":"https:\/\/news.save.ch\/de\/","name":"Save","description":"Schweizer Fachzeitschrift f\u00fcr Sicherheit","publisher":{"@id":"https:\/\/news.save.ch\/de\/#organization"},"potentialAction":[{"@type":"SearchAction","target":{"@type":"EntryPoint","urlTemplate":"https:\/\/news.save.ch\/de\/?s={search_term_string}"},"query-input":{"@type":"PropertyValueSpecification","valueRequired":true,"valueName":"search_term_string"}}],"inLanguage":"de"},{"@type":"Organization","@id":"https:\/\/news.save.ch\/de\/#organization","name":"Sicherheitsforum","url":"https:\/\/news.save.ch\/de\/","logo":{"@type":"ImageObject","inLanguage":"de","@id":"https:\/\/news.save.ch\/de\/#\/schema\/logo\/image\/","url":"https:\/\/news.save.ch\/wp-content\/uploads\/2022\/06\/Logo_SF_2012.png","contentUrl":"https:\/\/news.save.ch\/wp-content\/uploads\/2022\/06\/Logo_SF_2012.png","width":1100,"height":91,"caption":"Sicherheitsforum"},"image":{"@id":"https:\/\/news.save.ch\/de\/#\/schema\/logo\/image\/"}},{"@type":"Person","@id":"https:\/\/news.save.ch\/de\/#\/schema\/person\/d49e199490bad7c70d64b9ab51142f2b","name":"admin","image":{"@type":"ImageObject","inLanguage":"de","@id":"https:\/\/secure.gravatar.com\/avatar\/ae2f4d718e6c49043e314ce431e7e645d646302a24a5ef5a8bc8e3f5a032e319?s=96&d=mm&r=g","url":"https:\/\/secure.gravatar.com\/avatar\/ae2f4d718e6c49043e314ce431e7e645d646302a24a5ef5a8bc8e3f5a032e319?s=96&d=mm&r=g","contentUrl":"https:\/\/secure.gravatar.com\/avatar\/ae2f4d718e6c49043e314ce431e7e645d646302a24a5ef5a8bc8e3f5a032e319?s=96&d=mm&r=g","caption":"admin"},"sameAs":["https:\/\/develop.organisator.galledia.ch"],"url":"https:\/\/news.save.ch\/de\/author\/admin\/"}]}},"_links":{"self":[{"href":"https:\/\/news.save.ch\/de\/wp-json\/wp\/v2\/posts\/2398","targetHints":{"allow":["GET"]}}],"collection":[{"href":"https:\/\/news.save.ch\/de\/wp-json\/wp\/v2\/posts"}],"about":[{"href":"https:\/\/news.save.ch\/de\/wp-json\/wp\/v2\/types\/post"}],"author":[{"embeddable":true,"href":"https:\/\/news.save.ch\/de\/wp-json\/wp\/v2\/users\/1"}],"replies":[{"embeddable":true,"href":"https:\/\/news.save.ch\/de\/wp-json\/wp\/v2\/comments?post=2398"}],"version-history":[{"count":1,"href":"https:\/\/news.save.ch\/de\/wp-json\/wp\/v2\/posts\/2398\/revisions"}],"predecessor-version":[{"id":18331,"href":"https:\/\/news.save.ch\/de\/wp-json\/wp\/v2\/posts\/2398\/revisions\/18331"}],"wp:featuredmedia":[{"embeddable":true,"href":"https:\/\/news.save.ch\/de\/wp-json\/wp\/v2\/media\/16234"}],"wp:attachment":[{"href":"https:\/\/news.save.ch\/de\/wp-json\/wp\/v2\/media?parent=2398"}],"wp:term":[{"taxonomy":"category","embeddable":true,"href":"https:\/\/news.save.ch\/de\/wp-json\/wp\/v2\/categories?post=2398"},{"taxonomy":"post_tag","embeddable":true,"href":"https:\/\/news.save.ch\/de\/wp-json\/wp\/v2\/tags?post=2398"}],"curies":[{"name":"wp","href":"https:\/\/api.w.org\/{rel}","templated":true}]}}