{"id":23983,"date":"2025-02-04T14:01:35","date_gmt":"2025-02-04T13:01:35","guid":{"rendered":"https:\/\/news.save.ch\/?p=23983"},"modified":"2025-02-04T14:01:35","modified_gmt":"2025-02-04T13:01:35","slug":"sirenen-und-alertswiss-werden-am-5-februar-2025-getestet","status":null,"type":"post","link":"https:\/\/news.save.ch\/de\/sirenen-und-alertswiss-werden-am-5-februar-2025-getestet\/","title":{"rendered":"Sirenen und Alertswiss werden am 5. Februar 2025 getestet"},"content":{"rendered":"<figure id=\"attachment_23773\" aria-describedby=\"caption-attachment-23773\" style=\"width: 1200px\" class=\"wp-caption alignnone\"><a href=\"https:\/\/news.save.ch\/alarmierung-der-bevoelkerung-bundesrat-baut-digitale-kanaele-aus\/bildschirmfoto-2024-11-27-um-12-29-52\/\" rel=\"attachment wp-att-23773\"><img loading=\"lazy\" decoding=\"async\" class=\"size-full wp-image-23773\" src=\"https:\/\/news.save.ch\/wp-content\/uploads\/2024\/11\/Bildschirmfoto-2024-11-27-um-12.29.52.png\" alt=\"\" width=\"1200\" height=\"645\" srcset=\"https:\/\/news.save.ch\/wp-content\/uploads\/2024\/11\/Bildschirmfoto-2024-11-27-um-12.29.52.png 1200w, https:\/\/news.save.ch\/wp-content\/uploads\/2024\/11\/Bildschirmfoto-2024-11-27-um-12.29.52-680x366.png 680w, https:\/\/news.save.ch\/wp-content\/uploads\/2024\/11\/Bildschirmfoto-2024-11-27-um-12.29.52-1024x551.png 1024w, https:\/\/news.save.ch\/wp-content\/uploads\/2024\/11\/Bildschirmfoto-2024-11-27-um-12.29.52-768x413.png 768w, https:\/\/news.save.ch\/wp-content\/uploads\/2024\/11\/Bildschirmfoto-2024-11-27-um-12.29.52-1536x826.png 1536w, https:\/\/news.save.ch\/wp-content\/uploads\/2024\/11\/Bildschirmfoto-2024-11-27-um-12.29.52-2048x1101.png 2048w, https:\/\/news.save.ch\/wp-content\/uploads\/2024\/11\/Bildschirmfoto-2024-11-27-um-12.29.52-18x10.png 18w, https:\/\/news.save.ch\/wp-content\/uploads\/2024\/11\/Bildschirmfoto-2024-11-27-um-12.29.52-375x202.png 375w, https:\/\/news.save.ch\/wp-content\/uploads\/2024\/11\/Bildschirmfoto-2024-11-27-um-12.29.52-651x350.png 651w, https:\/\/news.save.ch\/wp-content\/uploads\/2024\/11\/Bildschirmfoto-2024-11-27-um-12.29.52-1000x538.png 1000w\" sizes=\"auto, (max-width: 1200px) 100vw, 1200px\" \/><\/a><figcaption id=\"caption-attachment-23773\" class=\"wp-caption-text\">Screenshot: www.alert.swiss (27.11.24)<\/figcaption><\/figure>\n<p>Jeweils am ersten Mittwoch des Monats Februar wird in der ganzen Schweiz die Funktionsbereitschaft der Sirenen getestet. Die Bev\u00f6lkerung muss keine Massnahmen ergreifen.<\/p>\n<p>2025 wird der Sirenentest am 5. Februar durchgef\u00fchrt. Der Sirenentest findet statt zwischen 13.30 und 16:30 Uhr.<\/p>\n<p>Ausgel\u00f6st wird \u00fcber die Sirenen um 13.30 Uhr das Zeichen Allgemeiner Alarm, ein regelm\u00e4ssiger auf- und absteigender Heulton von einer Minute Dauer. Wenn n\u00f6tig, kann der Sirenentest bis 14.00 Uhr ausgedehnt werden.<\/p>\n<p>In den Nahzonen unterhalb von Stauanlagen wird ab 14.00 Uhr bis sp\u00e4testens 16.30 Uhr der Wasseralarm getestet. Das Signal besteht aus zw\u00f6lf tiefen Dauert\u00f6nen von je 20 Sekunden in Abst\u00e4nden von je 10 Sekunden.<\/p>\n<h3>Meldung via Alertswiss-App<\/h3>\n<p>Parallel zur Ausl\u00f6sung des Allgemeinen Sirenenalarms wird am 5. Februar 2025 von jedem Kanton und dem F\u00fcrstentum Liechtenstein eine Meldung der Stufe Information via Alertswiss-App ausgel\u00f6st. Mit diesem Vorgehen wird das Ausliefern einer sehr grossen Zahl von Push-Meldungen gepr\u00fcft; gleichzeitig soll die Informationsmeldung sicherstellen, dass der Sirenentest nicht f\u00fcr einen echten Alarm gehalten wird.<\/p>\n<p>Die Meldung der Stufe Information l\u00f6st<i>\u00a0keinen<\/i>\u00a0Sirenenton auf dem Smartphone aus. Das Ausl\u00f6sen des Alarmtons auf dem Mobiltelefon ist echten Alarmen vorbehalten.<\/p>\n<h3>Was gilt bei einem echten Sirenenalarm?<\/h3>\n<p>Wenn der Allgemeine Alarm ausserhalb eines angek\u00fcndigten Sirenentests ert\u00f6nt, bedeutet dies, dass eine Gef\u00e4hrdung der Bev\u00f6lkerung besteht. In diesem Fall ist die Bev\u00f6lkerung aufgefordert, sich \u00fcber die Alertswiss-App oder -Website (www.alert.swiss) zu informieren oder Radio zu h\u00f6ren, die Anweisungen der Beh\u00f6rden zu befolgen und die Nachbarn zu informieren.<\/p>\n<p>Der Wasseralarm bedeutet, dass eine unmittelbare Gef\u00e4hrdung unterhalb einer Stauanlage besteht. In diesem Fall ist die Bev\u00f6lkerung aufgefordert, das gef\u00e4hrdete Gebiet sofort zu verlassen.<\/p>\n<p>Weitere Hinweise und Verhaltensempfehlungen finden sich auf der Website des BABS, auf der Alertswiss-Website sowie im Teletext der SRG-Sender, Seiten 680 und 681.<\/p>\n<p>Die Alertswiss-App gibt es kostenlos f\u00fcr Android- und f\u00fcr iOS-Systeme. Sie ist downloadbar im Google Play Store und im App Store von Apple.<\/p>\n<h3>Pers\u00f6nliche Vorsorge \u00fcberpr\u00fcfen<\/h3>\n<p>Das BABS empfiehlt der Bev\u00f6lkerung, den Sirenentest zum Anlass zu nehmen, die pers\u00f6nliche Vorsorge zu \u00fcberpr\u00fcfen. Einfache Vorsorgemassnahmen sind:<\/p>\n<p>\u2022\u00a0\u00a0\u00a0 Das Installieren der Alertswiss App auf allen eigenen Mobilger\u00e4ten, damit man im Ereignisfall relevante Beh\u00f6rdenmeldungen empfangen kann.<\/p>\n<p>\u2022\u00a0\u00a0\u00a0 Das Ausf\u00fcllen oder Pr\u00fcfen eines Notfallplans f\u00fcr sich selber und\/oder die Familie (Notfallplan verf\u00fcgbar auf der Alertswiss Website oder App).<\/p>\n<p>\u2022\u00a0\u00a0\u00a0 Das Anlegen oder \u00dcberpr\u00fcfen des eigenen Notvorrats, etwa mit dem Notvorratsrechner des BWL (www.notvorratsrechner.bwl.admin.ch) und der dazugeh\u00f6renden Brosch\u00fcre, die ab Mitte Februar in \u00fcberarbeiteter Form im BBL-Shop erh\u00e4ltlich sein wird.<\/p>\n<p>\u2022\u00a0\u00a0\u00a0 F\u00fcr Personen, die in einem Radius von 50 km um die Kernkraftwerke wohnen (Gebiet unter www.jodtabletten.ch abrufbar): \u00dcberpr\u00fcfen, ob die von den Beh\u00f6rden letztmals im Herbst 2023 abgegebenen Jodtabletten weiterhin im Haushalt vorhanden sind. Bei Verlust wenden sie sich an die Gesch\u00e4ftsstelle Jodtabletten: office@jdmt.ch.<br \/>\nF\u00fcr Personen, die ausserhalb eines Radius von 50 km um die Kernkraftwerke wohnen, werden die Jodtabletten durch die Kantone gelagert und im Notfall abgegeben.<\/p>\n<h3>Neuer Sirenentest-Spot<\/h3>\n<p>2025 wird f\u00fcr die Vorabinformation zum Sirenentest erstmals ein neuer Fernsehspot eingesetzt. Die SRG und private TV-Anbieter sind gesetzlich verpflichtet, den entsprechenden Spot im Vorfeld des Tests mehrmals auszustrahlen. Der neue Spot ersetzt den \u00abSirenenschaf\u00bb-Spot und wurde bereits im Januar der \u00d6ffentlichkeit vorgestellt.<\/p>\n<p><em>Quelle: BABS<\/em><\/p>\n","protected":false},"excerpt":{"rendered":"<p>Jeweils am ersten Mittwoch des Monats Februar wird in der ganzen Schweiz die Funktionsbereitschaft der Sirenen getestet. Die Bev\u00f6lkerung muss keine Massnahmen ergreifen. 2025 wird der Sirenentest am 5. Februar durchgef\u00fchrt. Der Sirenentest findet statt zwischen 13.30 und 16:30 Uhr. Ausgel\u00f6st wird \u00fcber die Sirenen um 13.30 Uhr das Zeichen Allgemeiner Alarm, ein regelm\u00e4ssiger auf- [&hellip;]<\/p>\n","protected":false},"author":31,"featured_media":23773,"comment_status":"closed","ping_status":"closed","sticky":false,"template":"","format":"standard","meta":{"_acf_changed":false,"pgc_sgb_lightbox_settings":"","footnotes":""},"categories":[3312],"tags":[663,3744,74,6563,75],"class_list":["post-23983","post","type-post","status-publish","format-standard","has-post-thumbnail","hentry","category-sicherheit","tag-alertswiss","tag-alertswiss-kanaele","tag-sirenen","tag-sirenenalarm","tag-sirenentest"],"acf":[],"hkrextid":null,"publication":null,"issue":null,"workflow":null,"startPage":null,"spitzmarke":null,"_posts_by_tag_page_fields":null,"_at_widget":null,"_yoast_wpseo_primary_category":"3312","_yoast_wpseo_focuskw_text_input":null,"_yoast_wpseo_opengraph-image":null,"_yoast_wpseo_opengraph-description":null,"_yoast_wpseo_opengraph-title":null,"enclosure":null,"_yoast_wpseo_twitter-title":null,"_yoast_wpseo_twitter-description":null,"_yoast_wpseo_twitter-image":null,"_wp_old_slug":null,"_yoast_wpseo_title":null,"_yoast_wpseo_canonical":null,"yoast_head":"<!-- This site is optimized with the Yoast SEO plugin v27.4 - https:\/\/yoast.com\/product\/yoast-seo-wordpress\/ -->\n<title>Sirenen und Alertswiss werden am 5. Februar 2025 getestet - Save<\/title>\n<meta name=\"description\" content=\"Rund 5000 Sirenen werden periodisch \u00fcberpr\u00fcft, damit sie zuverl\u00e4ssig alarmieren. Zum Test geh\u00f6ren auch Meldungen via die Alertswiss-App.\" \/>\n<meta name=\"robots\" content=\"index, follow, max-snippet:-1, max-image-preview:large, max-video-preview:-1\" \/>\n<link rel=\"canonical\" href=\"https:\/\/news.save.ch\/de\/sirenen-und-alertswiss-werden-am-5-februar-2025-getestet\/\" \/>\n<meta property=\"og:locale\" content=\"de_DE\" \/>\n<meta property=\"og:type\" content=\"article\" \/>\n<meta property=\"og:title\" content=\"Sirenen und Alertswiss werden am 5. Februar 2025 getestet - Save\" \/>\n<meta property=\"og:description\" content=\"Rund 5000 Sirenen werden periodisch \u00fcberpr\u00fcft, damit sie zuverl\u00e4ssig alarmieren. Zum Test geh\u00f6ren auch Meldungen via die Alertswiss-App.\" \/>\n<meta property=\"og:url\" content=\"https:\/\/news.save.ch\/de\/sirenen-und-alertswiss-werden-am-5-februar-2025-getestet\/\" \/>\n<meta property=\"og:site_name\" content=\"Save\" \/>\n<meta property=\"article:published_time\" content=\"2025-02-04T13:01:35+00:00\" \/>\n<meta property=\"og:image\" content=\"https:\/\/news.save.ch\/wp-content\/uploads\/2024\/11\/Bildschirmfoto-2024-11-27-um-12.29.52.png\" \/>\n\t<meta property=\"og:image:width\" content=\"1200\" \/>\n\t<meta property=\"og:image:height\" content=\"645\" \/>\n\t<meta property=\"og:image:type\" content=\"image\/png\" \/>\n<meta name=\"author\" content=\"stefanie Zeng\" \/>\n<meta name=\"twitter:card\" content=\"summary_large_image\" \/>\n<meta name=\"twitter:label1\" content=\"Geschrieben von\" \/>\n\t<meta name=\"twitter:data1\" content=\"stefanie Zeng\" \/>\n\t<meta name=\"twitter:label2\" content=\"Gesch\u00e4tzte Lesezeit\" \/>\n\t<meta name=\"twitter:data2\" content=\"4\u00a0Minuten\" \/>\n<script type=\"application\/ld+json\" class=\"yoast-schema-graph\">{\"@context\":\"https:\\\/\\\/schema.org\",\"@graph\":[{\"@type\":\"Article\",\"@id\":\"https:\\\/\\\/news.save.ch\\\/sirenen-und-alertswiss-werden-am-5-februar-2025-getestet\\\/#article\",\"isPartOf\":{\"@id\":\"https:\\\/\\\/news.save.ch\\\/sirenen-und-alertswiss-werden-am-5-februar-2025-getestet\\\/\"},\"author\":{\"name\":\"stefanie Zeng\",\"@id\":\"https:\\\/\\\/news.save.ch\\\/de\\\/#\\\/schema\\\/person\\\/10917387362b3961e882740f6cf6f2a2\"},\"headline\":\"Sirenen und Alertswiss werden am 5. Februar 2025 getestet\",\"datePublished\":\"2025-02-04T13:01:35+00:00\",\"mainEntityOfPage\":{\"@id\":\"https:\\\/\\\/news.save.ch\\\/sirenen-und-alertswiss-werden-am-5-februar-2025-getestet\\\/\"},\"wordCount\":575,\"publisher\":{\"@id\":\"https:\\\/\\\/news.save.ch\\\/de\\\/#organization\"},\"image\":{\"@id\":\"https:\\\/\\\/news.save.ch\\\/sirenen-und-alertswiss-werden-am-5-februar-2025-getestet\\\/#primaryimage\"},\"thumbnailUrl\":\"https:\\\/\\\/news.save.ch\\\/wp-content\\\/uploads\\\/2024\\\/11\\\/Bildschirmfoto-2024-11-27-um-12.29.52.png\",\"keywords\":[\"Alertswiss\",\"Alertswiss-Kan\u00e4le\",\"Sirenen\",\"Sirenenalarm\",\"Sirenentest\"],\"articleSection\":[\"SICHERHEIT\"],\"inLanguage\":\"de\"},{\"@type\":\"WebPage\",\"@id\":\"https:\\\/\\\/news.save.ch\\\/sirenen-und-alertswiss-werden-am-5-februar-2025-getestet\\\/\",\"url\":\"https:\\\/\\\/news.save.ch\\\/sirenen-und-alertswiss-werden-am-5-februar-2025-getestet\\\/\",\"name\":\"Sirenen und Alertswiss werden am 5. Februar 2025 getestet - Save\",\"isPartOf\":{\"@id\":\"https:\\\/\\\/news.save.ch\\\/de\\\/#website\"},\"primaryImageOfPage\":{\"@id\":\"https:\\\/\\\/news.save.ch\\\/sirenen-und-alertswiss-werden-am-5-februar-2025-getestet\\\/#primaryimage\"},\"image\":{\"@id\":\"https:\\\/\\\/news.save.ch\\\/sirenen-und-alertswiss-werden-am-5-februar-2025-getestet\\\/#primaryimage\"},\"thumbnailUrl\":\"https:\\\/\\\/news.save.ch\\\/wp-content\\\/uploads\\\/2024\\\/11\\\/Bildschirmfoto-2024-11-27-um-12.29.52.png\",\"datePublished\":\"2025-02-04T13:01:35+00:00\",\"description\":\"Rund 5000 Sirenen werden periodisch \u00fcberpr\u00fcft, damit sie zuverl\u00e4ssig alarmieren. Zum Test geh\u00f6ren auch Meldungen via die Alertswiss-App.\",\"breadcrumb\":{\"@id\":\"https:\\\/\\\/news.save.ch\\\/sirenen-und-alertswiss-werden-am-5-februar-2025-getestet\\\/#breadcrumb\"},\"inLanguage\":\"de\",\"potentialAction\":[{\"@type\":\"ReadAction\",\"target\":[\"https:\\\/\\\/news.save.ch\\\/sirenen-und-alertswiss-werden-am-5-februar-2025-getestet\\\/\"]}]},{\"@type\":\"ImageObject\",\"inLanguage\":\"de\",\"@id\":\"https:\\\/\\\/news.save.ch\\\/sirenen-und-alertswiss-werden-am-5-februar-2025-getestet\\\/#primaryimage\",\"url\":\"https:\\\/\\\/news.save.ch\\\/wp-content\\\/uploads\\\/2024\\\/11\\\/Bildschirmfoto-2024-11-27-um-12.29.52.png\",\"contentUrl\":\"https:\\\/\\\/news.save.ch\\\/wp-content\\\/uploads\\\/2024\\\/11\\\/Bildschirmfoto-2024-11-27-um-12.29.52.png\",\"width\":1200,\"height\":645,\"caption\":\"Screenshot: www.alert.swiss (27.11.24)\"},{\"@type\":\"BreadcrumbList\",\"@id\":\"https:\\\/\\\/news.save.ch\\\/sirenen-und-alertswiss-werden-am-5-februar-2025-getestet\\\/#breadcrumb\",\"itemListElement\":[{\"@type\":\"ListItem\",\"position\":1,\"name\":\"Home\",\"item\":\"https:\\\/\\\/news.save.ch\\\/de\\\/\"},{\"@type\":\"ListItem\",\"position\":2,\"name\":\"Sirenen und Alertswiss werden am 5. Februar 2025 getestet\"}]},{\"@type\":\"WebSite\",\"@id\":\"https:\\\/\\\/news.save.ch\\\/de\\\/#website\",\"url\":\"https:\\\/\\\/news.save.ch\\\/de\\\/\",\"name\":\"Save\",\"description\":\"Schweizer Fachzeitschrift f\u00fcr Sicherheit\",\"publisher\":{\"@id\":\"https:\\\/\\\/news.save.ch\\\/de\\\/#organization\"},\"potentialAction\":[{\"@type\":\"SearchAction\",\"target\":{\"@type\":\"EntryPoint\",\"urlTemplate\":\"https:\\\/\\\/news.save.ch\\\/de\\\/?s={search_term_string}\"},\"query-input\":{\"@type\":\"PropertyValueSpecification\",\"valueRequired\":true,\"valueName\":\"search_term_string\"}}],\"inLanguage\":\"de\"},{\"@type\":\"Organization\",\"@id\":\"https:\\\/\\\/news.save.ch\\\/de\\\/#organization\",\"name\":\"Sicherheitsforum\",\"url\":\"https:\\\/\\\/news.save.ch\\\/de\\\/\",\"logo\":{\"@type\":\"ImageObject\",\"inLanguage\":\"de\",\"@id\":\"https:\\\/\\\/news.save.ch\\\/de\\\/#\\\/schema\\\/logo\\\/image\\\/\",\"url\":\"https:\\\/\\\/news.save.ch\\\/wp-content\\\/uploads\\\/2022\\\/06\\\/Logo_SF_2012.png\",\"contentUrl\":\"https:\\\/\\\/news.save.ch\\\/wp-content\\\/uploads\\\/2022\\\/06\\\/Logo_SF_2012.png\",\"width\":1100,\"height\":91,\"caption\":\"Sicherheitsforum\"},\"image\":{\"@id\":\"https:\\\/\\\/news.save.ch\\\/de\\\/#\\\/schema\\\/logo\\\/image\\\/\"}},{\"@type\":\"Person\",\"@id\":\"https:\\\/\\\/news.save.ch\\\/de\\\/#\\\/schema\\\/person\\\/10917387362b3961e882740f6cf6f2a2\",\"name\":\"stefanie Zeng\",\"image\":{\"@type\":\"ImageObject\",\"inLanguage\":\"de\",\"@id\":\"https:\\\/\\\/secure.gravatar.com\\\/avatar\\\/eac43faa6e40bb2c41068c95c9d78bbd94c476d5efdff7abaab80bb3ea681e06?s=96&d=mm&r=g\",\"url\":\"https:\\\/\\\/secure.gravatar.com\\\/avatar\\\/eac43faa6e40bb2c41068c95c9d78bbd94c476d5efdff7abaab80bb3ea681e06?s=96&d=mm&r=g\",\"contentUrl\":\"https:\\\/\\\/secure.gravatar.com\\\/avatar\\\/eac43faa6e40bb2c41068c95c9d78bbd94c476d5efdff7abaab80bb3ea681e06?s=96&d=mm&r=g\",\"caption\":\"stefanie Zeng\"},\"url\":\"https:\\\/\\\/news.save.ch\\\/de\\\/author\\\/stefanie-zeng\\\/\"}]}<\/script>\n<!-- \/ Yoast SEO plugin. -->","yoast_head_json":{"title":"Sirenen und Alertswiss werden am 5. Februar 2025 getestet - Save","description":"Rund 5000 Sirenen werden periodisch \u00fcberpr\u00fcft, damit sie zuverl\u00e4ssig alarmieren. Zum Test geh\u00f6ren auch Meldungen via die Alertswiss-App.","robots":{"index":"index","follow":"follow","max-snippet":"max-snippet:-1","max-image-preview":"max-image-preview:large","max-video-preview":"max-video-preview:-1"},"canonical":"https:\/\/news.save.ch\/de\/sirenen-und-alertswiss-werden-am-5-februar-2025-getestet\/","og_locale":"de_DE","og_type":"article","og_title":"Sirenen und Alertswiss werden am 5. Februar 2025 getestet - Save","og_description":"Rund 5000 Sirenen werden periodisch \u00fcberpr\u00fcft, damit sie zuverl\u00e4ssig alarmieren. Zum Test geh\u00f6ren auch Meldungen via die Alertswiss-App.","og_url":"https:\/\/news.save.ch\/de\/sirenen-und-alertswiss-werden-am-5-februar-2025-getestet\/","og_site_name":"Save","article_published_time":"2025-02-04T13:01:35+00:00","og_image":[{"width":1200,"height":645,"url":"https:\/\/news.save.ch\/wp-content\/uploads\/2024\/11\/Bildschirmfoto-2024-11-27-um-12.29.52.png","type":"image\/png"}],"author":"stefanie Zeng","twitter_card":"summary_large_image","twitter_misc":{"Geschrieben von":"stefanie Zeng","Gesch\u00e4tzte Lesezeit":"4\u00a0Minuten"},"schema":{"@context":"https:\/\/schema.org","@graph":[{"@type":"Article","@id":"https:\/\/news.save.ch\/sirenen-und-alertswiss-werden-am-5-februar-2025-getestet\/#article","isPartOf":{"@id":"https:\/\/news.save.ch\/sirenen-und-alertswiss-werden-am-5-februar-2025-getestet\/"},"author":{"name":"stefanie Zeng","@id":"https:\/\/news.save.ch\/de\/#\/schema\/person\/10917387362b3961e882740f6cf6f2a2"},"headline":"Sirenen und Alertswiss werden am 5. Februar 2025 getestet","datePublished":"2025-02-04T13:01:35+00:00","mainEntityOfPage":{"@id":"https:\/\/news.save.ch\/sirenen-und-alertswiss-werden-am-5-februar-2025-getestet\/"},"wordCount":575,"publisher":{"@id":"https:\/\/news.save.ch\/de\/#organization"},"image":{"@id":"https:\/\/news.save.ch\/sirenen-und-alertswiss-werden-am-5-februar-2025-getestet\/#primaryimage"},"thumbnailUrl":"https:\/\/news.save.ch\/wp-content\/uploads\/2024\/11\/Bildschirmfoto-2024-11-27-um-12.29.52.png","keywords":["Alertswiss","Alertswiss-Kan\u00e4le","Sirenen","Sirenenalarm","Sirenentest"],"articleSection":["SICHERHEIT"],"inLanguage":"de"},{"@type":"WebPage","@id":"https:\/\/news.save.ch\/sirenen-und-alertswiss-werden-am-5-februar-2025-getestet\/","url":"https:\/\/news.save.ch\/sirenen-und-alertswiss-werden-am-5-februar-2025-getestet\/","name":"Sirenen und Alertswiss werden am 5. Februar 2025 getestet - Save","isPartOf":{"@id":"https:\/\/news.save.ch\/de\/#website"},"primaryImageOfPage":{"@id":"https:\/\/news.save.ch\/sirenen-und-alertswiss-werden-am-5-februar-2025-getestet\/#primaryimage"},"image":{"@id":"https:\/\/news.save.ch\/sirenen-und-alertswiss-werden-am-5-februar-2025-getestet\/#primaryimage"},"thumbnailUrl":"https:\/\/news.save.ch\/wp-content\/uploads\/2024\/11\/Bildschirmfoto-2024-11-27-um-12.29.52.png","datePublished":"2025-02-04T13:01:35+00:00","description":"Rund 5000 Sirenen werden periodisch \u00fcberpr\u00fcft, damit sie zuverl\u00e4ssig alarmieren. Zum Test geh\u00f6ren auch Meldungen via die Alertswiss-App.","breadcrumb":{"@id":"https:\/\/news.save.ch\/sirenen-und-alertswiss-werden-am-5-februar-2025-getestet\/#breadcrumb"},"inLanguage":"de","potentialAction":[{"@type":"ReadAction","target":["https:\/\/news.save.ch\/sirenen-und-alertswiss-werden-am-5-februar-2025-getestet\/"]}]},{"@type":"ImageObject","inLanguage":"de","@id":"https:\/\/news.save.ch\/sirenen-und-alertswiss-werden-am-5-februar-2025-getestet\/#primaryimage","url":"https:\/\/news.save.ch\/wp-content\/uploads\/2024\/11\/Bildschirmfoto-2024-11-27-um-12.29.52.png","contentUrl":"https:\/\/news.save.ch\/wp-content\/uploads\/2024\/11\/Bildschirmfoto-2024-11-27-um-12.29.52.png","width":1200,"height":645,"caption":"Screenshot: www.alert.swiss (27.11.24)"},{"@type":"BreadcrumbList","@id":"https:\/\/news.save.ch\/sirenen-und-alertswiss-werden-am-5-februar-2025-getestet\/#breadcrumb","itemListElement":[{"@type":"ListItem","position":1,"name":"Home","item":"https:\/\/news.save.ch\/de\/"},{"@type":"ListItem","position":2,"name":"Sirenen und Alertswiss werden am 5. Februar 2025 getestet"}]},{"@type":"WebSite","@id":"https:\/\/news.save.ch\/de\/#website","url":"https:\/\/news.save.ch\/de\/","name":"Save","description":"Schweizer Fachzeitschrift f\u00fcr Sicherheit","publisher":{"@id":"https:\/\/news.save.ch\/de\/#organization"},"potentialAction":[{"@type":"SearchAction","target":{"@type":"EntryPoint","urlTemplate":"https:\/\/news.save.ch\/de\/?s={search_term_string}"},"query-input":{"@type":"PropertyValueSpecification","valueRequired":true,"valueName":"search_term_string"}}],"inLanguage":"de"},{"@type":"Organization","@id":"https:\/\/news.save.ch\/de\/#organization","name":"Sicherheitsforum","url":"https:\/\/news.save.ch\/de\/","logo":{"@type":"ImageObject","inLanguage":"de","@id":"https:\/\/news.save.ch\/de\/#\/schema\/logo\/image\/","url":"https:\/\/news.save.ch\/wp-content\/uploads\/2022\/06\/Logo_SF_2012.png","contentUrl":"https:\/\/news.save.ch\/wp-content\/uploads\/2022\/06\/Logo_SF_2012.png","width":1100,"height":91,"caption":"Sicherheitsforum"},"image":{"@id":"https:\/\/news.save.ch\/de\/#\/schema\/logo\/image\/"}},{"@type":"Person","@id":"https:\/\/news.save.ch\/de\/#\/schema\/person\/10917387362b3961e882740f6cf6f2a2","name":"stefanie Zeng","image":{"@type":"ImageObject","inLanguage":"de","@id":"https:\/\/secure.gravatar.com\/avatar\/eac43faa6e40bb2c41068c95c9d78bbd94c476d5efdff7abaab80bb3ea681e06?s=96&d=mm&r=g","url":"https:\/\/secure.gravatar.com\/avatar\/eac43faa6e40bb2c41068c95c9d78bbd94c476d5efdff7abaab80bb3ea681e06?s=96&d=mm&r=g","contentUrl":"https:\/\/secure.gravatar.com\/avatar\/eac43faa6e40bb2c41068c95c9d78bbd94c476d5efdff7abaab80bb3ea681e06?s=96&d=mm&r=g","caption":"stefanie Zeng"},"url":"https:\/\/news.save.ch\/de\/author\/stefanie-zeng\/"}]}},"_links":{"self":[{"href":"https:\/\/news.save.ch\/de\/wp-json\/wp\/v2\/posts\/23983","targetHints":{"allow":["GET"]}}],"collection":[{"href":"https:\/\/news.save.ch\/de\/wp-json\/wp\/v2\/posts"}],"about":[{"href":"https:\/\/news.save.ch\/de\/wp-json\/wp\/v2\/types\/post"}],"author":[{"embeddable":true,"href":"https:\/\/news.save.ch\/de\/wp-json\/wp\/v2\/users\/31"}],"replies":[{"embeddable":true,"href":"https:\/\/news.save.ch\/de\/wp-json\/wp\/v2\/comments?post=23983"}],"version-history":[{"count":1,"href":"https:\/\/news.save.ch\/de\/wp-json\/wp\/v2\/posts\/23983\/revisions"}],"predecessor-version":[{"id":23984,"href":"https:\/\/news.save.ch\/de\/wp-json\/wp\/v2\/posts\/23983\/revisions\/23984"}],"wp:featuredmedia":[{"embeddable":true,"href":"https:\/\/news.save.ch\/de\/wp-json\/wp\/v2\/media\/23773"}],"wp:attachment":[{"href":"https:\/\/news.save.ch\/de\/wp-json\/wp\/v2\/media?parent=23983"}],"wp:term":[{"taxonomy":"category","embeddable":true,"href":"https:\/\/news.save.ch\/de\/wp-json\/wp\/v2\/categories?post=23983"},{"taxonomy":"post_tag","embeddable":true,"href":"https:\/\/news.save.ch\/de\/wp-json\/wp\/v2\/tags?post=23983"}],"curies":[{"name":"wp","href":"https:\/\/api.w.org\/{rel}","templated":true}]}}