{"id":24045,"date":"2025-02-27T07:51:47","date_gmt":"2025-02-27T06:51:47","guid":{"rendered":"https:\/\/news.save.ch\/?p=24045"},"modified":"2025-03-03T07:59:08","modified_gmt":"2025-03-03T06:59:08","slug":"praevention-am-arbeitsplatz-bag-muss-sparen","status":null,"type":"post","link":"https:\/\/news.save.ch\/de\/praevention-am-arbeitsplatz-bag-muss-sparen\/","title":{"rendered":"Pr\u00e4vention am Arbeitsplatz: BAG muss sparen"},"content":{"rendered":"<figure id=\"attachment_24046\" aria-describedby=\"caption-attachment-24046\" style=\"width: 1000px\" class=\"wp-caption alignnone\"><a href=\"https:\/\/news.save.ch\/praevention-am-arbeitsplatz-bag-muss-sparen\/depositphotos_116043206_s\/\" rel=\"attachment wp-att-24046\"><img loading=\"lazy\" decoding=\"async\" class=\"size-full wp-image-24046\" src=\"https:\/\/news.save.ch\/wp-content\/uploads\/2025\/03\/Depositphotos_116043206_S.jpg\" alt=\"\" width=\"1000\" height=\"667\" srcset=\"https:\/\/news.save.ch\/wp-content\/uploads\/2025\/03\/Depositphotos_116043206_S.jpg 1000w, https:\/\/news.save.ch\/wp-content\/uploads\/2025\/03\/Depositphotos_116043206_S-680x454.jpg 680w, https:\/\/news.save.ch\/wp-content\/uploads\/2025\/03\/Depositphotos_116043206_S-768x512.jpg 768w, https:\/\/news.save.ch\/wp-content\/uploads\/2025\/03\/Depositphotos_116043206_S-18x12.jpg 18w, https:\/\/news.save.ch\/wp-content\/uploads\/2025\/03\/Depositphotos_116043206_S-375x250.jpg 375w, https:\/\/news.save.ch\/wp-content\/uploads\/2025\/03\/Depositphotos_116043206_S-525x350.jpg 525w\" sizes=\"auto, (max-width: 1000px) 100vw, 1000px\" \/><\/a><figcaption id=\"caption-attachment-24046\" class=\"wp-caption-text\">Foto: Depositphotos\/grapix<\/figcaption><\/figure>\n<p>Bei der Umsetzung wird darauf geachtet, die Arbeiten und Grundleistungen f\u00fcr strategisch wichtige Bereiche weiter zu erm\u00f6glichen, wie der Digitalisierung, der Kostend\u00e4mpfung und der Versorgungssicherheit, sowie der \u00dcberwachung und Bek\u00e4mpfung \u00fcbertragbarer Krankheiten. Gewisse Aufgaben kann das BAG ab 2026 indes nur noch reduziert wahrnehmen oder muss sie aufgeben.<\/p>\n<p>Bundesrat und Parlament haben in den letzten Monaten verschiedene Sparentscheide gef\u00e4llt, die im Budget des BAG zu direkten K\u00fcrzungen f\u00fchren. Zus\u00e4tzlich laufen dieses Jahr befristete Ressourcen aus, die dem BAG zugesprochen wurden, beispielsweise jene zur Verbesserung der Systeme zur \u00dcberwachung und Bek\u00e4mpfung \u00fcbertragbarer Krankheiten. F\u00fcr deren Weiterf\u00fchrung braucht es eine entsprechende Finanzierung. Dem BAG sind zudem in den letzten Jahren verschiedene neue Aufgaben aufgetragen worden, ohne gleichzeitig die Ressourcen daf\u00fcr zu sprechen, etwa im Zusammenhang mit der Versorgungssicherheit. Die f\u00fcr diese strategisch wichtigen Bereiche n\u00f6tigen Mittel m\u00fcssen daher intern umverteilt werden. Das f\u00fchrt dazu, dass das BAG andere Aufgaben nur noch reduziert wahrnehmen kann oder aufgeben muss.<\/p>\n<p>Um die strategisch wichtigen Bereiche und die dem BAG neu zugewiesenen Aufgaben und Gesetzesvorlagen sowie die Arbeiten zur Umsetzung von Volksinitiativen trotz allem wahrnehmen zu k\u00f6nnen, kommt es somit andernorts zu K\u00fcrzungen. Sie belaufen sich ab 2026 insgesamt auf 11 Millionen Franken pro Jahr. Die K\u00fcrzungen tangieren verschiedene Bereiche, mit denen das BAG bis anhin einen wichtigen Beitrag zur St\u00e4rkung der \u00f6ffentlichen Gesundheit leisten konnte.<\/p>\n<p>Der Aufgabenverzicht betrifft z.B. die Datenbank f\u00fcr Kinderarzneimittel (SwissPedDose), die Weiterf\u00fchrung des Masterplans Biomedizinische Forschung, die Pr\u00e4vention am Arbeitsplatz, die Pr\u00e4vention in der Gesundheitsversorgung sowie die Gesundheitliche Chancengleichheit.<\/p>\n<p>Zu Reduktionen kommt es z.B. im Bereich Strahlenschutz und Chemikalien sowie im Bereich der Kranken- und Unfallversicherung bei der \u00dcberpr\u00fcfung bestehender Leistungen mit dem Health Technology Assessment-Programm (HTA) sowie der \u00dcberpr\u00fcfung von Medikamenten und der Aufnahme neuer Leistungen. Weitere Reduktionen gibt es bei der Umsetzung der nationalen Strategien betreffend Spital- und Pflegeheiminfektionen (NOSO), Impfungen (NSI) sowie sexuell \u00fcbertragbarer Krankheiten (NAPS) inklusive bei der LOVE LIFE-Kampagne.<\/p>\n<p>Der Verzicht auf gewisse Aufgaben f\u00fchrt zu einem Stellenabbau von 19,5 Vollzeit\u00e4quivalent (FTE), was in gewissen F\u00e4llen mit K\u00fcndigungen verbunden ist. Dem BAG ist es entsprechend wichtig, den Stellenabbau m\u00f6glichst sozialvertr\u00e4glich mit einem Sozialplan umzusetzen.<\/p>\n<p>Das Eidgen\u00f6ssische Departement des Innern (EDI) hat den Bundesrat \u00fcber die Umsetzung informiert, das BAG die betroffenen Mitarbeitenden sowie die Sozialpartner.<\/p>\n<p><em>Quelle: BAG<\/em><\/p>\n","protected":false},"excerpt":{"rendered":"<p>Bei der Umsetzung wird darauf geachtet, die Arbeiten und Grundleistungen f\u00fcr strategisch wichtige Bereiche weiter zu erm\u00f6glichen, wie der Digitalisierung, der Kostend\u00e4mpfung und der Versorgungssicherheit, sowie der \u00dcberwachung und Bek\u00e4mpfung \u00fcbertragbarer Krankheiten. Gewisse Aufgaben kann das BAG ab 2026 indes nur noch reduziert wahrnehmen oder muss sie aufgeben. Bundesrat und Parlament haben in den letzten [&hellip;]<\/p>\n","protected":false},"author":31,"featured_media":0,"comment_status":"closed","ping_status":"closed","sticky":false,"template":"","format":"standard","meta":{"_acf_changed":false,"pgc_sgb_lightbox_settings":"","footnotes":""},"categories":[3314],"tags":[700,3977,6569],"class_list":["post-24045","post","type-post","status-publish","format-standard","hentry","category-health-safety","tag-bag","tag-bundesamt-fuer-gesundheit-bag","tag-praevention-am-arbeitsplatz"],"acf":[],"hkrextid":null,"publication":null,"issue":null,"workflow":null,"startPage":null,"spitzmarke":null,"_posts_by_tag_page_fields":null,"_at_widget":null,"_yoast_wpseo_primary_category":"3314","_yoast_wpseo_focuskw_text_input":null,"_yoast_wpseo_opengraph-image":null,"_yoast_wpseo_opengraph-description":null,"_yoast_wpseo_opengraph-title":null,"enclosure":null,"_yoast_wpseo_twitter-title":null,"_yoast_wpseo_twitter-description":null,"_yoast_wpseo_twitter-image":null,"_wp_old_slug":null,"_yoast_wpseo_title":null,"_yoast_wpseo_canonical":null,"yoast_head":"<!-- This site is optimized with the Yoast SEO plugin v27.4 - https:\/\/yoast.com\/product\/yoast-seo-wordpress\/ -->\n<title>Pr\u00e4vention am Arbeitsplatz: BAG muss sparen - Save<\/title>\n<meta name=\"description\" content=\"Das BAG muss Geld sparen und k\u00fcrzt unter anderem bei der Pr\u00e4vention am Arbeitsplatz.\" \/>\n<meta name=\"robots\" content=\"index, follow, max-snippet:-1, max-image-preview:large, max-video-preview:-1\" \/>\n<link rel=\"canonical\" href=\"https:\/\/news.save.ch\/de\/praevention-am-arbeitsplatz-bag-muss-sparen\/\" \/>\n<meta property=\"og:locale\" content=\"de_DE\" \/>\n<meta property=\"og:type\" content=\"article\" \/>\n<meta property=\"og:title\" content=\"Pr\u00e4vention am Arbeitsplatz: BAG muss sparen - Save\" \/>\n<meta property=\"og:description\" content=\"Das BAG muss Geld sparen und k\u00fcrzt unter anderem bei der Pr\u00e4vention am Arbeitsplatz.\" \/>\n<meta property=\"og:url\" content=\"https:\/\/news.save.ch\/de\/praevention-am-arbeitsplatz-bag-muss-sparen\/\" \/>\n<meta property=\"og:site_name\" content=\"Save\" \/>\n<meta property=\"article:published_time\" content=\"2025-02-27T06:51:47+00:00\" \/>\n<meta property=\"article:modified_time\" content=\"2025-03-03T06:59:08+00:00\" \/>\n<meta property=\"og:image\" content=\"https:\/\/news.save.ch\/wp-content\/uploads\/2025\/03\/Depositphotos_116043206_S.jpg\" \/>\n\t<meta property=\"og:image:width\" content=\"1000\" \/>\n\t<meta property=\"og:image:height\" content=\"667\" \/>\n\t<meta property=\"og:image:type\" content=\"image\/jpeg\" \/>\n<meta name=\"author\" content=\"stefanie Zeng\" \/>\n<meta name=\"twitter:card\" content=\"summary_large_image\" \/>\n<meta name=\"twitter:label1\" content=\"Geschrieben von\" \/>\n\t<meta name=\"twitter:data1\" content=\"stefanie Zeng\" \/>\n\t<meta name=\"twitter:label2\" content=\"Gesch\u00e4tzte Lesezeit\" \/>\n\t<meta name=\"twitter:data2\" content=\"3\u00a0Minuten\" \/>\n<script type=\"application\/ld+json\" class=\"yoast-schema-graph\">{\"@context\":\"https:\\\/\\\/schema.org\",\"@graph\":[{\"@type\":\"Article\",\"@id\":\"https:\\\/\\\/news.save.ch\\\/praevention-am-arbeitsplatz-bag-muss-sparen\\\/#article\",\"isPartOf\":{\"@id\":\"https:\\\/\\\/news.save.ch\\\/praevention-am-arbeitsplatz-bag-muss-sparen\\\/\"},\"author\":{\"name\":\"stefanie Zeng\",\"@id\":\"https:\\\/\\\/news.save.ch\\\/de\\\/#\\\/schema\\\/person\\\/10917387362b3961e882740f6cf6f2a2\"},\"headline\":\"Pr\u00e4vention am Arbeitsplatz: BAG muss sparen\",\"datePublished\":\"2025-02-27T06:51:47+00:00\",\"dateModified\":\"2025-03-03T06:59:08+00:00\",\"mainEntityOfPage\":{\"@id\":\"https:\\\/\\\/news.save.ch\\\/praevention-am-arbeitsplatz-bag-muss-sparen\\\/\"},\"wordCount\":419,\"publisher\":{\"@id\":\"https:\\\/\\\/news.save.ch\\\/de\\\/#organization\"},\"image\":{\"@id\":\"https:\\\/\\\/news.save.ch\\\/praevention-am-arbeitsplatz-bag-muss-sparen\\\/#primaryimage\"},\"thumbnailUrl\":\"https:\\\/\\\/news.save.ch\\\/wp-content\\\/uploads\\\/2025\\\/03\\\/Depositphotos_116043206_S.jpg\",\"keywords\":[\"BAG\",\"Bundesamt f\u00fcr Gesundheit (BAG)\",\"Pr\u00e4vention am Arbeitsplatz\"],\"articleSection\":[\"HEALTH &amp; SAFETY\"],\"inLanguage\":\"de\"},{\"@type\":\"WebPage\",\"@id\":\"https:\\\/\\\/news.save.ch\\\/praevention-am-arbeitsplatz-bag-muss-sparen\\\/\",\"url\":\"https:\\\/\\\/news.save.ch\\\/praevention-am-arbeitsplatz-bag-muss-sparen\\\/\",\"name\":\"Pr\u00e4vention am Arbeitsplatz: BAG muss sparen - Save\",\"isPartOf\":{\"@id\":\"https:\\\/\\\/news.save.ch\\\/de\\\/#website\"},\"primaryImageOfPage\":{\"@id\":\"https:\\\/\\\/news.save.ch\\\/praevention-am-arbeitsplatz-bag-muss-sparen\\\/#primaryimage\"},\"image\":{\"@id\":\"https:\\\/\\\/news.save.ch\\\/praevention-am-arbeitsplatz-bag-muss-sparen\\\/#primaryimage\"},\"thumbnailUrl\":\"https:\\\/\\\/news.save.ch\\\/wp-content\\\/uploads\\\/2025\\\/03\\\/Depositphotos_116043206_S.jpg\",\"datePublished\":\"2025-02-27T06:51:47+00:00\",\"dateModified\":\"2025-03-03T06:59:08+00:00\",\"description\":\"Das BAG muss Geld sparen und k\u00fcrzt unter anderem bei der Pr\u00e4vention am Arbeitsplatz.\",\"breadcrumb\":{\"@id\":\"https:\\\/\\\/news.save.ch\\\/praevention-am-arbeitsplatz-bag-muss-sparen\\\/#breadcrumb\"},\"inLanguage\":\"de\",\"potentialAction\":[{\"@type\":\"ReadAction\",\"target\":[\"https:\\\/\\\/news.save.ch\\\/praevention-am-arbeitsplatz-bag-muss-sparen\\\/\"]}]},{\"@type\":\"ImageObject\",\"inLanguage\":\"de\",\"@id\":\"https:\\\/\\\/news.save.ch\\\/praevention-am-arbeitsplatz-bag-muss-sparen\\\/#primaryimage\",\"url\":\"https:\\\/\\\/news.save.ch\\\/wp-content\\\/uploads\\\/2025\\\/03\\\/Depositphotos_116043206_S.jpg\",\"contentUrl\":\"https:\\\/\\\/news.save.ch\\\/wp-content\\\/uploads\\\/2025\\\/03\\\/Depositphotos_116043206_S.jpg\"},{\"@type\":\"BreadcrumbList\",\"@id\":\"https:\\\/\\\/news.save.ch\\\/praevention-am-arbeitsplatz-bag-muss-sparen\\\/#breadcrumb\",\"itemListElement\":[{\"@type\":\"ListItem\",\"position\":1,\"name\":\"Home\",\"item\":\"https:\\\/\\\/news.save.ch\\\/de\\\/\"},{\"@type\":\"ListItem\",\"position\":2,\"name\":\"Pr\u00e4vention am Arbeitsplatz: BAG muss sparen\"}]},{\"@type\":\"WebSite\",\"@id\":\"https:\\\/\\\/news.save.ch\\\/de\\\/#website\",\"url\":\"https:\\\/\\\/news.save.ch\\\/de\\\/\",\"name\":\"Save\",\"description\":\"Schweizer Fachzeitschrift f\u00fcr Sicherheit\",\"publisher\":{\"@id\":\"https:\\\/\\\/news.save.ch\\\/de\\\/#organization\"},\"potentialAction\":[{\"@type\":\"SearchAction\",\"target\":{\"@type\":\"EntryPoint\",\"urlTemplate\":\"https:\\\/\\\/news.save.ch\\\/de\\\/?s={search_term_string}\"},\"query-input\":{\"@type\":\"PropertyValueSpecification\",\"valueRequired\":true,\"valueName\":\"search_term_string\"}}],\"inLanguage\":\"de\"},{\"@type\":\"Organization\",\"@id\":\"https:\\\/\\\/news.save.ch\\\/de\\\/#organization\",\"name\":\"Sicherheitsforum\",\"url\":\"https:\\\/\\\/news.save.ch\\\/de\\\/\",\"logo\":{\"@type\":\"ImageObject\",\"inLanguage\":\"de\",\"@id\":\"https:\\\/\\\/news.save.ch\\\/de\\\/#\\\/schema\\\/logo\\\/image\\\/\",\"url\":\"https:\\\/\\\/news.save.ch\\\/wp-content\\\/uploads\\\/2022\\\/06\\\/Logo_SF_2012.png\",\"contentUrl\":\"https:\\\/\\\/news.save.ch\\\/wp-content\\\/uploads\\\/2022\\\/06\\\/Logo_SF_2012.png\",\"width\":1100,\"height\":91,\"caption\":\"Sicherheitsforum\"},\"image\":{\"@id\":\"https:\\\/\\\/news.save.ch\\\/de\\\/#\\\/schema\\\/logo\\\/image\\\/\"}},{\"@type\":\"Person\",\"@id\":\"https:\\\/\\\/news.save.ch\\\/de\\\/#\\\/schema\\\/person\\\/10917387362b3961e882740f6cf6f2a2\",\"name\":\"stefanie Zeng\",\"image\":{\"@type\":\"ImageObject\",\"inLanguage\":\"de\",\"@id\":\"https:\\\/\\\/secure.gravatar.com\\\/avatar\\\/eac43faa6e40bb2c41068c95c9d78bbd94c476d5efdff7abaab80bb3ea681e06?s=96&d=mm&r=g\",\"url\":\"https:\\\/\\\/secure.gravatar.com\\\/avatar\\\/eac43faa6e40bb2c41068c95c9d78bbd94c476d5efdff7abaab80bb3ea681e06?s=96&d=mm&r=g\",\"contentUrl\":\"https:\\\/\\\/secure.gravatar.com\\\/avatar\\\/eac43faa6e40bb2c41068c95c9d78bbd94c476d5efdff7abaab80bb3ea681e06?s=96&d=mm&r=g\",\"caption\":\"stefanie Zeng\"},\"url\":\"https:\\\/\\\/news.save.ch\\\/de\\\/author\\\/stefanie-zeng\\\/\"}]}<\/script>\n<!-- \/ Yoast SEO plugin. -->","yoast_head_json":{"title":"Pr\u00e4vention am Arbeitsplatz: BAG muss sparen - Save","description":"Das BAG muss Geld sparen und k\u00fcrzt unter anderem bei der Pr\u00e4vention am Arbeitsplatz.","robots":{"index":"index","follow":"follow","max-snippet":"max-snippet:-1","max-image-preview":"max-image-preview:large","max-video-preview":"max-video-preview:-1"},"canonical":"https:\/\/news.save.ch\/de\/praevention-am-arbeitsplatz-bag-muss-sparen\/","og_locale":"de_DE","og_type":"article","og_title":"Pr\u00e4vention am Arbeitsplatz: BAG muss sparen - Save","og_description":"Das BAG muss Geld sparen und k\u00fcrzt unter anderem bei der Pr\u00e4vention am Arbeitsplatz.","og_url":"https:\/\/news.save.ch\/de\/praevention-am-arbeitsplatz-bag-muss-sparen\/","og_site_name":"Save","article_published_time":"2025-02-27T06:51:47+00:00","article_modified_time":"2025-03-03T06:59:08+00:00","og_image":[{"width":1000,"height":667,"url":"https:\/\/news.save.ch\/wp-content\/uploads\/2025\/03\/Depositphotos_116043206_S.jpg","type":"image\/jpeg"}],"author":"stefanie Zeng","twitter_card":"summary_large_image","twitter_misc":{"Geschrieben von":"stefanie Zeng","Gesch\u00e4tzte Lesezeit":"3\u00a0Minuten"},"schema":{"@context":"https:\/\/schema.org","@graph":[{"@type":"Article","@id":"https:\/\/news.save.ch\/praevention-am-arbeitsplatz-bag-muss-sparen\/#article","isPartOf":{"@id":"https:\/\/news.save.ch\/praevention-am-arbeitsplatz-bag-muss-sparen\/"},"author":{"name":"stefanie Zeng","@id":"https:\/\/news.save.ch\/de\/#\/schema\/person\/10917387362b3961e882740f6cf6f2a2"},"headline":"Pr\u00e4vention am Arbeitsplatz: BAG muss sparen","datePublished":"2025-02-27T06:51:47+00:00","dateModified":"2025-03-03T06:59:08+00:00","mainEntityOfPage":{"@id":"https:\/\/news.save.ch\/praevention-am-arbeitsplatz-bag-muss-sparen\/"},"wordCount":419,"publisher":{"@id":"https:\/\/news.save.ch\/de\/#organization"},"image":{"@id":"https:\/\/news.save.ch\/praevention-am-arbeitsplatz-bag-muss-sparen\/#primaryimage"},"thumbnailUrl":"https:\/\/news.save.ch\/wp-content\/uploads\/2025\/03\/Depositphotos_116043206_S.jpg","keywords":["BAG","Bundesamt f\u00fcr Gesundheit (BAG)","Pr\u00e4vention am Arbeitsplatz"],"articleSection":["HEALTH &amp; SAFETY"],"inLanguage":"de"},{"@type":"WebPage","@id":"https:\/\/news.save.ch\/praevention-am-arbeitsplatz-bag-muss-sparen\/","url":"https:\/\/news.save.ch\/praevention-am-arbeitsplatz-bag-muss-sparen\/","name":"Pr\u00e4vention am Arbeitsplatz: BAG muss sparen - Save","isPartOf":{"@id":"https:\/\/news.save.ch\/de\/#website"},"primaryImageOfPage":{"@id":"https:\/\/news.save.ch\/praevention-am-arbeitsplatz-bag-muss-sparen\/#primaryimage"},"image":{"@id":"https:\/\/news.save.ch\/praevention-am-arbeitsplatz-bag-muss-sparen\/#primaryimage"},"thumbnailUrl":"https:\/\/news.save.ch\/wp-content\/uploads\/2025\/03\/Depositphotos_116043206_S.jpg","datePublished":"2025-02-27T06:51:47+00:00","dateModified":"2025-03-03T06:59:08+00:00","description":"Das BAG muss Geld sparen und k\u00fcrzt unter anderem bei der Pr\u00e4vention am Arbeitsplatz.","breadcrumb":{"@id":"https:\/\/news.save.ch\/praevention-am-arbeitsplatz-bag-muss-sparen\/#breadcrumb"},"inLanguage":"de","potentialAction":[{"@type":"ReadAction","target":["https:\/\/news.save.ch\/praevention-am-arbeitsplatz-bag-muss-sparen\/"]}]},{"@type":"ImageObject","inLanguage":"de","@id":"https:\/\/news.save.ch\/praevention-am-arbeitsplatz-bag-muss-sparen\/#primaryimage","url":"https:\/\/news.save.ch\/wp-content\/uploads\/2025\/03\/Depositphotos_116043206_S.jpg","contentUrl":"https:\/\/news.save.ch\/wp-content\/uploads\/2025\/03\/Depositphotos_116043206_S.jpg"},{"@type":"BreadcrumbList","@id":"https:\/\/news.save.ch\/praevention-am-arbeitsplatz-bag-muss-sparen\/#breadcrumb","itemListElement":[{"@type":"ListItem","position":1,"name":"Home","item":"https:\/\/news.save.ch\/de\/"},{"@type":"ListItem","position":2,"name":"Pr\u00e4vention am Arbeitsplatz: BAG muss sparen"}]},{"@type":"WebSite","@id":"https:\/\/news.save.ch\/de\/#website","url":"https:\/\/news.save.ch\/de\/","name":"Save","description":"Schweizer Fachzeitschrift f\u00fcr Sicherheit","publisher":{"@id":"https:\/\/news.save.ch\/de\/#organization"},"potentialAction":[{"@type":"SearchAction","target":{"@type":"EntryPoint","urlTemplate":"https:\/\/news.save.ch\/de\/?s={search_term_string}"},"query-input":{"@type":"PropertyValueSpecification","valueRequired":true,"valueName":"search_term_string"}}],"inLanguage":"de"},{"@type":"Organization","@id":"https:\/\/news.save.ch\/de\/#organization","name":"Sicherheitsforum","url":"https:\/\/news.save.ch\/de\/","logo":{"@type":"ImageObject","inLanguage":"de","@id":"https:\/\/news.save.ch\/de\/#\/schema\/logo\/image\/","url":"https:\/\/news.save.ch\/wp-content\/uploads\/2022\/06\/Logo_SF_2012.png","contentUrl":"https:\/\/news.save.ch\/wp-content\/uploads\/2022\/06\/Logo_SF_2012.png","width":1100,"height":91,"caption":"Sicherheitsforum"},"image":{"@id":"https:\/\/news.save.ch\/de\/#\/schema\/logo\/image\/"}},{"@type":"Person","@id":"https:\/\/news.save.ch\/de\/#\/schema\/person\/10917387362b3961e882740f6cf6f2a2","name":"stefanie Zeng","image":{"@type":"ImageObject","inLanguage":"de","@id":"https:\/\/secure.gravatar.com\/avatar\/eac43faa6e40bb2c41068c95c9d78bbd94c476d5efdff7abaab80bb3ea681e06?s=96&d=mm&r=g","url":"https:\/\/secure.gravatar.com\/avatar\/eac43faa6e40bb2c41068c95c9d78bbd94c476d5efdff7abaab80bb3ea681e06?s=96&d=mm&r=g","contentUrl":"https:\/\/secure.gravatar.com\/avatar\/eac43faa6e40bb2c41068c95c9d78bbd94c476d5efdff7abaab80bb3ea681e06?s=96&d=mm&r=g","caption":"stefanie Zeng"},"url":"https:\/\/news.save.ch\/de\/author\/stefanie-zeng\/"}]}},"_links":{"self":[{"href":"https:\/\/news.save.ch\/de\/wp-json\/wp\/v2\/posts\/24045","targetHints":{"allow":["GET"]}}],"collection":[{"href":"https:\/\/news.save.ch\/de\/wp-json\/wp\/v2\/posts"}],"about":[{"href":"https:\/\/news.save.ch\/de\/wp-json\/wp\/v2\/types\/post"}],"author":[{"embeddable":true,"href":"https:\/\/news.save.ch\/de\/wp-json\/wp\/v2\/users\/31"}],"replies":[{"embeddable":true,"href":"https:\/\/news.save.ch\/de\/wp-json\/wp\/v2\/comments?post=24045"}],"version-history":[{"count":2,"href":"https:\/\/news.save.ch\/de\/wp-json\/wp\/v2\/posts\/24045\/revisions"}],"predecessor-version":[{"id":24048,"href":"https:\/\/news.save.ch\/de\/wp-json\/wp\/v2\/posts\/24045\/revisions\/24048"}],"wp:attachment":[{"href":"https:\/\/news.save.ch\/de\/wp-json\/wp\/v2\/media?parent=24045"}],"wp:term":[{"taxonomy":"category","embeddable":true,"href":"https:\/\/news.save.ch\/de\/wp-json\/wp\/v2\/categories?post=24045"},{"taxonomy":"post_tag","embeddable":true,"href":"https:\/\/news.save.ch\/de\/wp-json\/wp\/v2\/tags?post=24045"}],"curies":[{"name":"wp","href":"https:\/\/api.w.org\/{rel}","templated":true}]}}