{"id":24054,"date":"2025-03-05T08:03:52","date_gmt":"2025-03-05T07:03:52","guid":{"rendered":"https:\/\/news.save.ch\/?p=24054"},"modified":"2025-03-05T08:03:53","modified_gmt":"2025-03-05T07:03:53","slug":"sicherheitsluecken-gefaehrden-private-5g-netze-inmitten-des-ki-booms","status":null,"type":"post","link":"https:\/\/news.save.ch\/de\/sicherheitsluecken-gefaehrden-private-5g-netze-inmitten-des-ki-booms\/","title":{"rendered":"Sicherheitsl\u00fccken gef\u00e4hrden private 5G-Netze inmitten des KI-Booms"},"content":{"rendered":"<div class=\"richText section\">\n<figure id=\"attachment_24055\" aria-describedby=\"caption-attachment-24055\" style=\"width: 1000px\" class=\"wp-caption alignnone\"><a href=\"https:\/\/news.save.ch\/sicherheitsluecken-gefaehrden-private-5g-netze-inmitten-des-ki-booms\/depositphotos_65098757_s\/\" rel=\"attachment wp-att-24055\"><img loading=\"lazy\" decoding=\"async\" class=\"size-full wp-image-24055\" src=\"https:\/\/news.save.ch\/wp-content\/uploads\/2025\/03\/Depositphotos_65098757_S.jpg\" alt=\"\" width=\"1000\" height=\"667\" srcset=\"https:\/\/news.save.ch\/wp-content\/uploads\/2025\/03\/Depositphotos_65098757_S.jpg 1000w, https:\/\/news.save.ch\/wp-content\/uploads\/2025\/03\/Depositphotos_65098757_S-680x454.jpg 680w, https:\/\/news.save.ch\/wp-content\/uploads\/2025\/03\/Depositphotos_65098757_S-768x512.jpg 768w, https:\/\/news.save.ch\/wp-content\/uploads\/2025\/03\/Depositphotos_65098757_S-18x12.jpg 18w, https:\/\/news.save.ch\/wp-content\/uploads\/2025\/03\/Depositphotos_65098757_S-375x250.jpg 375w, https:\/\/news.save.ch\/wp-content\/uploads\/2025\/03\/Depositphotos_65098757_S-525x350.jpg 525w\" sizes=\"auto, (max-width: 1000px) 100vw, 1000px\" \/><\/a><figcaption id=\"caption-attachment-24055\" class=\"wp-caption-text\">Foto: Depositphotos\/info@crashmedia.fi<\/figcaption><\/figure>\n<p>Private 5G-Netzwerke boomen dank ihres Einsatzes in kritischen Branchen wie \u00a0Energie- und Versorgungsunternehmen, im Milit\u00e4r, in der Logistik und im Gesundheitswesen. 100 Prozent der Befragten der Trend-Studie gaben an, dass sie private 5G-Netzwerke entweder derzeit schon nutzen (86 Prozent) oder deren Einsatz pr\u00fcfen (14 Prozent).<\/p>\n<p>Auch IT- und Cybersicherheitsexperten scheinen die potenziellen Vorteile von KI-gest\u00fctzter Sicherheit in diesen Umgebungen zu verstehen: Auch hier gaben nahezu alle an, dass sie solche Tools f\u00fcr private 5G-Netzwerke entweder bereits nutzen (62 Prozent) oder deren Einsatz planen (35 Prozent).<\/p>\n<p>Dabei betrachten die Befragten folgende KI-gest\u00fctzten Funktionen als wesentlich:<\/p>\n<ul>\n<li class=\"rich-text-li\"><span class=\"rte-red-bullet\">Predictive Threat Intelligence (58 Prozent)<\/span><\/li>\n<li class=\"rich-text-li\"><span class=\"rte-red-bullet\">Kontinuierliche, adaptive Authentifizierung (52 Prozent)<\/span><\/li>\n<li class=\"rich-text-li\"><span class=\"rte-red-bullet\">Durchsetzung von Zero Trust (47 Prozent)<\/span><\/li>\n<li class=\"rich-text-li\"><span class=\"rte-red-bullet\">Selbstheilende Netzwerke mit KI-Automatisierung (41 Prozent)<\/span><\/li>\n<\/ul>\n<p>Mehr als neun von zehn Unternehmen, die derzeit KI-Sicherheit einsetzen, geben zu, dass sie bei der Implementierung der Technologie in private 5G-Netzwerke vor Herausforderungen stehen. Hohe Kosten (47 Prozent), Bedenken hinsichtlich False Positives\/Negatives (44 Prozent) und ein Mangel an internem Fachwissen (37 Prozent) wurden am h\u00e4ufigsten genannt.<\/p>\n<p>Der Mangel an interner CT-Kompetenz zeigt sich zudem darin, dass nur ein F\u00fcnftel (20 Prozent) der globalen Unternehmen ein eigenes Team f\u00fcr den Schutz ihrer Kommunikationsnetze hat. In vielen F\u00e4llen liegt die Verantwortung f\u00fcr die CT-Sicherheit beim CTO (43 Prozent) oder beim CIO (32 Prozent).<\/p>\n<p>Im Durchschnitt wird derzeit weniger als ein F\u00fcnftel (18 Prozent) des Sicherheitsbudgets von Unternehmen f\u00fcr private 5G-Netzwerke aufgewendet, obwohl sie kritische Dienste unterst\u00fctzen und hochsensible Daten transportieren.<\/p>\n<p>Die Studie von Trend zeigt, dass sich Unternehmen unwissentlich Cyber- und Compliance-Risiken aussetzen, wenn sie den Einsatz von KI zur \u00dcberwachung\/Analyse des Datenverkehrs nicht absichern.<\/p>\n<p>Konkret gaben nur etwa die H\u00e4lfte oder weniger der Befragten an, dass sie:<\/p>\n<ul>\n<li class=\"rich-text-li\"><span class=\"rte-red-bullet\">die Einhaltung von Datenschutzbestimmungen wie der DSGVO sicherstellen (54 Prozent)<\/span><\/li>\n<li class=\"rich-text-li\"><span class=\"rte-red-bullet\">Daten im Ruhezustand und bei der \u00dcbertragung verschl\u00fcsseln (51 Prozent)<\/span><\/li>\n<li class=\"rich-text-li\"><span class=\"rte-red-bullet\">Strenge Zugangskontrollen f\u00fcr KI-Modelle einrichten (50 Prozent)<\/span><\/li>\n<li class=\"rich-text-li\"><span class=\"rte-red-bullet\">Techniken zur Datenanonymisierung verwenden (44 Prozent)<\/span><\/li>\n<\/ul>\n<p>\u00abKI-Sicherheit ist nicht gleich KI-Sicherheit, und einige Unternehmen setzen sich aufgrund mangelnden Know-hows einem Risiko aus\u00bb, so Rachel Jin, Chief Enterprise Platform Officer bei Trend. \u00abEin proaktives Management der Angriffsfl\u00e4che ist f\u00fcr private 5G-Netzwerke von entscheidender Bedeutung, da jede Unachtsamkeit die T\u00fcr f\u00fcr Kompromisse \u00f6ffnen kann. Sicherheitsverantwortliche m\u00fcssen KI-gest\u00fctzten Schutz mit einem umfassenden Verst\u00e4ndnis von Technologie und Cyberrisiken kombinieren, um diese kritischen Umgebungen zu sch\u00fctzen.\u00bb<\/p>\n<p>\u00abUnternehmen sehen einen grossen betrieblichen Nutzen in privaten 5G-Netzwerken, oft als Teil von KI-Projekten\u00bb, berichtet Jim Frey, Principal Analyst, Networking f\u00fcr ESG. \u00abSie m\u00fcssen jedoch sicherstellen, dass ihr Security Operations Center (SOC) darauf vorbereitet ist, diese neue Kommunikationstechnologie zu \u00fcberwachen und zu sch\u00fctzen. Cybersecurity-Anbieter, die proaktives Risikomanagement, Angriffspfadvorhersagen und andere proaktive Massnahmen einsetzen k\u00f6nnen, sind in der Lage, private 5G- und KI-Architekturen zu sch\u00fctzen.\u00bb<\/p>\n<p>Jason Huang, CEO von CTOne: \u00abMit der zunehmenden Nutzung privater und \u00f6ffentlicher Netze durch Unternehmen entstehen neue Herausforderungen, die spezielle CT-Sicherheitsfunktionen erfordern.\u00bb, erkl\u00e4rt Jason Huang, CEO von CTOne. \u00abUnternehmen m\u00fcssen End-to-End-Sicherheit in Kombination mit umfassender Transparenz gew\u00e4hrleisten, die mit den SecOps-Anforderungen \u00fcbereinstimmt. So k\u00f6nnen sie das Angriffsrisiko der IT-Oberfl\u00e4che managen, w\u00e4hrend diese sich kontinuierlich erweitert und neue drahtlose Anwendungen unterst\u00fctzt.\u00bb<\/p>\n<p><em>Quelle: trendmicro.com<\/em><\/p>\n<\/div>\n","protected":false},"excerpt":{"rendered":"<p>Private 5G-Netzwerke boomen dank ihres Einsatzes in kritischen Branchen wie \u00a0Energie- und Versorgungsunternehmen, im Milit\u00e4r, in der Logistik und im Gesundheitswesen. 100 Prozent der Befragten der Trend-Studie gaben an, dass sie private 5G-Netzwerke entweder derzeit schon nutzen (86 Prozent) oder deren Einsatz pr\u00fcfen (14 Prozent). Auch IT- und Cybersicherheitsexperten scheinen die potenziellen Vorteile von KI-gest\u00fctzter [&hellip;]<\/p>\n","protected":false},"author":31,"featured_media":0,"comment_status":"closed","ping_status":"closed","sticky":false,"template":"","format":"standard","meta":{"_acf_changed":false,"pgc_sgb_lightbox_settings":"","footnotes":""},"categories":[3313],"tags":[439,1580,808],"class_list":["post-24054","post","type-post","status-publish","format-standard","hentry","category-digitalisierung","tag-5g","tag-5g-mobilfunk","tag-ki"],"acf":[],"hkrextid":null,"publication":null,"issue":null,"workflow":null,"startPage":null,"spitzmarke":null,"_posts_by_tag_page_fields":null,"_at_widget":null,"_yoast_wpseo_primary_category":"3313","_yoast_wpseo_focuskw_text_input":null,"_yoast_wpseo_opengraph-image":null,"_yoast_wpseo_opengraph-description":null,"_yoast_wpseo_opengraph-title":null,"enclosure":null,"_yoast_wpseo_twitter-title":null,"_yoast_wpseo_twitter-description":null,"_yoast_wpseo_twitter-image":null,"_wp_old_slug":null,"_yoast_wpseo_title":null,"_yoast_wpseo_canonical":null,"yoast_head":"<!-- This site is optimized with the Yoast SEO plugin v27.4 - https:\/\/yoast.com\/product\/yoast-seo-wordpress\/ -->\n<title>Sicherheitsl\u00fccken gef\u00e4hrden private 5G-Netze inmitten des KI-Booms - Save<\/title>\n<meta name=\"description\" content=\"Sicherheitsl\u00fccken gef\u00e4hrden private 5G-Netze inmitten des KI-Booms\" \/>\n<meta name=\"robots\" content=\"index, follow, max-snippet:-1, max-image-preview:large, max-video-preview:-1\" \/>\n<link rel=\"canonical\" href=\"https:\/\/news.save.ch\/de\/sicherheitsluecken-gefaehrden-private-5g-netze-inmitten-des-ki-booms\/\" \/>\n<meta property=\"og:locale\" content=\"de_DE\" \/>\n<meta property=\"og:type\" content=\"article\" \/>\n<meta property=\"og:title\" content=\"Sicherheitsl\u00fccken gef\u00e4hrden private 5G-Netze inmitten des KI-Booms - Save\" \/>\n<meta property=\"og:description\" content=\"Sicherheitsl\u00fccken gef\u00e4hrden private 5G-Netze inmitten des KI-Booms\" \/>\n<meta property=\"og:url\" content=\"https:\/\/news.save.ch\/de\/sicherheitsluecken-gefaehrden-private-5g-netze-inmitten-des-ki-booms\/\" \/>\n<meta property=\"og:site_name\" content=\"Save\" \/>\n<meta property=\"article:published_time\" content=\"2025-03-05T07:03:52+00:00\" \/>\n<meta property=\"article:modified_time\" content=\"2025-03-05T07:03:53+00:00\" \/>\n<meta property=\"og:image\" content=\"https:\/\/news.save.ch\/wp-content\/uploads\/2025\/03\/Depositphotos_65098757_S.jpg\" \/>\n\t<meta property=\"og:image:width\" content=\"1000\" \/>\n\t<meta property=\"og:image:height\" content=\"667\" \/>\n\t<meta property=\"og:image:type\" content=\"image\/jpeg\" \/>\n<meta name=\"author\" content=\"stefanie Zeng\" \/>\n<meta name=\"twitter:card\" content=\"summary_large_image\" \/>\n<meta name=\"twitter:label1\" content=\"Geschrieben von\" \/>\n\t<meta name=\"twitter:data1\" content=\"stefanie Zeng\" \/>\n\t<meta name=\"twitter:label2\" content=\"Gesch\u00e4tzte Lesezeit\" \/>\n\t<meta name=\"twitter:data2\" content=\"4\u00a0Minuten\" \/>\n<script type=\"application\/ld+json\" class=\"yoast-schema-graph\">{\"@context\":\"https:\\\/\\\/schema.org\",\"@graph\":[{\"@type\":\"Article\",\"@id\":\"https:\\\/\\\/news.save.ch\\\/sicherheitsluecken-gefaehrden-private-5g-netze-inmitten-des-ki-booms\\\/#article\",\"isPartOf\":{\"@id\":\"https:\\\/\\\/news.save.ch\\\/sicherheitsluecken-gefaehrden-private-5g-netze-inmitten-des-ki-booms\\\/\"},\"author\":{\"name\":\"stefanie Zeng\",\"@id\":\"https:\\\/\\\/news.save.ch\\\/de\\\/#\\\/schema\\\/person\\\/10917387362b3961e882740f6cf6f2a2\"},\"headline\":\"Sicherheitsl\u00fccken gef\u00e4hrden private 5G-Netze inmitten des KI-Booms\",\"datePublished\":\"2025-03-05T07:03:52+00:00\",\"dateModified\":\"2025-03-05T07:03:53+00:00\",\"mainEntityOfPage\":{\"@id\":\"https:\\\/\\\/news.save.ch\\\/sicherheitsluecken-gefaehrden-private-5g-netze-inmitten-des-ki-booms\\\/\"},\"wordCount\":537,\"publisher\":{\"@id\":\"https:\\\/\\\/news.save.ch\\\/de\\\/#organization\"},\"image\":{\"@id\":\"https:\\\/\\\/news.save.ch\\\/sicherheitsluecken-gefaehrden-private-5g-netze-inmitten-des-ki-booms\\\/#primaryimage\"},\"thumbnailUrl\":\"https:\\\/\\\/news.save.ch\\\/wp-content\\\/uploads\\\/2025\\\/03\\\/Depositphotos_65098757_S.jpg\",\"keywords\":[\"5G\",\"5G-Mobilfunk\",\"KI\"],\"articleSection\":[\"DIGITALISIERUNG\"],\"inLanguage\":\"de\"},{\"@type\":\"WebPage\",\"@id\":\"https:\\\/\\\/news.save.ch\\\/sicherheitsluecken-gefaehrden-private-5g-netze-inmitten-des-ki-booms\\\/\",\"url\":\"https:\\\/\\\/news.save.ch\\\/sicherheitsluecken-gefaehrden-private-5g-netze-inmitten-des-ki-booms\\\/\",\"name\":\"Sicherheitsl\u00fccken gef\u00e4hrden private 5G-Netze inmitten des KI-Booms - Save\",\"isPartOf\":{\"@id\":\"https:\\\/\\\/news.save.ch\\\/de\\\/#website\"},\"primaryImageOfPage\":{\"@id\":\"https:\\\/\\\/news.save.ch\\\/sicherheitsluecken-gefaehrden-private-5g-netze-inmitten-des-ki-booms\\\/#primaryimage\"},\"image\":{\"@id\":\"https:\\\/\\\/news.save.ch\\\/sicherheitsluecken-gefaehrden-private-5g-netze-inmitten-des-ki-booms\\\/#primaryimage\"},\"thumbnailUrl\":\"https:\\\/\\\/news.save.ch\\\/wp-content\\\/uploads\\\/2025\\\/03\\\/Depositphotos_65098757_S.jpg\",\"datePublished\":\"2025-03-05T07:03:52+00:00\",\"dateModified\":\"2025-03-05T07:03:53+00:00\",\"description\":\"Sicherheitsl\u00fccken gef\u00e4hrden private 5G-Netze inmitten des KI-Booms\",\"breadcrumb\":{\"@id\":\"https:\\\/\\\/news.save.ch\\\/sicherheitsluecken-gefaehrden-private-5g-netze-inmitten-des-ki-booms\\\/#breadcrumb\"},\"inLanguage\":\"de\",\"potentialAction\":[{\"@type\":\"ReadAction\",\"target\":[\"https:\\\/\\\/news.save.ch\\\/sicherheitsluecken-gefaehrden-private-5g-netze-inmitten-des-ki-booms\\\/\"]}]},{\"@type\":\"ImageObject\",\"inLanguage\":\"de\",\"@id\":\"https:\\\/\\\/news.save.ch\\\/sicherheitsluecken-gefaehrden-private-5g-netze-inmitten-des-ki-booms\\\/#primaryimage\",\"url\":\"https:\\\/\\\/news.save.ch\\\/wp-content\\\/uploads\\\/2025\\\/03\\\/Depositphotos_65098757_S.jpg\",\"contentUrl\":\"https:\\\/\\\/news.save.ch\\\/wp-content\\\/uploads\\\/2025\\\/03\\\/Depositphotos_65098757_S.jpg\"},{\"@type\":\"BreadcrumbList\",\"@id\":\"https:\\\/\\\/news.save.ch\\\/sicherheitsluecken-gefaehrden-private-5g-netze-inmitten-des-ki-booms\\\/#breadcrumb\",\"itemListElement\":[{\"@type\":\"ListItem\",\"position\":1,\"name\":\"Home\",\"item\":\"https:\\\/\\\/news.save.ch\\\/de\\\/\"},{\"@type\":\"ListItem\",\"position\":2,\"name\":\"Sicherheitsl\u00fccken gef\u00e4hrden private 5G-Netze inmitten des KI-Booms\"}]},{\"@type\":\"WebSite\",\"@id\":\"https:\\\/\\\/news.save.ch\\\/de\\\/#website\",\"url\":\"https:\\\/\\\/news.save.ch\\\/de\\\/\",\"name\":\"Save\",\"description\":\"Schweizer Fachzeitschrift f\u00fcr Sicherheit\",\"publisher\":{\"@id\":\"https:\\\/\\\/news.save.ch\\\/de\\\/#organization\"},\"potentialAction\":[{\"@type\":\"SearchAction\",\"target\":{\"@type\":\"EntryPoint\",\"urlTemplate\":\"https:\\\/\\\/news.save.ch\\\/de\\\/?s={search_term_string}\"},\"query-input\":{\"@type\":\"PropertyValueSpecification\",\"valueRequired\":true,\"valueName\":\"search_term_string\"}}],\"inLanguage\":\"de\"},{\"@type\":\"Organization\",\"@id\":\"https:\\\/\\\/news.save.ch\\\/de\\\/#organization\",\"name\":\"Sicherheitsforum\",\"url\":\"https:\\\/\\\/news.save.ch\\\/de\\\/\",\"logo\":{\"@type\":\"ImageObject\",\"inLanguage\":\"de\",\"@id\":\"https:\\\/\\\/news.save.ch\\\/de\\\/#\\\/schema\\\/logo\\\/image\\\/\",\"url\":\"https:\\\/\\\/news.save.ch\\\/wp-content\\\/uploads\\\/2022\\\/06\\\/Logo_SF_2012.png\",\"contentUrl\":\"https:\\\/\\\/news.save.ch\\\/wp-content\\\/uploads\\\/2022\\\/06\\\/Logo_SF_2012.png\",\"width\":1100,\"height\":91,\"caption\":\"Sicherheitsforum\"},\"image\":{\"@id\":\"https:\\\/\\\/news.save.ch\\\/de\\\/#\\\/schema\\\/logo\\\/image\\\/\"}},{\"@type\":\"Person\",\"@id\":\"https:\\\/\\\/news.save.ch\\\/de\\\/#\\\/schema\\\/person\\\/10917387362b3961e882740f6cf6f2a2\",\"name\":\"stefanie Zeng\",\"image\":{\"@type\":\"ImageObject\",\"inLanguage\":\"de\",\"@id\":\"https:\\\/\\\/secure.gravatar.com\\\/avatar\\\/eac43faa6e40bb2c41068c95c9d78bbd94c476d5efdff7abaab80bb3ea681e06?s=96&d=mm&r=g\",\"url\":\"https:\\\/\\\/secure.gravatar.com\\\/avatar\\\/eac43faa6e40bb2c41068c95c9d78bbd94c476d5efdff7abaab80bb3ea681e06?s=96&d=mm&r=g\",\"contentUrl\":\"https:\\\/\\\/secure.gravatar.com\\\/avatar\\\/eac43faa6e40bb2c41068c95c9d78bbd94c476d5efdff7abaab80bb3ea681e06?s=96&d=mm&r=g\",\"caption\":\"stefanie Zeng\"},\"url\":\"https:\\\/\\\/news.save.ch\\\/de\\\/author\\\/stefanie-zeng\\\/\"}]}<\/script>\n<!-- \/ Yoast SEO plugin. -->","yoast_head_json":{"title":"Sicherheitsl\u00fccken gef\u00e4hrden private 5G-Netze inmitten des KI-Booms - Save","description":"Sicherheitsl\u00fccken gef\u00e4hrden private 5G-Netze inmitten des KI-Booms","robots":{"index":"index","follow":"follow","max-snippet":"max-snippet:-1","max-image-preview":"max-image-preview:large","max-video-preview":"max-video-preview:-1"},"canonical":"https:\/\/news.save.ch\/de\/sicherheitsluecken-gefaehrden-private-5g-netze-inmitten-des-ki-booms\/","og_locale":"de_DE","og_type":"article","og_title":"Sicherheitsl\u00fccken gef\u00e4hrden private 5G-Netze inmitten des KI-Booms - Save","og_description":"Sicherheitsl\u00fccken gef\u00e4hrden private 5G-Netze inmitten des KI-Booms","og_url":"https:\/\/news.save.ch\/de\/sicherheitsluecken-gefaehrden-private-5g-netze-inmitten-des-ki-booms\/","og_site_name":"Save","article_published_time":"2025-03-05T07:03:52+00:00","article_modified_time":"2025-03-05T07:03:53+00:00","og_image":[{"width":1000,"height":667,"url":"https:\/\/news.save.ch\/wp-content\/uploads\/2025\/03\/Depositphotos_65098757_S.jpg","type":"image\/jpeg"}],"author":"stefanie Zeng","twitter_card":"summary_large_image","twitter_misc":{"Geschrieben von":"stefanie Zeng","Gesch\u00e4tzte Lesezeit":"4\u00a0Minuten"},"schema":{"@context":"https:\/\/schema.org","@graph":[{"@type":"Article","@id":"https:\/\/news.save.ch\/sicherheitsluecken-gefaehrden-private-5g-netze-inmitten-des-ki-booms\/#article","isPartOf":{"@id":"https:\/\/news.save.ch\/sicherheitsluecken-gefaehrden-private-5g-netze-inmitten-des-ki-booms\/"},"author":{"name":"stefanie Zeng","@id":"https:\/\/news.save.ch\/de\/#\/schema\/person\/10917387362b3961e882740f6cf6f2a2"},"headline":"Sicherheitsl\u00fccken gef\u00e4hrden private 5G-Netze inmitten des KI-Booms","datePublished":"2025-03-05T07:03:52+00:00","dateModified":"2025-03-05T07:03:53+00:00","mainEntityOfPage":{"@id":"https:\/\/news.save.ch\/sicherheitsluecken-gefaehrden-private-5g-netze-inmitten-des-ki-booms\/"},"wordCount":537,"publisher":{"@id":"https:\/\/news.save.ch\/de\/#organization"},"image":{"@id":"https:\/\/news.save.ch\/sicherheitsluecken-gefaehrden-private-5g-netze-inmitten-des-ki-booms\/#primaryimage"},"thumbnailUrl":"https:\/\/news.save.ch\/wp-content\/uploads\/2025\/03\/Depositphotos_65098757_S.jpg","keywords":["5G","5G-Mobilfunk","KI"],"articleSection":["DIGITALISIERUNG"],"inLanguage":"de"},{"@type":"WebPage","@id":"https:\/\/news.save.ch\/sicherheitsluecken-gefaehrden-private-5g-netze-inmitten-des-ki-booms\/","url":"https:\/\/news.save.ch\/sicherheitsluecken-gefaehrden-private-5g-netze-inmitten-des-ki-booms\/","name":"Sicherheitsl\u00fccken gef\u00e4hrden private 5G-Netze inmitten des KI-Booms - Save","isPartOf":{"@id":"https:\/\/news.save.ch\/de\/#website"},"primaryImageOfPage":{"@id":"https:\/\/news.save.ch\/sicherheitsluecken-gefaehrden-private-5g-netze-inmitten-des-ki-booms\/#primaryimage"},"image":{"@id":"https:\/\/news.save.ch\/sicherheitsluecken-gefaehrden-private-5g-netze-inmitten-des-ki-booms\/#primaryimage"},"thumbnailUrl":"https:\/\/news.save.ch\/wp-content\/uploads\/2025\/03\/Depositphotos_65098757_S.jpg","datePublished":"2025-03-05T07:03:52+00:00","dateModified":"2025-03-05T07:03:53+00:00","description":"Sicherheitsl\u00fccken gef\u00e4hrden private 5G-Netze inmitten des KI-Booms","breadcrumb":{"@id":"https:\/\/news.save.ch\/sicherheitsluecken-gefaehrden-private-5g-netze-inmitten-des-ki-booms\/#breadcrumb"},"inLanguage":"de","potentialAction":[{"@type":"ReadAction","target":["https:\/\/news.save.ch\/sicherheitsluecken-gefaehrden-private-5g-netze-inmitten-des-ki-booms\/"]}]},{"@type":"ImageObject","inLanguage":"de","@id":"https:\/\/news.save.ch\/sicherheitsluecken-gefaehrden-private-5g-netze-inmitten-des-ki-booms\/#primaryimage","url":"https:\/\/news.save.ch\/wp-content\/uploads\/2025\/03\/Depositphotos_65098757_S.jpg","contentUrl":"https:\/\/news.save.ch\/wp-content\/uploads\/2025\/03\/Depositphotos_65098757_S.jpg"},{"@type":"BreadcrumbList","@id":"https:\/\/news.save.ch\/sicherheitsluecken-gefaehrden-private-5g-netze-inmitten-des-ki-booms\/#breadcrumb","itemListElement":[{"@type":"ListItem","position":1,"name":"Home","item":"https:\/\/news.save.ch\/de\/"},{"@type":"ListItem","position":2,"name":"Sicherheitsl\u00fccken gef\u00e4hrden private 5G-Netze inmitten des KI-Booms"}]},{"@type":"WebSite","@id":"https:\/\/news.save.ch\/de\/#website","url":"https:\/\/news.save.ch\/de\/","name":"Save","description":"Schweizer Fachzeitschrift f\u00fcr Sicherheit","publisher":{"@id":"https:\/\/news.save.ch\/de\/#organization"},"potentialAction":[{"@type":"SearchAction","target":{"@type":"EntryPoint","urlTemplate":"https:\/\/news.save.ch\/de\/?s={search_term_string}"},"query-input":{"@type":"PropertyValueSpecification","valueRequired":true,"valueName":"search_term_string"}}],"inLanguage":"de"},{"@type":"Organization","@id":"https:\/\/news.save.ch\/de\/#organization","name":"Sicherheitsforum","url":"https:\/\/news.save.ch\/de\/","logo":{"@type":"ImageObject","inLanguage":"de","@id":"https:\/\/news.save.ch\/de\/#\/schema\/logo\/image\/","url":"https:\/\/news.save.ch\/wp-content\/uploads\/2022\/06\/Logo_SF_2012.png","contentUrl":"https:\/\/news.save.ch\/wp-content\/uploads\/2022\/06\/Logo_SF_2012.png","width":1100,"height":91,"caption":"Sicherheitsforum"},"image":{"@id":"https:\/\/news.save.ch\/de\/#\/schema\/logo\/image\/"}},{"@type":"Person","@id":"https:\/\/news.save.ch\/de\/#\/schema\/person\/10917387362b3961e882740f6cf6f2a2","name":"stefanie Zeng","image":{"@type":"ImageObject","inLanguage":"de","@id":"https:\/\/secure.gravatar.com\/avatar\/eac43faa6e40bb2c41068c95c9d78bbd94c476d5efdff7abaab80bb3ea681e06?s=96&d=mm&r=g","url":"https:\/\/secure.gravatar.com\/avatar\/eac43faa6e40bb2c41068c95c9d78bbd94c476d5efdff7abaab80bb3ea681e06?s=96&d=mm&r=g","contentUrl":"https:\/\/secure.gravatar.com\/avatar\/eac43faa6e40bb2c41068c95c9d78bbd94c476d5efdff7abaab80bb3ea681e06?s=96&d=mm&r=g","caption":"stefanie Zeng"},"url":"https:\/\/news.save.ch\/de\/author\/stefanie-zeng\/"}]}},"_links":{"self":[{"href":"https:\/\/news.save.ch\/de\/wp-json\/wp\/v2\/posts\/24054","targetHints":{"allow":["GET"]}}],"collection":[{"href":"https:\/\/news.save.ch\/de\/wp-json\/wp\/v2\/posts"}],"about":[{"href":"https:\/\/news.save.ch\/de\/wp-json\/wp\/v2\/types\/post"}],"author":[{"embeddable":true,"href":"https:\/\/news.save.ch\/de\/wp-json\/wp\/v2\/users\/31"}],"replies":[{"embeddable":true,"href":"https:\/\/news.save.ch\/de\/wp-json\/wp\/v2\/comments?post=24054"}],"version-history":[{"count":3,"href":"https:\/\/news.save.ch\/de\/wp-json\/wp\/v2\/posts\/24054\/revisions"}],"predecessor-version":[{"id":24059,"href":"https:\/\/news.save.ch\/de\/wp-json\/wp\/v2\/posts\/24054\/revisions\/24059"}],"wp:attachment":[{"href":"https:\/\/news.save.ch\/de\/wp-json\/wp\/v2\/media?parent=24054"}],"wp:term":[{"taxonomy":"category","embeddable":true,"href":"https:\/\/news.save.ch\/de\/wp-json\/wp\/v2\/categories?post=24054"},{"taxonomy":"post_tag","embeddable":true,"href":"https:\/\/news.save.ch\/de\/wp-json\/wp\/v2\/tags?post=24054"}],"curies":[{"name":"wp","href":"https:\/\/api.w.org\/{rel}","templated":true}]}}