{"id":24102,"date":"2025-03-25T12:23:54","date_gmt":"2025-03-25T11:23:54","guid":{"rendered":"https:\/\/news.save.ch\/?p=24102"},"modified":"2025-03-25T12:24:09","modified_gmt":"2025-03-25T11:24:09","slug":"zunahme-der-straftaten-in-der-schweiz-bestaetigt-sich","status":null,"type":"post","link":"https:\/\/news.save.ch\/de\/zunahme-der-straftaten-in-der-schweiz-bestaetigt-sich\/","title":{"rendered":"Zunahme der Straftaten in der Schweiz best\u00e4tigt sich"},"content":{"rendered":"<figure id=\"attachment_24103\" aria-describedby=\"caption-attachment-24103\" style=\"width: 1000px\" class=\"wp-caption alignnone\"><a href=\"https:\/\/news.save.ch\/zunahme-der-straftaten-in-der-schweiz-bestaetigt-sich\/depositphotos_141534106_s\/\" rel=\"attachment wp-att-24103\"><img loading=\"lazy\" decoding=\"async\" class=\"size-full wp-image-24103\" src=\"https:\/\/news.save.ch\/wp-content\/uploads\/2025\/03\/Depositphotos_141534106_S.jpg\" alt=\"\" width=\"1000\" height=\"552\" srcset=\"https:\/\/news.save.ch\/wp-content\/uploads\/2025\/03\/Depositphotos_141534106_S.jpg 1000w, https:\/\/news.save.ch\/wp-content\/uploads\/2025\/03\/Depositphotos_141534106_S-680x375.jpg 680w, https:\/\/news.save.ch\/wp-content\/uploads\/2025\/03\/Depositphotos_141534106_S-768x424.jpg 768w, https:\/\/news.save.ch\/wp-content\/uploads\/2025\/03\/Depositphotos_141534106_S-18x10.jpg 18w, https:\/\/news.save.ch\/wp-content\/uploads\/2025\/03\/Depositphotos_141534106_S-375x207.jpg 375w, https:\/\/news.save.ch\/wp-content\/uploads\/2025\/03\/Depositphotos_141534106_S-634x350.jpg 634w\" sizes=\"auto, (max-width: 1000px) 100vw, 1000px\" \/><\/a><figcaption id=\"caption-attachment-24103\" class=\"wp-caption-text\">Foto: Depositphotos\/aa-w<\/figcaption><\/figure>\n<p class=\"p2\">2024 ist die Zahl der Widerhandlungen gegen das Strafgesetzbuch (StGB) gegen\u00fcber dem Vorjahr um 7,9% gestiegen. Dies entspricht einer Zunahme um 41 075 Delikte. Ein Anstieg, der sorgf\u00e4ltig analysiert werden muss. \u00abGenerell k\u00f6nnen wir sagen, dass die Schweiz ein sicheres Land ist \u2013 auch dank der guten Arbeit der Polizeikorps in der Schweiz\u00bb, sagt Matteo Cocchi, Pr\u00e4sident der Konferenz der kantonalen Polizeikommandantinnen und -kommandanten (KKPKS). \u00abManchmal gewinnen subjektive Wahrnehmungen die Oberhand. In solchen Momenten ist es wichtig, mit Daten und Erl\u00e4uterungen Klarheit zu schaffen. Dies gelingt uns, weil die B\u00fcrgerinnen und B\u00fcrger nach wie vor grosses Vertrauen in die Institutionen und ins-besondere in die Polizei haben.\u00bb<\/p>\n<h3 class=\"p2\"><b>Anstieg bei den Verm\u00f6gensstraftaten best\u00e4tigt sich: rascherer nationaler polizeilicher Informationsaustausch dringend erforderlich <\/b><\/h3>\n<p class=\"p2\">Der gr\u00f6sste Anteil entf\u00e4llt auf die Verm\u00f6gensdelikte, die zum dritten Mal in Folge zugenommen haben (+8% gegen\u00fcber 2023). Diese Zunahme ist haupts\u00e4chlich auf unbefugte Datenbeschaffungen (+61,6%; +1309 Straftaten), Sachbesch\u00e4digungen bei Diebstahl (+16%; +6527 Straf-taten), Betrug (+17,3%; +5078 Straftaten) und betr\u00fcgerischen Missbrauch einer Datenverar-beitungsanlage (+27,3%; +4221 Straftaten) zur\u00fcckzuf\u00fchren.<\/p>\n<p class=\"p2\">Einbruch- und Einschleichdiebst\u00e4hle haben um 11,2% zugenommen. Insgesamt wurden 46 070 Straftaten ver\u00fcbt, im Schnitt 126 F\u00e4lle pro Tag (2023: 114). Ein deutlicher Anstieg ist auch bei den Fahrzeugeinbruchdiebst\u00e4hlen zu verzeichnen (+27%). Die Aufkl\u00e4rungsquote hat sich in diesem Bereich leicht verbessert (+1,2%)<i>. <\/i><\/p>\n<p class=\"p2\">\u00abHier handelt es sich um Deliktarten, die oft das subjektive Sicherheitsempfinden beeintr\u00e4chtigen\u00bb, betont Cocchi. \u00abKonkrete und wirksame Antworten sind daher zentral. In diesem Sinne braucht es vermehrt Automatismen im polizeilichen Informationsaustausch, damit rechtzeitig reagiert werden kann. Das heutige Verfahren ist nicht mehr auf der H\u00f6he der Zeit. F\u00fcr Ermittlungen einer gewissen Relevanz \u00fcber Kantonsgrenzen hinweg ist entscheidend, rasch in Erfahrung bringen zu k\u00f6nnen, ob Ermittlungs- oder Kooperationsbedarf besteht\u00bb, so Cocchi.<\/p>\n<h3 class=\"p2\"><b>Mehr beschuldigte Personen im Jahr 2024 <\/b><\/h3>\n<p class=\"p2\">2024 wurden 91 929 beschuldigte Personen wegen Widerhandlungen gegen das StGB verzeichnet. Dies sind 1526 Personen mehr als im Vorjahr (+1,7%). Zum dritten Mal in Folge ist bei den Beschuldigten ab 25 Jahren die st\u00e4rkste Zunahme zu verzeichnen (+2,5%).<\/p>\n<p class=\"p2\">Leicht ver\u00e4ndert hat sich die demografische Zusammensetzung der Beschuldigten: 42,3% waren Schweizer Staatsangeh\u00f6rige (\u20132%) und 31,4% ausl\u00e4ndische Staatsangeh\u00f6rige mit einer Niederlassungs- oder einer Aufenthaltsbewilligung (+0,2%). Bei 6,7% der registrierten Beschuldigten handelt es sich um Asylsuchende, vorl\u00e4ufig Aufgenommene oder Schutzbed\u00fcrftige (+0,1%). Ebenfalls zugenommen hat der Anteil der nichtst\u00e4ndigen Wohnbev\u00f6lkerung (von 17,9% auf 19,6%).<\/p>\n<h3 class=\"p2\"><b>Schwere Gewaltstraftaten auf dem h\u00f6chsten Stand seit 2009 <\/b><\/h3>\n<p class=\"p2\">Die Gewaltstraftaten haben erneut zugenommen, womit sich die Tendenz der letzten Jahre best\u00e4tigt. 2024 betrug die Zunahme bei den Gewaltdelikten 3,3%. Insgesamt wurden 48 943 Delikte registriert. Dabei sticht insbesondere die Zahl der schweren Gewaltstraftaten hervor (2456). Dies sind 399 F\u00e4lle (+19,4%) mehr als im Vorjahr und entspricht dem h\u00f6chsten Wert seit 2009.<\/p>\n<p class=\"p2\">Ein R\u00fcckgang ist hingegen bei den vollendeten T\u00f6tungsdelikten (\u20138 F\u00e4lle; \u201315,1%) zu verzeichnen. Versuchte T\u00f6tungen und schwere K\u00f6rperverletzungen haben um 1,7% bzw. 16,9% zugenommen. Ein deutlicher Anstieg wurde bei den Vergewaltigungen registriert (+29,4%).<\/p>\n<p class=\"p2\">Nachdem die Zahl der F\u00e4lle von h\u00e4uslicher Gewalt in den letzten Jahren relativ stabil war, ist sie 2024 um 6,1% gestiegen. Signifikant ist in diesem Zusammenhang der Anteil der T\u00f6tungsdelikte im h\u00e4uslichen Bereich, der 57,8% betr\u00e4gt. Von den 45 vollendeten T\u00f6tungsdelikten wurden 26 im Bereich der h\u00e4uslichen Gewalt ver\u00fcbt. Dieser Wert entspricht dem des Vorjah-res. Weitere wichtige Indikatoren f\u00fcr die Beurteilung der Lage in diesem Kontext sind die Zu-nahmen bei den schweren K\u00f6rperverletzungen (+20,4%), Gef\u00e4hrdungen des Lebens (+46,3%) und Vergewaltigungen (+30,4%).<\/p>\n<p class=\"p2\">\u00abIn diesem Kontext sind Pr\u00e4vention und Zuh\u00f6rbereitschaft entscheidend. Die Anstrengungen m\u00fcssen diesbez\u00fcglich nochmals verst\u00e4rkt werden\u00bb, so Cocchi.<\/p>\n<p class=\"p2\"><b>Digitale Kriminalit\u00e4t nimmt zu <\/b><\/p>\n<p class=\"p2\">Nach dem grossen Anstieg im Vorjahr haben die Cyberdelikte 2024 noch einmal deutlich zugelegt (+34,7%): Insgesamt wurden 59 034 F\u00e4lle gemeldet. Der Grossteil (93,9%) betrifft die Cyber-Wirtschaftskriminalit\u00e4t, mit Phishing-F\u00e4llen (+56,2%) und einem sprunghaften Anstieg beim Missbrauch von Online-Zahlungssystemen\/Kreditkarten und Missbrauch einer fremden Identit\u00e4t (+104,8%). Ein erheblicher Anteil an Letzterem ist auf die Zunahme von Verst\u00f6ssen gegen Artikel 179<span class=\"s2\">decies <\/span>StGB (Identit\u00e4tsmissbrauch) zur\u00fcckzuf\u00fchren, der seit dem 1. September 2023 in Kraft ist.<\/p>\n<p class=\"p2\">\u00abDie Digitalisierung hat auch in gewissen Bereichen der Kriminalit\u00e4t zu einem Paradigmenwechsel gef\u00fchrt. Auf diese Entwicklung muss daher unbedingt mit Spezialisierung und einer kontinuierlichen Aktualisierung der Mittel und Kompetenzen reagiert werden\u00bb, so KKPKS-Pr\u00e4sident Cocchi.<\/p>\n<p class=\"p2\">Bestimmte Straftaten des StGB werden \u00fcberwiegend digital ver\u00fcbt. Das ist bei der Geldw\u00e4scherei der Fall, bei der in 88,1% der F\u00e4lle ein Cyber-Tatvorgehen vorliegt. Dasselbe gilt f\u00fcr Pornografie (85,9%), Betrug (80%) und unbefugte Datenbeschaffung (82,2%).<\/p>\n","protected":false},"excerpt":{"rendered":"<p>2024 ist die Zahl der Widerhandlungen gegen das Strafgesetzbuch (StGB) gegen\u00fcber dem Vorjahr um 7,9% gestiegen. Dies entspricht einer Zunahme um 41 075 Delikte. Ein Anstieg, der sorgf\u00e4ltig analysiert werden muss. \u00abGenerell k\u00f6nnen wir sagen, dass die Schweiz ein sicheres Land ist \u2013 auch dank der guten Arbeit der Polizeikorps in der Schweiz\u00bb, sagt Matteo [&hellip;]<\/p>\n","protected":false},"author":31,"featured_media":24103,"comment_status":"closed","ping_status":"closed","sticky":false,"template":"","format":"standard","meta":{"_acf_changed":false,"pgc_sgb_lightbox_settings":"","footnotes":""},"categories":[3312],"tags":[4670,3412,5532,239,6478],"class_list":["post-24102","post","type-post","status-publish","format-standard","has-post-thumbnail","hentry","category-sicherheit","tag-digitale-straftaten","tag-einbruch-und-einschleichdiebstaehle","tag-gewaltstraftaten","tag-kkpks","tag-vermoegensstraftaten"],"acf":[],"hkrextid":null,"publication":null,"issue":null,"workflow":null,"startPage":null,"spitzmarke":null,"_posts_by_tag_page_fields":null,"_at_widget":null,"_yoast_wpseo_primary_category":"3312","_yoast_wpseo_focuskw_text_input":null,"_yoast_wpseo_opengraph-image":null,"_yoast_wpseo_opengraph-description":null,"_yoast_wpseo_opengraph-title":null,"enclosure":null,"_yoast_wpseo_twitter-title":null,"_yoast_wpseo_twitter-description":null,"_yoast_wpseo_twitter-image":null,"_wp_old_slug":null,"_yoast_wpseo_title":null,"_yoast_wpseo_canonical":null,"yoast_head":"<!-- This site is optimized with the Yoast SEO plugin v27.4 - https:\/\/yoast.com\/product\/yoast-seo-wordpress\/ -->\n<title>Zunahme der Straftaten in der Schweiz best\u00e4tigt sich - Save<\/title>\n<meta name=\"description\" content=\"Zum dritten Mal in Folge ist 2024 die Zahl der registrierten Straftaten in der Schweiz gestiegen - auf 563 633 Straftaten gem\u00e4ss StGB.\" \/>\n<meta name=\"robots\" content=\"index, follow, max-snippet:-1, max-image-preview:large, max-video-preview:-1\" \/>\n<link rel=\"canonical\" href=\"https:\/\/news.save.ch\/de\/zunahme-der-straftaten-in-der-schweiz-bestaetigt-sich\/\" \/>\n<meta property=\"og:locale\" content=\"de_DE\" \/>\n<meta property=\"og:type\" content=\"article\" \/>\n<meta property=\"og:title\" content=\"Zunahme der Straftaten in der Schweiz best\u00e4tigt sich - Save\" \/>\n<meta property=\"og:description\" content=\"Zum dritten Mal in Folge ist 2024 die Zahl der registrierten Straftaten in der Schweiz gestiegen - auf 563 633 Straftaten gem\u00e4ss StGB.\" \/>\n<meta property=\"og:url\" content=\"https:\/\/news.save.ch\/de\/zunahme-der-straftaten-in-der-schweiz-bestaetigt-sich\/\" \/>\n<meta property=\"og:site_name\" content=\"Save\" \/>\n<meta property=\"article:published_time\" content=\"2025-03-25T11:23:54+00:00\" \/>\n<meta property=\"article:modified_time\" content=\"2025-03-25T11:24:09+00:00\" \/>\n<meta property=\"og:image\" content=\"https:\/\/news.save.ch\/wp-content\/uploads\/2025\/03\/Depositphotos_141534106_S.jpg\" \/>\n\t<meta property=\"og:image:width\" content=\"1000\" \/>\n\t<meta property=\"og:image:height\" content=\"552\" \/>\n\t<meta property=\"og:image:type\" content=\"image\/jpeg\" \/>\n<meta name=\"author\" content=\"stefanie Zeng\" \/>\n<meta name=\"twitter:card\" content=\"summary_large_image\" \/>\n<meta name=\"twitter:label1\" content=\"Geschrieben von\" \/>\n\t<meta name=\"twitter:data1\" content=\"stefanie Zeng\" \/>\n\t<meta name=\"twitter:label2\" content=\"Gesch\u00e4tzte Lesezeit\" \/>\n\t<meta name=\"twitter:data2\" content=\"5\u00a0Minuten\" \/>\n<script type=\"application\/ld+json\" class=\"yoast-schema-graph\">{\"@context\":\"https:\\\/\\\/schema.org\",\"@graph\":[{\"@type\":\"Article\",\"@id\":\"https:\\\/\\\/news.save.ch\\\/zunahme-der-straftaten-in-der-schweiz-bestaetigt-sich\\\/#article\",\"isPartOf\":{\"@id\":\"https:\\\/\\\/news.save.ch\\\/zunahme-der-straftaten-in-der-schweiz-bestaetigt-sich\\\/\"},\"author\":{\"name\":\"stefanie Zeng\",\"@id\":\"https:\\\/\\\/news.save.ch\\\/de\\\/#\\\/schema\\\/person\\\/10917387362b3961e882740f6cf6f2a2\"},\"headline\":\"Zunahme der Straftaten in der Schweiz best\u00e4tigt sich\",\"datePublished\":\"2025-03-25T11:23:54+00:00\",\"dateModified\":\"2025-03-25T11:24:09+00:00\",\"mainEntityOfPage\":{\"@id\":\"https:\\\/\\\/news.save.ch\\\/zunahme-der-straftaten-in-der-schweiz-bestaetigt-sich\\\/\"},\"wordCount\":732,\"publisher\":{\"@id\":\"https:\\\/\\\/news.save.ch\\\/de\\\/#organization\"},\"image\":{\"@id\":\"https:\\\/\\\/news.save.ch\\\/zunahme-der-straftaten-in-der-schweiz-bestaetigt-sich\\\/#primaryimage\"},\"thumbnailUrl\":\"https:\\\/\\\/news.save.ch\\\/wp-content\\\/uploads\\\/2025\\\/03\\\/Depositphotos_141534106_S.jpg\",\"keywords\":[\"digitale Straftaten\",\"Einbruch- und Einschleichdiebst\u00e4hle\",\"Gewaltstraftaten\",\"KKPKS\",\"Verm\u00f6gensstraftaten\"],\"articleSection\":[\"SICHERHEIT\"],\"inLanguage\":\"de\"},{\"@type\":\"WebPage\",\"@id\":\"https:\\\/\\\/news.save.ch\\\/zunahme-der-straftaten-in-der-schweiz-bestaetigt-sich\\\/\",\"url\":\"https:\\\/\\\/news.save.ch\\\/zunahme-der-straftaten-in-der-schweiz-bestaetigt-sich\\\/\",\"name\":\"Zunahme der Straftaten in der Schweiz best\u00e4tigt sich - Save\",\"isPartOf\":{\"@id\":\"https:\\\/\\\/news.save.ch\\\/de\\\/#website\"},\"primaryImageOfPage\":{\"@id\":\"https:\\\/\\\/news.save.ch\\\/zunahme-der-straftaten-in-der-schweiz-bestaetigt-sich\\\/#primaryimage\"},\"image\":{\"@id\":\"https:\\\/\\\/news.save.ch\\\/zunahme-der-straftaten-in-der-schweiz-bestaetigt-sich\\\/#primaryimage\"},\"thumbnailUrl\":\"https:\\\/\\\/news.save.ch\\\/wp-content\\\/uploads\\\/2025\\\/03\\\/Depositphotos_141534106_S.jpg\",\"datePublished\":\"2025-03-25T11:23:54+00:00\",\"dateModified\":\"2025-03-25T11:24:09+00:00\",\"description\":\"Zum dritten Mal in Folge ist 2024 die Zahl der registrierten Straftaten in der Schweiz gestiegen - auf 563 633 Straftaten gem\u00e4ss StGB.\",\"breadcrumb\":{\"@id\":\"https:\\\/\\\/news.save.ch\\\/zunahme-der-straftaten-in-der-schweiz-bestaetigt-sich\\\/#breadcrumb\"},\"inLanguage\":\"de\",\"potentialAction\":[{\"@type\":\"ReadAction\",\"target\":[\"https:\\\/\\\/news.save.ch\\\/zunahme-der-straftaten-in-der-schweiz-bestaetigt-sich\\\/\"]}]},{\"@type\":\"ImageObject\",\"inLanguage\":\"de\",\"@id\":\"https:\\\/\\\/news.save.ch\\\/zunahme-der-straftaten-in-der-schweiz-bestaetigt-sich\\\/#primaryimage\",\"url\":\"https:\\\/\\\/news.save.ch\\\/wp-content\\\/uploads\\\/2025\\\/03\\\/Depositphotos_141534106_S.jpg\",\"contentUrl\":\"https:\\\/\\\/news.save.ch\\\/wp-content\\\/uploads\\\/2025\\\/03\\\/Depositphotos_141534106_S.jpg\",\"width\":1000,\"height\":552,\"caption\":\"Foto: Depositphotos\\\/aa-w\"},{\"@type\":\"BreadcrumbList\",\"@id\":\"https:\\\/\\\/news.save.ch\\\/zunahme-der-straftaten-in-der-schweiz-bestaetigt-sich\\\/#breadcrumb\",\"itemListElement\":[{\"@type\":\"ListItem\",\"position\":1,\"name\":\"Home\",\"item\":\"https:\\\/\\\/news.save.ch\\\/de\\\/\"},{\"@type\":\"ListItem\",\"position\":2,\"name\":\"Zunahme der Straftaten in der Schweiz best\u00e4tigt sich\"}]},{\"@type\":\"WebSite\",\"@id\":\"https:\\\/\\\/news.save.ch\\\/de\\\/#website\",\"url\":\"https:\\\/\\\/news.save.ch\\\/de\\\/\",\"name\":\"Save\",\"description\":\"Schweizer Fachzeitschrift f\u00fcr Sicherheit\",\"publisher\":{\"@id\":\"https:\\\/\\\/news.save.ch\\\/de\\\/#organization\"},\"potentialAction\":[{\"@type\":\"SearchAction\",\"target\":{\"@type\":\"EntryPoint\",\"urlTemplate\":\"https:\\\/\\\/news.save.ch\\\/de\\\/?s={search_term_string}\"},\"query-input\":{\"@type\":\"PropertyValueSpecification\",\"valueRequired\":true,\"valueName\":\"search_term_string\"}}],\"inLanguage\":\"de\"},{\"@type\":\"Organization\",\"@id\":\"https:\\\/\\\/news.save.ch\\\/de\\\/#organization\",\"name\":\"Sicherheitsforum\",\"url\":\"https:\\\/\\\/news.save.ch\\\/de\\\/\",\"logo\":{\"@type\":\"ImageObject\",\"inLanguage\":\"de\",\"@id\":\"https:\\\/\\\/news.save.ch\\\/de\\\/#\\\/schema\\\/logo\\\/image\\\/\",\"url\":\"https:\\\/\\\/news.save.ch\\\/wp-content\\\/uploads\\\/2022\\\/06\\\/Logo_SF_2012.png\",\"contentUrl\":\"https:\\\/\\\/news.save.ch\\\/wp-content\\\/uploads\\\/2022\\\/06\\\/Logo_SF_2012.png\",\"width\":1100,\"height\":91,\"caption\":\"Sicherheitsforum\"},\"image\":{\"@id\":\"https:\\\/\\\/news.save.ch\\\/de\\\/#\\\/schema\\\/logo\\\/image\\\/\"}},{\"@type\":\"Person\",\"@id\":\"https:\\\/\\\/news.save.ch\\\/de\\\/#\\\/schema\\\/person\\\/10917387362b3961e882740f6cf6f2a2\",\"name\":\"stefanie Zeng\",\"image\":{\"@type\":\"ImageObject\",\"inLanguage\":\"de\",\"@id\":\"https:\\\/\\\/secure.gravatar.com\\\/avatar\\\/eac43faa6e40bb2c41068c95c9d78bbd94c476d5efdff7abaab80bb3ea681e06?s=96&d=mm&r=g\",\"url\":\"https:\\\/\\\/secure.gravatar.com\\\/avatar\\\/eac43faa6e40bb2c41068c95c9d78bbd94c476d5efdff7abaab80bb3ea681e06?s=96&d=mm&r=g\",\"contentUrl\":\"https:\\\/\\\/secure.gravatar.com\\\/avatar\\\/eac43faa6e40bb2c41068c95c9d78bbd94c476d5efdff7abaab80bb3ea681e06?s=96&d=mm&r=g\",\"caption\":\"stefanie Zeng\"},\"url\":\"https:\\\/\\\/news.save.ch\\\/de\\\/author\\\/stefanie-zeng\\\/\"}]}<\/script>\n<!-- \/ Yoast SEO plugin. -->","yoast_head_json":{"title":"Zunahme der Straftaten in der Schweiz best\u00e4tigt sich - Save","description":"Zum dritten Mal in Folge ist 2024 die Zahl der registrierten Straftaten in der Schweiz gestiegen - auf 563 633 Straftaten gem\u00e4ss StGB.","robots":{"index":"index","follow":"follow","max-snippet":"max-snippet:-1","max-image-preview":"max-image-preview:large","max-video-preview":"max-video-preview:-1"},"canonical":"https:\/\/news.save.ch\/de\/zunahme-der-straftaten-in-der-schweiz-bestaetigt-sich\/","og_locale":"de_DE","og_type":"article","og_title":"Zunahme der Straftaten in der Schweiz best\u00e4tigt sich - Save","og_description":"Zum dritten Mal in Folge ist 2024 die Zahl der registrierten Straftaten in der Schweiz gestiegen - auf 563 633 Straftaten gem\u00e4ss StGB.","og_url":"https:\/\/news.save.ch\/de\/zunahme-der-straftaten-in-der-schweiz-bestaetigt-sich\/","og_site_name":"Save","article_published_time":"2025-03-25T11:23:54+00:00","article_modified_time":"2025-03-25T11:24:09+00:00","og_image":[{"width":1000,"height":552,"url":"https:\/\/news.save.ch\/wp-content\/uploads\/2025\/03\/Depositphotos_141534106_S.jpg","type":"image\/jpeg"}],"author":"stefanie Zeng","twitter_card":"summary_large_image","twitter_misc":{"Geschrieben von":"stefanie Zeng","Gesch\u00e4tzte Lesezeit":"5\u00a0Minuten"},"schema":{"@context":"https:\/\/schema.org","@graph":[{"@type":"Article","@id":"https:\/\/news.save.ch\/zunahme-der-straftaten-in-der-schweiz-bestaetigt-sich\/#article","isPartOf":{"@id":"https:\/\/news.save.ch\/zunahme-der-straftaten-in-der-schweiz-bestaetigt-sich\/"},"author":{"name":"stefanie Zeng","@id":"https:\/\/news.save.ch\/de\/#\/schema\/person\/10917387362b3961e882740f6cf6f2a2"},"headline":"Zunahme der Straftaten in der Schweiz best\u00e4tigt sich","datePublished":"2025-03-25T11:23:54+00:00","dateModified":"2025-03-25T11:24:09+00:00","mainEntityOfPage":{"@id":"https:\/\/news.save.ch\/zunahme-der-straftaten-in-der-schweiz-bestaetigt-sich\/"},"wordCount":732,"publisher":{"@id":"https:\/\/news.save.ch\/de\/#organization"},"image":{"@id":"https:\/\/news.save.ch\/zunahme-der-straftaten-in-der-schweiz-bestaetigt-sich\/#primaryimage"},"thumbnailUrl":"https:\/\/news.save.ch\/wp-content\/uploads\/2025\/03\/Depositphotos_141534106_S.jpg","keywords":["digitale Straftaten","Einbruch- und Einschleichdiebst\u00e4hle","Gewaltstraftaten","KKPKS","Verm\u00f6gensstraftaten"],"articleSection":["SICHERHEIT"],"inLanguage":"de"},{"@type":"WebPage","@id":"https:\/\/news.save.ch\/zunahme-der-straftaten-in-der-schweiz-bestaetigt-sich\/","url":"https:\/\/news.save.ch\/zunahme-der-straftaten-in-der-schweiz-bestaetigt-sich\/","name":"Zunahme der Straftaten in der Schweiz best\u00e4tigt sich - Save","isPartOf":{"@id":"https:\/\/news.save.ch\/de\/#website"},"primaryImageOfPage":{"@id":"https:\/\/news.save.ch\/zunahme-der-straftaten-in-der-schweiz-bestaetigt-sich\/#primaryimage"},"image":{"@id":"https:\/\/news.save.ch\/zunahme-der-straftaten-in-der-schweiz-bestaetigt-sich\/#primaryimage"},"thumbnailUrl":"https:\/\/news.save.ch\/wp-content\/uploads\/2025\/03\/Depositphotos_141534106_S.jpg","datePublished":"2025-03-25T11:23:54+00:00","dateModified":"2025-03-25T11:24:09+00:00","description":"Zum dritten Mal in Folge ist 2024 die Zahl der registrierten Straftaten in der Schweiz gestiegen - auf 563 633 Straftaten gem\u00e4ss StGB.","breadcrumb":{"@id":"https:\/\/news.save.ch\/zunahme-der-straftaten-in-der-schweiz-bestaetigt-sich\/#breadcrumb"},"inLanguage":"de","potentialAction":[{"@type":"ReadAction","target":["https:\/\/news.save.ch\/zunahme-der-straftaten-in-der-schweiz-bestaetigt-sich\/"]}]},{"@type":"ImageObject","inLanguage":"de","@id":"https:\/\/news.save.ch\/zunahme-der-straftaten-in-der-schweiz-bestaetigt-sich\/#primaryimage","url":"https:\/\/news.save.ch\/wp-content\/uploads\/2025\/03\/Depositphotos_141534106_S.jpg","contentUrl":"https:\/\/news.save.ch\/wp-content\/uploads\/2025\/03\/Depositphotos_141534106_S.jpg","width":1000,"height":552,"caption":"Foto: Depositphotos\/aa-w"},{"@type":"BreadcrumbList","@id":"https:\/\/news.save.ch\/zunahme-der-straftaten-in-der-schweiz-bestaetigt-sich\/#breadcrumb","itemListElement":[{"@type":"ListItem","position":1,"name":"Home","item":"https:\/\/news.save.ch\/de\/"},{"@type":"ListItem","position":2,"name":"Zunahme der Straftaten in der Schweiz best\u00e4tigt sich"}]},{"@type":"WebSite","@id":"https:\/\/news.save.ch\/de\/#website","url":"https:\/\/news.save.ch\/de\/","name":"Save","description":"Schweizer Fachzeitschrift f\u00fcr Sicherheit","publisher":{"@id":"https:\/\/news.save.ch\/de\/#organization"},"potentialAction":[{"@type":"SearchAction","target":{"@type":"EntryPoint","urlTemplate":"https:\/\/news.save.ch\/de\/?s={search_term_string}"},"query-input":{"@type":"PropertyValueSpecification","valueRequired":true,"valueName":"search_term_string"}}],"inLanguage":"de"},{"@type":"Organization","@id":"https:\/\/news.save.ch\/de\/#organization","name":"Sicherheitsforum","url":"https:\/\/news.save.ch\/de\/","logo":{"@type":"ImageObject","inLanguage":"de","@id":"https:\/\/news.save.ch\/de\/#\/schema\/logo\/image\/","url":"https:\/\/news.save.ch\/wp-content\/uploads\/2022\/06\/Logo_SF_2012.png","contentUrl":"https:\/\/news.save.ch\/wp-content\/uploads\/2022\/06\/Logo_SF_2012.png","width":1100,"height":91,"caption":"Sicherheitsforum"},"image":{"@id":"https:\/\/news.save.ch\/de\/#\/schema\/logo\/image\/"}},{"@type":"Person","@id":"https:\/\/news.save.ch\/de\/#\/schema\/person\/10917387362b3961e882740f6cf6f2a2","name":"stefanie Zeng","image":{"@type":"ImageObject","inLanguage":"de","@id":"https:\/\/secure.gravatar.com\/avatar\/eac43faa6e40bb2c41068c95c9d78bbd94c476d5efdff7abaab80bb3ea681e06?s=96&d=mm&r=g","url":"https:\/\/secure.gravatar.com\/avatar\/eac43faa6e40bb2c41068c95c9d78bbd94c476d5efdff7abaab80bb3ea681e06?s=96&d=mm&r=g","contentUrl":"https:\/\/secure.gravatar.com\/avatar\/eac43faa6e40bb2c41068c95c9d78bbd94c476d5efdff7abaab80bb3ea681e06?s=96&d=mm&r=g","caption":"stefanie Zeng"},"url":"https:\/\/news.save.ch\/de\/author\/stefanie-zeng\/"}]}},"_links":{"self":[{"href":"https:\/\/news.save.ch\/de\/wp-json\/wp\/v2\/posts\/24102","targetHints":{"allow":["GET"]}}],"collection":[{"href":"https:\/\/news.save.ch\/de\/wp-json\/wp\/v2\/posts"}],"about":[{"href":"https:\/\/news.save.ch\/de\/wp-json\/wp\/v2\/types\/post"}],"author":[{"embeddable":true,"href":"https:\/\/news.save.ch\/de\/wp-json\/wp\/v2\/users\/31"}],"replies":[{"embeddable":true,"href":"https:\/\/news.save.ch\/de\/wp-json\/wp\/v2\/comments?post=24102"}],"version-history":[{"count":2,"href":"https:\/\/news.save.ch\/de\/wp-json\/wp\/v2\/posts\/24102\/revisions"}],"predecessor-version":[{"id":24105,"href":"https:\/\/news.save.ch\/de\/wp-json\/wp\/v2\/posts\/24102\/revisions\/24105"}],"wp:featuredmedia":[{"embeddable":true,"href":"https:\/\/news.save.ch\/de\/wp-json\/wp\/v2\/media\/24103"}],"wp:attachment":[{"href":"https:\/\/news.save.ch\/de\/wp-json\/wp\/v2\/media?parent=24102"}],"wp:term":[{"taxonomy":"category","embeddable":true,"href":"https:\/\/news.save.ch\/de\/wp-json\/wp\/v2\/categories?post=24102"},{"taxonomy":"post_tag","embeddable":true,"href":"https:\/\/news.save.ch\/de\/wp-json\/wp\/v2\/tags?post=24102"}],"curies":[{"name":"wp","href":"https:\/\/api.w.org\/{rel}","templated":true}]}}