{"id":24184,"date":"2025-04-16T10:04:04","date_gmt":"2025-04-16T08:04:04","guid":{"rendered":"https:\/\/news.save.ch\/?p=24184"},"modified":"2025-04-16T10:14:42","modified_gmt":"2025-04-16T08:14:42","slug":"fuehrungskraefte-muessen-hinter-der-arbeitssicherheit-stehen","status":null,"type":"post","link":"https:\/\/news.save.ch\/de\/fuehrungskraefte-muessen-hinter-der-arbeitssicherheit-stehen\/","title":{"rendered":"\u00abF\u00fchrungskr\u00e4fte m\u00fcssen hinter der Arbeitssicherheit \u00adstehen\u00bb"},"content":{"rendered":"<figure id=\"attachment_24186\" aria-describedby=\"caption-attachment-24186\" style=\"width: 1400px\" class=\"wp-caption alignnone\"><a href=\"https:\/\/news.save.ch\/fuehrungskraefte-muessen-hinter-der-arbeitssicherheit-stehen\/bild_robert_jaeggi-2\/\" rel=\"attachment wp-att-24186\"><img loading=\"lazy\" decoding=\"async\" class=\"size-full wp-image-24186\" src=\"https:\/\/news.save.ch\/wp-content\/uploads\/2025\/04\/Bild_Robert_Jaeggi-1-scaled.jpg\" alt=\"\" width=\"1400\" height=\"931\" srcset=\"https:\/\/news.save.ch\/wp-content\/uploads\/2025\/04\/Bild_Robert_Jaeggi-1-scaled.jpg 1200w, https:\/\/news.save.ch\/wp-content\/uploads\/2025\/04\/Bild_Robert_Jaeggi-1-680x452.jpg 680w, https:\/\/news.save.ch\/wp-content\/uploads\/2025\/04\/Bild_Robert_Jaeggi-1-1024x681.jpg 1024w, https:\/\/news.save.ch\/wp-content\/uploads\/2025\/04\/Bild_Robert_Jaeggi-1-768x511.jpg 768w, https:\/\/news.save.ch\/wp-content\/uploads\/2025\/04\/Bild_Robert_Jaeggi-1-1536x1022.jpg 1536w, https:\/\/news.save.ch\/wp-content\/uploads\/2025\/04\/Bild_Robert_Jaeggi-1-2048x1363.jpg 2048w, https:\/\/news.save.ch\/wp-content\/uploads\/2025\/04\/Bild_Robert_Jaeggi-1-18x12.jpg 18w, https:\/\/news.save.ch\/wp-content\/uploads\/2025\/04\/Bild_Robert_Jaeggi-1-375x249.jpg 375w, https:\/\/news.save.ch\/wp-content\/uploads\/2025\/04\/Bild_Robert_Jaeggi-1-526x350.jpg 526w, https:\/\/news.save.ch\/wp-content\/uploads\/2025\/04\/Bild_Robert_Jaeggi-1-1000x665.jpg 1000w\" sizes=\"auto, (max-width: 1400px) 100vw, 1400px\" \/><\/a><figcaption id=\"caption-attachment-24186\" class=\"wp-caption-text\">Robert J\u00e4ggi ist seit 2020 bei Entsorgung + Recycling Z\u00fcrich. Er hat Mechaniker gelernt und sich bis zum Spezialisten f\u00fcr Arbeits-sicherheit und Gesundheitsschutz (ASGS) weitergebildet. \u00a9 zVg<\/figcaption><\/figure>\n<p><em>Herr J\u00e4ggi, k\u00f6nnen Sie uns einen kurzen \u00dcberblick \u00fcber Ihre Rolle als Sicherheitsbeauftragter bei Entsorgung + Recycling Z\u00fcrich (ERZ) geben?<\/em><\/p>\n<p>Robert J\u00e4ggi: Ich bin bestrebt, menschliches Leid zu vermeiden. Das ist meine Hauptaufgabe. Dazu geh\u00f6rt es, Unf\u00e4lle und Ausfalltage zu verringern und das Know-how der Mitarbeitenden im Bereich Arbeits- und Gesundheitsschutz zu f\u00f6rdern und zu erhalten. Unsere Mitarbeitenden haben sehr unterschiedliche Arbeitsgebiete: vom Mitarbeitenden in der Entsorgung und Kehrichtverwertung bis hin zu B\u00fcroangestellten, die nat\u00fcrlich ganz andere Gef\u00e4hrdungen haben. Je nachdem ver\u00e4ndert sich auch der Fokus in Bezug auf Arbeitssicherheit und Gesundheit.<\/p>\n<p><em>Wie hat sich Ihr Aufgabenbereich in den letzten Jahren entwickelt?<\/em><\/p>\n<p>In den letzten Jahren gab es viele neue Vorschriften, und sowohl Mitarbeitende als auch Vorgesetzte haben ein gr\u00f6sseres Verst\u00e4ndnis f\u00fcr Arbeitssicherheit entwickelt. Ein Beispiel: Letztes Jahr gab es von der SUVA eine neue Vorschrift, dass Bediener oder Bedienerinnen von Industriekr\u00e4nen nicht mehr nur eine interne Instruktion brauchen, sondern einen offiziellen Kurs. Dort habe ich kurzfristig gekl\u00e4rt, wer betroffen ist, wie hoch das Budget ist und wie wir diese neue Anforderung umsetzen k\u00f6nnen. Ich musste also kurzfristig die Gesch\u00e4ftsleitung an Bord holen und erkl\u00e4ren, warum der SiBe pl\u00f6tzlich mehr Budget braucht. Solche Situationen passieren nicht oft, sind aber herausfordernd.<\/p>\n<p><em>Wie viele Mitarbeitende betreuen Sie in Bezug auf Arbeitssicherheit?<\/em><\/p>\n<p>Ich selbst betreue die Bereiche Kehrichtverwertungsanlage und Logistik. Zudem haben wir 25 Betriebssanit\u00e4ter sowie \u00fcber 30 Bereichs-SiBes. Ich selbst bin Spezialist ASGS. Die Bereichs-SiBes sind die Spezialisten vor Ort. An jedem unserer Standorte in der Stadt gibt es einen Bereichs-SiBe, die sozusagen als mein verl\u00e4ngerter Arm fungieren. Ich bin deren Fachvorgesetzter punkto ASGS, unterstellt sind sie den jeweiligen Linienvorgesetzten. Ich habe zu allen regelm\u00e4ssig Kontakt, alle Mitarbeitenden k\u00f6nnen zu mir kommen. Meist melden sich die Bereichs-SiBes, wenn es M\u00e4ngel gibt oder Fragen auftauchen.<\/p>\n<p><em>Wie sieht ein typischer Arbeitstag bei Ihnen aus?<\/em><\/p>\n<p>Kein Tag ist wie der andere. Ich beginne um 6 Uhr morgens, bearbeite meine E-Mails in Ruhe. Danach folgen oft Sitzungen, Anfragen von Vorgesetzten, die etwas vor Ort anschauen wollen, oder Rundg\u00e4nge, bei denen ich hinzugezogen werde. Ich bin stark extern gesteuert.<\/p>\n<p><em>K\u00f6nnen Sie uns Zahlen zu Unfallstatistiken bei ERZ Z\u00fcrich nennen?<\/em><\/p>\n<p>Das ist komplex zu beantworten. Die SUVA geht beispielsweise bei 1.000 Vollzeitbesch\u00e4ftigte im Schnitt der Branche \u00f6ffentliche Verwaltung\/Abfallbeseitigung von 90 Unf\u00e4llen aus. Wir liegen mit 72 darunter. Das ist zwar gut, aber zur\u00fccklehnen k\u00f6nnen wir uns trotzdem nicht.<\/p>\n<p><em>Wie kommen Sie auf diese Zahlen?<\/em><\/p>\n<p>Wir erfassen jeden Vorfall, um herauszufinden, was passiert ist und wie wir so etwas in Zukunft vermeiden k\u00f6nnen. Als Unfall z\u00e4hlt ein Zwischenfall, wenn er zu mehr als einem Absenztag f\u00fchrt. Ein kleiner Schnitt, der sich mit einem Pflaster behandeln l\u00e4sst, z\u00e4hlt nicht mit.<\/p>\n<p><em>Welche Abteilungen oder T\u00e4tigkeiten sind besonders unfallgef\u00e4hrdet?<\/em><\/p>\n<p>Besonders betroffen sind nat\u00fcrlich Mitarbeitende, die draussen arbeiten, insbesondere im Strassenverkehr oder unter freiem Himmel. Das Wetter spielt eine grosse Rolle. Bei einem milden Winter gibt es weniger Unf\u00e4lle, aber bei pl\u00f6tzlichem Wintereinbruch steigt das Risiko. F\u00fcr unsere Mitarbeitenden im B\u00fcro sind Stolperunf\u00e4lle die gr\u00f6sste Gefahr.<\/p>\n<p><em>Wie viele Schulungen oder Weiterbildungen im Bereich Arbeitssicherheit werden j\u00e4hrlich durchgef\u00fchrt?<\/em><\/p>\n<p>Alle neuen Mitarbeitenden erhalten am ersten Arbeitstag eine Sicherheitsunterweisung. Danach gibt es regelm\u00e4ssige Schulungen und Wiederholungen, Erste Hilfe und Brandschutz beispielsweise schulen wir alle f\u00fcnf Jahre.<\/p>\n<p>Wir f\u00fchren auch gezielte Kampagnen durch. So haben wir zum Beispiel einen Stolperparcours der SUVA bei uns aufgebaut und die Mitarbeitenden sensibilisiert. In der Logistik haben wir beobachtet, wie Mitarbeitende von Fahrzeugen abspringen, bevor diese vollst\u00e4ndig angehalten hatten. Auch hier haben wir nat\u00fcrlich f\u00fcr die Gefahren sensibilisiert.<\/p>\n<p><em>Wie messen Sie den Erfolg Ihrer Pr\u00e4ventionsmassnahmen?<\/em><\/p>\n<p>Beim Stolperparcours haben wir festgestellt, dass nach der ersten Durchf\u00fchrung die Stolperunf\u00e4lle stark gesunken sind. Danach stiegen sie langsam wieder an, also haben wir die Schulung wiederholt. Man muss immer am Ball bleiben.<\/p>\n<p><em>Wie hoch ist das Budget f\u00fcr Arbeitssicherheitsmassnahmen?<\/em><\/p>\n<p>Wir haben ein laufendes Budget von rund 350.000 Franken f\u00fcr Materialien und Schulungen. Falls aussergew\u00f6hnliche Massnahmen notwendig sind, wie im Beispiel der Kr\u00e4ne, wenden wir uns an die Gesch\u00e4ftsleitung.<\/p>\n<p><em>Welche neuen Technologien oder Ans\u00e4tze nutzen Sie?<\/em><\/p>\n<p>Wir versuchen immer auf dem neuesten Stand zu bleiben, besuchen Messen und tauschen uns in Netzwerken wie dem SUVA-SiBe-Netzwerk aus. Ausserdem testen wir neue Technologien, zum Beispiel ein Exoskelett. Einige fanden es unpraktisch, andere wiederum sehr hilfreich.<\/p>\n<p><em>Wie f\u00f6rdern Sie eine Sicherheitskultur?<\/em><\/p>\n<p>Ich binde die Betroffenen aktiv ein. Taucht irgendwo ein Problem auf, frage ich bei den Mitarbeitenden nach, was Sache ist. Mir ist wichtig, niemandem etwas aufzuzwingen. Vielmehr will ich alle zum Mitmachen motivieren.<\/p>\n<p><em>Was motiviert Sie in Ihrer Rolle?<\/em><\/p>\n<p>Ich bekomme Einblicke in viele Arbeitsbereiche, von der Kehrichtverbrennung bis zum Kraftwerk. Es ist spannend und vielseitig. Mir liegt das Wohlergehen der Mitarbeitenden am Herzen. Sie sollen gesund nach Hause kommen.<\/p>\n<p><em>Haben Sie eine Botschaft an andere Unternehmen?<\/em><\/p>\n<p>F\u00fchrungskr\u00e4fte m\u00fcssen bedingungslos hinter der Arbeitssicherheit stehen. Ohne ihre Unterst\u00fctzung ist es schwer. Sie sollten den SiBes vertrauen und sie ihre Arbeit machen lassen.<\/p>\n","protected":false},"excerpt":{"rendered":"<p>Herr J\u00e4ggi, k\u00f6nnen Sie uns einen kurzen \u00dcberblick \u00fcber Ihre Rolle als Sicherheitsbeauftragter bei Entsorgung + Recycling Z\u00fcrich (ERZ) geben? Robert J\u00e4ggi: Ich bin bestrebt, menschliches Leid zu vermeiden. Das ist meine Hauptaufgabe. Dazu geh\u00f6rt es, Unf\u00e4lle und Ausfalltage zu verringern und das Know-how der Mitarbeitenden im Bereich Arbeits- und Gesundheitsschutz zu f\u00f6rdern und zu [&hellip;]<\/p>\n","protected":false},"author":31,"featured_media":24186,"comment_status":"closed","ping_status":"closed","sticky":false,"template":"","format":"standard","meta":{"_acf_changed":false,"pgc_sgb_lightbox_settings":"","footnotes":""},"categories":[3314],"tags":[6577,1071],"class_list":["post-24184","post","type-post","status-publish","format-standard","has-post-thumbnail","hentry","category-health-safety","tag-entsorgung-recycling-zuerich","tag-sibe"],"acf":[],"hkrextid":null,"publication":null,"issue":null,"workflow":null,"startPage":null,"spitzmarke":null,"_posts_by_tag_page_fields":null,"_at_widget":null,"_yoast_wpseo_primary_category":"3314","_yoast_wpseo_focuskw_text_input":null,"_yoast_wpseo_opengraph-image":null,"_yoast_wpseo_opengraph-description":null,"_yoast_wpseo_opengraph-title":null,"enclosure":null,"_yoast_wpseo_twitter-title":null,"_yoast_wpseo_twitter-description":null,"_yoast_wpseo_twitter-image":null,"_wp_old_slug":null,"_yoast_wpseo_title":null,"_yoast_wpseo_canonical":null,"yoast_head":"<!-- This site is optimized with the Yoast SEO plugin v27.4 - https:\/\/yoast.com\/product\/yoast-seo-wordpress\/ -->\n<title>\u00abF\u00fchrungskr\u00e4fte m\u00fcssen hinter der Arbeitssicherheit \u00adstehen\u00bb - Save<\/title>\n<meta name=\"description\" content=\"Robert J\u00e4ggi, SiBe bei Entsorgung + Recycling Z\u00fcrich, setzt sich t\u00e4glich daf\u00fcr ein, Unf\u00e4lle zu vermeiden und die Gesundheit der Mitarbeitenden zu sch\u00fctzen.\" \/>\n<meta name=\"robots\" content=\"index, follow, max-snippet:-1, max-image-preview:large, max-video-preview:-1\" \/>\n<link rel=\"canonical\" href=\"https:\/\/news.save.ch\/de\/fuehrungskraefte-muessen-hinter-der-arbeitssicherheit-stehen\/\" \/>\n<meta property=\"og:locale\" content=\"de_DE\" \/>\n<meta property=\"og:type\" content=\"article\" \/>\n<meta property=\"og:title\" content=\"\u00abF\u00fchrungskr\u00e4fte m\u00fcssen hinter der Arbeitssicherheit \u00adstehen\u00bb - Save\" \/>\n<meta property=\"og:description\" content=\"Robert J\u00e4ggi, SiBe bei Entsorgung + Recycling Z\u00fcrich, setzt sich t\u00e4glich daf\u00fcr ein, Unf\u00e4lle zu vermeiden und die Gesundheit der Mitarbeitenden zu sch\u00fctzen.\" \/>\n<meta property=\"og:url\" content=\"https:\/\/news.save.ch\/de\/fuehrungskraefte-muessen-hinter-der-arbeitssicherheit-stehen\/\" \/>\n<meta property=\"og:site_name\" content=\"Save\" \/>\n<meta property=\"article:published_time\" content=\"2025-04-16T08:04:04+00:00\" \/>\n<meta property=\"article:modified_time\" content=\"2025-04-16T08:14:42+00:00\" \/>\n<meta property=\"og:image\" content=\"https:\/\/news.save.ch\/wp-content\/uploads\/2025\/04\/Bild_Robert_Jaeggi-1-scaled.jpg\" \/>\n\t<meta property=\"og:image:width\" content=\"1200\" \/>\n\t<meta property=\"og:image:height\" content=\"798\" \/>\n\t<meta property=\"og:image:type\" content=\"image\/jpeg\" \/>\n<meta name=\"author\" content=\"stefanie Zeng\" \/>\n<meta name=\"twitter:card\" content=\"summary_large_image\" \/>\n<meta name=\"twitter:label1\" content=\"Geschrieben von\" \/>\n\t<meta name=\"twitter:data1\" content=\"stefanie Zeng\" \/>\n\t<meta name=\"twitter:label2\" content=\"Gesch\u00e4tzte Lesezeit\" \/>\n\t<meta name=\"twitter:data2\" content=\"6\u00a0Minuten\" \/>\n<script type=\"application\/ld+json\" class=\"yoast-schema-graph\">{\"@context\":\"https:\\\/\\\/schema.org\",\"@graph\":[{\"@type\":\"Article\",\"@id\":\"https:\\\/\\\/news.save.ch\\\/fuehrungskraefte-muessen-hinter-der-arbeitssicherheit-stehen\\\/#article\",\"isPartOf\":{\"@id\":\"https:\\\/\\\/news.save.ch\\\/fuehrungskraefte-muessen-hinter-der-arbeitssicherheit-stehen\\\/\"},\"author\":{\"name\":\"stefanie Zeng\",\"@id\":\"https:\\\/\\\/news.save.ch\\\/de\\\/#\\\/schema\\\/person\\\/10917387362b3961e882740f6cf6f2a2\"},\"headline\":\"\u00abF\u00fchrungskr\u00e4fte m\u00fcssen hinter der Arbeitssicherheit \u00adstehen\u00bb\",\"datePublished\":\"2025-04-16T08:04:04+00:00\",\"dateModified\":\"2025-04-16T08:14:42+00:00\",\"mainEntityOfPage\":{\"@id\":\"https:\\\/\\\/news.save.ch\\\/fuehrungskraefte-muessen-hinter-der-arbeitssicherheit-stehen\\\/\"},\"wordCount\":907,\"publisher\":{\"@id\":\"https:\\\/\\\/news.save.ch\\\/de\\\/#organization\"},\"image\":{\"@id\":\"https:\\\/\\\/news.save.ch\\\/fuehrungskraefte-muessen-hinter-der-arbeitssicherheit-stehen\\\/#primaryimage\"},\"thumbnailUrl\":\"https:\\\/\\\/news.save.ch\\\/wp-content\\\/uploads\\\/2025\\\/04\\\/Bild_Robert_Jaeggi-1-scaled.jpg\",\"keywords\":[\"Entsorgung + Recycling Z\u00fcrich\",\"SiBe\"],\"articleSection\":[\"HEALTH &amp; SAFETY\"],\"inLanguage\":\"de\"},{\"@type\":\"WebPage\",\"@id\":\"https:\\\/\\\/news.save.ch\\\/fuehrungskraefte-muessen-hinter-der-arbeitssicherheit-stehen\\\/\",\"url\":\"https:\\\/\\\/news.save.ch\\\/fuehrungskraefte-muessen-hinter-der-arbeitssicherheit-stehen\\\/\",\"name\":\"\u00abF\u00fchrungskr\u00e4fte m\u00fcssen hinter der Arbeitssicherheit \u00adstehen\u00bb - Save\",\"isPartOf\":{\"@id\":\"https:\\\/\\\/news.save.ch\\\/de\\\/#website\"},\"primaryImageOfPage\":{\"@id\":\"https:\\\/\\\/news.save.ch\\\/fuehrungskraefte-muessen-hinter-der-arbeitssicherheit-stehen\\\/#primaryimage\"},\"image\":{\"@id\":\"https:\\\/\\\/news.save.ch\\\/fuehrungskraefte-muessen-hinter-der-arbeitssicherheit-stehen\\\/#primaryimage\"},\"thumbnailUrl\":\"https:\\\/\\\/news.save.ch\\\/wp-content\\\/uploads\\\/2025\\\/04\\\/Bild_Robert_Jaeggi-1-scaled.jpg\",\"datePublished\":\"2025-04-16T08:04:04+00:00\",\"dateModified\":\"2025-04-16T08:14:42+00:00\",\"description\":\"Robert J\u00e4ggi, SiBe bei Entsorgung + Recycling Z\u00fcrich, setzt sich t\u00e4glich daf\u00fcr ein, Unf\u00e4lle zu vermeiden und die Gesundheit der Mitarbeitenden zu sch\u00fctzen.\",\"breadcrumb\":{\"@id\":\"https:\\\/\\\/news.save.ch\\\/fuehrungskraefte-muessen-hinter-der-arbeitssicherheit-stehen\\\/#breadcrumb\"},\"inLanguage\":\"de\",\"potentialAction\":[{\"@type\":\"ReadAction\",\"target\":[\"https:\\\/\\\/news.save.ch\\\/fuehrungskraefte-muessen-hinter-der-arbeitssicherheit-stehen\\\/\"]}]},{\"@type\":\"ImageObject\",\"inLanguage\":\"de\",\"@id\":\"https:\\\/\\\/news.save.ch\\\/fuehrungskraefte-muessen-hinter-der-arbeitssicherheit-stehen\\\/#primaryimage\",\"url\":\"https:\\\/\\\/news.save.ch\\\/wp-content\\\/uploads\\\/2025\\\/04\\\/Bild_Robert_Jaeggi-1-scaled.jpg\",\"contentUrl\":\"https:\\\/\\\/news.save.ch\\\/wp-content\\\/uploads\\\/2025\\\/04\\\/Bild_Robert_Jaeggi-1-scaled.jpg\",\"width\":1200,\"height\":798,\"caption\":\"Robert J\u00e4ggi ist seit 2020 bei Entsorgung + Recycling Z\u00fcrich. Er hat Mechaniker gelernt und sich bis zum Spezialisten f\u00fcr Arbeits-sicherheit und Gesundheitsschutz (ASGS) weitergebildet. \u00a9 zVg\"},{\"@type\":\"BreadcrumbList\",\"@id\":\"https:\\\/\\\/news.save.ch\\\/fuehrungskraefte-muessen-hinter-der-arbeitssicherheit-stehen\\\/#breadcrumb\",\"itemListElement\":[{\"@type\":\"ListItem\",\"position\":1,\"name\":\"Home\",\"item\":\"https:\\\/\\\/news.save.ch\\\/de\\\/\"},{\"@type\":\"ListItem\",\"position\":2,\"name\":\"\u00abF\u00fchrungskr\u00e4fte m\u00fcssen hinter der Arbeitssicherheit \u00adstehen\u00bb\"}]},{\"@type\":\"WebSite\",\"@id\":\"https:\\\/\\\/news.save.ch\\\/de\\\/#website\",\"url\":\"https:\\\/\\\/news.save.ch\\\/de\\\/\",\"name\":\"Save\",\"description\":\"Schweizer Fachzeitschrift f\u00fcr Sicherheit\",\"publisher\":{\"@id\":\"https:\\\/\\\/news.save.ch\\\/de\\\/#organization\"},\"potentialAction\":[{\"@type\":\"SearchAction\",\"target\":{\"@type\":\"EntryPoint\",\"urlTemplate\":\"https:\\\/\\\/news.save.ch\\\/de\\\/?s={search_term_string}\"},\"query-input\":{\"@type\":\"PropertyValueSpecification\",\"valueRequired\":true,\"valueName\":\"search_term_string\"}}],\"inLanguage\":\"de\"},{\"@type\":\"Organization\",\"@id\":\"https:\\\/\\\/news.save.ch\\\/de\\\/#organization\",\"name\":\"Sicherheitsforum\",\"url\":\"https:\\\/\\\/news.save.ch\\\/de\\\/\",\"logo\":{\"@type\":\"ImageObject\",\"inLanguage\":\"de\",\"@id\":\"https:\\\/\\\/news.save.ch\\\/de\\\/#\\\/schema\\\/logo\\\/image\\\/\",\"url\":\"https:\\\/\\\/news.save.ch\\\/wp-content\\\/uploads\\\/2022\\\/06\\\/Logo_SF_2012.png\",\"contentUrl\":\"https:\\\/\\\/news.save.ch\\\/wp-content\\\/uploads\\\/2022\\\/06\\\/Logo_SF_2012.png\",\"width\":1100,\"height\":91,\"caption\":\"Sicherheitsforum\"},\"image\":{\"@id\":\"https:\\\/\\\/news.save.ch\\\/de\\\/#\\\/schema\\\/logo\\\/image\\\/\"}},{\"@type\":\"Person\",\"@id\":\"https:\\\/\\\/news.save.ch\\\/de\\\/#\\\/schema\\\/person\\\/10917387362b3961e882740f6cf6f2a2\",\"name\":\"stefanie Zeng\",\"image\":{\"@type\":\"ImageObject\",\"inLanguage\":\"de\",\"@id\":\"https:\\\/\\\/secure.gravatar.com\\\/avatar\\\/eac43faa6e40bb2c41068c95c9d78bbd94c476d5efdff7abaab80bb3ea681e06?s=96&d=mm&r=g\",\"url\":\"https:\\\/\\\/secure.gravatar.com\\\/avatar\\\/eac43faa6e40bb2c41068c95c9d78bbd94c476d5efdff7abaab80bb3ea681e06?s=96&d=mm&r=g\",\"contentUrl\":\"https:\\\/\\\/secure.gravatar.com\\\/avatar\\\/eac43faa6e40bb2c41068c95c9d78bbd94c476d5efdff7abaab80bb3ea681e06?s=96&d=mm&r=g\",\"caption\":\"stefanie Zeng\"},\"url\":\"https:\\\/\\\/news.save.ch\\\/de\\\/author\\\/stefanie-zeng\\\/\"}]}<\/script>\n<!-- \/ Yoast SEO plugin. -->","yoast_head_json":{"title":"\u00abF\u00fchrungskr\u00e4fte m\u00fcssen hinter der Arbeitssicherheit \u00adstehen\u00bb - Save","description":"Robert J\u00e4ggi, SiBe bei Entsorgung + Recycling Z\u00fcrich, setzt sich t\u00e4glich daf\u00fcr ein, Unf\u00e4lle zu vermeiden und die Gesundheit der Mitarbeitenden zu sch\u00fctzen.","robots":{"index":"index","follow":"follow","max-snippet":"max-snippet:-1","max-image-preview":"max-image-preview:large","max-video-preview":"max-video-preview:-1"},"canonical":"https:\/\/news.save.ch\/de\/fuehrungskraefte-muessen-hinter-der-arbeitssicherheit-stehen\/","og_locale":"de_DE","og_type":"article","og_title":"\u00abF\u00fchrungskr\u00e4fte m\u00fcssen hinter der Arbeitssicherheit \u00adstehen\u00bb - Save","og_description":"Robert J\u00e4ggi, SiBe bei Entsorgung + Recycling Z\u00fcrich, setzt sich t\u00e4glich daf\u00fcr ein, Unf\u00e4lle zu vermeiden und die Gesundheit der Mitarbeitenden zu sch\u00fctzen.","og_url":"https:\/\/news.save.ch\/de\/fuehrungskraefte-muessen-hinter-der-arbeitssicherheit-stehen\/","og_site_name":"Save","article_published_time":"2025-04-16T08:04:04+00:00","article_modified_time":"2025-04-16T08:14:42+00:00","og_image":[{"width":1200,"height":798,"url":"https:\/\/news.save.ch\/wp-content\/uploads\/2025\/04\/Bild_Robert_Jaeggi-1-scaled.jpg","type":"image\/jpeg"}],"author":"stefanie Zeng","twitter_card":"summary_large_image","twitter_misc":{"Geschrieben von":"stefanie Zeng","Gesch\u00e4tzte Lesezeit":"6\u00a0Minuten"},"schema":{"@context":"https:\/\/schema.org","@graph":[{"@type":"Article","@id":"https:\/\/news.save.ch\/fuehrungskraefte-muessen-hinter-der-arbeitssicherheit-stehen\/#article","isPartOf":{"@id":"https:\/\/news.save.ch\/fuehrungskraefte-muessen-hinter-der-arbeitssicherheit-stehen\/"},"author":{"name":"stefanie Zeng","@id":"https:\/\/news.save.ch\/de\/#\/schema\/person\/10917387362b3961e882740f6cf6f2a2"},"headline":"\u00abF\u00fchrungskr\u00e4fte m\u00fcssen hinter der Arbeitssicherheit \u00adstehen\u00bb","datePublished":"2025-04-16T08:04:04+00:00","dateModified":"2025-04-16T08:14:42+00:00","mainEntityOfPage":{"@id":"https:\/\/news.save.ch\/fuehrungskraefte-muessen-hinter-der-arbeitssicherheit-stehen\/"},"wordCount":907,"publisher":{"@id":"https:\/\/news.save.ch\/de\/#organization"},"image":{"@id":"https:\/\/news.save.ch\/fuehrungskraefte-muessen-hinter-der-arbeitssicherheit-stehen\/#primaryimage"},"thumbnailUrl":"https:\/\/news.save.ch\/wp-content\/uploads\/2025\/04\/Bild_Robert_Jaeggi-1-scaled.jpg","keywords":["Entsorgung + Recycling Z\u00fcrich","SiBe"],"articleSection":["HEALTH &amp; SAFETY"],"inLanguage":"de"},{"@type":"WebPage","@id":"https:\/\/news.save.ch\/fuehrungskraefte-muessen-hinter-der-arbeitssicherheit-stehen\/","url":"https:\/\/news.save.ch\/fuehrungskraefte-muessen-hinter-der-arbeitssicherheit-stehen\/","name":"\u00abF\u00fchrungskr\u00e4fte m\u00fcssen hinter der Arbeitssicherheit \u00adstehen\u00bb - Save","isPartOf":{"@id":"https:\/\/news.save.ch\/de\/#website"},"primaryImageOfPage":{"@id":"https:\/\/news.save.ch\/fuehrungskraefte-muessen-hinter-der-arbeitssicherheit-stehen\/#primaryimage"},"image":{"@id":"https:\/\/news.save.ch\/fuehrungskraefte-muessen-hinter-der-arbeitssicherheit-stehen\/#primaryimage"},"thumbnailUrl":"https:\/\/news.save.ch\/wp-content\/uploads\/2025\/04\/Bild_Robert_Jaeggi-1-scaled.jpg","datePublished":"2025-04-16T08:04:04+00:00","dateModified":"2025-04-16T08:14:42+00:00","description":"Robert J\u00e4ggi, SiBe bei Entsorgung + Recycling Z\u00fcrich, setzt sich t\u00e4glich daf\u00fcr ein, Unf\u00e4lle zu vermeiden und die Gesundheit der Mitarbeitenden zu sch\u00fctzen.","breadcrumb":{"@id":"https:\/\/news.save.ch\/fuehrungskraefte-muessen-hinter-der-arbeitssicherheit-stehen\/#breadcrumb"},"inLanguage":"de","potentialAction":[{"@type":"ReadAction","target":["https:\/\/news.save.ch\/fuehrungskraefte-muessen-hinter-der-arbeitssicherheit-stehen\/"]}]},{"@type":"ImageObject","inLanguage":"de","@id":"https:\/\/news.save.ch\/fuehrungskraefte-muessen-hinter-der-arbeitssicherheit-stehen\/#primaryimage","url":"https:\/\/news.save.ch\/wp-content\/uploads\/2025\/04\/Bild_Robert_Jaeggi-1-scaled.jpg","contentUrl":"https:\/\/news.save.ch\/wp-content\/uploads\/2025\/04\/Bild_Robert_Jaeggi-1-scaled.jpg","width":1200,"height":798,"caption":"Robert J\u00e4ggi ist seit 2020 bei Entsorgung + Recycling Z\u00fcrich. Er hat Mechaniker gelernt und sich bis zum Spezialisten f\u00fcr Arbeits-sicherheit und Gesundheitsschutz (ASGS) weitergebildet. \u00a9 zVg"},{"@type":"BreadcrumbList","@id":"https:\/\/news.save.ch\/fuehrungskraefte-muessen-hinter-der-arbeitssicherheit-stehen\/#breadcrumb","itemListElement":[{"@type":"ListItem","position":1,"name":"Home","item":"https:\/\/news.save.ch\/de\/"},{"@type":"ListItem","position":2,"name":"\u00abF\u00fchrungskr\u00e4fte m\u00fcssen hinter der Arbeitssicherheit \u00adstehen\u00bb"}]},{"@type":"WebSite","@id":"https:\/\/news.save.ch\/de\/#website","url":"https:\/\/news.save.ch\/de\/","name":"Save","description":"Schweizer Fachzeitschrift f\u00fcr Sicherheit","publisher":{"@id":"https:\/\/news.save.ch\/de\/#organization"},"potentialAction":[{"@type":"SearchAction","target":{"@type":"EntryPoint","urlTemplate":"https:\/\/news.save.ch\/de\/?s={search_term_string}"},"query-input":{"@type":"PropertyValueSpecification","valueRequired":true,"valueName":"search_term_string"}}],"inLanguage":"de"},{"@type":"Organization","@id":"https:\/\/news.save.ch\/de\/#organization","name":"Sicherheitsforum","url":"https:\/\/news.save.ch\/de\/","logo":{"@type":"ImageObject","inLanguage":"de","@id":"https:\/\/news.save.ch\/de\/#\/schema\/logo\/image\/","url":"https:\/\/news.save.ch\/wp-content\/uploads\/2022\/06\/Logo_SF_2012.png","contentUrl":"https:\/\/news.save.ch\/wp-content\/uploads\/2022\/06\/Logo_SF_2012.png","width":1100,"height":91,"caption":"Sicherheitsforum"},"image":{"@id":"https:\/\/news.save.ch\/de\/#\/schema\/logo\/image\/"}},{"@type":"Person","@id":"https:\/\/news.save.ch\/de\/#\/schema\/person\/10917387362b3961e882740f6cf6f2a2","name":"stefanie Zeng","image":{"@type":"ImageObject","inLanguage":"de","@id":"https:\/\/secure.gravatar.com\/avatar\/eac43faa6e40bb2c41068c95c9d78bbd94c476d5efdff7abaab80bb3ea681e06?s=96&d=mm&r=g","url":"https:\/\/secure.gravatar.com\/avatar\/eac43faa6e40bb2c41068c95c9d78bbd94c476d5efdff7abaab80bb3ea681e06?s=96&d=mm&r=g","contentUrl":"https:\/\/secure.gravatar.com\/avatar\/eac43faa6e40bb2c41068c95c9d78bbd94c476d5efdff7abaab80bb3ea681e06?s=96&d=mm&r=g","caption":"stefanie Zeng"},"url":"https:\/\/news.save.ch\/de\/author\/stefanie-zeng\/"}]}},"_links":{"self":[{"href":"https:\/\/news.save.ch\/de\/wp-json\/wp\/v2\/posts\/24184","targetHints":{"allow":["GET"]}}],"collection":[{"href":"https:\/\/news.save.ch\/de\/wp-json\/wp\/v2\/posts"}],"about":[{"href":"https:\/\/news.save.ch\/de\/wp-json\/wp\/v2\/types\/post"}],"author":[{"embeddable":true,"href":"https:\/\/news.save.ch\/de\/wp-json\/wp\/v2\/users\/31"}],"replies":[{"embeddable":true,"href":"https:\/\/news.save.ch\/de\/wp-json\/wp\/v2\/comments?post=24184"}],"version-history":[{"count":3,"href":"https:\/\/news.save.ch\/de\/wp-json\/wp\/v2\/posts\/24184\/revisions"}],"predecessor-version":[{"id":24189,"href":"https:\/\/news.save.ch\/de\/wp-json\/wp\/v2\/posts\/24184\/revisions\/24189"}],"wp:featuredmedia":[{"embeddable":true,"href":"https:\/\/news.save.ch\/de\/wp-json\/wp\/v2\/media\/24186"}],"wp:attachment":[{"href":"https:\/\/news.save.ch\/de\/wp-json\/wp\/v2\/media?parent=24184"}],"wp:term":[{"taxonomy":"category","embeddable":true,"href":"https:\/\/news.save.ch\/de\/wp-json\/wp\/v2\/categories?post=24184"},{"taxonomy":"post_tag","embeddable":true,"href":"https:\/\/news.save.ch\/de\/wp-json\/wp\/v2\/tags?post=24184"}],"curies":[{"name":"wp","href":"https:\/\/api.w.org\/{rel}","templated":true}]}}