{"id":242,"date":"2015-05-06T10:33:29","date_gmt":"2015-05-06T08:33:29","guid":{"rendered":"http:\/\/dev.safety-plus.ch\/?p=242"},"modified":"2023-03-14T09:01:13","modified_gmt":"2023-03-14T08:01:13","slug":"bundesgericht-firmenchef-haftet-bei-arbeitsunfall","status":null,"type":"post","link":"https:\/\/news.save.ch\/de\/bundesgericht-firmenchef-haftet-bei-arbeitsunfall\/","title":{"rendered":"Bundesgericht: Firmenchef haftet bei Arbeitsunfall"},"content":{"rendered":"<figure id=\"attachment_243\" aria-describedby=\"caption-attachment-243\" style=\"width: 680px\" class=\"wp-caption alignnone\"><img loading=\"lazy\" decoding=\"async\" class=\"wp-image-243 size-medium\" src=\"http:\/\/develop.safety-plus.ch\/wp-content\/uploads\/2016\/12\/Bundesgericht-Firmenchef-haftet-bei-Arbeitsunfall_safety-plus.jpeg\" alt=\"Wer zul\u00e4sst, dass seine Angestellten mit der Sicherheit nicht gen\u00fcgenden Maschinen hantieren, macht sich strafbar.\" width=\"680\" height=\"453\" \/><figcaption id=\"caption-attachment-243\" class=\"wp-caption-text\">Wer zul\u00e4sst, dass seine Angestellten mit der Sicherheit nicht gen\u00fcgenden Maschinen hantieren, macht sich strafbar.<\/figcaption><\/figure>\n<p>Eine CNC-Drehbank setzte sich bei Wartungsarbeiten pl\u00f6tzlich selbst\u00e4ndig in Gang. Ein Arbeiter, der sich in dem Moment im Inneren der Maschine befand, verletzte sich dabei schwer an Kopf und Arm.<\/p>\n<p>Bei der Untersuchung stellte sich heraus, dass die Schutzt\u00fcr\u00fcberwachung der Maschine so manipuliert worden war, dass sie sich auch bei ge\u00f6ffneter Schutzt\u00fcr in Bewegung setzen konnte.<\/p>\n<p>Das Bundesgericht entschied nun, dass der Gesch\u00e4ftsf\u00fchrer f\u00fcr den Unfall haftbar ist &#8211; obwohl der Verunfallte vom Sicherheitsmangel wusste und auch teilweise selber schuld war am Unfall. Dies begr\u00fcndete es unter anderem damit, dass es &#8222;an einer Sicherheitskultur in der Betrieb fast g\u00e4nzlich fehlte&#8220; &#8211; was sich nicht zuletzt darin zeigte, dass auch bei anderen Maschinen im Unternehmen die Schutzt\u00fcr\u00fcberwachung manipuliert war.<\/p>\n<p>Der Gesch\u00e4ftsf\u00fchrer wurde aufgrund von schwerer fahrl\u00e4ssiger K\u00f6rperverletzung zu einer bedingten Geldstrafe von 60 Tagess\u00e4tzen \u00e0 130 Franken verurteilt.<\/p>\n<p>Zum <a href=\"http:\/\/www.servat.unibe.ch\/dfr\/bger\/150330_6B_287-2014.html\" target=\"_blank\" data-cke-saved-href=\"http:\/\/www.servat.unibe.ch\/dfr\/bger\/150330_6B_287-2014.html\" rel=\"noopener\">Urteil <\/a>mit der auf\u00fchrlichen Begr\u00fcndung.<\/p>\n","protected":false},"excerpt":{"rendered":"<p>Eine CNC-Drehbank setzte sich bei Wartungsarbeiten pl\u00f6tzlich selbst\u00e4ndig in Gang. Ein Arbeiter, der sich in dem Moment im Inneren der Maschine befand, verletzte sich dabei schwer an Kopf und Arm. Bei der Untersuchung stellte sich heraus, dass die Schutzt\u00fcr\u00fcberwachung der Maschine so manipuliert worden war, dass sie sich auch bei ge\u00f6ffneter Schutzt\u00fcr in Bewegung setzen [&hellip;]<\/p>\n","protected":false},"author":1,"featured_media":243,"comment_status":"open","ping_status":"open","sticky":false,"template":"","format":"standard","meta":{"_acf_changed":false,"pgc_sgb_lightbox_settings":"","footnotes":""},"categories":[3314],"tags":[172],"class_list":["post-242","post","type-post","status-publish","format-standard","has-post-thumbnail","hentry","category-health-safety","tag-arbeitssicherheit"],"acf":[],"hkrextid":null,"publication":null,"issue":null,"workflow":null,"startPage":null,"spitzmarke":null,"_posts_by_tag_page_fields":{"widget_title":"","widget_tags":""},"_at_widget":"1","_yoast_wpseo_primary_category":"5","_yoast_wpseo_focuskw_text_input":"Bundesgericht","_yoast_wpseo_opengraph-image":null,"_yoast_wpseo_opengraph-description":null,"_yoast_wpseo_opengraph-title":null,"enclosure":null,"_yoast_wpseo_twitter-title":null,"_yoast_wpseo_twitter-description":null,"_yoast_wpseo_twitter-image":null,"_wp_old_slug":null,"_yoast_wpseo_title":null,"_yoast_wpseo_canonical":null,"yoast_head":"<!-- This site is optimized with the Yoast SEO plugin v27.5 - https:\/\/yoast.com\/product\/yoast-seo-wordpress\/ -->\n<title>Bundesgericht: Firmenchef haftet bei Arbeitsunfall - Save<\/title>\n<meta name=\"description\" content=\"Wenn ein Angestellter aufgrund von Sicherheitsm\u00e4ngeln verunfallt, hafte der Firmeninhaber. Dies zeigt ein Urteil des Bundesgerichts.\" \/>\n<meta name=\"robots\" content=\"index, follow, max-snippet:-1, max-image-preview:large, max-video-preview:-1\" \/>\n<link rel=\"canonical\" href=\"https:\/\/news.save.ch\/de\/bundesgericht-firmenchef-haftet-bei-arbeitsunfall\/\" \/>\n<meta property=\"og:locale\" content=\"de_DE\" \/>\n<meta property=\"og:type\" content=\"article\" \/>\n<meta property=\"og:title\" content=\"Bundesgericht: Firmenchef haftet bei Arbeitsunfall - Save\" \/>\n<meta property=\"og:description\" content=\"Wenn ein Angestellter aufgrund von Sicherheitsm\u00e4ngeln verunfallt, hafte der Firmeninhaber. Dies zeigt ein Urteil des Bundesgerichts.\" \/>\n<meta property=\"og:url\" content=\"https:\/\/news.save.ch\/de\/bundesgericht-firmenchef-haftet-bei-arbeitsunfall\/\" \/>\n<meta property=\"og:site_name\" content=\"Save\" \/>\n<meta property=\"article:published_time\" content=\"2015-05-06T08:33:29+00:00\" \/>\n<meta property=\"article:modified_time\" content=\"2023-03-14T08:01:13+00:00\" \/>\n<meta property=\"og:image\" content=\"https:\/\/news.save.ch\/wp-content\/uploads\/2016\/12\/Bundesgericht-Firmenchef-haftet-bei-Arbeitsunfall_safety-plus-scaled-1.jpeg\" \/>\n\t<meta property=\"og:image:width\" content=\"1200\" \/>\n\t<meta property=\"og:image:height\" content=\"801\" \/>\n\t<meta property=\"og:image:type\" content=\"image\/jpeg\" \/>\n<meta name=\"author\" content=\"admin\" \/>\n<meta name=\"twitter:card\" content=\"summary_large_image\" \/>\n<meta name=\"twitter:label1\" content=\"Geschrieben von\" \/>\n\t<meta name=\"twitter:data1\" content=\"admin\" \/>\n\t<meta name=\"twitter:label2\" content=\"Gesch\u00e4tzte Lesezeit\" \/>\n\t<meta name=\"twitter:data2\" content=\"1\u00a0Minute\" \/>\n<script type=\"application\/ld+json\" class=\"yoast-schema-graph\">{\"@context\":\"https:\\\/\\\/schema.org\",\"@graph\":[{\"@type\":\"Article\",\"@id\":\"https:\\\/\\\/news.save.ch\\\/bundesgericht-firmenchef-haftet-bei-arbeitsunfall\\\/#article\",\"isPartOf\":{\"@id\":\"https:\\\/\\\/news.save.ch\\\/bundesgericht-firmenchef-haftet-bei-arbeitsunfall\\\/\"},\"author\":{\"name\":\"admin\",\"@id\":\"https:\\\/\\\/news.save.ch\\\/de\\\/#\\\/schema\\\/person\\\/d49e199490bad7c70d64b9ab51142f2b\"},\"headline\":\"Bundesgericht: Firmenchef haftet bei Arbeitsunfall\",\"datePublished\":\"2015-05-06T08:33:29+00:00\",\"dateModified\":\"2023-03-14T08:01:13+00:00\",\"mainEntityOfPage\":{\"@id\":\"https:\\\/\\\/news.save.ch\\\/bundesgericht-firmenchef-haftet-bei-arbeitsunfall\\\/\"},\"wordCount\":189,\"commentCount\":1,\"publisher\":{\"@id\":\"https:\\\/\\\/news.save.ch\\\/de\\\/#organization\"},\"image\":{\"@id\":\"https:\\\/\\\/news.save.ch\\\/bundesgericht-firmenchef-haftet-bei-arbeitsunfall\\\/#primaryimage\"},\"thumbnailUrl\":\"https:\\\/\\\/news.save.ch\\\/wp-content\\\/uploads\\\/2016\\\/12\\\/Bundesgericht-Firmenchef-haftet-bei-Arbeitsunfall_safety-plus-scaled-1.jpeg\",\"keywords\":[\"Arbeitssicherheit\"],\"articleSection\":[\"HEALTH &amp; SAFETY\"],\"inLanguage\":\"de\"},{\"@type\":\"WebPage\",\"@id\":\"https:\\\/\\\/news.save.ch\\\/bundesgericht-firmenchef-haftet-bei-arbeitsunfall\\\/\",\"url\":\"https:\\\/\\\/news.save.ch\\\/bundesgericht-firmenchef-haftet-bei-arbeitsunfall\\\/\",\"name\":\"Bundesgericht: Firmenchef haftet bei Arbeitsunfall - Save\",\"isPartOf\":{\"@id\":\"https:\\\/\\\/news.save.ch\\\/de\\\/#website\"},\"primaryImageOfPage\":{\"@id\":\"https:\\\/\\\/news.save.ch\\\/bundesgericht-firmenchef-haftet-bei-arbeitsunfall\\\/#primaryimage\"},\"image\":{\"@id\":\"https:\\\/\\\/news.save.ch\\\/bundesgericht-firmenchef-haftet-bei-arbeitsunfall\\\/#primaryimage\"},\"thumbnailUrl\":\"https:\\\/\\\/news.save.ch\\\/wp-content\\\/uploads\\\/2016\\\/12\\\/Bundesgericht-Firmenchef-haftet-bei-Arbeitsunfall_safety-plus-scaled-1.jpeg\",\"datePublished\":\"2015-05-06T08:33:29+00:00\",\"dateModified\":\"2023-03-14T08:01:13+00:00\",\"description\":\"Wenn ein Angestellter aufgrund von Sicherheitsm\u00e4ngeln verunfallt, hafte der Firmeninhaber. Dies zeigt ein Urteil des Bundesgerichts.\",\"breadcrumb\":{\"@id\":\"https:\\\/\\\/news.save.ch\\\/bundesgericht-firmenchef-haftet-bei-arbeitsunfall\\\/#breadcrumb\"},\"inLanguage\":\"de\",\"potentialAction\":[{\"@type\":\"ReadAction\",\"target\":[\"https:\\\/\\\/news.save.ch\\\/bundesgericht-firmenchef-haftet-bei-arbeitsunfall\\\/\"]}]},{\"@type\":\"ImageObject\",\"inLanguage\":\"de\",\"@id\":\"https:\\\/\\\/news.save.ch\\\/bundesgericht-firmenchef-haftet-bei-arbeitsunfall\\\/#primaryimage\",\"url\":\"https:\\\/\\\/news.save.ch\\\/wp-content\\\/uploads\\\/2016\\\/12\\\/Bundesgericht-Firmenchef-haftet-bei-Arbeitsunfall_safety-plus-scaled-1.jpeg\",\"contentUrl\":\"https:\\\/\\\/news.save.ch\\\/wp-content\\\/uploads\\\/2016\\\/12\\\/Bundesgericht-Firmenchef-haftet-bei-Arbeitsunfall_safety-plus-scaled-1.jpeg\",\"width\":1200,\"height\":801,\"caption\":\"Wer zul\u00e4sst, dass seine Angestellten mit der Sicherheit nicht gen\u00fcgenden Maschinen hantieren, macht sich strafbar.\"},{\"@type\":\"BreadcrumbList\",\"@id\":\"https:\\\/\\\/news.save.ch\\\/bundesgericht-firmenchef-haftet-bei-arbeitsunfall\\\/#breadcrumb\",\"itemListElement\":[{\"@type\":\"ListItem\",\"position\":1,\"name\":\"Home\",\"item\":\"https:\\\/\\\/news.save.ch\\\/de\\\/\"},{\"@type\":\"ListItem\",\"position\":2,\"name\":\"Bundesgericht: Firmenchef haftet bei Arbeitsunfall\"}]},{\"@type\":\"WebSite\",\"@id\":\"https:\\\/\\\/news.save.ch\\\/de\\\/#website\",\"url\":\"https:\\\/\\\/news.save.ch\\\/de\\\/\",\"name\":\"Save\",\"description\":\"Schweizer Fachzeitschrift f\u00fcr Sicherheit\",\"publisher\":{\"@id\":\"https:\\\/\\\/news.save.ch\\\/de\\\/#organization\"},\"potentialAction\":[{\"@type\":\"SearchAction\",\"target\":{\"@type\":\"EntryPoint\",\"urlTemplate\":\"https:\\\/\\\/news.save.ch\\\/de\\\/?s={search_term_string}\"},\"query-input\":{\"@type\":\"PropertyValueSpecification\",\"valueRequired\":true,\"valueName\":\"search_term_string\"}}],\"inLanguage\":\"de\"},{\"@type\":\"Organization\",\"@id\":\"https:\\\/\\\/news.save.ch\\\/de\\\/#organization\",\"name\":\"Sicherheitsforum\",\"url\":\"https:\\\/\\\/news.save.ch\\\/de\\\/\",\"logo\":{\"@type\":\"ImageObject\",\"inLanguage\":\"de\",\"@id\":\"https:\\\/\\\/news.save.ch\\\/de\\\/#\\\/schema\\\/logo\\\/image\\\/\",\"url\":\"https:\\\/\\\/news.save.ch\\\/wp-content\\\/uploads\\\/2022\\\/06\\\/Logo_SF_2012.png\",\"contentUrl\":\"https:\\\/\\\/news.save.ch\\\/wp-content\\\/uploads\\\/2022\\\/06\\\/Logo_SF_2012.png\",\"width\":1100,\"height\":91,\"caption\":\"Sicherheitsforum\"},\"image\":{\"@id\":\"https:\\\/\\\/news.save.ch\\\/de\\\/#\\\/schema\\\/logo\\\/image\\\/\"}},{\"@type\":\"Person\",\"@id\":\"https:\\\/\\\/news.save.ch\\\/de\\\/#\\\/schema\\\/person\\\/d49e199490bad7c70d64b9ab51142f2b\",\"name\":\"admin\",\"image\":{\"@type\":\"ImageObject\",\"inLanguage\":\"de\",\"@id\":\"https:\\\/\\\/secure.gravatar.com\\\/avatar\\\/ae2f4d718e6c49043e314ce431e7e645d646302a24a5ef5a8bc8e3f5a032e319?s=96&d=mm&r=g\",\"url\":\"https:\\\/\\\/secure.gravatar.com\\\/avatar\\\/ae2f4d718e6c49043e314ce431e7e645d646302a24a5ef5a8bc8e3f5a032e319?s=96&d=mm&r=g\",\"contentUrl\":\"https:\\\/\\\/secure.gravatar.com\\\/avatar\\\/ae2f4d718e6c49043e314ce431e7e645d646302a24a5ef5a8bc8e3f5a032e319?s=96&d=mm&r=g\",\"caption\":\"admin\"},\"sameAs\":[\"https:\\\/\\\/develop.organisator.galledia.ch\"],\"url\":\"https:\\\/\\\/news.save.ch\\\/de\\\/author\\\/admin\\\/\"}]}<\/script>\n<!-- \/ Yoast SEO plugin. -->","yoast_head_json":{"title":"Bundesgericht: Firmenchef haftet bei Arbeitsunfall - Save","description":"Wenn ein Angestellter aufgrund von Sicherheitsm\u00e4ngeln verunfallt, hafte der Firmeninhaber. Dies zeigt ein Urteil des Bundesgerichts.","robots":{"index":"index","follow":"follow","max-snippet":"max-snippet:-1","max-image-preview":"max-image-preview:large","max-video-preview":"max-video-preview:-1"},"canonical":"https:\/\/news.save.ch\/de\/bundesgericht-firmenchef-haftet-bei-arbeitsunfall\/","og_locale":"de_DE","og_type":"article","og_title":"Bundesgericht: Firmenchef haftet bei Arbeitsunfall - Save","og_description":"Wenn ein Angestellter aufgrund von Sicherheitsm\u00e4ngeln verunfallt, hafte der Firmeninhaber. Dies zeigt ein Urteil des Bundesgerichts.","og_url":"https:\/\/news.save.ch\/de\/bundesgericht-firmenchef-haftet-bei-arbeitsunfall\/","og_site_name":"Save","article_published_time":"2015-05-06T08:33:29+00:00","article_modified_time":"2023-03-14T08:01:13+00:00","og_image":[{"width":1200,"height":801,"url":"https:\/\/news.save.ch\/wp-content\/uploads\/2016\/12\/Bundesgericht-Firmenchef-haftet-bei-Arbeitsunfall_safety-plus-scaled-1.jpeg","type":"image\/jpeg"}],"author":"admin","twitter_card":"summary_large_image","twitter_misc":{"Geschrieben von":"admin","Gesch\u00e4tzte Lesezeit":"1\u00a0Minute"},"schema":{"@context":"https:\/\/schema.org","@graph":[{"@type":"Article","@id":"https:\/\/news.save.ch\/bundesgericht-firmenchef-haftet-bei-arbeitsunfall\/#article","isPartOf":{"@id":"https:\/\/news.save.ch\/bundesgericht-firmenchef-haftet-bei-arbeitsunfall\/"},"author":{"name":"admin","@id":"https:\/\/news.save.ch\/de\/#\/schema\/person\/d49e199490bad7c70d64b9ab51142f2b"},"headline":"Bundesgericht: Firmenchef haftet bei Arbeitsunfall","datePublished":"2015-05-06T08:33:29+00:00","dateModified":"2023-03-14T08:01:13+00:00","mainEntityOfPage":{"@id":"https:\/\/news.save.ch\/bundesgericht-firmenchef-haftet-bei-arbeitsunfall\/"},"wordCount":189,"commentCount":1,"publisher":{"@id":"https:\/\/news.save.ch\/de\/#organization"},"image":{"@id":"https:\/\/news.save.ch\/bundesgericht-firmenchef-haftet-bei-arbeitsunfall\/#primaryimage"},"thumbnailUrl":"https:\/\/news.save.ch\/wp-content\/uploads\/2016\/12\/Bundesgericht-Firmenchef-haftet-bei-Arbeitsunfall_safety-plus-scaled-1.jpeg","keywords":["Arbeitssicherheit"],"articleSection":["HEALTH &amp; SAFETY"],"inLanguage":"de"},{"@type":"WebPage","@id":"https:\/\/news.save.ch\/bundesgericht-firmenchef-haftet-bei-arbeitsunfall\/","url":"https:\/\/news.save.ch\/bundesgericht-firmenchef-haftet-bei-arbeitsunfall\/","name":"Bundesgericht: Firmenchef haftet bei Arbeitsunfall - Save","isPartOf":{"@id":"https:\/\/news.save.ch\/de\/#website"},"primaryImageOfPage":{"@id":"https:\/\/news.save.ch\/bundesgericht-firmenchef-haftet-bei-arbeitsunfall\/#primaryimage"},"image":{"@id":"https:\/\/news.save.ch\/bundesgericht-firmenchef-haftet-bei-arbeitsunfall\/#primaryimage"},"thumbnailUrl":"https:\/\/news.save.ch\/wp-content\/uploads\/2016\/12\/Bundesgericht-Firmenchef-haftet-bei-Arbeitsunfall_safety-plus-scaled-1.jpeg","datePublished":"2015-05-06T08:33:29+00:00","dateModified":"2023-03-14T08:01:13+00:00","description":"Wenn ein Angestellter aufgrund von Sicherheitsm\u00e4ngeln verunfallt, hafte der Firmeninhaber. Dies zeigt ein Urteil des Bundesgerichts.","breadcrumb":{"@id":"https:\/\/news.save.ch\/bundesgericht-firmenchef-haftet-bei-arbeitsunfall\/#breadcrumb"},"inLanguage":"de","potentialAction":[{"@type":"ReadAction","target":["https:\/\/news.save.ch\/bundesgericht-firmenchef-haftet-bei-arbeitsunfall\/"]}]},{"@type":"ImageObject","inLanguage":"de","@id":"https:\/\/news.save.ch\/bundesgericht-firmenchef-haftet-bei-arbeitsunfall\/#primaryimage","url":"https:\/\/news.save.ch\/wp-content\/uploads\/2016\/12\/Bundesgericht-Firmenchef-haftet-bei-Arbeitsunfall_safety-plus-scaled-1.jpeg","contentUrl":"https:\/\/news.save.ch\/wp-content\/uploads\/2016\/12\/Bundesgericht-Firmenchef-haftet-bei-Arbeitsunfall_safety-plus-scaled-1.jpeg","width":1200,"height":801,"caption":"Wer zul\u00e4sst, dass seine Angestellten mit der Sicherheit nicht gen\u00fcgenden Maschinen hantieren, macht sich strafbar."},{"@type":"BreadcrumbList","@id":"https:\/\/news.save.ch\/bundesgericht-firmenchef-haftet-bei-arbeitsunfall\/#breadcrumb","itemListElement":[{"@type":"ListItem","position":1,"name":"Home","item":"https:\/\/news.save.ch\/de\/"},{"@type":"ListItem","position":2,"name":"Bundesgericht: Firmenchef haftet bei Arbeitsunfall"}]},{"@type":"WebSite","@id":"https:\/\/news.save.ch\/de\/#website","url":"https:\/\/news.save.ch\/de\/","name":"Save","description":"Schweizer Fachzeitschrift f\u00fcr Sicherheit","publisher":{"@id":"https:\/\/news.save.ch\/de\/#organization"},"potentialAction":[{"@type":"SearchAction","target":{"@type":"EntryPoint","urlTemplate":"https:\/\/news.save.ch\/de\/?s={search_term_string}"},"query-input":{"@type":"PropertyValueSpecification","valueRequired":true,"valueName":"search_term_string"}}],"inLanguage":"de"},{"@type":"Organization","@id":"https:\/\/news.save.ch\/de\/#organization","name":"Sicherheitsforum","url":"https:\/\/news.save.ch\/de\/","logo":{"@type":"ImageObject","inLanguage":"de","@id":"https:\/\/news.save.ch\/de\/#\/schema\/logo\/image\/","url":"https:\/\/news.save.ch\/wp-content\/uploads\/2022\/06\/Logo_SF_2012.png","contentUrl":"https:\/\/news.save.ch\/wp-content\/uploads\/2022\/06\/Logo_SF_2012.png","width":1100,"height":91,"caption":"Sicherheitsforum"},"image":{"@id":"https:\/\/news.save.ch\/de\/#\/schema\/logo\/image\/"}},{"@type":"Person","@id":"https:\/\/news.save.ch\/de\/#\/schema\/person\/d49e199490bad7c70d64b9ab51142f2b","name":"admin","image":{"@type":"ImageObject","inLanguage":"de","@id":"https:\/\/secure.gravatar.com\/avatar\/ae2f4d718e6c49043e314ce431e7e645d646302a24a5ef5a8bc8e3f5a032e319?s=96&d=mm&r=g","url":"https:\/\/secure.gravatar.com\/avatar\/ae2f4d718e6c49043e314ce431e7e645d646302a24a5ef5a8bc8e3f5a032e319?s=96&d=mm&r=g","contentUrl":"https:\/\/secure.gravatar.com\/avatar\/ae2f4d718e6c49043e314ce431e7e645d646302a24a5ef5a8bc8e3f5a032e319?s=96&d=mm&r=g","caption":"admin"},"sameAs":["https:\/\/develop.organisator.galledia.ch"],"url":"https:\/\/news.save.ch\/de\/author\/admin\/"}]}},"_links":{"self":[{"href":"https:\/\/news.save.ch\/de\/wp-json\/wp\/v2\/posts\/242","targetHints":{"allow":["GET"]}}],"collection":[{"href":"https:\/\/news.save.ch\/de\/wp-json\/wp\/v2\/posts"}],"about":[{"href":"https:\/\/news.save.ch\/de\/wp-json\/wp\/v2\/types\/post"}],"author":[{"embeddable":true,"href":"https:\/\/news.save.ch\/de\/wp-json\/wp\/v2\/users\/1"}],"replies":[{"embeddable":true,"href":"https:\/\/news.save.ch\/de\/wp-json\/wp\/v2\/comments?post=242"}],"version-history":[{"count":1,"href":"https:\/\/news.save.ch\/de\/wp-json\/wp\/v2\/posts\/242\/revisions"}],"predecessor-version":[{"id":18403,"href":"https:\/\/news.save.ch\/de\/wp-json\/wp\/v2\/posts\/242\/revisions\/18403"}],"wp:featuredmedia":[{"embeddable":true,"href":"https:\/\/news.save.ch\/de\/wp-json\/wp\/v2\/media\/243"}],"wp:attachment":[{"href":"https:\/\/news.save.ch\/de\/wp-json\/wp\/v2\/media?parent=242"}],"wp:term":[{"taxonomy":"category","embeddable":true,"href":"https:\/\/news.save.ch\/de\/wp-json\/wp\/v2\/categories?post=242"},{"taxonomy":"post_tag","embeddable":true,"href":"https:\/\/news.save.ch\/de\/wp-json\/wp\/v2\/tags?post=242"}],"curies":[{"name":"wp","href":"https:\/\/api.w.org\/{rel}","templated":true}]}}