{"id":2423,"date":"2016-08-02T10:21:31","date_gmt":"2016-08-02T08:21:31","guid":{"rendered":"https:\/\/dev.sicherheitsforum.ch\/?p=2423"},"modified":"2016-08-02T10:21:31","modified_gmt":"2016-08-02T08:21:31","slug":"vds-fuehrungsspitze-erweitert","status":null,"type":"post","link":"https:\/\/news.save.ch\/de\/vds-fuehrungsspitze-erweitert\/","title":{"rendered":"VdS: F\u00fchrungsspitze erweitert"},"content":{"rendered":"<figure id=\"attachment_2424\" aria-describedby=\"caption-attachment-2424\" style=\"width: 666px\" class=\"wp-caption alignnone\"><img loading=\"lazy\" decoding=\"async\" class=\"size-medium wp-image-2424\" src=\"https:\/\/news.save.ch\/wp-content\/uploads\/2016\/12\/VdS-Fuehrungsspitze-erweitert_sicherheitsforum.jpg\" alt=\"\" width=\"666\" height=\"1000\" \/><figcaption id=\"caption-attachment-2424\" class=\"wp-caption-text\">Neu beim VdS auch in der Gesch\u00e4ftsleitung: Thomas Urban.<\/figcaption><\/figure>\n<p>Thomas Urban leitet seit dem Jahr 2008 den Bereich Security bei der <a href=\"https:\/\/www.vds.de\" target=\"_blank\" data-cke-saved-href=\"https:\/\/www.vds.de\" rel=\"noopener\">VdS<\/a> Schadenverh\u00fctung GmbH. Er\u00a0unterst\u00fctzt\u00a0nebst dieser T\u00e4tigkeit ab sofort zus\u00e4tzlich Robert Reinermann in der Gesch\u00e4ftsf\u00fchrung, schreibt das Unternehmen. Sicherheitsexperte Urban\u00a0verantworte\u00a0in seiner neuen Funktion weiterhin den Bereich Security und \u00fcbernehme\u00a0zus\u00e4tzlich die Brandschutzlaboratorien und das junge Gesch\u00e4ftsfeld GeoExpertise.<\/p>\n<p>Robert Reinermann, der ab sofort als Sprecher der Gesch\u00e4ftsf\u00fchrung fungiert, betont: \u201eVdS ist in den vergangenen Jahren stark gewachsen und hat sich fest als europaweit f\u00fchrende Institution f\u00fcr Unternehmenssicherheit etabliert. Um das sich erweiternde operative Gesch\u00e4ft auch in Zukunft mit der gewohnten Effizienz gestalten zu k\u00f6nnen, haben wir unsere F\u00fchrungsspitze verst\u00e4rkt.\u201c<\/p>\n","protected":false},"excerpt":{"rendered":"<p>Thomas Urban leitet seit dem Jahr 2008 den Bereich Security bei der VdS Schadenverh\u00fctung GmbH. Er\u00a0unterst\u00fctzt\u00a0nebst dieser T\u00e4tigkeit ab sofort zus\u00e4tzlich Robert Reinermann in der Gesch\u00e4ftsf\u00fchrung, schreibt das Unternehmen. Sicherheitsexperte Urban\u00a0verantworte\u00a0in seiner neuen Funktion weiterhin den Bereich Security und \u00fcbernehme\u00a0zus\u00e4tzlich die Brandschutzlaboratorien und das junge Gesch\u00e4ftsfeld GeoExpertise. Robert Reinermann, der ab sofort als Sprecher der [&hellip;]<\/p>\n","protected":false},"author":1,"featured_media":2424,"comment_status":"open","ping_status":"open","sticky":false,"template":"","format":"standard","meta":{"_acf_changed":false,"pgc_sgb_lightbox_settings":"","footnotes":""},"categories":[1],"tags":[144,65],"class_list":["post-2423","post","type-post","status-publish","format-standard","has-post-thumbnail","hentry","category-allgemein","tag-personalien","tag-unternehmen"],"acf":[],"hkrextid":null,"publication":null,"issue":null,"workflow":null,"startPage":null,"spitzmarke":null,"_posts_by_tag_page_fields":{"widget_title":"","widget_tags":""},"_at_widget":"1","_yoast_wpseo_primary_category":"","_yoast_wpseo_focuskw_text_input":"F\u00fchrungsspitze","_yoast_wpseo_opengraph-image":"https:\/\/news.save.ch\/wp-content\/uploads\/2016\/12\/VdS-F\u00fchrungsspitze-erweitert_sicherheitsforum.jpg","_yoast_wpseo_opengraph-description":"Die VdS Schadenverh\u00fctung hat die F\u00fchrungsspitze erweitert: Thomas Urban, bisher Bereichsleiter Security, unterst\u00fctzt k\u00fcnftig Gesch\u00e4ftsf\u00fchrer Robert Reinermann.","_yoast_wpseo_opengraph-title":"VdS: F\u00fchrungsspitze erweitert","enclosure":null,"_yoast_wpseo_twitter-title":null,"_yoast_wpseo_twitter-description":null,"_yoast_wpseo_twitter-image":null,"_wp_old_slug":null,"_yoast_wpseo_title":null,"_yoast_wpseo_canonical":null,"yoast_head":"<!-- This site is optimized with the Yoast SEO plugin v27.5 - https:\/\/yoast.com\/product\/yoast-seo-wordpress\/ -->\n<title>VdS: F\u00fchrungsspitze erweitert - Save<\/title>\n<meta name=\"description\" content=\"VdS Schadenverh\u00fctung hat die F\u00fchrungsspitze erweitert: Thomas Urban, bisher Bereichsleiter Security, unterst\u00fctzt k\u00fcnftig Gesch\u00e4ftsf\u00fchrer Robert Reinermann.\" \/>\n<meta name=\"robots\" content=\"index, follow, max-snippet:-1, max-image-preview:large, max-video-preview:-1\" \/>\n<link rel=\"canonical\" href=\"https:\/\/news.save.ch\/de\/vds-fuehrungsspitze-erweitert\/\" \/>\n<meta property=\"og:locale\" content=\"de_DE\" \/>\n<meta property=\"og:type\" content=\"article\" \/>\n<meta property=\"og:title\" content=\"VdS: F\u00fchrungsspitze erweitert\" \/>\n<meta property=\"og:description\" content=\"Die VdS Schadenverh\u00fctung hat die F\u00fchrungsspitze erweitert: Thomas Urban, bisher Bereichsleiter Security, unterst\u00fctzt k\u00fcnftig Gesch\u00e4ftsf\u00fchrer Robert Reinermann.\" \/>\n<meta property=\"og:url\" content=\"https:\/\/news.save.ch\/de\/vds-fuehrungsspitze-erweitert\/\" \/>\n<meta property=\"og:site_name\" content=\"Save\" \/>\n<meta property=\"article:published_time\" content=\"2016-08-02T08:21:31+00:00\" \/>\n<meta property=\"og:image\" content=\"https:\/\/news.save.ch\/wp-content\/uploads\/2016\/12\/VdS-F\u00fchrungsspitze-erweitert_sicherheitsforum.jpg\" \/>\n<meta name=\"author\" content=\"admin\" \/>\n<meta name=\"twitter:card\" content=\"summary_large_image\" \/>\n<meta name=\"twitter:label1\" content=\"Geschrieben von\" \/>\n\t<meta name=\"twitter:data1\" content=\"admin\" \/>\n\t<meta name=\"twitter:label2\" content=\"Gesch\u00e4tzte Lesezeit\" \/>\n\t<meta name=\"twitter:data2\" content=\"1\u00a0Minute\" \/>\n<script type=\"application\/ld+json\" class=\"yoast-schema-graph\">{\"@context\":\"https:\\\/\\\/schema.org\",\"@graph\":[{\"@type\":\"Article\",\"@id\":\"https:\\\/\\\/news.save.ch\\\/vds-fuehrungsspitze-erweitert\\\/#article\",\"isPartOf\":{\"@id\":\"https:\\\/\\\/news.save.ch\\\/vds-fuehrungsspitze-erweitert\\\/\"},\"author\":{\"name\":\"admin\",\"@id\":\"https:\\\/\\\/news.save.ch\\\/de\\\/#\\\/schema\\\/person\\\/d49e199490bad7c70d64b9ab51142f2b\"},\"headline\":\"VdS: F\u00fchrungsspitze erweitert\",\"datePublished\":\"2016-08-02T08:21:31+00:00\",\"mainEntityOfPage\":{\"@id\":\"https:\\\/\\\/news.save.ch\\\/vds-fuehrungsspitze-erweitert\\\/\"},\"wordCount\":139,\"commentCount\":0,\"publisher\":{\"@id\":\"https:\\\/\\\/news.save.ch\\\/de\\\/#organization\"},\"image\":{\"@id\":\"https:\\\/\\\/news.save.ch\\\/vds-fuehrungsspitze-erweitert\\\/#primaryimage\"},\"thumbnailUrl\":\"https:\\\/\\\/news.save.ch\\\/wp-content\\\/uploads\\\/2016\\\/12\\\/VdS-Fuehrungsspitze-erweitert_sicherheitsforum-scaled.jpg\",\"keywords\":[\"Personalien\",\"Unternehmen\"],\"articleSection\":[\"ALLGEMEIN\"],\"inLanguage\":\"de\"},{\"@type\":\"WebPage\",\"@id\":\"https:\\\/\\\/news.save.ch\\\/vds-fuehrungsspitze-erweitert\\\/\",\"url\":\"https:\\\/\\\/news.save.ch\\\/vds-fuehrungsspitze-erweitert\\\/\",\"name\":\"VdS: F\u00fchrungsspitze erweitert - Save\",\"isPartOf\":{\"@id\":\"https:\\\/\\\/news.save.ch\\\/de\\\/#website\"},\"primaryImageOfPage\":{\"@id\":\"https:\\\/\\\/news.save.ch\\\/vds-fuehrungsspitze-erweitert\\\/#primaryimage\"},\"image\":{\"@id\":\"https:\\\/\\\/news.save.ch\\\/vds-fuehrungsspitze-erweitert\\\/#primaryimage\"},\"thumbnailUrl\":\"https:\\\/\\\/news.save.ch\\\/wp-content\\\/uploads\\\/2016\\\/12\\\/VdS-Fuehrungsspitze-erweitert_sicherheitsforum-scaled.jpg\",\"datePublished\":\"2016-08-02T08:21:31+00:00\",\"description\":\"VdS Schadenverh\u00fctung hat die F\u00fchrungsspitze erweitert: Thomas Urban, bisher Bereichsleiter Security, unterst\u00fctzt k\u00fcnftig Gesch\u00e4ftsf\u00fchrer Robert Reinermann.\",\"breadcrumb\":{\"@id\":\"https:\\\/\\\/news.save.ch\\\/vds-fuehrungsspitze-erweitert\\\/#breadcrumb\"},\"inLanguage\":\"de\",\"potentialAction\":[{\"@type\":\"ReadAction\",\"target\":[\"https:\\\/\\\/news.save.ch\\\/vds-fuehrungsspitze-erweitert\\\/\"]}]},{\"@type\":\"ImageObject\",\"inLanguage\":\"de\",\"@id\":\"https:\\\/\\\/news.save.ch\\\/vds-fuehrungsspitze-erweitert\\\/#primaryimage\",\"url\":\"https:\\\/\\\/news.save.ch\\\/wp-content\\\/uploads\\\/2016\\\/12\\\/VdS-Fuehrungsspitze-erweitert_sicherheitsforum-scaled.jpg\",\"contentUrl\":\"https:\\\/\\\/news.save.ch\\\/wp-content\\\/uploads\\\/2016\\\/12\\\/VdS-Fuehrungsspitze-erweitert_sicherheitsforum-scaled.jpg\",\"width\":933,\"height\":1400,\"caption\":\"Neu beim VdS auch in der Gesch\u00e4ftsleitung: Thomas Urban.\"},{\"@type\":\"BreadcrumbList\",\"@id\":\"https:\\\/\\\/news.save.ch\\\/vds-fuehrungsspitze-erweitert\\\/#breadcrumb\",\"itemListElement\":[{\"@type\":\"ListItem\",\"position\":1,\"name\":\"Home\",\"item\":\"https:\\\/\\\/news.save.ch\\\/de\\\/\"},{\"@type\":\"ListItem\",\"position\":2,\"name\":\"VdS: F\u00fchrungsspitze erweitert\"}]},{\"@type\":\"WebSite\",\"@id\":\"https:\\\/\\\/news.save.ch\\\/de\\\/#website\",\"url\":\"https:\\\/\\\/news.save.ch\\\/de\\\/\",\"name\":\"Save\",\"description\":\"Schweizer Fachzeitschrift f\u00fcr Sicherheit\",\"publisher\":{\"@id\":\"https:\\\/\\\/news.save.ch\\\/de\\\/#organization\"},\"potentialAction\":[{\"@type\":\"SearchAction\",\"target\":{\"@type\":\"EntryPoint\",\"urlTemplate\":\"https:\\\/\\\/news.save.ch\\\/de\\\/?s={search_term_string}\"},\"query-input\":{\"@type\":\"PropertyValueSpecification\",\"valueRequired\":true,\"valueName\":\"search_term_string\"}}],\"inLanguage\":\"de\"},{\"@type\":\"Organization\",\"@id\":\"https:\\\/\\\/news.save.ch\\\/de\\\/#organization\",\"name\":\"Sicherheitsforum\",\"url\":\"https:\\\/\\\/news.save.ch\\\/de\\\/\",\"logo\":{\"@type\":\"ImageObject\",\"inLanguage\":\"de\",\"@id\":\"https:\\\/\\\/news.save.ch\\\/de\\\/#\\\/schema\\\/logo\\\/image\\\/\",\"url\":\"https:\\\/\\\/news.save.ch\\\/wp-content\\\/uploads\\\/2022\\\/06\\\/Logo_SF_2012.png\",\"contentUrl\":\"https:\\\/\\\/news.save.ch\\\/wp-content\\\/uploads\\\/2022\\\/06\\\/Logo_SF_2012.png\",\"width\":1100,\"height\":91,\"caption\":\"Sicherheitsforum\"},\"image\":{\"@id\":\"https:\\\/\\\/news.save.ch\\\/de\\\/#\\\/schema\\\/logo\\\/image\\\/\"}},{\"@type\":\"Person\",\"@id\":\"https:\\\/\\\/news.save.ch\\\/de\\\/#\\\/schema\\\/person\\\/d49e199490bad7c70d64b9ab51142f2b\",\"name\":\"admin\",\"image\":{\"@type\":\"ImageObject\",\"inLanguage\":\"de\",\"@id\":\"https:\\\/\\\/secure.gravatar.com\\\/avatar\\\/ae2f4d718e6c49043e314ce431e7e645d646302a24a5ef5a8bc8e3f5a032e319?s=96&d=mm&r=g\",\"url\":\"https:\\\/\\\/secure.gravatar.com\\\/avatar\\\/ae2f4d718e6c49043e314ce431e7e645d646302a24a5ef5a8bc8e3f5a032e319?s=96&d=mm&r=g\",\"contentUrl\":\"https:\\\/\\\/secure.gravatar.com\\\/avatar\\\/ae2f4d718e6c49043e314ce431e7e645d646302a24a5ef5a8bc8e3f5a032e319?s=96&d=mm&r=g\",\"caption\":\"admin\"},\"sameAs\":[\"https:\\\/\\\/develop.organisator.galledia.ch\"],\"url\":\"https:\\\/\\\/news.save.ch\\\/de\\\/author\\\/admin\\\/\"}]}<\/script>\n<!-- \/ Yoast SEO plugin. -->","yoast_head_json":{"title":"VdS: F\u00fchrungsspitze erweitert - Save","description":"VdS Schadenverh\u00fctung hat die F\u00fchrungsspitze erweitert: Thomas Urban, bisher Bereichsleiter Security, unterst\u00fctzt k\u00fcnftig Gesch\u00e4ftsf\u00fchrer Robert Reinermann.","robots":{"index":"index","follow":"follow","max-snippet":"max-snippet:-1","max-image-preview":"max-image-preview:large","max-video-preview":"max-video-preview:-1"},"canonical":"https:\/\/news.save.ch\/de\/vds-fuehrungsspitze-erweitert\/","og_locale":"de_DE","og_type":"article","og_title":"VdS: F\u00fchrungsspitze erweitert","og_description":"Die VdS Schadenverh\u00fctung hat die F\u00fchrungsspitze erweitert: Thomas Urban, bisher Bereichsleiter Security, unterst\u00fctzt k\u00fcnftig Gesch\u00e4ftsf\u00fchrer Robert Reinermann.","og_url":"https:\/\/news.save.ch\/de\/vds-fuehrungsspitze-erweitert\/","og_site_name":"Save","article_published_time":"2016-08-02T08:21:31+00:00","og_image":[{"url":"https:\/\/news.save.ch\/wp-content\/uploads\/2016\/12\/VdS-F\u00fchrungsspitze-erweitert_sicherheitsforum.jpg","type":"","width":"","height":""}],"author":"admin","twitter_card":"summary_large_image","twitter_misc":{"Geschrieben von":"admin","Gesch\u00e4tzte Lesezeit":"1\u00a0Minute"},"schema":{"@context":"https:\/\/schema.org","@graph":[{"@type":"Article","@id":"https:\/\/news.save.ch\/vds-fuehrungsspitze-erweitert\/#article","isPartOf":{"@id":"https:\/\/news.save.ch\/vds-fuehrungsspitze-erweitert\/"},"author":{"name":"admin","@id":"https:\/\/news.save.ch\/de\/#\/schema\/person\/d49e199490bad7c70d64b9ab51142f2b"},"headline":"VdS: F\u00fchrungsspitze erweitert","datePublished":"2016-08-02T08:21:31+00:00","mainEntityOfPage":{"@id":"https:\/\/news.save.ch\/vds-fuehrungsspitze-erweitert\/"},"wordCount":139,"commentCount":0,"publisher":{"@id":"https:\/\/news.save.ch\/de\/#organization"},"image":{"@id":"https:\/\/news.save.ch\/vds-fuehrungsspitze-erweitert\/#primaryimage"},"thumbnailUrl":"https:\/\/news.save.ch\/wp-content\/uploads\/2016\/12\/VdS-Fuehrungsspitze-erweitert_sicherheitsforum-scaled.jpg","keywords":["Personalien","Unternehmen"],"articleSection":["ALLGEMEIN"],"inLanguage":"de"},{"@type":"WebPage","@id":"https:\/\/news.save.ch\/vds-fuehrungsspitze-erweitert\/","url":"https:\/\/news.save.ch\/vds-fuehrungsspitze-erweitert\/","name":"VdS: F\u00fchrungsspitze erweitert - Save","isPartOf":{"@id":"https:\/\/news.save.ch\/de\/#website"},"primaryImageOfPage":{"@id":"https:\/\/news.save.ch\/vds-fuehrungsspitze-erweitert\/#primaryimage"},"image":{"@id":"https:\/\/news.save.ch\/vds-fuehrungsspitze-erweitert\/#primaryimage"},"thumbnailUrl":"https:\/\/news.save.ch\/wp-content\/uploads\/2016\/12\/VdS-Fuehrungsspitze-erweitert_sicherheitsforum-scaled.jpg","datePublished":"2016-08-02T08:21:31+00:00","description":"VdS Schadenverh\u00fctung hat die F\u00fchrungsspitze erweitert: Thomas Urban, bisher Bereichsleiter Security, unterst\u00fctzt k\u00fcnftig Gesch\u00e4ftsf\u00fchrer Robert Reinermann.","breadcrumb":{"@id":"https:\/\/news.save.ch\/vds-fuehrungsspitze-erweitert\/#breadcrumb"},"inLanguage":"de","potentialAction":[{"@type":"ReadAction","target":["https:\/\/news.save.ch\/vds-fuehrungsspitze-erweitert\/"]}]},{"@type":"ImageObject","inLanguage":"de","@id":"https:\/\/news.save.ch\/vds-fuehrungsspitze-erweitert\/#primaryimage","url":"https:\/\/news.save.ch\/wp-content\/uploads\/2016\/12\/VdS-Fuehrungsspitze-erweitert_sicherheitsforum-scaled.jpg","contentUrl":"https:\/\/news.save.ch\/wp-content\/uploads\/2016\/12\/VdS-Fuehrungsspitze-erweitert_sicherheitsforum-scaled.jpg","width":933,"height":1400,"caption":"Neu beim VdS auch in der Gesch\u00e4ftsleitung: Thomas Urban."},{"@type":"BreadcrumbList","@id":"https:\/\/news.save.ch\/vds-fuehrungsspitze-erweitert\/#breadcrumb","itemListElement":[{"@type":"ListItem","position":1,"name":"Home","item":"https:\/\/news.save.ch\/de\/"},{"@type":"ListItem","position":2,"name":"VdS: F\u00fchrungsspitze erweitert"}]},{"@type":"WebSite","@id":"https:\/\/news.save.ch\/de\/#website","url":"https:\/\/news.save.ch\/de\/","name":"Save","description":"Schweizer Fachzeitschrift f\u00fcr Sicherheit","publisher":{"@id":"https:\/\/news.save.ch\/de\/#organization"},"potentialAction":[{"@type":"SearchAction","target":{"@type":"EntryPoint","urlTemplate":"https:\/\/news.save.ch\/de\/?s={search_term_string}"},"query-input":{"@type":"PropertyValueSpecification","valueRequired":true,"valueName":"search_term_string"}}],"inLanguage":"de"},{"@type":"Organization","@id":"https:\/\/news.save.ch\/de\/#organization","name":"Sicherheitsforum","url":"https:\/\/news.save.ch\/de\/","logo":{"@type":"ImageObject","inLanguage":"de","@id":"https:\/\/news.save.ch\/de\/#\/schema\/logo\/image\/","url":"https:\/\/news.save.ch\/wp-content\/uploads\/2022\/06\/Logo_SF_2012.png","contentUrl":"https:\/\/news.save.ch\/wp-content\/uploads\/2022\/06\/Logo_SF_2012.png","width":1100,"height":91,"caption":"Sicherheitsforum"},"image":{"@id":"https:\/\/news.save.ch\/de\/#\/schema\/logo\/image\/"}},{"@type":"Person","@id":"https:\/\/news.save.ch\/de\/#\/schema\/person\/d49e199490bad7c70d64b9ab51142f2b","name":"admin","image":{"@type":"ImageObject","inLanguage":"de","@id":"https:\/\/secure.gravatar.com\/avatar\/ae2f4d718e6c49043e314ce431e7e645d646302a24a5ef5a8bc8e3f5a032e319?s=96&d=mm&r=g","url":"https:\/\/secure.gravatar.com\/avatar\/ae2f4d718e6c49043e314ce431e7e645d646302a24a5ef5a8bc8e3f5a032e319?s=96&d=mm&r=g","contentUrl":"https:\/\/secure.gravatar.com\/avatar\/ae2f4d718e6c49043e314ce431e7e645d646302a24a5ef5a8bc8e3f5a032e319?s=96&d=mm&r=g","caption":"admin"},"sameAs":["https:\/\/develop.organisator.galledia.ch"],"url":"https:\/\/news.save.ch\/de\/author\/admin\/"}]}},"_links":{"self":[{"href":"https:\/\/news.save.ch\/de\/wp-json\/wp\/v2\/posts\/2423","targetHints":{"allow":["GET"]}}],"collection":[{"href":"https:\/\/news.save.ch\/de\/wp-json\/wp\/v2\/posts"}],"about":[{"href":"https:\/\/news.save.ch\/de\/wp-json\/wp\/v2\/types\/post"}],"author":[{"embeddable":true,"href":"https:\/\/news.save.ch\/de\/wp-json\/wp\/v2\/users\/1"}],"replies":[{"embeddable":true,"href":"https:\/\/news.save.ch\/de\/wp-json\/wp\/v2\/comments?post=2423"}],"version-history":[{"count":0,"href":"https:\/\/news.save.ch\/de\/wp-json\/wp\/v2\/posts\/2423\/revisions"}],"wp:featuredmedia":[{"embeddable":true,"href":"https:\/\/news.save.ch\/de\/wp-json\/wp\/v2\/media\/2424"}],"wp:attachment":[{"href":"https:\/\/news.save.ch\/de\/wp-json\/wp\/v2\/media?parent=2423"}],"wp:term":[{"taxonomy":"category","embeddable":true,"href":"https:\/\/news.save.ch\/de\/wp-json\/wp\/v2\/categories?post=2423"},{"taxonomy":"post_tag","embeddable":true,"href":"https:\/\/news.save.ch\/de\/wp-json\/wp\/v2\/tags?post=2423"}],"curies":[{"name":"wp","href":"https:\/\/api.w.org\/{rel}","templated":true}]}}