{"id":24233,"date":"2025-05-08T11:14:57","date_gmt":"2025-05-08T09:14:57","guid":{"rendered":"https:\/\/news.save.ch\/?p=24233"},"modified":"2025-05-08T11:15:00","modified_gmt":"2025-05-08T09:15:00","slug":"vbs-und-weitere-bundesstellen-unterstuetzen-sicherheit-des-eurovision-song-contest-in-basel","status":null,"type":"post","link":"https:\/\/news.save.ch\/de\/vbs-und-weitere-bundesstellen-unterstuetzen-sicherheit-des-eurovision-song-contest-in-basel\/","title":{"rendered":"VBS und weitere Bundesstellen unterst\u00fctzen Sicherheit des Eurovision Song Contest in Basel"},"content":{"rendered":"<figure id=\"attachment_24234\" aria-describedby=\"caption-attachment-24234\" style=\"width: 1400px\" class=\"wp-caption alignnone\"><a href=\"https:\/\/news.save.ch\/vbs-und-weitere-bundesstellen-unterstuetzen-sicherheit-des-eurovision-song-contest-in-basel\/esc2025_stagedesign_4-c-srgssr\/\" rel=\"attachment wp-att-24234\"><img loading=\"lazy\" decoding=\"async\" class=\"size-full wp-image-24234\" src=\"https:\/\/news.save.ch\/wp-content\/uploads\/2025\/05\/ESC2025_StageDesign_4-C-SRGSSR-scaled.jpg\" alt=\"\" width=\"1400\" height=\"788\" srcset=\"https:\/\/news.save.ch\/wp-content\/uploads\/2025\/05\/ESC2025_StageDesign_4-C-SRGSSR-scaled.jpg 1200w, https:\/\/news.save.ch\/wp-content\/uploads\/2025\/05\/ESC2025_StageDesign_4-C-SRGSSR-680x383.jpg 680w, https:\/\/news.save.ch\/wp-content\/uploads\/2025\/05\/ESC2025_StageDesign_4-C-SRGSSR-1024x576.jpg 1024w, https:\/\/news.save.ch\/wp-content\/uploads\/2025\/05\/ESC2025_StageDesign_4-C-SRGSSR-768x432.jpg 768w, https:\/\/news.save.ch\/wp-content\/uploads\/2025\/05\/ESC2025_StageDesign_4-C-SRGSSR-1536x864.jpg 1536w, https:\/\/news.save.ch\/wp-content\/uploads\/2025\/05\/ESC2025_StageDesign_4-C-SRGSSR-2048x1152.jpg 2048w, https:\/\/news.save.ch\/wp-content\/uploads\/2025\/05\/ESC2025_StageDesign_4-C-SRGSSR-18x10.jpg 18w, https:\/\/news.save.ch\/wp-content\/uploads\/2025\/05\/ESC2025_StageDesign_4-C-SRGSSR-375x211.jpg 375w, https:\/\/news.save.ch\/wp-content\/uploads\/2025\/05\/ESC2025_StageDesign_4-C-SRGSSR-622x350.jpg 622w, https:\/\/news.save.ch\/wp-content\/uploads\/2025\/05\/ESC2025_StageDesign_4-C-SRGSSR-1000x563.jpg 1000w\" sizes=\"auto, (max-width: 1400px) 100vw, 1400px\" \/><\/a><figcaption id=\"caption-attachment-24234\" class=\"wp-caption-text\">Bild: SRG SSR<\/figcaption><\/figure>\n<p id=\"doc-1iq839fam0\" class=\"font--regular\">Der Eurovision Song Contest ist ein Grossanlass von internationaler Bedeutung. Im Einsatz f\u00fcr die Sicherheit stehen auch verschiedene Stellen der Bundesverwaltung.<\/p>\n<h3 id=\"doc-1iq839h2q0\" class=\"h2\">Armee: 40 Armeeangeh\u00f6rige im Einsatz<\/h3>\n<p id=\"doc-1iq839h2r0\" class=\"font--regular\">Die Armee setzt rund 40 Milizangeh\u00f6rige der Armee und Berufsmilit\u00e4rs ein, welche insgesamt rund 350 Diensttage erbringen werden. Die Leistungen umfassen Beitr\u00e4ge in den Bereichen ABC-Dekontamination, Beratung und Analyse im Rahmen der Kampfmittelbeseitigung sowie Unterst\u00fctzung in der pr\u00e4ventiven Absuche von besonders schutzbed\u00fcrftigen Infrastrukturen. Der Armee-Einsatz erfolgt im Rahmen der \u00abVerordnung \u00fcber die Unterst\u00fctzung ziviler oder ausserdienstlicher T\u00e4tigkeiten mit milit\u00e4rischen Mitteln\u00bb (VUM).<\/p>\n<h3 id=\"doc-1iq839h2s0\" class=\"h2\">Bundesamt f\u00fcr Cybersicherheit: Koordination der Cyberabwehr<\/h3>\n<p id=\"doc-1iq839h2s1\" class=\"font--regular\">Die Durchf\u00fchrung von Grossveranstaltungen von internationaler Bedeutung in der Schweiz birgt besondere Herausforderungen in Bezug auf die Cybersicherheit. Insbesondere kritische Infrastrukturen sind w\u00e4hrend solcher Events verst\u00e4rkt exponiert und m\u00fcssen besonders gesch\u00fctzt werden. Im Rahmen des Eurovision Song Contest unterst\u00fctzt das Bundesamt f\u00fcr Cybersicherheit BACS die Sicherheitsorganisation vor Ort und sorgt f\u00fcr eine koordinierte Cyberabwehr. Der Cyberlageverbund, bestehend aus BACS und weiteren Partnern, ist w\u00e4hrend des gesamten Zeitraums vom 11. bis 17. Mai aktiv. Um potenzielle Risiken fr\u00fchzeitig zu identifizieren, hat das BACS eine umfassende Cyberrisikoanalyse in Zusammenarbeit mit den Host Cities und dem Host Broadcaster erstellt und Bedrohungsszenarien ber\u00fccksichtigt.<\/p>\n<p id=\"doc-1iq839h2s2\" class=\"font--regular\">Im Falle von Cybervorf\u00e4llen wird BACS spezifische Produkte und Warnungen f\u00fcr die kritischen Infrastrukturen zur Verf\u00fcgung stellen und Unterst\u00fctzung bei der Bew\u00e4ltigung von Vorf\u00e4llen leisten. Diese Massnahmen gew\u00e4hrleisten eine optimale Cybersicherheit und den Schutz der kritischen Infrastrukturen w\u00e4hrend dieses hochkar\u00e4tigen internationalen Events.<\/p>\n<h3 id=\"doc-1iq839h2t0\" class=\"h2\">Nachrichtendienst des Bundes: Lagebeurteilungen und Nachrichtenverbund<\/h3>\n<p id=\"doc-1iq839h2t1\" class=\"font--regular\">Der Nachrichtendienst des Bundes NDB arbeitet im Vorfeld und w\u00e4hrend des Anlasses eng mit den zust\u00e4ndigen Beh\u00f6rden und Partnern zusammen, um eine umfassende Beurteilung der Bedrohungslage vorzunehmen. Der NDB ist f\u00fcr die Fr\u00fcherkennung von Bedrohungen der inneren und \u00e4usseren Sicherheit der Schweiz zust\u00e4ndig. Er beschafft, analysiert und bewertet f\u00fcr den ESC sicherheitsrelevante Informationen, unterst\u00fctzt die Sicherheitsbeh\u00f6rden durch Lagebeurteilungen und betreibt einen von seinem Bundeslagezentrum gef\u00fchrten Nachrichtenverbund. Damit gew\u00e4hrleistet er eine umfassende Entscheidungsgrundlage f\u00fcr die Verantwortlichen des Sicherheitsdispositivs am ESC.<\/p>\n<h3 id=\"doc-1iq839h2t2\" class=\"h2\">Bundesamt f\u00fcr Bev\u00f6lkerungsschutz: Unterst\u00fctzung bei Funkverbindungen und Radioaktivit\u00e4tsmessungen<\/h3>\n<p id=\"doc-1iq839h2u0\" class=\"font--regular\">Das Bundesamt f\u00fcr Bev\u00f6lkerungsschutz BABS \u00fcberpr\u00fcft im Raum Basel die Qualit\u00e4t und Verf\u00fcgbarkeit der Funkverbindungen. Ziel ist es, sicherzustellen, dass die Kommunikationskan\u00e4le zuverl\u00e4ssig funktionieren und den Anforderungen im Ereignisfall gerecht werden. Dabei werden die bestehenden Kan\u00e4le auch in Echtzeit \u00fcberwacht, um ein m\u00f6glichst genaues Bild der aktuellen Nutzung zu erhalten. Die gesammelten Daten wertet das BABS aus und leitet daraus Massnahmen zur Optimierung ab.<\/p>\n<p id=\"doc-1iq839h2u1\" class=\"font--regular\">Zudem \u00fcberwacht das National Emergency Operations Centre NEOC als Teil des BABS die Radioaktivit\u00e4t grossfl\u00e4chig mittels automatischer Messsonden. Mit der Elektronischen Lagedarstellung ELD NAZ werden die beteiligten Partner laufend \u00fcber die Lage informiert.<\/p>\n<h3 id=\"doc-1iq839h2v0\" class=\"h2\">Bundesamt f\u00fcr Polizei: Polizeiliche Unterst\u00fctzung vor Ort<\/h3>\n<p id=\"doc-1iq839h300\" class=\"font--regular\">fedpol entsendet f\u00fcr die gesamte Dauer des Eurovision Song Contest Mitarbeitende nach Basel, die sich direkt in die Einsatzstruktur der Basler Sicherheitsbeh\u00f6rden eingliedern. Unter anderem unterst\u00fctzt fedpol bei der Lageentwicklung und \u00fcbernimmt im Auftrag der Bundesanwaltschaft die Ermittlungen bei allf\u00e4lligen Straftatbest\u00e4nden in Bundeskompetenz. Als Drehscheibe zwischen den nationalen und internationalen polizeilichen Akteuren sorgt fedpol f\u00fcr einen effizienten grenz\u00fcberschreitenden Informationsaustausch. Konkret wird w\u00e4hrend des Eurovision Song Contest das in Genf angesiedelte Zentrum f\u00fcr Polizei- und Zollzusammenarbeit vor Ort in Basel vertreten sein. F\u00fcr den Ereignisfall stehen ebenfalls die im Ausland stationierten Polizeiattach\u00e9s von fedpol und dem Bundesamt f\u00fcr Zoll und Grenzsicherheit zur Verf\u00fcgung. Auch die Polizeiattach\u00e9s ausl\u00e4ndischer Polizeibeh\u00f6rden, die in der Schweiz stationiert sind, werden bei Bedarf eingebunden. Im Rahmen der Fahndungszusammenarbeit werden sowohl die nationale Kontaktstelle f\u00fcr den Austausch zus\u00e4tzlicher Informationen (SIRENE-B\u00fcro Schweiz) als auch die Einsatz- und Alarmzentrale von fedpol vor Ort vertreten sein. So kann im Ereignisfall eine effiziente Bearbeitung von Schengen- oder weltweiten Fahndungen gew\u00e4hrleistet werden. Dar\u00fcber hinaus sorgt fedpol f\u00fcr die Entsendung von Europol-Personal zur Unterst\u00fctzung der Basler Sicherheitsbeh\u00f6rden.<\/p>\n<h3 id=\"doc-1iq839h301\" class=\"h2\">Bundesamt f\u00fcr Zoll und Grenzsicherheit: Erster Sicherheitsfilter<\/h3>\n<p id=\"doc-1iq839h302\" class=\"font--regular\">Das Bundesamt f\u00fcr Zoll und Grenzsicherheit (BAZG) ist Teil des Sicherheitsdispositivs rund um den Eurovision Song Contest in Basel. Das BAZG f\u00fchrt seine Kontrollen weiterhin lageabh\u00e4ngig sowie risikobasiert durch, ist im Rahmen seines Auftrags an den Grenz\u00fcberg\u00e4ngen und im Grenzraum pr\u00e4sent und bildet dadurch den ersten Sicherheitsfilter. W\u00e4hrend des ESC f\u00fchrt es gezielte Zollkontrollen durch, intensiviert dabei die Waren- und Personenkontrollen in einzelnen Abschnitten und verst\u00e4rkt sein Dispositiv entsprechend.<\/p>\n<p id=\"doc-1iq839h310\" class=\"font--regular\">Das BAZG steht im engen Austausch mit den Partnerbeh\u00f6rden im Inland \u2013 insbesondere der Kantonspolizei Basel-Stadt und der Polizei Basel-Landschaft \u2013 aber auch mit Beh\u00f6rden im Ausland.<\/p>\n<p><em>Quelle: www.vbs.admin.ch<\/em><\/p>\n","protected":false},"excerpt":{"rendered":"<p>Der Eurovision Song Contest ist ein Grossanlass von internationaler Bedeutung. Im Einsatz f\u00fcr die Sicherheit stehen auch verschiedene Stellen der Bundesverwaltung. Armee: 40 Armeeangeh\u00f6rige im Einsatz Die Armee setzt rund 40 Milizangeh\u00f6rige der Armee und Berufsmilit\u00e4rs ein, welche insgesamt rund 350 Diensttage erbringen werden. Die Leistungen umfassen Beitr\u00e4ge in den Bereichen ABC-Dekontamination, Beratung und Analyse [&hellip;]<\/p>\n","protected":false},"author":31,"featured_media":24234,"comment_status":"closed","ping_status":"closed","sticky":false,"template":"","format":"standard","meta":{"_acf_changed":false,"pgc_sgb_lightbox_settings":"","footnotes":""},"categories":[3312],"tags":[6216,1325,6583,284,922],"class_list":["post-24233","post","type-post","status-publish","format-standard","has-post-thumbnail","hentry","category-sicherheit","tag-basel","tag-bazg","tag-eurovision-song-contest","tag-fedpol","tag-vbs"],"acf":[],"hkrextid":null,"publication":null,"issue":null,"workflow":null,"startPage":null,"spitzmarke":null,"_posts_by_tag_page_fields":null,"_at_widget":null,"_yoast_wpseo_primary_category":"3312","_yoast_wpseo_focuskw_text_input":null,"_yoast_wpseo_opengraph-image":null,"_yoast_wpseo_opengraph-description":null,"_yoast_wpseo_opengraph-title":null,"enclosure":null,"_yoast_wpseo_twitter-title":null,"_yoast_wpseo_twitter-description":null,"_yoast_wpseo_twitter-image":null,"_wp_old_slug":null,"_yoast_wpseo_title":null,"_yoast_wpseo_canonical":null,"yoast_head":"<!-- This site is optimized with the Yoast SEO plugin v27.4 - https:\/\/yoast.com\/product\/yoast-seo-wordpress\/ -->\n<title>VBS und weitere Bundesstellen unterst\u00fctzen Sicherheit des Eurovision Song Contest in Basel - Save<\/title>\n<meta name=\"description\" content=\"Der Bund tr\u00e4gt massgeblich zur Sicherheit des Grossanlasses Eurovision Song Contest in Basel vom 11. bis 17. Mai 2025 bei.\" \/>\n<meta name=\"robots\" content=\"index, follow, max-snippet:-1, max-image-preview:large, max-video-preview:-1\" \/>\n<link rel=\"canonical\" href=\"https:\/\/news.save.ch\/de\/vbs-und-weitere-bundesstellen-unterstuetzen-sicherheit-des-eurovision-song-contest-in-basel\/\" \/>\n<meta property=\"og:locale\" content=\"de_DE\" \/>\n<meta property=\"og:type\" content=\"article\" \/>\n<meta property=\"og:title\" content=\"VBS und weitere Bundesstellen unterst\u00fctzen Sicherheit des Eurovision Song Contest in Basel - Save\" \/>\n<meta property=\"og:description\" content=\"Der Bund tr\u00e4gt massgeblich zur Sicherheit des Grossanlasses Eurovision Song Contest in Basel vom 11. bis 17. Mai 2025 bei.\" \/>\n<meta property=\"og:url\" content=\"https:\/\/news.save.ch\/de\/vbs-und-weitere-bundesstellen-unterstuetzen-sicherheit-des-eurovision-song-contest-in-basel\/\" \/>\n<meta property=\"og:site_name\" content=\"Save\" \/>\n<meta property=\"article:published_time\" content=\"2025-05-08T09:14:57+00:00\" \/>\n<meta property=\"article:modified_time\" content=\"2025-05-08T09:15:00+00:00\" \/>\n<meta property=\"og:image\" content=\"https:\/\/news.save.ch\/wp-content\/uploads\/2025\/05\/ESC2025_StageDesign_4-C-SRGSSR-scaled.jpg\" \/>\n\t<meta property=\"og:image:width\" content=\"1400\" \/>\n\t<meta property=\"og:image:height\" content=\"788\" \/>\n\t<meta property=\"og:image:type\" content=\"image\/jpeg\" \/>\n<meta name=\"author\" content=\"stefanie Zeng\" \/>\n<meta name=\"twitter:card\" content=\"summary_large_image\" \/>\n<meta name=\"twitter:label1\" content=\"Geschrieben von\" \/>\n\t<meta name=\"twitter:data1\" content=\"stefanie Zeng\" \/>\n\t<meta name=\"twitter:label2\" content=\"Gesch\u00e4tzte Lesezeit\" \/>\n\t<meta name=\"twitter:data2\" content=\"5\u00a0Minuten\" \/>\n<script type=\"application\/ld+json\" class=\"yoast-schema-graph\">{\"@context\":\"https:\\\/\\\/schema.org\",\"@graph\":[{\"@type\":\"Article\",\"@id\":\"https:\\\/\\\/news.save.ch\\\/vbs-und-weitere-bundesstellen-unterstuetzen-sicherheit-des-eurovision-song-contest-in-basel\\\/#article\",\"isPartOf\":{\"@id\":\"https:\\\/\\\/news.save.ch\\\/vbs-und-weitere-bundesstellen-unterstuetzen-sicherheit-des-eurovision-song-contest-in-basel\\\/\"},\"author\":{\"name\":\"stefanie Zeng\",\"@id\":\"https:\\\/\\\/news.save.ch\\\/de\\\/#\\\/schema\\\/person\\\/10917387362b3961e882740f6cf6f2a2\"},\"headline\":\"VBS und weitere Bundesstellen unterst\u00fctzen Sicherheit des Eurovision Song Contest in Basel\",\"datePublished\":\"2025-05-08T09:14:57+00:00\",\"dateModified\":\"2025-05-08T09:15:00+00:00\",\"mainEntityOfPage\":{\"@id\":\"https:\\\/\\\/news.save.ch\\\/vbs-und-weitere-bundesstellen-unterstuetzen-sicherheit-des-eurovision-song-contest-in-basel\\\/\"},\"wordCount\":825,\"publisher\":{\"@id\":\"https:\\\/\\\/news.save.ch\\\/de\\\/#organization\"},\"image\":{\"@id\":\"https:\\\/\\\/news.save.ch\\\/vbs-und-weitere-bundesstellen-unterstuetzen-sicherheit-des-eurovision-song-contest-in-basel\\\/#primaryimage\"},\"thumbnailUrl\":\"https:\\\/\\\/news.save.ch\\\/wp-content\\\/uploads\\\/2025\\\/05\\\/ESC2025_StageDesign_4-C-SRGSSR-scaled.jpg\",\"keywords\":[\"Basel\",\"BAZG\",\"Eurovision Song Contest\",\"Fedpol\",\"VBS\"],\"articleSection\":[\"SICHERHEIT\"],\"inLanguage\":\"de\"},{\"@type\":\"WebPage\",\"@id\":\"https:\\\/\\\/news.save.ch\\\/vbs-und-weitere-bundesstellen-unterstuetzen-sicherheit-des-eurovision-song-contest-in-basel\\\/\",\"url\":\"https:\\\/\\\/news.save.ch\\\/vbs-und-weitere-bundesstellen-unterstuetzen-sicherheit-des-eurovision-song-contest-in-basel\\\/\",\"name\":\"VBS und weitere Bundesstellen unterst\u00fctzen Sicherheit des Eurovision Song Contest in Basel - Save\",\"isPartOf\":{\"@id\":\"https:\\\/\\\/news.save.ch\\\/de\\\/#website\"},\"primaryImageOfPage\":{\"@id\":\"https:\\\/\\\/news.save.ch\\\/vbs-und-weitere-bundesstellen-unterstuetzen-sicherheit-des-eurovision-song-contest-in-basel\\\/#primaryimage\"},\"image\":{\"@id\":\"https:\\\/\\\/news.save.ch\\\/vbs-und-weitere-bundesstellen-unterstuetzen-sicherheit-des-eurovision-song-contest-in-basel\\\/#primaryimage\"},\"thumbnailUrl\":\"https:\\\/\\\/news.save.ch\\\/wp-content\\\/uploads\\\/2025\\\/05\\\/ESC2025_StageDesign_4-C-SRGSSR-scaled.jpg\",\"datePublished\":\"2025-05-08T09:14:57+00:00\",\"dateModified\":\"2025-05-08T09:15:00+00:00\",\"description\":\"Der Bund tr\u00e4gt massgeblich zur Sicherheit des Grossanlasses Eurovision Song Contest in Basel vom 11. bis 17. Mai 2025 bei.\",\"breadcrumb\":{\"@id\":\"https:\\\/\\\/news.save.ch\\\/vbs-und-weitere-bundesstellen-unterstuetzen-sicherheit-des-eurovision-song-contest-in-basel\\\/#breadcrumb\"},\"inLanguage\":\"de\",\"potentialAction\":[{\"@type\":\"ReadAction\",\"target\":[\"https:\\\/\\\/news.save.ch\\\/vbs-und-weitere-bundesstellen-unterstuetzen-sicherheit-des-eurovision-song-contest-in-basel\\\/\"]}]},{\"@type\":\"ImageObject\",\"inLanguage\":\"de\",\"@id\":\"https:\\\/\\\/news.save.ch\\\/vbs-und-weitere-bundesstellen-unterstuetzen-sicherheit-des-eurovision-song-contest-in-basel\\\/#primaryimage\",\"url\":\"https:\\\/\\\/news.save.ch\\\/wp-content\\\/uploads\\\/2025\\\/05\\\/ESC2025_StageDesign_4-C-SRGSSR-scaled.jpg\",\"contentUrl\":\"https:\\\/\\\/news.save.ch\\\/wp-content\\\/uploads\\\/2025\\\/05\\\/ESC2025_StageDesign_4-C-SRGSSR-scaled.jpg\",\"width\":1200,\"height\":675,\"caption\":\"Bild: SRG SSR\"},{\"@type\":\"BreadcrumbList\",\"@id\":\"https:\\\/\\\/news.save.ch\\\/vbs-und-weitere-bundesstellen-unterstuetzen-sicherheit-des-eurovision-song-contest-in-basel\\\/#breadcrumb\",\"itemListElement\":[{\"@type\":\"ListItem\",\"position\":1,\"name\":\"Home\",\"item\":\"https:\\\/\\\/news.save.ch\\\/de\\\/\"},{\"@type\":\"ListItem\",\"position\":2,\"name\":\"VBS und weitere Bundesstellen unterst\u00fctzen Sicherheit des Eurovision Song Contest in Basel\"}]},{\"@type\":\"WebSite\",\"@id\":\"https:\\\/\\\/news.save.ch\\\/de\\\/#website\",\"url\":\"https:\\\/\\\/news.save.ch\\\/de\\\/\",\"name\":\"Save\",\"description\":\"Schweizer Fachzeitschrift f\u00fcr Sicherheit\",\"publisher\":{\"@id\":\"https:\\\/\\\/news.save.ch\\\/de\\\/#organization\"},\"potentialAction\":[{\"@type\":\"SearchAction\",\"target\":{\"@type\":\"EntryPoint\",\"urlTemplate\":\"https:\\\/\\\/news.save.ch\\\/de\\\/?s={search_term_string}\"},\"query-input\":{\"@type\":\"PropertyValueSpecification\",\"valueRequired\":true,\"valueName\":\"search_term_string\"}}],\"inLanguage\":\"de\"},{\"@type\":\"Organization\",\"@id\":\"https:\\\/\\\/news.save.ch\\\/de\\\/#organization\",\"name\":\"Sicherheitsforum\",\"url\":\"https:\\\/\\\/news.save.ch\\\/de\\\/\",\"logo\":{\"@type\":\"ImageObject\",\"inLanguage\":\"de\",\"@id\":\"https:\\\/\\\/news.save.ch\\\/de\\\/#\\\/schema\\\/logo\\\/image\\\/\",\"url\":\"https:\\\/\\\/news.save.ch\\\/wp-content\\\/uploads\\\/2022\\\/06\\\/Logo_SF_2012.png\",\"contentUrl\":\"https:\\\/\\\/news.save.ch\\\/wp-content\\\/uploads\\\/2022\\\/06\\\/Logo_SF_2012.png\",\"width\":1100,\"height\":91,\"caption\":\"Sicherheitsforum\"},\"image\":{\"@id\":\"https:\\\/\\\/news.save.ch\\\/de\\\/#\\\/schema\\\/logo\\\/image\\\/\"}},{\"@type\":\"Person\",\"@id\":\"https:\\\/\\\/news.save.ch\\\/de\\\/#\\\/schema\\\/person\\\/10917387362b3961e882740f6cf6f2a2\",\"name\":\"stefanie Zeng\",\"image\":{\"@type\":\"ImageObject\",\"inLanguage\":\"de\",\"@id\":\"https:\\\/\\\/secure.gravatar.com\\\/avatar\\\/eac43faa6e40bb2c41068c95c9d78bbd94c476d5efdff7abaab80bb3ea681e06?s=96&d=mm&r=g\",\"url\":\"https:\\\/\\\/secure.gravatar.com\\\/avatar\\\/eac43faa6e40bb2c41068c95c9d78bbd94c476d5efdff7abaab80bb3ea681e06?s=96&d=mm&r=g\",\"contentUrl\":\"https:\\\/\\\/secure.gravatar.com\\\/avatar\\\/eac43faa6e40bb2c41068c95c9d78bbd94c476d5efdff7abaab80bb3ea681e06?s=96&d=mm&r=g\",\"caption\":\"stefanie Zeng\"},\"url\":\"https:\\\/\\\/news.save.ch\\\/de\\\/author\\\/stefanie-zeng\\\/\"}]}<\/script>\n<!-- \/ Yoast SEO plugin. -->","yoast_head_json":{"title":"VBS und weitere Bundesstellen unterst\u00fctzen Sicherheit des Eurovision Song Contest in Basel - Save","description":"Der Bund tr\u00e4gt massgeblich zur Sicherheit des Grossanlasses Eurovision Song Contest in Basel vom 11. bis 17. Mai 2025 bei.","robots":{"index":"index","follow":"follow","max-snippet":"max-snippet:-1","max-image-preview":"max-image-preview:large","max-video-preview":"max-video-preview:-1"},"canonical":"https:\/\/news.save.ch\/de\/vbs-und-weitere-bundesstellen-unterstuetzen-sicherheit-des-eurovision-song-contest-in-basel\/","og_locale":"de_DE","og_type":"article","og_title":"VBS und weitere Bundesstellen unterst\u00fctzen Sicherheit des Eurovision Song Contest in Basel - Save","og_description":"Der Bund tr\u00e4gt massgeblich zur Sicherheit des Grossanlasses Eurovision Song Contest in Basel vom 11. bis 17. Mai 2025 bei.","og_url":"https:\/\/news.save.ch\/de\/vbs-und-weitere-bundesstellen-unterstuetzen-sicherheit-des-eurovision-song-contest-in-basel\/","og_site_name":"Save","article_published_time":"2025-05-08T09:14:57+00:00","article_modified_time":"2025-05-08T09:15:00+00:00","og_image":[{"width":1400,"height":788,"url":"https:\/\/news.save.ch\/wp-content\/uploads\/2025\/05\/ESC2025_StageDesign_4-C-SRGSSR-scaled.jpg","type":"image\/jpeg"}],"author":"stefanie Zeng","twitter_card":"summary_large_image","twitter_misc":{"Geschrieben von":"stefanie Zeng","Gesch\u00e4tzte Lesezeit":"5\u00a0Minuten"},"schema":{"@context":"https:\/\/schema.org","@graph":[{"@type":"Article","@id":"https:\/\/news.save.ch\/vbs-und-weitere-bundesstellen-unterstuetzen-sicherheit-des-eurovision-song-contest-in-basel\/#article","isPartOf":{"@id":"https:\/\/news.save.ch\/vbs-und-weitere-bundesstellen-unterstuetzen-sicherheit-des-eurovision-song-contest-in-basel\/"},"author":{"name":"stefanie Zeng","@id":"https:\/\/news.save.ch\/de\/#\/schema\/person\/10917387362b3961e882740f6cf6f2a2"},"headline":"VBS und weitere Bundesstellen unterst\u00fctzen Sicherheit des Eurovision Song Contest in Basel","datePublished":"2025-05-08T09:14:57+00:00","dateModified":"2025-05-08T09:15:00+00:00","mainEntityOfPage":{"@id":"https:\/\/news.save.ch\/vbs-und-weitere-bundesstellen-unterstuetzen-sicherheit-des-eurovision-song-contest-in-basel\/"},"wordCount":825,"publisher":{"@id":"https:\/\/news.save.ch\/de\/#organization"},"image":{"@id":"https:\/\/news.save.ch\/vbs-und-weitere-bundesstellen-unterstuetzen-sicherheit-des-eurovision-song-contest-in-basel\/#primaryimage"},"thumbnailUrl":"https:\/\/news.save.ch\/wp-content\/uploads\/2025\/05\/ESC2025_StageDesign_4-C-SRGSSR-scaled.jpg","keywords":["Basel","BAZG","Eurovision Song Contest","Fedpol","VBS"],"articleSection":["SICHERHEIT"],"inLanguage":"de"},{"@type":"WebPage","@id":"https:\/\/news.save.ch\/vbs-und-weitere-bundesstellen-unterstuetzen-sicherheit-des-eurovision-song-contest-in-basel\/","url":"https:\/\/news.save.ch\/vbs-und-weitere-bundesstellen-unterstuetzen-sicherheit-des-eurovision-song-contest-in-basel\/","name":"VBS und weitere Bundesstellen unterst\u00fctzen Sicherheit des Eurovision Song Contest in Basel - Save","isPartOf":{"@id":"https:\/\/news.save.ch\/de\/#website"},"primaryImageOfPage":{"@id":"https:\/\/news.save.ch\/vbs-und-weitere-bundesstellen-unterstuetzen-sicherheit-des-eurovision-song-contest-in-basel\/#primaryimage"},"image":{"@id":"https:\/\/news.save.ch\/vbs-und-weitere-bundesstellen-unterstuetzen-sicherheit-des-eurovision-song-contest-in-basel\/#primaryimage"},"thumbnailUrl":"https:\/\/news.save.ch\/wp-content\/uploads\/2025\/05\/ESC2025_StageDesign_4-C-SRGSSR-scaled.jpg","datePublished":"2025-05-08T09:14:57+00:00","dateModified":"2025-05-08T09:15:00+00:00","description":"Der Bund tr\u00e4gt massgeblich zur Sicherheit des Grossanlasses Eurovision Song Contest in Basel vom 11. bis 17. Mai 2025 bei.","breadcrumb":{"@id":"https:\/\/news.save.ch\/vbs-und-weitere-bundesstellen-unterstuetzen-sicherheit-des-eurovision-song-contest-in-basel\/#breadcrumb"},"inLanguage":"de","potentialAction":[{"@type":"ReadAction","target":["https:\/\/news.save.ch\/vbs-und-weitere-bundesstellen-unterstuetzen-sicherheit-des-eurovision-song-contest-in-basel\/"]}]},{"@type":"ImageObject","inLanguage":"de","@id":"https:\/\/news.save.ch\/vbs-und-weitere-bundesstellen-unterstuetzen-sicherheit-des-eurovision-song-contest-in-basel\/#primaryimage","url":"https:\/\/news.save.ch\/wp-content\/uploads\/2025\/05\/ESC2025_StageDesign_4-C-SRGSSR-scaled.jpg","contentUrl":"https:\/\/news.save.ch\/wp-content\/uploads\/2025\/05\/ESC2025_StageDesign_4-C-SRGSSR-scaled.jpg","width":1200,"height":675,"caption":"Bild: SRG SSR"},{"@type":"BreadcrumbList","@id":"https:\/\/news.save.ch\/vbs-und-weitere-bundesstellen-unterstuetzen-sicherheit-des-eurovision-song-contest-in-basel\/#breadcrumb","itemListElement":[{"@type":"ListItem","position":1,"name":"Home","item":"https:\/\/news.save.ch\/de\/"},{"@type":"ListItem","position":2,"name":"VBS und weitere Bundesstellen unterst\u00fctzen Sicherheit des Eurovision Song Contest in Basel"}]},{"@type":"WebSite","@id":"https:\/\/news.save.ch\/de\/#website","url":"https:\/\/news.save.ch\/de\/","name":"Save","description":"Schweizer Fachzeitschrift f\u00fcr Sicherheit","publisher":{"@id":"https:\/\/news.save.ch\/de\/#organization"},"potentialAction":[{"@type":"SearchAction","target":{"@type":"EntryPoint","urlTemplate":"https:\/\/news.save.ch\/de\/?s={search_term_string}"},"query-input":{"@type":"PropertyValueSpecification","valueRequired":true,"valueName":"search_term_string"}}],"inLanguage":"de"},{"@type":"Organization","@id":"https:\/\/news.save.ch\/de\/#organization","name":"Sicherheitsforum","url":"https:\/\/news.save.ch\/de\/","logo":{"@type":"ImageObject","inLanguage":"de","@id":"https:\/\/news.save.ch\/de\/#\/schema\/logo\/image\/","url":"https:\/\/news.save.ch\/wp-content\/uploads\/2022\/06\/Logo_SF_2012.png","contentUrl":"https:\/\/news.save.ch\/wp-content\/uploads\/2022\/06\/Logo_SF_2012.png","width":1100,"height":91,"caption":"Sicherheitsforum"},"image":{"@id":"https:\/\/news.save.ch\/de\/#\/schema\/logo\/image\/"}},{"@type":"Person","@id":"https:\/\/news.save.ch\/de\/#\/schema\/person\/10917387362b3961e882740f6cf6f2a2","name":"stefanie Zeng","image":{"@type":"ImageObject","inLanguage":"de","@id":"https:\/\/secure.gravatar.com\/avatar\/eac43faa6e40bb2c41068c95c9d78bbd94c476d5efdff7abaab80bb3ea681e06?s=96&d=mm&r=g","url":"https:\/\/secure.gravatar.com\/avatar\/eac43faa6e40bb2c41068c95c9d78bbd94c476d5efdff7abaab80bb3ea681e06?s=96&d=mm&r=g","contentUrl":"https:\/\/secure.gravatar.com\/avatar\/eac43faa6e40bb2c41068c95c9d78bbd94c476d5efdff7abaab80bb3ea681e06?s=96&d=mm&r=g","caption":"stefanie Zeng"},"url":"https:\/\/news.save.ch\/de\/author\/stefanie-zeng\/"}]}},"_links":{"self":[{"href":"https:\/\/news.save.ch\/de\/wp-json\/wp\/v2\/posts\/24233","targetHints":{"allow":["GET"]}}],"collection":[{"href":"https:\/\/news.save.ch\/de\/wp-json\/wp\/v2\/posts"}],"about":[{"href":"https:\/\/news.save.ch\/de\/wp-json\/wp\/v2\/types\/post"}],"author":[{"embeddable":true,"href":"https:\/\/news.save.ch\/de\/wp-json\/wp\/v2\/users\/31"}],"replies":[{"embeddable":true,"href":"https:\/\/news.save.ch\/de\/wp-json\/wp\/v2\/comments?post=24233"}],"version-history":[{"count":2,"href":"https:\/\/news.save.ch\/de\/wp-json\/wp\/v2\/posts\/24233\/revisions"}],"predecessor-version":[{"id":24236,"href":"https:\/\/news.save.ch\/de\/wp-json\/wp\/v2\/posts\/24233\/revisions\/24236"}],"wp:featuredmedia":[{"embeddable":true,"href":"https:\/\/news.save.ch\/de\/wp-json\/wp\/v2\/media\/24234"}],"wp:attachment":[{"href":"https:\/\/news.save.ch\/de\/wp-json\/wp\/v2\/media?parent=24233"}],"wp:term":[{"taxonomy":"category","embeddable":true,"href":"https:\/\/news.save.ch\/de\/wp-json\/wp\/v2\/categories?post=24233"},{"taxonomy":"post_tag","embeddable":true,"href":"https:\/\/news.save.ch\/de\/wp-json\/wp\/v2\/tags?post=24233"}],"curies":[{"name":"wp","href":"https:\/\/api.w.org\/{rel}","templated":true}]}}